{"id":29342,"date":"2025-09-06T10:58:16","date_gmt":"2025-09-06T07:58:16","guid":{"rendered":"https:\/\/haberkuzey.com\/index.php\/2025\/09\/06\/milli-heyecan-bugun-de-devam-ediyor\/"},"modified":"2025-09-06T10:58:16","modified_gmt":"2025-09-06T07:58:16","slug":"milli-heyecan-bugun-de-devam-ediyor","status":"publish","type":"post","link":"https:\/\/haberkuzey.com\/index.php\/2025\/09\/06\/milli-heyecan-bugun-de-devam-ediyor\/","title":{"rendered":"Milli heyecan bug\u00fcn de devam ediyor"},"content":{"rendered":"<p><\/p>\n<div>\n<p>&#13;<br \/>\n\tA Milli\u00a0<a href=\"https:\/\/www.trthaber.com\/etiket\/basketbol\/\" target=\"_blank\">Basketbol<\/a>\u00a0Tak\u0131m\u0131, 2025 Avrupa <a href=\"https:\/\/www.trthaber.com\/etiket\/basketbol\/\" target=\"_blank\">Basketbol<\/a> \u015eampiyonas\u0131 (EuroBasket 2025) son 16 turu ma\u00e7\u0131nda bug\u00fcn\u00a0<a href=\"https:\/\/www.trthaber.com\/etiket\/isvec\/\" target=\"_blank\">\u0130sve\u00e7<\/a>\u00a0ile kar\u015f\u0131 kar\u015f\u0131ya gelecek.<\/p>\n<p>&#13;<br \/>\n\tArena Riga&#8217;da, saat 12.00&#8217;de ba\u015flayacak m\u00fccadele TRT Spor&#8217;dan canl\u0131 yay\u0131nlanacak.<\/p>\n<p>&#13;<br \/>\n\tErgin Ataman&#8217;\u0131n ba\u015fantren\u00f6rl\u00fc\u011f\u00fcn\u00fc yapt\u0131\u011f\u0131 T\u00fcrkiye, A Grubu&#8217;nda S\u0131rbistan, Letonya, Portekiz,\u00a0<a href=\"https:\/\/www.trthaber.com\/etiket\/estonya\/\" target=\"_blank\">Estonya<\/a>\u00a0ve\u00a0<a href=\"https:\/\/www.trthaber.com\/etiket\/cekya\/\" target=\"_blank\">\u00c7ekya<\/a>\u00a0ile m\u00fccadele etti. \u00c7\u0131kt\u0131\u011f\u0131 5 ma\u00e7\u0131 da kazanmay\u0131 ba\u015faran ay-y\u0131ld\u0131zl\u0131 ekip, grup lideri olarak son 16 turuna y\u00fckseldi.<\/p>\n<p>&#13;<br \/>\n\t<a href=\"https:\/\/www.trthaber.com\/etiket\/isvec\/\" target=\"_blank\">\u0130sve\u00e7<\/a> ise Almanya, Litvanya, Finlandiya,\u00a0<a href=\"https:\/\/www.trthaber.com\/etiket\/karadag\/\" target=\"_blank\">Karada\u011f<\/a>\u00a0ve B\u00fcy\u00fck Britanya ile B Grubu&#8217;nda yer ald\u0131. Sadece bir galibiyet alabilen \u0130sve\u00e7, grubu 4. basamakta bitirerek ad\u0131n\u0131 son 16 turuna yazd\u0131rd\u0131.<\/p>\n<p>&#13;<br \/>\n\tA Milli Tak\u0131m, son 16 turunda \u0130sve\u00e7&#8217;e \u00fcst\u00fcnl\u00fck kurmas\u0131 halinde \u00e7eyrek finalde Polonya-Bosna Hersek m\u00fcsabakas\u0131n\u0131n galibiyle kar\u015f\u0131la\u015facak.<\/p>\n<p>&#13;<br \/>\n\tA Milli Kad\u0131n\u00a0<a href=\"https:\/\/www.trthaber.com\/etiket\/voleybol\/\" target=\"_blank\">Voleybol<\/a>\u00a0Tak\u0131m\u0131, Tayland&#8217;da d\u00fczenlenen D\u00fcnya \u015eampiyonas\u0131&#8217;n\u0131n yar\u0131 finalinde bug\u00fcn <a href=\"https:\/\/www.trthaber.com\/etiket\/japonya\/\" target=\"_blank\">Japonya<\/a> ile kar\u015f\u0131 kar\u015f\u0131ya gelecek.<\/p>\n<p>&#13;<br \/>\n\tBangkok&#8217;taki Huamark Spor Salonu&#8217;nda oynanacak m\u00fccadele, TS\u0130 11.30&#8217;da ba\u015flayacak ve TRT1&#8217;den canl\u0131 yay\u0131nlanacak.<\/p>\n<p>&#13;<br \/>\n\t\u015eampiyonan\u0131n \u00e7eyrek finalinde ABD&#8217;yi 25-14, 22-25, 25-14 ve 25-23&#8217;l\u00fck setlerle 3-1 ma\u011flup eden ay-y\u0131ld\u0131zl\u0131lar, organizasyon tarihinde ilk kez yar\u0131 finale y\u00fckselme ba\u015far\u0131s\u0131 g\u00f6sterdi.<\/p>\n<p>&#13;<br \/>\n\tMilli tak\u0131m, yeni bir tarihi ba\u015far\u0131 i\u00e7in T\u00fcrk ba\u015fantren\u00f6r Ferhat Akba\u015f&#8217;\u0131n \u00e7al\u0131\u015ft\u0131rd\u0131\u011f\u0131 Japonya&#8217;n\u0131n kar\u015f\u0131s\u0131na \u00e7\u0131kacak.<\/p>\n<h2>&#13;<br \/>\n\tSon d\u00f6rt ma\u00e7\u0131n \u00fc\u00e7\u00fcn\u00fc Japonya kazand\u0131<\/h2>\n<p>&#13;<br \/>\n\tMilli tak\u0131m, Japonya ile son iki y\u0131lda FIVB Milletler Ligi&#8217;nde 3, Olimpiyat Oyunlar\u0131 Elemeleri&#8217;nde ise 1 kez kar\u015f\u0131la\u015ft\u0131.<\/p>\n<p>&#13;<br \/>\n\tMilletler Ligi&#8217;nde 2023, 2024 ve 2025 y\u0131llar\u0131nda oynad\u0131\u011f\u0131 \u00fc\u00e7 ma\u00e7\u0131 da kaybeden milli tak\u0131m, sadece 2023&#8217;te Olimpiyat Oyunlar\u0131 Elemeleri&#8217;nde rakibini ma\u011flup edebildi.<\/p>\n<p>&#13;<br \/>\n\tT\u00fcrkiye ile Japonya aras\u0131ndaki ma\u00e7lar \u00e7eki\u015fmeli ge\u00e7erken, skorlar \u015fu \u015fekilde olu\u015ftu:<\/p>\n<p>&#13;<br \/>\n\tOlimpiyat Oyunlar\u0131 Elemeleri:<\/p>\n<p>&#13;<br \/>\n\t2023 &#8211; T\u00fcrkiye-Japonya: 3-1<\/p>\n<p>&#13;<br \/>\n\tFIVB Milletler Ligi:<\/p>\n<p>&#13;<br \/>\n\t2023 &#8211; T\u00fcrkiye-Japonya: 2-3<\/p>\n<p>&#13;<br \/>\n\t2024 &#8211; T\u00fcrkiye-Japonya: 2-3<\/p>\n<p>&#13;<br \/>\n\t2025 &#8211; T\u00fcrkiye-Japonya: 2-3<\/p>\n<h2>&#13;<br \/>\n\tFerhat Akba\u015f da tarihe ge\u00e7ti<\/h2>\n<p>&#13;<br \/>\n\tD\u00fcnya \u015eampiyonas\u0131&#8217;nda ba\u015far\u0131l\u0131 performans sergileyen T\u00fcrk ba\u015fantren\u00f6r Ferhat Akba\u015f y\u00f6netimindeki Japonya, ba\u015fkent Bangkok&#8217;ta oynanan \u00e7eyrek final ma\u00e7\u0131nda organizasyonun g\u00fc\u00e7l\u00fc tak\u0131mlardan Hollanda&#8217;y\u0131 3-2 yenerek ad\u0131n\u0131 yar\u0131 finale yazd\u0131rd\u0131.<\/p>\n<p>&#13;<br \/>\n\tJaponya organizasyonda 15 y\u0131l sonra yar\u0131 finale y\u00fckselirken Ferhat Akba\u015f da D\u00fcnya \u015eampiyonas\u0131 tarihinde yar\u0131 finale y\u00fckselen ilk T\u00fcrk ba\u015fantren\u00f6r olma ba\u015far\u0131s\u0131 g\u00f6sterdi.<\/p>\n<h2>&#13;<br \/>\n\tMilli tak\u0131m, D\u00fcnya \u015eampiyonas\u0131&#8217;nda ilk kez set verdi<\/h2>\n<p>&#13;<br \/>\n\tABD&#8217;yi 3-1 yenen milli tak\u0131m, organizasyonda ilk kez set verdi. A Milli Kad\u0131n <a href=\"https:\/\/www.trthaber.com\/etiket\/voleybol\/\" target=\"_blank\">Voleybol<\/a> Tak\u0131m\u0131, E Grubu&#8217;nda oynad\u0131\u011f\u0131 \u0130spanya,\u00a0<a href=\"https:\/\/www.trthaber.com\/etiket\/bulgaristan\/\" target=\"_blank\">Bulgaristan<\/a>\u00a0ve\u00a0<a href=\"https:\/\/www.trthaber.com\/etiket\/kanada\/\" target=\"_blank\">Kanada<\/a>\u00a0ile son 16 turundaki\u00a0<a href=\"https:\/\/www.trthaber.com\/etiket\/slovenya\/\" target=\"_blank\">Slovenya<\/a>\u00a0ma\u00e7lar\u0131n\u0131 set vermeden kazanmay\u0131 ba\u015fard\u0131.<\/p>\n<p>&#13;<br \/>\n\tD\u00fcnya \u015eampiyonas\u0131&#8217;na kat\u0131ld\u0131\u011f\u0131 2006&#8217;dan bu yana hi\u00e7bir organizasyonda gruplar\u0131 yenilgisiz tamamlayamayan milliler, 2025 Kad\u0131nlar D\u00fcnya Voleybol \u015eampiyonas\u0131&#8217;nda bu istatisti\u011fini de de\u011fi\u015ftirdi.<\/p>\n<h2>&#13;<br \/>\n\tYar\u0131 finalin di\u011fer ad\u0131: \u0130talya-Brezilya<\/h2>\n<p>&#13;<br \/>\n\tOrganizasyonun g\u00fc\u00e7l\u00fc ekiplerinden, son organizasyonun bronz madalyal\u0131s\u0131 \u0130talya, \u00e7eyrek finalde kar\u015f\u0131la\u015ft\u0131\u011f\u0131 Polonya&#8217;y\u0131 3-0 yenerek \u00fcst tura y\u00fckselmeyi ba\u015fard\u0131.<\/p>\n<p>&#13;<br \/>\n\tBir di\u011fer \u00e7eyrek final m\u00fccadelesinde\u00a0<a href=\"https:\/\/www.trthaber.com\/etiket\/brezilya\/\" target=\"_blank\">Brezilya<\/a>\u00a0ise organizasyonda s\u00fcrprizlere imza atan\u00a0<a href=\"https:\/\/www.trthaber.com\/etiket\/fransa\/\" target=\"_blank\">Fransa<\/a>\u00a0ile kar\u015f\u0131la\u015ft\u0131. Rakibini 3-0 yenen, son organizasyonun g\u00fcm\u00fc\u015f madalyal\u0131s\u0131 Brezilya, ad\u0131n\u0131 yar\u0131 finale yazd\u0131rarak \u0130talya&#8217;n\u0131n rakibi oldu.<\/p>\n<p>&#13;<br \/>\n\t\u0130talya-Brezilya m\u00fccadelesi Bangkok&#8217;taki Huamark Spor Salonu&#8217;nda TS\u0130 15.30&#8217;da ba\u015flayacak.<\/p>\n<\/p><\/div>\n","protected":false},"excerpt":{"rendered":"<p>&#13; A Milli\u00a0Basketbol\u00a0Tak\u0131m\u0131, 2025 Avrupa Basketbol \u015eampiyonas\u0131 (EuroBasket 2025) son 16 turu ma\u00e7\u0131nda bug\u00fcn\u00a0\u0130sve\u00e7\u00a0ile kar\u015f\u0131 kar\u015f\u0131ya gelecek. &#13; Arena Riga&#8217;da, saat 12.00&#8217;de ba\u015flayacak m\u00fccadele TRT Spor&#8217;dan canl\u0131 yay\u0131nlanacak. &#13; Ergin Ataman&#8217;\u0131n ba\u015fantren\u00f6rl\u00fc\u011f\u00fcn\u00fc yapt\u0131\u011f\u0131 T\u00fcrkiye, A Grubu&#8217;nda S\u0131rbistan, Letonya, Portekiz,\u00a0Estonya\u00a0ve\u00a0\u00c7ekya\u00a0ile m\u00fccadele etti. \u00c7\u0131kt\u0131\u011f\u0131 5 ma\u00e7\u0131 da kazanmay\u0131 ba\u015faran ay-y\u0131ld\u0131zl\u0131 ekip, grup lideri olarak son 16 turuna [&hellip;]<\/p>\n","protected":false},"author":1,"featured_media":29343,"comment_status":"open","ping_status":"open","sticky":false,"template":"","format":"standard","meta":{"jnews-multi-image_gallery":[],"jnews_single_post":[],"jnews_primary_category":[],"footnotes":""},"categories":[4],"tags":[],"class_list":["post-29342","post","type-post","status-publish","format-standard","has-post-thumbnail","hentry","category-spor"],"yoast_head":"<!-- This site is optimized with the Yoast SEO plugin v27.5 - https:\/\/yoast.com\/product\/yoast-seo-wordpress\/ -->\n<title>Milli heyecan bug\u00fcn de devam ediyor - Haber Kuzey<\/title>\n<meta name=\"robots\" content=\"index, follow, max-snippet:-1, max-image-preview:large, max-video-preview:-1\" \/>\n<link rel=\"canonical\" href=\"https:\/\/haberkuzey.com\/index.php\/2025\/09\/06\/milli-heyecan-bugun-de-devam-ediyor\/\" \/>\n<meta property=\"og:locale\" content=\"tr_TR\" \/>\n<meta property=\"og:type\" content=\"article\" \/>\n<meta property=\"og:title\" content=\"Milli heyecan bug\u00fcn de devam ediyor - Haber Kuzey\" \/>\n<meta property=\"og:description\" content=\"&#013; A Milli\u00a0Basketbol\u00a0Tak\u0131m\u0131, 2025 Avrupa Basketbol \u015eampiyonas\u0131 (EuroBasket 2025) son 16 turu ma\u00e7\u0131nda bug\u00fcn\u00a0\u0130sve\u00e7\u00a0ile kar\u015f\u0131 kar\u015f\u0131ya gelecek. &#013; Arena Riga&#8217;da, saat 12.00&#8217;de ba\u015flayacak m\u00fccadele TRT Spor&#8217;dan canl\u0131 yay\u0131nlanacak. &#013; Ergin Ataman&#8217;\u0131n ba\u015fantren\u00f6rl\u00fc\u011f\u00fcn\u00fc yapt\u0131\u011f\u0131 T\u00fcrkiye, A Grubu&#8217;nda S\u0131rbistan, Letonya, Portekiz,\u00a0Estonya\u00a0ve\u00a0\u00c7ekya\u00a0ile m\u00fccadele etti. \u00c7\u0131kt\u0131\u011f\u0131 5 ma\u00e7\u0131 da kazanmay\u0131 ba\u015faran ay-y\u0131ld\u0131zl\u0131 ekip, grup lideri olarak son 16 turuna [&hellip;]\" \/>\n<meta property=\"og:url\" content=\"https:\/\/haberkuzey.com\/index.php\/2025\/09\/06\/milli-heyecan-bugun-de-devam-ediyor\/\" \/>\n<meta property=\"og:site_name\" content=\"Haber Kuzey\" \/>\n<meta property=\"article:published_time\" content=\"2025-09-06T07:58:16+00:00\" \/>\n<meta property=\"og:image\" content=\"https:\/\/trthaberstatic.cdn.wp.trt.com.tr\/resimler\/2394000\/basketbol-voleybol-milliler-2394900.jpg\" \/>\n<meta name=\"author\" content=\"haberkuzey\" \/>\n<meta name=\"twitter:card\" content=\"summary_large_image\" \/>\n<meta name=\"twitter:label1\" content=\"Yazan:\" \/>\n\t<meta name=\"twitter:data1\" content=\"haberkuzey\" \/>\n\t<meta name=\"twitter:label2\" content=\"Tahmini okuma s\u00fcresi\" \/>\n\t<meta name=\"twitter:data2\" content=\"3 dakika\" \/>\n<script type=\"application\/ld+json\" class=\"yoast-schema-graph\">{\"@context\":\"https:\\\/\\\/schema.org\",\"@graph\":[{\"@type\":\"Article\",\"@id\":\"https:\\\/\\\/haberkuzey.com\\\/index.php\\\/2025\\\/09\\\/06\\\/milli-heyecan-bugun-de-devam-ediyor\\\/#article\",\"isPartOf\":{\"@id\":\"https:\\\/\\\/haberkuzey.com\\\/index.php\\\/2025\\\/09\\\/06\\\/milli-heyecan-bugun-de-devam-ediyor\\\/\"},\"author\":{\"name\":\"haberkuzey\",\"@id\":\"https:\\\/\\\/haberkuzey.com\\\/#\\\/schema\\\/person\\\/3372109ec735f9333f4fa47ebb9605ca\"},\"headline\":\"Milli heyecan bug\u00fcn de devam ediyor\",\"datePublished\":\"2025-09-06T07:58:16+00:00\",\"mainEntityOfPage\":{\"@id\":\"https:\\\/\\\/haberkuzey.com\\\/index.php\\\/2025\\\/09\\\/06\\\/milli-heyecan-bugun-de-devam-ediyor\\\/\"},\"wordCount\":586,\"commentCount\":0,\"image\":{\"@id\":\"https:\\\/\\\/haberkuzey.com\\\/index.php\\\/2025\\\/09\\\/06\\\/milli-heyecan-bugun-de-devam-ediyor\\\/#primaryimage\"},\"thumbnailUrl\":\"https:\\\/\\\/haberkuzey.com\\\/wp-content\\\/uploads\\\/2025\\\/09\\\/basketbol-voleybol-milliler-2394900.jpg\",\"articleSection\":[\"Spor\"],\"inLanguage\":\"tr\",\"potentialAction\":[{\"@type\":\"CommentAction\",\"name\":\"Comment\",\"target\":[\"https:\\\/\\\/haberkuzey.com\\\/index.php\\\/2025\\\/09\\\/06\\\/milli-heyecan-bugun-de-devam-ediyor\\\/#respond\"]}]},{\"@type\":\"WebPage\",\"@id\":\"https:\\\/\\\/haberkuzey.com\\\/index.php\\\/2025\\\/09\\\/06\\\/milli-heyecan-bugun-de-devam-ediyor\\\/\",\"url\":\"https:\\\/\\\/haberkuzey.com\\\/index.php\\\/2025\\\/09\\\/06\\\/milli-heyecan-bugun-de-devam-ediyor\\\/\",\"name\":\"Milli heyecan bug\u00fcn de devam ediyor - Haber Kuzey\",\"isPartOf\":{\"@id\":\"https:\\\/\\\/haberkuzey.com\\\/#website\"},\"primaryImageOfPage\":{\"@id\":\"https:\\\/\\\/haberkuzey.com\\\/index.php\\\/2025\\\/09\\\/06\\\/milli-heyecan-bugun-de-devam-ediyor\\\/#primaryimage\"},\"image\":{\"@id\":\"https:\\\/\\\/haberkuzey.com\\\/index.php\\\/2025\\\/09\\\/06\\\/milli-heyecan-bugun-de-devam-ediyor\\\/#primaryimage\"},\"thumbnailUrl\":\"https:\\\/\\\/haberkuzey.com\\\/wp-content\\\/uploads\\\/2025\\\/09\\\/basketbol-voleybol-milliler-2394900.jpg\",\"datePublished\":\"2025-09-06T07:58:16+00:00\",\"author\":{\"@id\":\"https:\\\/\\\/haberkuzey.com\\\/#\\\/schema\\\/person\\\/3372109ec735f9333f4fa47ebb9605ca\"},\"breadcrumb\":{\"@id\":\"https:\\\/\\\/haberkuzey.com\\\/index.php\\\/2025\\\/09\\\/06\\\/milli-heyecan-bugun-de-devam-ediyor\\\/#breadcrumb\"},\"inLanguage\":\"tr\",\"potentialAction\":[{\"@type\":\"ReadAction\",\"target\":[\"https:\\\/\\\/haberkuzey.com\\\/index.php\\\/2025\\\/09\\\/06\\\/milli-heyecan-bugun-de-devam-ediyor\\\/\"]}]},{\"@type\":\"ImageObject\",\"inLanguage\":\"tr\",\"@id\":\"https:\\\/\\\/haberkuzey.com\\\/index.php\\\/2025\\\/09\\\/06\\\/milli-heyecan-bugun-de-devam-ediyor\\\/#primaryimage\",\"url\":\"https:\\\/\\\/haberkuzey.com\\\/wp-content\\\/uploads\\\/2025\\\/09\\\/basketbol-voleybol-milliler-2394900.jpg\",\"contentUrl\":\"https:\\\/\\\/haberkuzey.com\\\/wp-content\\\/uploads\\\/2025\\\/09\\\/basketbol-voleybol-milliler-2394900.jpg\",\"width\":1280,\"height\":720},{\"@type\":\"BreadcrumbList\",\"@id\":\"https:\\\/\\\/haberkuzey.com\\\/index.php\\\/2025\\\/09\\\/06\\\/milli-heyecan-bugun-de-devam-ediyor\\\/#breadcrumb\",\"itemListElement\":[{\"@type\":\"ListItem\",\"position\":1,\"name\":\"Anasayfa\",\"item\":\"https:\\\/\\\/haberkuzey.com\\\/\"},{\"@type\":\"ListItem\",\"position\":2,\"name\":\"Milli heyecan bug\u00fcn de devam ediyor\"}]},{\"@type\":\"WebSite\",\"@id\":\"https:\\\/\\\/haberkuzey.com\\\/#website\",\"url\":\"https:\\\/\\\/haberkuzey.com\\\/\",\"name\":\"Haber Kuzey\",\"description\":\"Do\u011fru Haberin Adresi\",\"potentialAction\":[{\"@type\":\"SearchAction\",\"target\":{\"@type\":\"EntryPoint\",\"urlTemplate\":\"https:\\\/\\\/haberkuzey.com\\\/?s={search_term_string}\"},\"query-input\":{\"@type\":\"PropertyValueSpecification\",\"valueRequired\":true,\"valueName\":\"search_term_string\"}}],\"inLanguage\":\"tr\"},{\"@type\":\"Person\",\"@id\":\"https:\\\/\\\/haberkuzey.com\\\/#\\\/schema\\\/person\\\/3372109ec735f9333f4fa47ebb9605ca\",\"name\":\"haberkuzey\",\"image\":{\"@type\":\"ImageObject\",\"inLanguage\":\"tr\",\"@id\":\"https:\\\/\\\/secure.gravatar.com\\\/avatar\\\/f5fc875574b1575324358c3b9e6a32b8227aa5b74f3fa22e3cadb63e26fcc39c?s=96&d=mm&r=g\",\"url\":\"https:\\\/\\\/secure.gravatar.com\\\/avatar\\\/f5fc875574b1575324358c3b9e6a32b8227aa5b74f3fa22e3cadb63e26fcc39c?s=96&d=mm&r=g\",\"contentUrl\":\"https:\\\/\\\/secure.gravatar.com\\\/avatar\\\/f5fc875574b1575324358c3b9e6a32b8227aa5b74f3fa22e3cadb63e26fcc39c?s=96&d=mm&r=g\",\"caption\":\"haberkuzey\"},\"sameAs\":[\"https:\\\/\\\/haberkuzey.com\"],\"url\":\"https:\\\/\\\/haberkuzey.com\\\/index.php\\\/author\\\/haberkuzey\\\/\"}]}<\/script>\n<!-- \/ Yoast SEO plugin. -->","yoast_head_json":{"title":"Milli heyecan bug\u00fcn de devam ediyor - Haber Kuzey","robots":{"index":"index","follow":"follow","max-snippet":"max-snippet:-1","max-image-preview":"max-image-preview:large","max-video-preview":"max-video-preview:-1"},"canonical":"https:\/\/haberkuzey.com\/index.php\/2025\/09\/06\/milli-heyecan-bugun-de-devam-ediyor\/","og_locale":"tr_TR","og_type":"article","og_title":"Milli heyecan bug\u00fcn de devam ediyor - Haber Kuzey","og_description":"&#13; A Milli\u00a0Basketbol\u00a0Tak\u0131m\u0131, 2025 Avrupa Basketbol \u015eampiyonas\u0131 (EuroBasket 2025) son 16 turu ma\u00e7\u0131nda bug\u00fcn\u00a0\u0130sve\u00e7\u00a0ile kar\u015f\u0131 kar\u015f\u0131ya gelecek. &#13; Arena Riga&#8217;da, saat 12.00&#8217;de ba\u015flayacak m\u00fccadele TRT Spor&#8217;dan canl\u0131 yay\u0131nlanacak. &#13; Ergin Ataman&#8217;\u0131n ba\u015fantren\u00f6rl\u00fc\u011f\u00fcn\u00fc yapt\u0131\u011f\u0131 T\u00fcrkiye, A Grubu&#8217;nda S\u0131rbistan, Letonya, Portekiz,\u00a0Estonya\u00a0ve\u00a0\u00c7ekya\u00a0ile m\u00fccadele etti. \u00c7\u0131kt\u0131\u011f\u0131 5 ma\u00e7\u0131 da kazanmay\u0131 ba\u015faran ay-y\u0131ld\u0131zl\u0131 ekip, grup lideri olarak son 16 turuna [&hellip;]","og_url":"https:\/\/haberkuzey.com\/index.php\/2025\/09\/06\/milli-heyecan-bugun-de-devam-ediyor\/","og_site_name":"Haber Kuzey","article_published_time":"2025-09-06T07:58:16+00:00","og_image":[{"url":"https:\/\/trthaberstatic.cdn.wp.trt.com.tr\/resimler\/2394000\/basketbol-voleybol-milliler-2394900.jpg","type":"","width":"","height":""}],"author":"haberkuzey","twitter_card":"summary_large_image","twitter_misc":{"Yazan:":"haberkuzey","Tahmini okuma s\u00fcresi":"3 dakika"},"schema":{"@context":"https:\/\/schema.org","@graph":[{"@type":"Article","@id":"https:\/\/haberkuzey.com\/index.php\/2025\/09\/06\/milli-heyecan-bugun-de-devam-ediyor\/#article","isPartOf":{"@id":"https:\/\/haberkuzey.com\/index.php\/2025\/09\/06\/milli-heyecan-bugun-de-devam-ediyor\/"},"author":{"name":"haberkuzey","@id":"https:\/\/haberkuzey.com\/#\/schema\/person\/3372109ec735f9333f4fa47ebb9605ca"},"headline":"Milli heyecan bug\u00fcn de devam ediyor","datePublished":"2025-09-06T07:58:16+00:00","mainEntityOfPage":{"@id":"https:\/\/haberkuzey.com\/index.php\/2025\/09\/06\/milli-heyecan-bugun-de-devam-ediyor\/"},"wordCount":586,"commentCount":0,"image":{"@id":"https:\/\/haberkuzey.com\/index.php\/2025\/09\/06\/milli-heyecan-bugun-de-devam-ediyor\/#primaryimage"},"thumbnailUrl":"https:\/\/haberkuzey.com\/wp-content\/uploads\/2025\/09\/basketbol-voleybol-milliler-2394900.jpg","articleSection":["Spor"],"inLanguage":"tr","potentialAction":[{"@type":"CommentAction","name":"Comment","target":["https:\/\/haberkuzey.com\/index.php\/2025\/09\/06\/milli-heyecan-bugun-de-devam-ediyor\/#respond"]}]},{"@type":"WebPage","@id":"https:\/\/haberkuzey.com\/index.php\/2025\/09\/06\/milli-heyecan-bugun-de-devam-ediyor\/","url":"https:\/\/haberkuzey.com\/index.php\/2025\/09\/06\/milli-heyecan-bugun-de-devam-ediyor\/","name":"Milli heyecan bug\u00fcn de devam ediyor - Haber Kuzey","isPartOf":{"@id":"https:\/\/haberkuzey.com\/#website"},"primaryImageOfPage":{"@id":"https:\/\/haberkuzey.com\/index.php\/2025\/09\/06\/milli-heyecan-bugun-de-devam-ediyor\/#primaryimage"},"image":{"@id":"https:\/\/haberkuzey.com\/index.php\/2025\/09\/06\/milli-heyecan-bugun-de-devam-ediyor\/#primaryimage"},"thumbnailUrl":"https:\/\/haberkuzey.com\/wp-content\/uploads\/2025\/09\/basketbol-voleybol-milliler-2394900.jpg","datePublished":"2025-09-06T07:58:16+00:00","author":{"@id":"https:\/\/haberkuzey.com\/#\/schema\/person\/3372109ec735f9333f4fa47ebb9605ca"},"breadcrumb":{"@id":"https:\/\/haberkuzey.com\/index.php\/2025\/09\/06\/milli-heyecan-bugun-de-devam-ediyor\/#breadcrumb"},"inLanguage":"tr","potentialAction":[{"@type":"ReadAction","target":["https:\/\/haberkuzey.com\/index.php\/2025\/09\/06\/milli-heyecan-bugun-de-devam-ediyor\/"]}]},{"@type":"ImageObject","inLanguage":"tr","@id":"https:\/\/haberkuzey.com\/index.php\/2025\/09\/06\/milli-heyecan-bugun-de-devam-ediyor\/#primaryimage","url":"https:\/\/haberkuzey.com\/wp-content\/uploads\/2025\/09\/basketbol-voleybol-milliler-2394900.jpg","contentUrl":"https:\/\/haberkuzey.com\/wp-content\/uploads\/2025\/09\/basketbol-voleybol-milliler-2394900.jpg","width":1280,"height":720},{"@type":"BreadcrumbList","@id":"https:\/\/haberkuzey.com\/index.php\/2025\/09\/06\/milli-heyecan-bugun-de-devam-ediyor\/#breadcrumb","itemListElement":[{"@type":"ListItem","position":1,"name":"Anasayfa","item":"https:\/\/haberkuzey.com\/"},{"@type":"ListItem","position":2,"name":"Milli heyecan bug\u00fcn de devam ediyor"}]},{"@type":"WebSite","@id":"https:\/\/haberkuzey.com\/#website","url":"https:\/\/haberkuzey.com\/","name":"Haber Kuzey","description":"Do\u011fru Haberin Adresi","potentialAction":[{"@type":"SearchAction","target":{"@type":"EntryPoint","urlTemplate":"https:\/\/haberkuzey.com\/?s={search_term_string}"},"query-input":{"@type":"PropertyValueSpecification","valueRequired":true,"valueName":"search_term_string"}}],"inLanguage":"tr"},{"@type":"Person","@id":"https:\/\/haberkuzey.com\/#\/schema\/person\/3372109ec735f9333f4fa47ebb9605ca","name":"haberkuzey","image":{"@type":"ImageObject","inLanguage":"tr","@id":"https:\/\/secure.gravatar.com\/avatar\/f5fc875574b1575324358c3b9e6a32b8227aa5b74f3fa22e3cadb63e26fcc39c?s=96&d=mm&r=g","url":"https:\/\/secure.gravatar.com\/avatar\/f5fc875574b1575324358c3b9e6a32b8227aa5b74f3fa22e3cadb63e26fcc39c?s=96&d=mm&r=g","contentUrl":"https:\/\/secure.gravatar.com\/avatar\/f5fc875574b1575324358c3b9e6a32b8227aa5b74f3fa22e3cadb63e26fcc39c?s=96&d=mm&r=g","caption":"haberkuzey"},"sameAs":["https:\/\/haberkuzey.com"],"url":"https:\/\/haberkuzey.com\/index.php\/author\/haberkuzey\/"}]}},"_links":{"self":[{"href":"https:\/\/haberkuzey.com\/index.php\/wp-json\/wp\/v2\/posts\/29342","targetHints":{"allow":["GET"]}}],"collection":[{"href":"https:\/\/haberkuzey.com\/index.php\/wp-json\/wp\/v2\/posts"}],"about":[{"href":"https:\/\/haberkuzey.com\/index.php\/wp-json\/wp\/v2\/types\/post"}],"author":[{"embeddable":true,"href":"https:\/\/haberkuzey.com\/index.php\/wp-json\/wp\/v2\/users\/1"}],"replies":[{"embeddable":true,"href":"https:\/\/haberkuzey.com\/index.php\/wp-json\/wp\/v2\/comments?post=29342"}],"version-history":[{"count":0,"href":"https:\/\/haberkuzey.com\/index.php\/wp-json\/wp\/v2\/posts\/29342\/revisions"}],"wp:featuredmedia":[{"embeddable":true,"href":"https:\/\/haberkuzey.com\/index.php\/wp-json\/wp\/v2\/media\/29343"}],"wp:attachment":[{"href":"https:\/\/haberkuzey.com\/index.php\/wp-json\/wp\/v2\/media?parent=29342"}],"wp:term":[{"taxonomy":"category","embeddable":true,"href":"https:\/\/haberkuzey.com\/index.php\/wp-json\/wp\/v2\/categories?post=29342"},{"taxonomy":"post_tag","embeddable":true,"href":"https:\/\/haberkuzey.com\/index.php\/wp-json\/wp\/v2\/tags?post=29342"}],"curies":[{"name":"wp","href":"https:\/\/api.w.org\/{rel}","templated":true}]}}