{"id":29297,"date":"2025-08-13T21:40:33","date_gmt":"2025-08-13T18:40:33","guid":{"rendered":"https:\/\/haberkuzey.com\/index.php\/2025\/08\/13\/basaksehir-uefa-konferans-liginde-playoff-turuna-yukseldi\/"},"modified":"2025-08-13T21:40:33","modified_gmt":"2025-08-13T18:40:33","slug":"basaksehir-uefa-konferans-liginde-playoff-turuna-yukseldi","status":"publish","type":"post","link":"https:\/\/haberkuzey.com\/index.php\/2025\/08\/13\/basaksehir-uefa-konferans-liginde-playoff-turuna-yukseldi\/","title":{"rendered":"Ba\u015fak\u015fehir, UEFA Konferans Ligi&#039;nde playoff turuna y\u00fckseldi"},"content":{"rendered":"<p><\/p>\n<div>\n<p>&#13;<br \/>\n\tBa\u015fak\u015fehir <a href=\"https:\/\/www.trthaber.com\/etiket\/fatih-terim\/\" target=\"_blank\">Fatih Terim<\/a> Stad\u0131&#8217;nda oynanan kar\u015f\u0131la\u015fmaya etkili ba\u015flayan turuncu-lacivertliler, savunma arkas\u0131na att\u0131\u011f\u0131 toplarla ilk 20 dakikada etkili oldu. S\u00f6z konusu s\u00fcre\u00e7te gol\u00fc bulamayan Ba\u015fak\u015fehir, 34. dakikada Onur Bulut&#8217;un kendi kalesine att\u0131\u011f\u0131 golle 1-0 ma\u011flup duruma d\u00fc\u015ft\u00fc. Gol\u00fcn ard\u0131ndan tekrar ataklar\u0131n\u0131 s\u00fcrd\u00fcren ev sahibi ekip, 40. dakikada yeni transferi Davie Selke ile skoru dengeledi. \u0130lk yar\u0131 1-1 e\u015fitlikle sona erdi.<\/p>\n<p>&#13;<br \/>\n\t\u0130kinci ayr\u0131da <a href=\"https:\/\/www.trthaber.com\/etiket\/oyun\/\" target=\"_blank\">oyun<\/a> kontrol\u00fcn\u00fc sa\u011flayan ve rakibine gol \u015fans\u0131 tan\u0131mayan Ba\u015fak\u015fehir, skoru korudu ve kar\u015f\u0131la\u015fma 1-1 e\u015fitlikle sonu\u00e7land\u0131.<\/p>\n<p>&#13;<br \/>\n\tBa\u015fak\u015fehir, play-off turunda Spartak Trnava (Slovakya)-Universitatea Craiova (Romanya) e\u015fle\u015fmesinin kazanan\u0131yla kar\u015f\u0131la\u015facak.<\/p>\n<h2>&#13;<br \/>\n\tAvrupa&#8217;da 100. gol Selke&#8217;den<\/h2>\n<p>&#13;<br \/>\n\t<a href=\"https:\/\/www.trthaber.com\/etiket\/istanbul\/\" target=\"_blank\">\u0130stanbul<\/a> Ba\u015fak\u015fehir, Avrupa kupalar\u0131nda 100. gol\u00fcne ula\u015ft\u0131.<\/p>\n<p>&#13;<br \/>\n\tTuruncu-lacivertli ekibin Avrupa kupalar\u0131ndaki 100. gol\u00fcn\u00fc Davie Selke kaydetti.<\/p>\n<p>&#13;<br \/>\n\t\u00d6te yandan yeni transfer Selke, e\u015fle\u015fmenin ilk ma\u00e7\u0131nda da 1 gol kaydetmi\u015fti.<\/p>\n<\/p><\/div>\n","protected":false},"excerpt":{"rendered":"<p>&#13; Ba\u015fak\u015fehir Fatih Terim Stad\u0131&#8217;nda oynanan kar\u015f\u0131la\u015fmaya etkili ba\u015flayan turuncu-lacivertliler, savunma arkas\u0131na att\u0131\u011f\u0131 toplarla ilk 20 dakikada etkili oldu. S\u00f6z konusu s\u00fcre\u00e7te gol\u00fc bulamayan Ba\u015fak\u015fehir, 34. dakikada Onur Bulut&#8217;un kendi kalesine att\u0131\u011f\u0131 golle 1-0 ma\u011flup duruma d\u00fc\u015ft\u00fc. Gol\u00fcn ard\u0131ndan tekrar ataklar\u0131n\u0131 s\u00fcrd\u00fcren ev sahibi ekip, 40. dakikada yeni transferi Davie Selke ile skoru dengeledi. \u0130lk [&hellip;]<\/p>\n","protected":false},"author":1,"featured_media":29298,"comment_status":"open","ping_status":"open","sticky":false,"template":"","format":"standard","meta":{"jnews-multi-image_gallery":[],"jnews_single_post":[],"jnews_primary_category":[],"footnotes":""},"categories":[4],"tags":[],"class_list":["post-29297","post","type-post","status-publish","format-standard","has-post-thumbnail","hentry","category-spor"],"yoast_head":"<!-- This site is optimized with the Yoast SEO plugin v27.5 - https:\/\/yoast.com\/product\/yoast-seo-wordpress\/ -->\n<title>Ba\u015fak\u015fehir, UEFA Konferans Ligi&#039;nde playoff turuna y\u00fckseldi - Haber Kuzey<\/title>\n<meta name=\"robots\" content=\"index, follow, max-snippet:-1, max-image-preview:large, max-video-preview:-1\" \/>\n<link rel=\"canonical\" href=\"https:\/\/haberkuzey.com\/index.php\/2025\/08\/13\/basaksehir-uefa-konferans-liginde-playoff-turuna-yukseldi\/\" \/>\n<meta property=\"og:locale\" content=\"tr_TR\" \/>\n<meta property=\"og:type\" content=\"article\" \/>\n<meta property=\"og:title\" content=\"Ba\u015fak\u015fehir, UEFA Konferans Ligi&#039;nde playoff turuna y\u00fckseldi - Haber Kuzey\" \/>\n<meta property=\"og:description\" content=\"&#013; Ba\u015fak\u015fehir Fatih Terim Stad\u0131&#8217;nda oynanan kar\u015f\u0131la\u015fmaya etkili ba\u015flayan turuncu-lacivertliler, savunma arkas\u0131na att\u0131\u011f\u0131 toplarla ilk 20 dakikada etkili oldu. S\u00f6z konusu s\u00fcre\u00e7te gol\u00fc bulamayan Ba\u015fak\u015fehir, 34. dakikada Onur Bulut&#8217;un kendi kalesine att\u0131\u011f\u0131 golle 1-0 ma\u011flup duruma d\u00fc\u015ft\u00fc. Gol\u00fcn ard\u0131ndan tekrar ataklar\u0131n\u0131 s\u00fcrd\u00fcren ev sahibi ekip, 40. dakikada yeni transferi Davie Selke ile skoru dengeledi. \u0130lk [&hellip;]\" \/>\n<meta property=\"og:url\" content=\"https:\/\/haberkuzey.com\/index.php\/2025\/08\/13\/basaksehir-uefa-konferans-liginde-playoff-turuna-yukseldi\/\" \/>\n<meta property=\"og:site_name\" content=\"Haber Kuzey\" \/>\n<meta property=\"article:published_time\" content=\"2025-08-13T18:40:33+00:00\" \/>\n<meta property=\"og:image\" content=\"https:\/\/trthaberstatic.cdn.wp.trt.com.tr\/resimler\/2388000\/basaksehir-2388744.jpg\" \/>\n<meta name=\"author\" content=\"haberkuzey\" \/>\n<meta name=\"twitter:card\" content=\"summary_large_image\" \/>\n<meta name=\"twitter:label1\" content=\"Yazan:\" \/>\n\t<meta name=\"twitter:data1\" content=\"haberkuzey\" \/>\n\t<meta name=\"twitter:label2\" content=\"Tahmini okuma s\u00fcresi\" \/>\n\t<meta name=\"twitter:data2\" content=\"1 dakika\" \/>\n<script type=\"application\/ld+json\" class=\"yoast-schema-graph\">{\"@context\":\"https:\\\/\\\/schema.org\",\"@graph\":[{\"@type\":\"Article\",\"@id\":\"https:\\\/\\\/haberkuzey.com\\\/index.php\\\/2025\\\/08\\\/13\\\/basaksehir-uefa-konferans-liginde-playoff-turuna-yukseldi\\\/#article\",\"isPartOf\":{\"@id\":\"https:\\\/\\\/haberkuzey.com\\\/index.php\\\/2025\\\/08\\\/13\\\/basaksehir-uefa-konferans-liginde-playoff-turuna-yukseldi\\\/\"},\"author\":{\"name\":\"haberkuzey\",\"@id\":\"https:\\\/\\\/haberkuzey.com\\\/#\\\/schema\\\/person\\\/3372109ec735f9333f4fa47ebb9605ca\"},\"headline\":\"Ba\u015fak\u015fehir, UEFA Konferans Ligi&#039;nde playoff turuna y\u00fckseldi\",\"datePublished\":\"2025-08-13T18:40:33+00:00\",\"mainEntityOfPage\":{\"@id\":\"https:\\\/\\\/haberkuzey.com\\\/index.php\\\/2025\\\/08\\\/13\\\/basaksehir-uefa-konferans-liginde-playoff-turuna-yukseldi\\\/\"},\"wordCount\":176,\"commentCount\":0,\"image\":{\"@id\":\"https:\\\/\\\/haberkuzey.com\\\/index.php\\\/2025\\\/08\\\/13\\\/basaksehir-uefa-konferans-liginde-playoff-turuna-yukseldi\\\/#primaryimage\"},\"thumbnailUrl\":\"https:\\\/\\\/haberkuzey.com\\\/wp-content\\\/uploads\\\/2025\\\/08\\\/basaksehir-2388744.jpg\",\"articleSection\":[\"Spor\"],\"inLanguage\":\"tr\",\"potentialAction\":[{\"@type\":\"CommentAction\",\"name\":\"Comment\",\"target\":[\"https:\\\/\\\/haberkuzey.com\\\/index.php\\\/2025\\\/08\\\/13\\\/basaksehir-uefa-konferans-liginde-playoff-turuna-yukseldi\\\/#respond\"]}]},{\"@type\":\"WebPage\",\"@id\":\"https:\\\/\\\/haberkuzey.com\\\/index.php\\\/2025\\\/08\\\/13\\\/basaksehir-uefa-konferans-liginde-playoff-turuna-yukseldi\\\/\",\"url\":\"https:\\\/\\\/haberkuzey.com\\\/index.php\\\/2025\\\/08\\\/13\\\/basaksehir-uefa-konferans-liginde-playoff-turuna-yukseldi\\\/\",\"name\":\"Ba\u015fak\u015fehir, UEFA Konferans Ligi&#039;nde playoff turuna y\u00fckseldi - Haber Kuzey\",\"isPartOf\":{\"@id\":\"https:\\\/\\\/haberkuzey.com\\\/#website\"},\"primaryImageOfPage\":{\"@id\":\"https:\\\/\\\/haberkuzey.com\\\/index.php\\\/2025\\\/08\\\/13\\\/basaksehir-uefa-konferans-liginde-playoff-turuna-yukseldi\\\/#primaryimage\"},\"image\":{\"@id\":\"https:\\\/\\\/haberkuzey.com\\\/index.php\\\/2025\\\/08\\\/13\\\/basaksehir-uefa-konferans-liginde-playoff-turuna-yukseldi\\\/#primaryimage\"},\"thumbnailUrl\":\"https:\\\/\\\/haberkuzey.com\\\/wp-content\\\/uploads\\\/2025\\\/08\\\/basaksehir-2388744.jpg\",\"datePublished\":\"2025-08-13T18:40:33+00:00\",\"author\":{\"@id\":\"https:\\\/\\\/haberkuzey.com\\\/#\\\/schema\\\/person\\\/3372109ec735f9333f4fa47ebb9605ca\"},\"breadcrumb\":{\"@id\":\"https:\\\/\\\/haberkuzey.com\\\/index.php\\\/2025\\\/08\\\/13\\\/basaksehir-uefa-konferans-liginde-playoff-turuna-yukseldi\\\/#breadcrumb\"},\"inLanguage\":\"tr\",\"potentialAction\":[{\"@type\":\"ReadAction\",\"target\":[\"https:\\\/\\\/haberkuzey.com\\\/index.php\\\/2025\\\/08\\\/13\\\/basaksehir-uefa-konferans-liginde-playoff-turuna-yukseldi\\\/\"]}]},{\"@type\":\"ImageObject\",\"inLanguage\":\"tr\",\"@id\":\"https:\\\/\\\/haberkuzey.com\\\/index.php\\\/2025\\\/08\\\/13\\\/basaksehir-uefa-konferans-liginde-playoff-turuna-yukseldi\\\/#primaryimage\",\"url\":\"https:\\\/\\\/haberkuzey.com\\\/wp-content\\\/uploads\\\/2025\\\/08\\\/basaksehir-2388744.jpg\",\"contentUrl\":\"https:\\\/\\\/haberkuzey.com\\\/wp-content\\\/uploads\\\/2025\\\/08\\\/basaksehir-2388744.jpg\",\"width\":1280,\"height\":720},{\"@type\":\"BreadcrumbList\",\"@id\":\"https:\\\/\\\/haberkuzey.com\\\/index.php\\\/2025\\\/08\\\/13\\\/basaksehir-uefa-konferans-liginde-playoff-turuna-yukseldi\\\/#breadcrumb\",\"itemListElement\":[{\"@type\":\"ListItem\",\"position\":1,\"name\":\"Anasayfa\",\"item\":\"https:\\\/\\\/haberkuzey.com\\\/\"},{\"@type\":\"ListItem\",\"position\":2,\"name\":\"Ba\u015fak\u015fehir, UEFA Konferans Ligi&#039;nde playoff turuna y\u00fckseldi\"}]},{\"@type\":\"WebSite\",\"@id\":\"https:\\\/\\\/haberkuzey.com\\\/#website\",\"url\":\"https:\\\/\\\/haberkuzey.com\\\/\",\"name\":\"Haber Kuzey\",\"description\":\"Do\u011fru Haberin Adresi\",\"potentialAction\":[{\"@type\":\"SearchAction\",\"target\":{\"@type\":\"EntryPoint\",\"urlTemplate\":\"https:\\\/\\\/haberkuzey.com\\\/?s={search_term_string}\"},\"query-input\":{\"@type\":\"PropertyValueSpecification\",\"valueRequired\":true,\"valueName\":\"search_term_string\"}}],\"inLanguage\":\"tr\"},{\"@type\":\"Person\",\"@id\":\"https:\\\/\\\/haberkuzey.com\\\/#\\\/schema\\\/person\\\/3372109ec735f9333f4fa47ebb9605ca\",\"name\":\"haberkuzey\",\"image\":{\"@type\":\"ImageObject\",\"inLanguage\":\"tr\",\"@id\":\"https:\\\/\\\/secure.gravatar.com\\\/avatar\\\/f5fc875574b1575324358c3b9e6a32b8227aa5b74f3fa22e3cadb63e26fcc39c?s=96&d=mm&r=g\",\"url\":\"https:\\\/\\\/secure.gravatar.com\\\/avatar\\\/f5fc875574b1575324358c3b9e6a32b8227aa5b74f3fa22e3cadb63e26fcc39c?s=96&d=mm&r=g\",\"contentUrl\":\"https:\\\/\\\/secure.gravatar.com\\\/avatar\\\/f5fc875574b1575324358c3b9e6a32b8227aa5b74f3fa22e3cadb63e26fcc39c?s=96&d=mm&r=g\",\"caption\":\"haberkuzey\"},\"sameAs\":[\"https:\\\/\\\/haberkuzey.com\"],\"url\":\"https:\\\/\\\/haberkuzey.com\\\/index.php\\\/author\\\/haberkuzey\\\/\"}]}<\/script>\n<!-- \/ Yoast SEO plugin. -->","yoast_head_json":{"title":"Ba\u015fak\u015fehir, UEFA Konferans Ligi&#039;nde playoff turuna y\u00fckseldi - Haber Kuzey","robots":{"index":"index","follow":"follow","max-snippet":"max-snippet:-1","max-image-preview":"max-image-preview:large","max-video-preview":"max-video-preview:-1"},"canonical":"https:\/\/haberkuzey.com\/index.php\/2025\/08\/13\/basaksehir-uefa-konferans-liginde-playoff-turuna-yukseldi\/","og_locale":"tr_TR","og_type":"article","og_title":"Ba\u015fak\u015fehir, UEFA Konferans Ligi&#039;nde playoff turuna y\u00fckseldi - Haber Kuzey","og_description":"&#13; Ba\u015fak\u015fehir Fatih Terim Stad\u0131&#8217;nda oynanan kar\u015f\u0131la\u015fmaya etkili ba\u015flayan turuncu-lacivertliler, savunma arkas\u0131na att\u0131\u011f\u0131 toplarla ilk 20 dakikada etkili oldu. S\u00f6z konusu s\u00fcre\u00e7te gol\u00fc bulamayan Ba\u015fak\u015fehir, 34. dakikada Onur Bulut&#8217;un kendi kalesine att\u0131\u011f\u0131 golle 1-0 ma\u011flup duruma d\u00fc\u015ft\u00fc. Gol\u00fcn ard\u0131ndan tekrar ataklar\u0131n\u0131 s\u00fcrd\u00fcren ev sahibi ekip, 40. dakikada yeni transferi Davie Selke ile skoru dengeledi. \u0130lk [&hellip;]","og_url":"https:\/\/haberkuzey.com\/index.php\/2025\/08\/13\/basaksehir-uefa-konferans-liginde-playoff-turuna-yukseldi\/","og_site_name":"Haber Kuzey","article_published_time":"2025-08-13T18:40:33+00:00","og_image":[{"url":"https:\/\/trthaberstatic.cdn.wp.trt.com.tr\/resimler\/2388000\/basaksehir-2388744.jpg","type":"","width":"","height":""}],"author":"haberkuzey","twitter_card":"summary_large_image","twitter_misc":{"Yazan:":"haberkuzey","Tahmini okuma s\u00fcresi":"1 dakika"},"schema":{"@context":"https:\/\/schema.org","@graph":[{"@type":"Article","@id":"https:\/\/haberkuzey.com\/index.php\/2025\/08\/13\/basaksehir-uefa-konferans-liginde-playoff-turuna-yukseldi\/#article","isPartOf":{"@id":"https:\/\/haberkuzey.com\/index.php\/2025\/08\/13\/basaksehir-uefa-konferans-liginde-playoff-turuna-yukseldi\/"},"author":{"name":"haberkuzey","@id":"https:\/\/haberkuzey.com\/#\/schema\/person\/3372109ec735f9333f4fa47ebb9605ca"},"headline":"Ba\u015fak\u015fehir, UEFA Konferans Ligi&#039;nde playoff turuna y\u00fckseldi","datePublished":"2025-08-13T18:40:33+00:00","mainEntityOfPage":{"@id":"https:\/\/haberkuzey.com\/index.php\/2025\/08\/13\/basaksehir-uefa-konferans-liginde-playoff-turuna-yukseldi\/"},"wordCount":176,"commentCount":0,"image":{"@id":"https:\/\/haberkuzey.com\/index.php\/2025\/08\/13\/basaksehir-uefa-konferans-liginde-playoff-turuna-yukseldi\/#primaryimage"},"thumbnailUrl":"https:\/\/haberkuzey.com\/wp-content\/uploads\/2025\/08\/basaksehir-2388744.jpg","articleSection":["Spor"],"inLanguage":"tr","potentialAction":[{"@type":"CommentAction","name":"Comment","target":["https:\/\/haberkuzey.com\/index.php\/2025\/08\/13\/basaksehir-uefa-konferans-liginde-playoff-turuna-yukseldi\/#respond"]}]},{"@type":"WebPage","@id":"https:\/\/haberkuzey.com\/index.php\/2025\/08\/13\/basaksehir-uefa-konferans-liginde-playoff-turuna-yukseldi\/","url":"https:\/\/haberkuzey.com\/index.php\/2025\/08\/13\/basaksehir-uefa-konferans-liginde-playoff-turuna-yukseldi\/","name":"Ba\u015fak\u015fehir, UEFA Konferans Ligi&#039;nde playoff turuna y\u00fckseldi - Haber Kuzey","isPartOf":{"@id":"https:\/\/haberkuzey.com\/#website"},"primaryImageOfPage":{"@id":"https:\/\/haberkuzey.com\/index.php\/2025\/08\/13\/basaksehir-uefa-konferans-liginde-playoff-turuna-yukseldi\/#primaryimage"},"image":{"@id":"https:\/\/haberkuzey.com\/index.php\/2025\/08\/13\/basaksehir-uefa-konferans-liginde-playoff-turuna-yukseldi\/#primaryimage"},"thumbnailUrl":"https:\/\/haberkuzey.com\/wp-content\/uploads\/2025\/08\/basaksehir-2388744.jpg","datePublished":"2025-08-13T18:40:33+00:00","author":{"@id":"https:\/\/haberkuzey.com\/#\/schema\/person\/3372109ec735f9333f4fa47ebb9605ca"},"breadcrumb":{"@id":"https:\/\/haberkuzey.com\/index.php\/2025\/08\/13\/basaksehir-uefa-konferans-liginde-playoff-turuna-yukseldi\/#breadcrumb"},"inLanguage":"tr","potentialAction":[{"@type":"ReadAction","target":["https:\/\/haberkuzey.com\/index.php\/2025\/08\/13\/basaksehir-uefa-konferans-liginde-playoff-turuna-yukseldi\/"]}]},{"@type":"ImageObject","inLanguage":"tr","@id":"https:\/\/haberkuzey.com\/index.php\/2025\/08\/13\/basaksehir-uefa-konferans-liginde-playoff-turuna-yukseldi\/#primaryimage","url":"https:\/\/haberkuzey.com\/wp-content\/uploads\/2025\/08\/basaksehir-2388744.jpg","contentUrl":"https:\/\/haberkuzey.com\/wp-content\/uploads\/2025\/08\/basaksehir-2388744.jpg","width":1280,"height":720},{"@type":"BreadcrumbList","@id":"https:\/\/haberkuzey.com\/index.php\/2025\/08\/13\/basaksehir-uefa-konferans-liginde-playoff-turuna-yukseldi\/#breadcrumb","itemListElement":[{"@type":"ListItem","position":1,"name":"Anasayfa","item":"https:\/\/haberkuzey.com\/"},{"@type":"ListItem","position":2,"name":"Ba\u015fak\u015fehir, UEFA Konferans Ligi&#039;nde playoff turuna y\u00fckseldi"}]},{"@type":"WebSite","@id":"https:\/\/haberkuzey.com\/#website","url":"https:\/\/haberkuzey.com\/","name":"Haber Kuzey","description":"Do\u011fru Haberin Adresi","potentialAction":[{"@type":"SearchAction","target":{"@type":"EntryPoint","urlTemplate":"https:\/\/haberkuzey.com\/?s={search_term_string}"},"query-input":{"@type":"PropertyValueSpecification","valueRequired":true,"valueName":"search_term_string"}}],"inLanguage":"tr"},{"@type":"Person","@id":"https:\/\/haberkuzey.com\/#\/schema\/person\/3372109ec735f9333f4fa47ebb9605ca","name":"haberkuzey","image":{"@type":"ImageObject","inLanguage":"tr","@id":"https:\/\/secure.gravatar.com\/avatar\/f5fc875574b1575324358c3b9e6a32b8227aa5b74f3fa22e3cadb63e26fcc39c?s=96&d=mm&r=g","url":"https:\/\/secure.gravatar.com\/avatar\/f5fc875574b1575324358c3b9e6a32b8227aa5b74f3fa22e3cadb63e26fcc39c?s=96&d=mm&r=g","contentUrl":"https:\/\/secure.gravatar.com\/avatar\/f5fc875574b1575324358c3b9e6a32b8227aa5b74f3fa22e3cadb63e26fcc39c?s=96&d=mm&r=g","caption":"haberkuzey"},"sameAs":["https:\/\/haberkuzey.com"],"url":"https:\/\/haberkuzey.com\/index.php\/author\/haberkuzey\/"}]}},"_links":{"self":[{"href":"https:\/\/haberkuzey.com\/index.php\/wp-json\/wp\/v2\/posts\/29297","targetHints":{"allow":["GET"]}}],"collection":[{"href":"https:\/\/haberkuzey.com\/index.php\/wp-json\/wp\/v2\/posts"}],"about":[{"href":"https:\/\/haberkuzey.com\/index.php\/wp-json\/wp\/v2\/types\/post"}],"author":[{"embeddable":true,"href":"https:\/\/haberkuzey.com\/index.php\/wp-json\/wp\/v2\/users\/1"}],"replies":[{"embeddable":true,"href":"https:\/\/haberkuzey.com\/index.php\/wp-json\/wp\/v2\/comments?post=29297"}],"version-history":[{"count":0,"href":"https:\/\/haberkuzey.com\/index.php\/wp-json\/wp\/v2\/posts\/29297\/revisions"}],"wp:featuredmedia":[{"embeddable":true,"href":"https:\/\/haberkuzey.com\/index.php\/wp-json\/wp\/v2\/media\/29298"}],"wp:attachment":[{"href":"https:\/\/haberkuzey.com\/index.php\/wp-json\/wp\/v2\/media?parent=29297"}],"wp:term":[{"taxonomy":"category","embeddable":true,"href":"https:\/\/haberkuzey.com\/index.php\/wp-json\/wp\/v2\/categories?post=29297"},{"taxonomy":"post_tag","embeddable":true,"href":"https:\/\/haberkuzey.com\/index.php\/wp-json\/wp\/v2\/tags?post=29297"}],"curies":[{"name":"wp","href":"https:\/\/api.w.org\/{rel}","templated":true}]}}