{"id":29248,"date":"2025-08-11T13:22:27","date_gmt":"2025-08-11T10:22:27","guid":{"rendered":"https:\/\/haberkuzey.com\/index.php\/2025\/08\/11\/girne-dogu-cevre-yolu-1-etabi-icin-calismalar-basladi\/"},"modified":"2025-08-11T13:22:27","modified_gmt":"2025-08-11T10:22:27","slug":"girne-dogu-cevre-yolu-1-etabi-icin-calismalar-basladi","status":"publish","type":"post","link":"https:\/\/haberkuzey.com\/index.php\/2025\/08\/11\/girne-dogu-cevre-yolu-1-etabi-icin-calismalar-basladi\/","title":{"rendered":"Girne Do\u011fu \u00c7evre Yolu 1. Etab\u0131 i\u00e7in \u00e7al\u0131\u015fmalar ba\u015flad\u0131"},"content":{"rendered":"<div>\n<div class=\"mariselle-image-container center\">\n                                            <\/div>\n<p>\u0130hale s\u00fcrecinin tamamlanmas\u0131n\u0131n ard\u0131ndan Girne Do\u011fu \u00c7evre Yolu 1. Etab\u0131 i\u00e7in \u00e7al\u0131\u015fmalar d\u00fczenlenen etkinlikle ba\u015flad\u0131. <\/p>\n<p>Etkinlikte konu\u015fan Bay\u0131nd\u0131rl\u0131k ve Ula\u015ft\u0131rma Bakan\u0131 Erhan Ar\u0131kl\u0131, projenin tamamen yerel kaynaklarla tamamlanaca\u011f\u0131n\u0131 kaydetti.<br \/>\u015eu anda be\u015f noktada yol yap\u0131m\u0131 \u00e7al\u0131\u015fmalar\u0131n\u0131n devam etti\u011fini belirten Ar\u0131kl\u0131, bunun KKTC tarihinde g\u00f6r\u00fclmedi\u011fini, \u00dcstel h\u00fck\u00fcmetinin 50 y\u0131ld\u0131r yap\u0131lamayan\u0131 yapt\u0131\u011f\u0131n\u0131 s\u00f6yledi\u2026 <\/p>\n<p>Ar\u0131kl\u0131, 230 g\u00fcnde projenin tamamlanmas\u0131n\u0131n hedeflendi\u011fini belirtti.<\/p>\n<p>Merkezi h\u00fck\u00fcmet ile yerel y\u00f6netimler ve i\u015f d\u00fcnyas\u0131n\u0131n i\u015fbirli\u011finin \u00f6nemine i\u015faret eden Bakan Ar\u0131kl\u0131, projenin yap\u0131m\u0131nda eme\u011fi ge\u00e7en herkese te\u015fekk\u00fcr etti. <\/p>\n<p>Ba\u015fbakan Yard\u0131mc\u0131s\u0131 Turizm, K\u00fclt\u00fcr, Gen\u00e7lik ve \u00c7evre Bakan\u0131 Fikri Atao\u011flu da, 50 y\u0131ld\u0131r yap\u0131lmayan projelerin 3 bu\u00e7uk  y\u0131ll\u0131k h\u00fck\u00fcmetleri s\u00fcresince ad\u0131m ad\u0131m hayata ge\u00e7irildi\u011fini s\u00f6yledi.<br \/>Atao\u011flu \u201cProjeleri saymakta zorlan\u0131yorum 3 bu\u00e7uk y\u0131ll\u0131k \u00dcstel d\u00f6neminde onlarca proje hayata ge\u00e7ti\u201d diye konu\u015ftu. <\/p>\n<p>Ba\u015fbakan \u00dcnal \u00dcstel ise, h\u00fck\u00fcmeti kurduklar\u0131 g\u00fcn halka verdikleri t\u00fcm s\u00f6zleri birer birer yerine getirmenin mutlulu\u011funu ya\u015fad\u0131klar\u0131n\u0131 s\u00f6yledi. <\/p>\n<p>\u201cBizim Derdimiz KKTC\u2019yi daha \u00e7a\u011fda\u015f bir noktaya getirmektir\u201d diyen Ba\u015fbakan \u00dcstel, yap\u0131lan yol \u00e7al\u0131\u015fmalar\u0131 ile \u00fclkenin de\u011ferine de\u011fer katmay\u0131 hedeflediklerini kaydetti. <\/p>\n<p>Lapta ve \u00c7atalk\u00f6y\u2019\u00fcn turizm a\u00e7\u0131s\u0131ndan \u00f6nemine i\u015faret eden Ba\u015fbakan \u00dcstel, bu iki b\u00f6lgedeki geli\u015fimi h\u0131zland\u0131rmak i\u00e7in h\u00fck\u00fcmete geldikleri g\u00fcnden bu yana kollar\u0131 s\u0131vad\u0131klar\u0131n\u0131 belirtti. <\/p>\n<p>Ba\u015fbakan \u00dcstel, kendisinin Turizm Bakan\u0131, Cumhurba\u015fkan\u0131 Tatar\u2019\u0131n ise Maliye bakan\u0131 olarak g\u00f6rev yapt\u0131\u011f\u0131 d\u00f6nemde b\u00f6lgenin geli\u015fmesi i\u00e7in ad\u0131mlar att\u0131klar\u0131n\u0131 ancak kendilerinin h\u00fck\u00fcmetten gitmesinin ard\u0131ndan herhangi bir ad\u0131m at\u0131lmad\u0131\u011f\u0131n\u0131 kaydetti.<br \/>Ba\u015fbakan \u00dcstel \u201cBat\u0131 yollar\u0131 \u00e7al\u0131\u015fmas\u0131n\u0131 tamamlad\u0131k. Bundan sonra Sadrazam, Kayalar ve \u00c7eml\u0131bel beldesinde yol yap\u0131m\u0131na devam edece\u011fiz\u201d diye konu\u015ftu. <\/p>\n<p>Ba\u015flat\u0131lan proje ile \u00c7atalk\u00f6y\u2019deki trafi\u011fin rahatlat\u0131laca\u011f\u0131n\u0131 s\u00f6yleyen Ba\u015fbakan \u00dcstel, \u201c8 h\u00fck\u00fcmet geldi. Muhalefet partileri de iktidara geldi ama bu yollar\u0131 ba\u015flatamad\u0131lar. Bizi ele\u015ftiriyorlar. Biz ele\u015ftirilere a\u00e7\u0131\u011f\u0131z ama yapt\u0131klar\u0131m\u0131z\u0131n g\u00f6z ard\u0131 edilmemesini de istiyoruz\u201d dedi. <\/p>\n<p>\u00dcstel Da\u011fyolu De\u011firmenlik aras\u0131ndaki yol i\u00e7in \u00e7al\u0131\u015fmalar\u0131n ise \u00f6n\u00fcm\u00fczdeki hafta i\u00e7inde ba\u015flat\u0131laca\u011f\u0131n\u0131 belirtti.<br \/>\u201cBir plan bir program yapt\u0131k. En acillerden ba\u015flad\u0131k ve yava\u015f yava\u015f devam ediyoruz.\u201d Diyen \u00dcstel Adan\u0131n d\u00f6rt yan\u0131n\u0131 \u015fantiye alan\u0131na \u00e7evirdiklerini kaydetti.<\/p>\n<\/p><\/div>\n<p><script async\n                    defer\n                    crossorigin=\"anonymous\"\n                    src=\"https:\/\/connect.facebook.net\/tr_TR\/sdk.js#xfbml=1&#038;version=v3.3\"\n            ><\/script><\/p>\n","protected":false},"excerpt":{"rendered":"<p>\u0130hale s\u00fcrecinin tamamlanmas\u0131n\u0131n ard\u0131ndan Girne Do\u011fu \u00c7evre Yolu 1. Etab\u0131 i\u00e7in \u00e7al\u0131\u015fmalar d\u00fczenlenen etkinlikle ba\u015flad\u0131. Etkinlikte konu\u015fan Bay\u0131nd\u0131rl\u0131k ve Ula\u015ft\u0131rma Bakan\u0131 Erhan Ar\u0131kl\u0131, projenin tamamen yerel kaynaklarla tamamlanaca\u011f\u0131n\u0131 kaydetti.\u015eu anda be\u015f noktada yol yap\u0131m\u0131 \u00e7al\u0131\u015fmalar\u0131n\u0131n devam etti\u011fini belirten Ar\u0131kl\u0131, bunun KKTC tarihinde g\u00f6r\u00fclmedi\u011fini, \u00dcstel h\u00fck\u00fcmetinin 50 y\u0131ld\u0131r yap\u0131lamayan\u0131 yapt\u0131\u011f\u0131n\u0131 s\u00f6yledi\u2026 Ar\u0131kl\u0131, 230 g\u00fcnde projenin tamamlanmas\u0131n\u0131n [&hellip;]<\/p>\n","protected":false},"author":1,"featured_media":29249,"comment_status":"open","ping_status":"open","sticky":false,"template":"","format":"standard","meta":{"jnews-multi-image_gallery":[],"jnews_single_post":[],"jnews_primary_category":[],"footnotes":""},"categories":[1],"tags":[],"class_list":["post-29248","post","type-post","status-publish","format-standard","has-post-thumbnail","hentry","category-kibris"],"yoast_head":"<!-- This site is optimized with the Yoast SEO plugin v27.5 - https:\/\/yoast.com\/product\/yoast-seo-wordpress\/ -->\n<title>Girne Do\u011fu \u00c7evre Yolu 1. Etab\u0131 i\u00e7in \u00e7al\u0131\u015fmalar ba\u015flad\u0131 - Haber Kuzey<\/title>\n<meta name=\"robots\" content=\"index, follow, max-snippet:-1, max-image-preview:large, max-video-preview:-1\" \/>\n<link rel=\"canonical\" href=\"https:\/\/haberkuzey.com\/index.php\/2025\/08\/11\/girne-dogu-cevre-yolu-1-etabi-icin-calismalar-basladi\/\" \/>\n<meta property=\"og:locale\" content=\"tr_TR\" \/>\n<meta property=\"og:type\" content=\"article\" \/>\n<meta property=\"og:title\" content=\"Girne Do\u011fu \u00c7evre Yolu 1. Etab\u0131 i\u00e7in \u00e7al\u0131\u015fmalar ba\u015flad\u0131 - Haber Kuzey\" \/>\n<meta property=\"og:description\" content=\"\u0130hale s\u00fcrecinin tamamlanmas\u0131n\u0131n ard\u0131ndan Girne Do\u011fu \u00c7evre Yolu 1. Etab\u0131 i\u00e7in \u00e7al\u0131\u015fmalar d\u00fczenlenen etkinlikle ba\u015flad\u0131. Etkinlikte konu\u015fan Bay\u0131nd\u0131rl\u0131k ve Ula\u015ft\u0131rma Bakan\u0131 Erhan Ar\u0131kl\u0131, projenin tamamen yerel kaynaklarla tamamlanaca\u011f\u0131n\u0131 kaydetti.\u015eu anda be\u015f noktada yol yap\u0131m\u0131 \u00e7al\u0131\u015fmalar\u0131n\u0131n devam etti\u011fini belirten Ar\u0131kl\u0131, bunun KKTC tarihinde g\u00f6r\u00fclmedi\u011fini, \u00dcstel h\u00fck\u00fcmetinin 50 y\u0131ld\u0131r yap\u0131lamayan\u0131 yapt\u0131\u011f\u0131n\u0131 s\u00f6yledi\u2026 Ar\u0131kl\u0131, 230 g\u00fcnde projenin tamamlanmas\u0131n\u0131n [&hellip;]\" \/>\n<meta property=\"og:url\" content=\"https:\/\/haberkuzey.com\/index.php\/2025\/08\/11\/girne-dogu-cevre-yolu-1-etabi-icin-calismalar-basladi\/\" \/>\n<meta property=\"og:site_name\" content=\"Haber Kuzey\" \/>\n<meta property=\"article:published_time\" content=\"2025-08-11T10:22:27+00:00\" \/>\n<meta property=\"og:image\" content=\"https:\/\/brtk.net\/wp-content\/uploads\/2025\/08\/11\/7d8382ac-fa4f-4819-91d9-6fd3201715df.jpeg?ver=ae21280022658a920b8ab8c74e99d53e\" \/>\n<meta name=\"author\" content=\"haberkuzey\" \/>\n<meta name=\"twitter:card\" content=\"summary_large_image\" \/>\n<meta name=\"twitter:label1\" content=\"Yazan:\" \/>\n\t<meta name=\"twitter:data1\" content=\"haberkuzey\" \/>\n\t<meta name=\"twitter:label2\" content=\"Tahmini okuma s\u00fcresi\" \/>\n\t<meta name=\"twitter:data2\" content=\"2 dakika\" \/>\n<script type=\"application\/ld+json\" class=\"yoast-schema-graph\">{\"@context\":\"https:\\\/\\\/schema.org\",\"@graph\":[{\"@type\":\"Article\",\"@id\":\"https:\\\/\\\/haberkuzey.com\\\/index.php\\\/2025\\\/08\\\/11\\\/girne-dogu-cevre-yolu-1-etabi-icin-calismalar-basladi\\\/#article\",\"isPartOf\":{\"@id\":\"https:\\\/\\\/haberkuzey.com\\\/index.php\\\/2025\\\/08\\\/11\\\/girne-dogu-cevre-yolu-1-etabi-icin-calismalar-basladi\\\/\"},\"author\":{\"name\":\"haberkuzey\",\"@id\":\"https:\\\/\\\/haberkuzey.com\\\/#\\\/schema\\\/person\\\/3372109ec735f9333f4fa47ebb9605ca\"},\"headline\":\"Girne Do\u011fu \u00c7evre Yolu 1. Etab\u0131 i\u00e7in \u00e7al\u0131\u015fmalar ba\u015flad\u0131\",\"datePublished\":\"2025-08-11T10:22:27+00:00\",\"mainEntityOfPage\":{\"@id\":\"https:\\\/\\\/haberkuzey.com\\\/index.php\\\/2025\\\/08\\\/11\\\/girne-dogu-cevre-yolu-1-etabi-icin-calismalar-basladi\\\/\"},\"wordCount\":488,\"commentCount\":0,\"image\":{\"@id\":\"https:\\\/\\\/haberkuzey.com\\\/index.php\\\/2025\\\/08\\\/11\\\/girne-dogu-cevre-yolu-1-etabi-icin-calismalar-basladi\\\/#primaryimage\"},\"thumbnailUrl\":\"https:\\\/\\\/haberkuzey.com\\\/wp-content\\\/uploads\\\/2025\\\/08\\\/7d8382ac-fa4f-4819-91d9-6fd3201715df.jpeg\",\"articleSection\":[\"K\u0131br\u0131s\"],\"inLanguage\":\"tr\",\"potentialAction\":[{\"@type\":\"CommentAction\",\"name\":\"Comment\",\"target\":[\"https:\\\/\\\/haberkuzey.com\\\/index.php\\\/2025\\\/08\\\/11\\\/girne-dogu-cevre-yolu-1-etabi-icin-calismalar-basladi\\\/#respond\"]}]},{\"@type\":\"WebPage\",\"@id\":\"https:\\\/\\\/haberkuzey.com\\\/index.php\\\/2025\\\/08\\\/11\\\/girne-dogu-cevre-yolu-1-etabi-icin-calismalar-basladi\\\/\",\"url\":\"https:\\\/\\\/haberkuzey.com\\\/index.php\\\/2025\\\/08\\\/11\\\/girne-dogu-cevre-yolu-1-etabi-icin-calismalar-basladi\\\/\",\"name\":\"Girne Do\u011fu \u00c7evre Yolu 1. Etab\u0131 i\u00e7in \u00e7al\u0131\u015fmalar ba\u015flad\u0131 - Haber Kuzey\",\"isPartOf\":{\"@id\":\"https:\\\/\\\/haberkuzey.com\\\/#website\"},\"primaryImageOfPage\":{\"@id\":\"https:\\\/\\\/haberkuzey.com\\\/index.php\\\/2025\\\/08\\\/11\\\/girne-dogu-cevre-yolu-1-etabi-icin-calismalar-basladi\\\/#primaryimage\"},\"image\":{\"@id\":\"https:\\\/\\\/haberkuzey.com\\\/index.php\\\/2025\\\/08\\\/11\\\/girne-dogu-cevre-yolu-1-etabi-icin-calismalar-basladi\\\/#primaryimage\"},\"thumbnailUrl\":\"https:\\\/\\\/haberkuzey.com\\\/wp-content\\\/uploads\\\/2025\\\/08\\\/7d8382ac-fa4f-4819-91d9-6fd3201715df.jpeg\",\"datePublished\":\"2025-08-11T10:22:27+00:00\",\"author\":{\"@id\":\"https:\\\/\\\/haberkuzey.com\\\/#\\\/schema\\\/person\\\/3372109ec735f9333f4fa47ebb9605ca\"},\"breadcrumb\":{\"@id\":\"https:\\\/\\\/haberkuzey.com\\\/index.php\\\/2025\\\/08\\\/11\\\/girne-dogu-cevre-yolu-1-etabi-icin-calismalar-basladi\\\/#breadcrumb\"},\"inLanguage\":\"tr\",\"potentialAction\":[{\"@type\":\"ReadAction\",\"target\":[\"https:\\\/\\\/haberkuzey.com\\\/index.php\\\/2025\\\/08\\\/11\\\/girne-dogu-cevre-yolu-1-etabi-icin-calismalar-basladi\\\/\"]}]},{\"@type\":\"ImageObject\",\"inLanguage\":\"tr\",\"@id\":\"https:\\\/\\\/haberkuzey.com\\\/index.php\\\/2025\\\/08\\\/11\\\/girne-dogu-cevre-yolu-1-etabi-icin-calismalar-basladi\\\/#primaryimage\",\"url\":\"https:\\\/\\\/haberkuzey.com\\\/wp-content\\\/uploads\\\/2025\\\/08\\\/7d8382ac-fa4f-4819-91d9-6fd3201715df.jpeg\",\"contentUrl\":\"https:\\\/\\\/haberkuzey.com\\\/wp-content\\\/uploads\\\/2025\\\/08\\\/7d8382ac-fa4f-4819-91d9-6fd3201715df.jpeg\",\"width\":1600,\"height\":1066},{\"@type\":\"BreadcrumbList\",\"@id\":\"https:\\\/\\\/haberkuzey.com\\\/index.php\\\/2025\\\/08\\\/11\\\/girne-dogu-cevre-yolu-1-etabi-icin-calismalar-basladi\\\/#breadcrumb\",\"itemListElement\":[{\"@type\":\"ListItem\",\"position\":1,\"name\":\"Anasayfa\",\"item\":\"https:\\\/\\\/haberkuzey.com\\\/\"},{\"@type\":\"ListItem\",\"position\":2,\"name\":\"Girne Do\u011fu \u00c7evre Yolu 1. Etab\u0131 i\u00e7in \u00e7al\u0131\u015fmalar ba\u015flad\u0131\"}]},{\"@type\":\"WebSite\",\"@id\":\"https:\\\/\\\/haberkuzey.com\\\/#website\",\"url\":\"https:\\\/\\\/haberkuzey.com\\\/\",\"name\":\"Haber Kuzey\",\"description\":\"Do\u011fru Haberin Adresi\",\"potentialAction\":[{\"@type\":\"SearchAction\",\"target\":{\"@type\":\"EntryPoint\",\"urlTemplate\":\"https:\\\/\\\/haberkuzey.com\\\/?s={search_term_string}\"},\"query-input\":{\"@type\":\"PropertyValueSpecification\",\"valueRequired\":true,\"valueName\":\"search_term_string\"}}],\"inLanguage\":\"tr\"},{\"@type\":\"Person\",\"@id\":\"https:\\\/\\\/haberkuzey.com\\\/#\\\/schema\\\/person\\\/3372109ec735f9333f4fa47ebb9605ca\",\"name\":\"haberkuzey\",\"image\":{\"@type\":\"ImageObject\",\"inLanguage\":\"tr\",\"@id\":\"https:\\\/\\\/secure.gravatar.com\\\/avatar\\\/f5fc875574b1575324358c3b9e6a32b8227aa5b74f3fa22e3cadb63e26fcc39c?s=96&d=mm&r=g\",\"url\":\"https:\\\/\\\/secure.gravatar.com\\\/avatar\\\/f5fc875574b1575324358c3b9e6a32b8227aa5b74f3fa22e3cadb63e26fcc39c?s=96&d=mm&r=g\",\"contentUrl\":\"https:\\\/\\\/secure.gravatar.com\\\/avatar\\\/f5fc875574b1575324358c3b9e6a32b8227aa5b74f3fa22e3cadb63e26fcc39c?s=96&d=mm&r=g\",\"caption\":\"haberkuzey\"},\"sameAs\":[\"https:\\\/\\\/haberkuzey.com\"],\"url\":\"https:\\\/\\\/haberkuzey.com\\\/index.php\\\/author\\\/haberkuzey\\\/\"}]}<\/script>\n<!-- \/ Yoast SEO plugin. -->","yoast_head_json":{"title":"Girne Do\u011fu \u00c7evre Yolu 1. Etab\u0131 i\u00e7in \u00e7al\u0131\u015fmalar ba\u015flad\u0131 - Haber Kuzey","robots":{"index":"index","follow":"follow","max-snippet":"max-snippet:-1","max-image-preview":"max-image-preview:large","max-video-preview":"max-video-preview:-1"},"canonical":"https:\/\/haberkuzey.com\/index.php\/2025\/08\/11\/girne-dogu-cevre-yolu-1-etabi-icin-calismalar-basladi\/","og_locale":"tr_TR","og_type":"article","og_title":"Girne Do\u011fu \u00c7evre Yolu 1. Etab\u0131 i\u00e7in \u00e7al\u0131\u015fmalar ba\u015flad\u0131 - Haber Kuzey","og_description":"\u0130hale s\u00fcrecinin tamamlanmas\u0131n\u0131n ard\u0131ndan Girne Do\u011fu \u00c7evre Yolu 1. Etab\u0131 i\u00e7in \u00e7al\u0131\u015fmalar d\u00fczenlenen etkinlikle ba\u015flad\u0131. Etkinlikte konu\u015fan Bay\u0131nd\u0131rl\u0131k ve Ula\u015ft\u0131rma Bakan\u0131 Erhan Ar\u0131kl\u0131, projenin tamamen yerel kaynaklarla tamamlanaca\u011f\u0131n\u0131 kaydetti.\u015eu anda be\u015f noktada yol yap\u0131m\u0131 \u00e7al\u0131\u015fmalar\u0131n\u0131n devam etti\u011fini belirten Ar\u0131kl\u0131, bunun KKTC tarihinde g\u00f6r\u00fclmedi\u011fini, \u00dcstel h\u00fck\u00fcmetinin 50 y\u0131ld\u0131r yap\u0131lamayan\u0131 yapt\u0131\u011f\u0131n\u0131 s\u00f6yledi\u2026 Ar\u0131kl\u0131, 230 g\u00fcnde projenin tamamlanmas\u0131n\u0131n [&hellip;]","og_url":"https:\/\/haberkuzey.com\/index.php\/2025\/08\/11\/girne-dogu-cevre-yolu-1-etabi-icin-calismalar-basladi\/","og_site_name":"Haber Kuzey","article_published_time":"2025-08-11T10:22:27+00:00","og_image":[{"url":"https:\/\/brtk.net\/wp-content\/uploads\/2025\/08\/11\/7d8382ac-fa4f-4819-91d9-6fd3201715df.jpeg?ver=ae21280022658a920b8ab8c74e99d53e","type":"","width":"","height":""}],"author":"haberkuzey","twitter_card":"summary_large_image","twitter_misc":{"Yazan:":"haberkuzey","Tahmini okuma s\u00fcresi":"2 dakika"},"schema":{"@context":"https:\/\/schema.org","@graph":[{"@type":"Article","@id":"https:\/\/haberkuzey.com\/index.php\/2025\/08\/11\/girne-dogu-cevre-yolu-1-etabi-icin-calismalar-basladi\/#article","isPartOf":{"@id":"https:\/\/haberkuzey.com\/index.php\/2025\/08\/11\/girne-dogu-cevre-yolu-1-etabi-icin-calismalar-basladi\/"},"author":{"name":"haberkuzey","@id":"https:\/\/haberkuzey.com\/#\/schema\/person\/3372109ec735f9333f4fa47ebb9605ca"},"headline":"Girne Do\u011fu \u00c7evre Yolu 1. Etab\u0131 i\u00e7in \u00e7al\u0131\u015fmalar ba\u015flad\u0131","datePublished":"2025-08-11T10:22:27+00:00","mainEntityOfPage":{"@id":"https:\/\/haberkuzey.com\/index.php\/2025\/08\/11\/girne-dogu-cevre-yolu-1-etabi-icin-calismalar-basladi\/"},"wordCount":488,"commentCount":0,"image":{"@id":"https:\/\/haberkuzey.com\/index.php\/2025\/08\/11\/girne-dogu-cevre-yolu-1-etabi-icin-calismalar-basladi\/#primaryimage"},"thumbnailUrl":"https:\/\/haberkuzey.com\/wp-content\/uploads\/2025\/08\/7d8382ac-fa4f-4819-91d9-6fd3201715df.jpeg","articleSection":["K\u0131br\u0131s"],"inLanguage":"tr","potentialAction":[{"@type":"CommentAction","name":"Comment","target":["https:\/\/haberkuzey.com\/index.php\/2025\/08\/11\/girne-dogu-cevre-yolu-1-etabi-icin-calismalar-basladi\/#respond"]}]},{"@type":"WebPage","@id":"https:\/\/haberkuzey.com\/index.php\/2025\/08\/11\/girne-dogu-cevre-yolu-1-etabi-icin-calismalar-basladi\/","url":"https:\/\/haberkuzey.com\/index.php\/2025\/08\/11\/girne-dogu-cevre-yolu-1-etabi-icin-calismalar-basladi\/","name":"Girne Do\u011fu \u00c7evre Yolu 1. Etab\u0131 i\u00e7in \u00e7al\u0131\u015fmalar ba\u015flad\u0131 - Haber Kuzey","isPartOf":{"@id":"https:\/\/haberkuzey.com\/#website"},"primaryImageOfPage":{"@id":"https:\/\/haberkuzey.com\/index.php\/2025\/08\/11\/girne-dogu-cevre-yolu-1-etabi-icin-calismalar-basladi\/#primaryimage"},"image":{"@id":"https:\/\/haberkuzey.com\/index.php\/2025\/08\/11\/girne-dogu-cevre-yolu-1-etabi-icin-calismalar-basladi\/#primaryimage"},"thumbnailUrl":"https:\/\/haberkuzey.com\/wp-content\/uploads\/2025\/08\/7d8382ac-fa4f-4819-91d9-6fd3201715df.jpeg","datePublished":"2025-08-11T10:22:27+00:00","author":{"@id":"https:\/\/haberkuzey.com\/#\/schema\/person\/3372109ec735f9333f4fa47ebb9605ca"},"breadcrumb":{"@id":"https:\/\/haberkuzey.com\/index.php\/2025\/08\/11\/girne-dogu-cevre-yolu-1-etabi-icin-calismalar-basladi\/#breadcrumb"},"inLanguage":"tr","potentialAction":[{"@type":"ReadAction","target":["https:\/\/haberkuzey.com\/index.php\/2025\/08\/11\/girne-dogu-cevre-yolu-1-etabi-icin-calismalar-basladi\/"]}]},{"@type":"ImageObject","inLanguage":"tr","@id":"https:\/\/haberkuzey.com\/index.php\/2025\/08\/11\/girne-dogu-cevre-yolu-1-etabi-icin-calismalar-basladi\/#primaryimage","url":"https:\/\/haberkuzey.com\/wp-content\/uploads\/2025\/08\/7d8382ac-fa4f-4819-91d9-6fd3201715df.jpeg","contentUrl":"https:\/\/haberkuzey.com\/wp-content\/uploads\/2025\/08\/7d8382ac-fa4f-4819-91d9-6fd3201715df.jpeg","width":1600,"height":1066},{"@type":"BreadcrumbList","@id":"https:\/\/haberkuzey.com\/index.php\/2025\/08\/11\/girne-dogu-cevre-yolu-1-etabi-icin-calismalar-basladi\/#breadcrumb","itemListElement":[{"@type":"ListItem","position":1,"name":"Anasayfa","item":"https:\/\/haberkuzey.com\/"},{"@type":"ListItem","position":2,"name":"Girne Do\u011fu \u00c7evre Yolu 1. Etab\u0131 i\u00e7in \u00e7al\u0131\u015fmalar ba\u015flad\u0131"}]},{"@type":"WebSite","@id":"https:\/\/haberkuzey.com\/#website","url":"https:\/\/haberkuzey.com\/","name":"Haber Kuzey","description":"Do\u011fru Haberin Adresi","potentialAction":[{"@type":"SearchAction","target":{"@type":"EntryPoint","urlTemplate":"https:\/\/haberkuzey.com\/?s={search_term_string}"},"query-input":{"@type":"PropertyValueSpecification","valueRequired":true,"valueName":"search_term_string"}}],"inLanguage":"tr"},{"@type":"Person","@id":"https:\/\/haberkuzey.com\/#\/schema\/person\/3372109ec735f9333f4fa47ebb9605ca","name":"haberkuzey","image":{"@type":"ImageObject","inLanguage":"tr","@id":"https:\/\/secure.gravatar.com\/avatar\/f5fc875574b1575324358c3b9e6a32b8227aa5b74f3fa22e3cadb63e26fcc39c?s=96&d=mm&r=g","url":"https:\/\/secure.gravatar.com\/avatar\/f5fc875574b1575324358c3b9e6a32b8227aa5b74f3fa22e3cadb63e26fcc39c?s=96&d=mm&r=g","contentUrl":"https:\/\/secure.gravatar.com\/avatar\/f5fc875574b1575324358c3b9e6a32b8227aa5b74f3fa22e3cadb63e26fcc39c?s=96&d=mm&r=g","caption":"haberkuzey"},"sameAs":["https:\/\/haberkuzey.com"],"url":"https:\/\/haberkuzey.com\/index.php\/author\/haberkuzey\/"}]}},"_links":{"self":[{"href":"https:\/\/haberkuzey.com\/index.php\/wp-json\/wp\/v2\/posts\/29248","targetHints":{"allow":["GET"]}}],"collection":[{"href":"https:\/\/haberkuzey.com\/index.php\/wp-json\/wp\/v2\/posts"}],"about":[{"href":"https:\/\/haberkuzey.com\/index.php\/wp-json\/wp\/v2\/types\/post"}],"author":[{"embeddable":true,"href":"https:\/\/haberkuzey.com\/index.php\/wp-json\/wp\/v2\/users\/1"}],"replies":[{"embeddable":true,"href":"https:\/\/haberkuzey.com\/index.php\/wp-json\/wp\/v2\/comments?post=29248"}],"version-history":[{"count":0,"href":"https:\/\/haberkuzey.com\/index.php\/wp-json\/wp\/v2\/posts\/29248\/revisions"}],"wp:featuredmedia":[{"embeddable":true,"href":"https:\/\/haberkuzey.com\/index.php\/wp-json\/wp\/v2\/media\/29249"}],"wp:attachment":[{"href":"https:\/\/haberkuzey.com\/index.php\/wp-json\/wp\/v2\/media?parent=29248"}],"wp:term":[{"taxonomy":"category","embeddable":true,"href":"https:\/\/haberkuzey.com\/index.php\/wp-json\/wp\/v2\/categories?post=29248"},{"taxonomy":"post_tag","embeddable":true,"href":"https:\/\/haberkuzey.com\/index.php\/wp-json\/wp\/v2\/tags?post=29248"}],"curies":[{"name":"wp","href":"https:\/\/api.w.org\/{rel}","templated":true}]}}