{"id":29230,"date":"2025-08-10T22:46:19","date_gmt":"2025-08-10T19:46:19","guid":{"rendered":"https:\/\/haberkuzey.com\/index.php\/2025\/08\/10\/ozturklerden-turkiyeye-gecmis-olsun-mesaji\/"},"modified":"2025-08-10T22:46:19","modified_gmt":"2025-08-10T19:46:19","slug":"ozturklerden-turkiyeye-gecmis-olsun-mesaji","status":"publish","type":"post","link":"https:\/\/haberkuzey.com\/index.php\/2025\/08\/10\/ozturklerden-turkiyeye-gecmis-olsun-mesaji\/","title":{"rendered":"\u00d6zt\u00fcrkler\u2019den T\u00fcrkiye\u2019ye ge\u00e7mi\u015f olsun mesaj\u0131"},"content":{"rendered":"<div>\n<div class=\"mariselle-image-container center\">\n                                            <\/div>\n<p>Cumhuriyet Meclisi Ba\u015fkan\u0131 Ziya \u00d6zt\u00fcrkler, T\u00fcrkiye\u2019nin Bal\u0131kesir ilinde meydana gelen 6.1 b\u00fcy\u00fckl\u00fc\u011f\u00fcndeki depremin ard\u0131ndan\u00a0 ge\u00e7mi\u015f olsun mesaj\u0131 yay\u0131mlad\u0131.<\/p>\n<p>\u00d6zt\u00fcrkler mesaj\u0131nda, \u201cAnavatan T\u00fcrkiye\u2019nin ya\u015fad\u0131\u011f\u0131 bu sars\u0131nt\u0131n\u0131n \u00fcz\u00fcnt\u00fcs\u00fcn\u00fc derin bir \u015fekilde payla\u015f\u0131yorum. Yaralanmalar d\u0131\u015f\u0131nda \u015fu ana kadar can kayb\u0131n\u0131n olmamas\u0131 en b\u00fcy\u00fck tesellimizdir. \u0130n\u015fallah can kayb\u0131 ya\u015fanmadan bu s\u00fcre\u00e7 tamamlan\u0131r. K\u0131br\u0131s T\u00fcrk halk\u0131 ve Cumhuriyet Meclisi olarak depremden etkilenen t\u00fcm vatanda\u015flara dayan\u0131\u015fma ve destek mesajlar\u0131m\u0131z\u0131 iletiyoruz\u201d ifadelerine yer verdi.<\/p>\n<\/p><\/div>\n<p><script async\n                    defer\n                    crossorigin=\"anonymous\"\n                    src=\"https:\/\/connect.facebook.net\/tr_TR\/sdk.js#xfbml=1&#038;version=v3.3\"\n            ><\/script><\/p>\n","protected":false},"excerpt":{"rendered":"<p>Cumhuriyet Meclisi Ba\u015fkan\u0131 Ziya \u00d6zt\u00fcrkler, T\u00fcrkiye\u2019nin Bal\u0131kesir ilinde meydana gelen 6.1 b\u00fcy\u00fckl\u00fc\u011f\u00fcndeki depremin ard\u0131ndan\u00a0 ge\u00e7mi\u015f olsun mesaj\u0131 yay\u0131mlad\u0131. \u00d6zt\u00fcrkler mesaj\u0131nda, \u201cAnavatan T\u00fcrkiye\u2019nin ya\u015fad\u0131\u011f\u0131 bu sars\u0131nt\u0131n\u0131n \u00fcz\u00fcnt\u00fcs\u00fcn\u00fc derin bir \u015fekilde payla\u015f\u0131yorum. Yaralanmalar d\u0131\u015f\u0131nda \u015fu ana kadar can kayb\u0131n\u0131n olmamas\u0131 en b\u00fcy\u00fck tesellimizdir. \u0130n\u015fallah can kayb\u0131 ya\u015fanmadan bu s\u00fcre\u00e7 tamamlan\u0131r. K\u0131br\u0131s T\u00fcrk halk\u0131 ve Cumhuriyet Meclisi olarak [&hellip;]<\/p>\n","protected":false},"author":1,"featured_media":27220,"comment_status":"open","ping_status":"open","sticky":false,"template":"","format":"standard","meta":{"jnews-multi-image_gallery":[],"jnews_single_post":[],"jnews_primary_category":[],"footnotes":""},"categories":[1],"tags":[],"class_list":["post-29230","post","type-post","status-publish","format-standard","has-post-thumbnail","hentry","category-kibris"],"yoast_head":"<!-- This site is optimized with the Yoast SEO plugin v27.5 - https:\/\/yoast.com\/product\/yoast-seo-wordpress\/ -->\n<title>\u00d6zt\u00fcrkler\u2019den T\u00fcrkiye\u2019ye ge\u00e7mi\u015f olsun mesaj\u0131 - Haber Kuzey<\/title>\n<meta name=\"robots\" content=\"index, follow, max-snippet:-1, max-image-preview:large, max-video-preview:-1\" \/>\n<link rel=\"canonical\" href=\"https:\/\/haberkuzey.com\/index.php\/2025\/08\/10\/ozturklerden-turkiyeye-gecmis-olsun-mesaji\/\" \/>\n<meta property=\"og:locale\" content=\"tr_TR\" \/>\n<meta property=\"og:type\" content=\"article\" \/>\n<meta property=\"og:title\" content=\"\u00d6zt\u00fcrkler\u2019den T\u00fcrkiye\u2019ye ge\u00e7mi\u015f olsun mesaj\u0131 - Haber Kuzey\" \/>\n<meta property=\"og:description\" content=\"Cumhuriyet Meclisi Ba\u015fkan\u0131 Ziya \u00d6zt\u00fcrkler, T\u00fcrkiye\u2019nin Bal\u0131kesir ilinde meydana gelen 6.1 b\u00fcy\u00fckl\u00fc\u011f\u00fcndeki depremin ard\u0131ndan\u00a0 ge\u00e7mi\u015f olsun mesaj\u0131 yay\u0131mlad\u0131. \u00d6zt\u00fcrkler mesaj\u0131nda, \u201cAnavatan T\u00fcrkiye\u2019nin ya\u015fad\u0131\u011f\u0131 bu sars\u0131nt\u0131n\u0131n \u00fcz\u00fcnt\u00fcs\u00fcn\u00fc derin bir \u015fekilde payla\u015f\u0131yorum. Yaralanmalar d\u0131\u015f\u0131nda \u015fu ana kadar can kayb\u0131n\u0131n olmamas\u0131 en b\u00fcy\u00fck tesellimizdir. \u0130n\u015fallah can kayb\u0131 ya\u015fanmadan bu s\u00fcre\u00e7 tamamlan\u0131r. K\u0131br\u0131s T\u00fcrk halk\u0131 ve Cumhuriyet Meclisi olarak [&hellip;]\" \/>\n<meta property=\"og:url\" content=\"https:\/\/haberkuzey.com\/index.php\/2025\/08\/10\/ozturklerden-turkiyeye-gecmis-olsun-mesaji\/\" \/>\n<meta property=\"og:site_name\" content=\"Haber Kuzey\" \/>\n<meta property=\"article:published_time\" content=\"2025-08-10T19:46:19+00:00\" \/>\n<meta property=\"og:image\" content=\"https:\/\/brtk.net\/wp-content\/uploads\/2025\/06\/17\/1750167545091Meclis-Baskani-Ziya-Ozturkler-basin-aciklamasi-so.jpg?ver=7ef60351a14efa0dbab741eabc9ba10b\" \/>\n<meta name=\"author\" content=\"haberkuzey\" \/>\n<meta name=\"twitter:card\" content=\"summary_large_image\" \/>\n<meta name=\"twitter:label1\" content=\"Yazan:\" \/>\n\t<meta name=\"twitter:data1\" content=\"haberkuzey\" \/>\n\t<meta name=\"twitter:label2\" content=\"Tahmini okuma s\u00fcresi\" \/>\n\t<meta name=\"twitter:data2\" content=\"1 dakika\" \/>\n<script type=\"application\/ld+json\" class=\"yoast-schema-graph\">{\"@context\":\"https:\\\/\\\/schema.org\",\"@graph\":[{\"@type\":\"Article\",\"@id\":\"https:\\\/\\\/haberkuzey.com\\\/index.php\\\/2025\\\/08\\\/10\\\/ozturklerden-turkiyeye-gecmis-olsun-mesaji\\\/#article\",\"isPartOf\":{\"@id\":\"https:\\\/\\\/haberkuzey.com\\\/index.php\\\/2025\\\/08\\\/10\\\/ozturklerden-turkiyeye-gecmis-olsun-mesaji\\\/\"},\"author\":{\"name\":\"haberkuzey\",\"@id\":\"https:\\\/\\\/haberkuzey.com\\\/#\\\/schema\\\/person\\\/3372109ec735f9333f4fa47ebb9605ca\"},\"headline\":\"\u00d6zt\u00fcrkler\u2019den T\u00fcrkiye\u2019ye ge\u00e7mi\u015f olsun mesaj\u0131\",\"datePublished\":\"2025-08-10T19:46:19+00:00\",\"mainEntityOfPage\":{\"@id\":\"https:\\\/\\\/haberkuzey.com\\\/index.php\\\/2025\\\/08\\\/10\\\/ozturklerden-turkiyeye-gecmis-olsun-mesaji\\\/\"},\"wordCount\":116,\"commentCount\":0,\"image\":{\"@id\":\"https:\\\/\\\/haberkuzey.com\\\/index.php\\\/2025\\\/08\\\/10\\\/ozturklerden-turkiyeye-gecmis-olsun-mesaji\\\/#primaryimage\"},\"thumbnailUrl\":\"https:\\\/\\\/haberkuzey.com\\\/wp-content\\\/uploads\\\/2025\\\/07\\\/1750167545091Meclis-Baskani-Ziya-Ozturkler-basin-aciklamasi-so.jpg\",\"articleSection\":[\"K\u0131br\u0131s\"],\"inLanguage\":\"tr\",\"potentialAction\":[{\"@type\":\"CommentAction\",\"name\":\"Comment\",\"target\":[\"https:\\\/\\\/haberkuzey.com\\\/index.php\\\/2025\\\/08\\\/10\\\/ozturklerden-turkiyeye-gecmis-olsun-mesaji\\\/#respond\"]}]},{\"@type\":\"WebPage\",\"@id\":\"https:\\\/\\\/haberkuzey.com\\\/index.php\\\/2025\\\/08\\\/10\\\/ozturklerden-turkiyeye-gecmis-olsun-mesaji\\\/\",\"url\":\"https:\\\/\\\/haberkuzey.com\\\/index.php\\\/2025\\\/08\\\/10\\\/ozturklerden-turkiyeye-gecmis-olsun-mesaji\\\/\",\"name\":\"\u00d6zt\u00fcrkler\u2019den T\u00fcrkiye\u2019ye ge\u00e7mi\u015f olsun mesaj\u0131 - Haber Kuzey\",\"isPartOf\":{\"@id\":\"https:\\\/\\\/haberkuzey.com\\\/#website\"},\"primaryImageOfPage\":{\"@id\":\"https:\\\/\\\/haberkuzey.com\\\/index.php\\\/2025\\\/08\\\/10\\\/ozturklerden-turkiyeye-gecmis-olsun-mesaji\\\/#primaryimage\"},\"image\":{\"@id\":\"https:\\\/\\\/haberkuzey.com\\\/index.php\\\/2025\\\/08\\\/10\\\/ozturklerden-turkiyeye-gecmis-olsun-mesaji\\\/#primaryimage\"},\"thumbnailUrl\":\"https:\\\/\\\/haberkuzey.com\\\/wp-content\\\/uploads\\\/2025\\\/07\\\/1750167545091Meclis-Baskani-Ziya-Ozturkler-basin-aciklamasi-so.jpg\",\"datePublished\":\"2025-08-10T19:46:19+00:00\",\"author\":{\"@id\":\"https:\\\/\\\/haberkuzey.com\\\/#\\\/schema\\\/person\\\/3372109ec735f9333f4fa47ebb9605ca\"},\"breadcrumb\":{\"@id\":\"https:\\\/\\\/haberkuzey.com\\\/index.php\\\/2025\\\/08\\\/10\\\/ozturklerden-turkiyeye-gecmis-olsun-mesaji\\\/#breadcrumb\"},\"inLanguage\":\"tr\",\"potentialAction\":[{\"@type\":\"ReadAction\",\"target\":[\"https:\\\/\\\/haberkuzey.com\\\/index.php\\\/2025\\\/08\\\/10\\\/ozturklerden-turkiyeye-gecmis-olsun-mesaji\\\/\"]}]},{\"@type\":\"ImageObject\",\"inLanguage\":\"tr\",\"@id\":\"https:\\\/\\\/haberkuzey.com\\\/index.php\\\/2025\\\/08\\\/10\\\/ozturklerden-turkiyeye-gecmis-olsun-mesaji\\\/#primaryimage\",\"url\":\"https:\\\/\\\/haberkuzey.com\\\/wp-content\\\/uploads\\\/2025\\\/07\\\/1750167545091Meclis-Baskani-Ziya-Ozturkler-basin-aciklamasi-so.jpg\",\"contentUrl\":\"https:\\\/\\\/haberkuzey.com\\\/wp-content\\\/uploads\\\/2025\\\/07\\\/1750167545091Meclis-Baskani-Ziya-Ozturkler-basin-aciklamasi-so.jpg\",\"width\":2480,\"height\":1654},{\"@type\":\"BreadcrumbList\",\"@id\":\"https:\\\/\\\/haberkuzey.com\\\/index.php\\\/2025\\\/08\\\/10\\\/ozturklerden-turkiyeye-gecmis-olsun-mesaji\\\/#breadcrumb\",\"itemListElement\":[{\"@type\":\"ListItem\",\"position\":1,\"name\":\"Anasayfa\",\"item\":\"https:\\\/\\\/haberkuzey.com\\\/\"},{\"@type\":\"ListItem\",\"position\":2,\"name\":\"\u00d6zt\u00fcrkler\u2019den T\u00fcrkiye\u2019ye ge\u00e7mi\u015f olsun mesaj\u0131\"}]},{\"@type\":\"WebSite\",\"@id\":\"https:\\\/\\\/haberkuzey.com\\\/#website\",\"url\":\"https:\\\/\\\/haberkuzey.com\\\/\",\"name\":\"Haber Kuzey\",\"description\":\"Do\u011fru Haberin Adresi\",\"potentialAction\":[{\"@type\":\"SearchAction\",\"target\":{\"@type\":\"EntryPoint\",\"urlTemplate\":\"https:\\\/\\\/haberkuzey.com\\\/?s={search_term_string}\"},\"query-input\":{\"@type\":\"PropertyValueSpecification\",\"valueRequired\":true,\"valueName\":\"search_term_string\"}}],\"inLanguage\":\"tr\"},{\"@type\":\"Person\",\"@id\":\"https:\\\/\\\/haberkuzey.com\\\/#\\\/schema\\\/person\\\/3372109ec735f9333f4fa47ebb9605ca\",\"name\":\"haberkuzey\",\"image\":{\"@type\":\"ImageObject\",\"inLanguage\":\"tr\",\"@id\":\"https:\\\/\\\/secure.gravatar.com\\\/avatar\\\/f5fc875574b1575324358c3b9e6a32b8227aa5b74f3fa22e3cadb63e26fcc39c?s=96&d=mm&r=g\",\"url\":\"https:\\\/\\\/secure.gravatar.com\\\/avatar\\\/f5fc875574b1575324358c3b9e6a32b8227aa5b74f3fa22e3cadb63e26fcc39c?s=96&d=mm&r=g\",\"contentUrl\":\"https:\\\/\\\/secure.gravatar.com\\\/avatar\\\/f5fc875574b1575324358c3b9e6a32b8227aa5b74f3fa22e3cadb63e26fcc39c?s=96&d=mm&r=g\",\"caption\":\"haberkuzey\"},\"sameAs\":[\"https:\\\/\\\/haberkuzey.com\"],\"url\":\"https:\\\/\\\/haberkuzey.com\\\/index.php\\\/author\\\/haberkuzey\\\/\"}]}<\/script>\n<!-- \/ Yoast SEO plugin. -->","yoast_head_json":{"title":"\u00d6zt\u00fcrkler\u2019den T\u00fcrkiye\u2019ye ge\u00e7mi\u015f olsun mesaj\u0131 - Haber Kuzey","robots":{"index":"index","follow":"follow","max-snippet":"max-snippet:-1","max-image-preview":"max-image-preview:large","max-video-preview":"max-video-preview:-1"},"canonical":"https:\/\/haberkuzey.com\/index.php\/2025\/08\/10\/ozturklerden-turkiyeye-gecmis-olsun-mesaji\/","og_locale":"tr_TR","og_type":"article","og_title":"\u00d6zt\u00fcrkler\u2019den T\u00fcrkiye\u2019ye ge\u00e7mi\u015f olsun mesaj\u0131 - Haber Kuzey","og_description":"Cumhuriyet Meclisi Ba\u015fkan\u0131 Ziya \u00d6zt\u00fcrkler, T\u00fcrkiye\u2019nin Bal\u0131kesir ilinde meydana gelen 6.1 b\u00fcy\u00fckl\u00fc\u011f\u00fcndeki depremin ard\u0131ndan\u00a0 ge\u00e7mi\u015f olsun mesaj\u0131 yay\u0131mlad\u0131. \u00d6zt\u00fcrkler mesaj\u0131nda, \u201cAnavatan T\u00fcrkiye\u2019nin ya\u015fad\u0131\u011f\u0131 bu sars\u0131nt\u0131n\u0131n \u00fcz\u00fcnt\u00fcs\u00fcn\u00fc derin bir \u015fekilde payla\u015f\u0131yorum. Yaralanmalar d\u0131\u015f\u0131nda \u015fu ana kadar can kayb\u0131n\u0131n olmamas\u0131 en b\u00fcy\u00fck tesellimizdir. \u0130n\u015fallah can kayb\u0131 ya\u015fanmadan bu s\u00fcre\u00e7 tamamlan\u0131r. K\u0131br\u0131s T\u00fcrk halk\u0131 ve Cumhuriyet Meclisi olarak [&hellip;]","og_url":"https:\/\/haberkuzey.com\/index.php\/2025\/08\/10\/ozturklerden-turkiyeye-gecmis-olsun-mesaji\/","og_site_name":"Haber Kuzey","article_published_time":"2025-08-10T19:46:19+00:00","og_image":[{"url":"https:\/\/brtk.net\/wp-content\/uploads\/2025\/06\/17\/1750167545091Meclis-Baskani-Ziya-Ozturkler-basin-aciklamasi-so.jpg?ver=7ef60351a14efa0dbab741eabc9ba10b","type":"","width":"","height":""}],"author":"haberkuzey","twitter_card":"summary_large_image","twitter_misc":{"Yazan:":"haberkuzey","Tahmini okuma s\u00fcresi":"1 dakika"},"schema":{"@context":"https:\/\/schema.org","@graph":[{"@type":"Article","@id":"https:\/\/haberkuzey.com\/index.php\/2025\/08\/10\/ozturklerden-turkiyeye-gecmis-olsun-mesaji\/#article","isPartOf":{"@id":"https:\/\/haberkuzey.com\/index.php\/2025\/08\/10\/ozturklerden-turkiyeye-gecmis-olsun-mesaji\/"},"author":{"name":"haberkuzey","@id":"https:\/\/haberkuzey.com\/#\/schema\/person\/3372109ec735f9333f4fa47ebb9605ca"},"headline":"\u00d6zt\u00fcrkler\u2019den T\u00fcrkiye\u2019ye ge\u00e7mi\u015f olsun mesaj\u0131","datePublished":"2025-08-10T19:46:19+00:00","mainEntityOfPage":{"@id":"https:\/\/haberkuzey.com\/index.php\/2025\/08\/10\/ozturklerden-turkiyeye-gecmis-olsun-mesaji\/"},"wordCount":116,"commentCount":0,"image":{"@id":"https:\/\/haberkuzey.com\/index.php\/2025\/08\/10\/ozturklerden-turkiyeye-gecmis-olsun-mesaji\/#primaryimage"},"thumbnailUrl":"https:\/\/haberkuzey.com\/wp-content\/uploads\/2025\/07\/1750167545091Meclis-Baskani-Ziya-Ozturkler-basin-aciklamasi-so.jpg","articleSection":["K\u0131br\u0131s"],"inLanguage":"tr","potentialAction":[{"@type":"CommentAction","name":"Comment","target":["https:\/\/haberkuzey.com\/index.php\/2025\/08\/10\/ozturklerden-turkiyeye-gecmis-olsun-mesaji\/#respond"]}]},{"@type":"WebPage","@id":"https:\/\/haberkuzey.com\/index.php\/2025\/08\/10\/ozturklerden-turkiyeye-gecmis-olsun-mesaji\/","url":"https:\/\/haberkuzey.com\/index.php\/2025\/08\/10\/ozturklerden-turkiyeye-gecmis-olsun-mesaji\/","name":"\u00d6zt\u00fcrkler\u2019den T\u00fcrkiye\u2019ye ge\u00e7mi\u015f olsun mesaj\u0131 - Haber Kuzey","isPartOf":{"@id":"https:\/\/haberkuzey.com\/#website"},"primaryImageOfPage":{"@id":"https:\/\/haberkuzey.com\/index.php\/2025\/08\/10\/ozturklerden-turkiyeye-gecmis-olsun-mesaji\/#primaryimage"},"image":{"@id":"https:\/\/haberkuzey.com\/index.php\/2025\/08\/10\/ozturklerden-turkiyeye-gecmis-olsun-mesaji\/#primaryimage"},"thumbnailUrl":"https:\/\/haberkuzey.com\/wp-content\/uploads\/2025\/07\/1750167545091Meclis-Baskani-Ziya-Ozturkler-basin-aciklamasi-so.jpg","datePublished":"2025-08-10T19:46:19+00:00","author":{"@id":"https:\/\/haberkuzey.com\/#\/schema\/person\/3372109ec735f9333f4fa47ebb9605ca"},"breadcrumb":{"@id":"https:\/\/haberkuzey.com\/index.php\/2025\/08\/10\/ozturklerden-turkiyeye-gecmis-olsun-mesaji\/#breadcrumb"},"inLanguage":"tr","potentialAction":[{"@type":"ReadAction","target":["https:\/\/haberkuzey.com\/index.php\/2025\/08\/10\/ozturklerden-turkiyeye-gecmis-olsun-mesaji\/"]}]},{"@type":"ImageObject","inLanguage":"tr","@id":"https:\/\/haberkuzey.com\/index.php\/2025\/08\/10\/ozturklerden-turkiyeye-gecmis-olsun-mesaji\/#primaryimage","url":"https:\/\/haberkuzey.com\/wp-content\/uploads\/2025\/07\/1750167545091Meclis-Baskani-Ziya-Ozturkler-basin-aciklamasi-so.jpg","contentUrl":"https:\/\/haberkuzey.com\/wp-content\/uploads\/2025\/07\/1750167545091Meclis-Baskani-Ziya-Ozturkler-basin-aciklamasi-so.jpg","width":2480,"height":1654},{"@type":"BreadcrumbList","@id":"https:\/\/haberkuzey.com\/index.php\/2025\/08\/10\/ozturklerden-turkiyeye-gecmis-olsun-mesaji\/#breadcrumb","itemListElement":[{"@type":"ListItem","position":1,"name":"Anasayfa","item":"https:\/\/haberkuzey.com\/"},{"@type":"ListItem","position":2,"name":"\u00d6zt\u00fcrkler\u2019den T\u00fcrkiye\u2019ye ge\u00e7mi\u015f olsun mesaj\u0131"}]},{"@type":"WebSite","@id":"https:\/\/haberkuzey.com\/#website","url":"https:\/\/haberkuzey.com\/","name":"Haber Kuzey","description":"Do\u011fru Haberin Adresi","potentialAction":[{"@type":"SearchAction","target":{"@type":"EntryPoint","urlTemplate":"https:\/\/haberkuzey.com\/?s={search_term_string}"},"query-input":{"@type":"PropertyValueSpecification","valueRequired":true,"valueName":"search_term_string"}}],"inLanguage":"tr"},{"@type":"Person","@id":"https:\/\/haberkuzey.com\/#\/schema\/person\/3372109ec735f9333f4fa47ebb9605ca","name":"haberkuzey","image":{"@type":"ImageObject","inLanguage":"tr","@id":"https:\/\/secure.gravatar.com\/avatar\/f5fc875574b1575324358c3b9e6a32b8227aa5b74f3fa22e3cadb63e26fcc39c?s=96&d=mm&r=g","url":"https:\/\/secure.gravatar.com\/avatar\/f5fc875574b1575324358c3b9e6a32b8227aa5b74f3fa22e3cadb63e26fcc39c?s=96&d=mm&r=g","contentUrl":"https:\/\/secure.gravatar.com\/avatar\/f5fc875574b1575324358c3b9e6a32b8227aa5b74f3fa22e3cadb63e26fcc39c?s=96&d=mm&r=g","caption":"haberkuzey"},"sameAs":["https:\/\/haberkuzey.com"],"url":"https:\/\/haberkuzey.com\/index.php\/author\/haberkuzey\/"}]}},"_links":{"self":[{"href":"https:\/\/haberkuzey.com\/index.php\/wp-json\/wp\/v2\/posts\/29230","targetHints":{"allow":["GET"]}}],"collection":[{"href":"https:\/\/haberkuzey.com\/index.php\/wp-json\/wp\/v2\/posts"}],"about":[{"href":"https:\/\/haberkuzey.com\/index.php\/wp-json\/wp\/v2\/types\/post"}],"author":[{"embeddable":true,"href":"https:\/\/haberkuzey.com\/index.php\/wp-json\/wp\/v2\/users\/1"}],"replies":[{"embeddable":true,"href":"https:\/\/haberkuzey.com\/index.php\/wp-json\/wp\/v2\/comments?post=29230"}],"version-history":[{"count":0,"href":"https:\/\/haberkuzey.com\/index.php\/wp-json\/wp\/v2\/posts\/29230\/revisions"}],"wp:featuredmedia":[{"embeddable":true,"href":"https:\/\/haberkuzey.com\/index.php\/wp-json\/wp\/v2\/media\/27220"}],"wp:attachment":[{"href":"https:\/\/haberkuzey.com\/index.php\/wp-json\/wp\/v2\/media?parent=29230"}],"wp:term":[{"taxonomy":"category","embeddable":true,"href":"https:\/\/haberkuzey.com\/index.php\/wp-json\/wp\/v2\/categories?post=29230"},{"taxonomy":"post_tag","embeddable":true,"href":"https:\/\/haberkuzey.com\/index.php\/wp-json\/wp\/v2\/tags?post=29230"}],"curies":[{"name":"wp","href":"https:\/\/api.w.org\/{rel}","templated":true}]}}