{"id":29214,"date":"2025-08-10T15:08:31","date_gmt":"2025-08-10T12:08:31","guid":{"rendered":"https:\/\/haberkuzey.com\/index.php\/2025\/08\/10\/kalkanli-piknik-alaninda-cevre-etkinligi-duzenlendi\/"},"modified":"2025-08-10T15:08:31","modified_gmt":"2025-08-10T12:08:31","slug":"kalkanli-piknik-alaninda-cevre-etkinligi-duzenlendi","status":"publish","type":"post","link":"https:\/\/haberkuzey.com\/index.php\/2025\/08\/10\/kalkanli-piknik-alaninda-cevre-etkinligi-duzenlendi\/","title":{"rendered":"Kalkanl\u0131 Piknik Alan\u0131\u2019nda \u00e7evre etkinli\u011fi d\u00fczenlendi"},"content":{"rendered":"<div>\n<div class=\"mariselle-image-container center\">\n                                            <\/div>\n<p>   Kalkanl\u0131 An\u0131t Zeytin A\u011fa\u00e7lar\u0131n\u0131 Koruma Birli\u011fi \u00f6nc\u00fcl\u00fc\u011f\u00fcnde, Kalkanl\u0131 Muhtarl\u0131\u011f\u0131, Kalkanl\u0131 Yard\u0131mla\u015fma ve Dayan\u0131\u015fma Derne\u011fi, Kalkanl\u0131 Avc\u0131l\u0131k At\u0131c\u0131l\u0131k Birli\u011fi i\u015fbirli\u011fiyle ve Lapta Alsancak \u00c7aml\u0131bel Belediyesi ile Tar\u0131m ve Do\u011fal Kaynaklar Bakanl\u0131\u011f\u0131 Su \u0130\u015fleri Dairesi katk\u0131lar\u0131yla Kalkanl\u0131 Piknik Alan\u0131\u2019nda \u00e7evre etkinli\u011fi d\u00fczenlendi.<\/p>\n<p>  \u2018Nas\u0131l bulmak istiyorsan \u00f6yle b\u0131rak\u2019 slogan\u0131yla d\u00fczenlenen etkinlikte, b\u00f6lgedeki \u00e7\u00f6pler toplanarak, i\u015f ara\u00e7lar\u0131yla \u00e7evre temizli\u011fi yap\u0131ld\u0131.<\/p>\n<p>  Etkinlikle ilgili olarak BRT\u2019ye bilgi veren Kalkanl\u0131 An\u0131t Zeytin A\u011fa\u00e7lar\u0131n\u0131 Koruma Birli\u011fi Ba\u015fkan\u0131 Osman Ka\u015f, An\u0131t Zeytin a\u011fa\u00e7lar\u0131n\u0131n korunmas\u0131 ve  turizme kazand\u0131r\u0131lmas\u0131 i\u00e7in \u00e7e\u015fitli etkinlikler ve toplant\u0131lar d\u00fczenlediklerini anlatarak, bu \u00e7al\u0131\u015fmalar\u0131n s\u00fcrece\u011fini ve b\u00f6lgeye dikkat \u00e7ekmeye devam edeceklerini s\u00f6yledi.<\/p>\n<p>  Ka\u015f, Kalkanl\u0131 piknik alan\u0131ndaki kirlili\u011fi ortadan kald\u0131rmak i\u00e7in de etkinlik d\u00fczenlediklerini ifade ederek, ama\u00e7lar\u0131n\u0131n an\u0131t zeytin a\u011fa\u00e7lar\u0131na giden ve 4 yerden \u00e7\u0131kan suyun ortaya \u00e7\u0131kar\u0131lmas\u0131, yollar\u0131n temizlenmesi ve  beton kanallar\u0131n \u00f6\u011frenilmesi oldu\u011funu kaydetti.<\/p>\n<p> Ka\u015f, etkinli\u011fe kat\u0131lan ve katk\u0131 koyan herkese te\u015fekk\u00fcr etti.<\/p>\n<\/p><\/div>\n<p><script async\n                    defer\n                    crossorigin=\"anonymous\"\n                    src=\"https:\/\/connect.facebook.net\/tr_TR\/sdk.js#xfbml=1&#038;version=v3.3\"\n            ><\/script><\/p>\n","protected":false},"excerpt":{"rendered":"<p>Kalkanl\u0131 An\u0131t Zeytin A\u011fa\u00e7lar\u0131n\u0131 Koruma Birli\u011fi \u00f6nc\u00fcl\u00fc\u011f\u00fcnde, Kalkanl\u0131 Muhtarl\u0131\u011f\u0131, Kalkanl\u0131 Yard\u0131mla\u015fma ve Dayan\u0131\u015fma Derne\u011fi, Kalkanl\u0131 Avc\u0131l\u0131k At\u0131c\u0131l\u0131k Birli\u011fi i\u015fbirli\u011fiyle ve Lapta Alsancak \u00c7aml\u0131bel Belediyesi ile Tar\u0131m ve Do\u011fal Kaynaklar Bakanl\u0131\u011f\u0131 Su \u0130\u015fleri Dairesi katk\u0131lar\u0131yla Kalkanl\u0131 Piknik Alan\u0131\u2019nda \u00e7evre etkinli\u011fi d\u00fczenlendi. \u2018Nas\u0131l bulmak istiyorsan \u00f6yle b\u0131rak\u2019 slogan\u0131yla d\u00fczenlenen etkinlikte, b\u00f6lgedeki \u00e7\u00f6pler toplanarak, i\u015f ara\u00e7lar\u0131yla \u00e7evre temizli\u011fi [&hellip;]<\/p>\n","protected":false},"author":1,"featured_media":29215,"comment_status":"open","ping_status":"open","sticky":false,"template":"","format":"standard","meta":{"jnews-multi-image_gallery":[],"jnews_single_post":[],"jnews_primary_category":[],"footnotes":""},"categories":[1],"tags":[],"class_list":["post-29214","post","type-post","status-publish","format-standard","has-post-thumbnail","hentry","category-kibris"],"yoast_head":"<!-- This site is optimized with the Yoast SEO plugin v27.5 - https:\/\/yoast.com\/product\/yoast-seo-wordpress\/ -->\n<title>Kalkanl\u0131 Piknik Alan\u0131\u2019nda \u00e7evre etkinli\u011fi d\u00fczenlendi - Haber Kuzey<\/title>\n<meta name=\"robots\" content=\"index, follow, max-snippet:-1, max-image-preview:large, max-video-preview:-1\" \/>\n<link rel=\"canonical\" href=\"https:\/\/haberkuzey.com\/index.php\/2025\/08\/10\/kalkanli-piknik-alaninda-cevre-etkinligi-duzenlendi\/\" \/>\n<meta property=\"og:locale\" content=\"tr_TR\" \/>\n<meta property=\"og:type\" content=\"article\" \/>\n<meta property=\"og:title\" content=\"Kalkanl\u0131 Piknik Alan\u0131\u2019nda \u00e7evre etkinli\u011fi d\u00fczenlendi - Haber Kuzey\" \/>\n<meta property=\"og:description\" content=\"Kalkanl\u0131 An\u0131t Zeytin A\u011fa\u00e7lar\u0131n\u0131 Koruma Birli\u011fi \u00f6nc\u00fcl\u00fc\u011f\u00fcnde, Kalkanl\u0131 Muhtarl\u0131\u011f\u0131, Kalkanl\u0131 Yard\u0131mla\u015fma ve Dayan\u0131\u015fma Derne\u011fi, Kalkanl\u0131 Avc\u0131l\u0131k At\u0131c\u0131l\u0131k Birli\u011fi i\u015fbirli\u011fiyle ve Lapta Alsancak \u00c7aml\u0131bel Belediyesi ile Tar\u0131m ve Do\u011fal Kaynaklar Bakanl\u0131\u011f\u0131 Su \u0130\u015fleri Dairesi katk\u0131lar\u0131yla Kalkanl\u0131 Piknik Alan\u0131\u2019nda \u00e7evre etkinli\u011fi d\u00fczenlendi. \u2018Nas\u0131l bulmak istiyorsan \u00f6yle b\u0131rak\u2019 slogan\u0131yla d\u00fczenlenen etkinlikte, b\u00f6lgedeki \u00e7\u00f6pler toplanarak, i\u015f ara\u00e7lar\u0131yla \u00e7evre temizli\u011fi [&hellip;]\" \/>\n<meta property=\"og:url\" content=\"https:\/\/haberkuzey.com\/index.php\/2025\/08\/10\/kalkanli-piknik-alaninda-cevre-etkinligi-duzenlendi\/\" \/>\n<meta property=\"og:site_name\" content=\"Haber Kuzey\" \/>\n<meta property=\"article:published_time\" content=\"2025-08-10T12:08:31+00:00\" \/>\n<meta property=\"og:image\" content=\"https:\/\/brtk.net\/wp-content\/uploads\/2025\/08\/10\/IMG-20250810-WA00031.jpg?ver=01304344c60cdf316502c2990650f6f7\" \/>\n<meta name=\"author\" content=\"haberkuzey\" \/>\n<meta name=\"twitter:card\" content=\"summary_large_image\" \/>\n<meta name=\"twitter:label1\" content=\"Yazan:\" \/>\n\t<meta name=\"twitter:data1\" content=\"haberkuzey\" \/>\n\t<meta name=\"twitter:label2\" content=\"Tahmini okuma s\u00fcresi\" \/>\n\t<meta name=\"twitter:data2\" content=\"1 dakika\" \/>\n<script type=\"application\/ld+json\" class=\"yoast-schema-graph\">{\"@context\":\"https:\\\/\\\/schema.org\",\"@graph\":[{\"@type\":\"Article\",\"@id\":\"https:\\\/\\\/haberkuzey.com\\\/index.php\\\/2025\\\/08\\\/10\\\/kalkanli-piknik-alaninda-cevre-etkinligi-duzenlendi\\\/#article\",\"isPartOf\":{\"@id\":\"https:\\\/\\\/haberkuzey.com\\\/index.php\\\/2025\\\/08\\\/10\\\/kalkanli-piknik-alaninda-cevre-etkinligi-duzenlendi\\\/\"},\"author\":{\"name\":\"haberkuzey\",\"@id\":\"https:\\\/\\\/haberkuzey.com\\\/#\\\/schema\\\/person\\\/3372109ec735f9333f4fa47ebb9605ca\"},\"headline\":\"Kalkanl\u0131 Piknik Alan\u0131\u2019nda \u00e7evre etkinli\u011fi d\u00fczenlendi\",\"datePublished\":\"2025-08-10T12:08:31+00:00\",\"mainEntityOfPage\":{\"@id\":\"https:\\\/\\\/haberkuzey.com\\\/index.php\\\/2025\\\/08\\\/10\\\/kalkanli-piknik-alaninda-cevre-etkinligi-duzenlendi\\\/\"},\"wordCount\":225,\"commentCount\":0,\"image\":{\"@id\":\"https:\\\/\\\/haberkuzey.com\\\/index.php\\\/2025\\\/08\\\/10\\\/kalkanli-piknik-alaninda-cevre-etkinligi-duzenlendi\\\/#primaryimage\"},\"thumbnailUrl\":\"https:\\\/\\\/haberkuzey.com\\\/wp-content\\\/uploads\\\/2025\\\/08\\\/IMG-20250810-WA00031.jpg\",\"articleSection\":[\"K\u0131br\u0131s\"],\"inLanguage\":\"tr\",\"potentialAction\":[{\"@type\":\"CommentAction\",\"name\":\"Comment\",\"target\":[\"https:\\\/\\\/haberkuzey.com\\\/index.php\\\/2025\\\/08\\\/10\\\/kalkanli-piknik-alaninda-cevre-etkinligi-duzenlendi\\\/#respond\"]}]},{\"@type\":\"WebPage\",\"@id\":\"https:\\\/\\\/haberkuzey.com\\\/index.php\\\/2025\\\/08\\\/10\\\/kalkanli-piknik-alaninda-cevre-etkinligi-duzenlendi\\\/\",\"url\":\"https:\\\/\\\/haberkuzey.com\\\/index.php\\\/2025\\\/08\\\/10\\\/kalkanli-piknik-alaninda-cevre-etkinligi-duzenlendi\\\/\",\"name\":\"Kalkanl\u0131 Piknik Alan\u0131\u2019nda \u00e7evre etkinli\u011fi d\u00fczenlendi - Haber Kuzey\",\"isPartOf\":{\"@id\":\"https:\\\/\\\/haberkuzey.com\\\/#website\"},\"primaryImageOfPage\":{\"@id\":\"https:\\\/\\\/haberkuzey.com\\\/index.php\\\/2025\\\/08\\\/10\\\/kalkanli-piknik-alaninda-cevre-etkinligi-duzenlendi\\\/#primaryimage\"},\"image\":{\"@id\":\"https:\\\/\\\/haberkuzey.com\\\/index.php\\\/2025\\\/08\\\/10\\\/kalkanli-piknik-alaninda-cevre-etkinligi-duzenlendi\\\/#primaryimage\"},\"thumbnailUrl\":\"https:\\\/\\\/haberkuzey.com\\\/wp-content\\\/uploads\\\/2025\\\/08\\\/IMG-20250810-WA00031.jpg\",\"datePublished\":\"2025-08-10T12:08:31+00:00\",\"author\":{\"@id\":\"https:\\\/\\\/haberkuzey.com\\\/#\\\/schema\\\/person\\\/3372109ec735f9333f4fa47ebb9605ca\"},\"breadcrumb\":{\"@id\":\"https:\\\/\\\/haberkuzey.com\\\/index.php\\\/2025\\\/08\\\/10\\\/kalkanli-piknik-alaninda-cevre-etkinligi-duzenlendi\\\/#breadcrumb\"},\"inLanguage\":\"tr\",\"potentialAction\":[{\"@type\":\"ReadAction\",\"target\":[\"https:\\\/\\\/haberkuzey.com\\\/index.php\\\/2025\\\/08\\\/10\\\/kalkanli-piknik-alaninda-cevre-etkinligi-duzenlendi\\\/\"]}]},{\"@type\":\"ImageObject\",\"inLanguage\":\"tr\",\"@id\":\"https:\\\/\\\/haberkuzey.com\\\/index.php\\\/2025\\\/08\\\/10\\\/kalkanli-piknik-alaninda-cevre-etkinligi-duzenlendi\\\/#primaryimage\",\"url\":\"https:\\\/\\\/haberkuzey.com\\\/wp-content\\\/uploads\\\/2025\\\/08\\\/IMG-20250810-WA00031.jpg\",\"contentUrl\":\"https:\\\/\\\/haberkuzey.com\\\/wp-content\\\/uploads\\\/2025\\\/08\\\/IMG-20250810-WA00031.jpg\",\"width\":2040,\"height\":942},{\"@type\":\"BreadcrumbList\",\"@id\":\"https:\\\/\\\/haberkuzey.com\\\/index.php\\\/2025\\\/08\\\/10\\\/kalkanli-piknik-alaninda-cevre-etkinligi-duzenlendi\\\/#breadcrumb\",\"itemListElement\":[{\"@type\":\"ListItem\",\"position\":1,\"name\":\"Anasayfa\",\"item\":\"https:\\\/\\\/haberkuzey.com\\\/\"},{\"@type\":\"ListItem\",\"position\":2,\"name\":\"Kalkanl\u0131 Piknik Alan\u0131\u2019nda \u00e7evre etkinli\u011fi d\u00fczenlendi\"}]},{\"@type\":\"WebSite\",\"@id\":\"https:\\\/\\\/haberkuzey.com\\\/#website\",\"url\":\"https:\\\/\\\/haberkuzey.com\\\/\",\"name\":\"Haber Kuzey\",\"description\":\"Do\u011fru Haberin Adresi\",\"potentialAction\":[{\"@type\":\"SearchAction\",\"target\":{\"@type\":\"EntryPoint\",\"urlTemplate\":\"https:\\\/\\\/haberkuzey.com\\\/?s={search_term_string}\"},\"query-input\":{\"@type\":\"PropertyValueSpecification\",\"valueRequired\":true,\"valueName\":\"search_term_string\"}}],\"inLanguage\":\"tr\"},{\"@type\":\"Person\",\"@id\":\"https:\\\/\\\/haberkuzey.com\\\/#\\\/schema\\\/person\\\/3372109ec735f9333f4fa47ebb9605ca\",\"name\":\"haberkuzey\",\"image\":{\"@type\":\"ImageObject\",\"inLanguage\":\"tr\",\"@id\":\"https:\\\/\\\/secure.gravatar.com\\\/avatar\\\/f5fc875574b1575324358c3b9e6a32b8227aa5b74f3fa22e3cadb63e26fcc39c?s=96&d=mm&r=g\",\"url\":\"https:\\\/\\\/secure.gravatar.com\\\/avatar\\\/f5fc875574b1575324358c3b9e6a32b8227aa5b74f3fa22e3cadb63e26fcc39c?s=96&d=mm&r=g\",\"contentUrl\":\"https:\\\/\\\/secure.gravatar.com\\\/avatar\\\/f5fc875574b1575324358c3b9e6a32b8227aa5b74f3fa22e3cadb63e26fcc39c?s=96&d=mm&r=g\",\"caption\":\"haberkuzey\"},\"sameAs\":[\"https:\\\/\\\/haberkuzey.com\"],\"url\":\"https:\\\/\\\/haberkuzey.com\\\/index.php\\\/author\\\/haberkuzey\\\/\"}]}<\/script>\n<!-- \/ Yoast SEO plugin. -->","yoast_head_json":{"title":"Kalkanl\u0131 Piknik Alan\u0131\u2019nda \u00e7evre etkinli\u011fi d\u00fczenlendi - Haber Kuzey","robots":{"index":"index","follow":"follow","max-snippet":"max-snippet:-1","max-image-preview":"max-image-preview:large","max-video-preview":"max-video-preview:-1"},"canonical":"https:\/\/haberkuzey.com\/index.php\/2025\/08\/10\/kalkanli-piknik-alaninda-cevre-etkinligi-duzenlendi\/","og_locale":"tr_TR","og_type":"article","og_title":"Kalkanl\u0131 Piknik Alan\u0131\u2019nda \u00e7evre etkinli\u011fi d\u00fczenlendi - Haber Kuzey","og_description":"Kalkanl\u0131 An\u0131t Zeytin A\u011fa\u00e7lar\u0131n\u0131 Koruma Birli\u011fi \u00f6nc\u00fcl\u00fc\u011f\u00fcnde, Kalkanl\u0131 Muhtarl\u0131\u011f\u0131, Kalkanl\u0131 Yard\u0131mla\u015fma ve Dayan\u0131\u015fma Derne\u011fi, Kalkanl\u0131 Avc\u0131l\u0131k At\u0131c\u0131l\u0131k Birli\u011fi i\u015fbirli\u011fiyle ve Lapta Alsancak \u00c7aml\u0131bel Belediyesi ile Tar\u0131m ve Do\u011fal Kaynaklar Bakanl\u0131\u011f\u0131 Su \u0130\u015fleri Dairesi katk\u0131lar\u0131yla Kalkanl\u0131 Piknik Alan\u0131\u2019nda \u00e7evre etkinli\u011fi d\u00fczenlendi. \u2018Nas\u0131l bulmak istiyorsan \u00f6yle b\u0131rak\u2019 slogan\u0131yla d\u00fczenlenen etkinlikte, b\u00f6lgedeki \u00e7\u00f6pler toplanarak, i\u015f ara\u00e7lar\u0131yla \u00e7evre temizli\u011fi [&hellip;]","og_url":"https:\/\/haberkuzey.com\/index.php\/2025\/08\/10\/kalkanli-piknik-alaninda-cevre-etkinligi-duzenlendi\/","og_site_name":"Haber Kuzey","article_published_time":"2025-08-10T12:08:31+00:00","og_image":[{"url":"https:\/\/brtk.net\/wp-content\/uploads\/2025\/08\/10\/IMG-20250810-WA00031.jpg?ver=01304344c60cdf316502c2990650f6f7","type":"","width":"","height":""}],"author":"haberkuzey","twitter_card":"summary_large_image","twitter_misc":{"Yazan:":"haberkuzey","Tahmini okuma s\u00fcresi":"1 dakika"},"schema":{"@context":"https:\/\/schema.org","@graph":[{"@type":"Article","@id":"https:\/\/haberkuzey.com\/index.php\/2025\/08\/10\/kalkanli-piknik-alaninda-cevre-etkinligi-duzenlendi\/#article","isPartOf":{"@id":"https:\/\/haberkuzey.com\/index.php\/2025\/08\/10\/kalkanli-piknik-alaninda-cevre-etkinligi-duzenlendi\/"},"author":{"name":"haberkuzey","@id":"https:\/\/haberkuzey.com\/#\/schema\/person\/3372109ec735f9333f4fa47ebb9605ca"},"headline":"Kalkanl\u0131 Piknik Alan\u0131\u2019nda \u00e7evre etkinli\u011fi d\u00fczenlendi","datePublished":"2025-08-10T12:08:31+00:00","mainEntityOfPage":{"@id":"https:\/\/haberkuzey.com\/index.php\/2025\/08\/10\/kalkanli-piknik-alaninda-cevre-etkinligi-duzenlendi\/"},"wordCount":225,"commentCount":0,"image":{"@id":"https:\/\/haberkuzey.com\/index.php\/2025\/08\/10\/kalkanli-piknik-alaninda-cevre-etkinligi-duzenlendi\/#primaryimage"},"thumbnailUrl":"https:\/\/haberkuzey.com\/wp-content\/uploads\/2025\/08\/IMG-20250810-WA00031.jpg","articleSection":["K\u0131br\u0131s"],"inLanguage":"tr","potentialAction":[{"@type":"CommentAction","name":"Comment","target":["https:\/\/haberkuzey.com\/index.php\/2025\/08\/10\/kalkanli-piknik-alaninda-cevre-etkinligi-duzenlendi\/#respond"]}]},{"@type":"WebPage","@id":"https:\/\/haberkuzey.com\/index.php\/2025\/08\/10\/kalkanli-piknik-alaninda-cevre-etkinligi-duzenlendi\/","url":"https:\/\/haberkuzey.com\/index.php\/2025\/08\/10\/kalkanli-piknik-alaninda-cevre-etkinligi-duzenlendi\/","name":"Kalkanl\u0131 Piknik Alan\u0131\u2019nda \u00e7evre etkinli\u011fi d\u00fczenlendi - Haber Kuzey","isPartOf":{"@id":"https:\/\/haberkuzey.com\/#website"},"primaryImageOfPage":{"@id":"https:\/\/haberkuzey.com\/index.php\/2025\/08\/10\/kalkanli-piknik-alaninda-cevre-etkinligi-duzenlendi\/#primaryimage"},"image":{"@id":"https:\/\/haberkuzey.com\/index.php\/2025\/08\/10\/kalkanli-piknik-alaninda-cevre-etkinligi-duzenlendi\/#primaryimage"},"thumbnailUrl":"https:\/\/haberkuzey.com\/wp-content\/uploads\/2025\/08\/IMG-20250810-WA00031.jpg","datePublished":"2025-08-10T12:08:31+00:00","author":{"@id":"https:\/\/haberkuzey.com\/#\/schema\/person\/3372109ec735f9333f4fa47ebb9605ca"},"breadcrumb":{"@id":"https:\/\/haberkuzey.com\/index.php\/2025\/08\/10\/kalkanli-piknik-alaninda-cevre-etkinligi-duzenlendi\/#breadcrumb"},"inLanguage":"tr","potentialAction":[{"@type":"ReadAction","target":["https:\/\/haberkuzey.com\/index.php\/2025\/08\/10\/kalkanli-piknik-alaninda-cevre-etkinligi-duzenlendi\/"]}]},{"@type":"ImageObject","inLanguage":"tr","@id":"https:\/\/haberkuzey.com\/index.php\/2025\/08\/10\/kalkanli-piknik-alaninda-cevre-etkinligi-duzenlendi\/#primaryimage","url":"https:\/\/haberkuzey.com\/wp-content\/uploads\/2025\/08\/IMG-20250810-WA00031.jpg","contentUrl":"https:\/\/haberkuzey.com\/wp-content\/uploads\/2025\/08\/IMG-20250810-WA00031.jpg","width":2040,"height":942},{"@type":"BreadcrumbList","@id":"https:\/\/haberkuzey.com\/index.php\/2025\/08\/10\/kalkanli-piknik-alaninda-cevre-etkinligi-duzenlendi\/#breadcrumb","itemListElement":[{"@type":"ListItem","position":1,"name":"Anasayfa","item":"https:\/\/haberkuzey.com\/"},{"@type":"ListItem","position":2,"name":"Kalkanl\u0131 Piknik Alan\u0131\u2019nda \u00e7evre etkinli\u011fi d\u00fczenlendi"}]},{"@type":"WebSite","@id":"https:\/\/haberkuzey.com\/#website","url":"https:\/\/haberkuzey.com\/","name":"Haber Kuzey","description":"Do\u011fru Haberin Adresi","potentialAction":[{"@type":"SearchAction","target":{"@type":"EntryPoint","urlTemplate":"https:\/\/haberkuzey.com\/?s={search_term_string}"},"query-input":{"@type":"PropertyValueSpecification","valueRequired":true,"valueName":"search_term_string"}}],"inLanguage":"tr"},{"@type":"Person","@id":"https:\/\/haberkuzey.com\/#\/schema\/person\/3372109ec735f9333f4fa47ebb9605ca","name":"haberkuzey","image":{"@type":"ImageObject","inLanguage":"tr","@id":"https:\/\/secure.gravatar.com\/avatar\/f5fc875574b1575324358c3b9e6a32b8227aa5b74f3fa22e3cadb63e26fcc39c?s=96&d=mm&r=g","url":"https:\/\/secure.gravatar.com\/avatar\/f5fc875574b1575324358c3b9e6a32b8227aa5b74f3fa22e3cadb63e26fcc39c?s=96&d=mm&r=g","contentUrl":"https:\/\/secure.gravatar.com\/avatar\/f5fc875574b1575324358c3b9e6a32b8227aa5b74f3fa22e3cadb63e26fcc39c?s=96&d=mm&r=g","caption":"haberkuzey"},"sameAs":["https:\/\/haberkuzey.com"],"url":"https:\/\/haberkuzey.com\/index.php\/author\/haberkuzey\/"}]}},"_links":{"self":[{"href":"https:\/\/haberkuzey.com\/index.php\/wp-json\/wp\/v2\/posts\/29214","targetHints":{"allow":["GET"]}}],"collection":[{"href":"https:\/\/haberkuzey.com\/index.php\/wp-json\/wp\/v2\/posts"}],"about":[{"href":"https:\/\/haberkuzey.com\/index.php\/wp-json\/wp\/v2\/types\/post"}],"author":[{"embeddable":true,"href":"https:\/\/haberkuzey.com\/index.php\/wp-json\/wp\/v2\/users\/1"}],"replies":[{"embeddable":true,"href":"https:\/\/haberkuzey.com\/index.php\/wp-json\/wp\/v2\/comments?post=29214"}],"version-history":[{"count":0,"href":"https:\/\/haberkuzey.com\/index.php\/wp-json\/wp\/v2\/posts\/29214\/revisions"}],"wp:featuredmedia":[{"embeddable":true,"href":"https:\/\/haberkuzey.com\/index.php\/wp-json\/wp\/v2\/media\/29215"}],"wp:attachment":[{"href":"https:\/\/haberkuzey.com\/index.php\/wp-json\/wp\/v2\/media?parent=29214"}],"wp:term":[{"taxonomy":"category","embeddable":true,"href":"https:\/\/haberkuzey.com\/index.php\/wp-json\/wp\/v2\/categories?post=29214"},{"taxonomy":"post_tag","embeddable":true,"href":"https:\/\/haberkuzey.com\/index.php\/wp-json\/wp\/v2\/tags?post=29214"}],"curies":[{"name":"wp","href":"https:\/\/api.w.org\/{rel}","templated":true}]}}