{"id":29160,"date":"2025-08-08T17:39:19","date_gmt":"2025-08-08T14:39:19","guid":{"rendered":"https:\/\/haberkuzey.com\/index.php\/2025\/08\/08\/temmuz-osman-ozcomert-ile-yaz-tempo-katiyor\/"},"modified":"2025-08-08T17:39:19","modified_gmt":"2025-08-08T14:39:19","slug":"temmuz-osman-ozcomert-ile-yaz-tempo-katiyor","status":"publish","type":"post","link":"https:\/\/haberkuzey.com\/index.php\/2025\/08\/08\/temmuz-osman-ozcomert-ile-yaz-tempo-katiyor\/","title":{"rendered":"\u201cTemmuz\u201d Osman \u00d6zc\u00f6mert ile yaz tempo kat\u0131yor"},"content":{"rendered":"<div>\n<div class=\"mariselle-image-container center\">\n                                            <\/div>\n<p>\u00dclkemiz seslerinden Osman \u00d6zc\u00f6mert, bug\u00fcnlerde \u201cTemmuz\u201d adl\u0131 \u015fark\u0131s\u0131yla dikkat \u00e7ekiyor. <\/p>\n<p>S\u00f6z ve m\u00fczi\u011finde, Osman \u00d6zc\u00f6mert\u2019in kendi imzas\u0131n\u0131 ta\u015f\u0131yan \u015fark\u0131n\u0131n d\u00fczenlemesine Ziya Ba\u015fkal imza att\u0131.<\/p>\n<p> Yaza yak\u0131\u015fan hareketli temposuyla dikkat \u00e7eken \u015fark\u0131n\u0131n kibinde ise y\u00f6netmen koltu\u011funa Emre Demir\u00f6ren oturdu.<\/p>\n<p>Bayrak Fm M\u00fczik Haber \u0130leti\u015fim:<br \/>[email\u00a0protected]<\/p>\n<\/p><\/div>\n<p><script async\n                    defer\n                    crossorigin=\"anonymous\"\n                    src=\"https:\/\/connect.facebook.net\/tr_TR\/sdk.js#xfbml=1&#038;version=v3.3\"\n            ><\/script><\/p>\n","protected":false},"excerpt":{"rendered":"<p>\u00dclkemiz seslerinden Osman \u00d6zc\u00f6mert, bug\u00fcnlerde \u201cTemmuz\u201d adl\u0131 \u015fark\u0131s\u0131yla dikkat \u00e7ekiyor. S\u00f6z ve m\u00fczi\u011finde, Osman \u00d6zc\u00f6mert\u2019in kendi imzas\u0131n\u0131 ta\u015f\u0131yan \u015fark\u0131n\u0131n d\u00fczenlemesine Ziya Ba\u015fkal imza att\u0131. Yaza yak\u0131\u015fan hareketli temposuyla dikkat \u00e7eken \u015fark\u0131n\u0131n kibinde ise y\u00f6netmen koltu\u011funa Emre Demir\u00f6ren oturdu. Bayrak Fm M\u00fczik Haber \u0130leti\u015fim:[email\u00a0protected]<\/p>\n","protected":false},"author":1,"featured_media":29161,"comment_status":"open","ping_status":"open","sticky":false,"template":"","format":"standard","meta":{"jnews-multi-image_gallery":[],"jnews_single_post":[],"jnews_primary_category":[],"footnotes":""},"categories":[5],"tags":[],"class_list":["post-29160","post","type-post","status-publish","format-standard","has-post-thumbnail","hentry","category-turkiye"],"yoast_head":"<!-- This site is optimized with the Yoast SEO plugin v27.5 - https:\/\/yoast.com\/product\/yoast-seo-wordpress\/ -->\n<title>\u201cTemmuz\u201d Osman \u00d6zc\u00f6mert ile yaz tempo kat\u0131yor - Haber Kuzey<\/title>\n<meta name=\"robots\" content=\"index, follow, max-snippet:-1, max-image-preview:large, max-video-preview:-1\" \/>\n<link rel=\"canonical\" href=\"https:\/\/haberkuzey.com\/index.php\/2025\/08\/08\/temmuz-osman-ozcomert-ile-yaz-tempo-katiyor\/\" \/>\n<meta property=\"og:locale\" content=\"tr_TR\" \/>\n<meta property=\"og:type\" content=\"article\" \/>\n<meta property=\"og:title\" content=\"\u201cTemmuz\u201d Osman \u00d6zc\u00f6mert ile yaz tempo kat\u0131yor - Haber Kuzey\" \/>\n<meta property=\"og:description\" content=\"\u00dclkemiz seslerinden Osman \u00d6zc\u00f6mert, bug\u00fcnlerde \u201cTemmuz\u201d adl\u0131 \u015fark\u0131s\u0131yla dikkat \u00e7ekiyor. S\u00f6z ve m\u00fczi\u011finde, Osman \u00d6zc\u00f6mert\u2019in kendi imzas\u0131n\u0131 ta\u015f\u0131yan \u015fark\u0131n\u0131n d\u00fczenlemesine Ziya Ba\u015fkal imza att\u0131. Yaza yak\u0131\u015fan hareketli temposuyla dikkat \u00e7eken \u015fark\u0131n\u0131n kibinde ise y\u00f6netmen koltu\u011funa Emre Demir\u00f6ren oturdu. Bayrak Fm M\u00fczik Haber \u0130leti\u015fim:[email\u00a0protected]\" \/>\n<meta property=\"og:url\" content=\"https:\/\/haberkuzey.com\/index.php\/2025\/08\/08\/temmuz-osman-ozcomert-ile-yaz-tempo-katiyor\/\" \/>\n<meta property=\"og:site_name\" content=\"Haber Kuzey\" \/>\n<meta property=\"article:published_time\" content=\"2025-08-08T14:39:19+00:00\" \/>\n<meta property=\"og:image\" content=\"https:\/\/brtk.net\/wp-content\/uploads\/2025\/08\/08\/Screenshot_20250808_175526_WhatsApp.jpg?ver=4ba6aec10da8592ca66cd0b3fa7dafa4\" \/>\n<meta name=\"author\" content=\"haberkuzey\" \/>\n<meta name=\"twitter:card\" content=\"summary_large_image\" \/>\n<meta name=\"twitter:label1\" content=\"Yazan:\" \/>\n\t<meta name=\"twitter:data1\" content=\"haberkuzey\" \/>\n<script type=\"application\/ld+json\" class=\"yoast-schema-graph\">{\"@context\":\"https:\\\/\\\/schema.org\",\"@graph\":[{\"@type\":\"Article\",\"@id\":\"https:\\\/\\\/haberkuzey.com\\\/index.php\\\/2025\\\/08\\\/08\\\/temmuz-osman-ozcomert-ile-yaz-tempo-katiyor\\\/#article\",\"isPartOf\":{\"@id\":\"https:\\\/\\\/haberkuzey.com\\\/index.php\\\/2025\\\/08\\\/08\\\/temmuz-osman-ozcomert-ile-yaz-tempo-katiyor\\\/\"},\"author\":{\"name\":\"haberkuzey\",\"@id\":\"https:\\\/\\\/haberkuzey.com\\\/#\\\/schema\\\/person\\\/3372109ec735f9333f4fa47ebb9605ca\"},\"headline\":\"\u201cTemmuz\u201d Osman \u00d6zc\u00f6mert ile yaz tempo kat\u0131yor\",\"datePublished\":\"2025-08-08T14:39:19+00:00\",\"mainEntityOfPage\":{\"@id\":\"https:\\\/\\\/haberkuzey.com\\\/index.php\\\/2025\\\/08\\\/08\\\/temmuz-osman-ozcomert-ile-yaz-tempo-katiyor\\\/\"},\"wordCount\":77,\"commentCount\":0,\"image\":{\"@id\":\"https:\\\/\\\/haberkuzey.com\\\/index.php\\\/2025\\\/08\\\/08\\\/temmuz-osman-ozcomert-ile-yaz-tempo-katiyor\\\/#primaryimage\"},\"thumbnailUrl\":\"https:\\\/\\\/haberkuzey.com\\\/wp-content\\\/uploads\\\/2025\\\/08\\\/Screenshot_20250808_175526_WhatsApp.jpg\",\"articleSection\":[\"T\u00fcrkiye\"],\"inLanguage\":\"tr\",\"potentialAction\":[{\"@type\":\"CommentAction\",\"name\":\"Comment\",\"target\":[\"https:\\\/\\\/haberkuzey.com\\\/index.php\\\/2025\\\/08\\\/08\\\/temmuz-osman-ozcomert-ile-yaz-tempo-katiyor\\\/#respond\"]}]},{\"@type\":\"WebPage\",\"@id\":\"https:\\\/\\\/haberkuzey.com\\\/index.php\\\/2025\\\/08\\\/08\\\/temmuz-osman-ozcomert-ile-yaz-tempo-katiyor\\\/\",\"url\":\"https:\\\/\\\/haberkuzey.com\\\/index.php\\\/2025\\\/08\\\/08\\\/temmuz-osman-ozcomert-ile-yaz-tempo-katiyor\\\/\",\"name\":\"\u201cTemmuz\u201d Osman \u00d6zc\u00f6mert ile yaz tempo kat\u0131yor - Haber Kuzey\",\"isPartOf\":{\"@id\":\"https:\\\/\\\/haberkuzey.com\\\/#website\"},\"primaryImageOfPage\":{\"@id\":\"https:\\\/\\\/haberkuzey.com\\\/index.php\\\/2025\\\/08\\\/08\\\/temmuz-osman-ozcomert-ile-yaz-tempo-katiyor\\\/#primaryimage\"},\"image\":{\"@id\":\"https:\\\/\\\/haberkuzey.com\\\/index.php\\\/2025\\\/08\\\/08\\\/temmuz-osman-ozcomert-ile-yaz-tempo-katiyor\\\/#primaryimage\"},\"thumbnailUrl\":\"https:\\\/\\\/haberkuzey.com\\\/wp-content\\\/uploads\\\/2025\\\/08\\\/Screenshot_20250808_175526_WhatsApp.jpg\",\"datePublished\":\"2025-08-08T14:39:19+00:00\",\"author\":{\"@id\":\"https:\\\/\\\/haberkuzey.com\\\/#\\\/schema\\\/person\\\/3372109ec735f9333f4fa47ebb9605ca\"},\"breadcrumb\":{\"@id\":\"https:\\\/\\\/haberkuzey.com\\\/index.php\\\/2025\\\/08\\\/08\\\/temmuz-osman-ozcomert-ile-yaz-tempo-katiyor\\\/#breadcrumb\"},\"inLanguage\":\"tr\",\"potentialAction\":[{\"@type\":\"ReadAction\",\"target\":[\"https:\\\/\\\/haberkuzey.com\\\/index.php\\\/2025\\\/08\\\/08\\\/temmuz-osman-ozcomert-ile-yaz-tempo-katiyor\\\/\"]}]},{\"@type\":\"ImageObject\",\"inLanguage\":\"tr\",\"@id\":\"https:\\\/\\\/haberkuzey.com\\\/index.php\\\/2025\\\/08\\\/08\\\/temmuz-osman-ozcomert-ile-yaz-tempo-katiyor\\\/#primaryimage\",\"url\":\"https:\\\/\\\/haberkuzey.com\\\/wp-content\\\/uploads\\\/2025\\\/08\\\/Screenshot_20250808_175526_WhatsApp.jpg\",\"contentUrl\":\"https:\\\/\\\/haberkuzey.com\\\/wp-content\\\/uploads\\\/2025\\\/08\\\/Screenshot_20250808_175526_WhatsApp.jpg\",\"width\":1079,\"height\":574},{\"@type\":\"BreadcrumbList\",\"@id\":\"https:\\\/\\\/haberkuzey.com\\\/index.php\\\/2025\\\/08\\\/08\\\/temmuz-osman-ozcomert-ile-yaz-tempo-katiyor\\\/#breadcrumb\",\"itemListElement\":[{\"@type\":\"ListItem\",\"position\":1,\"name\":\"Anasayfa\",\"item\":\"https:\\\/\\\/haberkuzey.com\\\/\"},{\"@type\":\"ListItem\",\"position\":2,\"name\":\"\u201cTemmuz\u201d Osman \u00d6zc\u00f6mert ile yaz tempo kat\u0131yor\"}]},{\"@type\":\"WebSite\",\"@id\":\"https:\\\/\\\/haberkuzey.com\\\/#website\",\"url\":\"https:\\\/\\\/haberkuzey.com\\\/\",\"name\":\"Haber Kuzey\",\"description\":\"Do\u011fru Haberin Adresi\",\"potentialAction\":[{\"@type\":\"SearchAction\",\"target\":{\"@type\":\"EntryPoint\",\"urlTemplate\":\"https:\\\/\\\/haberkuzey.com\\\/?s={search_term_string}\"},\"query-input\":{\"@type\":\"PropertyValueSpecification\",\"valueRequired\":true,\"valueName\":\"search_term_string\"}}],\"inLanguage\":\"tr\"},{\"@type\":\"Person\",\"@id\":\"https:\\\/\\\/haberkuzey.com\\\/#\\\/schema\\\/person\\\/3372109ec735f9333f4fa47ebb9605ca\",\"name\":\"haberkuzey\",\"image\":{\"@type\":\"ImageObject\",\"inLanguage\":\"tr\",\"@id\":\"https:\\\/\\\/secure.gravatar.com\\\/avatar\\\/f5fc875574b1575324358c3b9e6a32b8227aa5b74f3fa22e3cadb63e26fcc39c?s=96&d=mm&r=g\",\"url\":\"https:\\\/\\\/secure.gravatar.com\\\/avatar\\\/f5fc875574b1575324358c3b9e6a32b8227aa5b74f3fa22e3cadb63e26fcc39c?s=96&d=mm&r=g\",\"contentUrl\":\"https:\\\/\\\/secure.gravatar.com\\\/avatar\\\/f5fc875574b1575324358c3b9e6a32b8227aa5b74f3fa22e3cadb63e26fcc39c?s=96&d=mm&r=g\",\"caption\":\"haberkuzey\"},\"sameAs\":[\"https:\\\/\\\/haberkuzey.com\"],\"url\":\"https:\\\/\\\/haberkuzey.com\\\/index.php\\\/author\\\/haberkuzey\\\/\"}]}<\/script>\n<!-- \/ Yoast SEO plugin. -->","yoast_head_json":{"title":"\u201cTemmuz\u201d Osman \u00d6zc\u00f6mert ile yaz tempo kat\u0131yor - Haber Kuzey","robots":{"index":"index","follow":"follow","max-snippet":"max-snippet:-1","max-image-preview":"max-image-preview:large","max-video-preview":"max-video-preview:-1"},"canonical":"https:\/\/haberkuzey.com\/index.php\/2025\/08\/08\/temmuz-osman-ozcomert-ile-yaz-tempo-katiyor\/","og_locale":"tr_TR","og_type":"article","og_title":"\u201cTemmuz\u201d Osman \u00d6zc\u00f6mert ile yaz tempo kat\u0131yor - Haber Kuzey","og_description":"\u00dclkemiz seslerinden Osman \u00d6zc\u00f6mert, bug\u00fcnlerde \u201cTemmuz\u201d adl\u0131 \u015fark\u0131s\u0131yla dikkat \u00e7ekiyor. S\u00f6z ve m\u00fczi\u011finde, Osman \u00d6zc\u00f6mert\u2019in kendi imzas\u0131n\u0131 ta\u015f\u0131yan \u015fark\u0131n\u0131n d\u00fczenlemesine Ziya Ba\u015fkal imza att\u0131. Yaza yak\u0131\u015fan hareketli temposuyla dikkat \u00e7eken \u015fark\u0131n\u0131n kibinde ise y\u00f6netmen koltu\u011funa Emre Demir\u00f6ren oturdu. Bayrak Fm M\u00fczik Haber \u0130leti\u015fim:[email\u00a0protected]","og_url":"https:\/\/haberkuzey.com\/index.php\/2025\/08\/08\/temmuz-osman-ozcomert-ile-yaz-tempo-katiyor\/","og_site_name":"Haber Kuzey","article_published_time":"2025-08-08T14:39:19+00:00","og_image":[{"url":"https:\/\/brtk.net\/wp-content\/uploads\/2025\/08\/08\/Screenshot_20250808_175526_WhatsApp.jpg?ver=4ba6aec10da8592ca66cd0b3fa7dafa4","type":"","width":"","height":""}],"author":"haberkuzey","twitter_card":"summary_large_image","twitter_misc":{"Yazan:":"haberkuzey"},"schema":{"@context":"https:\/\/schema.org","@graph":[{"@type":"Article","@id":"https:\/\/haberkuzey.com\/index.php\/2025\/08\/08\/temmuz-osman-ozcomert-ile-yaz-tempo-katiyor\/#article","isPartOf":{"@id":"https:\/\/haberkuzey.com\/index.php\/2025\/08\/08\/temmuz-osman-ozcomert-ile-yaz-tempo-katiyor\/"},"author":{"name":"haberkuzey","@id":"https:\/\/haberkuzey.com\/#\/schema\/person\/3372109ec735f9333f4fa47ebb9605ca"},"headline":"\u201cTemmuz\u201d Osman \u00d6zc\u00f6mert ile yaz tempo kat\u0131yor","datePublished":"2025-08-08T14:39:19+00:00","mainEntityOfPage":{"@id":"https:\/\/haberkuzey.com\/index.php\/2025\/08\/08\/temmuz-osman-ozcomert-ile-yaz-tempo-katiyor\/"},"wordCount":77,"commentCount":0,"image":{"@id":"https:\/\/haberkuzey.com\/index.php\/2025\/08\/08\/temmuz-osman-ozcomert-ile-yaz-tempo-katiyor\/#primaryimage"},"thumbnailUrl":"https:\/\/haberkuzey.com\/wp-content\/uploads\/2025\/08\/Screenshot_20250808_175526_WhatsApp.jpg","articleSection":["T\u00fcrkiye"],"inLanguage":"tr","potentialAction":[{"@type":"CommentAction","name":"Comment","target":["https:\/\/haberkuzey.com\/index.php\/2025\/08\/08\/temmuz-osman-ozcomert-ile-yaz-tempo-katiyor\/#respond"]}]},{"@type":"WebPage","@id":"https:\/\/haberkuzey.com\/index.php\/2025\/08\/08\/temmuz-osman-ozcomert-ile-yaz-tempo-katiyor\/","url":"https:\/\/haberkuzey.com\/index.php\/2025\/08\/08\/temmuz-osman-ozcomert-ile-yaz-tempo-katiyor\/","name":"\u201cTemmuz\u201d Osman \u00d6zc\u00f6mert ile yaz tempo kat\u0131yor - Haber Kuzey","isPartOf":{"@id":"https:\/\/haberkuzey.com\/#website"},"primaryImageOfPage":{"@id":"https:\/\/haberkuzey.com\/index.php\/2025\/08\/08\/temmuz-osman-ozcomert-ile-yaz-tempo-katiyor\/#primaryimage"},"image":{"@id":"https:\/\/haberkuzey.com\/index.php\/2025\/08\/08\/temmuz-osman-ozcomert-ile-yaz-tempo-katiyor\/#primaryimage"},"thumbnailUrl":"https:\/\/haberkuzey.com\/wp-content\/uploads\/2025\/08\/Screenshot_20250808_175526_WhatsApp.jpg","datePublished":"2025-08-08T14:39:19+00:00","author":{"@id":"https:\/\/haberkuzey.com\/#\/schema\/person\/3372109ec735f9333f4fa47ebb9605ca"},"breadcrumb":{"@id":"https:\/\/haberkuzey.com\/index.php\/2025\/08\/08\/temmuz-osman-ozcomert-ile-yaz-tempo-katiyor\/#breadcrumb"},"inLanguage":"tr","potentialAction":[{"@type":"ReadAction","target":["https:\/\/haberkuzey.com\/index.php\/2025\/08\/08\/temmuz-osman-ozcomert-ile-yaz-tempo-katiyor\/"]}]},{"@type":"ImageObject","inLanguage":"tr","@id":"https:\/\/haberkuzey.com\/index.php\/2025\/08\/08\/temmuz-osman-ozcomert-ile-yaz-tempo-katiyor\/#primaryimage","url":"https:\/\/haberkuzey.com\/wp-content\/uploads\/2025\/08\/Screenshot_20250808_175526_WhatsApp.jpg","contentUrl":"https:\/\/haberkuzey.com\/wp-content\/uploads\/2025\/08\/Screenshot_20250808_175526_WhatsApp.jpg","width":1079,"height":574},{"@type":"BreadcrumbList","@id":"https:\/\/haberkuzey.com\/index.php\/2025\/08\/08\/temmuz-osman-ozcomert-ile-yaz-tempo-katiyor\/#breadcrumb","itemListElement":[{"@type":"ListItem","position":1,"name":"Anasayfa","item":"https:\/\/haberkuzey.com\/"},{"@type":"ListItem","position":2,"name":"\u201cTemmuz\u201d Osman \u00d6zc\u00f6mert ile yaz tempo kat\u0131yor"}]},{"@type":"WebSite","@id":"https:\/\/haberkuzey.com\/#website","url":"https:\/\/haberkuzey.com\/","name":"Haber Kuzey","description":"Do\u011fru Haberin Adresi","potentialAction":[{"@type":"SearchAction","target":{"@type":"EntryPoint","urlTemplate":"https:\/\/haberkuzey.com\/?s={search_term_string}"},"query-input":{"@type":"PropertyValueSpecification","valueRequired":true,"valueName":"search_term_string"}}],"inLanguage":"tr"},{"@type":"Person","@id":"https:\/\/haberkuzey.com\/#\/schema\/person\/3372109ec735f9333f4fa47ebb9605ca","name":"haberkuzey","image":{"@type":"ImageObject","inLanguage":"tr","@id":"https:\/\/secure.gravatar.com\/avatar\/f5fc875574b1575324358c3b9e6a32b8227aa5b74f3fa22e3cadb63e26fcc39c?s=96&d=mm&r=g","url":"https:\/\/secure.gravatar.com\/avatar\/f5fc875574b1575324358c3b9e6a32b8227aa5b74f3fa22e3cadb63e26fcc39c?s=96&d=mm&r=g","contentUrl":"https:\/\/secure.gravatar.com\/avatar\/f5fc875574b1575324358c3b9e6a32b8227aa5b74f3fa22e3cadb63e26fcc39c?s=96&d=mm&r=g","caption":"haberkuzey"},"sameAs":["https:\/\/haberkuzey.com"],"url":"https:\/\/haberkuzey.com\/index.php\/author\/haberkuzey\/"}]}},"_links":{"self":[{"href":"https:\/\/haberkuzey.com\/index.php\/wp-json\/wp\/v2\/posts\/29160","targetHints":{"allow":["GET"]}}],"collection":[{"href":"https:\/\/haberkuzey.com\/index.php\/wp-json\/wp\/v2\/posts"}],"about":[{"href":"https:\/\/haberkuzey.com\/index.php\/wp-json\/wp\/v2\/types\/post"}],"author":[{"embeddable":true,"href":"https:\/\/haberkuzey.com\/index.php\/wp-json\/wp\/v2\/users\/1"}],"replies":[{"embeddable":true,"href":"https:\/\/haberkuzey.com\/index.php\/wp-json\/wp\/v2\/comments?post=29160"}],"version-history":[{"count":0,"href":"https:\/\/haberkuzey.com\/index.php\/wp-json\/wp\/v2\/posts\/29160\/revisions"}],"wp:featuredmedia":[{"embeddable":true,"href":"https:\/\/haberkuzey.com\/index.php\/wp-json\/wp\/v2\/media\/29161"}],"wp:attachment":[{"href":"https:\/\/haberkuzey.com\/index.php\/wp-json\/wp\/v2\/media?parent=29160"}],"wp:term":[{"taxonomy":"category","embeddable":true,"href":"https:\/\/haberkuzey.com\/index.php\/wp-json\/wp\/v2\/categories?post=29160"},{"taxonomy":"post_tag","embeddable":true,"href":"https:\/\/haberkuzey.com\/index.php\/wp-json\/wp\/v2\/tags?post=29160"}],"curies":[{"name":"wp","href":"https:\/\/api.w.org\/{rel}","templated":true}]}}