{"id":29158,"date":"2025-08-08T17:15:46","date_gmt":"2025-08-08T14:15:46","guid":{"rendered":"https:\/\/haberkuzey.com\/index.php\/2025\/08\/08\/canakkalede-orman-yangini-2\/"},"modified":"2025-08-08T17:15:46","modified_gmt":"2025-08-08T14:15:46","slug":"canakkalede-orman-yangini-2","status":"publish","type":"post","link":"https:\/\/haberkuzey.com\/index.php\/2025\/08\/08\/canakkalede-orman-yangini-2\/","title":{"rendered":"\u00c7anakkale\u2019de orman yang\u0131n\u0131"},"content":{"rendered":"<div>\n<div class=\"mariselle-image-container center\">\n                                            <\/div>\n<p>\u00c7anakkale\u2019de tar\u0131m arazisinde ba\u015flay\u0131p ormanl\u0131k alana s\u0131\u00e7rayan yang\u0131na havadan ve karadan m\u00fcdahale ediliyor. \u00c7anakkale Bo\u011faz\u0131 gemi trafi\u011fi, yang\u0131n s\u00f6nd\u00fcrme u\u00e7aklar\u0131n\u0131n \u00e7al\u0131\u015fmas\u0131n\u0131n engellenmemesi i\u00e7in \u00e7ift y\u00f6nde ve ge\u00e7ici olarak ask\u0131ya al\u0131nd\u0131.<\/p>\n<p>Merkeze ba\u011fl\u0131 Sar\u0131caeli k\u00f6y\u00fcndeki tar\u0131m arazisinde hen\u00fcz belirlenemeyen nedenle \u00e7\u0131kan yang\u0131n, ormanl\u0131k alana s\u0131\u00e7rad\u0131.<\/p>\n<p>\u0130hbar \u00fczerine b\u00f6lgeye sevk edilen ekipler, r\u00fczgar\u0131n etkisiyle yay\u0131lan yang\u0131n\u0131 kontrol alt\u0131na almak i\u00e7in havadan ve karadan m\u00fcdahaleye ba\u015flad\u0131.<\/p>\n<p>\u00c7anakkale Bo\u011faz\u0131, yang\u0131n s\u00f6nd\u00fcrme u\u00e7aklar\u0131n\u0131n \u00e7al\u0131\u015fmas\u0131n\u0131n engellenmemesi i\u00e7in \u00e7ift y\u00f6nde gemi trafi\u011fine kapat\u0131ld\u0131.<\/p>\n<p>\u00c7anakkale Valisi \u00d6mer Toraman, yang\u0131n\u0131n s\u00f6nd\u00fcr\u00fclmesi i\u00e7in ekiplerin yo\u011fun \u015fekilde havadan ve karadan m\u00fcdahaleye devam etti\u011fini s\u00f6yledi.<\/p>\n<p><strong>\u201c\u015eu an i\u00e7in \u015fehir merkezini tehdit edecek bir durum yok\u201d<\/strong><br \/>Sar\u0131caeli k\u00f6y\u00fcnde her hangi bir tahliye bulunmad\u0131\u011f\u0131n\u0131 anlatan Toraman, \u015f\u00f6yle konu\u015ftu;<\/p>\n<p>Radar yolu \u00fczerindeki Kule mevkisinde bir tahliye oldu. Sar\u0131caeli k\u00f6y\u00fcndeki \u00f6zel ya\u015fl\u0131 bak\u0131m merkezini tahliye ediyoruz. \u015eu anda yang\u0131n istikametine g\u00f6re tedbiren Kalabakl\u0131 k\u00f6y\u00fc i\u00e7in haz\u0131rl\u0131k yap\u0131yoruz ama bir tahliye \u015fu an i\u00e7in yok. Yang\u0131n, \u015fehir merkezini tehdit etmedi, hastanenin \u00fcst taraf\u0131ndan ilerledi. Bir sitenin bah\u00e7esine bir miktar alevler sirayet etmi\u015f ama \u015fu an i\u00e7in \u015fehir merkezini tehdit edecek bir durum yok. Ekiplerin m\u00fccadelesi yo\u011fun olarak s\u00fcr\u00fcyor.<\/p>\n<p>Vali Toraman, \u00c7anakkale merkez Sar\u0131caeli k\u00f6y\u00fcndeki yang\u0131na havadan 8 u\u00e7ak ve 4 helikopter, karadan da 46 araz\u00f6z, 4 dozer ve kurumlar\u0131n makina imkanlar\u0131yla karadan m\u00fcdahale edildi\u011fini kaydetti.<\/p>\n<p><strong>\u00c7OM\u00dc Terzio\u011flu Kamp\u00fcs\u00fc tedbir ama\u00e7l\u0131 bo\u015falt\u0131ld\u0131<\/strong><br \/>\u00c7anakkale Onsekiz Mart \u00dcniversitesi (\u00c7OM\u00dc) Rekt\u00f6r\u00fc Prof. Dr. C\u00fcneyt Ereno\u011flu da Terzio\u011flu Kamp\u00fcs\u00fc\u2019n\u00fc tedbiren bo\u015faltt\u0131klar\u0131n\u0131 s\u00f6yledi.<\/p>\n<p>\u015eu anda binalar\u0131 tehdit eden bir durum olmad\u0131\u011f\u0131n\u0131 aktaran Ereno\u011flu, \u201c\u00dcniversite s\u0131n\u0131rlar\u0131m\u0131zda yanan binam\u0131z ve yap\u0131m\u0131z yok. Ancak yang\u0131n maalesef ki \u00e7ok b\u00fcy\u00fck. Ekipler \u015fu anda t\u00fcm tedbirleri alm\u0131\u015f durumda. R\u00fczgar\u0131n ters y\u00f6nde esmemesini umuyoruz. T\u00fcm ekiplerimiz ile g\u00f6rev ba\u015f\u0131nday\u0131z. Umuyorum ki yang\u0131n k\u0131sa s\u00fcrede kontrol alt\u0131na al\u0131n\u0131r.\u201d dedi.<\/p>\n<p>Orman Genel M\u00fcd\u00fcrl\u00fc\u011f\u00fcn\u00fcn X hesab\u0131ndan yap\u0131lan payla\u015f\u0131mda, 8 u\u00e7ak, 4 helikopter, 46 araz\u00f6z, 1 i\u015f makinesi, 272 personelle \u00c7anakkale merkezde ve Bayrami\u00e7\u2019te meydana gelen yang\u0131nlara havadan ve karadan m\u00fcdahale ettiklerini belirterek, \u201cYang\u0131nlar\u0131n bir an evvel kontrol alt\u0131na al\u0131nmas\u0131 i\u00e7in m\u00fccadelemiz devam ediyor.\u201d denildi.<\/p>\n<p><strong>Vatanda\u015flar, ekiplere destek oluyor<\/strong><br \/>\u00c7anakkale\u2019de vatanda\u015flar, tar\u0131m arazisinde ba\u015flayan ve ormanl\u0131k alana s\u0131\u00e7rayan yang\u0131nla m\u00fccadele eden ekiplere destek olmaya \u00e7al\u0131\u015f\u0131yor.<\/p>\n<p>Merkeze ba\u011fl\u0131 Sar\u0131caeli k\u00f6y\u00fcndeki tar\u0131m arazisinde hen\u00fcz belirlenemeyen nedenle \u00e7\u0131kan ve ormanl\u0131k alana s\u0131\u00e7rayan yang\u0131na m\u00fcdahale s\u00fcr\u00fcyor.<\/p>\n<p>\u00c7anakkale Mehmet Akif Ersoy Devlet Hastanesi personeli ve vatanda\u015flar, hastanenin \u00f6n\u00fcne ba\u011flad\u0131klar\u0131 hortumla yang\u0131na m\u00fcdahale ediyor.<\/p>\n<p>Ya\u015fl\u0131 bak\u0131m merkezindeki vatanda\u015flar tahliye edildi<br \/>Valili\u011fin X hesab\u0131ndan yap\u0131lan payla\u015f\u0131mda ise \u201cKarasal-Say\u0131sal Radyo ve Televizyon Verici Kulesi\u2019nde bulunan 2 vatanda\u015f\u0131m\u0131z ile Sar\u0131caeli \u00d6zel Bak\u0131m Merkezi\u2019nde kalan 52 vatanda\u015f\u0131m\u0131z, ilgili ekiplerimizin \u00e7al\u0131\u015fmalar\u0131yla tahliye edilmi\u015ftir.\u201d ifadesi kullan\u0131ld\u0131.<\/p>\n<\/p><\/div>\n<p><script async\n                    defer\n                    crossorigin=\"anonymous\"\n                    src=\"https:\/\/connect.facebook.net\/tr_TR\/sdk.js#xfbml=1&#038;version=v3.3\"\n            ><\/script><\/p>\n","protected":false},"excerpt":{"rendered":"<p>\u00c7anakkale\u2019de tar\u0131m arazisinde ba\u015flay\u0131p ormanl\u0131k alana s\u0131\u00e7rayan yang\u0131na havadan ve karadan m\u00fcdahale ediliyor. \u00c7anakkale Bo\u011faz\u0131 gemi trafi\u011fi, yang\u0131n s\u00f6nd\u00fcrme u\u00e7aklar\u0131n\u0131n \u00e7al\u0131\u015fmas\u0131n\u0131n engellenmemesi i\u00e7in \u00e7ift y\u00f6nde ve ge\u00e7ici olarak ask\u0131ya al\u0131nd\u0131. Merkeze ba\u011fl\u0131 Sar\u0131caeli k\u00f6y\u00fcndeki tar\u0131m arazisinde hen\u00fcz belirlenemeyen nedenle \u00e7\u0131kan yang\u0131n, ormanl\u0131k alana s\u0131\u00e7rad\u0131. \u0130hbar \u00fczerine b\u00f6lgeye sevk edilen ekipler, r\u00fczgar\u0131n etkisiyle yay\u0131lan yang\u0131n\u0131 kontrol [&hellip;]<\/p>\n","protected":false},"author":1,"featured_media":29159,"comment_status":"open","ping_status":"open","sticky":false,"template":"","format":"standard","meta":{"jnews-multi-image_gallery":[],"jnews_single_post":[],"jnews_primary_category":[],"footnotes":""},"categories":[2],"tags":[],"class_list":["post-29158","post","type-post","status-publish","format-standard","has-post-thumbnail","hentry","category-dunya"],"yoast_head":"<!-- This site is optimized with the Yoast SEO plugin v27.5 - https:\/\/yoast.com\/product\/yoast-seo-wordpress\/ -->\n<title>\u00c7anakkale\u2019de orman yang\u0131n\u0131 - Haber Kuzey<\/title>\n<meta name=\"robots\" content=\"index, follow, max-snippet:-1, max-image-preview:large, max-video-preview:-1\" \/>\n<link rel=\"canonical\" href=\"https:\/\/haberkuzey.com\/index.php\/2025\/08\/08\/canakkalede-orman-yangini-2\/\" \/>\n<meta property=\"og:locale\" content=\"tr_TR\" \/>\n<meta property=\"og:type\" content=\"article\" \/>\n<meta property=\"og:title\" content=\"\u00c7anakkale\u2019de orman yang\u0131n\u0131 - Haber Kuzey\" \/>\n<meta property=\"og:description\" content=\"\u00c7anakkale\u2019de tar\u0131m arazisinde ba\u015flay\u0131p ormanl\u0131k alana s\u0131\u00e7rayan yang\u0131na havadan ve karadan m\u00fcdahale ediliyor. \u00c7anakkale Bo\u011faz\u0131 gemi trafi\u011fi, yang\u0131n s\u00f6nd\u00fcrme u\u00e7aklar\u0131n\u0131n \u00e7al\u0131\u015fmas\u0131n\u0131n engellenmemesi i\u00e7in \u00e7ift y\u00f6nde ve ge\u00e7ici olarak ask\u0131ya al\u0131nd\u0131. Merkeze ba\u011fl\u0131 Sar\u0131caeli k\u00f6y\u00fcndeki tar\u0131m arazisinde hen\u00fcz belirlenemeyen nedenle \u00e7\u0131kan yang\u0131n, ormanl\u0131k alana s\u0131\u00e7rad\u0131. \u0130hbar \u00fczerine b\u00f6lgeye sevk edilen ekipler, r\u00fczgar\u0131n etkisiyle yay\u0131lan yang\u0131n\u0131 kontrol [&hellip;]\" \/>\n<meta property=\"og:url\" content=\"https:\/\/haberkuzey.com\/index.php\/2025\/08\/08\/canakkalede-orman-yangini-2\/\" \/>\n<meta property=\"og:site_name\" content=\"Haber Kuzey\" \/>\n<meta property=\"article:published_time\" content=\"2025-08-08T14:15:46+00:00\" \/>\n<meta property=\"og:image\" content=\"https:\/\/brtk.net\/wp-content\/uploads\/2025\/08\/08\/jhkhk.jpg?ver=d0933eaa461da2aa7c57fad67b24dc99\" \/>\n<meta name=\"author\" content=\"haberkuzey\" \/>\n<meta name=\"twitter:card\" content=\"summary_large_image\" \/>\n<meta name=\"twitter:label1\" content=\"Yazan:\" \/>\n\t<meta name=\"twitter:data1\" content=\"haberkuzey\" \/>\n\t<meta name=\"twitter:label2\" content=\"Tahmini okuma s\u00fcresi\" \/>\n\t<meta name=\"twitter:data2\" content=\"3 dakika\" \/>\n<script type=\"application\/ld+json\" class=\"yoast-schema-graph\">{\"@context\":\"https:\\\/\\\/schema.org\",\"@graph\":[{\"@type\":\"Article\",\"@id\":\"https:\\\/\\\/haberkuzey.com\\\/index.php\\\/2025\\\/08\\\/08\\\/canakkalede-orman-yangini-2\\\/#article\",\"isPartOf\":{\"@id\":\"https:\\\/\\\/haberkuzey.com\\\/index.php\\\/2025\\\/08\\\/08\\\/canakkalede-orman-yangini-2\\\/\"},\"author\":{\"name\":\"haberkuzey\",\"@id\":\"https:\\\/\\\/haberkuzey.com\\\/#\\\/schema\\\/person\\\/3372109ec735f9333f4fa47ebb9605ca\"},\"headline\":\"\u00c7anakkale\u2019de orman yang\u0131n\u0131\",\"datePublished\":\"2025-08-08T14:15:46+00:00\",\"mainEntityOfPage\":{\"@id\":\"https:\\\/\\\/haberkuzey.com\\\/index.php\\\/2025\\\/08\\\/08\\\/canakkalede-orman-yangini-2\\\/\"},\"wordCount\":614,\"commentCount\":0,\"image\":{\"@id\":\"https:\\\/\\\/haberkuzey.com\\\/index.php\\\/2025\\\/08\\\/08\\\/canakkalede-orman-yangini-2\\\/#primaryimage\"},\"thumbnailUrl\":\"https:\\\/\\\/haberkuzey.com\\\/wp-content\\\/uploads\\\/2025\\\/08\\\/jhkhk.jpg\",\"articleSection\":[\"D\u00fcnya\"],\"inLanguage\":\"tr\",\"potentialAction\":[{\"@type\":\"CommentAction\",\"name\":\"Comment\",\"target\":[\"https:\\\/\\\/haberkuzey.com\\\/index.php\\\/2025\\\/08\\\/08\\\/canakkalede-orman-yangini-2\\\/#respond\"]}]},{\"@type\":\"WebPage\",\"@id\":\"https:\\\/\\\/haberkuzey.com\\\/index.php\\\/2025\\\/08\\\/08\\\/canakkalede-orman-yangini-2\\\/\",\"url\":\"https:\\\/\\\/haberkuzey.com\\\/index.php\\\/2025\\\/08\\\/08\\\/canakkalede-orman-yangini-2\\\/\",\"name\":\"\u00c7anakkale\u2019de orman yang\u0131n\u0131 - Haber Kuzey\",\"isPartOf\":{\"@id\":\"https:\\\/\\\/haberkuzey.com\\\/#website\"},\"primaryImageOfPage\":{\"@id\":\"https:\\\/\\\/haberkuzey.com\\\/index.php\\\/2025\\\/08\\\/08\\\/canakkalede-orman-yangini-2\\\/#primaryimage\"},\"image\":{\"@id\":\"https:\\\/\\\/haberkuzey.com\\\/index.php\\\/2025\\\/08\\\/08\\\/canakkalede-orman-yangini-2\\\/#primaryimage\"},\"thumbnailUrl\":\"https:\\\/\\\/haberkuzey.com\\\/wp-content\\\/uploads\\\/2025\\\/08\\\/jhkhk.jpg\",\"datePublished\":\"2025-08-08T14:15:46+00:00\",\"author\":{\"@id\":\"https:\\\/\\\/haberkuzey.com\\\/#\\\/schema\\\/person\\\/3372109ec735f9333f4fa47ebb9605ca\"},\"breadcrumb\":{\"@id\":\"https:\\\/\\\/haberkuzey.com\\\/index.php\\\/2025\\\/08\\\/08\\\/canakkalede-orman-yangini-2\\\/#breadcrumb\"},\"inLanguage\":\"tr\",\"potentialAction\":[{\"@type\":\"ReadAction\",\"target\":[\"https:\\\/\\\/haberkuzey.com\\\/index.php\\\/2025\\\/08\\\/08\\\/canakkalede-orman-yangini-2\\\/\"]}]},{\"@type\":\"ImageObject\",\"inLanguage\":\"tr\",\"@id\":\"https:\\\/\\\/haberkuzey.com\\\/index.php\\\/2025\\\/08\\\/08\\\/canakkalede-orman-yangini-2\\\/#primaryimage\",\"url\":\"https:\\\/\\\/haberkuzey.com\\\/wp-content\\\/uploads\\\/2025\\\/08\\\/jhkhk.jpg\",\"contentUrl\":\"https:\\\/\\\/haberkuzey.com\\\/wp-content\\\/uploads\\\/2025\\\/08\\\/jhkhk.jpg\",\"width\":753,\"height\":502},{\"@type\":\"BreadcrumbList\",\"@id\":\"https:\\\/\\\/haberkuzey.com\\\/index.php\\\/2025\\\/08\\\/08\\\/canakkalede-orman-yangini-2\\\/#breadcrumb\",\"itemListElement\":[{\"@type\":\"ListItem\",\"position\":1,\"name\":\"Anasayfa\",\"item\":\"https:\\\/\\\/haberkuzey.com\\\/\"},{\"@type\":\"ListItem\",\"position\":2,\"name\":\"\u00c7anakkale\u2019de orman yang\u0131n\u0131\"}]},{\"@type\":\"WebSite\",\"@id\":\"https:\\\/\\\/haberkuzey.com\\\/#website\",\"url\":\"https:\\\/\\\/haberkuzey.com\\\/\",\"name\":\"Haber Kuzey\",\"description\":\"Do\u011fru Haberin Adresi\",\"potentialAction\":[{\"@type\":\"SearchAction\",\"target\":{\"@type\":\"EntryPoint\",\"urlTemplate\":\"https:\\\/\\\/haberkuzey.com\\\/?s={search_term_string}\"},\"query-input\":{\"@type\":\"PropertyValueSpecification\",\"valueRequired\":true,\"valueName\":\"search_term_string\"}}],\"inLanguage\":\"tr\"},{\"@type\":\"Person\",\"@id\":\"https:\\\/\\\/haberkuzey.com\\\/#\\\/schema\\\/person\\\/3372109ec735f9333f4fa47ebb9605ca\",\"name\":\"haberkuzey\",\"image\":{\"@type\":\"ImageObject\",\"inLanguage\":\"tr\",\"@id\":\"https:\\\/\\\/secure.gravatar.com\\\/avatar\\\/f5fc875574b1575324358c3b9e6a32b8227aa5b74f3fa22e3cadb63e26fcc39c?s=96&d=mm&r=g\",\"url\":\"https:\\\/\\\/secure.gravatar.com\\\/avatar\\\/f5fc875574b1575324358c3b9e6a32b8227aa5b74f3fa22e3cadb63e26fcc39c?s=96&d=mm&r=g\",\"contentUrl\":\"https:\\\/\\\/secure.gravatar.com\\\/avatar\\\/f5fc875574b1575324358c3b9e6a32b8227aa5b74f3fa22e3cadb63e26fcc39c?s=96&d=mm&r=g\",\"caption\":\"haberkuzey\"},\"sameAs\":[\"https:\\\/\\\/haberkuzey.com\"],\"url\":\"https:\\\/\\\/haberkuzey.com\\\/index.php\\\/author\\\/haberkuzey\\\/\"}]}<\/script>\n<!-- \/ Yoast SEO plugin. -->","yoast_head_json":{"title":"\u00c7anakkale\u2019de orman yang\u0131n\u0131 - Haber Kuzey","robots":{"index":"index","follow":"follow","max-snippet":"max-snippet:-1","max-image-preview":"max-image-preview:large","max-video-preview":"max-video-preview:-1"},"canonical":"https:\/\/haberkuzey.com\/index.php\/2025\/08\/08\/canakkalede-orman-yangini-2\/","og_locale":"tr_TR","og_type":"article","og_title":"\u00c7anakkale\u2019de orman yang\u0131n\u0131 - Haber Kuzey","og_description":"\u00c7anakkale\u2019de tar\u0131m arazisinde ba\u015flay\u0131p ormanl\u0131k alana s\u0131\u00e7rayan yang\u0131na havadan ve karadan m\u00fcdahale ediliyor. \u00c7anakkale Bo\u011faz\u0131 gemi trafi\u011fi, yang\u0131n s\u00f6nd\u00fcrme u\u00e7aklar\u0131n\u0131n \u00e7al\u0131\u015fmas\u0131n\u0131n engellenmemesi i\u00e7in \u00e7ift y\u00f6nde ve ge\u00e7ici olarak ask\u0131ya al\u0131nd\u0131. Merkeze ba\u011fl\u0131 Sar\u0131caeli k\u00f6y\u00fcndeki tar\u0131m arazisinde hen\u00fcz belirlenemeyen nedenle \u00e7\u0131kan yang\u0131n, ormanl\u0131k alana s\u0131\u00e7rad\u0131. \u0130hbar \u00fczerine b\u00f6lgeye sevk edilen ekipler, r\u00fczgar\u0131n etkisiyle yay\u0131lan yang\u0131n\u0131 kontrol [&hellip;]","og_url":"https:\/\/haberkuzey.com\/index.php\/2025\/08\/08\/canakkalede-orman-yangini-2\/","og_site_name":"Haber Kuzey","article_published_time":"2025-08-08T14:15:46+00:00","og_image":[{"url":"https:\/\/brtk.net\/wp-content\/uploads\/2025\/08\/08\/jhkhk.jpg?ver=d0933eaa461da2aa7c57fad67b24dc99","type":"","width":"","height":""}],"author":"haberkuzey","twitter_card":"summary_large_image","twitter_misc":{"Yazan:":"haberkuzey","Tahmini okuma s\u00fcresi":"3 dakika"},"schema":{"@context":"https:\/\/schema.org","@graph":[{"@type":"Article","@id":"https:\/\/haberkuzey.com\/index.php\/2025\/08\/08\/canakkalede-orman-yangini-2\/#article","isPartOf":{"@id":"https:\/\/haberkuzey.com\/index.php\/2025\/08\/08\/canakkalede-orman-yangini-2\/"},"author":{"name":"haberkuzey","@id":"https:\/\/haberkuzey.com\/#\/schema\/person\/3372109ec735f9333f4fa47ebb9605ca"},"headline":"\u00c7anakkale\u2019de orman yang\u0131n\u0131","datePublished":"2025-08-08T14:15:46+00:00","mainEntityOfPage":{"@id":"https:\/\/haberkuzey.com\/index.php\/2025\/08\/08\/canakkalede-orman-yangini-2\/"},"wordCount":614,"commentCount":0,"image":{"@id":"https:\/\/haberkuzey.com\/index.php\/2025\/08\/08\/canakkalede-orman-yangini-2\/#primaryimage"},"thumbnailUrl":"https:\/\/haberkuzey.com\/wp-content\/uploads\/2025\/08\/jhkhk.jpg","articleSection":["D\u00fcnya"],"inLanguage":"tr","potentialAction":[{"@type":"CommentAction","name":"Comment","target":["https:\/\/haberkuzey.com\/index.php\/2025\/08\/08\/canakkalede-orman-yangini-2\/#respond"]}]},{"@type":"WebPage","@id":"https:\/\/haberkuzey.com\/index.php\/2025\/08\/08\/canakkalede-orman-yangini-2\/","url":"https:\/\/haberkuzey.com\/index.php\/2025\/08\/08\/canakkalede-orman-yangini-2\/","name":"\u00c7anakkale\u2019de orman yang\u0131n\u0131 - Haber Kuzey","isPartOf":{"@id":"https:\/\/haberkuzey.com\/#website"},"primaryImageOfPage":{"@id":"https:\/\/haberkuzey.com\/index.php\/2025\/08\/08\/canakkalede-orman-yangini-2\/#primaryimage"},"image":{"@id":"https:\/\/haberkuzey.com\/index.php\/2025\/08\/08\/canakkalede-orman-yangini-2\/#primaryimage"},"thumbnailUrl":"https:\/\/haberkuzey.com\/wp-content\/uploads\/2025\/08\/jhkhk.jpg","datePublished":"2025-08-08T14:15:46+00:00","author":{"@id":"https:\/\/haberkuzey.com\/#\/schema\/person\/3372109ec735f9333f4fa47ebb9605ca"},"breadcrumb":{"@id":"https:\/\/haberkuzey.com\/index.php\/2025\/08\/08\/canakkalede-orman-yangini-2\/#breadcrumb"},"inLanguage":"tr","potentialAction":[{"@type":"ReadAction","target":["https:\/\/haberkuzey.com\/index.php\/2025\/08\/08\/canakkalede-orman-yangini-2\/"]}]},{"@type":"ImageObject","inLanguage":"tr","@id":"https:\/\/haberkuzey.com\/index.php\/2025\/08\/08\/canakkalede-orman-yangini-2\/#primaryimage","url":"https:\/\/haberkuzey.com\/wp-content\/uploads\/2025\/08\/jhkhk.jpg","contentUrl":"https:\/\/haberkuzey.com\/wp-content\/uploads\/2025\/08\/jhkhk.jpg","width":753,"height":502},{"@type":"BreadcrumbList","@id":"https:\/\/haberkuzey.com\/index.php\/2025\/08\/08\/canakkalede-orman-yangini-2\/#breadcrumb","itemListElement":[{"@type":"ListItem","position":1,"name":"Anasayfa","item":"https:\/\/haberkuzey.com\/"},{"@type":"ListItem","position":2,"name":"\u00c7anakkale\u2019de orman yang\u0131n\u0131"}]},{"@type":"WebSite","@id":"https:\/\/haberkuzey.com\/#website","url":"https:\/\/haberkuzey.com\/","name":"Haber Kuzey","description":"Do\u011fru Haberin Adresi","potentialAction":[{"@type":"SearchAction","target":{"@type":"EntryPoint","urlTemplate":"https:\/\/haberkuzey.com\/?s={search_term_string}"},"query-input":{"@type":"PropertyValueSpecification","valueRequired":true,"valueName":"search_term_string"}}],"inLanguage":"tr"},{"@type":"Person","@id":"https:\/\/haberkuzey.com\/#\/schema\/person\/3372109ec735f9333f4fa47ebb9605ca","name":"haberkuzey","image":{"@type":"ImageObject","inLanguage":"tr","@id":"https:\/\/secure.gravatar.com\/avatar\/f5fc875574b1575324358c3b9e6a32b8227aa5b74f3fa22e3cadb63e26fcc39c?s=96&d=mm&r=g","url":"https:\/\/secure.gravatar.com\/avatar\/f5fc875574b1575324358c3b9e6a32b8227aa5b74f3fa22e3cadb63e26fcc39c?s=96&d=mm&r=g","contentUrl":"https:\/\/secure.gravatar.com\/avatar\/f5fc875574b1575324358c3b9e6a32b8227aa5b74f3fa22e3cadb63e26fcc39c?s=96&d=mm&r=g","caption":"haberkuzey"},"sameAs":["https:\/\/haberkuzey.com"],"url":"https:\/\/haberkuzey.com\/index.php\/author\/haberkuzey\/"}]}},"_links":{"self":[{"href":"https:\/\/haberkuzey.com\/index.php\/wp-json\/wp\/v2\/posts\/29158","targetHints":{"allow":["GET"]}}],"collection":[{"href":"https:\/\/haberkuzey.com\/index.php\/wp-json\/wp\/v2\/posts"}],"about":[{"href":"https:\/\/haberkuzey.com\/index.php\/wp-json\/wp\/v2\/types\/post"}],"author":[{"embeddable":true,"href":"https:\/\/haberkuzey.com\/index.php\/wp-json\/wp\/v2\/users\/1"}],"replies":[{"embeddable":true,"href":"https:\/\/haberkuzey.com\/index.php\/wp-json\/wp\/v2\/comments?post=29158"}],"version-history":[{"count":0,"href":"https:\/\/haberkuzey.com\/index.php\/wp-json\/wp\/v2\/posts\/29158\/revisions"}],"wp:featuredmedia":[{"embeddable":true,"href":"https:\/\/haberkuzey.com\/index.php\/wp-json\/wp\/v2\/media\/29159"}],"wp:attachment":[{"href":"https:\/\/haberkuzey.com\/index.php\/wp-json\/wp\/v2\/media?parent=29158"}],"wp:term":[{"taxonomy":"category","embeddable":true,"href":"https:\/\/haberkuzey.com\/index.php\/wp-json\/wp\/v2\/categories?post=29158"},{"taxonomy":"post_tag","embeddable":true,"href":"https:\/\/haberkuzey.com\/index.php\/wp-json\/wp\/v2\/tags?post=29158"}],"curies":[{"name":"wp","href":"https:\/\/api.w.org\/{rel}","templated":true}]}}