{"id":29155,"date":"2025-08-08T16:49:36","date_gmt":"2025-08-08T13:49:36","guid":{"rendered":"https:\/\/haberkuzey.com\/index.php\/2025\/08\/08\/dincyurekerenkoy-direnisi-bu-topraklarda-var-oldugumuzun-haykirisidir\/"},"modified":"2025-08-08T16:49:36","modified_gmt":"2025-08-08T13:49:36","slug":"dincyurekerenkoy-direnisi-bu-topraklarda-var-oldugumuzun-haykirisidir","status":"publish","type":"post","link":"https:\/\/haberkuzey.com\/index.php\/2025\/08\/08\/dincyurekerenkoy-direnisi-bu-topraklarda-var-oldugumuzun-haykirisidir\/","title":{"rendered":"Din\u00e7y\u00fcrek:Erenk\u00f6y Direni\u015fi bu topraklarda var oldu\u011fumuzun hayk\u0131r\u0131\u015f\u0131d\u0131r"},"content":{"rendered":"<div>\n<div class=\"mariselle-image-container center\">\n                                            <\/div>\n<p>Sa\u011fl\u0131k Bakan\u0131 Hakan\u0131 Din\u00e7y\u00fcrek,  Erenk\u00f6y Direni\u015fi\u2019nin 61. y\u0131l d\u00f6n\u00fcm\u00fcnde, \u201cErenk\u00f6y Direni\u015fi, tarih boyunca kimli\u011fine, \u00f6zg\u00fcrl\u00fc\u011f\u00fcne sahip \u00e7\u0131kan K\u0131br\u0131s T\u00fcrk\u00fc\u2019n\u00fcn kararl\u0131 duru\u015funun, Anavatan T\u00fcrkiye ile olan g\u00fc\u00e7l\u00fc tarihi ba\u011f\u0131n\u0131n, bu topraklarda var oldu\u011fumuzun ve var olmaya devam edece\u011fimizin hayk\u0131r\u0131\u015f\u0131d\u0131r\u201d ifadelerini kulland\u0131.<\/p>\n<p>Din\u00e7y\u00fcrek, mesaj\u0131nda, \u201cK\u0131br\u0131s T\u00fcrk\u00fc, 61 y\u0131l \u00f6nce e\u011fitimlerini yar\u0131da b\u0131rakarak vatan savunmas\u0131na ko\u015fan \u00fcniversite \u00f6\u011frencilerimiz , bir avu\u00e7 k\u00f6yl\u00fcs\u00fc ve az say\u0131da M\u00fccahidi ile tek y\u00fcrek olmu\u015f, K\u0131br\u0131s T\u00fcrk\u00fc\u2019n\u00fcn bu topraklarda var olmaya devam edece\u011fini alt\u0131n harflerle tarih sayfalar\u0131na yazm\u0131\u015ft\u0131r. Vatan topraklar\u0131n\u0131 savunmak i\u00e7in verdikleri m\u00fccadele ile destan yazan bu gen\u00e7lerin inan\u00e7 ve kararl\u0131l\u0131\u011f\u0131 K\u0131br\u0131s T\u00fcrk\u00fcn\u00fcn varolu\u015f tarihinde hep takdirle an\u0131lacakt\u0131r.\u201d dedi.<\/p>\n<p>Din\u00e7y\u00fcrek, Erenk\u00f6y \u015fehitleri ba\u015fta olmak \u00fczere, \u015eehit Y\u00fczba\u015f\u0131 Cengiz Topel ve t\u00fcm \u015fehitleri rahmetle and\u0131, gazilere sa\u011fl\u0131k ve esenlik diledi.<\/p>\n<\/p><\/div>\n<p><script async\n                    defer\n                    crossorigin=\"anonymous\"\n                    src=\"https:\/\/connect.facebook.net\/tr_TR\/sdk.js#xfbml=1&#038;version=v3.3\"\n            ><\/script><\/p>\n","protected":false},"excerpt":{"rendered":"<p>Sa\u011fl\u0131k Bakan\u0131 Hakan\u0131 Din\u00e7y\u00fcrek, Erenk\u00f6y Direni\u015fi\u2019nin 61. y\u0131l d\u00f6n\u00fcm\u00fcnde, \u201cErenk\u00f6y Direni\u015fi, tarih boyunca kimli\u011fine, \u00f6zg\u00fcrl\u00fc\u011f\u00fcne sahip \u00e7\u0131kan K\u0131br\u0131s T\u00fcrk\u00fc\u2019n\u00fcn kararl\u0131 duru\u015funun, Anavatan T\u00fcrkiye ile olan g\u00fc\u00e7l\u00fc tarihi ba\u011f\u0131n\u0131n, bu topraklarda var oldu\u011fumuzun ve var olmaya devam edece\u011fimizin hayk\u0131r\u0131\u015f\u0131d\u0131r\u201d ifadelerini kulland\u0131. Din\u00e7y\u00fcrek, mesaj\u0131nda, \u201cK\u0131br\u0131s T\u00fcrk\u00fc, 61 y\u0131l \u00f6nce e\u011fitimlerini yar\u0131da b\u0131rakarak vatan savunmas\u0131na ko\u015fan \u00fcniversite \u00f6\u011frencilerimiz [&hellip;]<\/p>\n","protected":false},"author":1,"featured_media":25546,"comment_status":"open","ping_status":"open","sticky":false,"template":"","format":"standard","meta":{"jnews-multi-image_gallery":[],"jnews_single_post":[],"jnews_primary_category":[],"footnotes":""},"categories":[1],"tags":[],"class_list":["post-29155","post","type-post","status-publish","format-standard","has-post-thumbnail","hentry","category-kibris"],"yoast_head":"<!-- This site is optimized with the Yoast SEO plugin v27.5 - https:\/\/yoast.com\/product\/yoast-seo-wordpress\/ -->\n<title>Din\u00e7y\u00fcrek:Erenk\u00f6y Direni\u015fi bu topraklarda var oldu\u011fumuzun hayk\u0131r\u0131\u015f\u0131d\u0131r - Haber Kuzey<\/title>\n<meta name=\"robots\" content=\"index, follow, max-snippet:-1, max-image-preview:large, max-video-preview:-1\" \/>\n<link rel=\"canonical\" href=\"https:\/\/haberkuzey.com\/index.php\/2025\/08\/08\/dincyurekerenkoy-direnisi-bu-topraklarda-var-oldugumuzun-haykirisidir\/\" \/>\n<meta property=\"og:locale\" content=\"tr_TR\" \/>\n<meta property=\"og:type\" content=\"article\" \/>\n<meta property=\"og:title\" content=\"Din\u00e7y\u00fcrek:Erenk\u00f6y Direni\u015fi bu topraklarda var oldu\u011fumuzun hayk\u0131r\u0131\u015f\u0131d\u0131r - Haber Kuzey\" \/>\n<meta property=\"og:description\" content=\"Sa\u011fl\u0131k Bakan\u0131 Hakan\u0131 Din\u00e7y\u00fcrek, Erenk\u00f6y Direni\u015fi\u2019nin 61. y\u0131l d\u00f6n\u00fcm\u00fcnde, \u201cErenk\u00f6y Direni\u015fi, tarih boyunca kimli\u011fine, \u00f6zg\u00fcrl\u00fc\u011f\u00fcne sahip \u00e7\u0131kan K\u0131br\u0131s T\u00fcrk\u00fc\u2019n\u00fcn kararl\u0131 duru\u015funun, Anavatan T\u00fcrkiye ile olan g\u00fc\u00e7l\u00fc tarihi ba\u011f\u0131n\u0131n, bu topraklarda var oldu\u011fumuzun ve var olmaya devam edece\u011fimizin hayk\u0131r\u0131\u015f\u0131d\u0131r\u201d ifadelerini kulland\u0131. Din\u00e7y\u00fcrek, mesaj\u0131nda, \u201cK\u0131br\u0131s T\u00fcrk\u00fc, 61 y\u0131l \u00f6nce e\u011fitimlerini yar\u0131da b\u0131rakarak vatan savunmas\u0131na ko\u015fan \u00fcniversite \u00f6\u011frencilerimiz [&hellip;]\" \/>\n<meta property=\"og:url\" content=\"https:\/\/haberkuzey.com\/index.php\/2025\/08\/08\/dincyurekerenkoy-direnisi-bu-topraklarda-var-oldugumuzun-haykirisidir\/\" \/>\n<meta property=\"og:site_name\" content=\"Haber Kuzey\" \/>\n<meta property=\"article:published_time\" content=\"2025-08-08T13:49:36+00:00\" \/>\n<meta property=\"og:image\" content=\"https:\/\/brtk.net\/wp-content\/uploads\/2025\/05\/06\/dincyurek2.jpg?ver=11364353c59dd60047f2cbdb6f451775\" \/>\n<meta name=\"author\" content=\"haberkuzey\" \/>\n<meta name=\"twitter:card\" content=\"summary_large_image\" \/>\n<meta name=\"twitter:label1\" content=\"Yazan:\" \/>\n\t<meta name=\"twitter:data1\" content=\"haberkuzey\" \/>\n\t<meta name=\"twitter:label2\" content=\"Tahmini okuma s\u00fcresi\" \/>\n\t<meta name=\"twitter:data2\" content=\"1 dakika\" \/>\n<script type=\"application\/ld+json\" class=\"yoast-schema-graph\">{\"@context\":\"https:\\\/\\\/schema.org\",\"@graph\":[{\"@type\":\"Article\",\"@id\":\"https:\\\/\\\/haberkuzey.com\\\/index.php\\\/2025\\\/08\\\/08\\\/dincyurekerenkoy-direnisi-bu-topraklarda-var-oldugumuzun-haykirisidir\\\/#article\",\"isPartOf\":{\"@id\":\"https:\\\/\\\/haberkuzey.com\\\/index.php\\\/2025\\\/08\\\/08\\\/dincyurekerenkoy-direnisi-bu-topraklarda-var-oldugumuzun-haykirisidir\\\/\"},\"author\":{\"name\":\"haberkuzey\",\"@id\":\"https:\\\/\\\/haberkuzey.com\\\/#\\\/schema\\\/person\\\/3372109ec735f9333f4fa47ebb9605ca\"},\"headline\":\"Din\u00e7y\u00fcrek:Erenk\u00f6y Direni\u015fi bu topraklarda var oldu\u011fumuzun hayk\u0131r\u0131\u015f\u0131d\u0131r\",\"datePublished\":\"2025-08-08T13:49:36+00:00\",\"mainEntityOfPage\":{\"@id\":\"https:\\\/\\\/haberkuzey.com\\\/index.php\\\/2025\\\/08\\\/08\\\/dincyurekerenkoy-direnisi-bu-topraklarda-var-oldugumuzun-haykirisidir\\\/\"},\"wordCount\":213,\"commentCount\":0,\"image\":{\"@id\":\"https:\\\/\\\/haberkuzey.com\\\/index.php\\\/2025\\\/08\\\/08\\\/dincyurekerenkoy-direnisi-bu-topraklarda-var-oldugumuzun-haykirisidir\\\/#primaryimage\"},\"thumbnailUrl\":\"https:\\\/\\\/haberkuzey.com\\\/wp-content\\\/uploads\\\/2025\\\/06\\\/dincyurek2.jpg\",\"articleSection\":[\"K\u0131br\u0131s\"],\"inLanguage\":\"tr\",\"potentialAction\":[{\"@type\":\"CommentAction\",\"name\":\"Comment\",\"target\":[\"https:\\\/\\\/haberkuzey.com\\\/index.php\\\/2025\\\/08\\\/08\\\/dincyurekerenkoy-direnisi-bu-topraklarda-var-oldugumuzun-haykirisidir\\\/#respond\"]}]},{\"@type\":\"WebPage\",\"@id\":\"https:\\\/\\\/haberkuzey.com\\\/index.php\\\/2025\\\/08\\\/08\\\/dincyurekerenkoy-direnisi-bu-topraklarda-var-oldugumuzun-haykirisidir\\\/\",\"url\":\"https:\\\/\\\/haberkuzey.com\\\/index.php\\\/2025\\\/08\\\/08\\\/dincyurekerenkoy-direnisi-bu-topraklarda-var-oldugumuzun-haykirisidir\\\/\",\"name\":\"Din\u00e7y\u00fcrek:Erenk\u00f6y Direni\u015fi bu topraklarda var oldu\u011fumuzun hayk\u0131r\u0131\u015f\u0131d\u0131r - Haber Kuzey\",\"isPartOf\":{\"@id\":\"https:\\\/\\\/haberkuzey.com\\\/#website\"},\"primaryImageOfPage\":{\"@id\":\"https:\\\/\\\/haberkuzey.com\\\/index.php\\\/2025\\\/08\\\/08\\\/dincyurekerenkoy-direnisi-bu-topraklarda-var-oldugumuzun-haykirisidir\\\/#primaryimage\"},\"image\":{\"@id\":\"https:\\\/\\\/haberkuzey.com\\\/index.php\\\/2025\\\/08\\\/08\\\/dincyurekerenkoy-direnisi-bu-topraklarda-var-oldugumuzun-haykirisidir\\\/#primaryimage\"},\"thumbnailUrl\":\"https:\\\/\\\/haberkuzey.com\\\/wp-content\\\/uploads\\\/2025\\\/06\\\/dincyurek2.jpg\",\"datePublished\":\"2025-08-08T13:49:36+00:00\",\"author\":{\"@id\":\"https:\\\/\\\/haberkuzey.com\\\/#\\\/schema\\\/person\\\/3372109ec735f9333f4fa47ebb9605ca\"},\"breadcrumb\":{\"@id\":\"https:\\\/\\\/haberkuzey.com\\\/index.php\\\/2025\\\/08\\\/08\\\/dincyurekerenkoy-direnisi-bu-topraklarda-var-oldugumuzun-haykirisidir\\\/#breadcrumb\"},\"inLanguage\":\"tr\",\"potentialAction\":[{\"@type\":\"ReadAction\",\"target\":[\"https:\\\/\\\/haberkuzey.com\\\/index.php\\\/2025\\\/08\\\/08\\\/dincyurekerenkoy-direnisi-bu-topraklarda-var-oldugumuzun-haykirisidir\\\/\"]}]},{\"@type\":\"ImageObject\",\"inLanguage\":\"tr\",\"@id\":\"https:\\\/\\\/haberkuzey.com\\\/index.php\\\/2025\\\/08\\\/08\\\/dincyurekerenkoy-direnisi-bu-topraklarda-var-oldugumuzun-haykirisidir\\\/#primaryimage\",\"url\":\"https:\\\/\\\/haberkuzey.com\\\/wp-content\\\/uploads\\\/2025\\\/06\\\/dincyurek2.jpg\",\"contentUrl\":\"https:\\\/\\\/haberkuzey.com\\\/wp-content\\\/uploads\\\/2025\\\/06\\\/dincyurek2.jpg\",\"width\":910,\"height\":430},{\"@type\":\"BreadcrumbList\",\"@id\":\"https:\\\/\\\/haberkuzey.com\\\/index.php\\\/2025\\\/08\\\/08\\\/dincyurekerenkoy-direnisi-bu-topraklarda-var-oldugumuzun-haykirisidir\\\/#breadcrumb\",\"itemListElement\":[{\"@type\":\"ListItem\",\"position\":1,\"name\":\"Anasayfa\",\"item\":\"https:\\\/\\\/haberkuzey.com\\\/\"},{\"@type\":\"ListItem\",\"position\":2,\"name\":\"Din\u00e7y\u00fcrek:Erenk\u00f6y Direni\u015fi bu topraklarda var oldu\u011fumuzun hayk\u0131r\u0131\u015f\u0131d\u0131r\"}]},{\"@type\":\"WebSite\",\"@id\":\"https:\\\/\\\/haberkuzey.com\\\/#website\",\"url\":\"https:\\\/\\\/haberkuzey.com\\\/\",\"name\":\"Haber Kuzey\",\"description\":\"Do\u011fru Haberin Adresi\",\"potentialAction\":[{\"@type\":\"SearchAction\",\"target\":{\"@type\":\"EntryPoint\",\"urlTemplate\":\"https:\\\/\\\/haberkuzey.com\\\/?s={search_term_string}\"},\"query-input\":{\"@type\":\"PropertyValueSpecification\",\"valueRequired\":true,\"valueName\":\"search_term_string\"}}],\"inLanguage\":\"tr\"},{\"@type\":\"Person\",\"@id\":\"https:\\\/\\\/haberkuzey.com\\\/#\\\/schema\\\/person\\\/3372109ec735f9333f4fa47ebb9605ca\",\"name\":\"haberkuzey\",\"image\":{\"@type\":\"ImageObject\",\"inLanguage\":\"tr\",\"@id\":\"https:\\\/\\\/secure.gravatar.com\\\/avatar\\\/f5fc875574b1575324358c3b9e6a32b8227aa5b74f3fa22e3cadb63e26fcc39c?s=96&d=mm&r=g\",\"url\":\"https:\\\/\\\/secure.gravatar.com\\\/avatar\\\/f5fc875574b1575324358c3b9e6a32b8227aa5b74f3fa22e3cadb63e26fcc39c?s=96&d=mm&r=g\",\"contentUrl\":\"https:\\\/\\\/secure.gravatar.com\\\/avatar\\\/f5fc875574b1575324358c3b9e6a32b8227aa5b74f3fa22e3cadb63e26fcc39c?s=96&d=mm&r=g\",\"caption\":\"haberkuzey\"},\"sameAs\":[\"https:\\\/\\\/haberkuzey.com\"],\"url\":\"https:\\\/\\\/haberkuzey.com\\\/index.php\\\/author\\\/haberkuzey\\\/\"}]}<\/script>\n<!-- \/ Yoast SEO plugin. -->","yoast_head_json":{"title":"Din\u00e7y\u00fcrek:Erenk\u00f6y Direni\u015fi bu topraklarda var oldu\u011fumuzun hayk\u0131r\u0131\u015f\u0131d\u0131r - Haber Kuzey","robots":{"index":"index","follow":"follow","max-snippet":"max-snippet:-1","max-image-preview":"max-image-preview:large","max-video-preview":"max-video-preview:-1"},"canonical":"https:\/\/haberkuzey.com\/index.php\/2025\/08\/08\/dincyurekerenkoy-direnisi-bu-topraklarda-var-oldugumuzun-haykirisidir\/","og_locale":"tr_TR","og_type":"article","og_title":"Din\u00e7y\u00fcrek:Erenk\u00f6y Direni\u015fi bu topraklarda var oldu\u011fumuzun hayk\u0131r\u0131\u015f\u0131d\u0131r - Haber Kuzey","og_description":"Sa\u011fl\u0131k Bakan\u0131 Hakan\u0131 Din\u00e7y\u00fcrek, Erenk\u00f6y Direni\u015fi\u2019nin 61. y\u0131l d\u00f6n\u00fcm\u00fcnde, \u201cErenk\u00f6y Direni\u015fi, tarih boyunca kimli\u011fine, \u00f6zg\u00fcrl\u00fc\u011f\u00fcne sahip \u00e7\u0131kan K\u0131br\u0131s T\u00fcrk\u00fc\u2019n\u00fcn kararl\u0131 duru\u015funun, Anavatan T\u00fcrkiye ile olan g\u00fc\u00e7l\u00fc tarihi ba\u011f\u0131n\u0131n, bu topraklarda var oldu\u011fumuzun ve var olmaya devam edece\u011fimizin hayk\u0131r\u0131\u015f\u0131d\u0131r\u201d ifadelerini kulland\u0131. Din\u00e7y\u00fcrek, mesaj\u0131nda, \u201cK\u0131br\u0131s T\u00fcrk\u00fc, 61 y\u0131l \u00f6nce e\u011fitimlerini yar\u0131da b\u0131rakarak vatan savunmas\u0131na ko\u015fan \u00fcniversite \u00f6\u011frencilerimiz [&hellip;]","og_url":"https:\/\/haberkuzey.com\/index.php\/2025\/08\/08\/dincyurekerenkoy-direnisi-bu-topraklarda-var-oldugumuzun-haykirisidir\/","og_site_name":"Haber Kuzey","article_published_time":"2025-08-08T13:49:36+00:00","og_image":[{"url":"https:\/\/brtk.net\/wp-content\/uploads\/2025\/05\/06\/dincyurek2.jpg?ver=11364353c59dd60047f2cbdb6f451775","type":"","width":"","height":""}],"author":"haberkuzey","twitter_card":"summary_large_image","twitter_misc":{"Yazan:":"haberkuzey","Tahmini okuma s\u00fcresi":"1 dakika"},"schema":{"@context":"https:\/\/schema.org","@graph":[{"@type":"Article","@id":"https:\/\/haberkuzey.com\/index.php\/2025\/08\/08\/dincyurekerenkoy-direnisi-bu-topraklarda-var-oldugumuzun-haykirisidir\/#article","isPartOf":{"@id":"https:\/\/haberkuzey.com\/index.php\/2025\/08\/08\/dincyurekerenkoy-direnisi-bu-topraklarda-var-oldugumuzun-haykirisidir\/"},"author":{"name":"haberkuzey","@id":"https:\/\/haberkuzey.com\/#\/schema\/person\/3372109ec735f9333f4fa47ebb9605ca"},"headline":"Din\u00e7y\u00fcrek:Erenk\u00f6y Direni\u015fi bu topraklarda var oldu\u011fumuzun hayk\u0131r\u0131\u015f\u0131d\u0131r","datePublished":"2025-08-08T13:49:36+00:00","mainEntityOfPage":{"@id":"https:\/\/haberkuzey.com\/index.php\/2025\/08\/08\/dincyurekerenkoy-direnisi-bu-topraklarda-var-oldugumuzun-haykirisidir\/"},"wordCount":213,"commentCount":0,"image":{"@id":"https:\/\/haberkuzey.com\/index.php\/2025\/08\/08\/dincyurekerenkoy-direnisi-bu-topraklarda-var-oldugumuzun-haykirisidir\/#primaryimage"},"thumbnailUrl":"https:\/\/haberkuzey.com\/wp-content\/uploads\/2025\/06\/dincyurek2.jpg","articleSection":["K\u0131br\u0131s"],"inLanguage":"tr","potentialAction":[{"@type":"CommentAction","name":"Comment","target":["https:\/\/haberkuzey.com\/index.php\/2025\/08\/08\/dincyurekerenkoy-direnisi-bu-topraklarda-var-oldugumuzun-haykirisidir\/#respond"]}]},{"@type":"WebPage","@id":"https:\/\/haberkuzey.com\/index.php\/2025\/08\/08\/dincyurekerenkoy-direnisi-bu-topraklarda-var-oldugumuzun-haykirisidir\/","url":"https:\/\/haberkuzey.com\/index.php\/2025\/08\/08\/dincyurekerenkoy-direnisi-bu-topraklarda-var-oldugumuzun-haykirisidir\/","name":"Din\u00e7y\u00fcrek:Erenk\u00f6y Direni\u015fi bu topraklarda var oldu\u011fumuzun hayk\u0131r\u0131\u015f\u0131d\u0131r - Haber Kuzey","isPartOf":{"@id":"https:\/\/haberkuzey.com\/#website"},"primaryImageOfPage":{"@id":"https:\/\/haberkuzey.com\/index.php\/2025\/08\/08\/dincyurekerenkoy-direnisi-bu-topraklarda-var-oldugumuzun-haykirisidir\/#primaryimage"},"image":{"@id":"https:\/\/haberkuzey.com\/index.php\/2025\/08\/08\/dincyurekerenkoy-direnisi-bu-topraklarda-var-oldugumuzun-haykirisidir\/#primaryimage"},"thumbnailUrl":"https:\/\/haberkuzey.com\/wp-content\/uploads\/2025\/06\/dincyurek2.jpg","datePublished":"2025-08-08T13:49:36+00:00","author":{"@id":"https:\/\/haberkuzey.com\/#\/schema\/person\/3372109ec735f9333f4fa47ebb9605ca"},"breadcrumb":{"@id":"https:\/\/haberkuzey.com\/index.php\/2025\/08\/08\/dincyurekerenkoy-direnisi-bu-topraklarda-var-oldugumuzun-haykirisidir\/#breadcrumb"},"inLanguage":"tr","potentialAction":[{"@type":"ReadAction","target":["https:\/\/haberkuzey.com\/index.php\/2025\/08\/08\/dincyurekerenkoy-direnisi-bu-topraklarda-var-oldugumuzun-haykirisidir\/"]}]},{"@type":"ImageObject","inLanguage":"tr","@id":"https:\/\/haberkuzey.com\/index.php\/2025\/08\/08\/dincyurekerenkoy-direnisi-bu-topraklarda-var-oldugumuzun-haykirisidir\/#primaryimage","url":"https:\/\/haberkuzey.com\/wp-content\/uploads\/2025\/06\/dincyurek2.jpg","contentUrl":"https:\/\/haberkuzey.com\/wp-content\/uploads\/2025\/06\/dincyurek2.jpg","width":910,"height":430},{"@type":"BreadcrumbList","@id":"https:\/\/haberkuzey.com\/index.php\/2025\/08\/08\/dincyurekerenkoy-direnisi-bu-topraklarda-var-oldugumuzun-haykirisidir\/#breadcrumb","itemListElement":[{"@type":"ListItem","position":1,"name":"Anasayfa","item":"https:\/\/haberkuzey.com\/"},{"@type":"ListItem","position":2,"name":"Din\u00e7y\u00fcrek:Erenk\u00f6y Direni\u015fi bu topraklarda var oldu\u011fumuzun hayk\u0131r\u0131\u015f\u0131d\u0131r"}]},{"@type":"WebSite","@id":"https:\/\/haberkuzey.com\/#website","url":"https:\/\/haberkuzey.com\/","name":"Haber Kuzey","description":"Do\u011fru Haberin Adresi","potentialAction":[{"@type":"SearchAction","target":{"@type":"EntryPoint","urlTemplate":"https:\/\/haberkuzey.com\/?s={search_term_string}"},"query-input":{"@type":"PropertyValueSpecification","valueRequired":true,"valueName":"search_term_string"}}],"inLanguage":"tr"},{"@type":"Person","@id":"https:\/\/haberkuzey.com\/#\/schema\/person\/3372109ec735f9333f4fa47ebb9605ca","name":"haberkuzey","image":{"@type":"ImageObject","inLanguage":"tr","@id":"https:\/\/secure.gravatar.com\/avatar\/f5fc875574b1575324358c3b9e6a32b8227aa5b74f3fa22e3cadb63e26fcc39c?s=96&d=mm&r=g","url":"https:\/\/secure.gravatar.com\/avatar\/f5fc875574b1575324358c3b9e6a32b8227aa5b74f3fa22e3cadb63e26fcc39c?s=96&d=mm&r=g","contentUrl":"https:\/\/secure.gravatar.com\/avatar\/f5fc875574b1575324358c3b9e6a32b8227aa5b74f3fa22e3cadb63e26fcc39c?s=96&d=mm&r=g","caption":"haberkuzey"},"sameAs":["https:\/\/haberkuzey.com"],"url":"https:\/\/haberkuzey.com\/index.php\/author\/haberkuzey\/"}]}},"_links":{"self":[{"href":"https:\/\/haberkuzey.com\/index.php\/wp-json\/wp\/v2\/posts\/29155","targetHints":{"allow":["GET"]}}],"collection":[{"href":"https:\/\/haberkuzey.com\/index.php\/wp-json\/wp\/v2\/posts"}],"about":[{"href":"https:\/\/haberkuzey.com\/index.php\/wp-json\/wp\/v2\/types\/post"}],"author":[{"embeddable":true,"href":"https:\/\/haberkuzey.com\/index.php\/wp-json\/wp\/v2\/users\/1"}],"replies":[{"embeddable":true,"href":"https:\/\/haberkuzey.com\/index.php\/wp-json\/wp\/v2\/comments?post=29155"}],"version-history":[{"count":0,"href":"https:\/\/haberkuzey.com\/index.php\/wp-json\/wp\/v2\/posts\/29155\/revisions"}],"wp:featuredmedia":[{"embeddable":true,"href":"https:\/\/haberkuzey.com\/index.php\/wp-json\/wp\/v2\/media\/25546"}],"wp:attachment":[{"href":"https:\/\/haberkuzey.com\/index.php\/wp-json\/wp\/v2\/media?parent=29155"}],"wp:term":[{"taxonomy":"category","embeddable":true,"href":"https:\/\/haberkuzey.com\/index.php\/wp-json\/wp\/v2\/categories?post=29155"},{"taxonomy":"post_tag","embeddable":true,"href":"https:\/\/haberkuzey.com\/index.php\/wp-json\/wp\/v2\/tags?post=29155"}],"curies":[{"name":"wp","href":"https:\/\/api.w.org\/{rel}","templated":true}]}}