{"id":29125,"date":"2025-08-08T10:01:36","date_gmt":"2025-08-08T07:01:36","guid":{"rendered":"https:\/\/haberkuzey.com\/index.php\/2025\/08\/08\/erenkoy-kafilesi-sinir-kapisinda-engelle-karsilasti-yesilirmak-sinir-kapisinda-bir-sure-bekletilen-kafile-kara-yoluyla-erenkoye-hareket-etti\/"},"modified":"2025-08-08T10:01:36","modified_gmt":"2025-08-08T07:01:36","slug":"erenkoy-kafilesi-sinir-kapisinda-engelle-karsilasti-yesilirmak-sinir-kapisinda-bir-sure-bekletilen-kafile-kara-yoluyla-erenkoye-hareket-etti","status":"publish","type":"post","link":"https:\/\/haberkuzey.com\/index.php\/2025\/08\/08\/erenkoy-kafilesi-sinir-kapisinda-engelle-karsilasti-yesilirmak-sinir-kapisinda-bir-sure-bekletilen-kafile-kara-yoluyla-erenkoye-hareket-etti\/","title":{"rendered":"Erenk\u00f6y kafilesi s\u0131n\u0131r kap\u0131s\u0131nda engelle kar\u015f\u0131la\u015ft\u0131\u2026 Ye\u015fil\u0131rmak S\u0131n\u0131r Kap\u0131s\u0131\u2019nda bir s\u00fcre bekletilen kafile, kara yoluyla Erenk\u00f6y\u2019e hareket etti"},"content":{"rendered":"<div>\n<div class=\"mariselle-image-container center\">\n                                            <\/div>\n<p>\u015eanl\u0131 Erenk\u00f6y Direni\u015fi\u2019nin 61\u2019inci y\u0131l d\u00f6n\u00fcm\u00fc ve direni\u015fte \u015fehit d\u00fc\u015fenleri anmak i\u00e7in Erenk\u00f6y\u2019deki t\u00f6rene kat\u0131lmak i\u00e7in minib\u00fcslerle yola \u00e7\u0131kan kafile, Ye\u015fil\u0131rmak S\u0131n\u0131r Kap\u0131s\u0131\u2019nda engelle kar\u015f\u0131la\u015ft\u0131.<\/p>\n<p>Verilen bilgiye g\u00f6re, t\u00f6rene gitmeye \u00e7al\u0131\u015fan y\u00fczlerce vatanda\u015f, Rum y\u00f6netiminin ge\u00e7i\u015flerde ara\u00e7 say\u0131s\u0131n\u0131 k\u0131s\u0131tlad\u0131\u011f\u0131 gerek\u00e7esiyle BM Bar\u0131\u015f G\u00fcc\u00fc taraf\u0131ndan bir s\u00fcre s\u0131n\u0131r kap\u0131s\u0131nda bekletildi, KKTC D\u0131\u015fi\u015fleri Bakanl\u0131\u011f\u0131 yetkililerinin devreye girmesiyle sorun a\u015f\u0131ld\u0131.<\/p>\n<p>Konvoy, saat 08.00\u2019e BM Bar\u0131\u015f G\u00fcc\u00fc eskortlu\u011funda Ye\u015fil\u0131rmak Kara S\u0131n\u0131r Kap\u0131s\u0131\u2019ndan kara yoluyla Erenk\u00f6y\u2019e gitmek i\u00e7in ge\u00e7i\u015f yapmaya ba\u015flad\u0131.<\/p>\n<p>\u2013 Erenk\u00f6y \u015eehitli\u011fi\u2019ndeki t\u00f6ren saat 10.00\u2019da ba\u015flayacak<\/p>\n<p>Erenk\u00f6y \u015eehitli\u011fi\u2019nde saat 10.00\u2019da ba\u015flayacak t\u00f6rende, ilk olarak protokol s\u0131ras\u0131na g\u00f6re an\u0131ta \u00e7elenkler sunulacak. Ard\u0131ndan sayg\u0131 duru\u015funda bulunulacak, sayg\u0131 at\u0131\u015f\u0131 ve \u0130stiklal Mar\u015f\u0131 e\u015fli\u011finde bayraklar g\u00f6ndere \u00e7ekilecek.<\/p>\n<p>\u015eehitlik \u00d6zel Defteri\u2019nin imzalanmas\u0131n\u0131n ard\u0131ndan t\u00f6rende, s\u0131ras\u0131yla Erenk\u00f6y M\u00fccahitler Derne\u011fi Ba\u015fkan\u0131 Ahmet Y\u0131ld\u0131r\u0131m, Erenk\u00f6y-Karpaz Belediye Ba\u015fkan\u0131 Hamit Bak\u0131rc\u0131 ve Cumhurba\u015fkan\u0131 Ersin Tatar birer konu\u015fma yapacak.<\/p>\n<p>Anma t\u00f6reni; \u015fehitli\u011fin gezilmesi, \u015fehit kabirlerine \u00e7i\u00e7ek b\u0131rak\u0131lmas\u0131 ve kabir ba\u015f\u0131nda dua okunmas\u0131yla sona erecek.<\/p>\n<\/p><\/div>\n<p><script async\n                    defer\n                    crossorigin=\"anonymous\"\n                    src=\"https:\/\/connect.facebook.net\/tr_TR\/sdk.js#xfbml=1&#038;version=v3.3\"\n            ><\/script><\/p>\n","protected":false},"excerpt":{"rendered":"<p>\u015eanl\u0131 Erenk\u00f6y Direni\u015fi\u2019nin 61\u2019inci y\u0131l d\u00f6n\u00fcm\u00fc ve direni\u015fte \u015fehit d\u00fc\u015fenleri anmak i\u00e7in Erenk\u00f6y\u2019deki t\u00f6rene kat\u0131lmak i\u00e7in minib\u00fcslerle yola \u00e7\u0131kan kafile, Ye\u015fil\u0131rmak S\u0131n\u0131r Kap\u0131s\u0131\u2019nda engelle kar\u015f\u0131la\u015ft\u0131. Verilen bilgiye g\u00f6re, t\u00f6rene gitmeye \u00e7al\u0131\u015fan y\u00fczlerce vatanda\u015f, Rum y\u00f6netiminin ge\u00e7i\u015flerde ara\u00e7 say\u0131s\u0131n\u0131 k\u0131s\u0131tlad\u0131\u011f\u0131 gerek\u00e7esiyle BM Bar\u0131\u015f G\u00fcc\u00fc taraf\u0131ndan bir s\u00fcre s\u0131n\u0131r kap\u0131s\u0131nda bekletildi, KKTC D\u0131\u015fi\u015fleri Bakanl\u0131\u011f\u0131 yetkililerinin devreye girmesiyle [&hellip;]<\/p>\n","protected":false},"author":1,"featured_media":29126,"comment_status":"open","ping_status":"open","sticky":false,"template":"","format":"standard","meta":{"jnews-multi-image_gallery":[],"jnews_single_post":[],"jnews_primary_category":[],"footnotes":""},"categories":[1],"tags":[],"class_list":["post-29125","post","type-post","status-publish","format-standard","has-post-thumbnail","hentry","category-kibris"],"yoast_head":"<!-- This site is optimized with the Yoast SEO plugin v27.5 - https:\/\/yoast.com\/product\/yoast-seo-wordpress\/ -->\n<title>Erenk\u00f6y kafilesi s\u0131n\u0131r kap\u0131s\u0131nda engelle kar\u015f\u0131la\u015ft\u0131\u2026 Ye\u015fil\u0131rmak S\u0131n\u0131r Kap\u0131s\u0131\u2019nda bir s\u00fcre bekletilen kafile, kara yoluyla Erenk\u00f6y\u2019e hareket etti - Haber Kuzey<\/title>\n<meta name=\"robots\" content=\"index, follow, max-snippet:-1, max-image-preview:large, max-video-preview:-1\" \/>\n<link rel=\"canonical\" href=\"https:\/\/haberkuzey.com\/index.php\/2025\/08\/08\/erenkoy-kafilesi-sinir-kapisinda-engelle-karsilasti-yesilirmak-sinir-kapisinda-bir-sure-bekletilen-kafile-kara-yoluyla-erenkoye-hareket-etti\/\" \/>\n<meta property=\"og:locale\" content=\"tr_TR\" \/>\n<meta property=\"og:type\" content=\"article\" \/>\n<meta property=\"og:title\" content=\"Erenk\u00f6y kafilesi s\u0131n\u0131r kap\u0131s\u0131nda engelle kar\u015f\u0131la\u015ft\u0131\u2026 Ye\u015fil\u0131rmak S\u0131n\u0131r Kap\u0131s\u0131\u2019nda bir s\u00fcre bekletilen kafile, kara yoluyla Erenk\u00f6y\u2019e hareket etti - Haber Kuzey\" \/>\n<meta property=\"og:description\" content=\"\u015eanl\u0131 Erenk\u00f6y Direni\u015fi\u2019nin 61\u2019inci y\u0131l d\u00f6n\u00fcm\u00fc ve direni\u015fte \u015fehit d\u00fc\u015fenleri anmak i\u00e7in Erenk\u00f6y\u2019deki t\u00f6rene kat\u0131lmak i\u00e7in minib\u00fcslerle yola \u00e7\u0131kan kafile, Ye\u015fil\u0131rmak S\u0131n\u0131r Kap\u0131s\u0131\u2019nda engelle kar\u015f\u0131la\u015ft\u0131. Verilen bilgiye g\u00f6re, t\u00f6rene gitmeye \u00e7al\u0131\u015fan y\u00fczlerce vatanda\u015f, Rum y\u00f6netiminin ge\u00e7i\u015flerde ara\u00e7 say\u0131s\u0131n\u0131 k\u0131s\u0131tlad\u0131\u011f\u0131 gerek\u00e7esiyle BM Bar\u0131\u015f G\u00fcc\u00fc taraf\u0131ndan bir s\u00fcre s\u0131n\u0131r kap\u0131s\u0131nda bekletildi, KKTC D\u0131\u015fi\u015fleri Bakanl\u0131\u011f\u0131 yetkililerinin devreye girmesiyle [&hellip;]\" \/>\n<meta property=\"og:url\" content=\"https:\/\/haberkuzey.com\/index.php\/2025\/08\/08\/erenkoy-kafilesi-sinir-kapisinda-engelle-karsilasti-yesilirmak-sinir-kapisinda-bir-sure-bekletilen-kafile-kara-yoluyla-erenkoye-hareket-etti\/\" \/>\n<meta property=\"og:site_name\" content=\"Haber Kuzey\" \/>\n<meta property=\"article:published_time\" content=\"2025-08-08T07:01:36+00:00\" \/>\n<meta property=\"og:image\" content=\"https:\/\/brtk.net\/wp-content\/uploads\/2025\/08\/08\/98989898-scaled.jpeg?ver=861c28f4d7161cb4951371d1cf237e96\" \/>\n<meta name=\"author\" content=\"haberkuzey\" \/>\n<meta name=\"twitter:card\" content=\"summary_large_image\" \/>\n<meta name=\"twitter:label1\" content=\"Yazan:\" \/>\n\t<meta name=\"twitter:data1\" content=\"haberkuzey\" \/>\n\t<meta name=\"twitter:label2\" content=\"Tahmini okuma s\u00fcresi\" \/>\n\t<meta name=\"twitter:data2\" content=\"1 dakika\" \/>\n<script type=\"application\/ld+json\" class=\"yoast-schema-graph\">{\"@context\":\"https:\\\/\\\/schema.org\",\"@graph\":[{\"@type\":\"Article\",\"@id\":\"https:\\\/\\\/haberkuzey.com\\\/index.php\\\/2025\\\/08\\\/08\\\/erenkoy-kafilesi-sinir-kapisinda-engelle-karsilasti-yesilirmak-sinir-kapisinda-bir-sure-bekletilen-kafile-kara-yoluyla-erenkoye-hareket-etti\\\/#article\",\"isPartOf\":{\"@id\":\"https:\\\/\\\/haberkuzey.com\\\/index.php\\\/2025\\\/08\\\/08\\\/erenkoy-kafilesi-sinir-kapisinda-engelle-karsilasti-yesilirmak-sinir-kapisinda-bir-sure-bekletilen-kafile-kara-yoluyla-erenkoye-hareket-etti\\\/\"},\"author\":{\"name\":\"haberkuzey\",\"@id\":\"https:\\\/\\\/haberkuzey.com\\\/#\\\/schema\\\/person\\\/3372109ec735f9333f4fa47ebb9605ca\"},\"headline\":\"Erenk\u00f6y kafilesi s\u0131n\u0131r kap\u0131s\u0131nda engelle kar\u015f\u0131la\u015ft\u0131\u2026 Ye\u015fil\u0131rmak S\u0131n\u0131r Kap\u0131s\u0131\u2019nda bir s\u00fcre bekletilen kafile, kara yoluyla Erenk\u00f6y\u2019e hareket etti\",\"datePublished\":\"2025-08-08T07:01:36+00:00\",\"mainEntityOfPage\":{\"@id\":\"https:\\\/\\\/haberkuzey.com\\\/index.php\\\/2025\\\/08\\\/08\\\/erenkoy-kafilesi-sinir-kapisinda-engelle-karsilasti-yesilirmak-sinir-kapisinda-bir-sure-bekletilen-kafile-kara-yoluyla-erenkoye-hareket-etti\\\/\"},\"wordCount\":286,\"commentCount\":0,\"image\":{\"@id\":\"https:\\\/\\\/haberkuzey.com\\\/index.php\\\/2025\\\/08\\\/08\\\/erenkoy-kafilesi-sinir-kapisinda-engelle-karsilasti-yesilirmak-sinir-kapisinda-bir-sure-bekletilen-kafile-kara-yoluyla-erenkoye-hareket-etti\\\/#primaryimage\"},\"thumbnailUrl\":\"https:\\\/\\\/haberkuzey.com\\\/wp-content\\\/uploads\\\/2025\\\/08\\\/98989898-scaled.jpeg\",\"articleSection\":[\"K\u0131br\u0131s\"],\"inLanguage\":\"tr\",\"potentialAction\":[{\"@type\":\"CommentAction\",\"name\":\"Comment\",\"target\":[\"https:\\\/\\\/haberkuzey.com\\\/index.php\\\/2025\\\/08\\\/08\\\/erenkoy-kafilesi-sinir-kapisinda-engelle-karsilasti-yesilirmak-sinir-kapisinda-bir-sure-bekletilen-kafile-kara-yoluyla-erenkoye-hareket-etti\\\/#respond\"]}]},{\"@type\":\"WebPage\",\"@id\":\"https:\\\/\\\/haberkuzey.com\\\/index.php\\\/2025\\\/08\\\/08\\\/erenkoy-kafilesi-sinir-kapisinda-engelle-karsilasti-yesilirmak-sinir-kapisinda-bir-sure-bekletilen-kafile-kara-yoluyla-erenkoye-hareket-etti\\\/\",\"url\":\"https:\\\/\\\/haberkuzey.com\\\/index.php\\\/2025\\\/08\\\/08\\\/erenkoy-kafilesi-sinir-kapisinda-engelle-karsilasti-yesilirmak-sinir-kapisinda-bir-sure-bekletilen-kafile-kara-yoluyla-erenkoye-hareket-etti\\\/\",\"name\":\"Erenk\u00f6y kafilesi s\u0131n\u0131r kap\u0131s\u0131nda engelle kar\u015f\u0131la\u015ft\u0131\u2026 Ye\u015fil\u0131rmak S\u0131n\u0131r Kap\u0131s\u0131\u2019nda bir s\u00fcre bekletilen kafile, kara yoluyla Erenk\u00f6y\u2019e hareket etti - Haber Kuzey\",\"isPartOf\":{\"@id\":\"https:\\\/\\\/haberkuzey.com\\\/#website\"},\"primaryImageOfPage\":{\"@id\":\"https:\\\/\\\/haberkuzey.com\\\/index.php\\\/2025\\\/08\\\/08\\\/erenkoy-kafilesi-sinir-kapisinda-engelle-karsilasti-yesilirmak-sinir-kapisinda-bir-sure-bekletilen-kafile-kara-yoluyla-erenkoye-hareket-etti\\\/#primaryimage\"},\"image\":{\"@id\":\"https:\\\/\\\/haberkuzey.com\\\/index.php\\\/2025\\\/08\\\/08\\\/erenkoy-kafilesi-sinir-kapisinda-engelle-karsilasti-yesilirmak-sinir-kapisinda-bir-sure-bekletilen-kafile-kara-yoluyla-erenkoye-hareket-etti\\\/#primaryimage\"},\"thumbnailUrl\":\"https:\\\/\\\/haberkuzey.com\\\/wp-content\\\/uploads\\\/2025\\\/08\\\/98989898-scaled.jpeg\",\"datePublished\":\"2025-08-08T07:01:36+00:00\",\"author\":{\"@id\":\"https:\\\/\\\/haberkuzey.com\\\/#\\\/schema\\\/person\\\/3372109ec735f9333f4fa47ebb9605ca\"},\"breadcrumb\":{\"@id\":\"https:\\\/\\\/haberkuzey.com\\\/index.php\\\/2025\\\/08\\\/08\\\/erenkoy-kafilesi-sinir-kapisinda-engelle-karsilasti-yesilirmak-sinir-kapisinda-bir-sure-bekletilen-kafile-kara-yoluyla-erenkoye-hareket-etti\\\/#breadcrumb\"},\"inLanguage\":\"tr\",\"potentialAction\":[{\"@type\":\"ReadAction\",\"target\":[\"https:\\\/\\\/haberkuzey.com\\\/index.php\\\/2025\\\/08\\\/08\\\/erenkoy-kafilesi-sinir-kapisinda-engelle-karsilasti-yesilirmak-sinir-kapisinda-bir-sure-bekletilen-kafile-kara-yoluyla-erenkoye-hareket-etti\\\/\"]}]},{\"@type\":\"ImageObject\",\"inLanguage\":\"tr\",\"@id\":\"https:\\\/\\\/haberkuzey.com\\\/index.php\\\/2025\\\/08\\\/08\\\/erenkoy-kafilesi-sinir-kapisinda-engelle-karsilasti-yesilirmak-sinir-kapisinda-bir-sure-bekletilen-kafile-kara-yoluyla-erenkoye-hareket-etti\\\/#primaryimage\",\"url\":\"https:\\\/\\\/haberkuzey.com\\\/wp-content\\\/uploads\\\/2025\\\/08\\\/98989898-scaled.jpeg\",\"contentUrl\":\"https:\\\/\\\/haberkuzey.com\\\/wp-content\\\/uploads\\\/2025\\\/08\\\/98989898-scaled.jpeg\",\"width\":2560,\"height\":1057},{\"@type\":\"BreadcrumbList\",\"@id\":\"https:\\\/\\\/haberkuzey.com\\\/index.php\\\/2025\\\/08\\\/08\\\/erenkoy-kafilesi-sinir-kapisinda-engelle-karsilasti-yesilirmak-sinir-kapisinda-bir-sure-bekletilen-kafile-kara-yoluyla-erenkoye-hareket-etti\\\/#breadcrumb\",\"itemListElement\":[{\"@type\":\"ListItem\",\"position\":1,\"name\":\"Anasayfa\",\"item\":\"https:\\\/\\\/haberkuzey.com\\\/\"},{\"@type\":\"ListItem\",\"position\":2,\"name\":\"Erenk\u00f6y kafilesi s\u0131n\u0131r kap\u0131s\u0131nda engelle kar\u015f\u0131la\u015ft\u0131\u2026 Ye\u015fil\u0131rmak S\u0131n\u0131r Kap\u0131s\u0131\u2019nda bir s\u00fcre bekletilen kafile, kara yoluyla Erenk\u00f6y\u2019e hareket etti\"}]},{\"@type\":\"WebSite\",\"@id\":\"https:\\\/\\\/haberkuzey.com\\\/#website\",\"url\":\"https:\\\/\\\/haberkuzey.com\\\/\",\"name\":\"Haber Kuzey\",\"description\":\"Do\u011fru Haberin Adresi\",\"potentialAction\":[{\"@type\":\"SearchAction\",\"target\":{\"@type\":\"EntryPoint\",\"urlTemplate\":\"https:\\\/\\\/haberkuzey.com\\\/?s={search_term_string}\"},\"query-input\":{\"@type\":\"PropertyValueSpecification\",\"valueRequired\":true,\"valueName\":\"search_term_string\"}}],\"inLanguage\":\"tr\"},{\"@type\":\"Person\",\"@id\":\"https:\\\/\\\/haberkuzey.com\\\/#\\\/schema\\\/person\\\/3372109ec735f9333f4fa47ebb9605ca\",\"name\":\"haberkuzey\",\"image\":{\"@type\":\"ImageObject\",\"inLanguage\":\"tr\",\"@id\":\"https:\\\/\\\/secure.gravatar.com\\\/avatar\\\/f5fc875574b1575324358c3b9e6a32b8227aa5b74f3fa22e3cadb63e26fcc39c?s=96&d=mm&r=g\",\"url\":\"https:\\\/\\\/secure.gravatar.com\\\/avatar\\\/f5fc875574b1575324358c3b9e6a32b8227aa5b74f3fa22e3cadb63e26fcc39c?s=96&d=mm&r=g\",\"contentUrl\":\"https:\\\/\\\/secure.gravatar.com\\\/avatar\\\/f5fc875574b1575324358c3b9e6a32b8227aa5b74f3fa22e3cadb63e26fcc39c?s=96&d=mm&r=g\",\"caption\":\"haberkuzey\"},\"sameAs\":[\"https:\\\/\\\/haberkuzey.com\"],\"url\":\"https:\\\/\\\/haberkuzey.com\\\/index.php\\\/author\\\/haberkuzey\\\/\"}]}<\/script>\n<!-- \/ Yoast SEO plugin. -->","yoast_head_json":{"title":"Erenk\u00f6y kafilesi s\u0131n\u0131r kap\u0131s\u0131nda engelle kar\u015f\u0131la\u015ft\u0131\u2026 Ye\u015fil\u0131rmak S\u0131n\u0131r Kap\u0131s\u0131\u2019nda bir s\u00fcre bekletilen kafile, kara yoluyla Erenk\u00f6y\u2019e hareket etti - Haber Kuzey","robots":{"index":"index","follow":"follow","max-snippet":"max-snippet:-1","max-image-preview":"max-image-preview:large","max-video-preview":"max-video-preview:-1"},"canonical":"https:\/\/haberkuzey.com\/index.php\/2025\/08\/08\/erenkoy-kafilesi-sinir-kapisinda-engelle-karsilasti-yesilirmak-sinir-kapisinda-bir-sure-bekletilen-kafile-kara-yoluyla-erenkoye-hareket-etti\/","og_locale":"tr_TR","og_type":"article","og_title":"Erenk\u00f6y kafilesi s\u0131n\u0131r kap\u0131s\u0131nda engelle kar\u015f\u0131la\u015ft\u0131\u2026 Ye\u015fil\u0131rmak S\u0131n\u0131r Kap\u0131s\u0131\u2019nda bir s\u00fcre bekletilen kafile, kara yoluyla Erenk\u00f6y\u2019e hareket etti - Haber Kuzey","og_description":"\u015eanl\u0131 Erenk\u00f6y Direni\u015fi\u2019nin 61\u2019inci y\u0131l d\u00f6n\u00fcm\u00fc ve direni\u015fte \u015fehit d\u00fc\u015fenleri anmak i\u00e7in Erenk\u00f6y\u2019deki t\u00f6rene kat\u0131lmak i\u00e7in minib\u00fcslerle yola \u00e7\u0131kan kafile, Ye\u015fil\u0131rmak S\u0131n\u0131r Kap\u0131s\u0131\u2019nda engelle kar\u015f\u0131la\u015ft\u0131. Verilen bilgiye g\u00f6re, t\u00f6rene gitmeye \u00e7al\u0131\u015fan y\u00fczlerce vatanda\u015f, Rum y\u00f6netiminin ge\u00e7i\u015flerde ara\u00e7 say\u0131s\u0131n\u0131 k\u0131s\u0131tlad\u0131\u011f\u0131 gerek\u00e7esiyle BM Bar\u0131\u015f G\u00fcc\u00fc taraf\u0131ndan bir s\u00fcre s\u0131n\u0131r kap\u0131s\u0131nda bekletildi, KKTC D\u0131\u015fi\u015fleri Bakanl\u0131\u011f\u0131 yetkililerinin devreye girmesiyle [&hellip;]","og_url":"https:\/\/haberkuzey.com\/index.php\/2025\/08\/08\/erenkoy-kafilesi-sinir-kapisinda-engelle-karsilasti-yesilirmak-sinir-kapisinda-bir-sure-bekletilen-kafile-kara-yoluyla-erenkoye-hareket-etti\/","og_site_name":"Haber Kuzey","article_published_time":"2025-08-08T07:01:36+00:00","og_image":[{"url":"https:\/\/brtk.net\/wp-content\/uploads\/2025\/08\/08\/98989898-scaled.jpeg?ver=861c28f4d7161cb4951371d1cf237e96","type":"","width":"","height":""}],"author":"haberkuzey","twitter_card":"summary_large_image","twitter_misc":{"Yazan:":"haberkuzey","Tahmini okuma s\u00fcresi":"1 dakika"},"schema":{"@context":"https:\/\/schema.org","@graph":[{"@type":"Article","@id":"https:\/\/haberkuzey.com\/index.php\/2025\/08\/08\/erenkoy-kafilesi-sinir-kapisinda-engelle-karsilasti-yesilirmak-sinir-kapisinda-bir-sure-bekletilen-kafile-kara-yoluyla-erenkoye-hareket-etti\/#article","isPartOf":{"@id":"https:\/\/haberkuzey.com\/index.php\/2025\/08\/08\/erenkoy-kafilesi-sinir-kapisinda-engelle-karsilasti-yesilirmak-sinir-kapisinda-bir-sure-bekletilen-kafile-kara-yoluyla-erenkoye-hareket-etti\/"},"author":{"name":"haberkuzey","@id":"https:\/\/haberkuzey.com\/#\/schema\/person\/3372109ec735f9333f4fa47ebb9605ca"},"headline":"Erenk\u00f6y kafilesi s\u0131n\u0131r kap\u0131s\u0131nda engelle kar\u015f\u0131la\u015ft\u0131\u2026 Ye\u015fil\u0131rmak S\u0131n\u0131r Kap\u0131s\u0131\u2019nda bir s\u00fcre bekletilen kafile, kara yoluyla Erenk\u00f6y\u2019e hareket etti","datePublished":"2025-08-08T07:01:36+00:00","mainEntityOfPage":{"@id":"https:\/\/haberkuzey.com\/index.php\/2025\/08\/08\/erenkoy-kafilesi-sinir-kapisinda-engelle-karsilasti-yesilirmak-sinir-kapisinda-bir-sure-bekletilen-kafile-kara-yoluyla-erenkoye-hareket-etti\/"},"wordCount":286,"commentCount":0,"image":{"@id":"https:\/\/haberkuzey.com\/index.php\/2025\/08\/08\/erenkoy-kafilesi-sinir-kapisinda-engelle-karsilasti-yesilirmak-sinir-kapisinda-bir-sure-bekletilen-kafile-kara-yoluyla-erenkoye-hareket-etti\/#primaryimage"},"thumbnailUrl":"https:\/\/haberkuzey.com\/wp-content\/uploads\/2025\/08\/98989898-scaled.jpeg","articleSection":["K\u0131br\u0131s"],"inLanguage":"tr","potentialAction":[{"@type":"CommentAction","name":"Comment","target":["https:\/\/haberkuzey.com\/index.php\/2025\/08\/08\/erenkoy-kafilesi-sinir-kapisinda-engelle-karsilasti-yesilirmak-sinir-kapisinda-bir-sure-bekletilen-kafile-kara-yoluyla-erenkoye-hareket-etti\/#respond"]}]},{"@type":"WebPage","@id":"https:\/\/haberkuzey.com\/index.php\/2025\/08\/08\/erenkoy-kafilesi-sinir-kapisinda-engelle-karsilasti-yesilirmak-sinir-kapisinda-bir-sure-bekletilen-kafile-kara-yoluyla-erenkoye-hareket-etti\/","url":"https:\/\/haberkuzey.com\/index.php\/2025\/08\/08\/erenkoy-kafilesi-sinir-kapisinda-engelle-karsilasti-yesilirmak-sinir-kapisinda-bir-sure-bekletilen-kafile-kara-yoluyla-erenkoye-hareket-etti\/","name":"Erenk\u00f6y kafilesi s\u0131n\u0131r kap\u0131s\u0131nda engelle kar\u015f\u0131la\u015ft\u0131\u2026 Ye\u015fil\u0131rmak S\u0131n\u0131r Kap\u0131s\u0131\u2019nda bir s\u00fcre bekletilen kafile, kara yoluyla Erenk\u00f6y\u2019e hareket etti - Haber Kuzey","isPartOf":{"@id":"https:\/\/haberkuzey.com\/#website"},"primaryImageOfPage":{"@id":"https:\/\/haberkuzey.com\/index.php\/2025\/08\/08\/erenkoy-kafilesi-sinir-kapisinda-engelle-karsilasti-yesilirmak-sinir-kapisinda-bir-sure-bekletilen-kafile-kara-yoluyla-erenkoye-hareket-etti\/#primaryimage"},"image":{"@id":"https:\/\/haberkuzey.com\/index.php\/2025\/08\/08\/erenkoy-kafilesi-sinir-kapisinda-engelle-karsilasti-yesilirmak-sinir-kapisinda-bir-sure-bekletilen-kafile-kara-yoluyla-erenkoye-hareket-etti\/#primaryimage"},"thumbnailUrl":"https:\/\/haberkuzey.com\/wp-content\/uploads\/2025\/08\/98989898-scaled.jpeg","datePublished":"2025-08-08T07:01:36+00:00","author":{"@id":"https:\/\/haberkuzey.com\/#\/schema\/person\/3372109ec735f9333f4fa47ebb9605ca"},"breadcrumb":{"@id":"https:\/\/haberkuzey.com\/index.php\/2025\/08\/08\/erenkoy-kafilesi-sinir-kapisinda-engelle-karsilasti-yesilirmak-sinir-kapisinda-bir-sure-bekletilen-kafile-kara-yoluyla-erenkoye-hareket-etti\/#breadcrumb"},"inLanguage":"tr","potentialAction":[{"@type":"ReadAction","target":["https:\/\/haberkuzey.com\/index.php\/2025\/08\/08\/erenkoy-kafilesi-sinir-kapisinda-engelle-karsilasti-yesilirmak-sinir-kapisinda-bir-sure-bekletilen-kafile-kara-yoluyla-erenkoye-hareket-etti\/"]}]},{"@type":"ImageObject","inLanguage":"tr","@id":"https:\/\/haberkuzey.com\/index.php\/2025\/08\/08\/erenkoy-kafilesi-sinir-kapisinda-engelle-karsilasti-yesilirmak-sinir-kapisinda-bir-sure-bekletilen-kafile-kara-yoluyla-erenkoye-hareket-etti\/#primaryimage","url":"https:\/\/haberkuzey.com\/wp-content\/uploads\/2025\/08\/98989898-scaled.jpeg","contentUrl":"https:\/\/haberkuzey.com\/wp-content\/uploads\/2025\/08\/98989898-scaled.jpeg","width":2560,"height":1057},{"@type":"BreadcrumbList","@id":"https:\/\/haberkuzey.com\/index.php\/2025\/08\/08\/erenkoy-kafilesi-sinir-kapisinda-engelle-karsilasti-yesilirmak-sinir-kapisinda-bir-sure-bekletilen-kafile-kara-yoluyla-erenkoye-hareket-etti\/#breadcrumb","itemListElement":[{"@type":"ListItem","position":1,"name":"Anasayfa","item":"https:\/\/haberkuzey.com\/"},{"@type":"ListItem","position":2,"name":"Erenk\u00f6y kafilesi s\u0131n\u0131r kap\u0131s\u0131nda engelle kar\u015f\u0131la\u015ft\u0131\u2026 Ye\u015fil\u0131rmak S\u0131n\u0131r Kap\u0131s\u0131\u2019nda bir s\u00fcre bekletilen kafile, kara yoluyla Erenk\u00f6y\u2019e hareket etti"}]},{"@type":"WebSite","@id":"https:\/\/haberkuzey.com\/#website","url":"https:\/\/haberkuzey.com\/","name":"Haber Kuzey","description":"Do\u011fru Haberin Adresi","potentialAction":[{"@type":"SearchAction","target":{"@type":"EntryPoint","urlTemplate":"https:\/\/haberkuzey.com\/?s={search_term_string}"},"query-input":{"@type":"PropertyValueSpecification","valueRequired":true,"valueName":"search_term_string"}}],"inLanguage":"tr"},{"@type":"Person","@id":"https:\/\/haberkuzey.com\/#\/schema\/person\/3372109ec735f9333f4fa47ebb9605ca","name":"haberkuzey","image":{"@type":"ImageObject","inLanguage":"tr","@id":"https:\/\/secure.gravatar.com\/avatar\/f5fc875574b1575324358c3b9e6a32b8227aa5b74f3fa22e3cadb63e26fcc39c?s=96&d=mm&r=g","url":"https:\/\/secure.gravatar.com\/avatar\/f5fc875574b1575324358c3b9e6a32b8227aa5b74f3fa22e3cadb63e26fcc39c?s=96&d=mm&r=g","contentUrl":"https:\/\/secure.gravatar.com\/avatar\/f5fc875574b1575324358c3b9e6a32b8227aa5b74f3fa22e3cadb63e26fcc39c?s=96&d=mm&r=g","caption":"haberkuzey"},"sameAs":["https:\/\/haberkuzey.com"],"url":"https:\/\/haberkuzey.com\/index.php\/author\/haberkuzey\/"}]}},"_links":{"self":[{"href":"https:\/\/haberkuzey.com\/index.php\/wp-json\/wp\/v2\/posts\/29125","targetHints":{"allow":["GET"]}}],"collection":[{"href":"https:\/\/haberkuzey.com\/index.php\/wp-json\/wp\/v2\/posts"}],"about":[{"href":"https:\/\/haberkuzey.com\/index.php\/wp-json\/wp\/v2\/types\/post"}],"author":[{"embeddable":true,"href":"https:\/\/haberkuzey.com\/index.php\/wp-json\/wp\/v2\/users\/1"}],"replies":[{"embeddable":true,"href":"https:\/\/haberkuzey.com\/index.php\/wp-json\/wp\/v2\/comments?post=29125"}],"version-history":[{"count":0,"href":"https:\/\/haberkuzey.com\/index.php\/wp-json\/wp\/v2\/posts\/29125\/revisions"}],"wp:featuredmedia":[{"embeddable":true,"href":"https:\/\/haberkuzey.com\/index.php\/wp-json\/wp\/v2\/media\/29126"}],"wp:attachment":[{"href":"https:\/\/haberkuzey.com\/index.php\/wp-json\/wp\/v2\/media?parent=29125"}],"wp:term":[{"taxonomy":"category","embeddable":true,"href":"https:\/\/haberkuzey.com\/index.php\/wp-json\/wp\/v2\/categories?post=29125"},{"taxonomy":"post_tag","embeddable":true,"href":"https:\/\/haberkuzey.com\/index.php\/wp-json\/wp\/v2\/tags?post=29125"}],"curies":[{"name":"wp","href":"https:\/\/api.w.org\/{rel}","templated":true}]}}