{"id":29107,"date":"2025-08-07T21:16:26","date_gmt":"2025-08-07T18:16:26","guid":{"rendered":"https:\/\/haberkuzey.com\/index.php\/2025\/08\/07\/basbakan-ustel-erenkoy-direnisi-kibris-turk-tarihinin-en-parlak-sayfalarindan-birini-olusturuyor\/"},"modified":"2025-08-07T21:16:26","modified_gmt":"2025-08-07T18:16:26","slug":"basbakan-ustel-erenkoy-direnisi-kibris-turk-tarihinin-en-parlak-sayfalarindan-birini-olusturuyor","status":"publish","type":"post","link":"https:\/\/haberkuzey.com\/index.php\/2025\/08\/07\/basbakan-ustel-erenkoy-direnisi-kibris-turk-tarihinin-en-parlak-sayfalarindan-birini-olusturuyor\/","title":{"rendered":"Ba\u015fbakan \u00dcstel:\u201d Erenk\u00f6y Direni\u015fi, K\u0131br\u0131s T\u00fcrk tarihinin en parlak sayfalar\u0131ndan birini olu\u015fturuyor\u201d"},"content":{"rendered":"<div>\n<div class=\"mariselle-image-container center\">\n                                            <\/div>\n<p>\u00a0<\/p>\n<p class=\"MsoNormal\" style=\"box-sizing: border-box; margin-top: 0px; margin-bottom: 1rem; color: #000000; font-family: Merriweather, serif !important; line-height: 30px !important;\">Ba\u015fbakan \u00dcnal \u00dcstel, Erenk\u00f6y Direni\u015fi\u2019nin, K\u0131br\u0131s T\u00fcrk tarihinin en parlak sayfalar\u0131ndan birini olu\u015fturdu\u011funu belirtti.<\/p>\n<p class=\"MsoNormal\" style=\"box-sizing: border-box; margin-top: 0px; margin-bottom: 1rem; color: #000000; font-family: Merriweather, serif !important; line-height: 30px !important;\">Ba\u015fbakan \u00dcnal \u00dcstel, Erenk\u00f6y Direni\u015fi\u2019nin 61\u2019inci y\u0131l d\u00f6n\u00fcm\u00fc nedeniyle mesaj yay\u0131mlad\u0131.<\/p>\n<p class=\"MsoNormal\" style=\"box-sizing: border-box; margin-top: 0px; margin-bottom: 1rem; color: #000000; font-family: Merriweather, serif !important; line-height: 30px !important;\">Ba\u015fbakan \u00dcstel\u2019in mesaj\u0131 \u015f\u00f6yle:<\/p>\n<p class=\"MsoNormal\" style=\"box-sizing: border-box; margin-top: 0px; margin-bottom: 1rem; color: #000000; font-family: Merriweather, serif !important; line-height: 30px !important;\">\u201cK\u0131br\u0131s T\u00fcrk halk\u0131n\u0131n toplumsal varolu\u015f m\u00fccadelesindeki en \u00f6nemli d\u00f6n\u00fcm noktalar\u0131ndan biri olan Erenk\u00f6y Direni\u015fi\u2019nin 61. Y\u0131l d\u00f6n\u00fcm\u00fcn\u00fc gurur ve onurla an\u0131yoruz.<\/p>\n<p class=\"MsoNormal\" style=\"box-sizing: border-box; margin-top: 0px; margin-bottom: 1rem; color: #000000; font-family: Merriweather, serif !important; line-height: 30px !important;\">1964 y\u0131l\u0131nda ger\u00e7ekle\u015fen Erenk\u00f6y Direni\u015fi, K\u0131br\u0131s T\u00fcrk tarihinin en parlak sayfalar\u0131ndan birini olu\u015fturuyor. Yurt d\u0131\u015f\u0131nda e\u011fitim g\u00f6ren gen\u00e7lerimizin b\u00fcy\u00fck bir \u00f6zveriyle \u00f6\u011frenimlerini yar\u0131da b\u0131rakarak vatan topraklar\u0131n\u0131 savunmak i\u00e7in Erenk\u00f6y\u2019e gelmesi, k\u00f6y halk\u0131yla omuz omuza vererek say\u0131 ve silah bak\u0131m\u0131ndan \u00e7ok \u00fcst\u00fcn d\u00fc\u015fman g\u00fc\u00e7lerine kar\u015f\u0131 m\u00fccadele etmesi, bu direni\u015fi unutulmaz k\u0131lan bir kahramanl\u0131k \u00f6rne\u011fi haline getirmi\u015ftir.<\/p>\n<p class=\"MsoNormal\" style=\"box-sizing: border-box; margin-top: 0px; margin-bottom: 1rem; color: #000000; font-family: Merriweather, serif !important; line-height: 30px !important;\">-\u201cEsareti kabul etmeyece\u011fimizin g\u00fc\u00e7l\u00fc mesaj\u0131\u2026\u201d<\/p>\n<p class=\"MsoNormal\" style=\"box-sizing: border-box; margin-top: 0px; margin-bottom: 1rem; color: #000000; font-family: Merriweather, serif !important; line-height: 30px !important;\">Yakla\u015f\u0131k 500 \u00fcniversite \u00f6\u011frencisi ve M\u00fccahitlerin iki y\u0131l boyunca Rum sald\u0131r\u0131lar\u0131na kar\u015f\u0131 verdikleri bu varolu\u015f m\u00fccadelesi, halk\u0131m\u0131z\u0131n esareti kabul etmeyece\u011fini ve \u00f6zg\u00fcrl\u00fck u\u011fruna neleri g\u00f6ze alabilece\u011fini g\u00f6steren g\u00fc\u00e7l\u00fc bir mesajd\u0131r. Erenk\u00f6y\u2019deki direni\u015f, birlik, beraberlik, inan\u00e7 ve cesaret ile yaz\u0131lan bir destand\u0131r.<\/p>\n<p class=\"MsoNormal\" style=\"box-sizing: border-box; margin-top: 0px; margin-bottom: 1rem; color: #000000; font-family: Merriweather, serif !important; line-height: 30px !important;\">Bu m\u00fccadelede sergilenen kararl\u0131l\u0131k ve fedakarl\u0131k, K\u0131br\u0131s T\u00fcrk halk\u0131n\u0131n hi\u00e7bir ko\u015fulda boyun e\u011fmeyece\u011fini t\u00fcm d\u00fcnyaya ilan etmi\u015f; Anavatan T\u00fcrkiye\u2019ye olan ba\u011fl\u0131l\u0131kla birle\u015ferek \u00f6zg\u00fcrl\u00fck ve ba\u011f\u0131ms\u0131zl\u0131k yolunda at\u0131lan en hayati ad\u0131mlardan biri olmu\u015ftur.<\/p>\n<p class=\"MsoNormal\" style=\"box-sizing: border-box; margin-top: 0px; margin-bottom: 1rem; color: #000000; font-family: Merriweather, serif !important; line-height: 30px !important;\">Bu vesilesiyle, ba\u015fta \u015eehit Y\u00fczba\u015f\u0131 Cengiz Topel olmak \u00fczere Erenk\u00f6y Direni\u015fi\u2019nde hayatlar\u0131n\u0131 feda eden t\u00fcm aziz \u015fehitlerimizi rahmetle an\u0131yor; gazilerimizi ve m\u00fccadeleye destek veren t\u00fcm m\u00fccahitlerimizi minnetle hat\u0131rl\u0131yor, bu gururu payla\u015fan halk\u0131m\u0131za en i\u00e7ten sevgi ve sayg\u0131lar\u0131m\u0131 sunuyorum.\u201d<\/p>\n<\/div>\n<p><script async\n                    defer\n                    crossorigin=\"anonymous\"\n                    src=\"https:\/\/connect.facebook.net\/tr_TR\/sdk.js#xfbml=1&#038;version=v3.3\"\n            ><\/script><\/p>\n","protected":false},"excerpt":{"rendered":"<p>\u00a0 Ba\u015fbakan \u00dcnal \u00dcstel, Erenk\u00f6y Direni\u015fi\u2019nin, K\u0131br\u0131s T\u00fcrk tarihinin en parlak sayfalar\u0131ndan birini olu\u015fturdu\u011funu belirtti. Ba\u015fbakan \u00dcnal \u00dcstel, Erenk\u00f6y Direni\u015fi\u2019nin 61\u2019inci y\u0131l d\u00f6n\u00fcm\u00fc nedeniyle mesaj yay\u0131mlad\u0131. Ba\u015fbakan \u00dcstel\u2019in mesaj\u0131 \u015f\u00f6yle: \u201cK\u0131br\u0131s T\u00fcrk halk\u0131n\u0131n toplumsal varolu\u015f m\u00fccadelesindeki en \u00f6nemli d\u00f6n\u00fcm noktalar\u0131ndan biri olan Erenk\u00f6y Direni\u015fi\u2019nin 61. Y\u0131l d\u00f6n\u00fcm\u00fcn\u00fc gurur ve onurla an\u0131yoruz. 1964 y\u0131l\u0131nda ger\u00e7ekle\u015fen Erenk\u00f6y [&hellip;]<\/p>\n","protected":false},"author":1,"featured_media":25663,"comment_status":"open","ping_status":"open","sticky":false,"template":"","format":"standard","meta":{"jnews-multi-image_gallery":[],"jnews_single_post":[],"jnews_primary_category":[],"footnotes":""},"categories":[1],"tags":[],"class_list":["post-29107","post","type-post","status-publish","format-standard","has-post-thumbnail","hentry","category-kibris"],"yoast_head":"<!-- This site is optimized with the Yoast SEO plugin v27.5 - https:\/\/yoast.com\/product\/yoast-seo-wordpress\/ -->\n<title>Ba\u015fbakan \u00dcstel:\u201d Erenk\u00f6y Direni\u015fi, K\u0131br\u0131s T\u00fcrk tarihinin en parlak sayfalar\u0131ndan birini olu\u015fturuyor\u201d - Haber Kuzey<\/title>\n<meta name=\"robots\" content=\"index, follow, max-snippet:-1, max-image-preview:large, max-video-preview:-1\" \/>\n<link rel=\"canonical\" href=\"https:\/\/haberkuzey.com\/index.php\/2025\/08\/07\/basbakan-ustel-erenkoy-direnisi-kibris-turk-tarihinin-en-parlak-sayfalarindan-birini-olusturuyor\/\" \/>\n<meta property=\"og:locale\" content=\"tr_TR\" \/>\n<meta property=\"og:type\" content=\"article\" \/>\n<meta property=\"og:title\" content=\"Ba\u015fbakan \u00dcstel:\u201d Erenk\u00f6y Direni\u015fi, K\u0131br\u0131s T\u00fcrk tarihinin en parlak sayfalar\u0131ndan birini olu\u015fturuyor\u201d - Haber Kuzey\" \/>\n<meta property=\"og:description\" content=\"\u00a0 Ba\u015fbakan \u00dcnal \u00dcstel, Erenk\u00f6y Direni\u015fi\u2019nin, K\u0131br\u0131s T\u00fcrk tarihinin en parlak sayfalar\u0131ndan birini olu\u015fturdu\u011funu belirtti. Ba\u015fbakan \u00dcnal \u00dcstel, Erenk\u00f6y Direni\u015fi\u2019nin 61\u2019inci y\u0131l d\u00f6n\u00fcm\u00fc nedeniyle mesaj yay\u0131mlad\u0131. Ba\u015fbakan \u00dcstel\u2019in mesaj\u0131 \u015f\u00f6yle: \u201cK\u0131br\u0131s T\u00fcrk halk\u0131n\u0131n toplumsal varolu\u015f m\u00fccadelesindeki en \u00f6nemli d\u00f6n\u00fcm noktalar\u0131ndan biri olan Erenk\u00f6y Direni\u015fi\u2019nin 61. Y\u0131l d\u00f6n\u00fcm\u00fcn\u00fc gurur ve onurla an\u0131yoruz. 1964 y\u0131l\u0131nda ger\u00e7ekle\u015fen Erenk\u00f6y [&hellip;]\" \/>\n<meta property=\"og:url\" content=\"https:\/\/haberkuzey.com\/index.php\/2025\/08\/07\/basbakan-ustel-erenkoy-direnisi-kibris-turk-tarihinin-en-parlak-sayfalarindan-birini-olusturuyor\/\" \/>\n<meta property=\"og:site_name\" content=\"Haber Kuzey\" \/>\n<meta property=\"article:published_time\" content=\"2025-08-07T18:16:26+00:00\" \/>\n<meta property=\"og:image\" content=\"https:\/\/brtk.net\/wp-content\/uploads\/2025\/05\/14\/UNAL-USTEL-YAZI-YAZARKEN-1-1.png?ver=7b3623825bcad13379e8138b34942222\" \/>\n<meta name=\"author\" content=\"haberkuzey\" \/>\n<meta name=\"twitter:card\" content=\"summary_large_image\" \/>\n<meta name=\"twitter:label1\" content=\"Yazan:\" \/>\n\t<meta name=\"twitter:data1\" content=\"haberkuzey\" \/>\n\t<meta name=\"twitter:label2\" content=\"Tahmini okuma s\u00fcresi\" \/>\n\t<meta name=\"twitter:data2\" content=\"2 dakika\" \/>\n<script type=\"application\/ld+json\" class=\"yoast-schema-graph\">{\"@context\":\"https:\\\/\\\/schema.org\",\"@graph\":[{\"@type\":\"Article\",\"@id\":\"https:\\\/\\\/haberkuzey.com\\\/index.php\\\/2025\\\/08\\\/07\\\/basbakan-ustel-erenkoy-direnisi-kibris-turk-tarihinin-en-parlak-sayfalarindan-birini-olusturuyor\\\/#article\",\"isPartOf\":{\"@id\":\"https:\\\/\\\/haberkuzey.com\\\/index.php\\\/2025\\\/08\\\/07\\\/basbakan-ustel-erenkoy-direnisi-kibris-turk-tarihinin-en-parlak-sayfalarindan-birini-olusturuyor\\\/\"},\"author\":{\"name\":\"haberkuzey\",\"@id\":\"https:\\\/\\\/haberkuzey.com\\\/#\\\/schema\\\/person\\\/3372109ec735f9333f4fa47ebb9605ca\"},\"headline\":\"Ba\u015fbakan \u00dcstel:\u201d Erenk\u00f6y Direni\u015fi, K\u0131br\u0131s T\u00fcrk tarihinin en parlak sayfalar\u0131ndan birini olu\u015fturuyor\u201d\",\"datePublished\":\"2025-08-07T18:16:26+00:00\",\"mainEntityOfPage\":{\"@id\":\"https:\\\/\\\/haberkuzey.com\\\/index.php\\\/2025\\\/08\\\/07\\\/basbakan-ustel-erenkoy-direnisi-kibris-turk-tarihinin-en-parlak-sayfalarindan-birini-olusturuyor\\\/\"},\"wordCount\":385,\"commentCount\":0,\"image\":{\"@id\":\"https:\\\/\\\/haberkuzey.com\\\/index.php\\\/2025\\\/08\\\/07\\\/basbakan-ustel-erenkoy-direnisi-kibris-turk-tarihinin-en-parlak-sayfalarindan-birini-olusturuyor\\\/#primaryimage\"},\"thumbnailUrl\":\"https:\\\/\\\/haberkuzey.com\\\/wp-content\\\/uploads\\\/2025\\\/06\\\/UNAL-USTEL-YAZI-YAZARKEN-1-1.png\",\"articleSection\":[\"K\u0131br\u0131s\"],\"inLanguage\":\"tr\",\"potentialAction\":[{\"@type\":\"CommentAction\",\"name\":\"Comment\",\"target\":[\"https:\\\/\\\/haberkuzey.com\\\/index.php\\\/2025\\\/08\\\/07\\\/basbakan-ustel-erenkoy-direnisi-kibris-turk-tarihinin-en-parlak-sayfalarindan-birini-olusturuyor\\\/#respond\"]}]},{\"@type\":\"WebPage\",\"@id\":\"https:\\\/\\\/haberkuzey.com\\\/index.php\\\/2025\\\/08\\\/07\\\/basbakan-ustel-erenkoy-direnisi-kibris-turk-tarihinin-en-parlak-sayfalarindan-birini-olusturuyor\\\/\",\"url\":\"https:\\\/\\\/haberkuzey.com\\\/index.php\\\/2025\\\/08\\\/07\\\/basbakan-ustel-erenkoy-direnisi-kibris-turk-tarihinin-en-parlak-sayfalarindan-birini-olusturuyor\\\/\",\"name\":\"Ba\u015fbakan \u00dcstel:\u201d Erenk\u00f6y Direni\u015fi, K\u0131br\u0131s T\u00fcrk tarihinin en parlak sayfalar\u0131ndan birini olu\u015fturuyor\u201d - Haber Kuzey\",\"isPartOf\":{\"@id\":\"https:\\\/\\\/haberkuzey.com\\\/#website\"},\"primaryImageOfPage\":{\"@id\":\"https:\\\/\\\/haberkuzey.com\\\/index.php\\\/2025\\\/08\\\/07\\\/basbakan-ustel-erenkoy-direnisi-kibris-turk-tarihinin-en-parlak-sayfalarindan-birini-olusturuyor\\\/#primaryimage\"},\"image\":{\"@id\":\"https:\\\/\\\/haberkuzey.com\\\/index.php\\\/2025\\\/08\\\/07\\\/basbakan-ustel-erenkoy-direnisi-kibris-turk-tarihinin-en-parlak-sayfalarindan-birini-olusturuyor\\\/#primaryimage\"},\"thumbnailUrl\":\"https:\\\/\\\/haberkuzey.com\\\/wp-content\\\/uploads\\\/2025\\\/06\\\/UNAL-USTEL-YAZI-YAZARKEN-1-1.png\",\"datePublished\":\"2025-08-07T18:16:26+00:00\",\"author\":{\"@id\":\"https:\\\/\\\/haberkuzey.com\\\/#\\\/schema\\\/person\\\/3372109ec735f9333f4fa47ebb9605ca\"},\"breadcrumb\":{\"@id\":\"https:\\\/\\\/haberkuzey.com\\\/index.php\\\/2025\\\/08\\\/07\\\/basbakan-ustel-erenkoy-direnisi-kibris-turk-tarihinin-en-parlak-sayfalarindan-birini-olusturuyor\\\/#breadcrumb\"},\"inLanguage\":\"tr\",\"potentialAction\":[{\"@type\":\"ReadAction\",\"target\":[\"https:\\\/\\\/haberkuzey.com\\\/index.php\\\/2025\\\/08\\\/07\\\/basbakan-ustel-erenkoy-direnisi-kibris-turk-tarihinin-en-parlak-sayfalarindan-birini-olusturuyor\\\/\"]}]},{\"@type\":\"ImageObject\",\"inLanguage\":\"tr\",\"@id\":\"https:\\\/\\\/haberkuzey.com\\\/index.php\\\/2025\\\/08\\\/07\\\/basbakan-ustel-erenkoy-direnisi-kibris-turk-tarihinin-en-parlak-sayfalarindan-birini-olusturuyor\\\/#primaryimage\",\"url\":\"https:\\\/\\\/haberkuzey.com\\\/wp-content\\\/uploads\\\/2025\\\/06\\\/UNAL-USTEL-YAZI-YAZARKEN-1-1.png\",\"contentUrl\":\"https:\\\/\\\/haberkuzey.com\\\/wp-content\\\/uploads\\\/2025\\\/06\\\/UNAL-USTEL-YAZI-YAZARKEN-1-1.png\",\"width\":1849,\"height\":1040},{\"@type\":\"BreadcrumbList\",\"@id\":\"https:\\\/\\\/haberkuzey.com\\\/index.php\\\/2025\\\/08\\\/07\\\/basbakan-ustel-erenkoy-direnisi-kibris-turk-tarihinin-en-parlak-sayfalarindan-birini-olusturuyor\\\/#breadcrumb\",\"itemListElement\":[{\"@type\":\"ListItem\",\"position\":1,\"name\":\"Anasayfa\",\"item\":\"https:\\\/\\\/haberkuzey.com\\\/\"},{\"@type\":\"ListItem\",\"position\":2,\"name\":\"Ba\u015fbakan \u00dcstel:\u201d Erenk\u00f6y Direni\u015fi, K\u0131br\u0131s T\u00fcrk tarihinin en parlak sayfalar\u0131ndan birini olu\u015fturuyor\u201d\"}]},{\"@type\":\"WebSite\",\"@id\":\"https:\\\/\\\/haberkuzey.com\\\/#website\",\"url\":\"https:\\\/\\\/haberkuzey.com\\\/\",\"name\":\"Haber Kuzey\",\"description\":\"Do\u011fru Haberin Adresi\",\"potentialAction\":[{\"@type\":\"SearchAction\",\"target\":{\"@type\":\"EntryPoint\",\"urlTemplate\":\"https:\\\/\\\/haberkuzey.com\\\/?s={search_term_string}\"},\"query-input\":{\"@type\":\"PropertyValueSpecification\",\"valueRequired\":true,\"valueName\":\"search_term_string\"}}],\"inLanguage\":\"tr\"},{\"@type\":\"Person\",\"@id\":\"https:\\\/\\\/haberkuzey.com\\\/#\\\/schema\\\/person\\\/3372109ec735f9333f4fa47ebb9605ca\",\"name\":\"haberkuzey\",\"image\":{\"@type\":\"ImageObject\",\"inLanguage\":\"tr\",\"@id\":\"https:\\\/\\\/secure.gravatar.com\\\/avatar\\\/f5fc875574b1575324358c3b9e6a32b8227aa5b74f3fa22e3cadb63e26fcc39c?s=96&d=mm&r=g\",\"url\":\"https:\\\/\\\/secure.gravatar.com\\\/avatar\\\/f5fc875574b1575324358c3b9e6a32b8227aa5b74f3fa22e3cadb63e26fcc39c?s=96&d=mm&r=g\",\"contentUrl\":\"https:\\\/\\\/secure.gravatar.com\\\/avatar\\\/f5fc875574b1575324358c3b9e6a32b8227aa5b74f3fa22e3cadb63e26fcc39c?s=96&d=mm&r=g\",\"caption\":\"haberkuzey\"},\"sameAs\":[\"https:\\\/\\\/haberkuzey.com\"],\"url\":\"https:\\\/\\\/haberkuzey.com\\\/index.php\\\/author\\\/haberkuzey\\\/\"}]}<\/script>\n<!-- \/ Yoast SEO plugin. -->","yoast_head_json":{"title":"Ba\u015fbakan \u00dcstel:\u201d Erenk\u00f6y Direni\u015fi, K\u0131br\u0131s T\u00fcrk tarihinin en parlak sayfalar\u0131ndan birini olu\u015fturuyor\u201d - Haber Kuzey","robots":{"index":"index","follow":"follow","max-snippet":"max-snippet:-1","max-image-preview":"max-image-preview:large","max-video-preview":"max-video-preview:-1"},"canonical":"https:\/\/haberkuzey.com\/index.php\/2025\/08\/07\/basbakan-ustel-erenkoy-direnisi-kibris-turk-tarihinin-en-parlak-sayfalarindan-birini-olusturuyor\/","og_locale":"tr_TR","og_type":"article","og_title":"Ba\u015fbakan \u00dcstel:\u201d Erenk\u00f6y Direni\u015fi, K\u0131br\u0131s T\u00fcrk tarihinin en parlak sayfalar\u0131ndan birini olu\u015fturuyor\u201d - Haber Kuzey","og_description":"\u00a0 Ba\u015fbakan \u00dcnal \u00dcstel, Erenk\u00f6y Direni\u015fi\u2019nin, K\u0131br\u0131s T\u00fcrk tarihinin en parlak sayfalar\u0131ndan birini olu\u015fturdu\u011funu belirtti. Ba\u015fbakan \u00dcnal \u00dcstel, Erenk\u00f6y Direni\u015fi\u2019nin 61\u2019inci y\u0131l d\u00f6n\u00fcm\u00fc nedeniyle mesaj yay\u0131mlad\u0131. Ba\u015fbakan \u00dcstel\u2019in mesaj\u0131 \u015f\u00f6yle: \u201cK\u0131br\u0131s T\u00fcrk halk\u0131n\u0131n toplumsal varolu\u015f m\u00fccadelesindeki en \u00f6nemli d\u00f6n\u00fcm noktalar\u0131ndan biri olan Erenk\u00f6y Direni\u015fi\u2019nin 61. Y\u0131l d\u00f6n\u00fcm\u00fcn\u00fc gurur ve onurla an\u0131yoruz. 1964 y\u0131l\u0131nda ger\u00e7ekle\u015fen Erenk\u00f6y [&hellip;]","og_url":"https:\/\/haberkuzey.com\/index.php\/2025\/08\/07\/basbakan-ustel-erenkoy-direnisi-kibris-turk-tarihinin-en-parlak-sayfalarindan-birini-olusturuyor\/","og_site_name":"Haber Kuzey","article_published_time":"2025-08-07T18:16:26+00:00","og_image":[{"url":"https:\/\/brtk.net\/wp-content\/uploads\/2025\/05\/14\/UNAL-USTEL-YAZI-YAZARKEN-1-1.png?ver=7b3623825bcad13379e8138b34942222","type":"","width":"","height":""}],"author":"haberkuzey","twitter_card":"summary_large_image","twitter_misc":{"Yazan:":"haberkuzey","Tahmini okuma s\u00fcresi":"2 dakika"},"schema":{"@context":"https:\/\/schema.org","@graph":[{"@type":"Article","@id":"https:\/\/haberkuzey.com\/index.php\/2025\/08\/07\/basbakan-ustel-erenkoy-direnisi-kibris-turk-tarihinin-en-parlak-sayfalarindan-birini-olusturuyor\/#article","isPartOf":{"@id":"https:\/\/haberkuzey.com\/index.php\/2025\/08\/07\/basbakan-ustel-erenkoy-direnisi-kibris-turk-tarihinin-en-parlak-sayfalarindan-birini-olusturuyor\/"},"author":{"name":"haberkuzey","@id":"https:\/\/haberkuzey.com\/#\/schema\/person\/3372109ec735f9333f4fa47ebb9605ca"},"headline":"Ba\u015fbakan \u00dcstel:\u201d Erenk\u00f6y Direni\u015fi, K\u0131br\u0131s T\u00fcrk tarihinin en parlak sayfalar\u0131ndan birini olu\u015fturuyor\u201d","datePublished":"2025-08-07T18:16:26+00:00","mainEntityOfPage":{"@id":"https:\/\/haberkuzey.com\/index.php\/2025\/08\/07\/basbakan-ustel-erenkoy-direnisi-kibris-turk-tarihinin-en-parlak-sayfalarindan-birini-olusturuyor\/"},"wordCount":385,"commentCount":0,"image":{"@id":"https:\/\/haberkuzey.com\/index.php\/2025\/08\/07\/basbakan-ustel-erenkoy-direnisi-kibris-turk-tarihinin-en-parlak-sayfalarindan-birini-olusturuyor\/#primaryimage"},"thumbnailUrl":"https:\/\/haberkuzey.com\/wp-content\/uploads\/2025\/06\/UNAL-USTEL-YAZI-YAZARKEN-1-1.png","articleSection":["K\u0131br\u0131s"],"inLanguage":"tr","potentialAction":[{"@type":"CommentAction","name":"Comment","target":["https:\/\/haberkuzey.com\/index.php\/2025\/08\/07\/basbakan-ustel-erenkoy-direnisi-kibris-turk-tarihinin-en-parlak-sayfalarindan-birini-olusturuyor\/#respond"]}]},{"@type":"WebPage","@id":"https:\/\/haberkuzey.com\/index.php\/2025\/08\/07\/basbakan-ustel-erenkoy-direnisi-kibris-turk-tarihinin-en-parlak-sayfalarindan-birini-olusturuyor\/","url":"https:\/\/haberkuzey.com\/index.php\/2025\/08\/07\/basbakan-ustel-erenkoy-direnisi-kibris-turk-tarihinin-en-parlak-sayfalarindan-birini-olusturuyor\/","name":"Ba\u015fbakan \u00dcstel:\u201d Erenk\u00f6y Direni\u015fi, K\u0131br\u0131s T\u00fcrk tarihinin en parlak sayfalar\u0131ndan birini olu\u015fturuyor\u201d - Haber Kuzey","isPartOf":{"@id":"https:\/\/haberkuzey.com\/#website"},"primaryImageOfPage":{"@id":"https:\/\/haberkuzey.com\/index.php\/2025\/08\/07\/basbakan-ustel-erenkoy-direnisi-kibris-turk-tarihinin-en-parlak-sayfalarindan-birini-olusturuyor\/#primaryimage"},"image":{"@id":"https:\/\/haberkuzey.com\/index.php\/2025\/08\/07\/basbakan-ustel-erenkoy-direnisi-kibris-turk-tarihinin-en-parlak-sayfalarindan-birini-olusturuyor\/#primaryimage"},"thumbnailUrl":"https:\/\/haberkuzey.com\/wp-content\/uploads\/2025\/06\/UNAL-USTEL-YAZI-YAZARKEN-1-1.png","datePublished":"2025-08-07T18:16:26+00:00","author":{"@id":"https:\/\/haberkuzey.com\/#\/schema\/person\/3372109ec735f9333f4fa47ebb9605ca"},"breadcrumb":{"@id":"https:\/\/haberkuzey.com\/index.php\/2025\/08\/07\/basbakan-ustel-erenkoy-direnisi-kibris-turk-tarihinin-en-parlak-sayfalarindan-birini-olusturuyor\/#breadcrumb"},"inLanguage":"tr","potentialAction":[{"@type":"ReadAction","target":["https:\/\/haberkuzey.com\/index.php\/2025\/08\/07\/basbakan-ustel-erenkoy-direnisi-kibris-turk-tarihinin-en-parlak-sayfalarindan-birini-olusturuyor\/"]}]},{"@type":"ImageObject","inLanguage":"tr","@id":"https:\/\/haberkuzey.com\/index.php\/2025\/08\/07\/basbakan-ustel-erenkoy-direnisi-kibris-turk-tarihinin-en-parlak-sayfalarindan-birini-olusturuyor\/#primaryimage","url":"https:\/\/haberkuzey.com\/wp-content\/uploads\/2025\/06\/UNAL-USTEL-YAZI-YAZARKEN-1-1.png","contentUrl":"https:\/\/haberkuzey.com\/wp-content\/uploads\/2025\/06\/UNAL-USTEL-YAZI-YAZARKEN-1-1.png","width":1849,"height":1040},{"@type":"BreadcrumbList","@id":"https:\/\/haberkuzey.com\/index.php\/2025\/08\/07\/basbakan-ustel-erenkoy-direnisi-kibris-turk-tarihinin-en-parlak-sayfalarindan-birini-olusturuyor\/#breadcrumb","itemListElement":[{"@type":"ListItem","position":1,"name":"Anasayfa","item":"https:\/\/haberkuzey.com\/"},{"@type":"ListItem","position":2,"name":"Ba\u015fbakan \u00dcstel:\u201d Erenk\u00f6y Direni\u015fi, K\u0131br\u0131s T\u00fcrk tarihinin en parlak sayfalar\u0131ndan birini olu\u015fturuyor\u201d"}]},{"@type":"WebSite","@id":"https:\/\/haberkuzey.com\/#website","url":"https:\/\/haberkuzey.com\/","name":"Haber Kuzey","description":"Do\u011fru Haberin Adresi","potentialAction":[{"@type":"SearchAction","target":{"@type":"EntryPoint","urlTemplate":"https:\/\/haberkuzey.com\/?s={search_term_string}"},"query-input":{"@type":"PropertyValueSpecification","valueRequired":true,"valueName":"search_term_string"}}],"inLanguage":"tr"},{"@type":"Person","@id":"https:\/\/haberkuzey.com\/#\/schema\/person\/3372109ec735f9333f4fa47ebb9605ca","name":"haberkuzey","image":{"@type":"ImageObject","inLanguage":"tr","@id":"https:\/\/secure.gravatar.com\/avatar\/f5fc875574b1575324358c3b9e6a32b8227aa5b74f3fa22e3cadb63e26fcc39c?s=96&d=mm&r=g","url":"https:\/\/secure.gravatar.com\/avatar\/f5fc875574b1575324358c3b9e6a32b8227aa5b74f3fa22e3cadb63e26fcc39c?s=96&d=mm&r=g","contentUrl":"https:\/\/secure.gravatar.com\/avatar\/f5fc875574b1575324358c3b9e6a32b8227aa5b74f3fa22e3cadb63e26fcc39c?s=96&d=mm&r=g","caption":"haberkuzey"},"sameAs":["https:\/\/haberkuzey.com"],"url":"https:\/\/haberkuzey.com\/index.php\/author\/haberkuzey\/"}]}},"_links":{"self":[{"href":"https:\/\/haberkuzey.com\/index.php\/wp-json\/wp\/v2\/posts\/29107","targetHints":{"allow":["GET"]}}],"collection":[{"href":"https:\/\/haberkuzey.com\/index.php\/wp-json\/wp\/v2\/posts"}],"about":[{"href":"https:\/\/haberkuzey.com\/index.php\/wp-json\/wp\/v2\/types\/post"}],"author":[{"embeddable":true,"href":"https:\/\/haberkuzey.com\/index.php\/wp-json\/wp\/v2\/users\/1"}],"replies":[{"embeddable":true,"href":"https:\/\/haberkuzey.com\/index.php\/wp-json\/wp\/v2\/comments?post=29107"}],"version-history":[{"count":0,"href":"https:\/\/haberkuzey.com\/index.php\/wp-json\/wp\/v2\/posts\/29107\/revisions"}],"wp:featuredmedia":[{"embeddable":true,"href":"https:\/\/haberkuzey.com\/index.php\/wp-json\/wp\/v2\/media\/25663"}],"wp:attachment":[{"href":"https:\/\/haberkuzey.com\/index.php\/wp-json\/wp\/v2\/media?parent=29107"}],"wp:term":[{"taxonomy":"category","embeddable":true,"href":"https:\/\/haberkuzey.com\/index.php\/wp-json\/wp\/v2\/categories?post=29107"},{"taxonomy":"post_tag","embeddable":true,"href":"https:\/\/haberkuzey.com\/index.php\/wp-json\/wp\/v2\/tags?post=29107"}],"curies":[{"name":"wp","href":"https:\/\/api.w.org\/{rel}","templated":true}]}}