{"id":28933,"date":"2025-08-05T10:04:36","date_gmt":"2025-08-05T07:04:36","guid":{"rendered":"https:\/\/haberkuzey.com\/index.php\/2025\/08\/05\/bakan-cavusoglu-kibris-azerbaycan-diaspora-merkezi-yonetim-kurulu-baskani-dinyevi-kabul-etti\/"},"modified":"2025-08-05T10:04:36","modified_gmt":"2025-08-05T07:04:36","slug":"bakan-cavusoglu-kibris-azerbaycan-diaspora-merkezi-yonetim-kurulu-baskani-dinyevi-kabul-etti","status":"publish","type":"post","link":"https:\/\/haberkuzey.com\/index.php\/2025\/08\/05\/bakan-cavusoglu-kibris-azerbaycan-diaspora-merkezi-yonetim-kurulu-baskani-dinyevi-kabul-etti\/","title":{"rendered":"Bakan \u00c7avu\u015fo\u011flu, K\u0131br\u0131s -Azerbaycan Diaspora Merkezi Y\u00f6netim Kurulu Ba\u015fkan\u0131 Dinyev\u2019i kabul etti"},"content":{"rendered":"<div>\n<div class=\"mariselle-image-container center\">\n                                            <\/div>\n<p> Milli E\u011fitim Bakan\u0131 Naz\u0131m \u00c7avu\u015fo\u011flu, K\u0131br\u0131s- Azerbaycan Diaspora Merkezi Y\u00f6netim Kurulu Ba\u015fkan\u0131 Raul Dinyev\u2019i kabul etti.<\/p>\n<p>Bakanl\u0131k\u2019tan yap\u0131lan a\u00e7\u0131klamaya g\u00f6re, kabulde konu\u015fan \u00c7avu\u015fo\u011flu, Azerbaycan temaslar\u0131na i\u015faret ederek, iki \u00fclke aras\u0131nda e\u011fitim alan\u0131ndaki i\u015fbirli\u011fini g\u00fc\u00e7lendirmek i\u00e7in \u00e7al\u0131\u015fmalar y\u00fcr\u00fctt\u00fcklerini belirtti.<\/p>\n<p><strong>-\u00c7avu\u015fo\u011flu: \u201cAzerbaycanl\u0131 \u00f6\u011frencilerin KKTC\u2019de e\u011fitim almas\u0131n\u0131n \u00f6n\u00fcn\u00fc a\u00e7mak ad\u0131na \u00f6nemli ad\u0131mlar at\u0131ld\u0131\u201d<\/strong><\/p>\n<p>Azerbaycanl\u0131 \u00f6\u011frencilerin KKTC\u2019de e\u011fitim almas\u0131n\u0131n \u00f6n\u00fcn\u00fc a\u00e7mak ad\u0131na \u00f6nemli ad\u0131mlar at\u0131ld\u0131\u011f\u0131n\u0131 kaydeden \u00c7avu\u015fo\u011flu, KKTC \u00fcniversitelerinden mezun olan Azerbaycanl\u0131 \u00f6\u011frencilerin iki karde\u015f \u00fclke aras\u0131ndaki ba\u011flar\u0131 g\u00fc\u00e7lendirece\u011fini s\u00f6yledi.<\/p>\n<p>Ba\u015fkan Raul Dinyev\u2019in KKTC \u00fcniversitelerinden mezun olan ve Azerbaycan\u2019da g\u00f6rev yapan mezunlarla ger\u00e7ekle\u015ftirilen organizasyonda b\u00fcy\u00fck eme\u011fi ge\u00e7ti\u011fini belirten \u00c7avu\u015fo\u011flu, Dinyev\u2019e ilgisinden  dolay\u0131 te\u015fekk\u00fcr etti.<\/p>\n<p><strong>-Dinyev: \u201cElimizden gelen her t\u00fcrl\u00fc yard\u0131m ve deste\u011fi sa\u011flamaya haz\u0131r\u0131z\u201d<\/strong><\/p>\n<p>K\u0131br\u0131s Azerbaycan Diaspora Merkezi Y\u00f6netim Kurulu Ba\u015fkan\u0131 Dinyev ise \u201cBir millet, \u00fc\u00e7 devlet\u201d \u015fiar\u0131ndan yola \u00e7\u0131karak Azerbaycan ile temaslar\u0131n\u0131z\u0131 \u00f6nemsiyoruz. Diaspora olarak elimizden gelen her t\u00fcrl\u00fc yard\u0131m ve deste\u011fi sa\u011flamaya haz\u0131r\u0131z. \u00dclkemize ger\u00e7ekle\u015ftirdi\u011finiz ziyaretlerden ve kendinizi Azerbaycan\u2019a bu kadar yak\u0131n hissetmenizden b\u00fcy\u00fck memnuniyet duymaktay\u0131z.\u201d ifadelerini kulland\u0131.<\/p>\n<p>Dinyev, ziyaret sonunda  \u00c7avu\u015fo\u011flu\u2019na Karaba\u011f Sava\u015f\u0131\u2019nda \u015eu\u015fa\u2019n\u0131n al\u0131nmas\u0131n\u0131 sembolize eden bir hediye takdim etti.<\/p>\n<\/p><\/div>\n<p><script async\n                    defer\n                    crossorigin=\"anonymous\"\n                    src=\"https:\/\/connect.facebook.net\/tr_TR\/sdk.js#xfbml=1&#038;version=v3.3\"\n            ><\/script><\/p>\n","protected":false},"excerpt":{"rendered":"<p>Milli E\u011fitim Bakan\u0131 Naz\u0131m \u00c7avu\u015fo\u011flu, K\u0131br\u0131s- Azerbaycan Diaspora Merkezi Y\u00f6netim Kurulu Ba\u015fkan\u0131 Raul Dinyev\u2019i kabul etti. Bakanl\u0131k\u2019tan yap\u0131lan a\u00e7\u0131klamaya g\u00f6re, kabulde konu\u015fan \u00c7avu\u015fo\u011flu, Azerbaycan temaslar\u0131na i\u015faret ederek, iki \u00fclke aras\u0131nda e\u011fitim alan\u0131ndaki i\u015fbirli\u011fini g\u00fc\u00e7lendirmek i\u00e7in \u00e7al\u0131\u015fmalar y\u00fcr\u00fctt\u00fcklerini belirtti. -\u00c7avu\u015fo\u011flu: \u201cAzerbaycanl\u0131 \u00f6\u011frencilerin KKTC\u2019de e\u011fitim almas\u0131n\u0131n \u00f6n\u00fcn\u00fc a\u00e7mak ad\u0131na \u00f6nemli ad\u0131mlar at\u0131ld\u0131\u201d Azerbaycanl\u0131 \u00f6\u011frencilerin KKTC\u2019de e\u011fitim almas\u0131n\u0131n [&hellip;]<\/p>\n","protected":false},"author":1,"featured_media":28934,"comment_status":"open","ping_status":"open","sticky":false,"template":"","format":"standard","meta":{"jnews-multi-image_gallery":[],"jnews_single_post":[],"jnews_primary_category":[],"footnotes":""},"categories":[1],"tags":[],"class_list":["post-28933","post","type-post","status-publish","format-standard","has-post-thumbnail","hentry","category-kibris"],"yoast_head":"<!-- This site is optimized with the Yoast SEO plugin v27.5 - https:\/\/yoast.com\/product\/yoast-seo-wordpress\/ -->\n<title>Bakan \u00c7avu\u015fo\u011flu, K\u0131br\u0131s -Azerbaycan Diaspora Merkezi Y\u00f6netim Kurulu Ba\u015fkan\u0131 Dinyev\u2019i kabul etti - Haber Kuzey<\/title>\n<meta name=\"robots\" content=\"index, follow, max-snippet:-1, max-image-preview:large, max-video-preview:-1\" \/>\n<link rel=\"canonical\" href=\"https:\/\/haberkuzey.com\/index.php\/2025\/08\/05\/bakan-cavusoglu-kibris-azerbaycan-diaspora-merkezi-yonetim-kurulu-baskani-dinyevi-kabul-etti\/\" \/>\n<meta property=\"og:locale\" content=\"tr_TR\" \/>\n<meta property=\"og:type\" content=\"article\" \/>\n<meta property=\"og:title\" content=\"Bakan \u00c7avu\u015fo\u011flu, K\u0131br\u0131s -Azerbaycan Diaspora Merkezi Y\u00f6netim Kurulu Ba\u015fkan\u0131 Dinyev\u2019i kabul etti - Haber Kuzey\" \/>\n<meta property=\"og:description\" content=\"Milli E\u011fitim Bakan\u0131 Naz\u0131m \u00c7avu\u015fo\u011flu, K\u0131br\u0131s- Azerbaycan Diaspora Merkezi Y\u00f6netim Kurulu Ba\u015fkan\u0131 Raul Dinyev\u2019i kabul etti. Bakanl\u0131k\u2019tan yap\u0131lan a\u00e7\u0131klamaya g\u00f6re, kabulde konu\u015fan \u00c7avu\u015fo\u011flu, Azerbaycan temaslar\u0131na i\u015faret ederek, iki \u00fclke aras\u0131nda e\u011fitim alan\u0131ndaki i\u015fbirli\u011fini g\u00fc\u00e7lendirmek i\u00e7in \u00e7al\u0131\u015fmalar y\u00fcr\u00fctt\u00fcklerini belirtti. -\u00c7avu\u015fo\u011flu: \u201cAzerbaycanl\u0131 \u00f6\u011frencilerin KKTC\u2019de e\u011fitim almas\u0131n\u0131n \u00f6n\u00fcn\u00fc a\u00e7mak ad\u0131na \u00f6nemli ad\u0131mlar at\u0131ld\u0131\u201d Azerbaycanl\u0131 \u00f6\u011frencilerin KKTC\u2019de e\u011fitim almas\u0131n\u0131n [&hellip;]\" \/>\n<meta property=\"og:url\" content=\"https:\/\/haberkuzey.com\/index.php\/2025\/08\/05\/bakan-cavusoglu-kibris-azerbaycan-diaspora-merkezi-yonetim-kurulu-baskani-dinyevi-kabul-etti\/\" \/>\n<meta property=\"og:site_name\" content=\"Haber Kuzey\" \/>\n<meta property=\"article:published_time\" content=\"2025-08-05T07:04:36+00:00\" \/>\n<meta property=\"og:image\" content=\"https:\/\/brtk.net\/wp-content\/uploads\/2025\/08\/05\/asf32-scaled.jpg?ver=d413c09539919a3cacfaa5657af5b44a\" \/>\n<meta name=\"author\" content=\"haberkuzey\" \/>\n<meta name=\"twitter:card\" content=\"summary_large_image\" \/>\n<meta name=\"twitter:label1\" content=\"Yazan:\" \/>\n\t<meta name=\"twitter:data1\" content=\"haberkuzey\" \/>\n\t<meta name=\"twitter:label2\" content=\"Tahmini okuma s\u00fcresi\" \/>\n\t<meta name=\"twitter:data2\" content=\"1 dakika\" \/>\n<script type=\"application\/ld+json\" class=\"yoast-schema-graph\">{\"@context\":\"https:\\\/\\\/schema.org\",\"@graph\":[{\"@type\":\"Article\",\"@id\":\"https:\\\/\\\/haberkuzey.com\\\/index.php\\\/2025\\\/08\\\/05\\\/bakan-cavusoglu-kibris-azerbaycan-diaspora-merkezi-yonetim-kurulu-baskani-dinyevi-kabul-etti\\\/#article\",\"isPartOf\":{\"@id\":\"https:\\\/\\\/haberkuzey.com\\\/index.php\\\/2025\\\/08\\\/05\\\/bakan-cavusoglu-kibris-azerbaycan-diaspora-merkezi-yonetim-kurulu-baskani-dinyevi-kabul-etti\\\/\"},\"author\":{\"name\":\"haberkuzey\",\"@id\":\"https:\\\/\\\/haberkuzey.com\\\/#\\\/schema\\\/person\\\/3372109ec735f9333f4fa47ebb9605ca\"},\"headline\":\"Bakan \u00c7avu\u015fo\u011flu, K\u0131br\u0131s -Azerbaycan Diaspora Merkezi Y\u00f6netim Kurulu Ba\u015fkan\u0131 Dinyev\u2019i kabul etti\",\"datePublished\":\"2025-08-05T07:04:36+00:00\",\"mainEntityOfPage\":{\"@id\":\"https:\\\/\\\/haberkuzey.com\\\/index.php\\\/2025\\\/08\\\/05\\\/bakan-cavusoglu-kibris-azerbaycan-diaspora-merkezi-yonetim-kurulu-baskani-dinyevi-kabul-etti\\\/\"},\"wordCount\":299,\"commentCount\":0,\"image\":{\"@id\":\"https:\\\/\\\/haberkuzey.com\\\/index.php\\\/2025\\\/08\\\/05\\\/bakan-cavusoglu-kibris-azerbaycan-diaspora-merkezi-yonetim-kurulu-baskani-dinyevi-kabul-etti\\\/#primaryimage\"},\"thumbnailUrl\":\"https:\\\/\\\/haberkuzey.com\\\/wp-content\\\/uploads\\\/2025\\\/08\\\/asf32-scaled.jpg\",\"articleSection\":[\"K\u0131br\u0131s\"],\"inLanguage\":\"tr\",\"potentialAction\":[{\"@type\":\"CommentAction\",\"name\":\"Comment\",\"target\":[\"https:\\\/\\\/haberkuzey.com\\\/index.php\\\/2025\\\/08\\\/05\\\/bakan-cavusoglu-kibris-azerbaycan-diaspora-merkezi-yonetim-kurulu-baskani-dinyevi-kabul-etti\\\/#respond\"]}]},{\"@type\":\"WebPage\",\"@id\":\"https:\\\/\\\/haberkuzey.com\\\/index.php\\\/2025\\\/08\\\/05\\\/bakan-cavusoglu-kibris-azerbaycan-diaspora-merkezi-yonetim-kurulu-baskani-dinyevi-kabul-etti\\\/\",\"url\":\"https:\\\/\\\/haberkuzey.com\\\/index.php\\\/2025\\\/08\\\/05\\\/bakan-cavusoglu-kibris-azerbaycan-diaspora-merkezi-yonetim-kurulu-baskani-dinyevi-kabul-etti\\\/\",\"name\":\"Bakan \u00c7avu\u015fo\u011flu, K\u0131br\u0131s -Azerbaycan Diaspora Merkezi Y\u00f6netim Kurulu Ba\u015fkan\u0131 Dinyev\u2019i kabul etti - Haber Kuzey\",\"isPartOf\":{\"@id\":\"https:\\\/\\\/haberkuzey.com\\\/#website\"},\"primaryImageOfPage\":{\"@id\":\"https:\\\/\\\/haberkuzey.com\\\/index.php\\\/2025\\\/08\\\/05\\\/bakan-cavusoglu-kibris-azerbaycan-diaspora-merkezi-yonetim-kurulu-baskani-dinyevi-kabul-etti\\\/#primaryimage\"},\"image\":{\"@id\":\"https:\\\/\\\/haberkuzey.com\\\/index.php\\\/2025\\\/08\\\/05\\\/bakan-cavusoglu-kibris-azerbaycan-diaspora-merkezi-yonetim-kurulu-baskani-dinyevi-kabul-etti\\\/#primaryimage\"},\"thumbnailUrl\":\"https:\\\/\\\/haberkuzey.com\\\/wp-content\\\/uploads\\\/2025\\\/08\\\/asf32-scaled.jpg\",\"datePublished\":\"2025-08-05T07:04:36+00:00\",\"author\":{\"@id\":\"https:\\\/\\\/haberkuzey.com\\\/#\\\/schema\\\/person\\\/3372109ec735f9333f4fa47ebb9605ca\"},\"breadcrumb\":{\"@id\":\"https:\\\/\\\/haberkuzey.com\\\/index.php\\\/2025\\\/08\\\/05\\\/bakan-cavusoglu-kibris-azerbaycan-diaspora-merkezi-yonetim-kurulu-baskani-dinyevi-kabul-etti\\\/#breadcrumb\"},\"inLanguage\":\"tr\",\"potentialAction\":[{\"@type\":\"ReadAction\",\"target\":[\"https:\\\/\\\/haberkuzey.com\\\/index.php\\\/2025\\\/08\\\/05\\\/bakan-cavusoglu-kibris-azerbaycan-diaspora-merkezi-yonetim-kurulu-baskani-dinyevi-kabul-etti\\\/\"]}]},{\"@type\":\"ImageObject\",\"inLanguage\":\"tr\",\"@id\":\"https:\\\/\\\/haberkuzey.com\\\/index.php\\\/2025\\\/08\\\/05\\\/bakan-cavusoglu-kibris-azerbaycan-diaspora-merkezi-yonetim-kurulu-baskani-dinyevi-kabul-etti\\\/#primaryimage\",\"url\":\"https:\\\/\\\/haberkuzey.com\\\/wp-content\\\/uploads\\\/2025\\\/08\\\/asf32-scaled.jpg\",\"contentUrl\":\"https:\\\/\\\/haberkuzey.com\\\/wp-content\\\/uploads\\\/2025\\\/08\\\/asf32-scaled.jpg\",\"width\":2560,\"height\":1108},{\"@type\":\"BreadcrumbList\",\"@id\":\"https:\\\/\\\/haberkuzey.com\\\/index.php\\\/2025\\\/08\\\/05\\\/bakan-cavusoglu-kibris-azerbaycan-diaspora-merkezi-yonetim-kurulu-baskani-dinyevi-kabul-etti\\\/#breadcrumb\",\"itemListElement\":[{\"@type\":\"ListItem\",\"position\":1,\"name\":\"Anasayfa\",\"item\":\"https:\\\/\\\/haberkuzey.com\\\/\"},{\"@type\":\"ListItem\",\"position\":2,\"name\":\"Bakan \u00c7avu\u015fo\u011flu, K\u0131br\u0131s -Azerbaycan Diaspora Merkezi Y\u00f6netim Kurulu Ba\u015fkan\u0131 Dinyev\u2019i kabul etti\"}]},{\"@type\":\"WebSite\",\"@id\":\"https:\\\/\\\/haberkuzey.com\\\/#website\",\"url\":\"https:\\\/\\\/haberkuzey.com\\\/\",\"name\":\"Haber Kuzey\",\"description\":\"Do\u011fru Haberin Adresi\",\"potentialAction\":[{\"@type\":\"SearchAction\",\"target\":{\"@type\":\"EntryPoint\",\"urlTemplate\":\"https:\\\/\\\/haberkuzey.com\\\/?s={search_term_string}\"},\"query-input\":{\"@type\":\"PropertyValueSpecification\",\"valueRequired\":true,\"valueName\":\"search_term_string\"}}],\"inLanguage\":\"tr\"},{\"@type\":\"Person\",\"@id\":\"https:\\\/\\\/haberkuzey.com\\\/#\\\/schema\\\/person\\\/3372109ec735f9333f4fa47ebb9605ca\",\"name\":\"haberkuzey\",\"image\":{\"@type\":\"ImageObject\",\"inLanguage\":\"tr\",\"@id\":\"https:\\\/\\\/secure.gravatar.com\\\/avatar\\\/f5fc875574b1575324358c3b9e6a32b8227aa5b74f3fa22e3cadb63e26fcc39c?s=96&d=mm&r=g\",\"url\":\"https:\\\/\\\/secure.gravatar.com\\\/avatar\\\/f5fc875574b1575324358c3b9e6a32b8227aa5b74f3fa22e3cadb63e26fcc39c?s=96&d=mm&r=g\",\"contentUrl\":\"https:\\\/\\\/secure.gravatar.com\\\/avatar\\\/f5fc875574b1575324358c3b9e6a32b8227aa5b74f3fa22e3cadb63e26fcc39c?s=96&d=mm&r=g\",\"caption\":\"haberkuzey\"},\"sameAs\":[\"https:\\\/\\\/haberkuzey.com\"],\"url\":\"https:\\\/\\\/haberkuzey.com\\\/index.php\\\/author\\\/haberkuzey\\\/\"}]}<\/script>\n<!-- \/ Yoast SEO plugin. -->","yoast_head_json":{"title":"Bakan \u00c7avu\u015fo\u011flu, K\u0131br\u0131s -Azerbaycan Diaspora Merkezi Y\u00f6netim Kurulu Ba\u015fkan\u0131 Dinyev\u2019i kabul etti - Haber Kuzey","robots":{"index":"index","follow":"follow","max-snippet":"max-snippet:-1","max-image-preview":"max-image-preview:large","max-video-preview":"max-video-preview:-1"},"canonical":"https:\/\/haberkuzey.com\/index.php\/2025\/08\/05\/bakan-cavusoglu-kibris-azerbaycan-diaspora-merkezi-yonetim-kurulu-baskani-dinyevi-kabul-etti\/","og_locale":"tr_TR","og_type":"article","og_title":"Bakan \u00c7avu\u015fo\u011flu, K\u0131br\u0131s -Azerbaycan Diaspora Merkezi Y\u00f6netim Kurulu Ba\u015fkan\u0131 Dinyev\u2019i kabul etti - Haber Kuzey","og_description":"Milli E\u011fitim Bakan\u0131 Naz\u0131m \u00c7avu\u015fo\u011flu, K\u0131br\u0131s- Azerbaycan Diaspora Merkezi Y\u00f6netim Kurulu Ba\u015fkan\u0131 Raul Dinyev\u2019i kabul etti. Bakanl\u0131k\u2019tan yap\u0131lan a\u00e7\u0131klamaya g\u00f6re, kabulde konu\u015fan \u00c7avu\u015fo\u011flu, Azerbaycan temaslar\u0131na i\u015faret ederek, iki \u00fclke aras\u0131nda e\u011fitim alan\u0131ndaki i\u015fbirli\u011fini g\u00fc\u00e7lendirmek i\u00e7in \u00e7al\u0131\u015fmalar y\u00fcr\u00fctt\u00fcklerini belirtti. -\u00c7avu\u015fo\u011flu: \u201cAzerbaycanl\u0131 \u00f6\u011frencilerin KKTC\u2019de e\u011fitim almas\u0131n\u0131n \u00f6n\u00fcn\u00fc a\u00e7mak ad\u0131na \u00f6nemli ad\u0131mlar at\u0131ld\u0131\u201d Azerbaycanl\u0131 \u00f6\u011frencilerin KKTC\u2019de e\u011fitim almas\u0131n\u0131n [&hellip;]","og_url":"https:\/\/haberkuzey.com\/index.php\/2025\/08\/05\/bakan-cavusoglu-kibris-azerbaycan-diaspora-merkezi-yonetim-kurulu-baskani-dinyevi-kabul-etti\/","og_site_name":"Haber Kuzey","article_published_time":"2025-08-05T07:04:36+00:00","og_image":[{"url":"https:\/\/brtk.net\/wp-content\/uploads\/2025\/08\/05\/asf32-scaled.jpg?ver=d413c09539919a3cacfaa5657af5b44a","type":"","width":"","height":""}],"author":"haberkuzey","twitter_card":"summary_large_image","twitter_misc":{"Yazan:":"haberkuzey","Tahmini okuma s\u00fcresi":"1 dakika"},"schema":{"@context":"https:\/\/schema.org","@graph":[{"@type":"Article","@id":"https:\/\/haberkuzey.com\/index.php\/2025\/08\/05\/bakan-cavusoglu-kibris-azerbaycan-diaspora-merkezi-yonetim-kurulu-baskani-dinyevi-kabul-etti\/#article","isPartOf":{"@id":"https:\/\/haberkuzey.com\/index.php\/2025\/08\/05\/bakan-cavusoglu-kibris-azerbaycan-diaspora-merkezi-yonetim-kurulu-baskani-dinyevi-kabul-etti\/"},"author":{"name":"haberkuzey","@id":"https:\/\/haberkuzey.com\/#\/schema\/person\/3372109ec735f9333f4fa47ebb9605ca"},"headline":"Bakan \u00c7avu\u015fo\u011flu, K\u0131br\u0131s -Azerbaycan Diaspora Merkezi Y\u00f6netim Kurulu Ba\u015fkan\u0131 Dinyev\u2019i kabul etti","datePublished":"2025-08-05T07:04:36+00:00","mainEntityOfPage":{"@id":"https:\/\/haberkuzey.com\/index.php\/2025\/08\/05\/bakan-cavusoglu-kibris-azerbaycan-diaspora-merkezi-yonetim-kurulu-baskani-dinyevi-kabul-etti\/"},"wordCount":299,"commentCount":0,"image":{"@id":"https:\/\/haberkuzey.com\/index.php\/2025\/08\/05\/bakan-cavusoglu-kibris-azerbaycan-diaspora-merkezi-yonetim-kurulu-baskani-dinyevi-kabul-etti\/#primaryimage"},"thumbnailUrl":"https:\/\/haberkuzey.com\/wp-content\/uploads\/2025\/08\/asf32-scaled.jpg","articleSection":["K\u0131br\u0131s"],"inLanguage":"tr","potentialAction":[{"@type":"CommentAction","name":"Comment","target":["https:\/\/haberkuzey.com\/index.php\/2025\/08\/05\/bakan-cavusoglu-kibris-azerbaycan-diaspora-merkezi-yonetim-kurulu-baskani-dinyevi-kabul-etti\/#respond"]}]},{"@type":"WebPage","@id":"https:\/\/haberkuzey.com\/index.php\/2025\/08\/05\/bakan-cavusoglu-kibris-azerbaycan-diaspora-merkezi-yonetim-kurulu-baskani-dinyevi-kabul-etti\/","url":"https:\/\/haberkuzey.com\/index.php\/2025\/08\/05\/bakan-cavusoglu-kibris-azerbaycan-diaspora-merkezi-yonetim-kurulu-baskani-dinyevi-kabul-etti\/","name":"Bakan \u00c7avu\u015fo\u011flu, K\u0131br\u0131s -Azerbaycan Diaspora Merkezi Y\u00f6netim Kurulu Ba\u015fkan\u0131 Dinyev\u2019i kabul etti - Haber Kuzey","isPartOf":{"@id":"https:\/\/haberkuzey.com\/#website"},"primaryImageOfPage":{"@id":"https:\/\/haberkuzey.com\/index.php\/2025\/08\/05\/bakan-cavusoglu-kibris-azerbaycan-diaspora-merkezi-yonetim-kurulu-baskani-dinyevi-kabul-etti\/#primaryimage"},"image":{"@id":"https:\/\/haberkuzey.com\/index.php\/2025\/08\/05\/bakan-cavusoglu-kibris-azerbaycan-diaspora-merkezi-yonetim-kurulu-baskani-dinyevi-kabul-etti\/#primaryimage"},"thumbnailUrl":"https:\/\/haberkuzey.com\/wp-content\/uploads\/2025\/08\/asf32-scaled.jpg","datePublished":"2025-08-05T07:04:36+00:00","author":{"@id":"https:\/\/haberkuzey.com\/#\/schema\/person\/3372109ec735f9333f4fa47ebb9605ca"},"breadcrumb":{"@id":"https:\/\/haberkuzey.com\/index.php\/2025\/08\/05\/bakan-cavusoglu-kibris-azerbaycan-diaspora-merkezi-yonetim-kurulu-baskani-dinyevi-kabul-etti\/#breadcrumb"},"inLanguage":"tr","potentialAction":[{"@type":"ReadAction","target":["https:\/\/haberkuzey.com\/index.php\/2025\/08\/05\/bakan-cavusoglu-kibris-azerbaycan-diaspora-merkezi-yonetim-kurulu-baskani-dinyevi-kabul-etti\/"]}]},{"@type":"ImageObject","inLanguage":"tr","@id":"https:\/\/haberkuzey.com\/index.php\/2025\/08\/05\/bakan-cavusoglu-kibris-azerbaycan-diaspora-merkezi-yonetim-kurulu-baskani-dinyevi-kabul-etti\/#primaryimage","url":"https:\/\/haberkuzey.com\/wp-content\/uploads\/2025\/08\/asf32-scaled.jpg","contentUrl":"https:\/\/haberkuzey.com\/wp-content\/uploads\/2025\/08\/asf32-scaled.jpg","width":2560,"height":1108},{"@type":"BreadcrumbList","@id":"https:\/\/haberkuzey.com\/index.php\/2025\/08\/05\/bakan-cavusoglu-kibris-azerbaycan-diaspora-merkezi-yonetim-kurulu-baskani-dinyevi-kabul-etti\/#breadcrumb","itemListElement":[{"@type":"ListItem","position":1,"name":"Anasayfa","item":"https:\/\/haberkuzey.com\/"},{"@type":"ListItem","position":2,"name":"Bakan \u00c7avu\u015fo\u011flu, K\u0131br\u0131s -Azerbaycan Diaspora Merkezi Y\u00f6netim Kurulu Ba\u015fkan\u0131 Dinyev\u2019i kabul etti"}]},{"@type":"WebSite","@id":"https:\/\/haberkuzey.com\/#website","url":"https:\/\/haberkuzey.com\/","name":"Haber Kuzey","description":"Do\u011fru Haberin Adresi","potentialAction":[{"@type":"SearchAction","target":{"@type":"EntryPoint","urlTemplate":"https:\/\/haberkuzey.com\/?s={search_term_string}"},"query-input":{"@type":"PropertyValueSpecification","valueRequired":true,"valueName":"search_term_string"}}],"inLanguage":"tr"},{"@type":"Person","@id":"https:\/\/haberkuzey.com\/#\/schema\/person\/3372109ec735f9333f4fa47ebb9605ca","name":"haberkuzey","image":{"@type":"ImageObject","inLanguage":"tr","@id":"https:\/\/secure.gravatar.com\/avatar\/f5fc875574b1575324358c3b9e6a32b8227aa5b74f3fa22e3cadb63e26fcc39c?s=96&d=mm&r=g","url":"https:\/\/secure.gravatar.com\/avatar\/f5fc875574b1575324358c3b9e6a32b8227aa5b74f3fa22e3cadb63e26fcc39c?s=96&d=mm&r=g","contentUrl":"https:\/\/secure.gravatar.com\/avatar\/f5fc875574b1575324358c3b9e6a32b8227aa5b74f3fa22e3cadb63e26fcc39c?s=96&d=mm&r=g","caption":"haberkuzey"},"sameAs":["https:\/\/haberkuzey.com"],"url":"https:\/\/haberkuzey.com\/index.php\/author\/haberkuzey\/"}]}},"_links":{"self":[{"href":"https:\/\/haberkuzey.com\/index.php\/wp-json\/wp\/v2\/posts\/28933","targetHints":{"allow":["GET"]}}],"collection":[{"href":"https:\/\/haberkuzey.com\/index.php\/wp-json\/wp\/v2\/posts"}],"about":[{"href":"https:\/\/haberkuzey.com\/index.php\/wp-json\/wp\/v2\/types\/post"}],"author":[{"embeddable":true,"href":"https:\/\/haberkuzey.com\/index.php\/wp-json\/wp\/v2\/users\/1"}],"replies":[{"embeddable":true,"href":"https:\/\/haberkuzey.com\/index.php\/wp-json\/wp\/v2\/comments?post=28933"}],"version-history":[{"count":0,"href":"https:\/\/haberkuzey.com\/index.php\/wp-json\/wp\/v2\/posts\/28933\/revisions"}],"wp:featuredmedia":[{"embeddable":true,"href":"https:\/\/haberkuzey.com\/index.php\/wp-json\/wp\/v2\/media\/28934"}],"wp:attachment":[{"href":"https:\/\/haberkuzey.com\/index.php\/wp-json\/wp\/v2\/media?parent=28933"}],"wp:term":[{"taxonomy":"category","embeddable":true,"href":"https:\/\/haberkuzey.com\/index.php\/wp-json\/wp\/v2\/categories?post=28933"},{"taxonomy":"post_tag","embeddable":true,"href":"https:\/\/haberkuzey.com\/index.php\/wp-json\/wp\/v2\/tags?post=28933"}],"curies":[{"name":"wp","href":"https:\/\/api.w.org\/{rel}","templated":true}]}}