{"id":28882,"date":"2025-08-03T18:23:00","date_gmt":"2025-08-03T15:23:00","guid":{"rendered":"https:\/\/haberkuzey.com\/index.php\/2025\/08\/03\/cumhurbaskani-tatar-cozume-hazirim-diyen-once-is-birligi-demeyi-ogrenmeli\/"},"modified":"2025-08-03T18:23:00","modified_gmt":"2025-08-03T15:23:00","slug":"cumhurbaskani-tatar-cozume-hazirim-diyen-once-is-birligi-demeyi-ogrenmeli","status":"publish","type":"post","link":"https:\/\/haberkuzey.com\/index.php\/2025\/08\/03\/cumhurbaskani-tatar-cozume-hazirim-diyen-once-is-birligi-demeyi-ogrenmeli\/","title":{"rendered":"Cumhurba\u015fkan\u0131 Tatar: \u201c\u00c7\u00f6z\u00fcme haz\u0131r\u0131m diyen \u00f6nce \u2018i\u015f birli\u011fi\u2019 demeyi \u00f6\u011frenmeli\u201d"},"content":{"rendered":"<div>\n<div class=\"mariselle-image-container center\">\n                                            <\/div>\n<p>Cumhurba\u015fkan\u0131 Ersin Tatar, \u201c\u00c7\u00f6z\u00fcme haz\u0131r\u0131m iddias\u0131nda bulunan \u00f6nce \u2018i\u015f birli\u011fi\u2019 demeyi \u00f6\u011frenmeli\u201d diyerek Rum lider Hristodulidis\u2019in s\u00f6ylemlerini ele\u015ftirdi.<\/p>\n<p>Rum Y\u00f6netimi lideri Nikos Hristodulidis\u2019in son d\u00f6nemdeki a\u00e7\u0131klamalar\u0131na ve Mara\u015f konusundaki tutumuna ili\u015fkin de\u011ferlendirmelerde bulunan Tatar, Hristodulidis\u2019in TC D\u0131\u015fi\u015fleri Bakan\u0131 Hakan Fidan ile New York\u2019ta ger\u00e7ekle\u015ftirdi\u011fi gayriresmi temas\u0131 s\u00fcrekli g\u00fcndeme ta\u015f\u0131ma \u00e7abas\u0131n\u0131 \u201ctebess\u00fcmle takip ettiklerini\u201d belirtti.<\/p>\n<p>S\u00f6z konusu g\u00f6r\u00fc\u015fmenin, 16-17 Temmuz tarihlerinde d\u00fczenlenen 5+1 format\u0131ndaki gayriresmi zirve s\u0131ras\u0131nda, yemek masas\u0131n\u0131n kenar\u0131nda ger\u00e7ekle\u015fti\u011fini vurgulayan Tatar, bu k\u0131sa temas \u00fczerinden senaryolar \u00fcretilmesinin \u201ckamuoyunu y\u00f6nlendirmeye d\u00f6n\u00fck bir i\u00e7erik olu\u015fturma \u00e7abas\u0131\u201d oldu\u011funu ifade etti.<\/p>\n<p>Tatar, Rum liderin bir yandan T\u00fcrkiye\u2019yi su\u00e7lay\u0131c\u0131 s\u00f6ylemler kullan\u0131rken di\u011fer yandan T\u00fcrkiye ile yap\u0131lan k\u0131sa bir temas\u0131 diplomatik kazan\u0131m gibi yans\u0131tmas\u0131n\u0131n \u201ctutars\u0131z bir yakla\u015f\u0131m\u201d oldu\u011funu dile getirdi. Bu \u00e7eli\u015fkili tutumun yaln\u0131zca tecr\u00fcbesizlikten de\u011fil, ayn\u0131 zamanda gerginlikten siyasi fayda elde etme gayretinden kaynakland\u0131\u011f\u0131n\u0131 belirtti.<\/p>\n<p>Mara\u015f konusundaki pozisyonlar\u0131n\u0131n net oldu\u011funu vurgulayan Cumhurba\u015fkan\u0131, at\u0131lan ad\u0131mlar\u0131n halk\u0131n iradesiyle \u015fekillendi\u011fini, eski sakinlerin m\u00fclkiyet haklar\u0131na sayg\u0131l\u0131 ve uluslararas\u0131 hukukla uyumlu bir s\u00fcre\u00e7 y\u00fcr\u00fct\u00fcld\u00fc\u011f\u00fcn\u00fc s\u00f6yledi.<\/p>\n<p>Ta\u015f\u0131nmaz Mal Komisyonu\u2019nun (TMK) etkin bi\u00e7imde g\u00f6rev yapt\u0131\u011f\u0131n\u0131 ve bireysel ba\u015fvuru hakk\u0131n\u0131n a\u00e7\u0131k tutuldu\u011funu belirten Tatar, Mara\u015f\u2019\u0131n art\u0131k halk\u0131n gelece\u011fe d\u00f6n\u00fck vizyonunun bir par\u00e7as\u0131 oldu\u011funu kaydetti.<\/p>\n<p>Hristodulidis\u2019in a\u00e7\u0131klamalar\u0131n\u0131n, Rum eski sakinlerinin TMK\u2019ya ba\u015fvuru yapmas\u0131n\u0131 engellemeye ve konuyu yeniden siyasi zemine \u00e7ekmeye y\u00f6nelik oldu\u011funu ifade eden Tatar, Rum liderin bu tutumunun kendi siyasi gelece\u011fiyle ilgili oldu\u011funu s\u00f6yledi.<\/p>\n<p>Tatar, \u201cKuzey K\u0131br\u0131s T\u00fcrk Cumhuriyeti\u2019nde yap\u0131lacak Cumhurba\u015fkanl\u0131\u011f\u0131 se\u00e7imlerine etki etmeye \u00e7al\u0131\u015fmak, ba\u015far\u0131 \u015fans\u0131 olmayan bir yakla\u015f\u0131md\u0131r.\u201d ifadelerini kulland\u0131.<\/p>\n<p>T\u00fcrkiye Cumhuriyeti\u2019nin K\u0131br\u0131s T\u00fcrk halk\u0131n\u0131n iradesini ve me\u015fru duru\u015funu kararl\u0131l\u0131kla destekledi\u011fini vurgulayan Tatar, Mara\u015f a\u00e7\u0131l\u0131m\u0131n\u0131n da bu zeminde at\u0131lm\u0131\u015f ortak bir ad\u0131m oldu\u011funu belirterek, s\u00fcrecin uluslararas\u0131 hukuka, hakkaniyete ve bar\u0131\u015f\u00e7\u0131l \u00e7\u00f6z\u00fcm anlay\u0131\u015f\u0131na uygun \u015fekilde ilerledi\u011fini, bu s\u00fcrecin farkl\u0131 y\u00f6ne \u00e7ekilmeye \u00e7al\u0131\u015f\u0131lmas\u0131n\u0131n kabul edilemez oldu\u011funu s\u00f6yledi.<\/p>\n<p>Cumhurba\u015fkan\u0131 Tatar, \u201cBug\u00fcn h\u00e2l\u00e2 i\u015f birli\u011fi kavram\u0131n\u0131 telaffuz etmekten ka\u00e7\u0131nan bir zihniyetle kar\u015f\u0131 kar\u015f\u0131yay\u0131z. Bu anlay\u0131\u015f art\u0131k ger\u00e7ekle y\u00fczle\u015fmeli ve halk\u0131m\u0131z\u0131n iradesine sayg\u0131 duymay\u0131 \u00f6\u011frenmelidir.\u201d dedi.<\/p>\n<p>K\u0131br\u0131s T\u00fcrk halk\u0131n\u0131n egemenli\u011fini, topraklar\u0131ndaki varl\u0131\u011f\u0131n\u0131 ve gelece\u011fini koruma iradesini a\u00e7\u0131k\u00e7a ortaya koydu\u011funu belirten Tatar, bu kararl\u0131l\u0131\u011f\u0131n toplumun tamam\u0131n\u0131n ortak iradesi oldu\u011funu vurgulad\u0131.<\/p>\n<p>Uluslararas\u0131 topluma \u00e7a\u011fr\u0131da bulunan Tatar, \u201cEzbere dayal\u0131, ge\u00e7mi\u015fte t\u00fcketilmi\u015f modellerin tekrar\u0131na de\u011fil, K\u0131br\u0131s\u2019ta var olan iki devletin, iki halk\u0131n ve iki demokrasinin e\u015fit haklarla gelece\u011fe y\u00fcr\u00fcmesine ihtiya\u00e7 vard\u0131r.\u201d ifadelerini kulland\u0131.<\/p>\n<p>Cumhurba\u015fkan\u0131 Tatar, a\u00e7\u0131klamas\u0131n\u0131n sonunda Rum lider Hristodulidis\u2019e seslenerek, \u201cK\u0131br\u0131s T\u00fcrk halk\u0131n\u0131 ve KKTC\u2019yi yok sayarak hi\u00e7bir \u00e7\u00f6z\u00fcme ula\u015famaz. Ger\u00e7ek bir diyalog zemini kurmak istiyorsa, d\u00fczg\u00fcn bir ileti\u015fim dili kullanmal\u0131 ve sayg\u0131l\u0131 bir \u00fcslup benimsemelidir\u201d dedi.<\/p>\n<\/p><\/div>\n<p><script async\n                    defer\n                    crossorigin=\"anonymous\"\n                    src=\"https:\/\/connect.facebook.net\/tr_TR\/sdk.js#xfbml=1&#038;version=v3.3\"\n            ><\/script><\/p>\n","protected":false},"excerpt":{"rendered":"<p>Cumhurba\u015fkan\u0131 Ersin Tatar, \u201c\u00c7\u00f6z\u00fcme haz\u0131r\u0131m iddias\u0131nda bulunan \u00f6nce \u2018i\u015f birli\u011fi\u2019 demeyi \u00f6\u011frenmeli\u201d diyerek Rum lider Hristodulidis\u2019in s\u00f6ylemlerini ele\u015ftirdi. Rum Y\u00f6netimi lideri Nikos Hristodulidis\u2019in son d\u00f6nemdeki a\u00e7\u0131klamalar\u0131na ve Mara\u015f konusundaki tutumuna ili\u015fkin de\u011ferlendirmelerde bulunan Tatar, Hristodulidis\u2019in TC D\u0131\u015fi\u015fleri Bakan\u0131 Hakan Fidan ile New York\u2019ta ger\u00e7ekle\u015ftirdi\u011fi gayriresmi temas\u0131 s\u00fcrekli g\u00fcndeme ta\u015f\u0131ma \u00e7abas\u0131n\u0131 \u201ctebess\u00fcmle takip ettiklerini\u201d belirtti. S\u00f6z [&hellip;]<\/p>\n","protected":false},"author":1,"featured_media":28883,"comment_status":"open","ping_status":"open","sticky":false,"template":"","format":"standard","meta":{"jnews-multi-image_gallery":[],"jnews_single_post":[],"jnews_primary_category":[],"footnotes":""},"categories":[1],"tags":[],"class_list":["post-28882","post","type-post","status-publish","format-standard","has-post-thumbnail","hentry","category-kibris"],"yoast_head":"<!-- This site is optimized with the Yoast SEO plugin v27.5 - https:\/\/yoast.com\/product\/yoast-seo-wordpress\/ -->\n<title>Cumhurba\u015fkan\u0131 Tatar: \u201c\u00c7\u00f6z\u00fcme haz\u0131r\u0131m diyen \u00f6nce \u2018i\u015f birli\u011fi\u2019 demeyi \u00f6\u011frenmeli\u201d - Haber Kuzey<\/title>\n<meta name=\"robots\" content=\"index, follow, max-snippet:-1, max-image-preview:large, max-video-preview:-1\" \/>\n<link rel=\"canonical\" href=\"https:\/\/haberkuzey.com\/index.php\/2025\/08\/03\/cumhurbaskani-tatar-cozume-hazirim-diyen-once-is-birligi-demeyi-ogrenmeli\/\" \/>\n<meta property=\"og:locale\" content=\"tr_TR\" \/>\n<meta property=\"og:type\" content=\"article\" \/>\n<meta property=\"og:title\" content=\"Cumhurba\u015fkan\u0131 Tatar: \u201c\u00c7\u00f6z\u00fcme haz\u0131r\u0131m diyen \u00f6nce \u2018i\u015f birli\u011fi\u2019 demeyi \u00f6\u011frenmeli\u201d - Haber Kuzey\" \/>\n<meta property=\"og:description\" content=\"Cumhurba\u015fkan\u0131 Ersin Tatar, \u201c\u00c7\u00f6z\u00fcme haz\u0131r\u0131m iddias\u0131nda bulunan \u00f6nce \u2018i\u015f birli\u011fi\u2019 demeyi \u00f6\u011frenmeli\u201d diyerek Rum lider Hristodulidis\u2019in s\u00f6ylemlerini ele\u015ftirdi. Rum Y\u00f6netimi lideri Nikos Hristodulidis\u2019in son d\u00f6nemdeki a\u00e7\u0131klamalar\u0131na ve Mara\u015f konusundaki tutumuna ili\u015fkin de\u011ferlendirmelerde bulunan Tatar, Hristodulidis\u2019in TC D\u0131\u015fi\u015fleri Bakan\u0131 Hakan Fidan ile New York\u2019ta ger\u00e7ekle\u015ftirdi\u011fi gayriresmi temas\u0131 s\u00fcrekli g\u00fcndeme ta\u015f\u0131ma \u00e7abas\u0131n\u0131 \u201ctebess\u00fcmle takip ettiklerini\u201d belirtti. S\u00f6z [&hellip;]\" \/>\n<meta property=\"og:url\" content=\"https:\/\/haberkuzey.com\/index.php\/2025\/08\/03\/cumhurbaskani-tatar-cozume-hazirim-diyen-once-is-birligi-demeyi-ogrenmeli\/\" \/>\n<meta property=\"og:site_name\" content=\"Haber Kuzey\" \/>\n<meta property=\"article:published_time\" content=\"2025-08-03T15:23:00+00:00\" \/>\n<meta property=\"og:image\" content=\"https:\/\/brtk.net\/wp-content\/uploads\/2025\/08\/03\/1754225782619TATAR.jpg?ver=fd82f1ca9524b02dafabddf5c42e4c77\" \/>\n<meta name=\"author\" content=\"haberkuzey\" \/>\n<meta name=\"twitter:card\" content=\"summary_large_image\" \/>\n<meta name=\"twitter:label1\" content=\"Yazan:\" \/>\n\t<meta name=\"twitter:data1\" content=\"haberkuzey\" \/>\n\t<meta name=\"twitter:label2\" content=\"Tahmini okuma s\u00fcresi\" \/>\n\t<meta name=\"twitter:data2\" content=\"3 dakika\" \/>\n<script type=\"application\/ld+json\" class=\"yoast-schema-graph\">{\"@context\":\"https:\\\/\\\/schema.org\",\"@graph\":[{\"@type\":\"Article\",\"@id\":\"https:\\\/\\\/haberkuzey.com\\\/index.php\\\/2025\\\/08\\\/03\\\/cumhurbaskani-tatar-cozume-hazirim-diyen-once-is-birligi-demeyi-ogrenmeli\\\/#article\",\"isPartOf\":{\"@id\":\"https:\\\/\\\/haberkuzey.com\\\/index.php\\\/2025\\\/08\\\/03\\\/cumhurbaskani-tatar-cozume-hazirim-diyen-once-is-birligi-demeyi-ogrenmeli\\\/\"},\"author\":{\"name\":\"haberkuzey\",\"@id\":\"https:\\\/\\\/haberkuzey.com\\\/#\\\/schema\\\/person\\\/3372109ec735f9333f4fa47ebb9605ca\"},\"headline\":\"Cumhurba\u015fkan\u0131 Tatar: \u201c\u00c7\u00f6z\u00fcme haz\u0131r\u0131m diyen \u00f6nce \u2018i\u015f birli\u011fi\u2019 demeyi \u00f6\u011frenmeli\u201d\",\"datePublished\":\"2025-08-03T15:23:00+00:00\",\"mainEntityOfPage\":{\"@id\":\"https:\\\/\\\/haberkuzey.com\\\/index.php\\\/2025\\\/08\\\/03\\\/cumhurbaskani-tatar-cozume-hazirim-diyen-once-is-birligi-demeyi-ogrenmeli\\\/\"},\"wordCount\":629,\"commentCount\":0,\"image\":{\"@id\":\"https:\\\/\\\/haberkuzey.com\\\/index.php\\\/2025\\\/08\\\/03\\\/cumhurbaskani-tatar-cozume-hazirim-diyen-once-is-birligi-demeyi-ogrenmeli\\\/#primaryimage\"},\"thumbnailUrl\":\"https:\\\/\\\/haberkuzey.com\\\/wp-content\\\/uploads\\\/2025\\\/08\\\/1754225782619TATAR.jpg\",\"articleSection\":[\"K\u0131br\u0131s\"],\"inLanguage\":\"tr\",\"potentialAction\":[{\"@type\":\"CommentAction\",\"name\":\"Comment\",\"target\":[\"https:\\\/\\\/haberkuzey.com\\\/index.php\\\/2025\\\/08\\\/03\\\/cumhurbaskani-tatar-cozume-hazirim-diyen-once-is-birligi-demeyi-ogrenmeli\\\/#respond\"]}]},{\"@type\":\"WebPage\",\"@id\":\"https:\\\/\\\/haberkuzey.com\\\/index.php\\\/2025\\\/08\\\/03\\\/cumhurbaskani-tatar-cozume-hazirim-diyen-once-is-birligi-demeyi-ogrenmeli\\\/\",\"url\":\"https:\\\/\\\/haberkuzey.com\\\/index.php\\\/2025\\\/08\\\/03\\\/cumhurbaskani-tatar-cozume-hazirim-diyen-once-is-birligi-demeyi-ogrenmeli\\\/\",\"name\":\"Cumhurba\u015fkan\u0131 Tatar: \u201c\u00c7\u00f6z\u00fcme haz\u0131r\u0131m diyen \u00f6nce \u2018i\u015f birli\u011fi\u2019 demeyi \u00f6\u011frenmeli\u201d - Haber Kuzey\",\"isPartOf\":{\"@id\":\"https:\\\/\\\/haberkuzey.com\\\/#website\"},\"primaryImageOfPage\":{\"@id\":\"https:\\\/\\\/haberkuzey.com\\\/index.php\\\/2025\\\/08\\\/03\\\/cumhurbaskani-tatar-cozume-hazirim-diyen-once-is-birligi-demeyi-ogrenmeli\\\/#primaryimage\"},\"image\":{\"@id\":\"https:\\\/\\\/haberkuzey.com\\\/index.php\\\/2025\\\/08\\\/03\\\/cumhurbaskani-tatar-cozume-hazirim-diyen-once-is-birligi-demeyi-ogrenmeli\\\/#primaryimage\"},\"thumbnailUrl\":\"https:\\\/\\\/haberkuzey.com\\\/wp-content\\\/uploads\\\/2025\\\/08\\\/1754225782619TATAR.jpg\",\"datePublished\":\"2025-08-03T15:23:00+00:00\",\"author\":{\"@id\":\"https:\\\/\\\/haberkuzey.com\\\/#\\\/schema\\\/person\\\/3372109ec735f9333f4fa47ebb9605ca\"},\"breadcrumb\":{\"@id\":\"https:\\\/\\\/haberkuzey.com\\\/index.php\\\/2025\\\/08\\\/03\\\/cumhurbaskani-tatar-cozume-hazirim-diyen-once-is-birligi-demeyi-ogrenmeli\\\/#breadcrumb\"},\"inLanguage\":\"tr\",\"potentialAction\":[{\"@type\":\"ReadAction\",\"target\":[\"https:\\\/\\\/haberkuzey.com\\\/index.php\\\/2025\\\/08\\\/03\\\/cumhurbaskani-tatar-cozume-hazirim-diyen-once-is-birligi-demeyi-ogrenmeli\\\/\"]}]},{\"@type\":\"ImageObject\",\"inLanguage\":\"tr\",\"@id\":\"https:\\\/\\\/haberkuzey.com\\\/index.php\\\/2025\\\/08\\\/03\\\/cumhurbaskani-tatar-cozume-hazirim-diyen-once-is-birligi-demeyi-ogrenmeli\\\/#primaryimage\",\"url\":\"https:\\\/\\\/haberkuzey.com\\\/wp-content\\\/uploads\\\/2025\\\/08\\\/1754225782619TATAR.jpg\",\"contentUrl\":\"https:\\\/\\\/haberkuzey.com\\\/wp-content\\\/uploads\\\/2025\\\/08\\\/1754225782619TATAR.jpg\",\"width\":1600,\"height\":1066},{\"@type\":\"BreadcrumbList\",\"@id\":\"https:\\\/\\\/haberkuzey.com\\\/index.php\\\/2025\\\/08\\\/03\\\/cumhurbaskani-tatar-cozume-hazirim-diyen-once-is-birligi-demeyi-ogrenmeli\\\/#breadcrumb\",\"itemListElement\":[{\"@type\":\"ListItem\",\"position\":1,\"name\":\"Anasayfa\",\"item\":\"https:\\\/\\\/haberkuzey.com\\\/\"},{\"@type\":\"ListItem\",\"position\":2,\"name\":\"Cumhurba\u015fkan\u0131 Tatar: \u201c\u00c7\u00f6z\u00fcme haz\u0131r\u0131m diyen \u00f6nce \u2018i\u015f birli\u011fi\u2019 demeyi \u00f6\u011frenmeli\u201d\"}]},{\"@type\":\"WebSite\",\"@id\":\"https:\\\/\\\/haberkuzey.com\\\/#website\",\"url\":\"https:\\\/\\\/haberkuzey.com\\\/\",\"name\":\"Haber Kuzey\",\"description\":\"Do\u011fru Haberin Adresi\",\"potentialAction\":[{\"@type\":\"SearchAction\",\"target\":{\"@type\":\"EntryPoint\",\"urlTemplate\":\"https:\\\/\\\/haberkuzey.com\\\/?s={search_term_string}\"},\"query-input\":{\"@type\":\"PropertyValueSpecification\",\"valueRequired\":true,\"valueName\":\"search_term_string\"}}],\"inLanguage\":\"tr\"},{\"@type\":\"Person\",\"@id\":\"https:\\\/\\\/haberkuzey.com\\\/#\\\/schema\\\/person\\\/3372109ec735f9333f4fa47ebb9605ca\",\"name\":\"haberkuzey\",\"image\":{\"@type\":\"ImageObject\",\"inLanguage\":\"tr\",\"@id\":\"https:\\\/\\\/secure.gravatar.com\\\/avatar\\\/f5fc875574b1575324358c3b9e6a32b8227aa5b74f3fa22e3cadb63e26fcc39c?s=96&d=mm&r=g\",\"url\":\"https:\\\/\\\/secure.gravatar.com\\\/avatar\\\/f5fc875574b1575324358c3b9e6a32b8227aa5b74f3fa22e3cadb63e26fcc39c?s=96&d=mm&r=g\",\"contentUrl\":\"https:\\\/\\\/secure.gravatar.com\\\/avatar\\\/f5fc875574b1575324358c3b9e6a32b8227aa5b74f3fa22e3cadb63e26fcc39c?s=96&d=mm&r=g\",\"caption\":\"haberkuzey\"},\"sameAs\":[\"https:\\\/\\\/haberkuzey.com\"],\"url\":\"https:\\\/\\\/haberkuzey.com\\\/index.php\\\/author\\\/haberkuzey\\\/\"}]}<\/script>\n<!-- \/ Yoast SEO plugin. -->","yoast_head_json":{"title":"Cumhurba\u015fkan\u0131 Tatar: \u201c\u00c7\u00f6z\u00fcme haz\u0131r\u0131m diyen \u00f6nce \u2018i\u015f birli\u011fi\u2019 demeyi \u00f6\u011frenmeli\u201d - Haber Kuzey","robots":{"index":"index","follow":"follow","max-snippet":"max-snippet:-1","max-image-preview":"max-image-preview:large","max-video-preview":"max-video-preview:-1"},"canonical":"https:\/\/haberkuzey.com\/index.php\/2025\/08\/03\/cumhurbaskani-tatar-cozume-hazirim-diyen-once-is-birligi-demeyi-ogrenmeli\/","og_locale":"tr_TR","og_type":"article","og_title":"Cumhurba\u015fkan\u0131 Tatar: \u201c\u00c7\u00f6z\u00fcme haz\u0131r\u0131m diyen \u00f6nce \u2018i\u015f birli\u011fi\u2019 demeyi \u00f6\u011frenmeli\u201d - Haber Kuzey","og_description":"Cumhurba\u015fkan\u0131 Ersin Tatar, \u201c\u00c7\u00f6z\u00fcme haz\u0131r\u0131m iddias\u0131nda bulunan \u00f6nce \u2018i\u015f birli\u011fi\u2019 demeyi \u00f6\u011frenmeli\u201d diyerek Rum lider Hristodulidis\u2019in s\u00f6ylemlerini ele\u015ftirdi. Rum Y\u00f6netimi lideri Nikos Hristodulidis\u2019in son d\u00f6nemdeki a\u00e7\u0131klamalar\u0131na ve Mara\u015f konusundaki tutumuna ili\u015fkin de\u011ferlendirmelerde bulunan Tatar, Hristodulidis\u2019in TC D\u0131\u015fi\u015fleri Bakan\u0131 Hakan Fidan ile New York\u2019ta ger\u00e7ekle\u015ftirdi\u011fi gayriresmi temas\u0131 s\u00fcrekli g\u00fcndeme ta\u015f\u0131ma \u00e7abas\u0131n\u0131 \u201ctebess\u00fcmle takip ettiklerini\u201d belirtti. S\u00f6z [&hellip;]","og_url":"https:\/\/haberkuzey.com\/index.php\/2025\/08\/03\/cumhurbaskani-tatar-cozume-hazirim-diyen-once-is-birligi-demeyi-ogrenmeli\/","og_site_name":"Haber Kuzey","article_published_time":"2025-08-03T15:23:00+00:00","og_image":[{"url":"https:\/\/brtk.net\/wp-content\/uploads\/2025\/08\/03\/1754225782619TATAR.jpg?ver=fd82f1ca9524b02dafabddf5c42e4c77","type":"","width":"","height":""}],"author":"haberkuzey","twitter_card":"summary_large_image","twitter_misc":{"Yazan:":"haberkuzey","Tahmini okuma s\u00fcresi":"3 dakika"},"schema":{"@context":"https:\/\/schema.org","@graph":[{"@type":"Article","@id":"https:\/\/haberkuzey.com\/index.php\/2025\/08\/03\/cumhurbaskani-tatar-cozume-hazirim-diyen-once-is-birligi-demeyi-ogrenmeli\/#article","isPartOf":{"@id":"https:\/\/haberkuzey.com\/index.php\/2025\/08\/03\/cumhurbaskani-tatar-cozume-hazirim-diyen-once-is-birligi-demeyi-ogrenmeli\/"},"author":{"name":"haberkuzey","@id":"https:\/\/haberkuzey.com\/#\/schema\/person\/3372109ec735f9333f4fa47ebb9605ca"},"headline":"Cumhurba\u015fkan\u0131 Tatar: \u201c\u00c7\u00f6z\u00fcme haz\u0131r\u0131m diyen \u00f6nce \u2018i\u015f birli\u011fi\u2019 demeyi \u00f6\u011frenmeli\u201d","datePublished":"2025-08-03T15:23:00+00:00","mainEntityOfPage":{"@id":"https:\/\/haberkuzey.com\/index.php\/2025\/08\/03\/cumhurbaskani-tatar-cozume-hazirim-diyen-once-is-birligi-demeyi-ogrenmeli\/"},"wordCount":629,"commentCount":0,"image":{"@id":"https:\/\/haberkuzey.com\/index.php\/2025\/08\/03\/cumhurbaskani-tatar-cozume-hazirim-diyen-once-is-birligi-demeyi-ogrenmeli\/#primaryimage"},"thumbnailUrl":"https:\/\/haberkuzey.com\/wp-content\/uploads\/2025\/08\/1754225782619TATAR.jpg","articleSection":["K\u0131br\u0131s"],"inLanguage":"tr","potentialAction":[{"@type":"CommentAction","name":"Comment","target":["https:\/\/haberkuzey.com\/index.php\/2025\/08\/03\/cumhurbaskani-tatar-cozume-hazirim-diyen-once-is-birligi-demeyi-ogrenmeli\/#respond"]}]},{"@type":"WebPage","@id":"https:\/\/haberkuzey.com\/index.php\/2025\/08\/03\/cumhurbaskani-tatar-cozume-hazirim-diyen-once-is-birligi-demeyi-ogrenmeli\/","url":"https:\/\/haberkuzey.com\/index.php\/2025\/08\/03\/cumhurbaskani-tatar-cozume-hazirim-diyen-once-is-birligi-demeyi-ogrenmeli\/","name":"Cumhurba\u015fkan\u0131 Tatar: \u201c\u00c7\u00f6z\u00fcme haz\u0131r\u0131m diyen \u00f6nce \u2018i\u015f birli\u011fi\u2019 demeyi \u00f6\u011frenmeli\u201d - Haber Kuzey","isPartOf":{"@id":"https:\/\/haberkuzey.com\/#website"},"primaryImageOfPage":{"@id":"https:\/\/haberkuzey.com\/index.php\/2025\/08\/03\/cumhurbaskani-tatar-cozume-hazirim-diyen-once-is-birligi-demeyi-ogrenmeli\/#primaryimage"},"image":{"@id":"https:\/\/haberkuzey.com\/index.php\/2025\/08\/03\/cumhurbaskani-tatar-cozume-hazirim-diyen-once-is-birligi-demeyi-ogrenmeli\/#primaryimage"},"thumbnailUrl":"https:\/\/haberkuzey.com\/wp-content\/uploads\/2025\/08\/1754225782619TATAR.jpg","datePublished":"2025-08-03T15:23:00+00:00","author":{"@id":"https:\/\/haberkuzey.com\/#\/schema\/person\/3372109ec735f9333f4fa47ebb9605ca"},"breadcrumb":{"@id":"https:\/\/haberkuzey.com\/index.php\/2025\/08\/03\/cumhurbaskani-tatar-cozume-hazirim-diyen-once-is-birligi-demeyi-ogrenmeli\/#breadcrumb"},"inLanguage":"tr","potentialAction":[{"@type":"ReadAction","target":["https:\/\/haberkuzey.com\/index.php\/2025\/08\/03\/cumhurbaskani-tatar-cozume-hazirim-diyen-once-is-birligi-demeyi-ogrenmeli\/"]}]},{"@type":"ImageObject","inLanguage":"tr","@id":"https:\/\/haberkuzey.com\/index.php\/2025\/08\/03\/cumhurbaskani-tatar-cozume-hazirim-diyen-once-is-birligi-demeyi-ogrenmeli\/#primaryimage","url":"https:\/\/haberkuzey.com\/wp-content\/uploads\/2025\/08\/1754225782619TATAR.jpg","contentUrl":"https:\/\/haberkuzey.com\/wp-content\/uploads\/2025\/08\/1754225782619TATAR.jpg","width":1600,"height":1066},{"@type":"BreadcrumbList","@id":"https:\/\/haberkuzey.com\/index.php\/2025\/08\/03\/cumhurbaskani-tatar-cozume-hazirim-diyen-once-is-birligi-demeyi-ogrenmeli\/#breadcrumb","itemListElement":[{"@type":"ListItem","position":1,"name":"Anasayfa","item":"https:\/\/haberkuzey.com\/"},{"@type":"ListItem","position":2,"name":"Cumhurba\u015fkan\u0131 Tatar: \u201c\u00c7\u00f6z\u00fcme haz\u0131r\u0131m diyen \u00f6nce \u2018i\u015f birli\u011fi\u2019 demeyi \u00f6\u011frenmeli\u201d"}]},{"@type":"WebSite","@id":"https:\/\/haberkuzey.com\/#website","url":"https:\/\/haberkuzey.com\/","name":"Haber Kuzey","description":"Do\u011fru Haberin Adresi","potentialAction":[{"@type":"SearchAction","target":{"@type":"EntryPoint","urlTemplate":"https:\/\/haberkuzey.com\/?s={search_term_string}"},"query-input":{"@type":"PropertyValueSpecification","valueRequired":true,"valueName":"search_term_string"}}],"inLanguage":"tr"},{"@type":"Person","@id":"https:\/\/haberkuzey.com\/#\/schema\/person\/3372109ec735f9333f4fa47ebb9605ca","name":"haberkuzey","image":{"@type":"ImageObject","inLanguage":"tr","@id":"https:\/\/secure.gravatar.com\/avatar\/f5fc875574b1575324358c3b9e6a32b8227aa5b74f3fa22e3cadb63e26fcc39c?s=96&d=mm&r=g","url":"https:\/\/secure.gravatar.com\/avatar\/f5fc875574b1575324358c3b9e6a32b8227aa5b74f3fa22e3cadb63e26fcc39c?s=96&d=mm&r=g","contentUrl":"https:\/\/secure.gravatar.com\/avatar\/f5fc875574b1575324358c3b9e6a32b8227aa5b74f3fa22e3cadb63e26fcc39c?s=96&d=mm&r=g","caption":"haberkuzey"},"sameAs":["https:\/\/haberkuzey.com"],"url":"https:\/\/haberkuzey.com\/index.php\/author\/haberkuzey\/"}]}},"_links":{"self":[{"href":"https:\/\/haberkuzey.com\/index.php\/wp-json\/wp\/v2\/posts\/28882","targetHints":{"allow":["GET"]}}],"collection":[{"href":"https:\/\/haberkuzey.com\/index.php\/wp-json\/wp\/v2\/posts"}],"about":[{"href":"https:\/\/haberkuzey.com\/index.php\/wp-json\/wp\/v2\/types\/post"}],"author":[{"embeddable":true,"href":"https:\/\/haberkuzey.com\/index.php\/wp-json\/wp\/v2\/users\/1"}],"replies":[{"embeddable":true,"href":"https:\/\/haberkuzey.com\/index.php\/wp-json\/wp\/v2\/comments?post=28882"}],"version-history":[{"count":0,"href":"https:\/\/haberkuzey.com\/index.php\/wp-json\/wp\/v2\/posts\/28882\/revisions"}],"wp:featuredmedia":[{"embeddable":true,"href":"https:\/\/haberkuzey.com\/index.php\/wp-json\/wp\/v2\/media\/28883"}],"wp:attachment":[{"href":"https:\/\/haberkuzey.com\/index.php\/wp-json\/wp\/v2\/media?parent=28882"}],"wp:term":[{"taxonomy":"category","embeddable":true,"href":"https:\/\/haberkuzey.com\/index.php\/wp-json\/wp\/v2\/categories?post=28882"},{"taxonomy":"post_tag","embeddable":true,"href":"https:\/\/haberkuzey.com\/index.php\/wp-json\/wp\/v2\/tags?post=28882"}],"curies":[{"name":"wp","href":"https:\/\/api.w.org\/{rel}","templated":true}]}}