{"id":28782,"date":"2025-08-01T12:33:26","date_gmt":"2025-08-01T09:33:26","guid":{"rendered":"https:\/\/haberkuzey.com\/index.php\/2025\/08\/01\/basbakan-ustel-provokatif-suclara-goz-yumulmayacak-kktc-yargisi-bagimsiz-ve-yetkilidir\/"},"modified":"2025-08-01T12:33:26","modified_gmt":"2025-08-01T09:33:26","slug":"basbakan-ustel-provokatif-suclara-goz-yumulmayacak-kktc-yargisi-bagimsiz-ve-yetkilidir","status":"publish","type":"post","link":"https:\/\/haberkuzey.com\/index.php\/2025\/08\/01\/basbakan-ustel-provokatif-suclara-goz-yumulmayacak-kktc-yargisi-bagimsiz-ve-yetkilidir\/","title":{"rendered":"Ba\u015fbakan \u00dcstel: \u201cProvokatif su\u00e7lara g\u00f6z yumulmayacak. KKTC, yarg\u0131s\u0131 ba\u011f\u0131ms\u0131z ve yetkilidir\u201d"},"content":{"rendered":"<div>\n<div class=\"mariselle-image-container center\">\n                                            <\/div>\n<p>Ba\u015fbakan \u00dcnal \u00dcstel, K\u0131br\u0131s Rum liderli\u011finin, Kuzey K\u0131br\u0131s T\u00fcrk Cumhuriyeti\u2019nin egemenlik alan\u0131 i\u00e7erisinde ger\u00e7ekle\u015ftirilen tamamen yasal ve me\u015fru adli i\u015flemleri \u201cplanl\u0131 ve provokatif bir eylem\u201d olarak tan\u0131mlamas\u0131n\u0131 ele\u015ftirerek, \u201cKKTC yarg\u0131s\u0131 ba\u011f\u0131ms\u0131z ve yetkilidir\u201d dedi.<\/p>\n<p>\u00dcstel bug\u00fcn yapt\u0131\u011f\u0131 a\u00e7\u0131klamada, K\u0131br\u0131s Rum liderli\u011finin, Kuzey K\u0131br\u0131s T\u00fcrk Cumhuriyeti\u2019nde tutuklanan Rumlarla ilgili a\u00e7\u0131klamalar\u0131n\u0131n ciddiyetten uzak, siyasi bir manip\u00fclasyondan ibaret oldu\u011funu s\u00f6yledi. \u00dcstel, \u201cS\u00f6z konusu \u015fah\u0131slar, KKTC s\u0131n\u0131rlar\u0131 i\u00e7inde yasalar\u0131 ihlal ettikleri gerek\u00e7esiyle, hukuk devleti ilkeleri \u00e7er\u00e7evesinde yarg\u0131 \u00f6n\u00fcne \u00e7\u0131kar\u0131lm\u0131\u015ft\u0131r. Hi\u00e7 kimsenin etnik k\u00f6keni ya da siyasi aidiyeti, hukukun \u00fcst\u00fcnde de\u011fildir\u201d dedi.<\/p>\n<p>KKTC polisinin titizlikle y\u00fcr\u00fctt\u00fc\u011f\u00fc ba\u015far\u0131l\u0131 operasyonun ard\u0131ndan elde edilen deliller do\u011frultusunda adli s\u00fcre\u00e7 ba\u015flat\u0131ld\u0131\u011f\u0131na i\u015faret eden \u00dcstel, soru\u015fturmalar\u0131n derinle\u015ftirilmesi sonucunda ilgili \u015fah\u0131slar hakk\u0131nda yasal tutuklama kararlar\u0131 al\u0131nd\u0131\u011f\u0131n\u0131 belirtti.<\/p>\n<p>Ba\u015fbakan \u00dcstel, t\u00fcm s\u00fcrecin, hukuk devleti prensipleri i\u00e7inde, ba\u011f\u0131ms\u0131z ve tarafs\u0131z yarg\u0131 denetiminde y\u00fcr\u00fct\u00fcld\u00fc\u011f\u00fcn\u00fc vurgularayarak \u015f\u00f6yle devam etti:<\/p>\n<p>\u201cK\u0131br\u0131s Rum y\u00f6netimi nas\u0131l kendi hukuk sistemini ve mahkemelerini tan\u0131yor ve uyguluyorsa, ayn\u0131 \u015fekilde Kuzey K\u0131br\u0131s T\u00fcrk Cumhuriyeti\u2019nin de tan\u0131nm\u0131\u015f, i\u015fler bir hukuk sistemi ve ba\u011f\u0131ms\u0131z yarg\u0131 organlar\u0131 vard\u0131r. Bu ger\u00e7eklik, kimsenin keyfine g\u00f6re yok say\u0131lamaz. KKTC mahkemeleri, anayasal teminat alt\u0131ndaki ba\u011f\u0131ms\u0131zl\u0131\u011f\u0131yla kararlar\u0131n\u0131 verir ve hi\u00e7bir d\u0131\u015f m\u00fcdahaleyi kabul etmez. Rum y\u00f6netimi, bir yandan bar\u0131\u015f ve uzla\u015f\u0131 s\u00f6ylemlerinde bulunurken di\u011fer yandan Kuzey K\u0131br\u0131s T\u00fcrk Cumhuriyeti topraklar\u0131nda yasa d\u0131\u015f\u0131 faaliyetlerde bulunan bireyleri \u201ckurban\u201d gibi sunarak hem BM Genel Sekreteri\u2019nin ba\u015flatt\u0131\u011f\u0131 diplomatik s\u00fcreci sabote etmekte, hem de toplumlararas\u0131 g\u00fcvensizli\u011fi k\u00f6r\u00fcklemektedir. Bu iki y\u00fczl\u00fc tutum, esasen ge\u00e7mi\u015ften bu yana s\u00fcregelen Rum maksimalist anlay\u0131\u015f\u0131n yeni bir tezah\u00fcr\u00fcd\u00fcr\u201d<\/p>\n<p> Ba\u015fbakan \u00dcstel, K\u0131br\u0131s Rum taraf\u0131n\u0131n, \u201cinsan haklar\u0131\u201d ve \u201culuslararas\u0131 hukuk\u201d gibi kavramlar\u0131 yaln\u0131zca siyasi \u00e7\u0131karlar\u0131na hizmet edecek \u015fekilde ara\u00e7salla\u015ft\u0131rmaktan vazge\u00e7mesi gerekti\u011fini kaydetti. \u00dcstel, \u201cE\u011fer Rum y\u00f6netimi samimi ise, 1974\u2019ten bu yana binlerce K\u0131br\u0131sl\u0131 T\u00fcrk\u2019\u00fcn m\u00fclkiyet hakk\u0131n\u0131, siyasi iradesini ve insani ihtiya\u00e7lar\u0131n\u0131 sistematik bi\u00e7imde ihlal eden politikalar\u0131n\u0131 izaha kavu\u015fturmal\u0131d\u0131r\u201d dedi.<\/p>\n<p>Kuzey K\u0131br\u0131s T\u00fcrk Cumhuriyeti\u2019nin, kendi topraklar\u0131nda hukuk ve kamu d\u00fczenini sa\u011flamak ad\u0131na gerekli t\u00fcm yasal ad\u0131mlar\u0131 atmaya devam edece\u011fini ve hi\u00e7bir d\u0131\u015f bask\u0131ya veya propaganda kampanyas\u0131na boyun e\u011fmeyece\u011fini kaydeden \u00dcstel, uluslararas\u0131 toplumun da, Rum taraf\u0131n\u0131n her f\u0131rsatta yapt\u0131\u011f\u0131 bu t\u00fcr tek tarafl\u0131 ve provokatif a\u00e7\u0131klamalar\u0131n perde arkas\u0131n\u0131 g\u00f6rmekle y\u00fck\u00fcml\u00fc oldu\u011funu vurgulad\u0131.<\/p>\n<p>Ba\u015fbakan \u00dcnal \u00dcstel \u015f\u00f6yle devam etti:<\/p>\n<p>\u201cK\u0131br\u0131s meselesinin \u00e7\u00f6z\u00fcm\u00fc, kar\u015f\u0131l\u0131kl\u0131 sayg\u0131 ve egemenlik haklar\u0131n\u0131n tan\u0131nmas\u0131yla m\u00fcmk\u00fcnd\u00fcr. KKTC, kendi halk\u0131n\u0131n g\u00fcvenli\u011fi, hukukun \u00fcst\u00fcnl\u00fc\u011f\u00fc ve toplumsal d\u00fczenin korunmas\u0131 i\u00e7in gerekli t\u00fcm ad\u0131mlar\u0131 atmaktan asla \u00e7ekinmeyecektir. Uluslararas\u0131 toplum ise, olaylar\u0131 \u00e7arp\u0131tarak aktaran ve her f\u0131rsatta tek tarafl\u0131 su\u00e7lamalarla diplomatik s\u00fcreci baltalayan Rum taraf\u0131n\u0131n ger\u00e7ek niyetini g\u00f6rmeli; b\u00f6lgesel istikrar i\u00e7in tarafs\u0131z ve ilkesel bir tutum tak\u0131nmal\u0131d\u0131r. K\u0131br\u0131s Rum y\u00f6netimi, \u2018hukuk\u2019 ad\u0131na konu\u015fmadan \u00f6nce kar\u015f\u0131s\u0131nda kurumsalla\u015fm\u0131\u015f, ba\u011f\u0131ms\u0131z bir yarg\u0131 sistemi olan bir devlet bulundu\u011funu unutmamal\u0131d\u0131r. KKTC, kendi hukuk d\u00fczeni i\u00e7inde su\u00e7la etkin m\u00fccadele y\u00fcr\u00fctmeye ve kamu g\u00fcvenli\u011fini sa\u011flamaya kararl\u0131l\u0131kla devam edecektir.\u201d<\/p>\n<\/p><\/div>\n<p><script async\n                    defer\n                    crossorigin=\"anonymous\"\n                    src=\"https:\/\/connect.facebook.net\/tr_TR\/sdk.js#xfbml=1&#038;version=v3.3\"\n            ><\/script><\/p>\n","protected":false},"excerpt":{"rendered":"<p>Ba\u015fbakan \u00dcnal \u00dcstel, K\u0131br\u0131s Rum liderli\u011finin, Kuzey K\u0131br\u0131s T\u00fcrk Cumhuriyeti\u2019nin egemenlik alan\u0131 i\u00e7erisinde ger\u00e7ekle\u015ftirilen tamamen yasal ve me\u015fru adli i\u015flemleri \u201cplanl\u0131 ve provokatif bir eylem\u201d olarak tan\u0131mlamas\u0131n\u0131 ele\u015ftirerek, \u201cKKTC yarg\u0131s\u0131 ba\u011f\u0131ms\u0131z ve yetkilidir\u201d dedi. \u00dcstel bug\u00fcn yapt\u0131\u011f\u0131 a\u00e7\u0131klamada, K\u0131br\u0131s Rum liderli\u011finin, Kuzey K\u0131br\u0131s T\u00fcrk Cumhuriyeti\u2019nde tutuklanan Rumlarla ilgili a\u00e7\u0131klamalar\u0131n\u0131n ciddiyetten uzak, siyasi bir manip\u00fclasyondan ibaret [&hellip;]<\/p>\n","protected":false},"author":1,"featured_media":26204,"comment_status":"open","ping_status":"open","sticky":false,"template":"","format":"standard","meta":{"jnews-multi-image_gallery":[],"jnews_single_post":[],"jnews_primary_category":[],"footnotes":""},"categories":[1],"tags":[],"class_list":["post-28782","post","type-post","status-publish","format-standard","has-post-thumbnail","hentry","category-kibris"],"yoast_head":"<!-- This site is optimized with the Yoast SEO plugin v27.5 - https:\/\/yoast.com\/product\/yoast-seo-wordpress\/ -->\n<title>Ba\u015fbakan \u00dcstel: \u201cProvokatif su\u00e7lara g\u00f6z yumulmayacak. KKTC, yarg\u0131s\u0131 ba\u011f\u0131ms\u0131z ve yetkilidir\u201d - Haber Kuzey<\/title>\n<meta name=\"robots\" content=\"index, follow, max-snippet:-1, max-image-preview:large, max-video-preview:-1\" \/>\n<link rel=\"canonical\" href=\"https:\/\/haberkuzey.com\/index.php\/2025\/08\/01\/basbakan-ustel-provokatif-suclara-goz-yumulmayacak-kktc-yargisi-bagimsiz-ve-yetkilidir\/\" \/>\n<meta property=\"og:locale\" content=\"tr_TR\" \/>\n<meta property=\"og:type\" content=\"article\" \/>\n<meta property=\"og:title\" content=\"Ba\u015fbakan \u00dcstel: \u201cProvokatif su\u00e7lara g\u00f6z yumulmayacak. KKTC, yarg\u0131s\u0131 ba\u011f\u0131ms\u0131z ve yetkilidir\u201d - Haber Kuzey\" \/>\n<meta property=\"og:description\" content=\"Ba\u015fbakan \u00dcnal \u00dcstel, K\u0131br\u0131s Rum liderli\u011finin, Kuzey K\u0131br\u0131s T\u00fcrk Cumhuriyeti\u2019nin egemenlik alan\u0131 i\u00e7erisinde ger\u00e7ekle\u015ftirilen tamamen yasal ve me\u015fru adli i\u015flemleri \u201cplanl\u0131 ve provokatif bir eylem\u201d olarak tan\u0131mlamas\u0131n\u0131 ele\u015ftirerek, \u201cKKTC yarg\u0131s\u0131 ba\u011f\u0131ms\u0131z ve yetkilidir\u201d dedi. \u00dcstel bug\u00fcn yapt\u0131\u011f\u0131 a\u00e7\u0131klamada, K\u0131br\u0131s Rum liderli\u011finin, Kuzey K\u0131br\u0131s T\u00fcrk Cumhuriyeti\u2019nde tutuklanan Rumlarla ilgili a\u00e7\u0131klamalar\u0131n\u0131n ciddiyetten uzak, siyasi bir manip\u00fclasyondan ibaret [&hellip;]\" \/>\n<meta property=\"og:url\" content=\"https:\/\/haberkuzey.com\/index.php\/2025\/08\/01\/basbakan-ustel-provokatif-suclara-goz-yumulmayacak-kktc-yargisi-bagimsiz-ve-yetkilidir\/\" \/>\n<meta property=\"og:site_name\" content=\"Haber Kuzey\" \/>\n<meta property=\"article:published_time\" content=\"2025-08-01T09:33:26+00:00\" \/>\n<meta property=\"og:image\" content=\"https:\/\/brtk.net\/wp-content\/uploads\/2025\/06\/19\/1750322596510Ustel.jpeg?ver=443924b23a65e66a52fe4bbe5a51dcd3\" \/>\n<meta name=\"author\" content=\"haberkuzey\" \/>\n<meta name=\"twitter:card\" content=\"summary_large_image\" \/>\n<meta name=\"twitter:label1\" content=\"Yazan:\" \/>\n\t<meta name=\"twitter:data1\" content=\"haberkuzey\" \/>\n\t<meta name=\"twitter:label2\" content=\"Tahmini okuma s\u00fcresi\" \/>\n\t<meta name=\"twitter:data2\" content=\"3 dakika\" \/>\n<script type=\"application\/ld+json\" class=\"yoast-schema-graph\">{\"@context\":\"https:\\\/\\\/schema.org\",\"@graph\":[{\"@type\":\"Article\",\"@id\":\"https:\\\/\\\/haberkuzey.com\\\/index.php\\\/2025\\\/08\\\/01\\\/basbakan-ustel-provokatif-suclara-goz-yumulmayacak-kktc-yargisi-bagimsiz-ve-yetkilidir\\\/#article\",\"isPartOf\":{\"@id\":\"https:\\\/\\\/haberkuzey.com\\\/index.php\\\/2025\\\/08\\\/01\\\/basbakan-ustel-provokatif-suclara-goz-yumulmayacak-kktc-yargisi-bagimsiz-ve-yetkilidir\\\/\"},\"author\":{\"name\":\"haberkuzey\",\"@id\":\"https:\\\/\\\/haberkuzey.com\\\/#\\\/schema\\\/person\\\/3372109ec735f9333f4fa47ebb9605ca\"},\"headline\":\"Ba\u015fbakan \u00dcstel: \u201cProvokatif su\u00e7lara g\u00f6z yumulmayacak. KKTC, yarg\u0131s\u0131 ba\u011f\u0131ms\u0131z ve yetkilidir\u201d\",\"datePublished\":\"2025-08-01T09:33:26+00:00\",\"mainEntityOfPage\":{\"@id\":\"https:\\\/\\\/haberkuzey.com\\\/index.php\\\/2025\\\/08\\\/01\\\/basbakan-ustel-provokatif-suclara-goz-yumulmayacak-kktc-yargisi-bagimsiz-ve-yetkilidir\\\/\"},\"wordCount\":686,\"commentCount\":0,\"image\":{\"@id\":\"https:\\\/\\\/haberkuzey.com\\\/index.php\\\/2025\\\/08\\\/01\\\/basbakan-ustel-provokatif-suclara-goz-yumulmayacak-kktc-yargisi-bagimsiz-ve-yetkilidir\\\/#primaryimage\"},\"thumbnailUrl\":\"https:\\\/\\\/haberkuzey.com\\\/wp-content\\\/uploads\\\/2025\\\/06\\\/1750322596510Ustel.jpeg\",\"articleSection\":[\"K\u0131br\u0131s\"],\"inLanguage\":\"tr\",\"potentialAction\":[{\"@type\":\"CommentAction\",\"name\":\"Comment\",\"target\":[\"https:\\\/\\\/haberkuzey.com\\\/index.php\\\/2025\\\/08\\\/01\\\/basbakan-ustel-provokatif-suclara-goz-yumulmayacak-kktc-yargisi-bagimsiz-ve-yetkilidir\\\/#respond\"]}]},{\"@type\":\"WebPage\",\"@id\":\"https:\\\/\\\/haberkuzey.com\\\/index.php\\\/2025\\\/08\\\/01\\\/basbakan-ustel-provokatif-suclara-goz-yumulmayacak-kktc-yargisi-bagimsiz-ve-yetkilidir\\\/\",\"url\":\"https:\\\/\\\/haberkuzey.com\\\/index.php\\\/2025\\\/08\\\/01\\\/basbakan-ustel-provokatif-suclara-goz-yumulmayacak-kktc-yargisi-bagimsiz-ve-yetkilidir\\\/\",\"name\":\"Ba\u015fbakan \u00dcstel: \u201cProvokatif su\u00e7lara g\u00f6z yumulmayacak. KKTC, yarg\u0131s\u0131 ba\u011f\u0131ms\u0131z ve yetkilidir\u201d - Haber Kuzey\",\"isPartOf\":{\"@id\":\"https:\\\/\\\/haberkuzey.com\\\/#website\"},\"primaryImageOfPage\":{\"@id\":\"https:\\\/\\\/haberkuzey.com\\\/index.php\\\/2025\\\/08\\\/01\\\/basbakan-ustel-provokatif-suclara-goz-yumulmayacak-kktc-yargisi-bagimsiz-ve-yetkilidir\\\/#primaryimage\"},\"image\":{\"@id\":\"https:\\\/\\\/haberkuzey.com\\\/index.php\\\/2025\\\/08\\\/01\\\/basbakan-ustel-provokatif-suclara-goz-yumulmayacak-kktc-yargisi-bagimsiz-ve-yetkilidir\\\/#primaryimage\"},\"thumbnailUrl\":\"https:\\\/\\\/haberkuzey.com\\\/wp-content\\\/uploads\\\/2025\\\/06\\\/1750322596510Ustel.jpeg\",\"datePublished\":\"2025-08-01T09:33:26+00:00\",\"author\":{\"@id\":\"https:\\\/\\\/haberkuzey.com\\\/#\\\/schema\\\/person\\\/3372109ec735f9333f4fa47ebb9605ca\"},\"breadcrumb\":{\"@id\":\"https:\\\/\\\/haberkuzey.com\\\/index.php\\\/2025\\\/08\\\/01\\\/basbakan-ustel-provokatif-suclara-goz-yumulmayacak-kktc-yargisi-bagimsiz-ve-yetkilidir\\\/#breadcrumb\"},\"inLanguage\":\"tr\",\"potentialAction\":[{\"@type\":\"ReadAction\",\"target\":[\"https:\\\/\\\/haberkuzey.com\\\/index.php\\\/2025\\\/08\\\/01\\\/basbakan-ustel-provokatif-suclara-goz-yumulmayacak-kktc-yargisi-bagimsiz-ve-yetkilidir\\\/\"]}]},{\"@type\":\"ImageObject\",\"inLanguage\":\"tr\",\"@id\":\"https:\\\/\\\/haberkuzey.com\\\/index.php\\\/2025\\\/08\\\/01\\\/basbakan-ustel-provokatif-suclara-goz-yumulmayacak-kktc-yargisi-bagimsiz-ve-yetkilidir\\\/#primaryimage\",\"url\":\"https:\\\/\\\/haberkuzey.com\\\/wp-content\\\/uploads\\\/2025\\\/06\\\/1750322596510Ustel.jpeg\",\"contentUrl\":\"https:\\\/\\\/haberkuzey.com\\\/wp-content\\\/uploads\\\/2025\\\/06\\\/1750322596510Ustel.jpeg\",\"width\":929,\"height\":540},{\"@type\":\"BreadcrumbList\",\"@id\":\"https:\\\/\\\/haberkuzey.com\\\/index.php\\\/2025\\\/08\\\/01\\\/basbakan-ustel-provokatif-suclara-goz-yumulmayacak-kktc-yargisi-bagimsiz-ve-yetkilidir\\\/#breadcrumb\",\"itemListElement\":[{\"@type\":\"ListItem\",\"position\":1,\"name\":\"Anasayfa\",\"item\":\"https:\\\/\\\/haberkuzey.com\\\/\"},{\"@type\":\"ListItem\",\"position\":2,\"name\":\"Ba\u015fbakan \u00dcstel: \u201cProvokatif su\u00e7lara g\u00f6z yumulmayacak. KKTC, yarg\u0131s\u0131 ba\u011f\u0131ms\u0131z ve yetkilidir\u201d\"}]},{\"@type\":\"WebSite\",\"@id\":\"https:\\\/\\\/haberkuzey.com\\\/#website\",\"url\":\"https:\\\/\\\/haberkuzey.com\\\/\",\"name\":\"Haber Kuzey\",\"description\":\"Do\u011fru Haberin Adresi\",\"potentialAction\":[{\"@type\":\"SearchAction\",\"target\":{\"@type\":\"EntryPoint\",\"urlTemplate\":\"https:\\\/\\\/haberkuzey.com\\\/?s={search_term_string}\"},\"query-input\":{\"@type\":\"PropertyValueSpecification\",\"valueRequired\":true,\"valueName\":\"search_term_string\"}}],\"inLanguage\":\"tr\"},{\"@type\":\"Person\",\"@id\":\"https:\\\/\\\/haberkuzey.com\\\/#\\\/schema\\\/person\\\/3372109ec735f9333f4fa47ebb9605ca\",\"name\":\"haberkuzey\",\"image\":{\"@type\":\"ImageObject\",\"inLanguage\":\"tr\",\"@id\":\"https:\\\/\\\/secure.gravatar.com\\\/avatar\\\/f5fc875574b1575324358c3b9e6a32b8227aa5b74f3fa22e3cadb63e26fcc39c?s=96&d=mm&r=g\",\"url\":\"https:\\\/\\\/secure.gravatar.com\\\/avatar\\\/f5fc875574b1575324358c3b9e6a32b8227aa5b74f3fa22e3cadb63e26fcc39c?s=96&d=mm&r=g\",\"contentUrl\":\"https:\\\/\\\/secure.gravatar.com\\\/avatar\\\/f5fc875574b1575324358c3b9e6a32b8227aa5b74f3fa22e3cadb63e26fcc39c?s=96&d=mm&r=g\",\"caption\":\"haberkuzey\"},\"sameAs\":[\"https:\\\/\\\/haberkuzey.com\"],\"url\":\"https:\\\/\\\/haberkuzey.com\\\/index.php\\\/author\\\/haberkuzey\\\/\"}]}<\/script>\n<!-- \/ Yoast SEO plugin. -->","yoast_head_json":{"title":"Ba\u015fbakan \u00dcstel: \u201cProvokatif su\u00e7lara g\u00f6z yumulmayacak. KKTC, yarg\u0131s\u0131 ba\u011f\u0131ms\u0131z ve yetkilidir\u201d - Haber Kuzey","robots":{"index":"index","follow":"follow","max-snippet":"max-snippet:-1","max-image-preview":"max-image-preview:large","max-video-preview":"max-video-preview:-1"},"canonical":"https:\/\/haberkuzey.com\/index.php\/2025\/08\/01\/basbakan-ustel-provokatif-suclara-goz-yumulmayacak-kktc-yargisi-bagimsiz-ve-yetkilidir\/","og_locale":"tr_TR","og_type":"article","og_title":"Ba\u015fbakan \u00dcstel: \u201cProvokatif su\u00e7lara g\u00f6z yumulmayacak. KKTC, yarg\u0131s\u0131 ba\u011f\u0131ms\u0131z ve yetkilidir\u201d - Haber Kuzey","og_description":"Ba\u015fbakan \u00dcnal \u00dcstel, K\u0131br\u0131s Rum liderli\u011finin, Kuzey K\u0131br\u0131s T\u00fcrk Cumhuriyeti\u2019nin egemenlik alan\u0131 i\u00e7erisinde ger\u00e7ekle\u015ftirilen tamamen yasal ve me\u015fru adli i\u015flemleri \u201cplanl\u0131 ve provokatif bir eylem\u201d olarak tan\u0131mlamas\u0131n\u0131 ele\u015ftirerek, \u201cKKTC yarg\u0131s\u0131 ba\u011f\u0131ms\u0131z ve yetkilidir\u201d dedi. \u00dcstel bug\u00fcn yapt\u0131\u011f\u0131 a\u00e7\u0131klamada, K\u0131br\u0131s Rum liderli\u011finin, Kuzey K\u0131br\u0131s T\u00fcrk Cumhuriyeti\u2019nde tutuklanan Rumlarla ilgili a\u00e7\u0131klamalar\u0131n\u0131n ciddiyetten uzak, siyasi bir manip\u00fclasyondan ibaret [&hellip;]","og_url":"https:\/\/haberkuzey.com\/index.php\/2025\/08\/01\/basbakan-ustel-provokatif-suclara-goz-yumulmayacak-kktc-yargisi-bagimsiz-ve-yetkilidir\/","og_site_name":"Haber Kuzey","article_published_time":"2025-08-01T09:33:26+00:00","og_image":[{"url":"https:\/\/brtk.net\/wp-content\/uploads\/2025\/06\/19\/1750322596510Ustel.jpeg?ver=443924b23a65e66a52fe4bbe5a51dcd3","type":"","width":"","height":""}],"author":"haberkuzey","twitter_card":"summary_large_image","twitter_misc":{"Yazan:":"haberkuzey","Tahmini okuma s\u00fcresi":"3 dakika"},"schema":{"@context":"https:\/\/schema.org","@graph":[{"@type":"Article","@id":"https:\/\/haberkuzey.com\/index.php\/2025\/08\/01\/basbakan-ustel-provokatif-suclara-goz-yumulmayacak-kktc-yargisi-bagimsiz-ve-yetkilidir\/#article","isPartOf":{"@id":"https:\/\/haberkuzey.com\/index.php\/2025\/08\/01\/basbakan-ustel-provokatif-suclara-goz-yumulmayacak-kktc-yargisi-bagimsiz-ve-yetkilidir\/"},"author":{"name":"haberkuzey","@id":"https:\/\/haberkuzey.com\/#\/schema\/person\/3372109ec735f9333f4fa47ebb9605ca"},"headline":"Ba\u015fbakan \u00dcstel: \u201cProvokatif su\u00e7lara g\u00f6z yumulmayacak. KKTC, yarg\u0131s\u0131 ba\u011f\u0131ms\u0131z ve yetkilidir\u201d","datePublished":"2025-08-01T09:33:26+00:00","mainEntityOfPage":{"@id":"https:\/\/haberkuzey.com\/index.php\/2025\/08\/01\/basbakan-ustel-provokatif-suclara-goz-yumulmayacak-kktc-yargisi-bagimsiz-ve-yetkilidir\/"},"wordCount":686,"commentCount":0,"image":{"@id":"https:\/\/haberkuzey.com\/index.php\/2025\/08\/01\/basbakan-ustel-provokatif-suclara-goz-yumulmayacak-kktc-yargisi-bagimsiz-ve-yetkilidir\/#primaryimage"},"thumbnailUrl":"https:\/\/haberkuzey.com\/wp-content\/uploads\/2025\/06\/1750322596510Ustel.jpeg","articleSection":["K\u0131br\u0131s"],"inLanguage":"tr","potentialAction":[{"@type":"CommentAction","name":"Comment","target":["https:\/\/haberkuzey.com\/index.php\/2025\/08\/01\/basbakan-ustel-provokatif-suclara-goz-yumulmayacak-kktc-yargisi-bagimsiz-ve-yetkilidir\/#respond"]}]},{"@type":"WebPage","@id":"https:\/\/haberkuzey.com\/index.php\/2025\/08\/01\/basbakan-ustel-provokatif-suclara-goz-yumulmayacak-kktc-yargisi-bagimsiz-ve-yetkilidir\/","url":"https:\/\/haberkuzey.com\/index.php\/2025\/08\/01\/basbakan-ustel-provokatif-suclara-goz-yumulmayacak-kktc-yargisi-bagimsiz-ve-yetkilidir\/","name":"Ba\u015fbakan \u00dcstel: \u201cProvokatif su\u00e7lara g\u00f6z yumulmayacak. KKTC, yarg\u0131s\u0131 ba\u011f\u0131ms\u0131z ve yetkilidir\u201d - Haber Kuzey","isPartOf":{"@id":"https:\/\/haberkuzey.com\/#website"},"primaryImageOfPage":{"@id":"https:\/\/haberkuzey.com\/index.php\/2025\/08\/01\/basbakan-ustel-provokatif-suclara-goz-yumulmayacak-kktc-yargisi-bagimsiz-ve-yetkilidir\/#primaryimage"},"image":{"@id":"https:\/\/haberkuzey.com\/index.php\/2025\/08\/01\/basbakan-ustel-provokatif-suclara-goz-yumulmayacak-kktc-yargisi-bagimsiz-ve-yetkilidir\/#primaryimage"},"thumbnailUrl":"https:\/\/haberkuzey.com\/wp-content\/uploads\/2025\/06\/1750322596510Ustel.jpeg","datePublished":"2025-08-01T09:33:26+00:00","author":{"@id":"https:\/\/haberkuzey.com\/#\/schema\/person\/3372109ec735f9333f4fa47ebb9605ca"},"breadcrumb":{"@id":"https:\/\/haberkuzey.com\/index.php\/2025\/08\/01\/basbakan-ustel-provokatif-suclara-goz-yumulmayacak-kktc-yargisi-bagimsiz-ve-yetkilidir\/#breadcrumb"},"inLanguage":"tr","potentialAction":[{"@type":"ReadAction","target":["https:\/\/haberkuzey.com\/index.php\/2025\/08\/01\/basbakan-ustel-provokatif-suclara-goz-yumulmayacak-kktc-yargisi-bagimsiz-ve-yetkilidir\/"]}]},{"@type":"ImageObject","inLanguage":"tr","@id":"https:\/\/haberkuzey.com\/index.php\/2025\/08\/01\/basbakan-ustel-provokatif-suclara-goz-yumulmayacak-kktc-yargisi-bagimsiz-ve-yetkilidir\/#primaryimage","url":"https:\/\/haberkuzey.com\/wp-content\/uploads\/2025\/06\/1750322596510Ustel.jpeg","contentUrl":"https:\/\/haberkuzey.com\/wp-content\/uploads\/2025\/06\/1750322596510Ustel.jpeg","width":929,"height":540},{"@type":"BreadcrumbList","@id":"https:\/\/haberkuzey.com\/index.php\/2025\/08\/01\/basbakan-ustel-provokatif-suclara-goz-yumulmayacak-kktc-yargisi-bagimsiz-ve-yetkilidir\/#breadcrumb","itemListElement":[{"@type":"ListItem","position":1,"name":"Anasayfa","item":"https:\/\/haberkuzey.com\/"},{"@type":"ListItem","position":2,"name":"Ba\u015fbakan \u00dcstel: \u201cProvokatif su\u00e7lara g\u00f6z yumulmayacak. KKTC, yarg\u0131s\u0131 ba\u011f\u0131ms\u0131z ve yetkilidir\u201d"}]},{"@type":"WebSite","@id":"https:\/\/haberkuzey.com\/#website","url":"https:\/\/haberkuzey.com\/","name":"Haber Kuzey","description":"Do\u011fru Haberin Adresi","potentialAction":[{"@type":"SearchAction","target":{"@type":"EntryPoint","urlTemplate":"https:\/\/haberkuzey.com\/?s={search_term_string}"},"query-input":{"@type":"PropertyValueSpecification","valueRequired":true,"valueName":"search_term_string"}}],"inLanguage":"tr"},{"@type":"Person","@id":"https:\/\/haberkuzey.com\/#\/schema\/person\/3372109ec735f9333f4fa47ebb9605ca","name":"haberkuzey","image":{"@type":"ImageObject","inLanguage":"tr","@id":"https:\/\/secure.gravatar.com\/avatar\/f5fc875574b1575324358c3b9e6a32b8227aa5b74f3fa22e3cadb63e26fcc39c?s=96&d=mm&r=g","url":"https:\/\/secure.gravatar.com\/avatar\/f5fc875574b1575324358c3b9e6a32b8227aa5b74f3fa22e3cadb63e26fcc39c?s=96&d=mm&r=g","contentUrl":"https:\/\/secure.gravatar.com\/avatar\/f5fc875574b1575324358c3b9e6a32b8227aa5b74f3fa22e3cadb63e26fcc39c?s=96&d=mm&r=g","caption":"haberkuzey"},"sameAs":["https:\/\/haberkuzey.com"],"url":"https:\/\/haberkuzey.com\/index.php\/author\/haberkuzey\/"}]}},"_links":{"self":[{"href":"https:\/\/haberkuzey.com\/index.php\/wp-json\/wp\/v2\/posts\/28782","targetHints":{"allow":["GET"]}}],"collection":[{"href":"https:\/\/haberkuzey.com\/index.php\/wp-json\/wp\/v2\/posts"}],"about":[{"href":"https:\/\/haberkuzey.com\/index.php\/wp-json\/wp\/v2\/types\/post"}],"author":[{"embeddable":true,"href":"https:\/\/haberkuzey.com\/index.php\/wp-json\/wp\/v2\/users\/1"}],"replies":[{"embeddable":true,"href":"https:\/\/haberkuzey.com\/index.php\/wp-json\/wp\/v2\/comments?post=28782"}],"version-history":[{"count":0,"href":"https:\/\/haberkuzey.com\/index.php\/wp-json\/wp\/v2\/posts\/28782\/revisions"}],"wp:featuredmedia":[{"embeddable":true,"href":"https:\/\/haberkuzey.com\/index.php\/wp-json\/wp\/v2\/media\/26204"}],"wp:attachment":[{"href":"https:\/\/haberkuzey.com\/index.php\/wp-json\/wp\/v2\/media?parent=28782"}],"wp:term":[{"taxonomy":"category","embeddable":true,"href":"https:\/\/haberkuzey.com\/index.php\/wp-json\/wp\/v2\/categories?post=28782"},{"taxonomy":"post_tag","embeddable":true,"href":"https:\/\/haberkuzey.com\/index.php\/wp-json\/wp\/v2\/tags?post=28782"}],"curies":[{"name":"wp","href":"https:\/\/api.w.org\/{rel}","templated":true}]}}