{"id":28765,"date":"2025-07-31T23:41:29","date_gmt":"2025-07-31T20:41:29","guid":{"rendered":"https:\/\/haberkuzey.com\/index.php\/2025\/07\/31\/besiktas-uefa-avrupa-ligine-veda-etti\/"},"modified":"2025-07-31T23:41:29","modified_gmt":"2025-07-31T20:41:29","slug":"besiktas-uefa-avrupa-ligine-veda-etti","status":"publish","type":"post","link":"https:\/\/haberkuzey.com\/index.php\/2025\/07\/31\/besiktas-uefa-avrupa-ligine-veda-etti\/","title":{"rendered":"Be\u015fikta\u015f, UEFA Avrupa Ligi&#039;ne veda etti"},"content":{"rendered":"<p><\/p>\n<div>\n<p>&#13;<br \/>\n\t\u0130stanbul&#8217;daki 4-2&#8217;lik ma\u00e7\u0131n Polonya&#8217;n\u0131n Krakow \u015fehrinde oynanan r\u00f6van\u015f\u0131n\u0131n 12. dakikas\u0131nda Kevin, 45+2&#8217;de Elias&#8217;\u0131n golleriyle soyunma odas\u0131na 2-0 \u00f6nde giden Ukrayna ekibi, m\u00fccadeleyi bu skorla kazanarak UEFA Avrupa Kupas\u0131&#8217;nda yoluna devam etti.<\/p>\n<p>&#13;<br \/>\n\t\u0130kinci yar\u0131ya Demir Ege T\u0131knaz-Amir Hadziahmetovic de\u011fi\u015fikli\u011fiyle ba\u015flayan Be\u015fikta\u015f, kalan dakikalarda turu getirecek golleri bulamay\u0131nca organizasyondan elendi.<\/p>\n<h2>&#13;<br \/>\n\tSezon parlak ba\u015flamad\u0131<\/h2>\n<p>&#13;<br \/>\n\t2025-26 sezonun ilk resmi ma\u00e7lar\u0131n\u0131 Shakhtar Donetsk ile oynayan siyah-beyazl\u0131 ekip, rakibiyle oynad\u0131\u011f\u0131 iki ma\u00e7ta da varl\u0131k g\u00f6steremedi.<\/p>\n<p>&#13;<br \/>\n\t\u0130ki m\u00fcsabakada ald\u0131\u011f\u0131 yenilgilerle taraftar\u0131n\u0131n tepkisini \u00e7eken Be\u015fikta\u015f, kalesini de gole kapatamad\u0131. \u0130lk ma\u00e7ta Ukraynal\u0131 rakibinden 4 gol yiyen Be\u015fikta\u015f, ikinci ma\u00e7ta da kalesinde 2 gol g\u00f6rd\u00fc.<\/p>\n<h2>&#13;<br \/>\n\tBe\u015fikta\u015f, UEFA Konferans Ligi&#8217;nde<\/h2>\n<p>&#13;<br \/>\n\tShakhtar Donetsk&#8217;e elenen siyah-beyazl\u0131 ekip, Avrupa&#8217;da yoluna UEFA Konferans Ligi&#8217;nde devam edecek.<\/p>\n<p>&#13;<br \/>\n\tUEFA Konferans Ligi 3. turundan organizasyona kat\u0131lacak siyah-beyazl\u0131 ekip bu turda \u0130rlanda&#8217;n\u0131n St. Patrick&#8217;s tak\u0131m\u0131yla play-offlara kalmak i\u00e7in m\u00fccadele edecek.<\/p>\n<p>&#13;<br \/>\n\tSt. Patrick&#8217;s, UEFA Konferans Ligi ilk turunda Litvanya ekibi Hegelmann Litauen&#8217;i, 2. turunda ise Estonya&#8217;n\u0131n Kalju&#8217;yu eleyerek 3. tura y\u00fckseldi.<\/p>\n<h2>&#13;<br \/>\n\tShakhtar Donetsk yine yenilmedi<\/h2>\n<p>&#13;<br \/>\n\tT\u00fcrk tak\u0131mlar\u0131 kar\u015f\u0131s\u0131nda ma\u011flubiyet y\u00fcz\u00fc g\u00f6rmeyen Shakhtar Donetsk, bir kez daha sahadan galibiyetle ayr\u0131ld\u0131.<\/p>\n<p>&#13;<br \/>\n\tUEFA \u015eampiyonlar Ligi ve UEFA Avrupa Ligi&#8217;nde Fenerbah\u00e7e, Ba\u015fak\u015fehir, Konyaspor ve Sivasspor ile kar\u015f\u0131 kar\u015f\u0131ya gelen Ukrayna temsilcisi, bu ma\u00e7la birlikte T\u00fcrk tak\u0131mlar\u0131yla 10 kez kar\u015f\u0131la\u015f\u0131rken bu ma\u00e7lardan 9 galibiyet, 1 beraberlik ald\u0131.<\/p>\n<p>&#13;<br \/>\n\tShakhtar Donetsk, bu ma\u00e7larda kalesinde 3 gol g\u00f6r\u00fcrken toplam 23 gol sevinci ya\u015fad\u0131.<\/p>\n<h2>&#13;<br \/>\n\tUkrayna tak\u0131mlar\u0131na \u015fans\u0131 tutmuyor<\/h2>\n<p>&#13;<br \/>\n\tSiyah-beyazl\u0131 tak\u0131m, Avrupa kupalar\u0131nda Ukrayna ekipleri Dinamo Kiev ile 12, Metalist Kharkiv ve Shakhtar Donetsk ile 2&#8217;\u015fer kez olmak \u00fczere toplam 16 kez kar\u015f\u0131la\u015ft\u0131.<\/p>\n<p>&#13;<br \/>\n\t&#8220;Kara kartal&#8221;, UEFA \u015eampiyonlar Ligi, Avrupa \u015eampiyon Kul\u00fcpler Kupas\u0131, UEFA Kupas\u0131, UEFA Avrupa Ligi ve UEFA Konferans Ligi&#8217;nde oynanan bu m\u00fcsabakalarda 5 galibiyet, 2 beraberlik 9 ma\u011flubiyet ya\u015fad\u0131.<\/p>\n<p>&#13;<br \/>\n\tS\u00f6z konusu ma\u00e7larda 14 kez rakip a\u011flar\u0131 havaland\u0131ran Be\u015fikta\u015f, kalesinde ise 36 gol g\u00f6rd\u00fc.<\/p>\n<h2>&#13;<br \/>\n\tAvrupa&#8217;da yine kalesini gole kapatamad\u0131<\/h2>\n<p>&#13;<br \/>\n\tBe\u015fikta\u015f, son 3 sezonda Avrupa kupalar\u0131nda oynad\u0131\u011f\u0131 ma\u00e7larda kalesini gole kapatmakta zorluk ya\u015f\u0131yor.<\/p>\n<p>&#13;<br \/>\n\tSiyah-beyazl\u0131 ekip, s\u00f6z konusu d\u00f6nemde oynad\u0131\u011f\u0131 24 kar\u015f\u0131la\u015fmada sadece 4 ma\u00e7ta gol yemeden 90 dakikay\u0131 tamamlad\u0131.<\/p>\n<p>&#13;<br \/>\n\t2023-24 sezonunda KF Tirana, Dinamo Kiev ve Lugano ma\u00e7lar\u0131nda kalesini savunmay\u0131 ba\u015faran &#8220;Kara kartal&#8221;, 2024-2025&#8217;te ise Olimpik Lyon kar\u015f\u0131s\u0131nda m\u00fcsabakay\u0131 gol yemeden noktalad\u0131.<\/p>\n<p>&#13;<br \/>\n\tBe\u015fikta\u015f, son 24 kar\u015f\u0131la\u015fmada kalesinde 44 gol g\u00f6r\u00fcrken rakip a\u011flar\u0131 41 kez havaland\u0131rd\u0131.<\/p>\n<\/p><\/div>\n","protected":false},"excerpt":{"rendered":"<p>&#13; \u0130stanbul&#8217;daki 4-2&#8217;lik ma\u00e7\u0131n Polonya&#8217;n\u0131n Krakow \u015fehrinde oynanan r\u00f6van\u015f\u0131n\u0131n 12. dakikas\u0131nda Kevin, 45+2&#8217;de Elias&#8217;\u0131n golleriyle soyunma odas\u0131na 2-0 \u00f6nde giden Ukrayna ekibi, m\u00fccadeleyi bu skorla kazanarak UEFA Avrupa Kupas\u0131&#8217;nda yoluna devam etti. &#13; \u0130kinci yar\u0131ya Demir Ege T\u0131knaz-Amir Hadziahmetovic de\u011fi\u015fikli\u011fiyle ba\u015flayan Be\u015fikta\u015f, kalan dakikalarda turu getirecek golleri bulamay\u0131nca organizasyondan elendi. &#13; Sezon parlak ba\u015flamad\u0131 &#13; [&hellip;]<\/p>\n","protected":false},"author":1,"featured_media":28766,"comment_status":"open","ping_status":"open","sticky":false,"template":"","format":"standard","meta":{"jnews-multi-image_gallery":[],"jnews_single_post":[],"jnews_primary_category":[],"footnotes":""},"categories":[4],"tags":[],"class_list":["post-28765","post","type-post","status-publish","format-standard","has-post-thumbnail","hentry","category-spor"],"yoast_head":"<!-- This site is optimized with the Yoast SEO plugin v27.5 - https:\/\/yoast.com\/product\/yoast-seo-wordpress\/ -->\n<title>Be\u015fikta\u015f, UEFA Avrupa Ligi&#039;ne veda etti - Haber Kuzey<\/title>\n<meta name=\"robots\" content=\"index, follow, max-snippet:-1, max-image-preview:large, max-video-preview:-1\" \/>\n<link rel=\"canonical\" href=\"https:\/\/haberkuzey.com\/index.php\/2025\/07\/31\/besiktas-uefa-avrupa-ligine-veda-etti\/\" \/>\n<meta property=\"og:locale\" content=\"tr_TR\" \/>\n<meta property=\"og:type\" content=\"article\" \/>\n<meta property=\"og:title\" content=\"Be\u015fikta\u015f, UEFA Avrupa Ligi&#039;ne veda etti - Haber Kuzey\" \/>\n<meta property=\"og:description\" content=\"&#013; \u0130stanbul&#8217;daki 4-2&#8217;lik ma\u00e7\u0131n Polonya&#8217;n\u0131n Krakow \u015fehrinde oynanan r\u00f6van\u015f\u0131n\u0131n 12. dakikas\u0131nda Kevin, 45+2&#8217;de Elias&#8217;\u0131n golleriyle soyunma odas\u0131na 2-0 \u00f6nde giden Ukrayna ekibi, m\u00fccadeleyi bu skorla kazanarak UEFA Avrupa Kupas\u0131&#8217;nda yoluna devam etti. &#013; \u0130kinci yar\u0131ya Demir Ege T\u0131knaz-Amir Hadziahmetovic de\u011fi\u015fikli\u011fiyle ba\u015flayan Be\u015fikta\u015f, kalan dakikalarda turu getirecek golleri bulamay\u0131nca organizasyondan elendi. &#013; Sezon parlak ba\u015flamad\u0131 &#013; [&hellip;]\" \/>\n<meta property=\"og:url\" content=\"https:\/\/haberkuzey.com\/index.php\/2025\/07\/31\/besiktas-uefa-avrupa-ligine-veda-etti\/\" \/>\n<meta property=\"og:site_name\" content=\"Haber Kuzey\" \/>\n<meta property=\"article:published_time\" content=\"2025-07-31T20:41:29+00:00\" \/>\n<meta property=\"og:image\" content=\"https:\/\/trthaberstatic.cdn.wp.trt.com.tr\/resimler\/2384000\/besiktas-2385343.jpg\" \/>\n<meta name=\"author\" content=\"haberkuzey\" \/>\n<meta name=\"twitter:card\" content=\"summary_large_image\" \/>\n<meta name=\"twitter:label1\" content=\"Yazan:\" \/>\n\t<meta name=\"twitter:data1\" content=\"haberkuzey\" \/>\n\t<meta name=\"twitter:label2\" content=\"Tahmini okuma s\u00fcresi\" \/>\n\t<meta name=\"twitter:data2\" content=\"2 dakika\" \/>\n<script type=\"application\/ld+json\" class=\"yoast-schema-graph\">{\"@context\":\"https:\\\/\\\/schema.org\",\"@graph\":[{\"@type\":\"Article\",\"@id\":\"https:\\\/\\\/haberkuzey.com\\\/index.php\\\/2025\\\/07\\\/31\\\/besiktas-uefa-avrupa-ligine-veda-etti\\\/#article\",\"isPartOf\":{\"@id\":\"https:\\\/\\\/haberkuzey.com\\\/index.php\\\/2025\\\/07\\\/31\\\/besiktas-uefa-avrupa-ligine-veda-etti\\\/\"},\"author\":{\"name\":\"haberkuzey\",\"@id\":\"https:\\\/\\\/haberkuzey.com\\\/#\\\/schema\\\/person\\\/3372109ec735f9333f4fa47ebb9605ca\"},\"headline\":\"Be\u015fikta\u015f, UEFA Avrupa Ligi&#039;ne veda etti\",\"datePublished\":\"2025-07-31T20:41:29+00:00\",\"mainEntityOfPage\":{\"@id\":\"https:\\\/\\\/haberkuzey.com\\\/index.php\\\/2025\\\/07\\\/31\\\/besiktas-uefa-avrupa-ligine-veda-etti\\\/\"},\"wordCount\":458,\"commentCount\":0,\"image\":{\"@id\":\"https:\\\/\\\/haberkuzey.com\\\/index.php\\\/2025\\\/07\\\/31\\\/besiktas-uefa-avrupa-ligine-veda-etti\\\/#primaryimage\"},\"thumbnailUrl\":\"https:\\\/\\\/haberkuzey.com\\\/wp-content\\\/uploads\\\/2025\\\/07\\\/besiktas-2385343.jpg\",\"articleSection\":[\"Spor\"],\"inLanguage\":\"tr\",\"potentialAction\":[{\"@type\":\"CommentAction\",\"name\":\"Comment\",\"target\":[\"https:\\\/\\\/haberkuzey.com\\\/index.php\\\/2025\\\/07\\\/31\\\/besiktas-uefa-avrupa-ligine-veda-etti\\\/#respond\"]}]},{\"@type\":\"WebPage\",\"@id\":\"https:\\\/\\\/haberkuzey.com\\\/index.php\\\/2025\\\/07\\\/31\\\/besiktas-uefa-avrupa-ligine-veda-etti\\\/\",\"url\":\"https:\\\/\\\/haberkuzey.com\\\/index.php\\\/2025\\\/07\\\/31\\\/besiktas-uefa-avrupa-ligine-veda-etti\\\/\",\"name\":\"Be\u015fikta\u015f, UEFA Avrupa Ligi&#039;ne veda etti - Haber Kuzey\",\"isPartOf\":{\"@id\":\"https:\\\/\\\/haberkuzey.com\\\/#website\"},\"primaryImageOfPage\":{\"@id\":\"https:\\\/\\\/haberkuzey.com\\\/index.php\\\/2025\\\/07\\\/31\\\/besiktas-uefa-avrupa-ligine-veda-etti\\\/#primaryimage\"},\"image\":{\"@id\":\"https:\\\/\\\/haberkuzey.com\\\/index.php\\\/2025\\\/07\\\/31\\\/besiktas-uefa-avrupa-ligine-veda-etti\\\/#primaryimage\"},\"thumbnailUrl\":\"https:\\\/\\\/haberkuzey.com\\\/wp-content\\\/uploads\\\/2025\\\/07\\\/besiktas-2385343.jpg\",\"datePublished\":\"2025-07-31T20:41:29+00:00\",\"author\":{\"@id\":\"https:\\\/\\\/haberkuzey.com\\\/#\\\/schema\\\/person\\\/3372109ec735f9333f4fa47ebb9605ca\"},\"breadcrumb\":{\"@id\":\"https:\\\/\\\/haberkuzey.com\\\/index.php\\\/2025\\\/07\\\/31\\\/besiktas-uefa-avrupa-ligine-veda-etti\\\/#breadcrumb\"},\"inLanguage\":\"tr\",\"potentialAction\":[{\"@type\":\"ReadAction\",\"target\":[\"https:\\\/\\\/haberkuzey.com\\\/index.php\\\/2025\\\/07\\\/31\\\/besiktas-uefa-avrupa-ligine-veda-etti\\\/\"]}]},{\"@type\":\"ImageObject\",\"inLanguage\":\"tr\",\"@id\":\"https:\\\/\\\/haberkuzey.com\\\/index.php\\\/2025\\\/07\\\/31\\\/besiktas-uefa-avrupa-ligine-veda-etti\\\/#primaryimage\",\"url\":\"https:\\\/\\\/haberkuzey.com\\\/wp-content\\\/uploads\\\/2025\\\/07\\\/besiktas-2385343.jpg\",\"contentUrl\":\"https:\\\/\\\/haberkuzey.com\\\/wp-content\\\/uploads\\\/2025\\\/07\\\/besiktas-2385343.jpg\",\"width\":1280,\"height\":720},{\"@type\":\"BreadcrumbList\",\"@id\":\"https:\\\/\\\/haberkuzey.com\\\/index.php\\\/2025\\\/07\\\/31\\\/besiktas-uefa-avrupa-ligine-veda-etti\\\/#breadcrumb\",\"itemListElement\":[{\"@type\":\"ListItem\",\"position\":1,\"name\":\"Anasayfa\",\"item\":\"https:\\\/\\\/haberkuzey.com\\\/\"},{\"@type\":\"ListItem\",\"position\":2,\"name\":\"Be\u015fikta\u015f, UEFA Avrupa Ligi&#039;ne veda etti\"}]},{\"@type\":\"WebSite\",\"@id\":\"https:\\\/\\\/haberkuzey.com\\\/#website\",\"url\":\"https:\\\/\\\/haberkuzey.com\\\/\",\"name\":\"Haber Kuzey\",\"description\":\"Do\u011fru Haberin Adresi\",\"potentialAction\":[{\"@type\":\"SearchAction\",\"target\":{\"@type\":\"EntryPoint\",\"urlTemplate\":\"https:\\\/\\\/haberkuzey.com\\\/?s={search_term_string}\"},\"query-input\":{\"@type\":\"PropertyValueSpecification\",\"valueRequired\":true,\"valueName\":\"search_term_string\"}}],\"inLanguage\":\"tr\"},{\"@type\":\"Person\",\"@id\":\"https:\\\/\\\/haberkuzey.com\\\/#\\\/schema\\\/person\\\/3372109ec735f9333f4fa47ebb9605ca\",\"name\":\"haberkuzey\",\"image\":{\"@type\":\"ImageObject\",\"inLanguage\":\"tr\",\"@id\":\"https:\\\/\\\/secure.gravatar.com\\\/avatar\\\/f5fc875574b1575324358c3b9e6a32b8227aa5b74f3fa22e3cadb63e26fcc39c?s=96&d=mm&r=g\",\"url\":\"https:\\\/\\\/secure.gravatar.com\\\/avatar\\\/f5fc875574b1575324358c3b9e6a32b8227aa5b74f3fa22e3cadb63e26fcc39c?s=96&d=mm&r=g\",\"contentUrl\":\"https:\\\/\\\/secure.gravatar.com\\\/avatar\\\/f5fc875574b1575324358c3b9e6a32b8227aa5b74f3fa22e3cadb63e26fcc39c?s=96&d=mm&r=g\",\"caption\":\"haberkuzey\"},\"sameAs\":[\"https:\\\/\\\/haberkuzey.com\"],\"url\":\"https:\\\/\\\/haberkuzey.com\\\/index.php\\\/author\\\/haberkuzey\\\/\"}]}<\/script>\n<!-- \/ Yoast SEO plugin. -->","yoast_head_json":{"title":"Be\u015fikta\u015f, UEFA Avrupa Ligi&#039;ne veda etti - Haber Kuzey","robots":{"index":"index","follow":"follow","max-snippet":"max-snippet:-1","max-image-preview":"max-image-preview:large","max-video-preview":"max-video-preview:-1"},"canonical":"https:\/\/haberkuzey.com\/index.php\/2025\/07\/31\/besiktas-uefa-avrupa-ligine-veda-etti\/","og_locale":"tr_TR","og_type":"article","og_title":"Be\u015fikta\u015f, UEFA Avrupa Ligi&#039;ne veda etti - Haber Kuzey","og_description":"&#13; \u0130stanbul&#8217;daki 4-2&#8217;lik ma\u00e7\u0131n Polonya&#8217;n\u0131n Krakow \u015fehrinde oynanan r\u00f6van\u015f\u0131n\u0131n 12. dakikas\u0131nda Kevin, 45+2&#8217;de Elias&#8217;\u0131n golleriyle soyunma odas\u0131na 2-0 \u00f6nde giden Ukrayna ekibi, m\u00fccadeleyi bu skorla kazanarak UEFA Avrupa Kupas\u0131&#8217;nda yoluna devam etti. &#13; \u0130kinci yar\u0131ya Demir Ege T\u0131knaz-Amir Hadziahmetovic de\u011fi\u015fikli\u011fiyle ba\u015flayan Be\u015fikta\u015f, kalan dakikalarda turu getirecek golleri bulamay\u0131nca organizasyondan elendi. &#13; Sezon parlak ba\u015flamad\u0131 &#13; [&hellip;]","og_url":"https:\/\/haberkuzey.com\/index.php\/2025\/07\/31\/besiktas-uefa-avrupa-ligine-veda-etti\/","og_site_name":"Haber Kuzey","article_published_time":"2025-07-31T20:41:29+00:00","og_image":[{"url":"https:\/\/trthaberstatic.cdn.wp.trt.com.tr\/resimler\/2384000\/besiktas-2385343.jpg","type":"","width":"","height":""}],"author":"haberkuzey","twitter_card":"summary_large_image","twitter_misc":{"Yazan:":"haberkuzey","Tahmini okuma s\u00fcresi":"2 dakika"},"schema":{"@context":"https:\/\/schema.org","@graph":[{"@type":"Article","@id":"https:\/\/haberkuzey.com\/index.php\/2025\/07\/31\/besiktas-uefa-avrupa-ligine-veda-etti\/#article","isPartOf":{"@id":"https:\/\/haberkuzey.com\/index.php\/2025\/07\/31\/besiktas-uefa-avrupa-ligine-veda-etti\/"},"author":{"name":"haberkuzey","@id":"https:\/\/haberkuzey.com\/#\/schema\/person\/3372109ec735f9333f4fa47ebb9605ca"},"headline":"Be\u015fikta\u015f, UEFA Avrupa Ligi&#039;ne veda etti","datePublished":"2025-07-31T20:41:29+00:00","mainEntityOfPage":{"@id":"https:\/\/haberkuzey.com\/index.php\/2025\/07\/31\/besiktas-uefa-avrupa-ligine-veda-etti\/"},"wordCount":458,"commentCount":0,"image":{"@id":"https:\/\/haberkuzey.com\/index.php\/2025\/07\/31\/besiktas-uefa-avrupa-ligine-veda-etti\/#primaryimage"},"thumbnailUrl":"https:\/\/haberkuzey.com\/wp-content\/uploads\/2025\/07\/besiktas-2385343.jpg","articleSection":["Spor"],"inLanguage":"tr","potentialAction":[{"@type":"CommentAction","name":"Comment","target":["https:\/\/haberkuzey.com\/index.php\/2025\/07\/31\/besiktas-uefa-avrupa-ligine-veda-etti\/#respond"]}]},{"@type":"WebPage","@id":"https:\/\/haberkuzey.com\/index.php\/2025\/07\/31\/besiktas-uefa-avrupa-ligine-veda-etti\/","url":"https:\/\/haberkuzey.com\/index.php\/2025\/07\/31\/besiktas-uefa-avrupa-ligine-veda-etti\/","name":"Be\u015fikta\u015f, UEFA Avrupa Ligi&#039;ne veda etti - Haber Kuzey","isPartOf":{"@id":"https:\/\/haberkuzey.com\/#website"},"primaryImageOfPage":{"@id":"https:\/\/haberkuzey.com\/index.php\/2025\/07\/31\/besiktas-uefa-avrupa-ligine-veda-etti\/#primaryimage"},"image":{"@id":"https:\/\/haberkuzey.com\/index.php\/2025\/07\/31\/besiktas-uefa-avrupa-ligine-veda-etti\/#primaryimage"},"thumbnailUrl":"https:\/\/haberkuzey.com\/wp-content\/uploads\/2025\/07\/besiktas-2385343.jpg","datePublished":"2025-07-31T20:41:29+00:00","author":{"@id":"https:\/\/haberkuzey.com\/#\/schema\/person\/3372109ec735f9333f4fa47ebb9605ca"},"breadcrumb":{"@id":"https:\/\/haberkuzey.com\/index.php\/2025\/07\/31\/besiktas-uefa-avrupa-ligine-veda-etti\/#breadcrumb"},"inLanguage":"tr","potentialAction":[{"@type":"ReadAction","target":["https:\/\/haberkuzey.com\/index.php\/2025\/07\/31\/besiktas-uefa-avrupa-ligine-veda-etti\/"]}]},{"@type":"ImageObject","inLanguage":"tr","@id":"https:\/\/haberkuzey.com\/index.php\/2025\/07\/31\/besiktas-uefa-avrupa-ligine-veda-etti\/#primaryimage","url":"https:\/\/haberkuzey.com\/wp-content\/uploads\/2025\/07\/besiktas-2385343.jpg","contentUrl":"https:\/\/haberkuzey.com\/wp-content\/uploads\/2025\/07\/besiktas-2385343.jpg","width":1280,"height":720},{"@type":"BreadcrumbList","@id":"https:\/\/haberkuzey.com\/index.php\/2025\/07\/31\/besiktas-uefa-avrupa-ligine-veda-etti\/#breadcrumb","itemListElement":[{"@type":"ListItem","position":1,"name":"Anasayfa","item":"https:\/\/haberkuzey.com\/"},{"@type":"ListItem","position":2,"name":"Be\u015fikta\u015f, UEFA Avrupa Ligi&#039;ne veda etti"}]},{"@type":"WebSite","@id":"https:\/\/haberkuzey.com\/#website","url":"https:\/\/haberkuzey.com\/","name":"Haber Kuzey","description":"Do\u011fru Haberin Adresi","potentialAction":[{"@type":"SearchAction","target":{"@type":"EntryPoint","urlTemplate":"https:\/\/haberkuzey.com\/?s={search_term_string}"},"query-input":{"@type":"PropertyValueSpecification","valueRequired":true,"valueName":"search_term_string"}}],"inLanguage":"tr"},{"@type":"Person","@id":"https:\/\/haberkuzey.com\/#\/schema\/person\/3372109ec735f9333f4fa47ebb9605ca","name":"haberkuzey","image":{"@type":"ImageObject","inLanguage":"tr","@id":"https:\/\/secure.gravatar.com\/avatar\/f5fc875574b1575324358c3b9e6a32b8227aa5b74f3fa22e3cadb63e26fcc39c?s=96&d=mm&r=g","url":"https:\/\/secure.gravatar.com\/avatar\/f5fc875574b1575324358c3b9e6a32b8227aa5b74f3fa22e3cadb63e26fcc39c?s=96&d=mm&r=g","contentUrl":"https:\/\/secure.gravatar.com\/avatar\/f5fc875574b1575324358c3b9e6a32b8227aa5b74f3fa22e3cadb63e26fcc39c?s=96&d=mm&r=g","caption":"haberkuzey"},"sameAs":["https:\/\/haberkuzey.com"],"url":"https:\/\/haberkuzey.com\/index.php\/author\/haberkuzey\/"}]}},"_links":{"self":[{"href":"https:\/\/haberkuzey.com\/index.php\/wp-json\/wp\/v2\/posts\/28765","targetHints":{"allow":["GET"]}}],"collection":[{"href":"https:\/\/haberkuzey.com\/index.php\/wp-json\/wp\/v2\/posts"}],"about":[{"href":"https:\/\/haberkuzey.com\/index.php\/wp-json\/wp\/v2\/types\/post"}],"author":[{"embeddable":true,"href":"https:\/\/haberkuzey.com\/index.php\/wp-json\/wp\/v2\/users\/1"}],"replies":[{"embeddable":true,"href":"https:\/\/haberkuzey.com\/index.php\/wp-json\/wp\/v2\/comments?post=28765"}],"version-history":[{"count":0,"href":"https:\/\/haberkuzey.com\/index.php\/wp-json\/wp\/v2\/posts\/28765\/revisions"}],"wp:featuredmedia":[{"embeddable":true,"href":"https:\/\/haberkuzey.com\/index.php\/wp-json\/wp\/v2\/media\/28766"}],"wp:attachment":[{"href":"https:\/\/haberkuzey.com\/index.php\/wp-json\/wp\/v2\/media?parent=28765"}],"wp:term":[{"taxonomy":"category","embeddable":true,"href":"https:\/\/haberkuzey.com\/index.php\/wp-json\/wp\/v2\/categories?post=28765"},{"taxonomy":"post_tag","embeddable":true,"href":"https:\/\/haberkuzey.com\/index.php\/wp-json\/wp\/v2\/tags?post=28765"}],"curies":[{"name":"wp","href":"https:\/\/api.w.org\/{rel}","templated":true}]}}