{"id":28697,"date":"2025-07-31T06:52:33","date_gmt":"2025-07-31T03:52:33","guid":{"rendered":"https:\/\/haberkuzey.com\/index.php\/2025\/07\/31\/mormenekse-yildirim-ve-akovada-kirsal-kesim-arsalari-hak-sahiplerine-verildi\/"},"modified":"2025-07-31T06:52:33","modified_gmt":"2025-07-31T03:52:33","slug":"mormenekse-yildirim-ve-akovada-kirsal-kesim-arsalari-hak-sahiplerine-verildi","status":"publish","type":"post","link":"https:\/\/haberkuzey.com\/index.php\/2025\/07\/31\/mormenekse-yildirim-ve-akovada-kirsal-kesim-arsalari-hak-sahiplerine-verildi\/","title":{"rendered":"Mormenek\u015fe, Y\u0131ld\u0131r\u0131m ve Akova\u2019da k\u0131rsal kesim arsalar\u0131 hak sahiplerine verildi"},"content":{"rendered":"<div>\n<div class=\"mariselle-image-container center\">\n                                            <\/div>\n<p>\u00a0<\/p>\n<p>\u00a0<\/p>\n<p>Mormenek\u015fe, Y\u0131ld\u0131r\u0131m ve Akova k\u00f6ylerinde k\u0131rsal kesim arsalar\u0131, t\u00f6renlerle hak sahiplerine verildi.<\/p>\n<p>\u00a0<\/p>\n<div class=\"mariselle-image-container center\">\n                <img decoding=\"async\" width=\"1047\" height=\"473\" class=\"lazy-image\" alt=\"\" sizes=\"(max-width: 1047px) 100vw, 1047px\" src=\"https:\/\/brtk.net\/wp-content\/uploads\/2025\/07\/31\/wgsg.jpg?ver=14947fc9c09a914401836527785ebe4f\" srcset=\"https:\/\/brtk.net\/wp-content\/uploads\/2025\/07\/31\/wgsg.jpg?ver=14947fc9c09a914401836527785ebe4f 1047w, https:\/\/brtk.net\/wp-content\/uploads\/2025\/07\/31\/wgsg-300x136.jpg?ver=14947fc9c09a914401836527785ebe4f 300w, https:\/\/brtk.net\/wp-content\/uploads\/2025\/07\/31\/wgsg-1024x463.jpg?ver=14947fc9c09a914401836527785ebe4f 1024w, https:\/\/brtk.net\/wp-content\/uploads\/2025\/07\/31\/wgsg-768x347.jpg?ver=14947fc9c09a914401836527785ebe4f 768w\"\/>                            <\/div>\n<p>\u00a0<\/p>\n<p>Ba\u015fbakan \u00dcnal \u00dcstel, d\u00fczenlenen t\u00f6rende yapt\u0131\u011f\u0131 konu\u015fmada, Bakanlar Kurulu\u2019ndan ge\u00e7irdikleri yasa g\u00fcc\u00fcnde kararname ile \u00fc\u00e7\u00fcnc\u00fc \u00fclke vatanda\u015flar\u0131n\u0131n, di\u011fer \u00e7al\u0131\u015fanlarla ayni asgari \u00fccreti almayaca\u011f\u0131n\u0131n m\u00fcjdesini verdi.<\/p>\n<p>\u00a0<\/p>\n<p>Ba\u015fbakan, bug\u00fcn itibar\u0131 ile Sosyal Sigorta \u00e7al\u0131\u015fanlar\u0131on\u0131n ve emeklilerin \u00a0devlet hastanesi eczanesinden tek kuru\u015f \u00f6demeden ihtiya\u00e7 duyduklar\u0131 ila\u00e7lar\u0131 alacaklar\u0131n\u0131 belirtti.<\/p>\n<p>\u00a0<\/p>\n<p>Cumhurba\u015fkan\u0131 Ersin Tatar ise, k\u00fcresel ta\u015flar\u0131n yerinde oynad\u0131\u011f\u0131 bir \u00e7a\u011fda T\u00fcrkiye\u2019nin K\u0131br\u0131s\u2019tan geri \u00e7ekilmesinin m\u00fcmk\u00fcn olmad\u0131\u011f\u0131n\u0131 s\u00f6yleyerek, K\u0131br\u0131s\u2019ta anla\u015fma olacaksa iki devletli bir \u00e7\u00f6z\u00fcmden yana olduklar\u0131n\u0131n ve bunun i\u00e7in sava\u015fmaya devam edeceklerinin alt\u0131n\u0131 \u00e7izdi.<\/p>\n<p>\u00a0<\/p>\n<\/p><\/div>\n<p><script async\n                    defer\n                    crossorigin=\"anonymous\"\n                    src=\"https:\/\/connect.facebook.net\/tr_TR\/sdk.js#xfbml=1&#038;version=v3.3\"\n            ><\/script><\/p>\n","protected":false},"excerpt":{"rendered":"<p>\u00a0 \u00a0 Mormenek\u015fe, Y\u0131ld\u0131r\u0131m ve Akova k\u00f6ylerinde k\u0131rsal kesim arsalar\u0131, t\u00f6renlerle hak sahiplerine verildi. \u00a0 \u00a0 Ba\u015fbakan \u00dcnal \u00dcstel, d\u00fczenlenen t\u00f6rende yapt\u0131\u011f\u0131 konu\u015fmada, Bakanlar Kurulu\u2019ndan ge\u00e7irdikleri yasa g\u00fcc\u00fcnde kararname ile \u00fc\u00e7\u00fcnc\u00fc \u00fclke vatanda\u015flar\u0131n\u0131n, di\u011fer \u00e7al\u0131\u015fanlarla ayni asgari \u00fccreti almayaca\u011f\u0131n\u0131n m\u00fcjdesini verdi. \u00a0 Ba\u015fbakan, bug\u00fcn itibar\u0131 ile Sosyal Sigorta \u00e7al\u0131\u015fanlar\u0131on\u0131n ve emeklilerin \u00a0devlet hastanesi eczanesinden tek [&hellip;]<\/p>\n","protected":false},"author":1,"featured_media":28698,"comment_status":"open","ping_status":"open","sticky":false,"template":"","format":"standard","meta":{"jnews-multi-image_gallery":[],"jnews_single_post":[],"jnews_primary_category":[],"footnotes":""},"categories":[1],"tags":[],"class_list":["post-28697","post","type-post","status-publish","format-standard","has-post-thumbnail","hentry","category-kibris"],"yoast_head":"<!-- This site is optimized with the Yoast SEO plugin v27.5 - https:\/\/yoast.com\/product\/yoast-seo-wordpress\/ -->\n<title>Mormenek\u015fe, Y\u0131ld\u0131r\u0131m ve Akova\u2019da k\u0131rsal kesim arsalar\u0131 hak sahiplerine verildi - Haber Kuzey<\/title>\n<meta name=\"robots\" content=\"index, follow, max-snippet:-1, max-image-preview:large, max-video-preview:-1\" \/>\n<link rel=\"canonical\" href=\"https:\/\/haberkuzey.com\/index.php\/2025\/07\/31\/mormenekse-yildirim-ve-akovada-kirsal-kesim-arsalari-hak-sahiplerine-verildi\/\" \/>\n<meta property=\"og:locale\" content=\"tr_TR\" \/>\n<meta property=\"og:type\" content=\"article\" \/>\n<meta property=\"og:title\" content=\"Mormenek\u015fe, Y\u0131ld\u0131r\u0131m ve Akova\u2019da k\u0131rsal kesim arsalar\u0131 hak sahiplerine verildi - Haber Kuzey\" \/>\n<meta property=\"og:description\" content=\"\u00a0 \u00a0 Mormenek\u015fe, Y\u0131ld\u0131r\u0131m ve Akova k\u00f6ylerinde k\u0131rsal kesim arsalar\u0131, t\u00f6renlerle hak sahiplerine verildi. \u00a0 \u00a0 Ba\u015fbakan \u00dcnal \u00dcstel, d\u00fczenlenen t\u00f6rende yapt\u0131\u011f\u0131 konu\u015fmada, Bakanlar Kurulu\u2019ndan ge\u00e7irdikleri yasa g\u00fcc\u00fcnde kararname ile \u00fc\u00e7\u00fcnc\u00fc \u00fclke vatanda\u015flar\u0131n\u0131n, di\u011fer \u00e7al\u0131\u015fanlarla ayni asgari \u00fccreti almayaca\u011f\u0131n\u0131n m\u00fcjdesini verdi. \u00a0 Ba\u015fbakan, bug\u00fcn itibar\u0131 ile Sosyal Sigorta \u00e7al\u0131\u015fanlar\u0131on\u0131n ve emeklilerin \u00a0devlet hastanesi eczanesinden tek [&hellip;]\" \/>\n<meta property=\"og:url\" content=\"https:\/\/haberkuzey.com\/index.php\/2025\/07\/31\/mormenekse-yildirim-ve-akovada-kirsal-kesim-arsalari-hak-sahiplerine-verildi\/\" \/>\n<meta property=\"og:site_name\" content=\"Haber Kuzey\" \/>\n<meta property=\"article:published_time\" content=\"2025-07-31T03:52:33+00:00\" \/>\n<meta property=\"og:image\" content=\"https:\/\/brtk.net\/wp-content\/uploads\/2025\/07\/31\/wgsg.jpg?ver=14947fc9c09a914401836527785ebe4f\" \/>\n<meta name=\"author\" content=\"haberkuzey\" \/>\n<meta name=\"twitter:card\" content=\"summary_large_image\" \/>\n<meta name=\"twitter:label1\" content=\"Yazan:\" \/>\n\t<meta name=\"twitter:data1\" content=\"haberkuzey\" \/>\n\t<meta name=\"twitter:label2\" content=\"Tahmini okuma s\u00fcresi\" \/>\n\t<meta name=\"twitter:data2\" content=\"1 dakika\" \/>\n<script type=\"application\/ld+json\" class=\"yoast-schema-graph\">{\"@context\":\"https:\\\/\\\/schema.org\",\"@graph\":[{\"@type\":\"Article\",\"@id\":\"https:\\\/\\\/haberkuzey.com\\\/index.php\\\/2025\\\/07\\\/31\\\/mormenekse-yildirim-ve-akovada-kirsal-kesim-arsalari-hak-sahiplerine-verildi\\\/#article\",\"isPartOf\":{\"@id\":\"https:\\\/\\\/haberkuzey.com\\\/index.php\\\/2025\\\/07\\\/31\\\/mormenekse-yildirim-ve-akovada-kirsal-kesim-arsalari-hak-sahiplerine-verildi\\\/\"},\"author\":{\"name\":\"haberkuzey\",\"@id\":\"https:\\\/\\\/haberkuzey.com\\\/#\\\/schema\\\/person\\\/3372109ec735f9333f4fa47ebb9605ca\"},\"headline\":\"Mormenek\u015fe, Y\u0131ld\u0131r\u0131m ve Akova\u2019da k\u0131rsal kesim arsalar\u0131 hak sahiplerine verildi\",\"datePublished\":\"2025-07-31T03:52:33+00:00\",\"mainEntityOfPage\":{\"@id\":\"https:\\\/\\\/haberkuzey.com\\\/index.php\\\/2025\\\/07\\\/31\\\/mormenekse-yildirim-ve-akovada-kirsal-kesim-arsalari-hak-sahiplerine-verildi\\\/\"},\"wordCount\":161,\"commentCount\":0,\"image\":{\"@id\":\"https:\\\/\\\/haberkuzey.com\\\/index.php\\\/2025\\\/07\\\/31\\\/mormenekse-yildirim-ve-akovada-kirsal-kesim-arsalari-hak-sahiplerine-verildi\\\/#primaryimage\"},\"thumbnailUrl\":\"https:\\\/\\\/haberkuzey.com\\\/wp-content\\\/uploads\\\/2025\\\/07\\\/wtgwgs.jpg\",\"articleSection\":[\"K\u0131br\u0131s\"],\"inLanguage\":\"tr\",\"potentialAction\":[{\"@type\":\"CommentAction\",\"name\":\"Comment\",\"target\":[\"https:\\\/\\\/haberkuzey.com\\\/index.php\\\/2025\\\/07\\\/31\\\/mormenekse-yildirim-ve-akovada-kirsal-kesim-arsalari-hak-sahiplerine-verildi\\\/#respond\"]}]},{\"@type\":\"WebPage\",\"@id\":\"https:\\\/\\\/haberkuzey.com\\\/index.php\\\/2025\\\/07\\\/31\\\/mormenekse-yildirim-ve-akovada-kirsal-kesim-arsalari-hak-sahiplerine-verildi\\\/\",\"url\":\"https:\\\/\\\/haberkuzey.com\\\/index.php\\\/2025\\\/07\\\/31\\\/mormenekse-yildirim-ve-akovada-kirsal-kesim-arsalari-hak-sahiplerine-verildi\\\/\",\"name\":\"Mormenek\u015fe, Y\u0131ld\u0131r\u0131m ve Akova\u2019da k\u0131rsal kesim arsalar\u0131 hak sahiplerine verildi - Haber Kuzey\",\"isPartOf\":{\"@id\":\"https:\\\/\\\/haberkuzey.com\\\/#website\"},\"primaryImageOfPage\":{\"@id\":\"https:\\\/\\\/haberkuzey.com\\\/index.php\\\/2025\\\/07\\\/31\\\/mormenekse-yildirim-ve-akovada-kirsal-kesim-arsalari-hak-sahiplerine-verildi\\\/#primaryimage\"},\"image\":{\"@id\":\"https:\\\/\\\/haberkuzey.com\\\/index.php\\\/2025\\\/07\\\/31\\\/mormenekse-yildirim-ve-akovada-kirsal-kesim-arsalari-hak-sahiplerine-verildi\\\/#primaryimage\"},\"thumbnailUrl\":\"https:\\\/\\\/haberkuzey.com\\\/wp-content\\\/uploads\\\/2025\\\/07\\\/wtgwgs.jpg\",\"datePublished\":\"2025-07-31T03:52:33+00:00\",\"author\":{\"@id\":\"https:\\\/\\\/haberkuzey.com\\\/#\\\/schema\\\/person\\\/3372109ec735f9333f4fa47ebb9605ca\"},\"breadcrumb\":{\"@id\":\"https:\\\/\\\/haberkuzey.com\\\/index.php\\\/2025\\\/07\\\/31\\\/mormenekse-yildirim-ve-akovada-kirsal-kesim-arsalari-hak-sahiplerine-verildi\\\/#breadcrumb\"},\"inLanguage\":\"tr\",\"potentialAction\":[{\"@type\":\"ReadAction\",\"target\":[\"https:\\\/\\\/haberkuzey.com\\\/index.php\\\/2025\\\/07\\\/31\\\/mormenekse-yildirim-ve-akovada-kirsal-kesim-arsalari-hak-sahiplerine-verildi\\\/\"]}]},{\"@type\":\"ImageObject\",\"inLanguage\":\"tr\",\"@id\":\"https:\\\/\\\/haberkuzey.com\\\/index.php\\\/2025\\\/07\\\/31\\\/mormenekse-yildirim-ve-akovada-kirsal-kesim-arsalari-hak-sahiplerine-verildi\\\/#primaryimage\",\"url\":\"https:\\\/\\\/haberkuzey.com\\\/wp-content\\\/uploads\\\/2025\\\/07\\\/wtgwgs.jpg\",\"contentUrl\":\"https:\\\/\\\/haberkuzey.com\\\/wp-content\\\/uploads\\\/2025\\\/07\\\/wtgwgs.jpg\",\"width\":913,\"height\":376},{\"@type\":\"BreadcrumbList\",\"@id\":\"https:\\\/\\\/haberkuzey.com\\\/index.php\\\/2025\\\/07\\\/31\\\/mormenekse-yildirim-ve-akovada-kirsal-kesim-arsalari-hak-sahiplerine-verildi\\\/#breadcrumb\",\"itemListElement\":[{\"@type\":\"ListItem\",\"position\":1,\"name\":\"Anasayfa\",\"item\":\"https:\\\/\\\/haberkuzey.com\\\/\"},{\"@type\":\"ListItem\",\"position\":2,\"name\":\"Mormenek\u015fe, Y\u0131ld\u0131r\u0131m ve Akova\u2019da k\u0131rsal kesim arsalar\u0131 hak sahiplerine verildi\"}]},{\"@type\":\"WebSite\",\"@id\":\"https:\\\/\\\/haberkuzey.com\\\/#website\",\"url\":\"https:\\\/\\\/haberkuzey.com\\\/\",\"name\":\"Haber Kuzey\",\"description\":\"Do\u011fru Haberin Adresi\",\"potentialAction\":[{\"@type\":\"SearchAction\",\"target\":{\"@type\":\"EntryPoint\",\"urlTemplate\":\"https:\\\/\\\/haberkuzey.com\\\/?s={search_term_string}\"},\"query-input\":{\"@type\":\"PropertyValueSpecification\",\"valueRequired\":true,\"valueName\":\"search_term_string\"}}],\"inLanguage\":\"tr\"},{\"@type\":\"Person\",\"@id\":\"https:\\\/\\\/haberkuzey.com\\\/#\\\/schema\\\/person\\\/3372109ec735f9333f4fa47ebb9605ca\",\"name\":\"haberkuzey\",\"image\":{\"@type\":\"ImageObject\",\"inLanguage\":\"tr\",\"@id\":\"https:\\\/\\\/secure.gravatar.com\\\/avatar\\\/f5fc875574b1575324358c3b9e6a32b8227aa5b74f3fa22e3cadb63e26fcc39c?s=96&d=mm&r=g\",\"url\":\"https:\\\/\\\/secure.gravatar.com\\\/avatar\\\/f5fc875574b1575324358c3b9e6a32b8227aa5b74f3fa22e3cadb63e26fcc39c?s=96&d=mm&r=g\",\"contentUrl\":\"https:\\\/\\\/secure.gravatar.com\\\/avatar\\\/f5fc875574b1575324358c3b9e6a32b8227aa5b74f3fa22e3cadb63e26fcc39c?s=96&d=mm&r=g\",\"caption\":\"haberkuzey\"},\"sameAs\":[\"https:\\\/\\\/haberkuzey.com\"],\"url\":\"https:\\\/\\\/haberkuzey.com\\\/index.php\\\/author\\\/haberkuzey\\\/\"}]}<\/script>\n<!-- \/ Yoast SEO plugin. -->","yoast_head_json":{"title":"Mormenek\u015fe, Y\u0131ld\u0131r\u0131m ve Akova\u2019da k\u0131rsal kesim arsalar\u0131 hak sahiplerine verildi - Haber Kuzey","robots":{"index":"index","follow":"follow","max-snippet":"max-snippet:-1","max-image-preview":"max-image-preview:large","max-video-preview":"max-video-preview:-1"},"canonical":"https:\/\/haberkuzey.com\/index.php\/2025\/07\/31\/mormenekse-yildirim-ve-akovada-kirsal-kesim-arsalari-hak-sahiplerine-verildi\/","og_locale":"tr_TR","og_type":"article","og_title":"Mormenek\u015fe, Y\u0131ld\u0131r\u0131m ve Akova\u2019da k\u0131rsal kesim arsalar\u0131 hak sahiplerine verildi - Haber Kuzey","og_description":"\u00a0 \u00a0 Mormenek\u015fe, Y\u0131ld\u0131r\u0131m ve Akova k\u00f6ylerinde k\u0131rsal kesim arsalar\u0131, t\u00f6renlerle hak sahiplerine verildi. \u00a0 \u00a0 Ba\u015fbakan \u00dcnal \u00dcstel, d\u00fczenlenen t\u00f6rende yapt\u0131\u011f\u0131 konu\u015fmada, Bakanlar Kurulu\u2019ndan ge\u00e7irdikleri yasa g\u00fcc\u00fcnde kararname ile \u00fc\u00e7\u00fcnc\u00fc \u00fclke vatanda\u015flar\u0131n\u0131n, di\u011fer \u00e7al\u0131\u015fanlarla ayni asgari \u00fccreti almayaca\u011f\u0131n\u0131n m\u00fcjdesini verdi. \u00a0 Ba\u015fbakan, bug\u00fcn itibar\u0131 ile Sosyal Sigorta \u00e7al\u0131\u015fanlar\u0131on\u0131n ve emeklilerin \u00a0devlet hastanesi eczanesinden tek [&hellip;]","og_url":"https:\/\/haberkuzey.com\/index.php\/2025\/07\/31\/mormenekse-yildirim-ve-akovada-kirsal-kesim-arsalari-hak-sahiplerine-verildi\/","og_site_name":"Haber Kuzey","article_published_time":"2025-07-31T03:52:33+00:00","og_image":[{"url":"https:\/\/brtk.net\/wp-content\/uploads\/2025\/07\/31\/wgsg.jpg?ver=14947fc9c09a914401836527785ebe4f","type":"","width":"","height":""}],"author":"haberkuzey","twitter_card":"summary_large_image","twitter_misc":{"Yazan:":"haberkuzey","Tahmini okuma s\u00fcresi":"1 dakika"},"schema":{"@context":"https:\/\/schema.org","@graph":[{"@type":"Article","@id":"https:\/\/haberkuzey.com\/index.php\/2025\/07\/31\/mormenekse-yildirim-ve-akovada-kirsal-kesim-arsalari-hak-sahiplerine-verildi\/#article","isPartOf":{"@id":"https:\/\/haberkuzey.com\/index.php\/2025\/07\/31\/mormenekse-yildirim-ve-akovada-kirsal-kesim-arsalari-hak-sahiplerine-verildi\/"},"author":{"name":"haberkuzey","@id":"https:\/\/haberkuzey.com\/#\/schema\/person\/3372109ec735f9333f4fa47ebb9605ca"},"headline":"Mormenek\u015fe, Y\u0131ld\u0131r\u0131m ve Akova\u2019da k\u0131rsal kesim arsalar\u0131 hak sahiplerine verildi","datePublished":"2025-07-31T03:52:33+00:00","mainEntityOfPage":{"@id":"https:\/\/haberkuzey.com\/index.php\/2025\/07\/31\/mormenekse-yildirim-ve-akovada-kirsal-kesim-arsalari-hak-sahiplerine-verildi\/"},"wordCount":161,"commentCount":0,"image":{"@id":"https:\/\/haberkuzey.com\/index.php\/2025\/07\/31\/mormenekse-yildirim-ve-akovada-kirsal-kesim-arsalari-hak-sahiplerine-verildi\/#primaryimage"},"thumbnailUrl":"https:\/\/haberkuzey.com\/wp-content\/uploads\/2025\/07\/wtgwgs.jpg","articleSection":["K\u0131br\u0131s"],"inLanguage":"tr","potentialAction":[{"@type":"CommentAction","name":"Comment","target":["https:\/\/haberkuzey.com\/index.php\/2025\/07\/31\/mormenekse-yildirim-ve-akovada-kirsal-kesim-arsalari-hak-sahiplerine-verildi\/#respond"]}]},{"@type":"WebPage","@id":"https:\/\/haberkuzey.com\/index.php\/2025\/07\/31\/mormenekse-yildirim-ve-akovada-kirsal-kesim-arsalari-hak-sahiplerine-verildi\/","url":"https:\/\/haberkuzey.com\/index.php\/2025\/07\/31\/mormenekse-yildirim-ve-akovada-kirsal-kesim-arsalari-hak-sahiplerine-verildi\/","name":"Mormenek\u015fe, Y\u0131ld\u0131r\u0131m ve Akova\u2019da k\u0131rsal kesim arsalar\u0131 hak sahiplerine verildi - Haber Kuzey","isPartOf":{"@id":"https:\/\/haberkuzey.com\/#website"},"primaryImageOfPage":{"@id":"https:\/\/haberkuzey.com\/index.php\/2025\/07\/31\/mormenekse-yildirim-ve-akovada-kirsal-kesim-arsalari-hak-sahiplerine-verildi\/#primaryimage"},"image":{"@id":"https:\/\/haberkuzey.com\/index.php\/2025\/07\/31\/mormenekse-yildirim-ve-akovada-kirsal-kesim-arsalari-hak-sahiplerine-verildi\/#primaryimage"},"thumbnailUrl":"https:\/\/haberkuzey.com\/wp-content\/uploads\/2025\/07\/wtgwgs.jpg","datePublished":"2025-07-31T03:52:33+00:00","author":{"@id":"https:\/\/haberkuzey.com\/#\/schema\/person\/3372109ec735f9333f4fa47ebb9605ca"},"breadcrumb":{"@id":"https:\/\/haberkuzey.com\/index.php\/2025\/07\/31\/mormenekse-yildirim-ve-akovada-kirsal-kesim-arsalari-hak-sahiplerine-verildi\/#breadcrumb"},"inLanguage":"tr","potentialAction":[{"@type":"ReadAction","target":["https:\/\/haberkuzey.com\/index.php\/2025\/07\/31\/mormenekse-yildirim-ve-akovada-kirsal-kesim-arsalari-hak-sahiplerine-verildi\/"]}]},{"@type":"ImageObject","inLanguage":"tr","@id":"https:\/\/haberkuzey.com\/index.php\/2025\/07\/31\/mormenekse-yildirim-ve-akovada-kirsal-kesim-arsalari-hak-sahiplerine-verildi\/#primaryimage","url":"https:\/\/haberkuzey.com\/wp-content\/uploads\/2025\/07\/wtgwgs.jpg","contentUrl":"https:\/\/haberkuzey.com\/wp-content\/uploads\/2025\/07\/wtgwgs.jpg","width":913,"height":376},{"@type":"BreadcrumbList","@id":"https:\/\/haberkuzey.com\/index.php\/2025\/07\/31\/mormenekse-yildirim-ve-akovada-kirsal-kesim-arsalari-hak-sahiplerine-verildi\/#breadcrumb","itemListElement":[{"@type":"ListItem","position":1,"name":"Anasayfa","item":"https:\/\/haberkuzey.com\/"},{"@type":"ListItem","position":2,"name":"Mormenek\u015fe, Y\u0131ld\u0131r\u0131m ve Akova\u2019da k\u0131rsal kesim arsalar\u0131 hak sahiplerine verildi"}]},{"@type":"WebSite","@id":"https:\/\/haberkuzey.com\/#website","url":"https:\/\/haberkuzey.com\/","name":"Haber Kuzey","description":"Do\u011fru Haberin Adresi","potentialAction":[{"@type":"SearchAction","target":{"@type":"EntryPoint","urlTemplate":"https:\/\/haberkuzey.com\/?s={search_term_string}"},"query-input":{"@type":"PropertyValueSpecification","valueRequired":true,"valueName":"search_term_string"}}],"inLanguage":"tr"},{"@type":"Person","@id":"https:\/\/haberkuzey.com\/#\/schema\/person\/3372109ec735f9333f4fa47ebb9605ca","name":"haberkuzey","image":{"@type":"ImageObject","inLanguage":"tr","@id":"https:\/\/secure.gravatar.com\/avatar\/f5fc875574b1575324358c3b9e6a32b8227aa5b74f3fa22e3cadb63e26fcc39c?s=96&d=mm&r=g","url":"https:\/\/secure.gravatar.com\/avatar\/f5fc875574b1575324358c3b9e6a32b8227aa5b74f3fa22e3cadb63e26fcc39c?s=96&d=mm&r=g","contentUrl":"https:\/\/secure.gravatar.com\/avatar\/f5fc875574b1575324358c3b9e6a32b8227aa5b74f3fa22e3cadb63e26fcc39c?s=96&d=mm&r=g","caption":"haberkuzey"},"sameAs":["https:\/\/haberkuzey.com"],"url":"https:\/\/haberkuzey.com\/index.php\/author\/haberkuzey\/"}]}},"_links":{"self":[{"href":"https:\/\/haberkuzey.com\/index.php\/wp-json\/wp\/v2\/posts\/28697","targetHints":{"allow":["GET"]}}],"collection":[{"href":"https:\/\/haberkuzey.com\/index.php\/wp-json\/wp\/v2\/posts"}],"about":[{"href":"https:\/\/haberkuzey.com\/index.php\/wp-json\/wp\/v2\/types\/post"}],"author":[{"embeddable":true,"href":"https:\/\/haberkuzey.com\/index.php\/wp-json\/wp\/v2\/users\/1"}],"replies":[{"embeddable":true,"href":"https:\/\/haberkuzey.com\/index.php\/wp-json\/wp\/v2\/comments?post=28697"}],"version-history":[{"count":0,"href":"https:\/\/haberkuzey.com\/index.php\/wp-json\/wp\/v2\/posts\/28697\/revisions"}],"wp:featuredmedia":[{"embeddable":true,"href":"https:\/\/haberkuzey.com\/index.php\/wp-json\/wp\/v2\/media\/28698"}],"wp:attachment":[{"href":"https:\/\/haberkuzey.com\/index.php\/wp-json\/wp\/v2\/media?parent=28697"}],"wp:term":[{"taxonomy":"category","embeddable":true,"href":"https:\/\/haberkuzey.com\/index.php\/wp-json\/wp\/v2\/categories?post=28697"},{"taxonomy":"post_tag","embeddable":true,"href":"https:\/\/haberkuzey.com\/index.php\/wp-json\/wp\/v2\/tags?post=28697"}],"curies":[{"name":"wp","href":"https:\/\/api.w.org\/{rel}","templated":true}]}}