{"id":28569,"date":"2025-07-28T18:16:56","date_gmt":"2025-07-28T15:16:56","guid":{"rendered":"https:\/\/haberkuzey.com\/index.php\/2025\/07\/28\/baybars-rogers-ve-manavoglundan-erhurmana-destek\/"},"modified":"2025-07-28T18:16:56","modified_gmt":"2025-07-28T15:16:56","slug":"baybars-rogers-ve-manavoglundan-erhurmana-destek","status":"publish","type":"post","link":"https:\/\/haberkuzey.com\/index.php\/2025\/07\/28\/baybars-rogers-ve-manavoglundan-erhurmana-destek\/","title":{"rendered":"Baybars, Rogers ve Manavo\u011flu\u2019ndan Erh\u00fcrman\u2019a destek"},"content":{"rendered":"<div>\n<div class=\"mariselle-image-container center\">\n                                            <\/div>\n<p>Gazima\u011fusa Ba\u011f\u0131ms\u0131z Milletvekili Ay\u015feg\u00fcl Baybars, Girne Ba\u011f\u0131ms\u0131z Milletvekili Jale Refik Rogers ve eski milletvekili G\u00fcl\u015fah Sanver Manavo\u011flu, Cumhurba\u015fkanl\u0131\u011f\u0131 se\u00e7iminde CTP\u2019nin aday\u0131 CTP Genel Ba\u015fkan\u0131 Tufan Erh\u00fcrman\u2019a destek verece\u011fini a\u00e7\u0131klad\u0131.<\/p>\n<p>Baybars, Rogers ve Manavo\u011flu taraf\u0131ndan yap\u0131lan ortak a\u00e7\u0131klamada, \u00fclkenin son d\u00f6nemde, i\u00e7 ve d\u0131\u015f politik krizlerin, belirsizliklerin ve g\u00fcvensizliklerin hakim oldu\u011fu bir siyasi iklimden ge\u00e7ti\u011fi ifade edildi. \u201cK\u00f6t\u00fc y\u00f6netimin etkisiyle olu\u015fan bu ortam; toplumsal adalet duygusunu a\u015f\u0131nd\u0131rm\u0131\u015f, demokratik de\u011ferleri y\u0131pratm\u0131\u015f, kurumsal yap\u0131y\u0131 \u00e7\u00f6kme noktas\u0131na getirmi\u015ftir\u201d denilen a\u00e7\u0131klamada, bu s\u00fcre\u00e7te K\u0131br\u0131s T\u00fcrk halk\u0131n\u0131n, iradesinin g\u00f6lgelendi\u011fini, gelece\u011fe dair umutlar\u0131n\u0131n zay\u0131flad\u0131\u011f\u0131n\u0131 derinden hissetti\u011fi kaydedildi.<\/p>\n<p>Gen\u00e7 ku\u015faklar\u0131n, bu topraklarda ya\u015fam kurma umudundan uzakla\u015ft\u0131\u011f\u0131, g\u00f6zlerini g\u00f6\u00e7 yollar\u0131na \u00e7evirdi\u011fi ifade edilen a\u00e7\u0131klamada, \u201cUluslararas\u0131 hukukla uyumlu kapsay\u0131c\u0131 ve vizyoner bir siyasi anlay\u0131\u015f\u0131n eksikli\u011fi halk\u0131m\u0131z\u0131n d\u00fcnyayla b\u00fct\u00fcnle\u015fmesini zorla\u015ft\u0131rm\u0131\u015f, toplumu d\u0131\u015fa kapal\u0131 ve yaln\u0131z bir konuma itmi\u015ftir. S\u00fcrd\u00fcr\u00fclebilir olmad\u0131\u011f\u0131 art\u0131k a\u00e7\u0131k\u00e7a ortada olan bu siyasi anlay\u0131\u015f\u0131n terk edilmesi ka\u00e7\u0131n\u0131lmazd\u0131r\u201d denildi.<\/p>\n<p>A\u00e7\u0131klamada, K\u0131br\u0131s T\u00fcrk halk\u0131n\u0131n, art\u0131k g\u00fcn\u00fc kurtaran de\u011fil, gelece\u011fi in\u015fa etmeyi \u00f6ncelik edinen bir y\u00f6neti\u015fim anlay\u0131\u015f\u0131na ge\u00e7mesi gerekti\u011fi belirtildi. \u00dclkenin, bir yandan i\u00e7eride kurumsal yap\u0131s\u0131n\u0131 yeniden in\u015fa etme, di\u011fer yandan ise d\u0131\u015f d\u00fcnyada g\u00f6r\u00fcn\u00fcrl\u00fc\u011f\u00fcn\u00fc ve me\u015fruiyetini art\u0131rma zorunlulu\u011fuyla kar\u015f\u0131 kar\u015f\u0131ya olundu\u011fu ileri s\u00fcr\u00fclen a\u00e7\u0131klamada, \u201cYakla\u015fan Cumhurba\u015fkanl\u0131\u011f\u0131 se\u00e7imi, ki\u015filere veya partilere indirgenmi\u015f bir tercihten \u00f6te halk\u0131m\u0131z\u0131n gelece\u011fini tayin edecek tarihi bir yol ayr\u0131m\u0131d\u0131r.\u201d denildi.<\/p>\n<p>Anayasa\u2019da devletin ba\u015f\u0131 olarak Cumhurba\u015fkan\u0131n\u0131n, halk\u0131n\u0131n birli\u011fini temsil etme g\u00f6revi olmas\u0131na ra\u011fmen bu d\u00f6nemin, halk\u0131n kutupla\u015ft\u0131r\u0131ld\u0131\u011f\u0131 ve birle\u015ftirici bir iradenin sergilenmedi\u011fi bir d\u00f6nem oldu\u011fu savunuldu.<\/p>\n<p>\u2013 K\u0131br\u0131s meselesi<\/p>\n<p>K\u0131br\u0131s meselesinde \u00e7\u00f6z\u00fcms\u00fczl\u00fc\u011f\u00fcn kal\u0131c\u0131la\u015fmas\u0131na kar\u015f\u0131 olundu\u011fu ifade edilen a\u00e7\u0131klamada, adil, s\u00fcrd\u00fcr\u00fclebilir ve her iki halk\u0131n da siyasi e\u015fitli\u011fini ve g\u00fcvenli\u011fini g\u00f6zeten kapsaml\u0131 bir \u00e7\u00f6z\u00fcm iradesiyle; diplomasi masas\u0131ndan ka\u00e7mayan, yap\u0131c\u0131 ve kararl\u0131 bir liderli\u011fin arkas\u0131nda durulmas\u0131 gerekti\u011fine inan\u00e7 belirtildi.<\/p>\n<p>A\u00e7\u0131klamada, \u201cRum liderli\u011finin m\u00fclkiyet konusunda yaratt\u0131\u011f\u0131 kriz kar\u015f\u0131s\u0131nda somut ve etkili bir giri\u015fimde bulunulmam\u0131\u015f, karma evliliklerden do\u011fan \u00e7ocuklar\u0131n temel haklar\u0131 ve di\u011fer haklar\u0131m\u0131zla ilgili net ve kararl\u0131 bir duru\u015f sergilenememi\u015f, Rum liderli\u011finin att\u0131\u011f\u0131 ad\u0131mlara kar\u015f\u0131 proaktif bir siyaset \u00fcretilememi\u015ftir.\u201d ele\u015ftirisi yap\u0131ld\u0131.<\/p>\n<p>-\u201cSay\u0131n Tufan Erh\u00fcrman\u2019a a\u00e7\u0131k ve samimi deste\u011fimizi kamuoyuyla payla\u015f\u0131yoruz\u201d<\/p>\n<p>\u0130htiya\u00e7 duyulan \u015feyin, birle\u015ftiricilik misyonunu hayata ge\u00e7irecek, kriz anlar\u0131nda sorumluluk alan, halk\u0131n hak ve \u00e7\u0131karlar\u0131n\u0131 cesaretle savunan, hukuki donan\u0131m\u0131 y\u00fcksek, g\u00fcven duyulan bir liderlik oldu\u011fu belirtilen a\u00e7\u0131klamada, halk\u0131n hak ve \u00e7\u0131karlar\u0131 do\u011frultusunda, hakikatin ve tarihin do\u011fru taraf\u0131nda durma sorumlulu\u011fuyla hareket edildi\u011fi ifade edildi.<\/p>\n<p>A\u00e7\u0131klama \u015f\u00f6yle devam etti:<\/p>\n<p>\u201cK\u0131br\u0131sl\u0131 T\u00fcrklerin; K\u0131br\u0131s T\u00fcrk halk\u0131n\u0131n demokratik iradesine sayg\u0131l\u0131, hukuk devleti ilkelerinden ve kurumsall\u0131ktan sapmayan, kutupla\u015fma yerine birlik ve toplumsal uzla\u015f\u0131y\u0131 esas alan, \u015feffafl\u0131k ve hesap verebilirlik ilkesiyle hareket eden, halk\u0131m\u0131z\u0131n siyasi e\u015fitli\u011fi ve uluslararas\u0131 temsiliyeti i\u00e7in kararl\u0131l\u0131kla m\u00fccadele eden, diyalog ve diplomasi zeminini her ko\u015fulda \u00f6nceleyen, d\u0131\u015f politikada sayg\u0131n ve ak\u0131lc\u0131 bir \u00e7izgiyi temsil eden liderlik anlay\u0131\u015f\u0131yla y\u00f6netilmesi gerekti\u011fine inan\u0131yoruz. Bu nedenle yakla\u015fan Cumhurba\u015fkanl\u0131\u011f\u0131 se\u00e7imlerinde Say\u0131n Tufan Erh\u00fcrman\u2019a a\u00e7\u0131k ve samimi deste\u011fimizi kamuoyuyla payla\u015f\u0131yoruz\u201d<\/p>\n<\/p><\/div>\n<p><script async\n                    defer\n                    crossorigin=\"anonymous\"\n                    src=\"https:\/\/connect.facebook.net\/tr_TR\/sdk.js#xfbml=1&#038;version=v3.3\"\n            ><\/script><\/p>\n","protected":false},"excerpt":{"rendered":"<p>Gazima\u011fusa Ba\u011f\u0131ms\u0131z Milletvekili Ay\u015feg\u00fcl Baybars, Girne Ba\u011f\u0131ms\u0131z Milletvekili Jale Refik Rogers ve eski milletvekili G\u00fcl\u015fah Sanver Manavo\u011flu, Cumhurba\u015fkanl\u0131\u011f\u0131 se\u00e7iminde CTP\u2019nin aday\u0131 CTP Genel Ba\u015fkan\u0131 Tufan Erh\u00fcrman\u2019a destek verece\u011fini a\u00e7\u0131klad\u0131. Baybars, Rogers ve Manavo\u011flu taraf\u0131ndan yap\u0131lan ortak a\u00e7\u0131klamada, \u00fclkenin son d\u00f6nemde, i\u00e7 ve d\u0131\u015f politik krizlerin, belirsizliklerin ve g\u00fcvensizliklerin hakim oldu\u011fu bir siyasi iklimden ge\u00e7ti\u011fi ifade [&hellip;]<\/p>\n","protected":false},"author":1,"featured_media":28570,"comment_status":"open","ping_status":"open","sticky":false,"template":"","format":"standard","meta":{"jnews-multi-image_gallery":[],"jnews_single_post":[],"jnews_primary_category":[],"footnotes":""},"categories":[1],"tags":[],"class_list":["post-28569","post","type-post","status-publish","format-standard","has-post-thumbnail","hentry","category-kibris"],"yoast_head":"<!-- This site is optimized with the Yoast SEO plugin v27.5 - https:\/\/yoast.com\/product\/yoast-seo-wordpress\/ -->\n<title>Baybars, Rogers ve Manavo\u011flu\u2019ndan Erh\u00fcrman\u2019a destek - Haber Kuzey<\/title>\n<meta name=\"robots\" content=\"index, follow, max-snippet:-1, max-image-preview:large, max-video-preview:-1\" \/>\n<link rel=\"canonical\" href=\"https:\/\/haberkuzey.com\/index.php\/2025\/07\/28\/baybars-rogers-ve-manavoglundan-erhurmana-destek\/\" \/>\n<meta property=\"og:locale\" content=\"tr_TR\" \/>\n<meta property=\"og:type\" content=\"article\" \/>\n<meta property=\"og:title\" content=\"Baybars, Rogers ve Manavo\u011flu\u2019ndan Erh\u00fcrman\u2019a destek - Haber Kuzey\" \/>\n<meta property=\"og:description\" content=\"Gazima\u011fusa Ba\u011f\u0131ms\u0131z Milletvekili Ay\u015feg\u00fcl Baybars, Girne Ba\u011f\u0131ms\u0131z Milletvekili Jale Refik Rogers ve eski milletvekili G\u00fcl\u015fah Sanver Manavo\u011flu, Cumhurba\u015fkanl\u0131\u011f\u0131 se\u00e7iminde CTP\u2019nin aday\u0131 CTP Genel Ba\u015fkan\u0131 Tufan Erh\u00fcrman\u2019a destek verece\u011fini a\u00e7\u0131klad\u0131. Baybars, Rogers ve Manavo\u011flu taraf\u0131ndan yap\u0131lan ortak a\u00e7\u0131klamada, \u00fclkenin son d\u00f6nemde, i\u00e7 ve d\u0131\u015f politik krizlerin, belirsizliklerin ve g\u00fcvensizliklerin hakim oldu\u011fu bir siyasi iklimden ge\u00e7ti\u011fi ifade [&hellip;]\" \/>\n<meta property=\"og:url\" content=\"https:\/\/haberkuzey.com\/index.php\/2025\/07\/28\/baybars-rogers-ve-manavoglundan-erhurmana-destek\/\" \/>\n<meta property=\"og:site_name\" content=\"Haber Kuzey\" \/>\n<meta property=\"article:published_time\" content=\"2025-07-28T15:16:56+00:00\" \/>\n<meta property=\"og:image\" content=\"https:\/\/brtk.net\/wp-content\/uploads\/2025\/07\/28\/1753712904338erhurman-scaled.jpg?ver=456ab0607617f831e2cab498ffec453f\" \/>\n<meta name=\"author\" content=\"haberkuzey\" \/>\n<meta name=\"twitter:card\" content=\"summary_large_image\" \/>\n<meta name=\"twitter:label1\" content=\"Yazan:\" \/>\n\t<meta name=\"twitter:data1\" content=\"haberkuzey\" \/>\n\t<meta name=\"twitter:label2\" content=\"Tahmini okuma s\u00fcresi\" \/>\n\t<meta name=\"twitter:data2\" content=\"3 dakika\" \/>\n<script type=\"application\/ld+json\" class=\"yoast-schema-graph\">{\"@context\":\"https:\\\/\\\/schema.org\",\"@graph\":[{\"@type\":\"Article\",\"@id\":\"https:\\\/\\\/haberkuzey.com\\\/index.php\\\/2025\\\/07\\\/28\\\/baybars-rogers-ve-manavoglundan-erhurmana-destek\\\/#article\",\"isPartOf\":{\"@id\":\"https:\\\/\\\/haberkuzey.com\\\/index.php\\\/2025\\\/07\\\/28\\\/baybars-rogers-ve-manavoglundan-erhurmana-destek\\\/\"},\"author\":{\"name\":\"haberkuzey\",\"@id\":\"https:\\\/\\\/haberkuzey.com\\\/#\\\/schema\\\/person\\\/3372109ec735f9333f4fa47ebb9605ca\"},\"headline\":\"Baybars, Rogers ve Manavo\u011flu\u2019ndan Erh\u00fcrman\u2019a destek\",\"datePublished\":\"2025-07-28T15:16:56+00:00\",\"mainEntityOfPage\":{\"@id\":\"https:\\\/\\\/haberkuzey.com\\\/index.php\\\/2025\\\/07\\\/28\\\/baybars-rogers-ve-manavoglundan-erhurmana-destek\\\/\"},\"wordCount\":706,\"commentCount\":0,\"image\":{\"@id\":\"https:\\\/\\\/haberkuzey.com\\\/index.php\\\/2025\\\/07\\\/28\\\/baybars-rogers-ve-manavoglundan-erhurmana-destek\\\/#primaryimage\"},\"thumbnailUrl\":\"https:\\\/\\\/haberkuzey.com\\\/wp-content\\\/uploads\\\/2025\\\/07\\\/1753712904338erhurman-scaled.jpg\",\"articleSection\":[\"K\u0131br\u0131s\"],\"inLanguage\":\"tr\",\"potentialAction\":[{\"@type\":\"CommentAction\",\"name\":\"Comment\",\"target\":[\"https:\\\/\\\/haberkuzey.com\\\/index.php\\\/2025\\\/07\\\/28\\\/baybars-rogers-ve-manavoglundan-erhurmana-destek\\\/#respond\"]}]},{\"@type\":\"WebPage\",\"@id\":\"https:\\\/\\\/haberkuzey.com\\\/index.php\\\/2025\\\/07\\\/28\\\/baybars-rogers-ve-manavoglundan-erhurmana-destek\\\/\",\"url\":\"https:\\\/\\\/haberkuzey.com\\\/index.php\\\/2025\\\/07\\\/28\\\/baybars-rogers-ve-manavoglundan-erhurmana-destek\\\/\",\"name\":\"Baybars, Rogers ve Manavo\u011flu\u2019ndan Erh\u00fcrman\u2019a destek - Haber Kuzey\",\"isPartOf\":{\"@id\":\"https:\\\/\\\/haberkuzey.com\\\/#website\"},\"primaryImageOfPage\":{\"@id\":\"https:\\\/\\\/haberkuzey.com\\\/index.php\\\/2025\\\/07\\\/28\\\/baybars-rogers-ve-manavoglundan-erhurmana-destek\\\/#primaryimage\"},\"image\":{\"@id\":\"https:\\\/\\\/haberkuzey.com\\\/index.php\\\/2025\\\/07\\\/28\\\/baybars-rogers-ve-manavoglundan-erhurmana-destek\\\/#primaryimage\"},\"thumbnailUrl\":\"https:\\\/\\\/haberkuzey.com\\\/wp-content\\\/uploads\\\/2025\\\/07\\\/1753712904338erhurman-scaled.jpg\",\"datePublished\":\"2025-07-28T15:16:56+00:00\",\"author\":{\"@id\":\"https:\\\/\\\/haberkuzey.com\\\/#\\\/schema\\\/person\\\/3372109ec735f9333f4fa47ebb9605ca\"},\"breadcrumb\":{\"@id\":\"https:\\\/\\\/haberkuzey.com\\\/index.php\\\/2025\\\/07\\\/28\\\/baybars-rogers-ve-manavoglundan-erhurmana-destek\\\/#breadcrumb\"},\"inLanguage\":\"tr\",\"potentialAction\":[{\"@type\":\"ReadAction\",\"target\":[\"https:\\\/\\\/haberkuzey.com\\\/index.php\\\/2025\\\/07\\\/28\\\/baybars-rogers-ve-manavoglundan-erhurmana-destek\\\/\"]}]},{\"@type\":\"ImageObject\",\"inLanguage\":\"tr\",\"@id\":\"https:\\\/\\\/haberkuzey.com\\\/index.php\\\/2025\\\/07\\\/28\\\/baybars-rogers-ve-manavoglundan-erhurmana-destek\\\/#primaryimage\",\"url\":\"https:\\\/\\\/haberkuzey.com\\\/wp-content\\\/uploads\\\/2025\\\/07\\\/1753712904338erhurman-scaled.jpg\",\"contentUrl\":\"https:\\\/\\\/haberkuzey.com\\\/wp-content\\\/uploads\\\/2025\\\/07\\\/1753712904338erhurman-scaled.jpg\",\"width\":2560,\"height\":1707},{\"@type\":\"BreadcrumbList\",\"@id\":\"https:\\\/\\\/haberkuzey.com\\\/index.php\\\/2025\\\/07\\\/28\\\/baybars-rogers-ve-manavoglundan-erhurmana-destek\\\/#breadcrumb\",\"itemListElement\":[{\"@type\":\"ListItem\",\"position\":1,\"name\":\"Anasayfa\",\"item\":\"https:\\\/\\\/haberkuzey.com\\\/\"},{\"@type\":\"ListItem\",\"position\":2,\"name\":\"Baybars, Rogers ve Manavo\u011flu\u2019ndan Erh\u00fcrman\u2019a destek\"}]},{\"@type\":\"WebSite\",\"@id\":\"https:\\\/\\\/haberkuzey.com\\\/#website\",\"url\":\"https:\\\/\\\/haberkuzey.com\\\/\",\"name\":\"Haber Kuzey\",\"description\":\"Do\u011fru Haberin Adresi\",\"potentialAction\":[{\"@type\":\"SearchAction\",\"target\":{\"@type\":\"EntryPoint\",\"urlTemplate\":\"https:\\\/\\\/haberkuzey.com\\\/?s={search_term_string}\"},\"query-input\":{\"@type\":\"PropertyValueSpecification\",\"valueRequired\":true,\"valueName\":\"search_term_string\"}}],\"inLanguage\":\"tr\"},{\"@type\":\"Person\",\"@id\":\"https:\\\/\\\/haberkuzey.com\\\/#\\\/schema\\\/person\\\/3372109ec735f9333f4fa47ebb9605ca\",\"name\":\"haberkuzey\",\"image\":{\"@type\":\"ImageObject\",\"inLanguage\":\"tr\",\"@id\":\"https:\\\/\\\/secure.gravatar.com\\\/avatar\\\/f5fc875574b1575324358c3b9e6a32b8227aa5b74f3fa22e3cadb63e26fcc39c?s=96&d=mm&r=g\",\"url\":\"https:\\\/\\\/secure.gravatar.com\\\/avatar\\\/f5fc875574b1575324358c3b9e6a32b8227aa5b74f3fa22e3cadb63e26fcc39c?s=96&d=mm&r=g\",\"contentUrl\":\"https:\\\/\\\/secure.gravatar.com\\\/avatar\\\/f5fc875574b1575324358c3b9e6a32b8227aa5b74f3fa22e3cadb63e26fcc39c?s=96&d=mm&r=g\",\"caption\":\"haberkuzey\"},\"sameAs\":[\"https:\\\/\\\/haberkuzey.com\"],\"url\":\"https:\\\/\\\/haberkuzey.com\\\/index.php\\\/author\\\/haberkuzey\\\/\"}]}<\/script>\n<!-- \/ Yoast SEO plugin. -->","yoast_head_json":{"title":"Baybars, Rogers ve Manavo\u011flu\u2019ndan Erh\u00fcrman\u2019a destek - Haber Kuzey","robots":{"index":"index","follow":"follow","max-snippet":"max-snippet:-1","max-image-preview":"max-image-preview:large","max-video-preview":"max-video-preview:-1"},"canonical":"https:\/\/haberkuzey.com\/index.php\/2025\/07\/28\/baybars-rogers-ve-manavoglundan-erhurmana-destek\/","og_locale":"tr_TR","og_type":"article","og_title":"Baybars, Rogers ve Manavo\u011flu\u2019ndan Erh\u00fcrman\u2019a destek - Haber Kuzey","og_description":"Gazima\u011fusa Ba\u011f\u0131ms\u0131z Milletvekili Ay\u015feg\u00fcl Baybars, Girne Ba\u011f\u0131ms\u0131z Milletvekili Jale Refik Rogers ve eski milletvekili G\u00fcl\u015fah Sanver Manavo\u011flu, Cumhurba\u015fkanl\u0131\u011f\u0131 se\u00e7iminde CTP\u2019nin aday\u0131 CTP Genel Ba\u015fkan\u0131 Tufan Erh\u00fcrman\u2019a destek verece\u011fini a\u00e7\u0131klad\u0131. Baybars, Rogers ve Manavo\u011flu taraf\u0131ndan yap\u0131lan ortak a\u00e7\u0131klamada, \u00fclkenin son d\u00f6nemde, i\u00e7 ve d\u0131\u015f politik krizlerin, belirsizliklerin ve g\u00fcvensizliklerin hakim oldu\u011fu bir siyasi iklimden ge\u00e7ti\u011fi ifade [&hellip;]","og_url":"https:\/\/haberkuzey.com\/index.php\/2025\/07\/28\/baybars-rogers-ve-manavoglundan-erhurmana-destek\/","og_site_name":"Haber Kuzey","article_published_time":"2025-07-28T15:16:56+00:00","og_image":[{"url":"https:\/\/brtk.net\/wp-content\/uploads\/2025\/07\/28\/1753712904338erhurman-scaled.jpg?ver=456ab0607617f831e2cab498ffec453f","type":"","width":"","height":""}],"author":"haberkuzey","twitter_card":"summary_large_image","twitter_misc":{"Yazan:":"haberkuzey","Tahmini okuma s\u00fcresi":"3 dakika"},"schema":{"@context":"https:\/\/schema.org","@graph":[{"@type":"Article","@id":"https:\/\/haberkuzey.com\/index.php\/2025\/07\/28\/baybars-rogers-ve-manavoglundan-erhurmana-destek\/#article","isPartOf":{"@id":"https:\/\/haberkuzey.com\/index.php\/2025\/07\/28\/baybars-rogers-ve-manavoglundan-erhurmana-destek\/"},"author":{"name":"haberkuzey","@id":"https:\/\/haberkuzey.com\/#\/schema\/person\/3372109ec735f9333f4fa47ebb9605ca"},"headline":"Baybars, Rogers ve Manavo\u011flu\u2019ndan Erh\u00fcrman\u2019a destek","datePublished":"2025-07-28T15:16:56+00:00","mainEntityOfPage":{"@id":"https:\/\/haberkuzey.com\/index.php\/2025\/07\/28\/baybars-rogers-ve-manavoglundan-erhurmana-destek\/"},"wordCount":706,"commentCount":0,"image":{"@id":"https:\/\/haberkuzey.com\/index.php\/2025\/07\/28\/baybars-rogers-ve-manavoglundan-erhurmana-destek\/#primaryimage"},"thumbnailUrl":"https:\/\/haberkuzey.com\/wp-content\/uploads\/2025\/07\/1753712904338erhurman-scaled.jpg","articleSection":["K\u0131br\u0131s"],"inLanguage":"tr","potentialAction":[{"@type":"CommentAction","name":"Comment","target":["https:\/\/haberkuzey.com\/index.php\/2025\/07\/28\/baybars-rogers-ve-manavoglundan-erhurmana-destek\/#respond"]}]},{"@type":"WebPage","@id":"https:\/\/haberkuzey.com\/index.php\/2025\/07\/28\/baybars-rogers-ve-manavoglundan-erhurmana-destek\/","url":"https:\/\/haberkuzey.com\/index.php\/2025\/07\/28\/baybars-rogers-ve-manavoglundan-erhurmana-destek\/","name":"Baybars, Rogers ve Manavo\u011flu\u2019ndan Erh\u00fcrman\u2019a destek - Haber Kuzey","isPartOf":{"@id":"https:\/\/haberkuzey.com\/#website"},"primaryImageOfPage":{"@id":"https:\/\/haberkuzey.com\/index.php\/2025\/07\/28\/baybars-rogers-ve-manavoglundan-erhurmana-destek\/#primaryimage"},"image":{"@id":"https:\/\/haberkuzey.com\/index.php\/2025\/07\/28\/baybars-rogers-ve-manavoglundan-erhurmana-destek\/#primaryimage"},"thumbnailUrl":"https:\/\/haberkuzey.com\/wp-content\/uploads\/2025\/07\/1753712904338erhurman-scaled.jpg","datePublished":"2025-07-28T15:16:56+00:00","author":{"@id":"https:\/\/haberkuzey.com\/#\/schema\/person\/3372109ec735f9333f4fa47ebb9605ca"},"breadcrumb":{"@id":"https:\/\/haberkuzey.com\/index.php\/2025\/07\/28\/baybars-rogers-ve-manavoglundan-erhurmana-destek\/#breadcrumb"},"inLanguage":"tr","potentialAction":[{"@type":"ReadAction","target":["https:\/\/haberkuzey.com\/index.php\/2025\/07\/28\/baybars-rogers-ve-manavoglundan-erhurmana-destek\/"]}]},{"@type":"ImageObject","inLanguage":"tr","@id":"https:\/\/haberkuzey.com\/index.php\/2025\/07\/28\/baybars-rogers-ve-manavoglundan-erhurmana-destek\/#primaryimage","url":"https:\/\/haberkuzey.com\/wp-content\/uploads\/2025\/07\/1753712904338erhurman-scaled.jpg","contentUrl":"https:\/\/haberkuzey.com\/wp-content\/uploads\/2025\/07\/1753712904338erhurman-scaled.jpg","width":2560,"height":1707},{"@type":"BreadcrumbList","@id":"https:\/\/haberkuzey.com\/index.php\/2025\/07\/28\/baybars-rogers-ve-manavoglundan-erhurmana-destek\/#breadcrumb","itemListElement":[{"@type":"ListItem","position":1,"name":"Anasayfa","item":"https:\/\/haberkuzey.com\/"},{"@type":"ListItem","position":2,"name":"Baybars, Rogers ve Manavo\u011flu\u2019ndan Erh\u00fcrman\u2019a destek"}]},{"@type":"WebSite","@id":"https:\/\/haberkuzey.com\/#website","url":"https:\/\/haberkuzey.com\/","name":"Haber Kuzey","description":"Do\u011fru Haberin Adresi","potentialAction":[{"@type":"SearchAction","target":{"@type":"EntryPoint","urlTemplate":"https:\/\/haberkuzey.com\/?s={search_term_string}"},"query-input":{"@type":"PropertyValueSpecification","valueRequired":true,"valueName":"search_term_string"}}],"inLanguage":"tr"},{"@type":"Person","@id":"https:\/\/haberkuzey.com\/#\/schema\/person\/3372109ec735f9333f4fa47ebb9605ca","name":"haberkuzey","image":{"@type":"ImageObject","inLanguage":"tr","@id":"https:\/\/secure.gravatar.com\/avatar\/f5fc875574b1575324358c3b9e6a32b8227aa5b74f3fa22e3cadb63e26fcc39c?s=96&d=mm&r=g","url":"https:\/\/secure.gravatar.com\/avatar\/f5fc875574b1575324358c3b9e6a32b8227aa5b74f3fa22e3cadb63e26fcc39c?s=96&d=mm&r=g","contentUrl":"https:\/\/secure.gravatar.com\/avatar\/f5fc875574b1575324358c3b9e6a32b8227aa5b74f3fa22e3cadb63e26fcc39c?s=96&d=mm&r=g","caption":"haberkuzey"},"sameAs":["https:\/\/haberkuzey.com"],"url":"https:\/\/haberkuzey.com\/index.php\/author\/haberkuzey\/"}]}},"_links":{"self":[{"href":"https:\/\/haberkuzey.com\/index.php\/wp-json\/wp\/v2\/posts\/28569","targetHints":{"allow":["GET"]}}],"collection":[{"href":"https:\/\/haberkuzey.com\/index.php\/wp-json\/wp\/v2\/posts"}],"about":[{"href":"https:\/\/haberkuzey.com\/index.php\/wp-json\/wp\/v2\/types\/post"}],"author":[{"embeddable":true,"href":"https:\/\/haberkuzey.com\/index.php\/wp-json\/wp\/v2\/users\/1"}],"replies":[{"embeddable":true,"href":"https:\/\/haberkuzey.com\/index.php\/wp-json\/wp\/v2\/comments?post=28569"}],"version-history":[{"count":0,"href":"https:\/\/haberkuzey.com\/index.php\/wp-json\/wp\/v2\/posts\/28569\/revisions"}],"wp:featuredmedia":[{"embeddable":true,"href":"https:\/\/haberkuzey.com\/index.php\/wp-json\/wp\/v2\/media\/28570"}],"wp:attachment":[{"href":"https:\/\/haberkuzey.com\/index.php\/wp-json\/wp\/v2\/media?parent=28569"}],"wp:term":[{"taxonomy":"category","embeddable":true,"href":"https:\/\/haberkuzey.com\/index.php\/wp-json\/wp\/v2\/categories?post=28569"},{"taxonomy":"post_tag","embeddable":true,"href":"https:\/\/haberkuzey.com\/index.php\/wp-json\/wp\/v2\/tags?post=28569"}],"curies":[{"name":"wp","href":"https:\/\/api.w.org\/{rel}","templated":true}]}}