{"id":28567,"date":"2025-07-28T17:38:18","date_gmt":"2025-07-28T14:38:18","guid":{"rendered":"https:\/\/haberkuzey.com\/index.php\/2025\/07\/28\/turkiyede-tropikal-gece-yasanacak-yeni-sicaklik-rekoru-kirilabilir\/"},"modified":"2025-07-28T17:38:18","modified_gmt":"2025-07-28T14:38:18","slug":"turkiyede-tropikal-gece-yasanacak-yeni-sicaklik-rekoru-kirilabilir","status":"publish","type":"post","link":"https:\/\/haberkuzey.com\/index.php\/2025\/07\/28\/turkiyede-tropikal-gece-yasanacak-yeni-sicaklik-rekoru-kirilabilir\/","title":{"rendered":"T\u00fcrkiye\u2019de \u201ctropikal gece\u201d ya\u015fanacak: Yeni s\u0131cakl\u0131k rekoru k\u0131r\u0131labilir"},"content":{"rendered":"<div>\n<div class=\"mariselle-image-container center\">\n                                            <\/div>\n<p>T\u00fcrkiye\u2019de hava s\u0131cakl\u0131klar\u0131n\u0131n mevsim normallerinin 6 ila 12 derece \u00fczerinde seyretmesi nedeniyle yurt genelinde bu hafta \u201ctropikal gece\u201d ya\u015fanacak.<\/p>\n<p>T\u00fcrkiye \u00c7evre, \u015eehircilik ve \u0130klim De\u011fi\u015fikli\u011fi Bakanl\u0131\u011f\u0131 Meteoroloji Genel M\u00fcd\u00fcrl\u00fc\u011f\u00fc Hava Tahmin Uzman\u0131 Fevzi Burak Tekin, AA muhabirine, yurt genelinde beklenen hava durumuna ili\u015fkin de\u011ferlendirmede bulundu.<\/p>\n<p>Tekin, yap\u0131lan son de\u011ferlendirmelere g\u00f6re, yeni haftada da s\u0131cakl\u0131klar\u0131n artmaya devam edece\u011fini belirtti.<\/p>\n<p>S\u0131cakl\u0131klar\u0131n sahil kesimlerinde mevsim normallerinin 3 ila 6, Do\u011fu Anadolu ve G\u00fcneydo\u011fu Anadolu B\u00f6lgesi\u2019nde 4 ila 8, yurdun di\u011fer kesimlerinde 6 ila 12 derece \u00fczerinde seyredece\u011fini anlatan Tekin, s\u0131cak hava dalgas\u0131n\u0131n ya\u015fanaca\u011f\u0131n\u0131 s\u00f6yledi.<\/p>\n<p>Tekin, 25 Temmuz\u2019da \u015e\u0131rnak Silopi\u2019de 50,5 derece s\u0131cakl\u0131kla t\u00fcm zamanlar\u0131n T\u00fcrkiye s\u0131cakl\u0131k rekorunun k\u0131r\u0131ld\u0131\u011f\u0131n\u0131 an\u0131msatarak, y\u00fcksek s\u0131cakl\u0131klar nedeniyle bu hafta da rekor k\u0131r\u0131labilece\u011fi uyar\u0131s\u0131nda bulundu.<\/p>\n<p>Gece s\u0131cakl\u0131klar\u0131n\u0131n 20 derece ve \u00fczerinde seyretti\u011fi zamanlarda \u201ctropikal gece\u201d ya\u015fand\u0131\u011f\u0131n\u0131 aktaran Tekin, \u201c\u00dclkemizin i\u00e7, g\u00fcney ve bat\u0131 kesimlerinde gece s\u0131cakl\u0131klar\u0131 olduk\u00e7a y\u00fcksek, yer yer 30 dereceye yakla\u015fm\u0131\u015f durumda. Yurt genelinde bug\u00fcnlerde tropikal gece ya\u015f\u0131yoruz.\u201d ifadesini kulland\u0131.<\/p>\n<\/p><\/div>\n<p><script async\n                    defer\n                    crossorigin=\"anonymous\"\n                    src=\"https:\/\/connect.facebook.net\/tr_TR\/sdk.js#xfbml=1&#038;version=v3.3\"\n            ><\/script><\/p>\n","protected":false},"excerpt":{"rendered":"<p>T\u00fcrkiye\u2019de hava s\u0131cakl\u0131klar\u0131n\u0131n mevsim normallerinin 6 ila 12 derece \u00fczerinde seyretmesi nedeniyle yurt genelinde bu hafta \u201ctropikal gece\u201d ya\u015fanacak. T\u00fcrkiye \u00c7evre, \u015eehircilik ve \u0130klim De\u011fi\u015fikli\u011fi Bakanl\u0131\u011f\u0131 Meteoroloji Genel M\u00fcd\u00fcrl\u00fc\u011f\u00fc Hava Tahmin Uzman\u0131 Fevzi Burak Tekin, AA muhabirine, yurt genelinde beklenen hava durumuna ili\u015fkin de\u011ferlendirmede bulundu. Tekin, yap\u0131lan son de\u011ferlendirmelere g\u00f6re, yeni haftada da s\u0131cakl\u0131klar\u0131n artmaya [&hellip;]<\/p>\n","protected":false},"author":1,"featured_media":28568,"comment_status":"open","ping_status":"open","sticky":false,"template":"","format":"standard","meta":{"jnews-multi-image_gallery":[],"jnews_single_post":[],"jnews_primary_category":[],"footnotes":""},"categories":[2],"tags":[],"class_list":["post-28567","post","type-post","status-publish","format-standard","has-post-thumbnail","hentry","category-dunya"],"yoast_head":"<!-- This site is optimized with the Yoast SEO plugin v27.5 - https:\/\/yoast.com\/product\/yoast-seo-wordpress\/ -->\n<title>T\u00fcrkiye\u2019de \u201ctropikal gece\u201d ya\u015fanacak: Yeni s\u0131cakl\u0131k rekoru k\u0131r\u0131labilir - Haber Kuzey<\/title>\n<meta name=\"robots\" content=\"index, follow, max-snippet:-1, max-image-preview:large, max-video-preview:-1\" \/>\n<link rel=\"canonical\" href=\"https:\/\/haberkuzey.com\/index.php\/2025\/07\/28\/turkiyede-tropikal-gece-yasanacak-yeni-sicaklik-rekoru-kirilabilir\/\" \/>\n<meta property=\"og:locale\" content=\"tr_TR\" \/>\n<meta property=\"og:type\" content=\"article\" \/>\n<meta property=\"og:title\" content=\"T\u00fcrkiye\u2019de \u201ctropikal gece\u201d ya\u015fanacak: Yeni s\u0131cakl\u0131k rekoru k\u0131r\u0131labilir - Haber Kuzey\" \/>\n<meta property=\"og:description\" content=\"T\u00fcrkiye\u2019de hava s\u0131cakl\u0131klar\u0131n\u0131n mevsim normallerinin 6 ila 12 derece \u00fczerinde seyretmesi nedeniyle yurt genelinde bu hafta \u201ctropikal gece\u201d ya\u015fanacak. T\u00fcrkiye \u00c7evre, \u015eehircilik ve \u0130klim De\u011fi\u015fikli\u011fi Bakanl\u0131\u011f\u0131 Meteoroloji Genel M\u00fcd\u00fcrl\u00fc\u011f\u00fc Hava Tahmin Uzman\u0131 Fevzi Burak Tekin, AA muhabirine, yurt genelinde beklenen hava durumuna ili\u015fkin de\u011ferlendirmede bulundu. Tekin, yap\u0131lan son de\u011ferlendirmelere g\u00f6re, yeni haftada da s\u0131cakl\u0131klar\u0131n artmaya [&hellip;]\" \/>\n<meta property=\"og:url\" content=\"https:\/\/haberkuzey.com\/index.php\/2025\/07\/28\/turkiyede-tropikal-gece-yasanacak-yeni-sicaklik-rekoru-kirilabilir\/\" \/>\n<meta property=\"og:site_name\" content=\"Haber Kuzey\" \/>\n<meta property=\"article:published_time\" content=\"2025-07-28T14:38:18+00:00\" \/>\n<meta property=\"og:image\" content=\"https:\/\/brtk.net\/wp-content\/uploads\/2025\/07\/28\/1753702631996thumbs_b_c_b0b9fb6bec7aed04082a896c5585027b.jpg?ver=6898b6a312d7bf42eda7512ea01ffb18\" \/>\n<meta name=\"author\" content=\"haberkuzey\" \/>\n<meta name=\"twitter:card\" content=\"summary_large_image\" \/>\n<meta name=\"twitter:label1\" content=\"Yazan:\" \/>\n\t<meta name=\"twitter:data1\" content=\"haberkuzey\" \/>\n\t<meta name=\"twitter:label2\" content=\"Tahmini okuma s\u00fcresi\" \/>\n\t<meta name=\"twitter:data2\" content=\"1 dakika\" \/>\n<script type=\"application\/ld+json\" class=\"yoast-schema-graph\">{\"@context\":\"https:\\\/\\\/schema.org\",\"@graph\":[{\"@type\":\"Article\",\"@id\":\"https:\\\/\\\/haberkuzey.com\\\/index.php\\\/2025\\\/07\\\/28\\\/turkiyede-tropikal-gece-yasanacak-yeni-sicaklik-rekoru-kirilabilir\\\/#article\",\"isPartOf\":{\"@id\":\"https:\\\/\\\/haberkuzey.com\\\/index.php\\\/2025\\\/07\\\/28\\\/turkiyede-tropikal-gece-yasanacak-yeni-sicaklik-rekoru-kirilabilir\\\/\"},\"author\":{\"name\":\"haberkuzey\",\"@id\":\"https:\\\/\\\/haberkuzey.com\\\/#\\\/schema\\\/person\\\/3372109ec735f9333f4fa47ebb9605ca\"},\"headline\":\"T\u00fcrkiye\u2019de \u201ctropikal gece\u201d ya\u015fanacak: Yeni s\u0131cakl\u0131k rekoru k\u0131r\u0131labilir\",\"datePublished\":\"2025-07-28T14:38:18+00:00\",\"mainEntityOfPage\":{\"@id\":\"https:\\\/\\\/haberkuzey.com\\\/index.php\\\/2025\\\/07\\\/28\\\/turkiyede-tropikal-gece-yasanacak-yeni-sicaklik-rekoru-kirilabilir\\\/\"},\"wordCount\":230,\"commentCount\":0,\"image\":{\"@id\":\"https:\\\/\\\/haberkuzey.com\\\/index.php\\\/2025\\\/07\\\/28\\\/turkiyede-tropikal-gece-yasanacak-yeni-sicaklik-rekoru-kirilabilir\\\/#primaryimage\"},\"thumbnailUrl\":\"https:\\\/\\\/haberkuzey.com\\\/wp-content\\\/uploads\\\/2025\\\/07\\\/1753702631996thumbs_b_c_b0b9fb6bec7aed04082a896c5585027b.jpg\",\"articleSection\":[\"D\u00fcnya\"],\"inLanguage\":\"tr\",\"potentialAction\":[{\"@type\":\"CommentAction\",\"name\":\"Comment\",\"target\":[\"https:\\\/\\\/haberkuzey.com\\\/index.php\\\/2025\\\/07\\\/28\\\/turkiyede-tropikal-gece-yasanacak-yeni-sicaklik-rekoru-kirilabilir\\\/#respond\"]}]},{\"@type\":\"WebPage\",\"@id\":\"https:\\\/\\\/haberkuzey.com\\\/index.php\\\/2025\\\/07\\\/28\\\/turkiyede-tropikal-gece-yasanacak-yeni-sicaklik-rekoru-kirilabilir\\\/\",\"url\":\"https:\\\/\\\/haberkuzey.com\\\/index.php\\\/2025\\\/07\\\/28\\\/turkiyede-tropikal-gece-yasanacak-yeni-sicaklik-rekoru-kirilabilir\\\/\",\"name\":\"T\u00fcrkiye\u2019de \u201ctropikal gece\u201d ya\u015fanacak: Yeni s\u0131cakl\u0131k rekoru k\u0131r\u0131labilir - Haber Kuzey\",\"isPartOf\":{\"@id\":\"https:\\\/\\\/haberkuzey.com\\\/#website\"},\"primaryImageOfPage\":{\"@id\":\"https:\\\/\\\/haberkuzey.com\\\/index.php\\\/2025\\\/07\\\/28\\\/turkiyede-tropikal-gece-yasanacak-yeni-sicaklik-rekoru-kirilabilir\\\/#primaryimage\"},\"image\":{\"@id\":\"https:\\\/\\\/haberkuzey.com\\\/index.php\\\/2025\\\/07\\\/28\\\/turkiyede-tropikal-gece-yasanacak-yeni-sicaklik-rekoru-kirilabilir\\\/#primaryimage\"},\"thumbnailUrl\":\"https:\\\/\\\/haberkuzey.com\\\/wp-content\\\/uploads\\\/2025\\\/07\\\/1753702631996thumbs_b_c_b0b9fb6bec7aed04082a896c5585027b.jpg\",\"datePublished\":\"2025-07-28T14:38:18+00:00\",\"author\":{\"@id\":\"https:\\\/\\\/haberkuzey.com\\\/#\\\/schema\\\/person\\\/3372109ec735f9333f4fa47ebb9605ca\"},\"breadcrumb\":{\"@id\":\"https:\\\/\\\/haberkuzey.com\\\/index.php\\\/2025\\\/07\\\/28\\\/turkiyede-tropikal-gece-yasanacak-yeni-sicaklik-rekoru-kirilabilir\\\/#breadcrumb\"},\"inLanguage\":\"tr\",\"potentialAction\":[{\"@type\":\"ReadAction\",\"target\":[\"https:\\\/\\\/haberkuzey.com\\\/index.php\\\/2025\\\/07\\\/28\\\/turkiyede-tropikal-gece-yasanacak-yeni-sicaklik-rekoru-kirilabilir\\\/\"]}]},{\"@type\":\"ImageObject\",\"inLanguage\":\"tr\",\"@id\":\"https:\\\/\\\/haberkuzey.com\\\/index.php\\\/2025\\\/07\\\/28\\\/turkiyede-tropikal-gece-yasanacak-yeni-sicaklik-rekoru-kirilabilir\\\/#primaryimage\",\"url\":\"https:\\\/\\\/haberkuzey.com\\\/wp-content\\\/uploads\\\/2025\\\/07\\\/1753702631996thumbs_b_c_b0b9fb6bec7aed04082a896c5585027b.jpg\",\"contentUrl\":\"https:\\\/\\\/haberkuzey.com\\\/wp-content\\\/uploads\\\/2025\\\/07\\\/1753702631996thumbs_b_c_b0b9fb6bec7aed04082a896c5585027b.jpg\",\"width\":864,\"height\":486},{\"@type\":\"BreadcrumbList\",\"@id\":\"https:\\\/\\\/haberkuzey.com\\\/index.php\\\/2025\\\/07\\\/28\\\/turkiyede-tropikal-gece-yasanacak-yeni-sicaklik-rekoru-kirilabilir\\\/#breadcrumb\",\"itemListElement\":[{\"@type\":\"ListItem\",\"position\":1,\"name\":\"Anasayfa\",\"item\":\"https:\\\/\\\/haberkuzey.com\\\/\"},{\"@type\":\"ListItem\",\"position\":2,\"name\":\"T\u00fcrkiye\u2019de \u201ctropikal gece\u201d ya\u015fanacak: Yeni s\u0131cakl\u0131k rekoru k\u0131r\u0131labilir\"}]},{\"@type\":\"WebSite\",\"@id\":\"https:\\\/\\\/haberkuzey.com\\\/#website\",\"url\":\"https:\\\/\\\/haberkuzey.com\\\/\",\"name\":\"Haber Kuzey\",\"description\":\"Do\u011fru Haberin Adresi\",\"potentialAction\":[{\"@type\":\"SearchAction\",\"target\":{\"@type\":\"EntryPoint\",\"urlTemplate\":\"https:\\\/\\\/haberkuzey.com\\\/?s={search_term_string}\"},\"query-input\":{\"@type\":\"PropertyValueSpecification\",\"valueRequired\":true,\"valueName\":\"search_term_string\"}}],\"inLanguage\":\"tr\"},{\"@type\":\"Person\",\"@id\":\"https:\\\/\\\/haberkuzey.com\\\/#\\\/schema\\\/person\\\/3372109ec735f9333f4fa47ebb9605ca\",\"name\":\"haberkuzey\",\"image\":{\"@type\":\"ImageObject\",\"inLanguage\":\"tr\",\"@id\":\"https:\\\/\\\/secure.gravatar.com\\\/avatar\\\/f5fc875574b1575324358c3b9e6a32b8227aa5b74f3fa22e3cadb63e26fcc39c?s=96&d=mm&r=g\",\"url\":\"https:\\\/\\\/secure.gravatar.com\\\/avatar\\\/f5fc875574b1575324358c3b9e6a32b8227aa5b74f3fa22e3cadb63e26fcc39c?s=96&d=mm&r=g\",\"contentUrl\":\"https:\\\/\\\/secure.gravatar.com\\\/avatar\\\/f5fc875574b1575324358c3b9e6a32b8227aa5b74f3fa22e3cadb63e26fcc39c?s=96&d=mm&r=g\",\"caption\":\"haberkuzey\"},\"sameAs\":[\"https:\\\/\\\/haberkuzey.com\"],\"url\":\"https:\\\/\\\/haberkuzey.com\\\/index.php\\\/author\\\/haberkuzey\\\/\"}]}<\/script>\n<!-- \/ Yoast SEO plugin. -->","yoast_head_json":{"title":"T\u00fcrkiye\u2019de \u201ctropikal gece\u201d ya\u015fanacak: Yeni s\u0131cakl\u0131k rekoru k\u0131r\u0131labilir - Haber Kuzey","robots":{"index":"index","follow":"follow","max-snippet":"max-snippet:-1","max-image-preview":"max-image-preview:large","max-video-preview":"max-video-preview:-1"},"canonical":"https:\/\/haberkuzey.com\/index.php\/2025\/07\/28\/turkiyede-tropikal-gece-yasanacak-yeni-sicaklik-rekoru-kirilabilir\/","og_locale":"tr_TR","og_type":"article","og_title":"T\u00fcrkiye\u2019de \u201ctropikal gece\u201d ya\u015fanacak: Yeni s\u0131cakl\u0131k rekoru k\u0131r\u0131labilir - Haber Kuzey","og_description":"T\u00fcrkiye\u2019de hava s\u0131cakl\u0131klar\u0131n\u0131n mevsim normallerinin 6 ila 12 derece \u00fczerinde seyretmesi nedeniyle yurt genelinde bu hafta \u201ctropikal gece\u201d ya\u015fanacak. T\u00fcrkiye \u00c7evre, \u015eehircilik ve \u0130klim De\u011fi\u015fikli\u011fi Bakanl\u0131\u011f\u0131 Meteoroloji Genel M\u00fcd\u00fcrl\u00fc\u011f\u00fc Hava Tahmin Uzman\u0131 Fevzi Burak Tekin, AA muhabirine, yurt genelinde beklenen hava durumuna ili\u015fkin de\u011ferlendirmede bulundu. Tekin, yap\u0131lan son de\u011ferlendirmelere g\u00f6re, yeni haftada da s\u0131cakl\u0131klar\u0131n artmaya [&hellip;]","og_url":"https:\/\/haberkuzey.com\/index.php\/2025\/07\/28\/turkiyede-tropikal-gece-yasanacak-yeni-sicaklik-rekoru-kirilabilir\/","og_site_name":"Haber Kuzey","article_published_time":"2025-07-28T14:38:18+00:00","og_image":[{"url":"https:\/\/brtk.net\/wp-content\/uploads\/2025\/07\/28\/1753702631996thumbs_b_c_b0b9fb6bec7aed04082a896c5585027b.jpg?ver=6898b6a312d7bf42eda7512ea01ffb18","type":"","width":"","height":""}],"author":"haberkuzey","twitter_card":"summary_large_image","twitter_misc":{"Yazan:":"haberkuzey","Tahmini okuma s\u00fcresi":"1 dakika"},"schema":{"@context":"https:\/\/schema.org","@graph":[{"@type":"Article","@id":"https:\/\/haberkuzey.com\/index.php\/2025\/07\/28\/turkiyede-tropikal-gece-yasanacak-yeni-sicaklik-rekoru-kirilabilir\/#article","isPartOf":{"@id":"https:\/\/haberkuzey.com\/index.php\/2025\/07\/28\/turkiyede-tropikal-gece-yasanacak-yeni-sicaklik-rekoru-kirilabilir\/"},"author":{"name":"haberkuzey","@id":"https:\/\/haberkuzey.com\/#\/schema\/person\/3372109ec735f9333f4fa47ebb9605ca"},"headline":"T\u00fcrkiye\u2019de \u201ctropikal gece\u201d ya\u015fanacak: Yeni s\u0131cakl\u0131k rekoru k\u0131r\u0131labilir","datePublished":"2025-07-28T14:38:18+00:00","mainEntityOfPage":{"@id":"https:\/\/haberkuzey.com\/index.php\/2025\/07\/28\/turkiyede-tropikal-gece-yasanacak-yeni-sicaklik-rekoru-kirilabilir\/"},"wordCount":230,"commentCount":0,"image":{"@id":"https:\/\/haberkuzey.com\/index.php\/2025\/07\/28\/turkiyede-tropikal-gece-yasanacak-yeni-sicaklik-rekoru-kirilabilir\/#primaryimage"},"thumbnailUrl":"https:\/\/haberkuzey.com\/wp-content\/uploads\/2025\/07\/1753702631996thumbs_b_c_b0b9fb6bec7aed04082a896c5585027b.jpg","articleSection":["D\u00fcnya"],"inLanguage":"tr","potentialAction":[{"@type":"CommentAction","name":"Comment","target":["https:\/\/haberkuzey.com\/index.php\/2025\/07\/28\/turkiyede-tropikal-gece-yasanacak-yeni-sicaklik-rekoru-kirilabilir\/#respond"]}]},{"@type":"WebPage","@id":"https:\/\/haberkuzey.com\/index.php\/2025\/07\/28\/turkiyede-tropikal-gece-yasanacak-yeni-sicaklik-rekoru-kirilabilir\/","url":"https:\/\/haberkuzey.com\/index.php\/2025\/07\/28\/turkiyede-tropikal-gece-yasanacak-yeni-sicaklik-rekoru-kirilabilir\/","name":"T\u00fcrkiye\u2019de \u201ctropikal gece\u201d ya\u015fanacak: Yeni s\u0131cakl\u0131k rekoru k\u0131r\u0131labilir - Haber Kuzey","isPartOf":{"@id":"https:\/\/haberkuzey.com\/#website"},"primaryImageOfPage":{"@id":"https:\/\/haberkuzey.com\/index.php\/2025\/07\/28\/turkiyede-tropikal-gece-yasanacak-yeni-sicaklik-rekoru-kirilabilir\/#primaryimage"},"image":{"@id":"https:\/\/haberkuzey.com\/index.php\/2025\/07\/28\/turkiyede-tropikal-gece-yasanacak-yeni-sicaklik-rekoru-kirilabilir\/#primaryimage"},"thumbnailUrl":"https:\/\/haberkuzey.com\/wp-content\/uploads\/2025\/07\/1753702631996thumbs_b_c_b0b9fb6bec7aed04082a896c5585027b.jpg","datePublished":"2025-07-28T14:38:18+00:00","author":{"@id":"https:\/\/haberkuzey.com\/#\/schema\/person\/3372109ec735f9333f4fa47ebb9605ca"},"breadcrumb":{"@id":"https:\/\/haberkuzey.com\/index.php\/2025\/07\/28\/turkiyede-tropikal-gece-yasanacak-yeni-sicaklik-rekoru-kirilabilir\/#breadcrumb"},"inLanguage":"tr","potentialAction":[{"@type":"ReadAction","target":["https:\/\/haberkuzey.com\/index.php\/2025\/07\/28\/turkiyede-tropikal-gece-yasanacak-yeni-sicaklik-rekoru-kirilabilir\/"]}]},{"@type":"ImageObject","inLanguage":"tr","@id":"https:\/\/haberkuzey.com\/index.php\/2025\/07\/28\/turkiyede-tropikal-gece-yasanacak-yeni-sicaklik-rekoru-kirilabilir\/#primaryimage","url":"https:\/\/haberkuzey.com\/wp-content\/uploads\/2025\/07\/1753702631996thumbs_b_c_b0b9fb6bec7aed04082a896c5585027b.jpg","contentUrl":"https:\/\/haberkuzey.com\/wp-content\/uploads\/2025\/07\/1753702631996thumbs_b_c_b0b9fb6bec7aed04082a896c5585027b.jpg","width":864,"height":486},{"@type":"BreadcrumbList","@id":"https:\/\/haberkuzey.com\/index.php\/2025\/07\/28\/turkiyede-tropikal-gece-yasanacak-yeni-sicaklik-rekoru-kirilabilir\/#breadcrumb","itemListElement":[{"@type":"ListItem","position":1,"name":"Anasayfa","item":"https:\/\/haberkuzey.com\/"},{"@type":"ListItem","position":2,"name":"T\u00fcrkiye\u2019de \u201ctropikal gece\u201d ya\u015fanacak: Yeni s\u0131cakl\u0131k rekoru k\u0131r\u0131labilir"}]},{"@type":"WebSite","@id":"https:\/\/haberkuzey.com\/#website","url":"https:\/\/haberkuzey.com\/","name":"Haber Kuzey","description":"Do\u011fru Haberin Adresi","potentialAction":[{"@type":"SearchAction","target":{"@type":"EntryPoint","urlTemplate":"https:\/\/haberkuzey.com\/?s={search_term_string}"},"query-input":{"@type":"PropertyValueSpecification","valueRequired":true,"valueName":"search_term_string"}}],"inLanguage":"tr"},{"@type":"Person","@id":"https:\/\/haberkuzey.com\/#\/schema\/person\/3372109ec735f9333f4fa47ebb9605ca","name":"haberkuzey","image":{"@type":"ImageObject","inLanguage":"tr","@id":"https:\/\/secure.gravatar.com\/avatar\/f5fc875574b1575324358c3b9e6a32b8227aa5b74f3fa22e3cadb63e26fcc39c?s=96&d=mm&r=g","url":"https:\/\/secure.gravatar.com\/avatar\/f5fc875574b1575324358c3b9e6a32b8227aa5b74f3fa22e3cadb63e26fcc39c?s=96&d=mm&r=g","contentUrl":"https:\/\/secure.gravatar.com\/avatar\/f5fc875574b1575324358c3b9e6a32b8227aa5b74f3fa22e3cadb63e26fcc39c?s=96&d=mm&r=g","caption":"haberkuzey"},"sameAs":["https:\/\/haberkuzey.com"],"url":"https:\/\/haberkuzey.com\/index.php\/author\/haberkuzey\/"}]}},"_links":{"self":[{"href":"https:\/\/haberkuzey.com\/index.php\/wp-json\/wp\/v2\/posts\/28567","targetHints":{"allow":["GET"]}}],"collection":[{"href":"https:\/\/haberkuzey.com\/index.php\/wp-json\/wp\/v2\/posts"}],"about":[{"href":"https:\/\/haberkuzey.com\/index.php\/wp-json\/wp\/v2\/types\/post"}],"author":[{"embeddable":true,"href":"https:\/\/haberkuzey.com\/index.php\/wp-json\/wp\/v2\/users\/1"}],"replies":[{"embeddable":true,"href":"https:\/\/haberkuzey.com\/index.php\/wp-json\/wp\/v2\/comments?post=28567"}],"version-history":[{"count":0,"href":"https:\/\/haberkuzey.com\/index.php\/wp-json\/wp\/v2\/posts\/28567\/revisions"}],"wp:featuredmedia":[{"embeddable":true,"href":"https:\/\/haberkuzey.com\/index.php\/wp-json\/wp\/v2\/media\/28568"}],"wp:attachment":[{"href":"https:\/\/haberkuzey.com\/index.php\/wp-json\/wp\/v2\/media?parent=28567"}],"wp:term":[{"taxonomy":"category","embeddable":true,"href":"https:\/\/haberkuzey.com\/index.php\/wp-json\/wp\/v2\/categories?post=28567"},{"taxonomy":"post_tag","embeddable":true,"href":"https:\/\/haberkuzey.com\/index.php\/wp-json\/wp\/v2\/tags?post=28567"}],"curies":[{"name":"wp","href":"https:\/\/api.w.org\/{rel}","templated":true}]}}