{"id":270,"date":"2024-04-24T16:32:59","date_gmt":"2024-04-24T13:32:59","guid":{"rendered":"https:\/\/kuzeyinsesi.com\/index.php\/2024\/04\/24\/ydp-4-olagan-kurultayi-pazar-gunu-yapilacak-baskanlik-icin-arikli-ile-atalay-yarisacak\/"},"modified":"2024-04-24T16:32:59","modified_gmt":"2024-04-24T13:32:59","slug":"ydp-4-olagan-kurultayi-pazar-gunu-yapilacak-baskanlik-icin-arikli-ile-atalay-yarisacak","status":"publish","type":"post","link":"https:\/\/haberkuzey.com\/index.php\/2024\/04\/24\/ydp-4-olagan-kurultayi-pazar-gunu-yapilacak-baskanlik-icin-arikli-ile-atalay-yarisacak\/","title":{"rendered":"YDP 4. Ola\u011fan Kurultay\u0131 pazar g\u00fcn\u00fc yap\u0131lacak\u2026 Ba\u015fkanl\u0131k i\u00e7in Ar\u0131kl\u0131 ile Atalay yar\u0131\u015facak"},"content":{"rendered":"<div>\n<div class=\"mariselle-image-container center\">\n                                            <\/div>\n<p>\nYeniden Do\u011fu\u015f Partisi\u2019nin (YDP), 4\u2019\u00fcnc\u00fc Ola\u011fan Kurultay\u0131 pazar g\u00fcn\u00fc Atat\u00fcrk Spor Salonu\u2019nda yap\u0131lacak. Kurultayda, ba\u015fkanl\u0131k i\u00e7in \u015fimdiki Genel Ba\u015fkan Erhan Ar\u0131kl\u0131 ile Genel Sekreter Talip Atalay yar\u0131\u015facak.<\/p>\n<p>YDP\u2019den al\u0131nan bilgiye g\u00f6re, saat 10.00\u2019da yoklama ve a\u00e7\u0131l\u0131\u015f ile ba\u015flayacak kurultay, divan\u0131n olu\u015fturulmas\u0131 ile devam edecek.<\/p>\n<p>Sayg\u0131 duru\u015fu ve \u0130stiklal Mar\u015f\u0131\u2019n\u0131n ard\u0131ndan, Genel Ba\u015fkan Erhan Ar\u0131kl\u0131 a\u00e7\u0131l\u0131\u015f konu\u015fmas\u0131n\u0131 yapacak. Faaliyet ve mali raporun sunulmas\u0131 sonras\u0131nda Genel Ba\u015fkan adaylar\u0131 Erhan Ar\u0131kl\u0131 ve Talip Atalay \u00fcyelere hitap edecek.<\/p>\n<p>Ard\u0131ndan se\u00e7ime ge\u00e7ilecek. 7 bin 614 \u00fcyenin oy kullanaca\u011f\u0131 kurultayda sand\u0131klar saat 20.00\u2019de kapat\u0131lacak ve oy say\u0131m\u0131na ge\u00e7ilecek.<\/p>\n<p>-50 ki\u015filik Parti Meclisi i\u00e7in 171 aday<\/p>\n<p>50 ki\u015filik Parti Meclisi i\u00e7in 171 aday\u0131n ba\u015fvuru yapt\u0131\u011f\u0131 kurultayda, Kad\u0131n Kollar\u0131 ve Gen\u00e7lik Kollar\u0131 ba\u015fkanl\u0131\u011f\u0131 i\u00e7in iki\u015fer aday bulunuyor.<\/p>\n<p>Disiplin ve Denetleme Kurulunda ise aday say\u0131s\u0131 yeterli oldu\u011fu i\u00e7in yar\u0131\u015f olmayacak.<\/p>\n<p>YDP 4. Ola\u011fan Kurultay\u0131 nisap yetersizli\u011fi nedeniyle 28 Nisan\u2019a ertelenmi\u015fti. 20 Nisan\u2019da yap\u0131lmas\u0131 beklenen T\u00fcz\u00fck Kurultay\u0131 da ayn\u0131 gerek\u00e7eyle 5 May\u0131s Pazar g\u00fcn\u00fcne al\u0131nm\u0131\u015ft\u0131.<\/p>\n<\/p><\/div>\n<p><script async\n                    defer\n                    crossorigin=\"anonymous\"\n                    src=\"https:\/\/connect.facebook.net\/tr_TR\/sdk.js#xfbml=1&#038;version=v3.3\"\n            ><\/script><\/p>\n","protected":false},"excerpt":{"rendered":"<p>Yeniden Do\u011fu\u015f Partisi\u2019nin (YDP), 4\u2019\u00fcnc\u00fc Ola\u011fan Kurultay\u0131 pazar g\u00fcn\u00fc Atat\u00fcrk Spor Salonu\u2019nda yap\u0131lacak. Kurultayda, ba\u015fkanl\u0131k i\u00e7in \u015fimdiki Genel Ba\u015fkan Erhan Ar\u0131kl\u0131 ile Genel Sekreter Talip Atalay yar\u0131\u015facak. YDP\u2019den al\u0131nan bilgiye g\u00f6re, saat 10.00\u2019da yoklama ve a\u00e7\u0131l\u0131\u015f ile ba\u015flayacak kurultay, divan\u0131n olu\u015fturulmas\u0131 ile devam edecek. Sayg\u0131 duru\u015fu ve \u0130stiklal Mar\u015f\u0131\u2019n\u0131n ard\u0131ndan, Genel Ba\u015fkan Erhan Ar\u0131kl\u0131 a\u00e7\u0131l\u0131\u015f [&hellip;]<\/p>\n","protected":false},"author":1,"featured_media":271,"comment_status":"open","ping_status":"open","sticky":false,"template":"","format":"standard","meta":{"jnews-multi-image_gallery":[],"jnews_single_post":[],"jnews_primary_category":[],"footnotes":""},"categories":[1],"tags":[],"class_list":["post-270","post","type-post","status-publish","format-standard","has-post-thumbnail","hentry","category-kibris"],"yoast_head":"<!-- This site is optimized with the Yoast SEO plugin v27.5 - https:\/\/yoast.com\/product\/yoast-seo-wordpress\/ -->\n<title>YDP 4. Ola\u011fan Kurultay\u0131 pazar g\u00fcn\u00fc yap\u0131lacak\u2026 Ba\u015fkanl\u0131k i\u00e7in Ar\u0131kl\u0131 ile Atalay yar\u0131\u015facak - Haber Kuzey<\/title>\n<meta name=\"robots\" content=\"index, follow, max-snippet:-1, max-image-preview:large, max-video-preview:-1\" \/>\n<link rel=\"canonical\" href=\"https:\/\/haberkuzey.com\/index.php\/2024\/04\/24\/ydp-4-olagan-kurultayi-pazar-gunu-yapilacak-baskanlik-icin-arikli-ile-atalay-yarisacak\/\" \/>\n<meta property=\"og:locale\" content=\"tr_TR\" \/>\n<meta property=\"og:type\" content=\"article\" \/>\n<meta property=\"og:title\" content=\"YDP 4. Ola\u011fan Kurultay\u0131 pazar g\u00fcn\u00fc yap\u0131lacak\u2026 Ba\u015fkanl\u0131k i\u00e7in Ar\u0131kl\u0131 ile Atalay yar\u0131\u015facak - Haber Kuzey\" \/>\n<meta property=\"og:description\" content=\"Yeniden Do\u011fu\u015f Partisi\u2019nin (YDP), 4\u2019\u00fcnc\u00fc Ola\u011fan Kurultay\u0131 pazar g\u00fcn\u00fc Atat\u00fcrk Spor Salonu\u2019nda yap\u0131lacak. Kurultayda, ba\u015fkanl\u0131k i\u00e7in \u015fimdiki Genel Ba\u015fkan Erhan Ar\u0131kl\u0131 ile Genel Sekreter Talip Atalay yar\u0131\u015facak. YDP\u2019den al\u0131nan bilgiye g\u00f6re, saat 10.00\u2019da yoklama ve a\u00e7\u0131l\u0131\u015f ile ba\u015flayacak kurultay, divan\u0131n olu\u015fturulmas\u0131 ile devam edecek. Sayg\u0131 duru\u015fu ve \u0130stiklal Mar\u015f\u0131\u2019n\u0131n ard\u0131ndan, Genel Ba\u015fkan Erhan Ar\u0131kl\u0131 a\u00e7\u0131l\u0131\u015f [&hellip;]\" \/>\n<meta property=\"og:url\" content=\"https:\/\/haberkuzey.com\/index.php\/2024\/04\/24\/ydp-4-olagan-kurultayi-pazar-gunu-yapilacak-baskanlik-icin-arikli-ile-atalay-yarisacak\/\" \/>\n<meta property=\"og:site_name\" content=\"Haber Kuzey\" \/>\n<meta property=\"article:published_time\" content=\"2024-04-24T13:32:59+00:00\" \/>\n<meta property=\"og:image\" content=\"https:\/\/haberkuzey.com\/wp-content\/uploads\/2024\/04\/ydp-logo-21.jpeg\" \/>\n\t<meta property=\"og:image:width\" content=\"880\" \/>\n\t<meta property=\"og:image:height\" content=\"440\" \/>\n\t<meta property=\"og:image:type\" content=\"image\/jpeg\" \/>\n<meta name=\"author\" content=\"haberkuzey\" \/>\n<meta name=\"twitter:card\" content=\"summary_large_image\" \/>\n<meta name=\"twitter:label1\" content=\"Yazan:\" \/>\n\t<meta name=\"twitter:data1\" content=\"haberkuzey\" \/>\n\t<meta name=\"twitter:label2\" content=\"Tahmini okuma s\u00fcresi\" \/>\n\t<meta name=\"twitter:data2\" content=\"1 dakika\" \/>\n<script type=\"application\/ld+json\" class=\"yoast-schema-graph\">{\"@context\":\"https:\\\/\\\/schema.org\",\"@graph\":[{\"@type\":\"Article\",\"@id\":\"https:\\\/\\\/haberkuzey.com\\\/index.php\\\/2024\\\/04\\\/24\\\/ydp-4-olagan-kurultayi-pazar-gunu-yapilacak-baskanlik-icin-arikli-ile-atalay-yarisacak\\\/#article\",\"isPartOf\":{\"@id\":\"https:\\\/\\\/haberkuzey.com\\\/index.php\\\/2024\\\/04\\\/24\\\/ydp-4-olagan-kurultayi-pazar-gunu-yapilacak-baskanlik-icin-arikli-ile-atalay-yarisacak\\\/\"},\"author\":{\"name\":\"haberkuzey\",\"@id\":\"https:\\\/\\\/haberkuzey.com\\\/#\\\/schema\\\/person\\\/3372109ec735f9333f4fa47ebb9605ca\"},\"headline\":\"YDP 4. Ola\u011fan Kurultay\u0131 pazar g\u00fcn\u00fc yap\u0131lacak\u2026 Ba\u015fkanl\u0131k i\u00e7in Ar\u0131kl\u0131 ile Atalay yar\u0131\u015facak\",\"datePublished\":\"2024-04-24T13:32:59+00:00\",\"mainEntityOfPage\":{\"@id\":\"https:\\\/\\\/haberkuzey.com\\\/index.php\\\/2024\\\/04\\\/24\\\/ydp-4-olagan-kurultayi-pazar-gunu-yapilacak-baskanlik-icin-arikli-ile-atalay-yarisacak\\\/\"},\"wordCount\":234,\"commentCount\":0,\"image\":{\"@id\":\"https:\\\/\\\/haberkuzey.com\\\/index.php\\\/2024\\\/04\\\/24\\\/ydp-4-olagan-kurultayi-pazar-gunu-yapilacak-baskanlik-icin-arikli-ile-atalay-yarisacak\\\/#primaryimage\"},\"thumbnailUrl\":\"https:\\\/\\\/haberkuzey.com\\\/wp-content\\\/uploads\\\/2024\\\/04\\\/ydp-logo-21.jpeg\",\"articleSection\":[\"K\u0131br\u0131s\"],\"inLanguage\":\"tr\",\"potentialAction\":[{\"@type\":\"CommentAction\",\"name\":\"Comment\",\"target\":[\"https:\\\/\\\/haberkuzey.com\\\/index.php\\\/2024\\\/04\\\/24\\\/ydp-4-olagan-kurultayi-pazar-gunu-yapilacak-baskanlik-icin-arikli-ile-atalay-yarisacak\\\/#respond\"]}]},{\"@type\":\"WebPage\",\"@id\":\"https:\\\/\\\/haberkuzey.com\\\/index.php\\\/2024\\\/04\\\/24\\\/ydp-4-olagan-kurultayi-pazar-gunu-yapilacak-baskanlik-icin-arikli-ile-atalay-yarisacak\\\/\",\"url\":\"https:\\\/\\\/haberkuzey.com\\\/index.php\\\/2024\\\/04\\\/24\\\/ydp-4-olagan-kurultayi-pazar-gunu-yapilacak-baskanlik-icin-arikli-ile-atalay-yarisacak\\\/\",\"name\":\"YDP 4. Ola\u011fan Kurultay\u0131 pazar g\u00fcn\u00fc yap\u0131lacak\u2026 Ba\u015fkanl\u0131k i\u00e7in Ar\u0131kl\u0131 ile Atalay yar\u0131\u015facak - Haber Kuzey\",\"isPartOf\":{\"@id\":\"https:\\\/\\\/haberkuzey.com\\\/#website\"},\"primaryImageOfPage\":{\"@id\":\"https:\\\/\\\/haberkuzey.com\\\/index.php\\\/2024\\\/04\\\/24\\\/ydp-4-olagan-kurultayi-pazar-gunu-yapilacak-baskanlik-icin-arikli-ile-atalay-yarisacak\\\/#primaryimage\"},\"image\":{\"@id\":\"https:\\\/\\\/haberkuzey.com\\\/index.php\\\/2024\\\/04\\\/24\\\/ydp-4-olagan-kurultayi-pazar-gunu-yapilacak-baskanlik-icin-arikli-ile-atalay-yarisacak\\\/#primaryimage\"},\"thumbnailUrl\":\"https:\\\/\\\/haberkuzey.com\\\/wp-content\\\/uploads\\\/2024\\\/04\\\/ydp-logo-21.jpeg\",\"datePublished\":\"2024-04-24T13:32:59+00:00\",\"author\":{\"@id\":\"https:\\\/\\\/haberkuzey.com\\\/#\\\/schema\\\/person\\\/3372109ec735f9333f4fa47ebb9605ca\"},\"breadcrumb\":{\"@id\":\"https:\\\/\\\/haberkuzey.com\\\/index.php\\\/2024\\\/04\\\/24\\\/ydp-4-olagan-kurultayi-pazar-gunu-yapilacak-baskanlik-icin-arikli-ile-atalay-yarisacak\\\/#breadcrumb\"},\"inLanguage\":\"tr\",\"potentialAction\":[{\"@type\":\"ReadAction\",\"target\":[\"https:\\\/\\\/haberkuzey.com\\\/index.php\\\/2024\\\/04\\\/24\\\/ydp-4-olagan-kurultayi-pazar-gunu-yapilacak-baskanlik-icin-arikli-ile-atalay-yarisacak\\\/\"]}]},{\"@type\":\"ImageObject\",\"inLanguage\":\"tr\",\"@id\":\"https:\\\/\\\/haberkuzey.com\\\/index.php\\\/2024\\\/04\\\/24\\\/ydp-4-olagan-kurultayi-pazar-gunu-yapilacak-baskanlik-icin-arikli-ile-atalay-yarisacak\\\/#primaryimage\",\"url\":\"https:\\\/\\\/haberkuzey.com\\\/wp-content\\\/uploads\\\/2024\\\/04\\\/ydp-logo-21.jpeg\",\"contentUrl\":\"https:\\\/\\\/haberkuzey.com\\\/wp-content\\\/uploads\\\/2024\\\/04\\\/ydp-logo-21.jpeg\",\"width\":880,\"height\":440},{\"@type\":\"BreadcrumbList\",\"@id\":\"https:\\\/\\\/haberkuzey.com\\\/index.php\\\/2024\\\/04\\\/24\\\/ydp-4-olagan-kurultayi-pazar-gunu-yapilacak-baskanlik-icin-arikli-ile-atalay-yarisacak\\\/#breadcrumb\",\"itemListElement\":[{\"@type\":\"ListItem\",\"position\":1,\"name\":\"Anasayfa\",\"item\":\"https:\\\/\\\/haberkuzey.com\\\/\"},{\"@type\":\"ListItem\",\"position\":2,\"name\":\"YDP 4. Ola\u011fan Kurultay\u0131 pazar g\u00fcn\u00fc yap\u0131lacak\u2026 Ba\u015fkanl\u0131k i\u00e7in Ar\u0131kl\u0131 ile Atalay yar\u0131\u015facak\"}]},{\"@type\":\"WebSite\",\"@id\":\"https:\\\/\\\/haberkuzey.com\\\/#website\",\"url\":\"https:\\\/\\\/haberkuzey.com\\\/\",\"name\":\"Haber Kuzey\",\"description\":\"Do\u011fru Haberin Adresi\",\"potentialAction\":[{\"@type\":\"SearchAction\",\"target\":{\"@type\":\"EntryPoint\",\"urlTemplate\":\"https:\\\/\\\/haberkuzey.com\\\/?s={search_term_string}\"},\"query-input\":{\"@type\":\"PropertyValueSpecification\",\"valueRequired\":true,\"valueName\":\"search_term_string\"}}],\"inLanguage\":\"tr\"},{\"@type\":\"Person\",\"@id\":\"https:\\\/\\\/haberkuzey.com\\\/#\\\/schema\\\/person\\\/3372109ec735f9333f4fa47ebb9605ca\",\"name\":\"haberkuzey\",\"image\":{\"@type\":\"ImageObject\",\"inLanguage\":\"tr\",\"@id\":\"https:\\\/\\\/secure.gravatar.com\\\/avatar\\\/f5fc875574b1575324358c3b9e6a32b8227aa5b74f3fa22e3cadb63e26fcc39c?s=96&d=mm&r=g\",\"url\":\"https:\\\/\\\/secure.gravatar.com\\\/avatar\\\/f5fc875574b1575324358c3b9e6a32b8227aa5b74f3fa22e3cadb63e26fcc39c?s=96&d=mm&r=g\",\"contentUrl\":\"https:\\\/\\\/secure.gravatar.com\\\/avatar\\\/f5fc875574b1575324358c3b9e6a32b8227aa5b74f3fa22e3cadb63e26fcc39c?s=96&d=mm&r=g\",\"caption\":\"haberkuzey\"},\"sameAs\":[\"https:\\\/\\\/haberkuzey.com\"],\"url\":\"https:\\\/\\\/haberkuzey.com\\\/index.php\\\/author\\\/haberkuzey\\\/\"}]}<\/script>\n<!-- \/ Yoast SEO plugin. -->","yoast_head_json":{"title":"YDP 4. Ola\u011fan Kurultay\u0131 pazar g\u00fcn\u00fc yap\u0131lacak\u2026 Ba\u015fkanl\u0131k i\u00e7in Ar\u0131kl\u0131 ile Atalay yar\u0131\u015facak - Haber Kuzey","robots":{"index":"index","follow":"follow","max-snippet":"max-snippet:-1","max-image-preview":"max-image-preview:large","max-video-preview":"max-video-preview:-1"},"canonical":"https:\/\/haberkuzey.com\/index.php\/2024\/04\/24\/ydp-4-olagan-kurultayi-pazar-gunu-yapilacak-baskanlik-icin-arikli-ile-atalay-yarisacak\/","og_locale":"tr_TR","og_type":"article","og_title":"YDP 4. Ola\u011fan Kurultay\u0131 pazar g\u00fcn\u00fc yap\u0131lacak\u2026 Ba\u015fkanl\u0131k i\u00e7in Ar\u0131kl\u0131 ile Atalay yar\u0131\u015facak - Haber Kuzey","og_description":"Yeniden Do\u011fu\u015f Partisi\u2019nin (YDP), 4\u2019\u00fcnc\u00fc Ola\u011fan Kurultay\u0131 pazar g\u00fcn\u00fc Atat\u00fcrk Spor Salonu\u2019nda yap\u0131lacak. Kurultayda, ba\u015fkanl\u0131k i\u00e7in \u015fimdiki Genel Ba\u015fkan Erhan Ar\u0131kl\u0131 ile Genel Sekreter Talip Atalay yar\u0131\u015facak. YDP\u2019den al\u0131nan bilgiye g\u00f6re, saat 10.00\u2019da yoklama ve a\u00e7\u0131l\u0131\u015f ile ba\u015flayacak kurultay, divan\u0131n olu\u015fturulmas\u0131 ile devam edecek. Sayg\u0131 duru\u015fu ve \u0130stiklal Mar\u015f\u0131\u2019n\u0131n ard\u0131ndan, Genel Ba\u015fkan Erhan Ar\u0131kl\u0131 a\u00e7\u0131l\u0131\u015f [&hellip;]","og_url":"https:\/\/haberkuzey.com\/index.php\/2024\/04\/24\/ydp-4-olagan-kurultayi-pazar-gunu-yapilacak-baskanlik-icin-arikli-ile-atalay-yarisacak\/","og_site_name":"Haber Kuzey","article_published_time":"2024-04-24T13:32:59+00:00","og_image":[{"width":880,"height":440,"url":"https:\/\/haberkuzey.com\/wp-content\/uploads\/2024\/04\/ydp-logo-21.jpeg","type":"image\/jpeg"}],"author":"haberkuzey","twitter_card":"summary_large_image","twitter_misc":{"Yazan:":"haberkuzey","Tahmini okuma s\u00fcresi":"1 dakika"},"schema":{"@context":"https:\/\/schema.org","@graph":[{"@type":"Article","@id":"https:\/\/haberkuzey.com\/index.php\/2024\/04\/24\/ydp-4-olagan-kurultayi-pazar-gunu-yapilacak-baskanlik-icin-arikli-ile-atalay-yarisacak\/#article","isPartOf":{"@id":"https:\/\/haberkuzey.com\/index.php\/2024\/04\/24\/ydp-4-olagan-kurultayi-pazar-gunu-yapilacak-baskanlik-icin-arikli-ile-atalay-yarisacak\/"},"author":{"name":"haberkuzey","@id":"https:\/\/haberkuzey.com\/#\/schema\/person\/3372109ec735f9333f4fa47ebb9605ca"},"headline":"YDP 4. Ola\u011fan Kurultay\u0131 pazar g\u00fcn\u00fc yap\u0131lacak\u2026 Ba\u015fkanl\u0131k i\u00e7in Ar\u0131kl\u0131 ile Atalay yar\u0131\u015facak","datePublished":"2024-04-24T13:32:59+00:00","mainEntityOfPage":{"@id":"https:\/\/haberkuzey.com\/index.php\/2024\/04\/24\/ydp-4-olagan-kurultayi-pazar-gunu-yapilacak-baskanlik-icin-arikli-ile-atalay-yarisacak\/"},"wordCount":234,"commentCount":0,"image":{"@id":"https:\/\/haberkuzey.com\/index.php\/2024\/04\/24\/ydp-4-olagan-kurultayi-pazar-gunu-yapilacak-baskanlik-icin-arikli-ile-atalay-yarisacak\/#primaryimage"},"thumbnailUrl":"https:\/\/haberkuzey.com\/wp-content\/uploads\/2024\/04\/ydp-logo-21.jpeg","articleSection":["K\u0131br\u0131s"],"inLanguage":"tr","potentialAction":[{"@type":"CommentAction","name":"Comment","target":["https:\/\/haberkuzey.com\/index.php\/2024\/04\/24\/ydp-4-olagan-kurultayi-pazar-gunu-yapilacak-baskanlik-icin-arikli-ile-atalay-yarisacak\/#respond"]}]},{"@type":"WebPage","@id":"https:\/\/haberkuzey.com\/index.php\/2024\/04\/24\/ydp-4-olagan-kurultayi-pazar-gunu-yapilacak-baskanlik-icin-arikli-ile-atalay-yarisacak\/","url":"https:\/\/haberkuzey.com\/index.php\/2024\/04\/24\/ydp-4-olagan-kurultayi-pazar-gunu-yapilacak-baskanlik-icin-arikli-ile-atalay-yarisacak\/","name":"YDP 4. Ola\u011fan Kurultay\u0131 pazar g\u00fcn\u00fc yap\u0131lacak\u2026 Ba\u015fkanl\u0131k i\u00e7in Ar\u0131kl\u0131 ile Atalay yar\u0131\u015facak - Haber Kuzey","isPartOf":{"@id":"https:\/\/haberkuzey.com\/#website"},"primaryImageOfPage":{"@id":"https:\/\/haberkuzey.com\/index.php\/2024\/04\/24\/ydp-4-olagan-kurultayi-pazar-gunu-yapilacak-baskanlik-icin-arikli-ile-atalay-yarisacak\/#primaryimage"},"image":{"@id":"https:\/\/haberkuzey.com\/index.php\/2024\/04\/24\/ydp-4-olagan-kurultayi-pazar-gunu-yapilacak-baskanlik-icin-arikli-ile-atalay-yarisacak\/#primaryimage"},"thumbnailUrl":"https:\/\/haberkuzey.com\/wp-content\/uploads\/2024\/04\/ydp-logo-21.jpeg","datePublished":"2024-04-24T13:32:59+00:00","author":{"@id":"https:\/\/haberkuzey.com\/#\/schema\/person\/3372109ec735f9333f4fa47ebb9605ca"},"breadcrumb":{"@id":"https:\/\/haberkuzey.com\/index.php\/2024\/04\/24\/ydp-4-olagan-kurultayi-pazar-gunu-yapilacak-baskanlik-icin-arikli-ile-atalay-yarisacak\/#breadcrumb"},"inLanguage":"tr","potentialAction":[{"@type":"ReadAction","target":["https:\/\/haberkuzey.com\/index.php\/2024\/04\/24\/ydp-4-olagan-kurultayi-pazar-gunu-yapilacak-baskanlik-icin-arikli-ile-atalay-yarisacak\/"]}]},{"@type":"ImageObject","inLanguage":"tr","@id":"https:\/\/haberkuzey.com\/index.php\/2024\/04\/24\/ydp-4-olagan-kurultayi-pazar-gunu-yapilacak-baskanlik-icin-arikli-ile-atalay-yarisacak\/#primaryimage","url":"https:\/\/haberkuzey.com\/wp-content\/uploads\/2024\/04\/ydp-logo-21.jpeg","contentUrl":"https:\/\/haberkuzey.com\/wp-content\/uploads\/2024\/04\/ydp-logo-21.jpeg","width":880,"height":440},{"@type":"BreadcrumbList","@id":"https:\/\/haberkuzey.com\/index.php\/2024\/04\/24\/ydp-4-olagan-kurultayi-pazar-gunu-yapilacak-baskanlik-icin-arikli-ile-atalay-yarisacak\/#breadcrumb","itemListElement":[{"@type":"ListItem","position":1,"name":"Anasayfa","item":"https:\/\/haberkuzey.com\/"},{"@type":"ListItem","position":2,"name":"YDP 4. Ola\u011fan Kurultay\u0131 pazar g\u00fcn\u00fc yap\u0131lacak\u2026 Ba\u015fkanl\u0131k i\u00e7in Ar\u0131kl\u0131 ile Atalay yar\u0131\u015facak"}]},{"@type":"WebSite","@id":"https:\/\/haberkuzey.com\/#website","url":"https:\/\/haberkuzey.com\/","name":"Haber Kuzey","description":"Do\u011fru Haberin Adresi","potentialAction":[{"@type":"SearchAction","target":{"@type":"EntryPoint","urlTemplate":"https:\/\/haberkuzey.com\/?s={search_term_string}"},"query-input":{"@type":"PropertyValueSpecification","valueRequired":true,"valueName":"search_term_string"}}],"inLanguage":"tr"},{"@type":"Person","@id":"https:\/\/haberkuzey.com\/#\/schema\/person\/3372109ec735f9333f4fa47ebb9605ca","name":"haberkuzey","image":{"@type":"ImageObject","inLanguage":"tr","@id":"https:\/\/secure.gravatar.com\/avatar\/f5fc875574b1575324358c3b9e6a32b8227aa5b74f3fa22e3cadb63e26fcc39c?s=96&d=mm&r=g","url":"https:\/\/secure.gravatar.com\/avatar\/f5fc875574b1575324358c3b9e6a32b8227aa5b74f3fa22e3cadb63e26fcc39c?s=96&d=mm&r=g","contentUrl":"https:\/\/secure.gravatar.com\/avatar\/f5fc875574b1575324358c3b9e6a32b8227aa5b74f3fa22e3cadb63e26fcc39c?s=96&d=mm&r=g","caption":"haberkuzey"},"sameAs":["https:\/\/haberkuzey.com"],"url":"https:\/\/haberkuzey.com\/index.php\/author\/haberkuzey\/"}]}},"_links":{"self":[{"href":"https:\/\/haberkuzey.com\/index.php\/wp-json\/wp\/v2\/posts\/270","targetHints":{"allow":["GET"]}}],"collection":[{"href":"https:\/\/haberkuzey.com\/index.php\/wp-json\/wp\/v2\/posts"}],"about":[{"href":"https:\/\/haberkuzey.com\/index.php\/wp-json\/wp\/v2\/types\/post"}],"author":[{"embeddable":true,"href":"https:\/\/haberkuzey.com\/index.php\/wp-json\/wp\/v2\/users\/1"}],"replies":[{"embeddable":true,"href":"https:\/\/haberkuzey.com\/index.php\/wp-json\/wp\/v2\/comments?post=270"}],"version-history":[{"count":0,"href":"https:\/\/haberkuzey.com\/index.php\/wp-json\/wp\/v2\/posts\/270\/revisions"}],"wp:featuredmedia":[{"embeddable":true,"href":"https:\/\/haberkuzey.com\/index.php\/wp-json\/wp\/v2\/media\/271"}],"wp:attachment":[{"href":"https:\/\/haberkuzey.com\/index.php\/wp-json\/wp\/v2\/media?parent=270"}],"wp:term":[{"taxonomy":"category","embeddable":true,"href":"https:\/\/haberkuzey.com\/index.php\/wp-json\/wp\/v2\/categories?post=270"},{"taxonomy":"post_tag","embeddable":true,"href":"https:\/\/haberkuzey.com\/index.php\/wp-json\/wp\/v2\/tags?post=270"}],"curies":[{"name":"wp","href":"https:\/\/api.w.org\/{rel}","templated":true}]}}