{"id":26738,"date":"2025-06-28T16:24:36","date_gmt":"2025-06-28T13:24:36","guid":{"rendered":"https:\/\/haberkuzey.com\/index.php\/2025\/06\/28\/turkiye-genelinde-47-ilde-ormanlara-giris-yasaklandi\/"},"modified":"2025-06-28T16:24:36","modified_gmt":"2025-06-28T13:24:36","slug":"turkiye-genelinde-47-ilde-ormanlara-giris-yasaklandi","status":"publish","type":"post","link":"https:\/\/haberkuzey.com\/index.php\/2025\/06\/28\/turkiye-genelinde-47-ilde-ormanlara-giris-yasaklandi\/","title":{"rendered":"T\u00fcrkiye genelinde 47 ilde ormanlara giri\u015f yasakland\u0131"},"content":{"rendered":"<div>\n<div class=\"mariselle-image-container center\">\n                                            <\/div>\n<p>T\u00fcrkiye genelinde meteorolojik \u015fartlar bak\u0131m\u0131ndan yang\u0131n riski ta\u015f\u0131yan 47 ilde, ormanlara giri\u015f yasakland\u0131.<\/p>\n<p>Valilerin ba\u015fkanl\u0131\u011f\u0131nda toplanan Orman Yang\u0131nlar\u0131 M\u00fccadele Komisyonlar\u0131n\u0131n karar\u0131 gere\u011fi, Meteorolojiden al\u0131nan hava tahminleri \u00e7er\u00e7evesinde hava s\u0131cakl\u0131klar\u0131n\u0131n y\u00fckselece\u011fi ve r\u00fczgar\u0131n kuvvetli olarak etki g\u00f6sterece\u011fi baz\u0131 kentlerde, bir dizi tedbir al\u0131nd\u0131.<\/p>\n<p>Yang\u0131na m\u00fcdahale ekiplerinin koordinasyonu ve g\u00f6rev da\u011f\u0131l\u0131m\u0131, hava ve kara ara\u00e7lar\u0131n\u0131n etkin kullan\u0131m\u0131, yang\u0131n b\u00f6lgesindeki yerle\u015fim yerlerinin ve insanlar\u0131n tahliyesi ile g\u00fcvenli\u011fi, kamu kurumlar\u0131, belediyeler, sivil toplum kurulu\u015flar\u0131 ve halkla i\u015fbirli\u011fi i\u00e7inde \u00e7al\u0131\u015f\u0131lmas\u0131 gibi esaslar\u0131n belirlendi\u011fi komisyon toplant\u0131lar\u0131nda, ormanlara giri\u015flerin yasaklanmas\u0131 da g\u00f6r\u00fc\u015f\u00fcld\u00fc.<\/p>\n<p>Orman yang\u0131nlar\u0131 bak\u0131m\u0131ndan y\u00fcksek risk ta\u015f\u0131yan meteorolojik \u015fartlar olu\u015fmas\u0131 \u00f6ng\u00f6r\u00fcld\u00fc\u011f\u00fc i\u00e7in Karadeniz\u2019de 11, Marmara\u2019da 10, Ege\u2019de 8, Akdeniz\u2019de 8, G\u00fcneydo\u011fu\u2019da 3, Do\u011fu Anadolu\u2019da 2, \u0130\u00e7 Anadolu\u2019da 5 olmak \u00fczere 47 ilde 1 May\u0131s-30 Kas\u0131m aras\u0131ndaki farkl\u0131 tarihlerde ormanlara giri\u015f yap\u0131lmamas\u0131 karara ba\u011fland\u0131.<\/p>\n<p>Tabiat parklar\u0131, mesire ve g\u00fcn\u00fcbirlik kullan\u0131m alanlar\u0131nda mangal, kamp ate\u015fi, semaver ve ate\u015f yak\u0131lmas\u0131 esaslar\u0131n\u0131n da de\u011ferlendirildi\u011fi komisyonlarca s\u00f6nmeden at\u0131lan sigara izmaritleri ile kamp ate\u015fi ve pikniklerde kullan\u0131lan mangallar gibi dikkatsizliklerden kaynaklanan yang\u0131nlar\u0131n \u00f6nlenmesi hedefleniyor.<\/p>\n<\/p><\/div>\n<p><script async\n                    defer\n                    crossorigin=\"anonymous\"\n                    src=\"https:\/\/connect.facebook.net\/tr_TR\/sdk.js#xfbml=1&#038;version=v3.3\"\n            ><\/script><\/p>\n","protected":false},"excerpt":{"rendered":"<p>T\u00fcrkiye genelinde meteorolojik \u015fartlar bak\u0131m\u0131ndan yang\u0131n riski ta\u015f\u0131yan 47 ilde, ormanlara giri\u015f yasakland\u0131. Valilerin ba\u015fkanl\u0131\u011f\u0131nda toplanan Orman Yang\u0131nlar\u0131 M\u00fccadele Komisyonlar\u0131n\u0131n karar\u0131 gere\u011fi, Meteorolojiden al\u0131nan hava tahminleri \u00e7er\u00e7evesinde hava s\u0131cakl\u0131klar\u0131n\u0131n y\u00fckselece\u011fi ve r\u00fczgar\u0131n kuvvetli olarak etki g\u00f6sterece\u011fi baz\u0131 kentlerde, bir dizi tedbir al\u0131nd\u0131. Yang\u0131na m\u00fcdahale ekiplerinin koordinasyonu ve g\u00f6rev da\u011f\u0131l\u0131m\u0131, hava ve kara ara\u00e7lar\u0131n\u0131n etkin kullan\u0131m\u0131, [&hellip;]<\/p>\n","protected":false},"author":1,"featured_media":26739,"comment_status":"open","ping_status":"open","sticky":false,"template":"","format":"standard","meta":{"jnews-multi-image_gallery":[],"jnews_single_post":[],"jnews_primary_category":[],"footnotes":""},"categories":[2],"tags":[],"class_list":["post-26738","post","type-post","status-publish","format-standard","has-post-thumbnail","hentry","category-dunya"],"yoast_head":"<!-- This site is optimized with the Yoast SEO plugin v27.5 - https:\/\/yoast.com\/product\/yoast-seo-wordpress\/ -->\n<title>T\u00fcrkiye genelinde 47 ilde ormanlara giri\u015f yasakland\u0131 - Haber Kuzey<\/title>\n<meta name=\"robots\" content=\"index, follow, max-snippet:-1, max-image-preview:large, max-video-preview:-1\" \/>\n<link rel=\"canonical\" href=\"https:\/\/haberkuzey.com\/index.php\/2025\/06\/28\/turkiye-genelinde-47-ilde-ormanlara-giris-yasaklandi\/\" \/>\n<meta property=\"og:locale\" content=\"tr_TR\" \/>\n<meta property=\"og:type\" content=\"article\" \/>\n<meta property=\"og:title\" content=\"T\u00fcrkiye genelinde 47 ilde ormanlara giri\u015f yasakland\u0131 - Haber Kuzey\" \/>\n<meta property=\"og:description\" content=\"T\u00fcrkiye genelinde meteorolojik \u015fartlar bak\u0131m\u0131ndan yang\u0131n riski ta\u015f\u0131yan 47 ilde, ormanlara giri\u015f yasakland\u0131. Valilerin ba\u015fkanl\u0131\u011f\u0131nda toplanan Orman Yang\u0131nlar\u0131 M\u00fccadele Komisyonlar\u0131n\u0131n karar\u0131 gere\u011fi, Meteorolojiden al\u0131nan hava tahminleri \u00e7er\u00e7evesinde hava s\u0131cakl\u0131klar\u0131n\u0131n y\u00fckselece\u011fi ve r\u00fczgar\u0131n kuvvetli olarak etki g\u00f6sterece\u011fi baz\u0131 kentlerde, bir dizi tedbir al\u0131nd\u0131. Yang\u0131na m\u00fcdahale ekiplerinin koordinasyonu ve g\u00f6rev da\u011f\u0131l\u0131m\u0131, hava ve kara ara\u00e7lar\u0131n\u0131n etkin kullan\u0131m\u0131, [&hellip;]\" \/>\n<meta property=\"og:url\" content=\"https:\/\/haberkuzey.com\/index.php\/2025\/06\/28\/turkiye-genelinde-47-ilde-ormanlara-giris-yasaklandi\/\" \/>\n<meta property=\"og:site_name\" content=\"Haber Kuzey\" \/>\n<meta property=\"article:published_time\" content=\"2025-06-28T13:24:36+00:00\" \/>\n<meta property=\"og:image\" content=\"https:\/\/brtk.net\/wp-content\/uploads\/2025\/06\/28\/1751099774809thumbs_b_c_f8f34bb619d71ebc9636ef56d0b8f3bf.jpg?ver=b54da7dc64c564043a0c5b543ab3b24c\" \/>\n<meta name=\"author\" content=\"haberkuzey\" \/>\n<meta name=\"twitter:card\" content=\"summary_large_image\" \/>\n<meta name=\"twitter:label1\" content=\"Yazan:\" \/>\n\t<meta name=\"twitter:data1\" content=\"haberkuzey\" \/>\n\t<meta name=\"twitter:label2\" content=\"Tahmini okuma s\u00fcresi\" \/>\n\t<meta name=\"twitter:data2\" content=\"1 dakika\" \/>\n<script type=\"application\/ld+json\" class=\"yoast-schema-graph\">{\"@context\":\"https:\\\/\\\/schema.org\",\"@graph\":[{\"@type\":\"Article\",\"@id\":\"https:\\\/\\\/haberkuzey.com\\\/index.php\\\/2025\\\/06\\\/28\\\/turkiye-genelinde-47-ilde-ormanlara-giris-yasaklandi\\\/#article\",\"isPartOf\":{\"@id\":\"https:\\\/\\\/haberkuzey.com\\\/index.php\\\/2025\\\/06\\\/28\\\/turkiye-genelinde-47-ilde-ormanlara-giris-yasaklandi\\\/\"},\"author\":{\"name\":\"haberkuzey\",\"@id\":\"https:\\\/\\\/haberkuzey.com\\\/#\\\/schema\\\/person\\\/3372109ec735f9333f4fa47ebb9605ca\"},\"headline\":\"T\u00fcrkiye genelinde 47 ilde ormanlara giri\u015f yasakland\u0131\",\"datePublished\":\"2025-06-28T13:24:36+00:00\",\"mainEntityOfPage\":{\"@id\":\"https:\\\/\\\/haberkuzey.com\\\/index.php\\\/2025\\\/06\\\/28\\\/turkiye-genelinde-47-ilde-ormanlara-giris-yasaklandi\\\/\"},\"wordCount\":250,\"commentCount\":0,\"image\":{\"@id\":\"https:\\\/\\\/haberkuzey.com\\\/index.php\\\/2025\\\/06\\\/28\\\/turkiye-genelinde-47-ilde-ormanlara-giris-yasaklandi\\\/#primaryimage\"},\"thumbnailUrl\":\"https:\\\/\\\/haberkuzey.com\\\/wp-content\\\/uploads\\\/2025\\\/06\\\/1751099774809thumbs_b_c_f8f34bb619d71ebc9636ef56d0b8f3bf.jpg\",\"articleSection\":[\"D\u00fcnya\"],\"inLanguage\":\"tr\",\"potentialAction\":[{\"@type\":\"CommentAction\",\"name\":\"Comment\",\"target\":[\"https:\\\/\\\/haberkuzey.com\\\/index.php\\\/2025\\\/06\\\/28\\\/turkiye-genelinde-47-ilde-ormanlara-giris-yasaklandi\\\/#respond\"]}]},{\"@type\":\"WebPage\",\"@id\":\"https:\\\/\\\/haberkuzey.com\\\/index.php\\\/2025\\\/06\\\/28\\\/turkiye-genelinde-47-ilde-ormanlara-giris-yasaklandi\\\/\",\"url\":\"https:\\\/\\\/haberkuzey.com\\\/index.php\\\/2025\\\/06\\\/28\\\/turkiye-genelinde-47-ilde-ormanlara-giris-yasaklandi\\\/\",\"name\":\"T\u00fcrkiye genelinde 47 ilde ormanlara giri\u015f yasakland\u0131 - Haber Kuzey\",\"isPartOf\":{\"@id\":\"https:\\\/\\\/haberkuzey.com\\\/#website\"},\"primaryImageOfPage\":{\"@id\":\"https:\\\/\\\/haberkuzey.com\\\/index.php\\\/2025\\\/06\\\/28\\\/turkiye-genelinde-47-ilde-ormanlara-giris-yasaklandi\\\/#primaryimage\"},\"image\":{\"@id\":\"https:\\\/\\\/haberkuzey.com\\\/index.php\\\/2025\\\/06\\\/28\\\/turkiye-genelinde-47-ilde-ormanlara-giris-yasaklandi\\\/#primaryimage\"},\"thumbnailUrl\":\"https:\\\/\\\/haberkuzey.com\\\/wp-content\\\/uploads\\\/2025\\\/06\\\/1751099774809thumbs_b_c_f8f34bb619d71ebc9636ef56d0b8f3bf.jpg\",\"datePublished\":\"2025-06-28T13:24:36+00:00\",\"author\":{\"@id\":\"https:\\\/\\\/haberkuzey.com\\\/#\\\/schema\\\/person\\\/3372109ec735f9333f4fa47ebb9605ca\"},\"breadcrumb\":{\"@id\":\"https:\\\/\\\/haberkuzey.com\\\/index.php\\\/2025\\\/06\\\/28\\\/turkiye-genelinde-47-ilde-ormanlara-giris-yasaklandi\\\/#breadcrumb\"},\"inLanguage\":\"tr\",\"potentialAction\":[{\"@type\":\"ReadAction\",\"target\":[\"https:\\\/\\\/haberkuzey.com\\\/index.php\\\/2025\\\/06\\\/28\\\/turkiye-genelinde-47-ilde-ormanlara-giris-yasaklandi\\\/\"]}]},{\"@type\":\"ImageObject\",\"inLanguage\":\"tr\",\"@id\":\"https:\\\/\\\/haberkuzey.com\\\/index.php\\\/2025\\\/06\\\/28\\\/turkiye-genelinde-47-ilde-ormanlara-giris-yasaklandi\\\/#primaryimage\",\"url\":\"https:\\\/\\\/haberkuzey.com\\\/wp-content\\\/uploads\\\/2025\\\/06\\\/1751099774809thumbs_b_c_f8f34bb619d71ebc9636ef56d0b8f3bf.jpg\",\"contentUrl\":\"https:\\\/\\\/haberkuzey.com\\\/wp-content\\\/uploads\\\/2025\\\/06\\\/1751099774809thumbs_b_c_f8f34bb619d71ebc9636ef56d0b8f3bf.jpg\",\"width\":864,\"height\":486},{\"@type\":\"BreadcrumbList\",\"@id\":\"https:\\\/\\\/haberkuzey.com\\\/index.php\\\/2025\\\/06\\\/28\\\/turkiye-genelinde-47-ilde-ormanlara-giris-yasaklandi\\\/#breadcrumb\",\"itemListElement\":[{\"@type\":\"ListItem\",\"position\":1,\"name\":\"Anasayfa\",\"item\":\"https:\\\/\\\/haberkuzey.com\\\/\"},{\"@type\":\"ListItem\",\"position\":2,\"name\":\"T\u00fcrkiye genelinde 47 ilde ormanlara giri\u015f yasakland\u0131\"}]},{\"@type\":\"WebSite\",\"@id\":\"https:\\\/\\\/haberkuzey.com\\\/#website\",\"url\":\"https:\\\/\\\/haberkuzey.com\\\/\",\"name\":\"Haber Kuzey\",\"description\":\"Do\u011fru Haberin Adresi\",\"potentialAction\":[{\"@type\":\"SearchAction\",\"target\":{\"@type\":\"EntryPoint\",\"urlTemplate\":\"https:\\\/\\\/haberkuzey.com\\\/?s={search_term_string}\"},\"query-input\":{\"@type\":\"PropertyValueSpecification\",\"valueRequired\":true,\"valueName\":\"search_term_string\"}}],\"inLanguage\":\"tr\"},{\"@type\":\"Person\",\"@id\":\"https:\\\/\\\/haberkuzey.com\\\/#\\\/schema\\\/person\\\/3372109ec735f9333f4fa47ebb9605ca\",\"name\":\"haberkuzey\",\"image\":{\"@type\":\"ImageObject\",\"inLanguage\":\"tr\",\"@id\":\"https:\\\/\\\/secure.gravatar.com\\\/avatar\\\/f5fc875574b1575324358c3b9e6a32b8227aa5b74f3fa22e3cadb63e26fcc39c?s=96&d=mm&r=g\",\"url\":\"https:\\\/\\\/secure.gravatar.com\\\/avatar\\\/f5fc875574b1575324358c3b9e6a32b8227aa5b74f3fa22e3cadb63e26fcc39c?s=96&d=mm&r=g\",\"contentUrl\":\"https:\\\/\\\/secure.gravatar.com\\\/avatar\\\/f5fc875574b1575324358c3b9e6a32b8227aa5b74f3fa22e3cadb63e26fcc39c?s=96&d=mm&r=g\",\"caption\":\"haberkuzey\"},\"sameAs\":[\"https:\\\/\\\/haberkuzey.com\"],\"url\":\"https:\\\/\\\/haberkuzey.com\\\/index.php\\\/author\\\/haberkuzey\\\/\"}]}<\/script>\n<!-- \/ Yoast SEO plugin. -->","yoast_head_json":{"title":"T\u00fcrkiye genelinde 47 ilde ormanlara giri\u015f yasakland\u0131 - Haber Kuzey","robots":{"index":"index","follow":"follow","max-snippet":"max-snippet:-1","max-image-preview":"max-image-preview:large","max-video-preview":"max-video-preview:-1"},"canonical":"https:\/\/haberkuzey.com\/index.php\/2025\/06\/28\/turkiye-genelinde-47-ilde-ormanlara-giris-yasaklandi\/","og_locale":"tr_TR","og_type":"article","og_title":"T\u00fcrkiye genelinde 47 ilde ormanlara giri\u015f yasakland\u0131 - Haber Kuzey","og_description":"T\u00fcrkiye genelinde meteorolojik \u015fartlar bak\u0131m\u0131ndan yang\u0131n riski ta\u015f\u0131yan 47 ilde, ormanlara giri\u015f yasakland\u0131. Valilerin ba\u015fkanl\u0131\u011f\u0131nda toplanan Orman Yang\u0131nlar\u0131 M\u00fccadele Komisyonlar\u0131n\u0131n karar\u0131 gere\u011fi, Meteorolojiden al\u0131nan hava tahminleri \u00e7er\u00e7evesinde hava s\u0131cakl\u0131klar\u0131n\u0131n y\u00fckselece\u011fi ve r\u00fczgar\u0131n kuvvetli olarak etki g\u00f6sterece\u011fi baz\u0131 kentlerde, bir dizi tedbir al\u0131nd\u0131. Yang\u0131na m\u00fcdahale ekiplerinin koordinasyonu ve g\u00f6rev da\u011f\u0131l\u0131m\u0131, hava ve kara ara\u00e7lar\u0131n\u0131n etkin kullan\u0131m\u0131, [&hellip;]","og_url":"https:\/\/haberkuzey.com\/index.php\/2025\/06\/28\/turkiye-genelinde-47-ilde-ormanlara-giris-yasaklandi\/","og_site_name":"Haber Kuzey","article_published_time":"2025-06-28T13:24:36+00:00","og_image":[{"url":"https:\/\/brtk.net\/wp-content\/uploads\/2025\/06\/28\/1751099774809thumbs_b_c_f8f34bb619d71ebc9636ef56d0b8f3bf.jpg?ver=b54da7dc64c564043a0c5b543ab3b24c","type":"","width":"","height":""}],"author":"haberkuzey","twitter_card":"summary_large_image","twitter_misc":{"Yazan:":"haberkuzey","Tahmini okuma s\u00fcresi":"1 dakika"},"schema":{"@context":"https:\/\/schema.org","@graph":[{"@type":"Article","@id":"https:\/\/haberkuzey.com\/index.php\/2025\/06\/28\/turkiye-genelinde-47-ilde-ormanlara-giris-yasaklandi\/#article","isPartOf":{"@id":"https:\/\/haberkuzey.com\/index.php\/2025\/06\/28\/turkiye-genelinde-47-ilde-ormanlara-giris-yasaklandi\/"},"author":{"name":"haberkuzey","@id":"https:\/\/haberkuzey.com\/#\/schema\/person\/3372109ec735f9333f4fa47ebb9605ca"},"headline":"T\u00fcrkiye genelinde 47 ilde ormanlara giri\u015f yasakland\u0131","datePublished":"2025-06-28T13:24:36+00:00","mainEntityOfPage":{"@id":"https:\/\/haberkuzey.com\/index.php\/2025\/06\/28\/turkiye-genelinde-47-ilde-ormanlara-giris-yasaklandi\/"},"wordCount":250,"commentCount":0,"image":{"@id":"https:\/\/haberkuzey.com\/index.php\/2025\/06\/28\/turkiye-genelinde-47-ilde-ormanlara-giris-yasaklandi\/#primaryimage"},"thumbnailUrl":"https:\/\/haberkuzey.com\/wp-content\/uploads\/2025\/06\/1751099774809thumbs_b_c_f8f34bb619d71ebc9636ef56d0b8f3bf.jpg","articleSection":["D\u00fcnya"],"inLanguage":"tr","potentialAction":[{"@type":"CommentAction","name":"Comment","target":["https:\/\/haberkuzey.com\/index.php\/2025\/06\/28\/turkiye-genelinde-47-ilde-ormanlara-giris-yasaklandi\/#respond"]}]},{"@type":"WebPage","@id":"https:\/\/haberkuzey.com\/index.php\/2025\/06\/28\/turkiye-genelinde-47-ilde-ormanlara-giris-yasaklandi\/","url":"https:\/\/haberkuzey.com\/index.php\/2025\/06\/28\/turkiye-genelinde-47-ilde-ormanlara-giris-yasaklandi\/","name":"T\u00fcrkiye genelinde 47 ilde ormanlara giri\u015f yasakland\u0131 - Haber Kuzey","isPartOf":{"@id":"https:\/\/haberkuzey.com\/#website"},"primaryImageOfPage":{"@id":"https:\/\/haberkuzey.com\/index.php\/2025\/06\/28\/turkiye-genelinde-47-ilde-ormanlara-giris-yasaklandi\/#primaryimage"},"image":{"@id":"https:\/\/haberkuzey.com\/index.php\/2025\/06\/28\/turkiye-genelinde-47-ilde-ormanlara-giris-yasaklandi\/#primaryimage"},"thumbnailUrl":"https:\/\/haberkuzey.com\/wp-content\/uploads\/2025\/06\/1751099774809thumbs_b_c_f8f34bb619d71ebc9636ef56d0b8f3bf.jpg","datePublished":"2025-06-28T13:24:36+00:00","author":{"@id":"https:\/\/haberkuzey.com\/#\/schema\/person\/3372109ec735f9333f4fa47ebb9605ca"},"breadcrumb":{"@id":"https:\/\/haberkuzey.com\/index.php\/2025\/06\/28\/turkiye-genelinde-47-ilde-ormanlara-giris-yasaklandi\/#breadcrumb"},"inLanguage":"tr","potentialAction":[{"@type":"ReadAction","target":["https:\/\/haberkuzey.com\/index.php\/2025\/06\/28\/turkiye-genelinde-47-ilde-ormanlara-giris-yasaklandi\/"]}]},{"@type":"ImageObject","inLanguage":"tr","@id":"https:\/\/haberkuzey.com\/index.php\/2025\/06\/28\/turkiye-genelinde-47-ilde-ormanlara-giris-yasaklandi\/#primaryimage","url":"https:\/\/haberkuzey.com\/wp-content\/uploads\/2025\/06\/1751099774809thumbs_b_c_f8f34bb619d71ebc9636ef56d0b8f3bf.jpg","contentUrl":"https:\/\/haberkuzey.com\/wp-content\/uploads\/2025\/06\/1751099774809thumbs_b_c_f8f34bb619d71ebc9636ef56d0b8f3bf.jpg","width":864,"height":486},{"@type":"BreadcrumbList","@id":"https:\/\/haberkuzey.com\/index.php\/2025\/06\/28\/turkiye-genelinde-47-ilde-ormanlara-giris-yasaklandi\/#breadcrumb","itemListElement":[{"@type":"ListItem","position":1,"name":"Anasayfa","item":"https:\/\/haberkuzey.com\/"},{"@type":"ListItem","position":2,"name":"T\u00fcrkiye genelinde 47 ilde ormanlara giri\u015f yasakland\u0131"}]},{"@type":"WebSite","@id":"https:\/\/haberkuzey.com\/#website","url":"https:\/\/haberkuzey.com\/","name":"Haber Kuzey","description":"Do\u011fru Haberin Adresi","potentialAction":[{"@type":"SearchAction","target":{"@type":"EntryPoint","urlTemplate":"https:\/\/haberkuzey.com\/?s={search_term_string}"},"query-input":{"@type":"PropertyValueSpecification","valueRequired":true,"valueName":"search_term_string"}}],"inLanguage":"tr"},{"@type":"Person","@id":"https:\/\/haberkuzey.com\/#\/schema\/person\/3372109ec735f9333f4fa47ebb9605ca","name":"haberkuzey","image":{"@type":"ImageObject","inLanguage":"tr","@id":"https:\/\/secure.gravatar.com\/avatar\/f5fc875574b1575324358c3b9e6a32b8227aa5b74f3fa22e3cadb63e26fcc39c?s=96&d=mm&r=g","url":"https:\/\/secure.gravatar.com\/avatar\/f5fc875574b1575324358c3b9e6a32b8227aa5b74f3fa22e3cadb63e26fcc39c?s=96&d=mm&r=g","contentUrl":"https:\/\/secure.gravatar.com\/avatar\/f5fc875574b1575324358c3b9e6a32b8227aa5b74f3fa22e3cadb63e26fcc39c?s=96&d=mm&r=g","caption":"haberkuzey"},"sameAs":["https:\/\/haberkuzey.com"],"url":"https:\/\/haberkuzey.com\/index.php\/author\/haberkuzey\/"}]}},"_links":{"self":[{"href":"https:\/\/haberkuzey.com\/index.php\/wp-json\/wp\/v2\/posts\/26738","targetHints":{"allow":["GET"]}}],"collection":[{"href":"https:\/\/haberkuzey.com\/index.php\/wp-json\/wp\/v2\/posts"}],"about":[{"href":"https:\/\/haberkuzey.com\/index.php\/wp-json\/wp\/v2\/types\/post"}],"author":[{"embeddable":true,"href":"https:\/\/haberkuzey.com\/index.php\/wp-json\/wp\/v2\/users\/1"}],"replies":[{"embeddable":true,"href":"https:\/\/haberkuzey.com\/index.php\/wp-json\/wp\/v2\/comments?post=26738"}],"version-history":[{"count":0,"href":"https:\/\/haberkuzey.com\/index.php\/wp-json\/wp\/v2\/posts\/26738\/revisions"}],"wp:featuredmedia":[{"embeddable":true,"href":"https:\/\/haberkuzey.com\/index.php\/wp-json\/wp\/v2\/media\/26739"}],"wp:attachment":[{"href":"https:\/\/haberkuzey.com\/index.php\/wp-json\/wp\/v2\/media?parent=26738"}],"wp:term":[{"taxonomy":"category","embeddable":true,"href":"https:\/\/haberkuzey.com\/index.php\/wp-json\/wp\/v2\/categories?post=26738"},{"taxonomy":"post_tag","embeddable":true,"href":"https:\/\/haberkuzey.com\/index.php\/wp-json\/wp\/v2\/tags?post=26738"}],"curies":[{"name":"wp","href":"https:\/\/api.w.org\/{rel}","templated":true}]}}