{"id":26704,"date":"2025-06-27T16:46:23","date_gmt":"2025-06-27T13:46:23","guid":{"rendered":"https:\/\/haberkuzey.com\/index.php\/2025\/06\/27\/lefkosa-girne-ana-yolu-ve-kuzey-cevre-yolu-uzerindeki-yol-calismalari-devam-ediyor\/"},"modified":"2025-06-27T16:46:23","modified_gmt":"2025-06-27T13:46:23","slug":"lefkosa-girne-ana-yolu-ve-kuzey-cevre-yolu-uzerindeki-yol-calismalari-devam-ediyor","status":"publish","type":"post","link":"https:\/\/haberkuzey.com\/index.php\/2025\/06\/27\/lefkosa-girne-ana-yolu-ve-kuzey-cevre-yolu-uzerindeki-yol-calismalari-devam-ediyor\/","title":{"rendered":"Lefko\u015fa-Girne ana yolu ve Kuzey \u00c7evre Yolu \u00fczerindeki yol \u00e7al\u0131\u015fmalar\u0131 devam ediyor"},"content":{"rendered":"<div>\n<div class=\"mariselle-image-container none\">\n                                            <\/div>\n<p>Lefko\u015fa-Girne ana yolu ile Lefko\u015fa Kuzey \u00c7evre Yolu\u2019nun birle\u015ftiren k\u00f6pr\u00fcl\u00fc kav\u015faktaki\u00a0 yol yap\u0131m \u00e7al\u0131\u015fmalar\u0131n\u0131n devam etti\u011fi duyurularak\u00a0 s\u00fcr\u00fcc\u00fclerin dikkatli ve yava\u015f seyretmeleri; trafik i\u015faret ve i\u015faret\u00e7ilerine uymalar\u0131 istendi.<\/p>\n<p>Bay\u0131nd\u0131rl\u0131k ve Ula\u015ft\u0131rma Bakanl\u0131\u011f\u0131 Karayollar\u0131 Dairesi M\u00fcd\u00fcrl\u00fc\u011f\u00fc\u2019nden yap\u0131lan a\u00e7\u0131klamada, Lefko\u015fa-Girne ana yolu ile Lefko\u015fa Kuzey \u00c7evre Yolu\u2019nun birle\u015ftiren k\u00f6pr\u00fcl\u00fc kav\u015fakta yatay ve d\u00fc\u015fey i\u015faretleme i\u015fleri ile oto korkuluk \u00e7ak\u0131m i\u015flerinin s\u00fcrd\u00fc\u011f\u00fc belirtildi. A\u00e7\u0131klamada Lefko\u015fa Kuzey \u00c7evre Yolu ile Lefko\u015fa G\u00fczelyurt ana yolu ba\u011flant\u0131s\u0131 i\u00e7in de yol yap\u0131m \u00e7al\u0131\u015fmalar\u0131na devam edildi\u011fi de kaydedildi.<\/p>\n<\/p><\/div>\n<p><script async\n                    defer\n                    crossorigin=\"anonymous\"\n                    src=\"https:\/\/connect.facebook.net\/tr_TR\/sdk.js#xfbml=1&#038;version=v3.3\"\n            ><\/script><\/p>\n","protected":false},"excerpt":{"rendered":"<p>Lefko\u015fa-Girne ana yolu ile Lefko\u015fa Kuzey \u00c7evre Yolu\u2019nun birle\u015ftiren k\u00f6pr\u00fcl\u00fc kav\u015faktaki\u00a0 yol yap\u0131m \u00e7al\u0131\u015fmalar\u0131n\u0131n devam etti\u011fi duyurularak\u00a0 s\u00fcr\u00fcc\u00fclerin dikkatli ve yava\u015f seyretmeleri; trafik i\u015faret ve i\u015faret\u00e7ilerine uymalar\u0131 istendi. Bay\u0131nd\u0131rl\u0131k ve Ula\u015ft\u0131rma Bakanl\u0131\u011f\u0131 Karayollar\u0131 Dairesi M\u00fcd\u00fcrl\u00fc\u011f\u00fc\u2019nden yap\u0131lan a\u00e7\u0131klamada, Lefko\u015fa-Girne ana yolu ile Lefko\u015fa Kuzey \u00c7evre Yolu\u2019nun birle\u015ftiren k\u00f6pr\u00fcl\u00fc kav\u015fakta yatay ve d\u00fc\u015fey i\u015faretleme i\u015fleri ile oto [&hellip;]<\/p>\n","protected":false},"author":1,"featured_media":17616,"comment_status":"open","ping_status":"open","sticky":false,"template":"","format":"standard","meta":{"jnews-multi-image_gallery":[],"jnews_single_post":[],"jnews_primary_category":[],"footnotes":""},"categories":[1],"tags":[],"class_list":["post-26704","post","type-post","status-publish","format-standard","has-post-thumbnail","hentry","category-kibris"],"yoast_head":"<!-- This site is optimized with the Yoast SEO plugin v27.5 - https:\/\/yoast.com\/product\/yoast-seo-wordpress\/ -->\n<title>Lefko\u015fa-Girne ana yolu ve Kuzey \u00c7evre Yolu \u00fczerindeki yol \u00e7al\u0131\u015fmalar\u0131 devam ediyor - Haber Kuzey<\/title>\n<meta name=\"robots\" content=\"index, follow, max-snippet:-1, max-image-preview:large, max-video-preview:-1\" \/>\n<link rel=\"canonical\" href=\"https:\/\/haberkuzey.com\/index.php\/2025\/06\/27\/lefkosa-girne-ana-yolu-ve-kuzey-cevre-yolu-uzerindeki-yol-calismalari-devam-ediyor\/\" \/>\n<meta property=\"og:locale\" content=\"tr_TR\" \/>\n<meta property=\"og:type\" content=\"article\" \/>\n<meta property=\"og:title\" content=\"Lefko\u015fa-Girne ana yolu ve Kuzey \u00c7evre Yolu \u00fczerindeki yol \u00e7al\u0131\u015fmalar\u0131 devam ediyor - Haber Kuzey\" \/>\n<meta property=\"og:description\" content=\"Lefko\u015fa-Girne ana yolu ile Lefko\u015fa Kuzey \u00c7evre Yolu\u2019nun birle\u015ftiren k\u00f6pr\u00fcl\u00fc kav\u015faktaki\u00a0 yol yap\u0131m \u00e7al\u0131\u015fmalar\u0131n\u0131n devam etti\u011fi duyurularak\u00a0 s\u00fcr\u00fcc\u00fclerin dikkatli ve yava\u015f seyretmeleri; trafik i\u015faret ve i\u015faret\u00e7ilerine uymalar\u0131 istendi. Bay\u0131nd\u0131rl\u0131k ve Ula\u015ft\u0131rma Bakanl\u0131\u011f\u0131 Karayollar\u0131 Dairesi M\u00fcd\u00fcrl\u00fc\u011f\u00fc\u2019nden yap\u0131lan a\u00e7\u0131klamada, Lefko\u015fa-Girne ana yolu ile Lefko\u015fa Kuzey \u00c7evre Yolu\u2019nun birle\u015ftiren k\u00f6pr\u00fcl\u00fc kav\u015fakta yatay ve d\u00fc\u015fey i\u015faretleme i\u015fleri ile oto [&hellip;]\" \/>\n<meta property=\"og:url\" content=\"https:\/\/haberkuzey.com\/index.php\/2025\/06\/27\/lefkosa-girne-ana-yolu-ve-kuzey-cevre-yolu-uzerindeki-yol-calismalari-devam-ediyor\/\" \/>\n<meta property=\"og:site_name\" content=\"Haber Kuzey\" \/>\n<meta property=\"article:published_time\" content=\"2025-06-27T13:46:23+00:00\" \/>\n<meta property=\"og:image\" content=\"https:\/\/brtk.net\/wp-content\/uploads\/2025\/02\/06\/1738656142678karayollari-dairesi9.jpg?ver=7bd50cf8b9b89931d7f601bae3aaf387\" \/>\n<meta name=\"author\" content=\"haberkuzey\" \/>\n<meta name=\"twitter:card\" content=\"summary_large_image\" \/>\n<meta name=\"twitter:label1\" content=\"Yazan:\" \/>\n\t<meta name=\"twitter:data1\" content=\"haberkuzey\" \/>\n\t<meta name=\"twitter:label2\" content=\"Tahmini okuma s\u00fcresi\" \/>\n\t<meta name=\"twitter:data2\" content=\"1 dakika\" \/>\n<script type=\"application\/ld+json\" class=\"yoast-schema-graph\">{\"@context\":\"https:\\\/\\\/schema.org\",\"@graph\":[{\"@type\":\"Article\",\"@id\":\"https:\\\/\\\/haberkuzey.com\\\/index.php\\\/2025\\\/06\\\/27\\\/lefkosa-girne-ana-yolu-ve-kuzey-cevre-yolu-uzerindeki-yol-calismalari-devam-ediyor\\\/#article\",\"isPartOf\":{\"@id\":\"https:\\\/\\\/haberkuzey.com\\\/index.php\\\/2025\\\/06\\\/27\\\/lefkosa-girne-ana-yolu-ve-kuzey-cevre-yolu-uzerindeki-yol-calismalari-devam-ediyor\\\/\"},\"author\":{\"name\":\"haberkuzey\",\"@id\":\"https:\\\/\\\/haberkuzey.com\\\/#\\\/schema\\\/person\\\/3372109ec735f9333f4fa47ebb9605ca\"},\"headline\":\"Lefko\u015fa-Girne ana yolu ve Kuzey \u00c7evre Yolu \u00fczerindeki yol \u00e7al\u0131\u015fmalar\u0131 devam ediyor\",\"datePublished\":\"2025-06-27T13:46:23+00:00\",\"mainEntityOfPage\":{\"@id\":\"https:\\\/\\\/haberkuzey.com\\\/index.php\\\/2025\\\/06\\\/27\\\/lefkosa-girne-ana-yolu-ve-kuzey-cevre-yolu-uzerindeki-yol-calismalari-devam-ediyor\\\/\"},\"wordCount\":146,\"commentCount\":0,\"image\":{\"@id\":\"https:\\\/\\\/haberkuzey.com\\\/index.php\\\/2025\\\/06\\\/27\\\/lefkosa-girne-ana-yolu-ve-kuzey-cevre-yolu-uzerindeki-yol-calismalari-devam-ediyor\\\/#primaryimage\"},\"thumbnailUrl\":\"https:\\\/\\\/haberkuzey.com\\\/wp-content\\\/uploads\\\/2025\\\/02\\\/1738656142678karayollari-dairesi9.jpg\",\"articleSection\":[\"K\u0131br\u0131s\"],\"inLanguage\":\"tr\",\"potentialAction\":[{\"@type\":\"CommentAction\",\"name\":\"Comment\",\"target\":[\"https:\\\/\\\/haberkuzey.com\\\/index.php\\\/2025\\\/06\\\/27\\\/lefkosa-girne-ana-yolu-ve-kuzey-cevre-yolu-uzerindeki-yol-calismalari-devam-ediyor\\\/#respond\"]}]},{\"@type\":\"WebPage\",\"@id\":\"https:\\\/\\\/haberkuzey.com\\\/index.php\\\/2025\\\/06\\\/27\\\/lefkosa-girne-ana-yolu-ve-kuzey-cevre-yolu-uzerindeki-yol-calismalari-devam-ediyor\\\/\",\"url\":\"https:\\\/\\\/haberkuzey.com\\\/index.php\\\/2025\\\/06\\\/27\\\/lefkosa-girne-ana-yolu-ve-kuzey-cevre-yolu-uzerindeki-yol-calismalari-devam-ediyor\\\/\",\"name\":\"Lefko\u015fa-Girne ana yolu ve Kuzey \u00c7evre Yolu \u00fczerindeki yol \u00e7al\u0131\u015fmalar\u0131 devam ediyor - Haber Kuzey\",\"isPartOf\":{\"@id\":\"https:\\\/\\\/haberkuzey.com\\\/#website\"},\"primaryImageOfPage\":{\"@id\":\"https:\\\/\\\/haberkuzey.com\\\/index.php\\\/2025\\\/06\\\/27\\\/lefkosa-girne-ana-yolu-ve-kuzey-cevre-yolu-uzerindeki-yol-calismalari-devam-ediyor\\\/#primaryimage\"},\"image\":{\"@id\":\"https:\\\/\\\/haberkuzey.com\\\/index.php\\\/2025\\\/06\\\/27\\\/lefkosa-girne-ana-yolu-ve-kuzey-cevre-yolu-uzerindeki-yol-calismalari-devam-ediyor\\\/#primaryimage\"},\"thumbnailUrl\":\"https:\\\/\\\/haberkuzey.com\\\/wp-content\\\/uploads\\\/2025\\\/02\\\/1738656142678karayollari-dairesi9.jpg\",\"datePublished\":\"2025-06-27T13:46:23+00:00\",\"author\":{\"@id\":\"https:\\\/\\\/haberkuzey.com\\\/#\\\/schema\\\/person\\\/3372109ec735f9333f4fa47ebb9605ca\"},\"breadcrumb\":{\"@id\":\"https:\\\/\\\/haberkuzey.com\\\/index.php\\\/2025\\\/06\\\/27\\\/lefkosa-girne-ana-yolu-ve-kuzey-cevre-yolu-uzerindeki-yol-calismalari-devam-ediyor\\\/#breadcrumb\"},\"inLanguage\":\"tr\",\"potentialAction\":[{\"@type\":\"ReadAction\",\"target\":[\"https:\\\/\\\/haberkuzey.com\\\/index.php\\\/2025\\\/06\\\/27\\\/lefkosa-girne-ana-yolu-ve-kuzey-cevre-yolu-uzerindeki-yol-calismalari-devam-ediyor\\\/\"]}]},{\"@type\":\"ImageObject\",\"inLanguage\":\"tr\",\"@id\":\"https:\\\/\\\/haberkuzey.com\\\/index.php\\\/2025\\\/06\\\/27\\\/lefkosa-girne-ana-yolu-ve-kuzey-cevre-yolu-uzerindeki-yol-calismalari-devam-ediyor\\\/#primaryimage\",\"url\":\"https:\\\/\\\/haberkuzey.com\\\/wp-content\\\/uploads\\\/2025\\\/02\\\/1738656142678karayollari-dairesi9.jpg\",\"contentUrl\":\"https:\\\/\\\/haberkuzey.com\\\/wp-content\\\/uploads\\\/2025\\\/02\\\/1738656142678karayollari-dairesi9.jpg\",\"width\":971,\"height\":551},{\"@type\":\"BreadcrumbList\",\"@id\":\"https:\\\/\\\/haberkuzey.com\\\/index.php\\\/2025\\\/06\\\/27\\\/lefkosa-girne-ana-yolu-ve-kuzey-cevre-yolu-uzerindeki-yol-calismalari-devam-ediyor\\\/#breadcrumb\",\"itemListElement\":[{\"@type\":\"ListItem\",\"position\":1,\"name\":\"Anasayfa\",\"item\":\"https:\\\/\\\/haberkuzey.com\\\/\"},{\"@type\":\"ListItem\",\"position\":2,\"name\":\"Lefko\u015fa-Girne ana yolu ve Kuzey \u00c7evre Yolu \u00fczerindeki yol \u00e7al\u0131\u015fmalar\u0131 devam ediyor\"}]},{\"@type\":\"WebSite\",\"@id\":\"https:\\\/\\\/haberkuzey.com\\\/#website\",\"url\":\"https:\\\/\\\/haberkuzey.com\\\/\",\"name\":\"Haber Kuzey\",\"description\":\"Do\u011fru Haberin Adresi\",\"potentialAction\":[{\"@type\":\"SearchAction\",\"target\":{\"@type\":\"EntryPoint\",\"urlTemplate\":\"https:\\\/\\\/haberkuzey.com\\\/?s={search_term_string}\"},\"query-input\":{\"@type\":\"PropertyValueSpecification\",\"valueRequired\":true,\"valueName\":\"search_term_string\"}}],\"inLanguage\":\"tr\"},{\"@type\":\"Person\",\"@id\":\"https:\\\/\\\/haberkuzey.com\\\/#\\\/schema\\\/person\\\/3372109ec735f9333f4fa47ebb9605ca\",\"name\":\"haberkuzey\",\"image\":{\"@type\":\"ImageObject\",\"inLanguage\":\"tr\",\"@id\":\"https:\\\/\\\/secure.gravatar.com\\\/avatar\\\/f5fc875574b1575324358c3b9e6a32b8227aa5b74f3fa22e3cadb63e26fcc39c?s=96&d=mm&r=g\",\"url\":\"https:\\\/\\\/secure.gravatar.com\\\/avatar\\\/f5fc875574b1575324358c3b9e6a32b8227aa5b74f3fa22e3cadb63e26fcc39c?s=96&d=mm&r=g\",\"contentUrl\":\"https:\\\/\\\/secure.gravatar.com\\\/avatar\\\/f5fc875574b1575324358c3b9e6a32b8227aa5b74f3fa22e3cadb63e26fcc39c?s=96&d=mm&r=g\",\"caption\":\"haberkuzey\"},\"sameAs\":[\"https:\\\/\\\/haberkuzey.com\"],\"url\":\"https:\\\/\\\/haberkuzey.com\\\/index.php\\\/author\\\/haberkuzey\\\/\"}]}<\/script>\n<!-- \/ Yoast SEO plugin. -->","yoast_head_json":{"title":"Lefko\u015fa-Girne ana yolu ve Kuzey \u00c7evre Yolu \u00fczerindeki yol \u00e7al\u0131\u015fmalar\u0131 devam ediyor - Haber Kuzey","robots":{"index":"index","follow":"follow","max-snippet":"max-snippet:-1","max-image-preview":"max-image-preview:large","max-video-preview":"max-video-preview:-1"},"canonical":"https:\/\/haberkuzey.com\/index.php\/2025\/06\/27\/lefkosa-girne-ana-yolu-ve-kuzey-cevre-yolu-uzerindeki-yol-calismalari-devam-ediyor\/","og_locale":"tr_TR","og_type":"article","og_title":"Lefko\u015fa-Girne ana yolu ve Kuzey \u00c7evre Yolu \u00fczerindeki yol \u00e7al\u0131\u015fmalar\u0131 devam ediyor - Haber Kuzey","og_description":"Lefko\u015fa-Girne ana yolu ile Lefko\u015fa Kuzey \u00c7evre Yolu\u2019nun birle\u015ftiren k\u00f6pr\u00fcl\u00fc kav\u015faktaki\u00a0 yol yap\u0131m \u00e7al\u0131\u015fmalar\u0131n\u0131n devam etti\u011fi duyurularak\u00a0 s\u00fcr\u00fcc\u00fclerin dikkatli ve yava\u015f seyretmeleri; trafik i\u015faret ve i\u015faret\u00e7ilerine uymalar\u0131 istendi. Bay\u0131nd\u0131rl\u0131k ve Ula\u015ft\u0131rma Bakanl\u0131\u011f\u0131 Karayollar\u0131 Dairesi M\u00fcd\u00fcrl\u00fc\u011f\u00fc\u2019nden yap\u0131lan a\u00e7\u0131klamada, Lefko\u015fa-Girne ana yolu ile Lefko\u015fa Kuzey \u00c7evre Yolu\u2019nun birle\u015ftiren k\u00f6pr\u00fcl\u00fc kav\u015fakta yatay ve d\u00fc\u015fey i\u015faretleme i\u015fleri ile oto [&hellip;]","og_url":"https:\/\/haberkuzey.com\/index.php\/2025\/06\/27\/lefkosa-girne-ana-yolu-ve-kuzey-cevre-yolu-uzerindeki-yol-calismalari-devam-ediyor\/","og_site_name":"Haber Kuzey","article_published_time":"2025-06-27T13:46:23+00:00","og_image":[{"url":"https:\/\/brtk.net\/wp-content\/uploads\/2025\/02\/06\/1738656142678karayollari-dairesi9.jpg?ver=7bd50cf8b9b89931d7f601bae3aaf387","type":"","width":"","height":""}],"author":"haberkuzey","twitter_card":"summary_large_image","twitter_misc":{"Yazan:":"haberkuzey","Tahmini okuma s\u00fcresi":"1 dakika"},"schema":{"@context":"https:\/\/schema.org","@graph":[{"@type":"Article","@id":"https:\/\/haberkuzey.com\/index.php\/2025\/06\/27\/lefkosa-girne-ana-yolu-ve-kuzey-cevre-yolu-uzerindeki-yol-calismalari-devam-ediyor\/#article","isPartOf":{"@id":"https:\/\/haberkuzey.com\/index.php\/2025\/06\/27\/lefkosa-girne-ana-yolu-ve-kuzey-cevre-yolu-uzerindeki-yol-calismalari-devam-ediyor\/"},"author":{"name":"haberkuzey","@id":"https:\/\/haberkuzey.com\/#\/schema\/person\/3372109ec735f9333f4fa47ebb9605ca"},"headline":"Lefko\u015fa-Girne ana yolu ve Kuzey \u00c7evre Yolu \u00fczerindeki yol \u00e7al\u0131\u015fmalar\u0131 devam ediyor","datePublished":"2025-06-27T13:46:23+00:00","mainEntityOfPage":{"@id":"https:\/\/haberkuzey.com\/index.php\/2025\/06\/27\/lefkosa-girne-ana-yolu-ve-kuzey-cevre-yolu-uzerindeki-yol-calismalari-devam-ediyor\/"},"wordCount":146,"commentCount":0,"image":{"@id":"https:\/\/haberkuzey.com\/index.php\/2025\/06\/27\/lefkosa-girne-ana-yolu-ve-kuzey-cevre-yolu-uzerindeki-yol-calismalari-devam-ediyor\/#primaryimage"},"thumbnailUrl":"https:\/\/haberkuzey.com\/wp-content\/uploads\/2025\/02\/1738656142678karayollari-dairesi9.jpg","articleSection":["K\u0131br\u0131s"],"inLanguage":"tr","potentialAction":[{"@type":"CommentAction","name":"Comment","target":["https:\/\/haberkuzey.com\/index.php\/2025\/06\/27\/lefkosa-girne-ana-yolu-ve-kuzey-cevre-yolu-uzerindeki-yol-calismalari-devam-ediyor\/#respond"]}]},{"@type":"WebPage","@id":"https:\/\/haberkuzey.com\/index.php\/2025\/06\/27\/lefkosa-girne-ana-yolu-ve-kuzey-cevre-yolu-uzerindeki-yol-calismalari-devam-ediyor\/","url":"https:\/\/haberkuzey.com\/index.php\/2025\/06\/27\/lefkosa-girne-ana-yolu-ve-kuzey-cevre-yolu-uzerindeki-yol-calismalari-devam-ediyor\/","name":"Lefko\u015fa-Girne ana yolu ve Kuzey \u00c7evre Yolu \u00fczerindeki yol \u00e7al\u0131\u015fmalar\u0131 devam ediyor - Haber Kuzey","isPartOf":{"@id":"https:\/\/haberkuzey.com\/#website"},"primaryImageOfPage":{"@id":"https:\/\/haberkuzey.com\/index.php\/2025\/06\/27\/lefkosa-girne-ana-yolu-ve-kuzey-cevre-yolu-uzerindeki-yol-calismalari-devam-ediyor\/#primaryimage"},"image":{"@id":"https:\/\/haberkuzey.com\/index.php\/2025\/06\/27\/lefkosa-girne-ana-yolu-ve-kuzey-cevre-yolu-uzerindeki-yol-calismalari-devam-ediyor\/#primaryimage"},"thumbnailUrl":"https:\/\/haberkuzey.com\/wp-content\/uploads\/2025\/02\/1738656142678karayollari-dairesi9.jpg","datePublished":"2025-06-27T13:46:23+00:00","author":{"@id":"https:\/\/haberkuzey.com\/#\/schema\/person\/3372109ec735f9333f4fa47ebb9605ca"},"breadcrumb":{"@id":"https:\/\/haberkuzey.com\/index.php\/2025\/06\/27\/lefkosa-girne-ana-yolu-ve-kuzey-cevre-yolu-uzerindeki-yol-calismalari-devam-ediyor\/#breadcrumb"},"inLanguage":"tr","potentialAction":[{"@type":"ReadAction","target":["https:\/\/haberkuzey.com\/index.php\/2025\/06\/27\/lefkosa-girne-ana-yolu-ve-kuzey-cevre-yolu-uzerindeki-yol-calismalari-devam-ediyor\/"]}]},{"@type":"ImageObject","inLanguage":"tr","@id":"https:\/\/haberkuzey.com\/index.php\/2025\/06\/27\/lefkosa-girne-ana-yolu-ve-kuzey-cevre-yolu-uzerindeki-yol-calismalari-devam-ediyor\/#primaryimage","url":"https:\/\/haberkuzey.com\/wp-content\/uploads\/2025\/02\/1738656142678karayollari-dairesi9.jpg","contentUrl":"https:\/\/haberkuzey.com\/wp-content\/uploads\/2025\/02\/1738656142678karayollari-dairesi9.jpg","width":971,"height":551},{"@type":"BreadcrumbList","@id":"https:\/\/haberkuzey.com\/index.php\/2025\/06\/27\/lefkosa-girne-ana-yolu-ve-kuzey-cevre-yolu-uzerindeki-yol-calismalari-devam-ediyor\/#breadcrumb","itemListElement":[{"@type":"ListItem","position":1,"name":"Anasayfa","item":"https:\/\/haberkuzey.com\/"},{"@type":"ListItem","position":2,"name":"Lefko\u015fa-Girne ana yolu ve Kuzey \u00c7evre Yolu \u00fczerindeki yol \u00e7al\u0131\u015fmalar\u0131 devam ediyor"}]},{"@type":"WebSite","@id":"https:\/\/haberkuzey.com\/#website","url":"https:\/\/haberkuzey.com\/","name":"Haber Kuzey","description":"Do\u011fru Haberin Adresi","potentialAction":[{"@type":"SearchAction","target":{"@type":"EntryPoint","urlTemplate":"https:\/\/haberkuzey.com\/?s={search_term_string}"},"query-input":{"@type":"PropertyValueSpecification","valueRequired":true,"valueName":"search_term_string"}}],"inLanguage":"tr"},{"@type":"Person","@id":"https:\/\/haberkuzey.com\/#\/schema\/person\/3372109ec735f9333f4fa47ebb9605ca","name":"haberkuzey","image":{"@type":"ImageObject","inLanguage":"tr","@id":"https:\/\/secure.gravatar.com\/avatar\/f5fc875574b1575324358c3b9e6a32b8227aa5b74f3fa22e3cadb63e26fcc39c?s=96&d=mm&r=g","url":"https:\/\/secure.gravatar.com\/avatar\/f5fc875574b1575324358c3b9e6a32b8227aa5b74f3fa22e3cadb63e26fcc39c?s=96&d=mm&r=g","contentUrl":"https:\/\/secure.gravatar.com\/avatar\/f5fc875574b1575324358c3b9e6a32b8227aa5b74f3fa22e3cadb63e26fcc39c?s=96&d=mm&r=g","caption":"haberkuzey"},"sameAs":["https:\/\/haberkuzey.com"],"url":"https:\/\/haberkuzey.com\/index.php\/author\/haberkuzey\/"}]}},"_links":{"self":[{"href":"https:\/\/haberkuzey.com\/index.php\/wp-json\/wp\/v2\/posts\/26704","targetHints":{"allow":["GET"]}}],"collection":[{"href":"https:\/\/haberkuzey.com\/index.php\/wp-json\/wp\/v2\/posts"}],"about":[{"href":"https:\/\/haberkuzey.com\/index.php\/wp-json\/wp\/v2\/types\/post"}],"author":[{"embeddable":true,"href":"https:\/\/haberkuzey.com\/index.php\/wp-json\/wp\/v2\/users\/1"}],"replies":[{"embeddable":true,"href":"https:\/\/haberkuzey.com\/index.php\/wp-json\/wp\/v2\/comments?post=26704"}],"version-history":[{"count":0,"href":"https:\/\/haberkuzey.com\/index.php\/wp-json\/wp\/v2\/posts\/26704\/revisions"}],"wp:featuredmedia":[{"embeddable":true,"href":"https:\/\/haberkuzey.com\/index.php\/wp-json\/wp\/v2\/media\/17616"}],"wp:attachment":[{"href":"https:\/\/haberkuzey.com\/index.php\/wp-json\/wp\/v2\/media?parent=26704"}],"wp:term":[{"taxonomy":"category","embeddable":true,"href":"https:\/\/haberkuzey.com\/index.php\/wp-json\/wp\/v2\/categories?post=26704"},{"taxonomy":"post_tag","embeddable":true,"href":"https:\/\/haberkuzey.com\/index.php\/wp-json\/wp\/v2\/tags?post=26704"}],"curies":[{"name":"wp","href":"https:\/\/api.w.org\/{rel}","templated":true}]}}