{"id":26668,"date":"2025-06-27T10:56:03","date_gmt":"2025-06-27T07:56:03","guid":{"rendered":"https:\/\/haberkuzey.com\/index.php\/2025\/06\/27\/idari-kamu-ve-saglik-isleri-komitesi-toplandi-5\/"},"modified":"2025-06-27T10:56:03","modified_gmt":"2025-06-27T07:56:03","slug":"idari-kamu-ve-saglik-isleri-komitesi-toplandi-5","status":"publish","type":"post","link":"https:\/\/haberkuzey.com\/index.php\/2025\/06\/27\/idari-kamu-ve-saglik-isleri-komitesi-toplandi-5\/","title":{"rendered":"\u0130dari, Kamu ve Sa\u011fl\u0131k \u0130\u015fleri Komitesi topland\u0131"},"content":{"rendered":"<div>\n<div class=\"mariselle-image-container none\">\n                                            <\/div>\n<p>Komite Ba\u015fkan\u0131 Sunat Atun Ba\u015fkanl\u0131\u011f\u0131nda d\u00fcn toplanan\u00a0Cumhuriyet Meclisi, \u0130dari, Kamu ve Sa\u011fl\u0131k \u0130\u015fleri Komitesi\u00a0 \u201cDijital D\u00f6n\u00fc\u015f\u00fcm ve Elektronik Devlet Kurumu (De\u011fi\u015fiklik) Yasa \u00d6nerisi\u201d, \u201c\u0130skan, Toprakland\u0131rma ve E\u015fde\u011fer Mal (De\u011fi\u015fiklik) Yasa \u00d6nerisi\u201d ve \u201c290\/4\/2025\u201d numaral\u0131\u00a0\u00a0\u201cBelediyeler (De\u011fi\u015fiklik) Yasa Tasar\u0131s\u0131\u2019n\u0131\u201d oy birli\u011fiyle onaylayarak Genel Kurul\u2019a sevk etti.<\/p>\n<p>Cumhuriyet Meclisi\u2019nden verilen bilgiye g\u00f6re saat 11.00\u2019de yap\u0131lan toplant\u0131da komite, UBP Gazima\u011fusa Milletvekili Sunat Atun\u2018un \u00f6nerisiyle, g\u00fcndeminde bulunan \u201cDijital D\u00f6n\u00fc\u015f\u00fcm ve Elektronik Devlet Kurumu (De\u011fi\u015fiklik) Yasa \u00d6nerisi, \u00a0UBP Grubu Ad\u0131na Grup Ba\u015fkan Vekili Sunat Atun\u2019un \u00f6nerdi\u011fi \u201c\u0130skan, Toprakland\u0131rma ve E\u015fde\u011fer Mal (De\u011fi\u015fiklik) Yasa \u00d6nerisi\u201d, \u201c290\/4\/2025\u201d ve \u00a0\u201c291\/4\/2025\u201d numaral\u0131\u00a0Belediyeler (De\u011fi\u015fiklik) Yasa Tasar\u0131lar\u0131, \u201c\u0130nsan, H\u00fccre, Doku ve Organ Nakli \u0130le \u0130lgili Kurallar\u0131 D\u00fczenleyen (De\u011fi\u015fiklik) Yasa Tasar\u0131s\u0131, ve \u201cGenel Kuruldan Bir Daha G\u00f6r\u00fc\u015f\u00fclmek \u00dczere Komiteye Geri Al\u0131nan Sa\u011fl\u0131k Hizmetleri Dairesi (Kurulu\u015f, G\u00f6rev ve \u00c7al\u0131\u015fma Esaslar\u0131) Yasa Tasar\u0131s\u0131\u2019n\u0131 ele ald\u0131.<\/p>\n<p>Komite, ilk olarak g\u00fcndeminde bulunan, \u201cDijital D\u00f6n\u00fc\u015f\u00fcm ve Elektronik Devlet Kurumu (De\u011fi\u015fiklik) Yasa \u00d6nerisini oy birli\u011fi ile onaylayarak Genel Kurul\u2019un g\u00fcndemine sevk etti.\u00a0Komite toplant\u0131s\u0131na davetli olarak, Ba\u015fbakanl\u0131k, \u0130\u00e7i\u015fleri Bakanl\u0131\u011f\u0131 ve Kamu Y\u00f6netimi ve \u0130nsan Kaynaklar\u0131 Ba\u015fkanl\u0131\u011f\u0131\u2019ndan yetkililer kat\u0131larak konu ile ilgili g\u00f6r\u00fc\u015flerini sundu. Komite toplant\u0131s\u0131na CTP Milletvekili Salahi \u015eahiner de kat\u0131ld\u0131.<\/p>\n<p>Komite, ikinci s\u0131rada ele ald\u0131\u011f\u0131 \u201c\u0130skan, Toprakland\u0131rma ve E\u015fde\u011fer Mal (De\u011fi\u015fiklik) Yasa \u00d6nerisi\u2019ni de oy birli\u011fi ile onaylayarak Genel Kurul\u2019un g\u00fcndemine sevk etti.\u00a0Komite toplant\u0131s\u0131na davetli olarak, \u0130\u00e7i\u015fleri Bakanl\u0131\u011f\u0131\u2019ndan yetkililer kat\u0131larak konu ile ilgili g\u00f6r\u00fc\u015flerini sundu. Komite toplant\u0131s\u0131na CTP Milletvekili Salahi \u015eahiner de kat\u0131ld\u0131.<\/p>\n<p>Komite, \u00fc\u00e7\u00fcnc\u00fc s\u0131rada \u201c290\/4\/2025\u201d numaral\u0131\u00a0\u00a0\u201cBelediyeler (De\u011fi\u015fiklik) Yasa Tasar\u0131s\u0131\u2019n\u0131 ele ald\u0131 ve oy birli\u011fi ile onaylayarak Genel Kurul\u2019un g\u00fcndemine sevk etti.\u00a0Komite toplant\u0131s\u0131na davetli olarak,\u00a0 Ba\u015fbakanl\u0131k, Bay\u0131nd\u0131rl\u0131k ve Ula\u015ft\u0131rma Bakanl\u0131\u011f\u0131, KIBTEK ve K\u0131br\u0131s T\u00fcrk Belediyeler Birli\u011fi\u2019nden yetkililer kat\u0131larak konu ile ilgili g\u00f6r\u00fc\u015flerini sundu. Komite toplant\u0131s\u0131na ayr\u0131ca CTP Milletvekilleri Fazilet \u00d6zdenefe, \u015eifa \u00c7olako\u011flu ve Salahi \u015eahiner de kat\u0131ld\u0131.<\/p>\n<p>\u0130dari, Kamu ve Sa\u011fl\u0131k \u0130\u015fleri Komitesi, d\u00f6rd\u00fcnc\u00fc s\u0131rada g\u00fcndeminde bulunan \u201c291\/4\/2025\u201d numaral\u0131 \u00a0\u201cBelediyeler (De\u011fi\u015fiklik) Yasa Tasar\u0131s\u0131\u2019n\u0131 ele ald\u0131 ve genel g\u00f6r\u00fc\u015fmesini ger\u00e7ekle\u015ftirdi. Komite, bahse konu Yasa Tasar\u0131s\u0131 ile ilgili \u00e7al\u0131\u015fmalar\u0131na bir sonraki toplant\u0131s\u0131nda devam edecek.\u00a0Komite toplant\u0131s\u0131na davetli olarak, \u0130\u00e7i\u015fleri Bakanl\u0131\u011f\u0131 ve K\u0131br\u0131s T\u00fcrk Belediyeler Birli\u011fi\u2019nden yetkililer kat\u0131larak konu ile ilgili g\u00f6r\u00fc\u015flerini sundu.<\/p>\n<p>Komite, be\u015finci s\u0131rada g\u00fcndeminde bulunan \u201c\u0130nsan, H\u00fccre, Doku ve Organ Nakli \u0130le \u0130lgili Kurallar\u0131 D\u00fczenleyen (De\u011fi\u015fiklik) Yasa Tasar\u0131s\u0131\u2019n\u0131 ele ald\u0131 ve genel g\u00f6r\u00fc\u015fmesine ba\u015flad\u0131. Komite bahse konu Yasa Tasar\u0131s\u0131 ile ilgili \u00e7al\u0131\u015fmalar\u0131na bir sonraki toplant\u0131s\u0131nda devam edecek.\u00a0\u00a0Komite toplant\u0131s\u0131na davetli olarak, Sa\u011fl\u0131k Bakanl\u0131\u011f\u0131, Polis Genel M\u00fcd\u00fcrl\u00fc\u011f\u00fc, ve K\u0131br\u0131s T\u00fcrk Tabipler Birli\u011fi\u2019nden yetkililer kat\u0131larak konu ile ilgili g\u00f6r\u00fc\u015flerini sundu. Komite toplant\u0131s\u0131na ayr\u0131ca CTP Milletvekili S\u0131la Usar ve CTP Milletvekili Salahi \u015eahiner de kat\u0131ld\u0131.<\/p>\n<p>Komite, son olarak g\u00fcndeminde yer alan \u201cGenel Kuruldan Bir Daha G\u00f6r\u00fc\u015f\u00fclmek \u00dczere Komiteye Geri Al\u0131nan Sa\u011fl\u0131k Hizmetleri Dairesi (Kurulu\u015f, G\u00f6rev ve \u00c7al\u0131\u015fma Esaslar\u0131) Yasa Tasar\u0131s\u0131\u2019n\u0131 ele ald\u0131 ve madde madde g\u00f6r\u00fc\u015ft\u00fc. Komite bahse konu Yasa Tasar\u0131s\u0131 ile ilgili \u00e7al\u0131\u015fmalar\u0131na bir sonraki toplant\u0131s\u0131nda devam edecek.\u00a0Komite toplant\u0131s\u0131na davetli olarak, Sa\u011fl\u0131k Bakanl\u0131\u011f\u0131, K\u0131br\u0131s T\u00fcrk Tabipler Birli\u011fi, KTAMS ve TIP-\u0130\u015e\u2019den yetkililer kat\u0131larak konu ile ilgili g\u00f6r\u00fc\u015flerini sundu. Komite toplant\u0131s\u0131na ayr\u0131ca CTP Milletvekili Salahi \u015eahiner de kat\u0131ld\u0131.<\/p>\n<p>UBP Milletvekili Sunat Atun Ba\u015fkanl\u0131\u011f\u0131nda toplanan \u0130dari, Kamu ve Sa\u011fl\u0131k \u0130\u015fleri Komitesi toplant\u0131s\u0131na, Komite Ba\u015fkan Vekili CTP Milletvekili Filiz Besim, Komite \u00dcyeleri UBP Milletvekili Ahmet Sava\u015fan ve F\u0131rt\u0131na Karanfil ile CTP Milletvekili Devrim Bar\u00e7\u0131n kat\u0131ld\u0131.<\/p>\n<\/p><\/div>\n<p><script async\n                    defer\n                    crossorigin=\"anonymous\"\n                    src=\"https:\/\/connect.facebook.net\/tr_TR\/sdk.js#xfbml=1&#038;version=v3.3\"\n            ><\/script><\/p>\n","protected":false},"excerpt":{"rendered":"<p>Komite Ba\u015fkan\u0131 Sunat Atun Ba\u015fkanl\u0131\u011f\u0131nda d\u00fcn toplanan\u00a0Cumhuriyet Meclisi, \u0130dari, Kamu ve Sa\u011fl\u0131k \u0130\u015fleri Komitesi\u00a0 \u201cDijital D\u00f6n\u00fc\u015f\u00fcm ve Elektronik Devlet Kurumu (De\u011fi\u015fiklik) Yasa \u00d6nerisi\u201d, \u201c\u0130skan, Toprakland\u0131rma ve E\u015fde\u011fer Mal (De\u011fi\u015fiklik) Yasa \u00d6nerisi\u201d ve \u201c290\/4\/2025\u201d numaral\u0131\u00a0\u00a0\u201cBelediyeler (De\u011fi\u015fiklik) Yasa Tasar\u0131s\u0131\u2019n\u0131\u201d oy birli\u011fiyle onaylayarak Genel Kurul\u2019a sevk etti. Cumhuriyet Meclisi\u2019nden verilen bilgiye g\u00f6re saat 11.00\u2019de yap\u0131lan toplant\u0131da komite, UBP [&hellip;]<\/p>\n","protected":false},"author":1,"featured_media":26669,"comment_status":"open","ping_status":"open","sticky":false,"template":"","format":"standard","meta":{"jnews-multi-image_gallery":[],"jnews_single_post":[],"jnews_primary_category":[],"footnotes":""},"categories":[1],"tags":[],"class_list":["post-26668","post","type-post","status-publish","format-standard","has-post-thumbnail","hentry","category-kibris"],"yoast_head":"<!-- This site is optimized with the Yoast SEO plugin v27.5 - https:\/\/yoast.com\/product\/yoast-seo-wordpress\/ -->\n<title>\u0130dari, Kamu ve Sa\u011fl\u0131k \u0130\u015fleri Komitesi topland\u0131 - Haber Kuzey<\/title>\n<meta name=\"robots\" content=\"index, follow, max-snippet:-1, max-image-preview:large, max-video-preview:-1\" \/>\n<link rel=\"canonical\" href=\"https:\/\/haberkuzey.com\/index.php\/2025\/06\/27\/idari-kamu-ve-saglik-isleri-komitesi-toplandi-5\/\" \/>\n<meta property=\"og:locale\" content=\"tr_TR\" \/>\n<meta property=\"og:type\" content=\"article\" \/>\n<meta property=\"og:title\" content=\"\u0130dari, Kamu ve Sa\u011fl\u0131k \u0130\u015fleri Komitesi topland\u0131 - Haber Kuzey\" \/>\n<meta property=\"og:description\" content=\"Komite Ba\u015fkan\u0131 Sunat Atun Ba\u015fkanl\u0131\u011f\u0131nda d\u00fcn toplanan\u00a0Cumhuriyet Meclisi, \u0130dari, Kamu ve Sa\u011fl\u0131k \u0130\u015fleri Komitesi\u00a0 \u201cDijital D\u00f6n\u00fc\u015f\u00fcm ve Elektronik Devlet Kurumu (De\u011fi\u015fiklik) Yasa \u00d6nerisi\u201d, \u201c\u0130skan, Toprakland\u0131rma ve E\u015fde\u011fer Mal (De\u011fi\u015fiklik) Yasa \u00d6nerisi\u201d ve \u201c290\/4\/2025\u201d numaral\u0131\u00a0\u00a0\u201cBelediyeler (De\u011fi\u015fiklik) Yasa Tasar\u0131s\u0131\u2019n\u0131\u201d oy birli\u011fiyle onaylayarak Genel Kurul\u2019a sevk etti. Cumhuriyet Meclisi\u2019nden verilen bilgiye g\u00f6re saat 11.00\u2019de yap\u0131lan toplant\u0131da komite, UBP [&hellip;]\" \/>\n<meta property=\"og:url\" content=\"https:\/\/haberkuzey.com\/index.php\/2025\/06\/27\/idari-kamu-ve-saglik-isleri-komitesi-toplandi-5\/\" \/>\n<meta property=\"og:site_name\" content=\"Haber Kuzey\" \/>\n<meta property=\"article:published_time\" content=\"2025-06-27T07:56:03+00:00\" \/>\n<meta property=\"og:image\" content=\"https:\/\/brtk.net\/wp-content\/uploads\/2025\/06\/27\/IDARI-KOMITE3.jpeg?ver=0adc383c442e71942aa7c94fba65fa25\" \/>\n<meta name=\"author\" content=\"haberkuzey\" \/>\n<meta name=\"twitter:card\" content=\"summary_large_image\" \/>\n<meta name=\"twitter:label1\" content=\"Yazan:\" \/>\n\t<meta name=\"twitter:data1\" content=\"haberkuzey\" \/>\n\t<meta name=\"twitter:label2\" content=\"Tahmini okuma s\u00fcresi\" \/>\n\t<meta name=\"twitter:data2\" content=\"4 dakika\" \/>\n<script type=\"application\/ld+json\" class=\"yoast-schema-graph\">{\"@context\":\"https:\\\/\\\/schema.org\",\"@graph\":[{\"@type\":\"Article\",\"@id\":\"https:\\\/\\\/haberkuzey.com\\\/index.php\\\/2025\\\/06\\\/27\\\/idari-kamu-ve-saglik-isleri-komitesi-toplandi-5\\\/#article\",\"isPartOf\":{\"@id\":\"https:\\\/\\\/haberkuzey.com\\\/index.php\\\/2025\\\/06\\\/27\\\/idari-kamu-ve-saglik-isleri-komitesi-toplandi-5\\\/\"},\"author\":{\"name\":\"haberkuzey\",\"@id\":\"https:\\\/\\\/haberkuzey.com\\\/#\\\/schema\\\/person\\\/3372109ec735f9333f4fa47ebb9605ca\"},\"headline\":\"\u0130dari, Kamu ve Sa\u011fl\u0131k \u0130\u015fleri Komitesi topland\u0131\",\"datePublished\":\"2025-06-27T07:56:03+00:00\",\"mainEntityOfPage\":{\"@id\":\"https:\\\/\\\/haberkuzey.com\\\/index.php\\\/2025\\\/06\\\/27\\\/idari-kamu-ve-saglik-isleri-komitesi-toplandi-5\\\/\"},\"wordCount\":764,\"commentCount\":0,\"image\":{\"@id\":\"https:\\\/\\\/haberkuzey.com\\\/index.php\\\/2025\\\/06\\\/27\\\/idari-kamu-ve-saglik-isleri-komitesi-toplandi-5\\\/#primaryimage\"},\"thumbnailUrl\":\"https:\\\/\\\/haberkuzey.com\\\/wp-content\\\/uploads\\\/2025\\\/06\\\/IDARI-KOMITE3.jpeg\",\"articleSection\":[\"K\u0131br\u0131s\"],\"inLanguage\":\"tr\",\"potentialAction\":[{\"@type\":\"CommentAction\",\"name\":\"Comment\",\"target\":[\"https:\\\/\\\/haberkuzey.com\\\/index.php\\\/2025\\\/06\\\/27\\\/idari-kamu-ve-saglik-isleri-komitesi-toplandi-5\\\/#respond\"]}]},{\"@type\":\"WebPage\",\"@id\":\"https:\\\/\\\/haberkuzey.com\\\/index.php\\\/2025\\\/06\\\/27\\\/idari-kamu-ve-saglik-isleri-komitesi-toplandi-5\\\/\",\"url\":\"https:\\\/\\\/haberkuzey.com\\\/index.php\\\/2025\\\/06\\\/27\\\/idari-kamu-ve-saglik-isleri-komitesi-toplandi-5\\\/\",\"name\":\"\u0130dari, Kamu ve Sa\u011fl\u0131k \u0130\u015fleri Komitesi topland\u0131 - Haber Kuzey\",\"isPartOf\":{\"@id\":\"https:\\\/\\\/haberkuzey.com\\\/#website\"},\"primaryImageOfPage\":{\"@id\":\"https:\\\/\\\/haberkuzey.com\\\/index.php\\\/2025\\\/06\\\/27\\\/idari-kamu-ve-saglik-isleri-komitesi-toplandi-5\\\/#primaryimage\"},\"image\":{\"@id\":\"https:\\\/\\\/haberkuzey.com\\\/index.php\\\/2025\\\/06\\\/27\\\/idari-kamu-ve-saglik-isleri-komitesi-toplandi-5\\\/#primaryimage\"},\"thumbnailUrl\":\"https:\\\/\\\/haberkuzey.com\\\/wp-content\\\/uploads\\\/2025\\\/06\\\/IDARI-KOMITE3.jpeg\",\"datePublished\":\"2025-06-27T07:56:03+00:00\",\"author\":{\"@id\":\"https:\\\/\\\/haberkuzey.com\\\/#\\\/schema\\\/person\\\/3372109ec735f9333f4fa47ebb9605ca\"},\"breadcrumb\":{\"@id\":\"https:\\\/\\\/haberkuzey.com\\\/index.php\\\/2025\\\/06\\\/27\\\/idari-kamu-ve-saglik-isleri-komitesi-toplandi-5\\\/#breadcrumb\"},\"inLanguage\":\"tr\",\"potentialAction\":[{\"@type\":\"ReadAction\",\"target\":[\"https:\\\/\\\/haberkuzey.com\\\/index.php\\\/2025\\\/06\\\/27\\\/idari-kamu-ve-saglik-isleri-komitesi-toplandi-5\\\/\"]}]},{\"@type\":\"ImageObject\",\"inLanguage\":\"tr\",\"@id\":\"https:\\\/\\\/haberkuzey.com\\\/index.php\\\/2025\\\/06\\\/27\\\/idari-kamu-ve-saglik-isleri-komitesi-toplandi-5\\\/#primaryimage\",\"url\":\"https:\\\/\\\/haberkuzey.com\\\/wp-content\\\/uploads\\\/2025\\\/06\\\/IDARI-KOMITE3.jpeg\",\"contentUrl\":\"https:\\\/\\\/haberkuzey.com\\\/wp-content\\\/uploads\\\/2025\\\/06\\\/IDARI-KOMITE3.jpeg\",\"width\":930,\"height\":416},{\"@type\":\"BreadcrumbList\",\"@id\":\"https:\\\/\\\/haberkuzey.com\\\/index.php\\\/2025\\\/06\\\/27\\\/idari-kamu-ve-saglik-isleri-komitesi-toplandi-5\\\/#breadcrumb\",\"itemListElement\":[{\"@type\":\"ListItem\",\"position\":1,\"name\":\"Anasayfa\",\"item\":\"https:\\\/\\\/haberkuzey.com\\\/\"},{\"@type\":\"ListItem\",\"position\":2,\"name\":\"\u0130dari, Kamu ve Sa\u011fl\u0131k \u0130\u015fleri Komitesi topland\u0131\"}]},{\"@type\":\"WebSite\",\"@id\":\"https:\\\/\\\/haberkuzey.com\\\/#website\",\"url\":\"https:\\\/\\\/haberkuzey.com\\\/\",\"name\":\"Haber Kuzey\",\"description\":\"Do\u011fru Haberin Adresi\",\"potentialAction\":[{\"@type\":\"SearchAction\",\"target\":{\"@type\":\"EntryPoint\",\"urlTemplate\":\"https:\\\/\\\/haberkuzey.com\\\/?s={search_term_string}\"},\"query-input\":{\"@type\":\"PropertyValueSpecification\",\"valueRequired\":true,\"valueName\":\"search_term_string\"}}],\"inLanguage\":\"tr\"},{\"@type\":\"Person\",\"@id\":\"https:\\\/\\\/haberkuzey.com\\\/#\\\/schema\\\/person\\\/3372109ec735f9333f4fa47ebb9605ca\",\"name\":\"haberkuzey\",\"image\":{\"@type\":\"ImageObject\",\"inLanguage\":\"tr\",\"@id\":\"https:\\\/\\\/secure.gravatar.com\\\/avatar\\\/f5fc875574b1575324358c3b9e6a32b8227aa5b74f3fa22e3cadb63e26fcc39c?s=96&d=mm&r=g\",\"url\":\"https:\\\/\\\/secure.gravatar.com\\\/avatar\\\/f5fc875574b1575324358c3b9e6a32b8227aa5b74f3fa22e3cadb63e26fcc39c?s=96&d=mm&r=g\",\"contentUrl\":\"https:\\\/\\\/secure.gravatar.com\\\/avatar\\\/f5fc875574b1575324358c3b9e6a32b8227aa5b74f3fa22e3cadb63e26fcc39c?s=96&d=mm&r=g\",\"caption\":\"haberkuzey\"},\"sameAs\":[\"https:\\\/\\\/haberkuzey.com\"],\"url\":\"https:\\\/\\\/haberkuzey.com\\\/index.php\\\/author\\\/haberkuzey\\\/\"}]}<\/script>\n<!-- \/ Yoast SEO plugin. -->","yoast_head_json":{"title":"\u0130dari, Kamu ve Sa\u011fl\u0131k \u0130\u015fleri Komitesi topland\u0131 - Haber Kuzey","robots":{"index":"index","follow":"follow","max-snippet":"max-snippet:-1","max-image-preview":"max-image-preview:large","max-video-preview":"max-video-preview:-1"},"canonical":"https:\/\/haberkuzey.com\/index.php\/2025\/06\/27\/idari-kamu-ve-saglik-isleri-komitesi-toplandi-5\/","og_locale":"tr_TR","og_type":"article","og_title":"\u0130dari, Kamu ve Sa\u011fl\u0131k \u0130\u015fleri Komitesi topland\u0131 - Haber Kuzey","og_description":"Komite Ba\u015fkan\u0131 Sunat Atun Ba\u015fkanl\u0131\u011f\u0131nda d\u00fcn toplanan\u00a0Cumhuriyet Meclisi, \u0130dari, Kamu ve Sa\u011fl\u0131k \u0130\u015fleri Komitesi\u00a0 \u201cDijital D\u00f6n\u00fc\u015f\u00fcm ve Elektronik Devlet Kurumu (De\u011fi\u015fiklik) Yasa \u00d6nerisi\u201d, \u201c\u0130skan, Toprakland\u0131rma ve E\u015fde\u011fer Mal (De\u011fi\u015fiklik) Yasa \u00d6nerisi\u201d ve \u201c290\/4\/2025\u201d numaral\u0131\u00a0\u00a0\u201cBelediyeler (De\u011fi\u015fiklik) Yasa Tasar\u0131s\u0131\u2019n\u0131\u201d oy birli\u011fiyle onaylayarak Genel Kurul\u2019a sevk etti. Cumhuriyet Meclisi\u2019nden verilen bilgiye g\u00f6re saat 11.00\u2019de yap\u0131lan toplant\u0131da komite, UBP [&hellip;]","og_url":"https:\/\/haberkuzey.com\/index.php\/2025\/06\/27\/idari-kamu-ve-saglik-isleri-komitesi-toplandi-5\/","og_site_name":"Haber Kuzey","article_published_time":"2025-06-27T07:56:03+00:00","og_image":[{"url":"https:\/\/brtk.net\/wp-content\/uploads\/2025\/06\/27\/IDARI-KOMITE3.jpeg?ver=0adc383c442e71942aa7c94fba65fa25","type":"","width":"","height":""}],"author":"haberkuzey","twitter_card":"summary_large_image","twitter_misc":{"Yazan:":"haberkuzey","Tahmini okuma s\u00fcresi":"4 dakika"},"schema":{"@context":"https:\/\/schema.org","@graph":[{"@type":"Article","@id":"https:\/\/haberkuzey.com\/index.php\/2025\/06\/27\/idari-kamu-ve-saglik-isleri-komitesi-toplandi-5\/#article","isPartOf":{"@id":"https:\/\/haberkuzey.com\/index.php\/2025\/06\/27\/idari-kamu-ve-saglik-isleri-komitesi-toplandi-5\/"},"author":{"name":"haberkuzey","@id":"https:\/\/haberkuzey.com\/#\/schema\/person\/3372109ec735f9333f4fa47ebb9605ca"},"headline":"\u0130dari, Kamu ve Sa\u011fl\u0131k \u0130\u015fleri Komitesi topland\u0131","datePublished":"2025-06-27T07:56:03+00:00","mainEntityOfPage":{"@id":"https:\/\/haberkuzey.com\/index.php\/2025\/06\/27\/idari-kamu-ve-saglik-isleri-komitesi-toplandi-5\/"},"wordCount":764,"commentCount":0,"image":{"@id":"https:\/\/haberkuzey.com\/index.php\/2025\/06\/27\/idari-kamu-ve-saglik-isleri-komitesi-toplandi-5\/#primaryimage"},"thumbnailUrl":"https:\/\/haberkuzey.com\/wp-content\/uploads\/2025\/06\/IDARI-KOMITE3.jpeg","articleSection":["K\u0131br\u0131s"],"inLanguage":"tr","potentialAction":[{"@type":"CommentAction","name":"Comment","target":["https:\/\/haberkuzey.com\/index.php\/2025\/06\/27\/idari-kamu-ve-saglik-isleri-komitesi-toplandi-5\/#respond"]}]},{"@type":"WebPage","@id":"https:\/\/haberkuzey.com\/index.php\/2025\/06\/27\/idari-kamu-ve-saglik-isleri-komitesi-toplandi-5\/","url":"https:\/\/haberkuzey.com\/index.php\/2025\/06\/27\/idari-kamu-ve-saglik-isleri-komitesi-toplandi-5\/","name":"\u0130dari, Kamu ve Sa\u011fl\u0131k \u0130\u015fleri Komitesi topland\u0131 - Haber Kuzey","isPartOf":{"@id":"https:\/\/haberkuzey.com\/#website"},"primaryImageOfPage":{"@id":"https:\/\/haberkuzey.com\/index.php\/2025\/06\/27\/idari-kamu-ve-saglik-isleri-komitesi-toplandi-5\/#primaryimage"},"image":{"@id":"https:\/\/haberkuzey.com\/index.php\/2025\/06\/27\/idari-kamu-ve-saglik-isleri-komitesi-toplandi-5\/#primaryimage"},"thumbnailUrl":"https:\/\/haberkuzey.com\/wp-content\/uploads\/2025\/06\/IDARI-KOMITE3.jpeg","datePublished":"2025-06-27T07:56:03+00:00","author":{"@id":"https:\/\/haberkuzey.com\/#\/schema\/person\/3372109ec735f9333f4fa47ebb9605ca"},"breadcrumb":{"@id":"https:\/\/haberkuzey.com\/index.php\/2025\/06\/27\/idari-kamu-ve-saglik-isleri-komitesi-toplandi-5\/#breadcrumb"},"inLanguage":"tr","potentialAction":[{"@type":"ReadAction","target":["https:\/\/haberkuzey.com\/index.php\/2025\/06\/27\/idari-kamu-ve-saglik-isleri-komitesi-toplandi-5\/"]}]},{"@type":"ImageObject","inLanguage":"tr","@id":"https:\/\/haberkuzey.com\/index.php\/2025\/06\/27\/idari-kamu-ve-saglik-isleri-komitesi-toplandi-5\/#primaryimage","url":"https:\/\/haberkuzey.com\/wp-content\/uploads\/2025\/06\/IDARI-KOMITE3.jpeg","contentUrl":"https:\/\/haberkuzey.com\/wp-content\/uploads\/2025\/06\/IDARI-KOMITE3.jpeg","width":930,"height":416},{"@type":"BreadcrumbList","@id":"https:\/\/haberkuzey.com\/index.php\/2025\/06\/27\/idari-kamu-ve-saglik-isleri-komitesi-toplandi-5\/#breadcrumb","itemListElement":[{"@type":"ListItem","position":1,"name":"Anasayfa","item":"https:\/\/haberkuzey.com\/"},{"@type":"ListItem","position":2,"name":"\u0130dari, Kamu ve Sa\u011fl\u0131k \u0130\u015fleri Komitesi topland\u0131"}]},{"@type":"WebSite","@id":"https:\/\/haberkuzey.com\/#website","url":"https:\/\/haberkuzey.com\/","name":"Haber Kuzey","description":"Do\u011fru Haberin Adresi","potentialAction":[{"@type":"SearchAction","target":{"@type":"EntryPoint","urlTemplate":"https:\/\/haberkuzey.com\/?s={search_term_string}"},"query-input":{"@type":"PropertyValueSpecification","valueRequired":true,"valueName":"search_term_string"}}],"inLanguage":"tr"},{"@type":"Person","@id":"https:\/\/haberkuzey.com\/#\/schema\/person\/3372109ec735f9333f4fa47ebb9605ca","name":"haberkuzey","image":{"@type":"ImageObject","inLanguage":"tr","@id":"https:\/\/secure.gravatar.com\/avatar\/f5fc875574b1575324358c3b9e6a32b8227aa5b74f3fa22e3cadb63e26fcc39c?s=96&d=mm&r=g","url":"https:\/\/secure.gravatar.com\/avatar\/f5fc875574b1575324358c3b9e6a32b8227aa5b74f3fa22e3cadb63e26fcc39c?s=96&d=mm&r=g","contentUrl":"https:\/\/secure.gravatar.com\/avatar\/f5fc875574b1575324358c3b9e6a32b8227aa5b74f3fa22e3cadb63e26fcc39c?s=96&d=mm&r=g","caption":"haberkuzey"},"sameAs":["https:\/\/haberkuzey.com"],"url":"https:\/\/haberkuzey.com\/index.php\/author\/haberkuzey\/"}]}},"_links":{"self":[{"href":"https:\/\/haberkuzey.com\/index.php\/wp-json\/wp\/v2\/posts\/26668","targetHints":{"allow":["GET"]}}],"collection":[{"href":"https:\/\/haberkuzey.com\/index.php\/wp-json\/wp\/v2\/posts"}],"about":[{"href":"https:\/\/haberkuzey.com\/index.php\/wp-json\/wp\/v2\/types\/post"}],"author":[{"embeddable":true,"href":"https:\/\/haberkuzey.com\/index.php\/wp-json\/wp\/v2\/users\/1"}],"replies":[{"embeddable":true,"href":"https:\/\/haberkuzey.com\/index.php\/wp-json\/wp\/v2\/comments?post=26668"}],"version-history":[{"count":0,"href":"https:\/\/haberkuzey.com\/index.php\/wp-json\/wp\/v2\/posts\/26668\/revisions"}],"wp:featuredmedia":[{"embeddable":true,"href":"https:\/\/haberkuzey.com\/index.php\/wp-json\/wp\/v2\/media\/26669"}],"wp:attachment":[{"href":"https:\/\/haberkuzey.com\/index.php\/wp-json\/wp\/v2\/media?parent=26668"}],"wp:term":[{"taxonomy":"category","embeddable":true,"href":"https:\/\/haberkuzey.com\/index.php\/wp-json\/wp\/v2\/categories?post=26668"},{"taxonomy":"post_tag","embeddable":true,"href":"https:\/\/haberkuzey.com\/index.php\/wp-json\/wp\/v2\/tags?post=26668"}],"curies":[{"name":"wp","href":"https:\/\/api.w.org\/{rel}","templated":true}]}}