{"id":26652,"date":"2025-06-26T20:51:13","date_gmt":"2025-06-26T17:51:13","guid":{"rendered":"https:\/\/haberkuzey.com\/index.php\/2025\/06\/26\/ctp-genel-baskani-erhurman-emekli-polisler-dernegini-ziyaret-etti\/"},"modified":"2025-06-26T20:51:13","modified_gmt":"2025-06-26T17:51:13","slug":"ctp-genel-baskani-erhurman-emekli-polisler-dernegini-ziyaret-etti","status":"publish","type":"post","link":"https:\/\/haberkuzey.com\/index.php\/2025\/06\/26\/ctp-genel-baskani-erhurman-emekli-polisler-dernegini-ziyaret-etti\/","title":{"rendered":"CTP Genel Ba\u015fkan\u0131 Erh\u00fcrman, Emekli Polisler Derne\u011fi\u2019ni ziyaret etti"},"content":{"rendered":"<div>\n<div class=\"mariselle-image-container center\">\n                                            <\/div>\n<p>Cumhuriyet\u00e7i T\u00fcrk Partisi (CTP) Genel Ba\u015fkan\u0131 Tufan Erh\u00fcrman, Emekli Polisler Derne\u011fi\u2019ni ziyaret etti.<\/p>\n<p>CTP Bas\u0131n B\u00fcrosu\u2019ndan yap\u0131lan a\u00e7\u0131klamaya g\u00f6re, ziyarette Dernek Ba\u015fkan\u0131 Birol Atasu, dernek y\u00f6neticileri ve baz\u0131 \u00fcyelerle g\u00f6r\u00fc\u015fen Erh\u00fcrman\u2019a milletvekili Filiz Besim e\u015flik etti.<\/p>\n<p>Erh\u00fcrman ziyarette, \u00fclke sorunlar\u0131yla ilgili \u00e7\u00f6z\u00fcm \u00f6nerileri hakk\u0131nda g\u00f6r\u00fc\u015f al\u0131\u015f veri\u015finde bulundu.<\/p>\n<\/p><\/div>\n<p><script async\n                    defer\n                    crossorigin=\"anonymous\"\n                    src=\"https:\/\/connect.facebook.net\/tr_TR\/sdk.js#xfbml=1&#038;version=v3.3\"\n            ><\/script><\/p>\n","protected":false},"excerpt":{"rendered":"<p>Cumhuriyet\u00e7i T\u00fcrk Partisi (CTP) Genel Ba\u015fkan\u0131 Tufan Erh\u00fcrman, Emekli Polisler Derne\u011fi\u2019ni ziyaret etti. CTP Bas\u0131n B\u00fcrosu\u2019ndan yap\u0131lan a\u00e7\u0131klamaya g\u00f6re, ziyarette Dernek Ba\u015fkan\u0131 Birol Atasu, dernek y\u00f6neticileri ve baz\u0131 \u00fcyelerle g\u00f6r\u00fc\u015fen Erh\u00fcrman\u2019a milletvekili Filiz Besim e\u015flik etti. Erh\u00fcrman ziyarette, \u00fclke sorunlar\u0131yla ilgili \u00e7\u00f6z\u00fcm \u00f6nerileri hakk\u0131nda g\u00f6r\u00fc\u015f al\u0131\u015f veri\u015finde bulundu.<\/p>\n","protected":false},"author":1,"featured_media":26653,"comment_status":"open","ping_status":"open","sticky":false,"template":"","format":"standard","meta":{"jnews-multi-image_gallery":[],"jnews_single_post":[],"jnews_primary_category":[],"footnotes":""},"categories":[1],"tags":[],"class_list":["post-26652","post","type-post","status-publish","format-standard","has-post-thumbnail","hentry","category-kibris"],"yoast_head":"<!-- This site is optimized with the Yoast SEO plugin v27.5 - https:\/\/yoast.com\/product\/yoast-seo-wordpress\/ -->\n<title>CTP Genel Ba\u015fkan\u0131 Erh\u00fcrman, Emekli Polisler Derne\u011fi\u2019ni ziyaret etti - Haber Kuzey<\/title>\n<meta name=\"robots\" content=\"index, follow, max-snippet:-1, max-image-preview:large, max-video-preview:-1\" \/>\n<link rel=\"canonical\" href=\"https:\/\/haberkuzey.com\/index.php\/2025\/06\/26\/ctp-genel-baskani-erhurman-emekli-polisler-dernegini-ziyaret-etti\/\" \/>\n<meta property=\"og:locale\" content=\"tr_TR\" \/>\n<meta property=\"og:type\" content=\"article\" \/>\n<meta property=\"og:title\" content=\"CTP Genel Ba\u015fkan\u0131 Erh\u00fcrman, Emekli Polisler Derne\u011fi\u2019ni ziyaret etti - Haber Kuzey\" \/>\n<meta property=\"og:description\" content=\"Cumhuriyet\u00e7i T\u00fcrk Partisi (CTP) Genel Ba\u015fkan\u0131 Tufan Erh\u00fcrman, Emekli Polisler Derne\u011fi\u2019ni ziyaret etti. CTP Bas\u0131n B\u00fcrosu\u2019ndan yap\u0131lan a\u00e7\u0131klamaya g\u00f6re, ziyarette Dernek Ba\u015fkan\u0131 Birol Atasu, dernek y\u00f6neticileri ve baz\u0131 \u00fcyelerle g\u00f6r\u00fc\u015fen Erh\u00fcrman\u2019a milletvekili Filiz Besim e\u015flik etti. Erh\u00fcrman ziyarette, \u00fclke sorunlar\u0131yla ilgili \u00e7\u00f6z\u00fcm \u00f6nerileri hakk\u0131nda g\u00f6r\u00fc\u015f al\u0131\u015f veri\u015finde bulundu.\" \/>\n<meta property=\"og:url\" content=\"https:\/\/haberkuzey.com\/index.php\/2025\/06\/26\/ctp-genel-baskani-erhurman-emekli-polisler-dernegini-ziyaret-etti\/\" \/>\n<meta property=\"og:site_name\" content=\"Haber Kuzey\" \/>\n<meta property=\"article:published_time\" content=\"2025-06-26T17:51:13+00:00\" \/>\n<meta property=\"og:image\" content=\"https:\/\/brtk.net\/wp-content\/uploads\/2025\/06\/26\/1750951862319ERHURMAN-POLIS-2.jpg?ver=f646b66ebcbd570f730046f56b293123\" \/>\n<meta name=\"author\" content=\"haberkuzey\" \/>\n<meta name=\"twitter:card\" content=\"summary_large_image\" \/>\n<meta name=\"twitter:label1\" content=\"Yazan:\" \/>\n\t<meta name=\"twitter:data1\" content=\"haberkuzey\" \/>\n<script type=\"application\/ld+json\" class=\"yoast-schema-graph\">{\"@context\":\"https:\\\/\\\/schema.org\",\"@graph\":[{\"@type\":\"Article\",\"@id\":\"https:\\\/\\\/haberkuzey.com\\\/index.php\\\/2025\\\/06\\\/26\\\/ctp-genel-baskani-erhurman-emekli-polisler-dernegini-ziyaret-etti\\\/#article\",\"isPartOf\":{\"@id\":\"https:\\\/\\\/haberkuzey.com\\\/index.php\\\/2025\\\/06\\\/26\\\/ctp-genel-baskani-erhurman-emekli-polisler-dernegini-ziyaret-etti\\\/\"},\"author\":{\"name\":\"haberkuzey\",\"@id\":\"https:\\\/\\\/haberkuzey.com\\\/#\\\/schema\\\/person\\\/3372109ec735f9333f4fa47ebb9605ca\"},\"headline\":\"CTP Genel Ba\u015fkan\u0131 Erh\u00fcrman, Emekli Polisler Derne\u011fi\u2019ni ziyaret etti\",\"datePublished\":\"2025-06-26T17:51:13+00:00\",\"mainEntityOfPage\":{\"@id\":\"https:\\\/\\\/haberkuzey.com\\\/index.php\\\/2025\\\/06\\\/26\\\/ctp-genel-baskani-erhurman-emekli-polisler-dernegini-ziyaret-etti\\\/\"},\"wordCount\":86,\"commentCount\":0,\"image\":{\"@id\":\"https:\\\/\\\/haberkuzey.com\\\/index.php\\\/2025\\\/06\\\/26\\\/ctp-genel-baskani-erhurman-emekli-polisler-dernegini-ziyaret-etti\\\/#primaryimage\"},\"thumbnailUrl\":\"https:\\\/\\\/haberkuzey.com\\\/wp-content\\\/uploads\\\/2025\\\/06\\\/1750951862319ERHURMAN-POLIS-2.jpg\",\"articleSection\":[\"K\u0131br\u0131s\"],\"inLanguage\":\"tr\",\"potentialAction\":[{\"@type\":\"CommentAction\",\"name\":\"Comment\",\"target\":[\"https:\\\/\\\/haberkuzey.com\\\/index.php\\\/2025\\\/06\\\/26\\\/ctp-genel-baskani-erhurman-emekli-polisler-dernegini-ziyaret-etti\\\/#respond\"]}]},{\"@type\":\"WebPage\",\"@id\":\"https:\\\/\\\/haberkuzey.com\\\/index.php\\\/2025\\\/06\\\/26\\\/ctp-genel-baskani-erhurman-emekli-polisler-dernegini-ziyaret-etti\\\/\",\"url\":\"https:\\\/\\\/haberkuzey.com\\\/index.php\\\/2025\\\/06\\\/26\\\/ctp-genel-baskani-erhurman-emekli-polisler-dernegini-ziyaret-etti\\\/\",\"name\":\"CTP Genel Ba\u015fkan\u0131 Erh\u00fcrman, Emekli Polisler Derne\u011fi\u2019ni ziyaret etti - Haber Kuzey\",\"isPartOf\":{\"@id\":\"https:\\\/\\\/haberkuzey.com\\\/#website\"},\"primaryImageOfPage\":{\"@id\":\"https:\\\/\\\/haberkuzey.com\\\/index.php\\\/2025\\\/06\\\/26\\\/ctp-genel-baskani-erhurman-emekli-polisler-dernegini-ziyaret-etti\\\/#primaryimage\"},\"image\":{\"@id\":\"https:\\\/\\\/haberkuzey.com\\\/index.php\\\/2025\\\/06\\\/26\\\/ctp-genel-baskani-erhurman-emekli-polisler-dernegini-ziyaret-etti\\\/#primaryimage\"},\"thumbnailUrl\":\"https:\\\/\\\/haberkuzey.com\\\/wp-content\\\/uploads\\\/2025\\\/06\\\/1750951862319ERHURMAN-POLIS-2.jpg\",\"datePublished\":\"2025-06-26T17:51:13+00:00\",\"author\":{\"@id\":\"https:\\\/\\\/haberkuzey.com\\\/#\\\/schema\\\/person\\\/3372109ec735f9333f4fa47ebb9605ca\"},\"breadcrumb\":{\"@id\":\"https:\\\/\\\/haberkuzey.com\\\/index.php\\\/2025\\\/06\\\/26\\\/ctp-genel-baskani-erhurman-emekli-polisler-dernegini-ziyaret-etti\\\/#breadcrumb\"},\"inLanguage\":\"tr\",\"potentialAction\":[{\"@type\":\"ReadAction\",\"target\":[\"https:\\\/\\\/haberkuzey.com\\\/index.php\\\/2025\\\/06\\\/26\\\/ctp-genel-baskani-erhurman-emekli-polisler-dernegini-ziyaret-etti\\\/\"]}]},{\"@type\":\"ImageObject\",\"inLanguage\":\"tr\",\"@id\":\"https:\\\/\\\/haberkuzey.com\\\/index.php\\\/2025\\\/06\\\/26\\\/ctp-genel-baskani-erhurman-emekli-polisler-dernegini-ziyaret-etti\\\/#primaryimage\",\"url\":\"https:\\\/\\\/haberkuzey.com\\\/wp-content\\\/uploads\\\/2025\\\/06\\\/1750951862319ERHURMAN-POLIS-2.jpg\",\"contentUrl\":\"https:\\\/\\\/haberkuzey.com\\\/wp-content\\\/uploads\\\/2025\\\/06\\\/1750951862319ERHURMAN-POLIS-2.jpg\",\"width\":1076,\"height\":679},{\"@type\":\"BreadcrumbList\",\"@id\":\"https:\\\/\\\/haberkuzey.com\\\/index.php\\\/2025\\\/06\\\/26\\\/ctp-genel-baskani-erhurman-emekli-polisler-dernegini-ziyaret-etti\\\/#breadcrumb\",\"itemListElement\":[{\"@type\":\"ListItem\",\"position\":1,\"name\":\"Anasayfa\",\"item\":\"https:\\\/\\\/haberkuzey.com\\\/\"},{\"@type\":\"ListItem\",\"position\":2,\"name\":\"CTP Genel Ba\u015fkan\u0131 Erh\u00fcrman, Emekli Polisler Derne\u011fi\u2019ni ziyaret etti\"}]},{\"@type\":\"WebSite\",\"@id\":\"https:\\\/\\\/haberkuzey.com\\\/#website\",\"url\":\"https:\\\/\\\/haberkuzey.com\\\/\",\"name\":\"Haber Kuzey\",\"description\":\"Do\u011fru Haberin Adresi\",\"potentialAction\":[{\"@type\":\"SearchAction\",\"target\":{\"@type\":\"EntryPoint\",\"urlTemplate\":\"https:\\\/\\\/haberkuzey.com\\\/?s={search_term_string}\"},\"query-input\":{\"@type\":\"PropertyValueSpecification\",\"valueRequired\":true,\"valueName\":\"search_term_string\"}}],\"inLanguage\":\"tr\"},{\"@type\":\"Person\",\"@id\":\"https:\\\/\\\/haberkuzey.com\\\/#\\\/schema\\\/person\\\/3372109ec735f9333f4fa47ebb9605ca\",\"name\":\"haberkuzey\",\"image\":{\"@type\":\"ImageObject\",\"inLanguage\":\"tr\",\"@id\":\"https:\\\/\\\/secure.gravatar.com\\\/avatar\\\/f5fc875574b1575324358c3b9e6a32b8227aa5b74f3fa22e3cadb63e26fcc39c?s=96&d=mm&r=g\",\"url\":\"https:\\\/\\\/secure.gravatar.com\\\/avatar\\\/f5fc875574b1575324358c3b9e6a32b8227aa5b74f3fa22e3cadb63e26fcc39c?s=96&d=mm&r=g\",\"contentUrl\":\"https:\\\/\\\/secure.gravatar.com\\\/avatar\\\/f5fc875574b1575324358c3b9e6a32b8227aa5b74f3fa22e3cadb63e26fcc39c?s=96&d=mm&r=g\",\"caption\":\"haberkuzey\"},\"sameAs\":[\"https:\\\/\\\/haberkuzey.com\"],\"url\":\"https:\\\/\\\/haberkuzey.com\\\/index.php\\\/author\\\/haberkuzey\\\/\"}]}<\/script>\n<!-- \/ Yoast SEO plugin. -->","yoast_head_json":{"title":"CTP Genel Ba\u015fkan\u0131 Erh\u00fcrman, Emekli Polisler Derne\u011fi\u2019ni ziyaret etti - Haber Kuzey","robots":{"index":"index","follow":"follow","max-snippet":"max-snippet:-1","max-image-preview":"max-image-preview:large","max-video-preview":"max-video-preview:-1"},"canonical":"https:\/\/haberkuzey.com\/index.php\/2025\/06\/26\/ctp-genel-baskani-erhurman-emekli-polisler-dernegini-ziyaret-etti\/","og_locale":"tr_TR","og_type":"article","og_title":"CTP Genel Ba\u015fkan\u0131 Erh\u00fcrman, Emekli Polisler Derne\u011fi\u2019ni ziyaret etti - Haber Kuzey","og_description":"Cumhuriyet\u00e7i T\u00fcrk Partisi (CTP) Genel Ba\u015fkan\u0131 Tufan Erh\u00fcrman, Emekli Polisler Derne\u011fi\u2019ni ziyaret etti. CTP Bas\u0131n B\u00fcrosu\u2019ndan yap\u0131lan a\u00e7\u0131klamaya g\u00f6re, ziyarette Dernek Ba\u015fkan\u0131 Birol Atasu, dernek y\u00f6neticileri ve baz\u0131 \u00fcyelerle g\u00f6r\u00fc\u015fen Erh\u00fcrman\u2019a milletvekili Filiz Besim e\u015flik etti. Erh\u00fcrman ziyarette, \u00fclke sorunlar\u0131yla ilgili \u00e7\u00f6z\u00fcm \u00f6nerileri hakk\u0131nda g\u00f6r\u00fc\u015f al\u0131\u015f veri\u015finde bulundu.","og_url":"https:\/\/haberkuzey.com\/index.php\/2025\/06\/26\/ctp-genel-baskani-erhurman-emekli-polisler-dernegini-ziyaret-etti\/","og_site_name":"Haber Kuzey","article_published_time":"2025-06-26T17:51:13+00:00","og_image":[{"url":"https:\/\/brtk.net\/wp-content\/uploads\/2025\/06\/26\/1750951862319ERHURMAN-POLIS-2.jpg?ver=f646b66ebcbd570f730046f56b293123","type":"","width":"","height":""}],"author":"haberkuzey","twitter_card":"summary_large_image","twitter_misc":{"Yazan:":"haberkuzey"},"schema":{"@context":"https:\/\/schema.org","@graph":[{"@type":"Article","@id":"https:\/\/haberkuzey.com\/index.php\/2025\/06\/26\/ctp-genel-baskani-erhurman-emekli-polisler-dernegini-ziyaret-etti\/#article","isPartOf":{"@id":"https:\/\/haberkuzey.com\/index.php\/2025\/06\/26\/ctp-genel-baskani-erhurman-emekli-polisler-dernegini-ziyaret-etti\/"},"author":{"name":"haberkuzey","@id":"https:\/\/haberkuzey.com\/#\/schema\/person\/3372109ec735f9333f4fa47ebb9605ca"},"headline":"CTP Genel Ba\u015fkan\u0131 Erh\u00fcrman, Emekli Polisler Derne\u011fi\u2019ni ziyaret etti","datePublished":"2025-06-26T17:51:13+00:00","mainEntityOfPage":{"@id":"https:\/\/haberkuzey.com\/index.php\/2025\/06\/26\/ctp-genel-baskani-erhurman-emekli-polisler-dernegini-ziyaret-etti\/"},"wordCount":86,"commentCount":0,"image":{"@id":"https:\/\/haberkuzey.com\/index.php\/2025\/06\/26\/ctp-genel-baskani-erhurman-emekli-polisler-dernegini-ziyaret-etti\/#primaryimage"},"thumbnailUrl":"https:\/\/haberkuzey.com\/wp-content\/uploads\/2025\/06\/1750951862319ERHURMAN-POLIS-2.jpg","articleSection":["K\u0131br\u0131s"],"inLanguage":"tr","potentialAction":[{"@type":"CommentAction","name":"Comment","target":["https:\/\/haberkuzey.com\/index.php\/2025\/06\/26\/ctp-genel-baskani-erhurman-emekli-polisler-dernegini-ziyaret-etti\/#respond"]}]},{"@type":"WebPage","@id":"https:\/\/haberkuzey.com\/index.php\/2025\/06\/26\/ctp-genel-baskani-erhurman-emekli-polisler-dernegini-ziyaret-etti\/","url":"https:\/\/haberkuzey.com\/index.php\/2025\/06\/26\/ctp-genel-baskani-erhurman-emekli-polisler-dernegini-ziyaret-etti\/","name":"CTP Genel Ba\u015fkan\u0131 Erh\u00fcrman, Emekli Polisler Derne\u011fi\u2019ni ziyaret etti - Haber Kuzey","isPartOf":{"@id":"https:\/\/haberkuzey.com\/#website"},"primaryImageOfPage":{"@id":"https:\/\/haberkuzey.com\/index.php\/2025\/06\/26\/ctp-genel-baskani-erhurman-emekli-polisler-dernegini-ziyaret-etti\/#primaryimage"},"image":{"@id":"https:\/\/haberkuzey.com\/index.php\/2025\/06\/26\/ctp-genel-baskani-erhurman-emekli-polisler-dernegini-ziyaret-etti\/#primaryimage"},"thumbnailUrl":"https:\/\/haberkuzey.com\/wp-content\/uploads\/2025\/06\/1750951862319ERHURMAN-POLIS-2.jpg","datePublished":"2025-06-26T17:51:13+00:00","author":{"@id":"https:\/\/haberkuzey.com\/#\/schema\/person\/3372109ec735f9333f4fa47ebb9605ca"},"breadcrumb":{"@id":"https:\/\/haberkuzey.com\/index.php\/2025\/06\/26\/ctp-genel-baskani-erhurman-emekli-polisler-dernegini-ziyaret-etti\/#breadcrumb"},"inLanguage":"tr","potentialAction":[{"@type":"ReadAction","target":["https:\/\/haberkuzey.com\/index.php\/2025\/06\/26\/ctp-genel-baskani-erhurman-emekli-polisler-dernegini-ziyaret-etti\/"]}]},{"@type":"ImageObject","inLanguage":"tr","@id":"https:\/\/haberkuzey.com\/index.php\/2025\/06\/26\/ctp-genel-baskani-erhurman-emekli-polisler-dernegini-ziyaret-etti\/#primaryimage","url":"https:\/\/haberkuzey.com\/wp-content\/uploads\/2025\/06\/1750951862319ERHURMAN-POLIS-2.jpg","contentUrl":"https:\/\/haberkuzey.com\/wp-content\/uploads\/2025\/06\/1750951862319ERHURMAN-POLIS-2.jpg","width":1076,"height":679},{"@type":"BreadcrumbList","@id":"https:\/\/haberkuzey.com\/index.php\/2025\/06\/26\/ctp-genel-baskani-erhurman-emekli-polisler-dernegini-ziyaret-etti\/#breadcrumb","itemListElement":[{"@type":"ListItem","position":1,"name":"Anasayfa","item":"https:\/\/haberkuzey.com\/"},{"@type":"ListItem","position":2,"name":"CTP Genel Ba\u015fkan\u0131 Erh\u00fcrman, Emekli Polisler Derne\u011fi\u2019ni ziyaret etti"}]},{"@type":"WebSite","@id":"https:\/\/haberkuzey.com\/#website","url":"https:\/\/haberkuzey.com\/","name":"Haber Kuzey","description":"Do\u011fru Haberin Adresi","potentialAction":[{"@type":"SearchAction","target":{"@type":"EntryPoint","urlTemplate":"https:\/\/haberkuzey.com\/?s={search_term_string}"},"query-input":{"@type":"PropertyValueSpecification","valueRequired":true,"valueName":"search_term_string"}}],"inLanguage":"tr"},{"@type":"Person","@id":"https:\/\/haberkuzey.com\/#\/schema\/person\/3372109ec735f9333f4fa47ebb9605ca","name":"haberkuzey","image":{"@type":"ImageObject","inLanguage":"tr","@id":"https:\/\/secure.gravatar.com\/avatar\/f5fc875574b1575324358c3b9e6a32b8227aa5b74f3fa22e3cadb63e26fcc39c?s=96&d=mm&r=g","url":"https:\/\/secure.gravatar.com\/avatar\/f5fc875574b1575324358c3b9e6a32b8227aa5b74f3fa22e3cadb63e26fcc39c?s=96&d=mm&r=g","contentUrl":"https:\/\/secure.gravatar.com\/avatar\/f5fc875574b1575324358c3b9e6a32b8227aa5b74f3fa22e3cadb63e26fcc39c?s=96&d=mm&r=g","caption":"haberkuzey"},"sameAs":["https:\/\/haberkuzey.com"],"url":"https:\/\/haberkuzey.com\/index.php\/author\/haberkuzey\/"}]}},"_links":{"self":[{"href":"https:\/\/haberkuzey.com\/index.php\/wp-json\/wp\/v2\/posts\/26652","targetHints":{"allow":["GET"]}}],"collection":[{"href":"https:\/\/haberkuzey.com\/index.php\/wp-json\/wp\/v2\/posts"}],"about":[{"href":"https:\/\/haberkuzey.com\/index.php\/wp-json\/wp\/v2\/types\/post"}],"author":[{"embeddable":true,"href":"https:\/\/haberkuzey.com\/index.php\/wp-json\/wp\/v2\/users\/1"}],"replies":[{"embeddable":true,"href":"https:\/\/haberkuzey.com\/index.php\/wp-json\/wp\/v2\/comments?post=26652"}],"version-history":[{"count":0,"href":"https:\/\/haberkuzey.com\/index.php\/wp-json\/wp\/v2\/posts\/26652\/revisions"}],"wp:featuredmedia":[{"embeddable":true,"href":"https:\/\/haberkuzey.com\/index.php\/wp-json\/wp\/v2\/media\/26653"}],"wp:attachment":[{"href":"https:\/\/haberkuzey.com\/index.php\/wp-json\/wp\/v2\/media?parent=26652"}],"wp:term":[{"taxonomy":"category","embeddable":true,"href":"https:\/\/haberkuzey.com\/index.php\/wp-json\/wp\/v2\/categories?post=26652"},{"taxonomy":"post_tag","embeddable":true,"href":"https:\/\/haberkuzey.com\/index.php\/wp-json\/wp\/v2\/tags?post=26652"}],"curies":[{"name":"wp","href":"https:\/\/api.w.org\/{rel}","templated":true}]}}