{"id":25057,"date":"2025-05-28T21:15:48","date_gmt":"2025-05-28T18:15:48","guid":{"rendered":"https:\/\/haberkuzey.com\/index.php\/2025\/05\/28\/ozel-gereksinimli-mutlu-cocuklar-ebeveyn-el-kitabiile-ilgili-soylesi-gerceklestirildi-sibel-tatar-ayricalik-degil-esitligi-saglamak-icin-calismalar-yapiyoruz\/"},"modified":"2025-05-28T21:15:48","modified_gmt":"2025-05-28T18:15:48","slug":"ozel-gereksinimli-mutlu-cocuklar-ebeveyn-el-kitabiile-ilgili-soylesi-gerceklestirildi-sibel-tatar-ayricalik-degil-esitligi-saglamak-icin-calismalar-yapiyoruz","status":"publish","type":"post","link":"https:\/\/haberkuzey.com\/index.php\/2025\/05\/28\/ozel-gereksinimli-mutlu-cocuklar-ebeveyn-el-kitabiile-ilgili-soylesi-gerceklestirildi-sibel-tatar-ayricalik-degil-esitligi-saglamak-icin-calismalar-yapiyoruz\/","title":{"rendered":"\u201c\u00d6zel Gereksinimli Mutlu \u00c7ocuklar Ebeveyn El Kitab\u0131\u201dile ilgili s\u00f6yle\u015fi ger\u00e7ekle\u015ftirildi..Sibel Tatar: Ayr\u0131cal\u0131k de\u011fil, e\u015fitli\u011fi sa\u011flamak i\u00e7in \u00e7al\u0131\u015fmalar yap\u0131yoruz"},"content":{"rendered":"<div>\n<div class=\"mariselle-image-container center\">\n                                            <\/div>\n<p>Cumhurba\u015fkanl\u0131\u011f\u0131 destekleriyle haz\u0131rlanan, Dr. Emirali Evcimen\u2019in yazd\u0131\u011f\u0131 \u201c\u00d6zel Gereksinimli Mutlu \u00c7ocuklar Ebeveyn El Kitab\u0131\u201dyla ile ilgili Cumhurba\u015fkanl\u0131\u011f\u0131 Yerle\u015fkesi Konferans salonunda s\u00f6yle\u015fi ger\u00e7ekle\u015ftirildi.<\/p>\n<p>Etkinlikte kat\u0131l\u0131mc\u0131lara kitapta yer alan ba\u015fl\u0131klara ili\u015fkin detayl\u0131 bilgiler aktar\u0131ld\u0131. <\/p>\n<p>\u00d6zel Gereksinimli Mutlu \u00c7ocuklar Ebeveyn El Kitab\u0131\u2019n\u0131n yazar\u0131 Dr. Emirali Evcimen, \u00f6zel gereksinimli bireylerin gerek kendilerinin gerekse ailelerinin kar\u015f\u0131la\u015ft\u0131klar\u0131 sorunlarla ba\u015fa \u00e7\u0131kabilmeleri konusunda e\u011fitim ve psikolojik destek \u00e7al\u0131\u015fmalar\u0131na y\u00f6n verilmesi gerekti\u011fini belirtti.<\/p>\n<p>Cumhurba\u015fkanl\u0131\u011f\u0131 Engelliler Komitesi Ba\u015fkan\u0131 Ahmet Akdeniz ise yapt\u0131klar\u0131 \u00e7al\u0131\u015fmalara dikkat \u00e7ekerek, bu \u00e7al\u0131\u015fmalar\u0131n engelli dairesinin olu\u015fumu i\u00e7in \u00f6n \u00e7al\u0131\u015fmalar oldu\u011funu s\u00f6yledi.<\/p>\n<p>Cumhurba\u015fkan\u0131 Ersin Tatar\u2019\u0131n E\u015fi Sibel Tatar da etkinli\u011fin a\u00e7\u0131l\u0131\u015f\u0131nda yapt\u0131\u011f\u0131 konu\u015fmada, ayr\u0131cal\u0131k de\u011fil e\u015fitlik ve sosyal adaleti sa\u011flamak amac\u0131yla \u00e7al\u0131\u015fmalar y\u00fcr\u00fctt\u00fcklerini belirterek, \u201c\u00d6zel Gereksinimli Mutlu \u00c7ocuklar Ebeveyn El Kitab\u0131\u201dn\u0131n \u00f6zel gereksinimli \u00e7ocuklar\u0131n ebeveynlerine rehberlik etmesi amac\u0131yla haz\u0131rland\u0131\u011f\u0131n\u0131 vurgulad\u0131. <\/p>\n<p>Ebeveynlerin \u00e7ocuklar\u0131n\u0131 g\u00fcvenle b\u0131rakabilece\u011fi tesislere ihtiya\u00e7 duyuldu\u011funu ve bu konuda da baz\u0131 \u00e7al\u0131\u015fmalar yapmak istediklerini anlatan Sibel Tatar, ama\u00e7lar\u0131n\u0131n bilgiyi payla\u015fmak ve el uzatabilmek oldu\u011funu vurgulad\u0131..<\/p>\n<\/p><\/div>\n<p><script async\n                    defer\n                    crossorigin=\"anonymous\"\n                    src=\"https:\/\/connect.facebook.net\/tr_TR\/sdk.js#xfbml=1&#038;version=v3.3\"\n            ><\/script><\/p>\n","protected":false},"excerpt":{"rendered":"<p>Cumhurba\u015fkanl\u0131\u011f\u0131 destekleriyle haz\u0131rlanan, Dr. Emirali Evcimen\u2019in yazd\u0131\u011f\u0131 \u201c\u00d6zel Gereksinimli Mutlu \u00c7ocuklar Ebeveyn El Kitab\u0131\u201dyla ile ilgili Cumhurba\u015fkanl\u0131\u011f\u0131 Yerle\u015fkesi Konferans salonunda s\u00f6yle\u015fi ger\u00e7ekle\u015ftirildi. Etkinlikte kat\u0131l\u0131mc\u0131lara kitapta yer alan ba\u015fl\u0131klara ili\u015fkin detayl\u0131 bilgiler aktar\u0131ld\u0131. \u00d6zel Gereksinimli Mutlu \u00c7ocuklar Ebeveyn El Kitab\u0131\u2019n\u0131n yazar\u0131 Dr. Emirali Evcimen, \u00f6zel gereksinimli bireylerin gerek kendilerinin gerekse ailelerinin kar\u015f\u0131la\u015ft\u0131klar\u0131 sorunlarla ba\u015fa \u00e7\u0131kabilmeleri konusunda [&hellip;]<\/p>\n","protected":false},"author":1,"featured_media":25058,"comment_status":"open","ping_status":"open","sticky":false,"template":"","format":"standard","meta":{"jnews-multi-image_gallery":[],"jnews_single_post":[],"jnews_primary_category":[],"footnotes":""},"categories":[1],"tags":[],"class_list":["post-25057","post","type-post","status-publish","format-standard","has-post-thumbnail","hentry","category-kibris"],"yoast_head":"<!-- This site is optimized with the Yoast SEO plugin v27.5 - https:\/\/yoast.com\/product\/yoast-seo-wordpress\/ -->\n<title>\u201c\u00d6zel Gereksinimli Mutlu \u00c7ocuklar Ebeveyn El Kitab\u0131\u201dile ilgili s\u00f6yle\u015fi ger\u00e7ekle\u015ftirildi..Sibel Tatar: Ayr\u0131cal\u0131k de\u011fil, e\u015fitli\u011fi sa\u011flamak i\u00e7in \u00e7al\u0131\u015fmalar yap\u0131yoruz - Haber Kuzey<\/title>\n<meta name=\"robots\" content=\"index, follow, max-snippet:-1, max-image-preview:large, max-video-preview:-1\" \/>\n<link rel=\"canonical\" href=\"https:\/\/haberkuzey.com\/index.php\/2025\/05\/28\/ozel-gereksinimli-mutlu-cocuklar-ebeveyn-el-kitabiile-ilgili-soylesi-gerceklestirildi-sibel-tatar-ayricalik-degil-esitligi-saglamak-icin-calismalar-yapiyoruz\/\" \/>\n<meta property=\"og:locale\" content=\"tr_TR\" \/>\n<meta property=\"og:type\" content=\"article\" \/>\n<meta property=\"og:title\" content=\"\u201c\u00d6zel Gereksinimli Mutlu \u00c7ocuklar Ebeveyn El Kitab\u0131\u201dile ilgili s\u00f6yle\u015fi ger\u00e7ekle\u015ftirildi..Sibel Tatar: Ayr\u0131cal\u0131k de\u011fil, e\u015fitli\u011fi sa\u011flamak i\u00e7in \u00e7al\u0131\u015fmalar yap\u0131yoruz - Haber Kuzey\" \/>\n<meta property=\"og:description\" content=\"Cumhurba\u015fkanl\u0131\u011f\u0131 destekleriyle haz\u0131rlanan, Dr. Emirali Evcimen\u2019in yazd\u0131\u011f\u0131 \u201c\u00d6zel Gereksinimli Mutlu \u00c7ocuklar Ebeveyn El Kitab\u0131\u201dyla ile ilgili Cumhurba\u015fkanl\u0131\u011f\u0131 Yerle\u015fkesi Konferans salonunda s\u00f6yle\u015fi ger\u00e7ekle\u015ftirildi. Etkinlikte kat\u0131l\u0131mc\u0131lara kitapta yer alan ba\u015fl\u0131klara ili\u015fkin detayl\u0131 bilgiler aktar\u0131ld\u0131. \u00d6zel Gereksinimli Mutlu \u00c7ocuklar Ebeveyn El Kitab\u0131\u2019n\u0131n yazar\u0131 Dr. Emirali Evcimen, \u00f6zel gereksinimli bireylerin gerek kendilerinin gerekse ailelerinin kar\u015f\u0131la\u015ft\u0131klar\u0131 sorunlarla ba\u015fa \u00e7\u0131kabilmeleri konusunda [&hellip;]\" \/>\n<meta property=\"og:url\" content=\"https:\/\/haberkuzey.com\/index.php\/2025\/05\/28\/ozel-gereksinimli-mutlu-cocuklar-ebeveyn-el-kitabiile-ilgili-soylesi-gerceklestirildi-sibel-tatar-ayricalik-degil-esitligi-saglamak-icin-calismalar-yapiyoruz\/\" \/>\n<meta property=\"og:site_name\" content=\"Haber Kuzey\" \/>\n<meta property=\"article:published_time\" content=\"2025-05-28T18:15:48+00:00\" \/>\n<meta property=\"og:image\" content=\"https:\/\/brtk.net\/wp-content\/uploads\/2024\/01\/04\/sibel-tatar-45.jpg?ver=691b4e95119ee50bb8b8e92baa6f5dd3\" \/>\n<meta name=\"author\" content=\"haberkuzey\" \/>\n<meta name=\"twitter:card\" content=\"summary_large_image\" \/>\n<meta name=\"twitter:label1\" content=\"Yazan:\" \/>\n\t<meta name=\"twitter:data1\" content=\"haberkuzey\" \/>\n\t<meta name=\"twitter:label2\" content=\"Tahmini okuma s\u00fcresi\" \/>\n\t<meta name=\"twitter:data2\" content=\"1 dakika\" \/>\n<script type=\"application\/ld+json\" class=\"yoast-schema-graph\">{\"@context\":\"https:\\\/\\\/schema.org\",\"@graph\":[{\"@type\":\"Article\",\"@id\":\"https:\\\/\\\/haberkuzey.com\\\/index.php\\\/2025\\\/05\\\/28\\\/ozel-gereksinimli-mutlu-cocuklar-ebeveyn-el-kitabiile-ilgili-soylesi-gerceklestirildi-sibel-tatar-ayricalik-degil-esitligi-saglamak-icin-calismalar-yapiyoruz\\\/#article\",\"isPartOf\":{\"@id\":\"https:\\\/\\\/haberkuzey.com\\\/index.php\\\/2025\\\/05\\\/28\\\/ozel-gereksinimli-mutlu-cocuklar-ebeveyn-el-kitabiile-ilgili-soylesi-gerceklestirildi-sibel-tatar-ayricalik-degil-esitligi-saglamak-icin-calismalar-yapiyoruz\\\/\"},\"author\":{\"name\":\"haberkuzey\",\"@id\":\"https:\\\/\\\/haberkuzey.com\\\/#\\\/schema\\\/person\\\/3372109ec735f9333f4fa47ebb9605ca\"},\"headline\":\"\u201c\u00d6zel Gereksinimli Mutlu \u00c7ocuklar Ebeveyn El Kitab\u0131\u201dile ilgili s\u00f6yle\u015fi ger\u00e7ekle\u015ftirildi..Sibel Tatar: Ayr\u0131cal\u0131k de\u011fil, e\u015fitli\u011fi sa\u011flamak i\u00e7in \u00e7al\u0131\u015fmalar yap\u0131yoruz\",\"datePublished\":\"2025-05-28T18:15:48+00:00\",\"mainEntityOfPage\":{\"@id\":\"https:\\\/\\\/haberkuzey.com\\\/index.php\\\/2025\\\/05\\\/28\\\/ozel-gereksinimli-mutlu-cocuklar-ebeveyn-el-kitabiile-ilgili-soylesi-gerceklestirildi-sibel-tatar-ayricalik-degil-esitligi-saglamak-icin-calismalar-yapiyoruz\\\/\"},\"wordCount\":255,\"commentCount\":0,\"image\":{\"@id\":\"https:\\\/\\\/haberkuzey.com\\\/index.php\\\/2025\\\/05\\\/28\\\/ozel-gereksinimli-mutlu-cocuklar-ebeveyn-el-kitabiile-ilgili-soylesi-gerceklestirildi-sibel-tatar-ayricalik-degil-esitligi-saglamak-icin-calismalar-yapiyoruz\\\/#primaryimage\"},\"thumbnailUrl\":\"https:\\\/\\\/haberkuzey.com\\\/wp-content\\\/uploads\\\/2025\\\/05\\\/sibel-tatar-45.jpg\",\"articleSection\":[\"K\u0131br\u0131s\"],\"inLanguage\":\"tr\",\"potentialAction\":[{\"@type\":\"CommentAction\",\"name\":\"Comment\",\"target\":[\"https:\\\/\\\/haberkuzey.com\\\/index.php\\\/2025\\\/05\\\/28\\\/ozel-gereksinimli-mutlu-cocuklar-ebeveyn-el-kitabiile-ilgili-soylesi-gerceklestirildi-sibel-tatar-ayricalik-degil-esitligi-saglamak-icin-calismalar-yapiyoruz\\\/#respond\"]}]},{\"@type\":\"WebPage\",\"@id\":\"https:\\\/\\\/haberkuzey.com\\\/index.php\\\/2025\\\/05\\\/28\\\/ozel-gereksinimli-mutlu-cocuklar-ebeveyn-el-kitabiile-ilgili-soylesi-gerceklestirildi-sibel-tatar-ayricalik-degil-esitligi-saglamak-icin-calismalar-yapiyoruz\\\/\",\"url\":\"https:\\\/\\\/haberkuzey.com\\\/index.php\\\/2025\\\/05\\\/28\\\/ozel-gereksinimli-mutlu-cocuklar-ebeveyn-el-kitabiile-ilgili-soylesi-gerceklestirildi-sibel-tatar-ayricalik-degil-esitligi-saglamak-icin-calismalar-yapiyoruz\\\/\",\"name\":\"\u201c\u00d6zel Gereksinimli Mutlu \u00c7ocuklar Ebeveyn El Kitab\u0131\u201dile ilgili s\u00f6yle\u015fi ger\u00e7ekle\u015ftirildi..Sibel Tatar: Ayr\u0131cal\u0131k de\u011fil, e\u015fitli\u011fi sa\u011flamak i\u00e7in \u00e7al\u0131\u015fmalar yap\u0131yoruz - Haber Kuzey\",\"isPartOf\":{\"@id\":\"https:\\\/\\\/haberkuzey.com\\\/#website\"},\"primaryImageOfPage\":{\"@id\":\"https:\\\/\\\/haberkuzey.com\\\/index.php\\\/2025\\\/05\\\/28\\\/ozel-gereksinimli-mutlu-cocuklar-ebeveyn-el-kitabiile-ilgili-soylesi-gerceklestirildi-sibel-tatar-ayricalik-degil-esitligi-saglamak-icin-calismalar-yapiyoruz\\\/#primaryimage\"},\"image\":{\"@id\":\"https:\\\/\\\/haberkuzey.com\\\/index.php\\\/2025\\\/05\\\/28\\\/ozel-gereksinimli-mutlu-cocuklar-ebeveyn-el-kitabiile-ilgili-soylesi-gerceklestirildi-sibel-tatar-ayricalik-degil-esitligi-saglamak-icin-calismalar-yapiyoruz\\\/#primaryimage\"},\"thumbnailUrl\":\"https:\\\/\\\/haberkuzey.com\\\/wp-content\\\/uploads\\\/2025\\\/05\\\/sibel-tatar-45.jpg\",\"datePublished\":\"2025-05-28T18:15:48+00:00\",\"author\":{\"@id\":\"https:\\\/\\\/haberkuzey.com\\\/#\\\/schema\\\/person\\\/3372109ec735f9333f4fa47ebb9605ca\"},\"breadcrumb\":{\"@id\":\"https:\\\/\\\/haberkuzey.com\\\/index.php\\\/2025\\\/05\\\/28\\\/ozel-gereksinimli-mutlu-cocuklar-ebeveyn-el-kitabiile-ilgili-soylesi-gerceklestirildi-sibel-tatar-ayricalik-degil-esitligi-saglamak-icin-calismalar-yapiyoruz\\\/#breadcrumb\"},\"inLanguage\":\"tr\",\"potentialAction\":[{\"@type\":\"ReadAction\",\"target\":[\"https:\\\/\\\/haberkuzey.com\\\/index.php\\\/2025\\\/05\\\/28\\\/ozel-gereksinimli-mutlu-cocuklar-ebeveyn-el-kitabiile-ilgili-soylesi-gerceklestirildi-sibel-tatar-ayricalik-degil-esitligi-saglamak-icin-calismalar-yapiyoruz\\\/\"]}]},{\"@type\":\"ImageObject\",\"inLanguage\":\"tr\",\"@id\":\"https:\\\/\\\/haberkuzey.com\\\/index.php\\\/2025\\\/05\\\/28\\\/ozel-gereksinimli-mutlu-cocuklar-ebeveyn-el-kitabiile-ilgili-soylesi-gerceklestirildi-sibel-tatar-ayricalik-degil-esitligi-saglamak-icin-calismalar-yapiyoruz\\\/#primaryimage\",\"url\":\"https:\\\/\\\/haberkuzey.com\\\/wp-content\\\/uploads\\\/2025\\\/05\\\/sibel-tatar-45.jpg\",\"contentUrl\":\"https:\\\/\\\/haberkuzey.com\\\/wp-content\\\/uploads\\\/2025\\\/05\\\/sibel-tatar-45.jpg\",\"width\":1600,\"height\":1306},{\"@type\":\"BreadcrumbList\",\"@id\":\"https:\\\/\\\/haberkuzey.com\\\/index.php\\\/2025\\\/05\\\/28\\\/ozel-gereksinimli-mutlu-cocuklar-ebeveyn-el-kitabiile-ilgili-soylesi-gerceklestirildi-sibel-tatar-ayricalik-degil-esitligi-saglamak-icin-calismalar-yapiyoruz\\\/#breadcrumb\",\"itemListElement\":[{\"@type\":\"ListItem\",\"position\":1,\"name\":\"Anasayfa\",\"item\":\"https:\\\/\\\/haberkuzey.com\\\/\"},{\"@type\":\"ListItem\",\"position\":2,\"name\":\"\u201c\u00d6zel Gereksinimli Mutlu \u00c7ocuklar Ebeveyn El Kitab\u0131\u201dile ilgili s\u00f6yle\u015fi ger\u00e7ekle\u015ftirildi..Sibel Tatar: Ayr\u0131cal\u0131k de\u011fil, e\u015fitli\u011fi sa\u011flamak i\u00e7in \u00e7al\u0131\u015fmalar yap\u0131yoruz\"}]},{\"@type\":\"WebSite\",\"@id\":\"https:\\\/\\\/haberkuzey.com\\\/#website\",\"url\":\"https:\\\/\\\/haberkuzey.com\\\/\",\"name\":\"Haber Kuzey\",\"description\":\"Do\u011fru Haberin Adresi\",\"potentialAction\":[{\"@type\":\"SearchAction\",\"target\":{\"@type\":\"EntryPoint\",\"urlTemplate\":\"https:\\\/\\\/haberkuzey.com\\\/?s={search_term_string}\"},\"query-input\":{\"@type\":\"PropertyValueSpecification\",\"valueRequired\":true,\"valueName\":\"search_term_string\"}}],\"inLanguage\":\"tr\"},{\"@type\":\"Person\",\"@id\":\"https:\\\/\\\/haberkuzey.com\\\/#\\\/schema\\\/person\\\/3372109ec735f9333f4fa47ebb9605ca\",\"name\":\"haberkuzey\",\"image\":{\"@type\":\"ImageObject\",\"inLanguage\":\"tr\",\"@id\":\"https:\\\/\\\/secure.gravatar.com\\\/avatar\\\/f5fc875574b1575324358c3b9e6a32b8227aa5b74f3fa22e3cadb63e26fcc39c?s=96&d=mm&r=g\",\"url\":\"https:\\\/\\\/secure.gravatar.com\\\/avatar\\\/f5fc875574b1575324358c3b9e6a32b8227aa5b74f3fa22e3cadb63e26fcc39c?s=96&d=mm&r=g\",\"contentUrl\":\"https:\\\/\\\/secure.gravatar.com\\\/avatar\\\/f5fc875574b1575324358c3b9e6a32b8227aa5b74f3fa22e3cadb63e26fcc39c?s=96&d=mm&r=g\",\"caption\":\"haberkuzey\"},\"sameAs\":[\"https:\\\/\\\/haberkuzey.com\"],\"url\":\"https:\\\/\\\/haberkuzey.com\\\/index.php\\\/author\\\/haberkuzey\\\/\"}]}<\/script>\n<!-- \/ Yoast SEO plugin. -->","yoast_head_json":{"title":"\u201c\u00d6zel Gereksinimli Mutlu \u00c7ocuklar Ebeveyn El Kitab\u0131\u201dile ilgili s\u00f6yle\u015fi ger\u00e7ekle\u015ftirildi..Sibel Tatar: Ayr\u0131cal\u0131k de\u011fil, e\u015fitli\u011fi sa\u011flamak i\u00e7in \u00e7al\u0131\u015fmalar yap\u0131yoruz - Haber Kuzey","robots":{"index":"index","follow":"follow","max-snippet":"max-snippet:-1","max-image-preview":"max-image-preview:large","max-video-preview":"max-video-preview:-1"},"canonical":"https:\/\/haberkuzey.com\/index.php\/2025\/05\/28\/ozel-gereksinimli-mutlu-cocuklar-ebeveyn-el-kitabiile-ilgili-soylesi-gerceklestirildi-sibel-tatar-ayricalik-degil-esitligi-saglamak-icin-calismalar-yapiyoruz\/","og_locale":"tr_TR","og_type":"article","og_title":"\u201c\u00d6zel Gereksinimli Mutlu \u00c7ocuklar Ebeveyn El Kitab\u0131\u201dile ilgili s\u00f6yle\u015fi ger\u00e7ekle\u015ftirildi..Sibel Tatar: Ayr\u0131cal\u0131k de\u011fil, e\u015fitli\u011fi sa\u011flamak i\u00e7in \u00e7al\u0131\u015fmalar yap\u0131yoruz - Haber Kuzey","og_description":"Cumhurba\u015fkanl\u0131\u011f\u0131 destekleriyle haz\u0131rlanan, Dr. Emirali Evcimen\u2019in yazd\u0131\u011f\u0131 \u201c\u00d6zel Gereksinimli Mutlu \u00c7ocuklar Ebeveyn El Kitab\u0131\u201dyla ile ilgili Cumhurba\u015fkanl\u0131\u011f\u0131 Yerle\u015fkesi Konferans salonunda s\u00f6yle\u015fi ger\u00e7ekle\u015ftirildi. Etkinlikte kat\u0131l\u0131mc\u0131lara kitapta yer alan ba\u015fl\u0131klara ili\u015fkin detayl\u0131 bilgiler aktar\u0131ld\u0131. \u00d6zel Gereksinimli Mutlu \u00c7ocuklar Ebeveyn El Kitab\u0131\u2019n\u0131n yazar\u0131 Dr. Emirali Evcimen, \u00f6zel gereksinimli bireylerin gerek kendilerinin gerekse ailelerinin kar\u015f\u0131la\u015ft\u0131klar\u0131 sorunlarla ba\u015fa \u00e7\u0131kabilmeleri konusunda [&hellip;]","og_url":"https:\/\/haberkuzey.com\/index.php\/2025\/05\/28\/ozel-gereksinimli-mutlu-cocuklar-ebeveyn-el-kitabiile-ilgili-soylesi-gerceklestirildi-sibel-tatar-ayricalik-degil-esitligi-saglamak-icin-calismalar-yapiyoruz\/","og_site_name":"Haber Kuzey","article_published_time":"2025-05-28T18:15:48+00:00","og_image":[{"url":"https:\/\/brtk.net\/wp-content\/uploads\/2024\/01\/04\/sibel-tatar-45.jpg?ver=691b4e95119ee50bb8b8e92baa6f5dd3","type":"","width":"","height":""}],"author":"haberkuzey","twitter_card":"summary_large_image","twitter_misc":{"Yazan:":"haberkuzey","Tahmini okuma s\u00fcresi":"1 dakika"},"schema":{"@context":"https:\/\/schema.org","@graph":[{"@type":"Article","@id":"https:\/\/haberkuzey.com\/index.php\/2025\/05\/28\/ozel-gereksinimli-mutlu-cocuklar-ebeveyn-el-kitabiile-ilgili-soylesi-gerceklestirildi-sibel-tatar-ayricalik-degil-esitligi-saglamak-icin-calismalar-yapiyoruz\/#article","isPartOf":{"@id":"https:\/\/haberkuzey.com\/index.php\/2025\/05\/28\/ozel-gereksinimli-mutlu-cocuklar-ebeveyn-el-kitabiile-ilgili-soylesi-gerceklestirildi-sibel-tatar-ayricalik-degil-esitligi-saglamak-icin-calismalar-yapiyoruz\/"},"author":{"name":"haberkuzey","@id":"https:\/\/haberkuzey.com\/#\/schema\/person\/3372109ec735f9333f4fa47ebb9605ca"},"headline":"\u201c\u00d6zel Gereksinimli Mutlu \u00c7ocuklar Ebeveyn El Kitab\u0131\u201dile ilgili s\u00f6yle\u015fi ger\u00e7ekle\u015ftirildi..Sibel Tatar: Ayr\u0131cal\u0131k de\u011fil, e\u015fitli\u011fi sa\u011flamak i\u00e7in \u00e7al\u0131\u015fmalar yap\u0131yoruz","datePublished":"2025-05-28T18:15:48+00:00","mainEntityOfPage":{"@id":"https:\/\/haberkuzey.com\/index.php\/2025\/05\/28\/ozel-gereksinimli-mutlu-cocuklar-ebeveyn-el-kitabiile-ilgili-soylesi-gerceklestirildi-sibel-tatar-ayricalik-degil-esitligi-saglamak-icin-calismalar-yapiyoruz\/"},"wordCount":255,"commentCount":0,"image":{"@id":"https:\/\/haberkuzey.com\/index.php\/2025\/05\/28\/ozel-gereksinimli-mutlu-cocuklar-ebeveyn-el-kitabiile-ilgili-soylesi-gerceklestirildi-sibel-tatar-ayricalik-degil-esitligi-saglamak-icin-calismalar-yapiyoruz\/#primaryimage"},"thumbnailUrl":"https:\/\/haberkuzey.com\/wp-content\/uploads\/2025\/05\/sibel-tatar-45.jpg","articleSection":["K\u0131br\u0131s"],"inLanguage":"tr","potentialAction":[{"@type":"CommentAction","name":"Comment","target":["https:\/\/haberkuzey.com\/index.php\/2025\/05\/28\/ozel-gereksinimli-mutlu-cocuklar-ebeveyn-el-kitabiile-ilgili-soylesi-gerceklestirildi-sibel-tatar-ayricalik-degil-esitligi-saglamak-icin-calismalar-yapiyoruz\/#respond"]}]},{"@type":"WebPage","@id":"https:\/\/haberkuzey.com\/index.php\/2025\/05\/28\/ozel-gereksinimli-mutlu-cocuklar-ebeveyn-el-kitabiile-ilgili-soylesi-gerceklestirildi-sibel-tatar-ayricalik-degil-esitligi-saglamak-icin-calismalar-yapiyoruz\/","url":"https:\/\/haberkuzey.com\/index.php\/2025\/05\/28\/ozel-gereksinimli-mutlu-cocuklar-ebeveyn-el-kitabiile-ilgili-soylesi-gerceklestirildi-sibel-tatar-ayricalik-degil-esitligi-saglamak-icin-calismalar-yapiyoruz\/","name":"\u201c\u00d6zel Gereksinimli Mutlu \u00c7ocuklar Ebeveyn El Kitab\u0131\u201dile ilgili s\u00f6yle\u015fi ger\u00e7ekle\u015ftirildi..Sibel Tatar: Ayr\u0131cal\u0131k de\u011fil, e\u015fitli\u011fi sa\u011flamak i\u00e7in \u00e7al\u0131\u015fmalar yap\u0131yoruz - Haber Kuzey","isPartOf":{"@id":"https:\/\/haberkuzey.com\/#website"},"primaryImageOfPage":{"@id":"https:\/\/haberkuzey.com\/index.php\/2025\/05\/28\/ozel-gereksinimli-mutlu-cocuklar-ebeveyn-el-kitabiile-ilgili-soylesi-gerceklestirildi-sibel-tatar-ayricalik-degil-esitligi-saglamak-icin-calismalar-yapiyoruz\/#primaryimage"},"image":{"@id":"https:\/\/haberkuzey.com\/index.php\/2025\/05\/28\/ozel-gereksinimli-mutlu-cocuklar-ebeveyn-el-kitabiile-ilgili-soylesi-gerceklestirildi-sibel-tatar-ayricalik-degil-esitligi-saglamak-icin-calismalar-yapiyoruz\/#primaryimage"},"thumbnailUrl":"https:\/\/haberkuzey.com\/wp-content\/uploads\/2025\/05\/sibel-tatar-45.jpg","datePublished":"2025-05-28T18:15:48+00:00","author":{"@id":"https:\/\/haberkuzey.com\/#\/schema\/person\/3372109ec735f9333f4fa47ebb9605ca"},"breadcrumb":{"@id":"https:\/\/haberkuzey.com\/index.php\/2025\/05\/28\/ozel-gereksinimli-mutlu-cocuklar-ebeveyn-el-kitabiile-ilgili-soylesi-gerceklestirildi-sibel-tatar-ayricalik-degil-esitligi-saglamak-icin-calismalar-yapiyoruz\/#breadcrumb"},"inLanguage":"tr","potentialAction":[{"@type":"ReadAction","target":["https:\/\/haberkuzey.com\/index.php\/2025\/05\/28\/ozel-gereksinimli-mutlu-cocuklar-ebeveyn-el-kitabiile-ilgili-soylesi-gerceklestirildi-sibel-tatar-ayricalik-degil-esitligi-saglamak-icin-calismalar-yapiyoruz\/"]}]},{"@type":"ImageObject","inLanguage":"tr","@id":"https:\/\/haberkuzey.com\/index.php\/2025\/05\/28\/ozel-gereksinimli-mutlu-cocuklar-ebeveyn-el-kitabiile-ilgili-soylesi-gerceklestirildi-sibel-tatar-ayricalik-degil-esitligi-saglamak-icin-calismalar-yapiyoruz\/#primaryimage","url":"https:\/\/haberkuzey.com\/wp-content\/uploads\/2025\/05\/sibel-tatar-45.jpg","contentUrl":"https:\/\/haberkuzey.com\/wp-content\/uploads\/2025\/05\/sibel-tatar-45.jpg","width":1600,"height":1306},{"@type":"BreadcrumbList","@id":"https:\/\/haberkuzey.com\/index.php\/2025\/05\/28\/ozel-gereksinimli-mutlu-cocuklar-ebeveyn-el-kitabiile-ilgili-soylesi-gerceklestirildi-sibel-tatar-ayricalik-degil-esitligi-saglamak-icin-calismalar-yapiyoruz\/#breadcrumb","itemListElement":[{"@type":"ListItem","position":1,"name":"Anasayfa","item":"https:\/\/haberkuzey.com\/"},{"@type":"ListItem","position":2,"name":"\u201c\u00d6zel Gereksinimli Mutlu \u00c7ocuklar Ebeveyn El Kitab\u0131\u201dile ilgili s\u00f6yle\u015fi ger\u00e7ekle\u015ftirildi..Sibel Tatar: Ayr\u0131cal\u0131k de\u011fil, e\u015fitli\u011fi sa\u011flamak i\u00e7in \u00e7al\u0131\u015fmalar yap\u0131yoruz"}]},{"@type":"WebSite","@id":"https:\/\/haberkuzey.com\/#website","url":"https:\/\/haberkuzey.com\/","name":"Haber Kuzey","description":"Do\u011fru Haberin Adresi","potentialAction":[{"@type":"SearchAction","target":{"@type":"EntryPoint","urlTemplate":"https:\/\/haberkuzey.com\/?s={search_term_string}"},"query-input":{"@type":"PropertyValueSpecification","valueRequired":true,"valueName":"search_term_string"}}],"inLanguage":"tr"},{"@type":"Person","@id":"https:\/\/haberkuzey.com\/#\/schema\/person\/3372109ec735f9333f4fa47ebb9605ca","name":"haberkuzey","image":{"@type":"ImageObject","inLanguage":"tr","@id":"https:\/\/secure.gravatar.com\/avatar\/f5fc875574b1575324358c3b9e6a32b8227aa5b74f3fa22e3cadb63e26fcc39c?s=96&d=mm&r=g","url":"https:\/\/secure.gravatar.com\/avatar\/f5fc875574b1575324358c3b9e6a32b8227aa5b74f3fa22e3cadb63e26fcc39c?s=96&d=mm&r=g","contentUrl":"https:\/\/secure.gravatar.com\/avatar\/f5fc875574b1575324358c3b9e6a32b8227aa5b74f3fa22e3cadb63e26fcc39c?s=96&d=mm&r=g","caption":"haberkuzey"},"sameAs":["https:\/\/haberkuzey.com"],"url":"https:\/\/haberkuzey.com\/index.php\/author\/haberkuzey\/"}]}},"_links":{"self":[{"href":"https:\/\/haberkuzey.com\/index.php\/wp-json\/wp\/v2\/posts\/25057","targetHints":{"allow":["GET"]}}],"collection":[{"href":"https:\/\/haberkuzey.com\/index.php\/wp-json\/wp\/v2\/posts"}],"about":[{"href":"https:\/\/haberkuzey.com\/index.php\/wp-json\/wp\/v2\/types\/post"}],"author":[{"embeddable":true,"href":"https:\/\/haberkuzey.com\/index.php\/wp-json\/wp\/v2\/users\/1"}],"replies":[{"embeddable":true,"href":"https:\/\/haberkuzey.com\/index.php\/wp-json\/wp\/v2\/comments?post=25057"}],"version-history":[{"count":0,"href":"https:\/\/haberkuzey.com\/index.php\/wp-json\/wp\/v2\/posts\/25057\/revisions"}],"wp:featuredmedia":[{"embeddable":true,"href":"https:\/\/haberkuzey.com\/index.php\/wp-json\/wp\/v2\/media\/25058"}],"wp:attachment":[{"href":"https:\/\/haberkuzey.com\/index.php\/wp-json\/wp\/v2\/media?parent=25057"}],"wp:term":[{"taxonomy":"category","embeddable":true,"href":"https:\/\/haberkuzey.com\/index.php\/wp-json\/wp\/v2\/categories?post=25057"},{"taxonomy":"post_tag","embeddable":true,"href":"https:\/\/haberkuzey.com\/index.php\/wp-json\/wp\/v2\/tags?post=25057"}],"curies":[{"name":"wp","href":"https:\/\/api.w.org\/{rel}","templated":true}]}}