{"id":25024,"date":"2025-05-28T16:01:44","date_gmt":"2025-05-28T13:01:44","guid":{"rendered":"https:\/\/haberkuzey.com\/index.php\/2025\/05\/28\/arif-hasan-tahsin-vakfi-mulkiyet-konusunda-yarin-panel-duzenleyecek\/"},"modified":"2025-05-28T16:01:44","modified_gmt":"2025-05-28T13:01:44","slug":"arif-hasan-tahsin-vakfi-mulkiyet-konusunda-yarin-panel-duzenleyecek","status":"publish","type":"post","link":"https:\/\/haberkuzey.com\/index.php\/2025\/05\/28\/arif-hasan-tahsin-vakfi-mulkiyet-konusunda-yarin-panel-duzenleyecek\/","title":{"rendered":"Arif Hasan Tahsin Vakf\u0131, m\u00fclkiyet konusunda yar\u0131n panel d\u00fczenleyecek"},"content":{"rendered":"<div>\n<div class=\"mariselle-image-container none\">\n                                            <\/div>\n<p>Arif Hasan Tahsin Tarih ve K\u00fclt\u00fcr Vakf\u0131 taraf\u0131ndan yar\u0131n m\u00fclkiyet konusunda panel d\u00fczenlenecek.<\/p>\n<p>Vak\u0131f\u2019tan yap\u0131lan a\u00e7\u0131klamaya g\u00f6re, panel saat 19.30\u2019da KTOE\u00d6S (K\u0131br\u0131s T\u00fcrk Orta E\u011fitim \u00d6\u011fretmenler Sendikas\u0131) salonunda yap\u0131lacak.<\/p>\n<p>Halka a\u00e7\u0131k \u015fekilde d\u00fczenlenecek panelde, konu hakk\u0131nda ara\u015ft\u0131rmalar\u0131 ve hukuksal saptamalar\u0131 olan Mete Hatay, Murat Metin Hakk\u0131 ve \u00d6ncel Polili konu\u015fmac\u0131 olarak kat\u0131lacak.<\/p>\n<\/p><\/div>\n<p><script async\n                    defer\n                    crossorigin=\"anonymous\"\n                    src=\"https:\/\/connect.facebook.net\/tr_TR\/sdk.js#xfbml=1&#038;version=v3.3\"\n            ><\/script><\/p>\n","protected":false},"excerpt":{"rendered":"<p>Arif Hasan Tahsin Tarih ve K\u00fclt\u00fcr Vakf\u0131 taraf\u0131ndan yar\u0131n m\u00fclkiyet konusunda panel d\u00fczenlenecek. Vak\u0131f\u2019tan yap\u0131lan a\u00e7\u0131klamaya g\u00f6re, panel saat 19.30\u2019da KTOE\u00d6S (K\u0131br\u0131s T\u00fcrk Orta E\u011fitim \u00d6\u011fretmenler Sendikas\u0131) salonunda yap\u0131lacak. Halka a\u00e7\u0131k \u015fekilde d\u00fczenlenecek panelde, konu hakk\u0131nda ara\u015ft\u0131rmalar\u0131 ve hukuksal saptamalar\u0131 olan Mete Hatay, Murat Metin Hakk\u0131 ve \u00d6ncel Polili konu\u015fmac\u0131 olarak kat\u0131lacak.<\/p>\n","protected":false},"author":1,"featured_media":25025,"comment_status":"open","ping_status":"open","sticky":false,"template":"","format":"standard","meta":{"jnews-multi-image_gallery":[],"jnews_single_post":[],"jnews_primary_category":[],"footnotes":""},"categories":[1],"tags":[],"class_list":["post-25024","post","type-post","status-publish","format-standard","has-post-thumbnail","hentry","category-kibris"],"yoast_head":"<!-- This site is optimized with the Yoast SEO plugin v27.5 - https:\/\/yoast.com\/product\/yoast-seo-wordpress\/ -->\n<title>Arif Hasan Tahsin Vakf\u0131, m\u00fclkiyet konusunda yar\u0131n panel d\u00fczenleyecek - Haber Kuzey<\/title>\n<meta name=\"robots\" content=\"index, follow, max-snippet:-1, max-image-preview:large, max-video-preview:-1\" \/>\n<link rel=\"canonical\" href=\"https:\/\/haberkuzey.com\/index.php\/2025\/05\/28\/arif-hasan-tahsin-vakfi-mulkiyet-konusunda-yarin-panel-duzenleyecek\/\" \/>\n<meta property=\"og:locale\" content=\"tr_TR\" \/>\n<meta property=\"og:type\" content=\"article\" \/>\n<meta property=\"og:title\" content=\"Arif Hasan Tahsin Vakf\u0131, m\u00fclkiyet konusunda yar\u0131n panel d\u00fczenleyecek - Haber Kuzey\" \/>\n<meta property=\"og:description\" content=\"Arif Hasan Tahsin Tarih ve K\u00fclt\u00fcr Vakf\u0131 taraf\u0131ndan yar\u0131n m\u00fclkiyet konusunda panel d\u00fczenlenecek. Vak\u0131f\u2019tan yap\u0131lan a\u00e7\u0131klamaya g\u00f6re, panel saat 19.30\u2019da KTOE\u00d6S (K\u0131br\u0131s T\u00fcrk Orta E\u011fitim \u00d6\u011fretmenler Sendikas\u0131) salonunda yap\u0131lacak. Halka a\u00e7\u0131k \u015fekilde d\u00fczenlenecek panelde, konu hakk\u0131nda ara\u015ft\u0131rmalar\u0131 ve hukuksal saptamalar\u0131 olan Mete Hatay, Murat Metin Hakk\u0131 ve \u00d6ncel Polili konu\u015fmac\u0131 olarak kat\u0131lacak.\" \/>\n<meta property=\"og:url\" content=\"https:\/\/haberkuzey.com\/index.php\/2025\/05\/28\/arif-hasan-tahsin-vakfi-mulkiyet-konusunda-yarin-panel-duzenleyecek\/\" \/>\n<meta property=\"og:site_name\" content=\"Haber Kuzey\" \/>\n<meta property=\"article:published_time\" content=\"2025-05-28T13:01:44+00:00\" \/>\n<meta property=\"og:image\" content=\"https:\/\/brtk.net\/wp-content\/uploads\/2025\/05\/28\/1748429582536arif-hasan-tahsin-vakfi-Etkinlik.jpg?ver=4ba3682db6474fb49a4c59151dfe5207\" \/>\n<meta name=\"author\" content=\"haberkuzey\" \/>\n<meta name=\"twitter:card\" content=\"summary_large_image\" \/>\n<meta name=\"twitter:label1\" content=\"Yazan:\" \/>\n\t<meta name=\"twitter:data1\" content=\"haberkuzey\" \/>\n<script type=\"application\/ld+json\" class=\"yoast-schema-graph\">{\"@context\":\"https:\\\/\\\/schema.org\",\"@graph\":[{\"@type\":\"Article\",\"@id\":\"https:\\\/\\\/haberkuzey.com\\\/index.php\\\/2025\\\/05\\\/28\\\/arif-hasan-tahsin-vakfi-mulkiyet-konusunda-yarin-panel-duzenleyecek\\\/#article\",\"isPartOf\":{\"@id\":\"https:\\\/\\\/haberkuzey.com\\\/index.php\\\/2025\\\/05\\\/28\\\/arif-hasan-tahsin-vakfi-mulkiyet-konusunda-yarin-panel-duzenleyecek\\\/\"},\"author\":{\"name\":\"haberkuzey\",\"@id\":\"https:\\\/\\\/haberkuzey.com\\\/#\\\/schema\\\/person\\\/3372109ec735f9333f4fa47ebb9605ca\"},\"headline\":\"Arif Hasan Tahsin Vakf\u0131, m\u00fclkiyet konusunda yar\u0131n panel d\u00fczenleyecek\",\"datePublished\":\"2025-05-28T13:01:44+00:00\",\"mainEntityOfPage\":{\"@id\":\"https:\\\/\\\/haberkuzey.com\\\/index.php\\\/2025\\\/05\\\/28\\\/arif-hasan-tahsin-vakfi-mulkiyet-konusunda-yarin-panel-duzenleyecek\\\/\"},\"wordCount\":88,\"commentCount\":0,\"image\":{\"@id\":\"https:\\\/\\\/haberkuzey.com\\\/index.php\\\/2025\\\/05\\\/28\\\/arif-hasan-tahsin-vakfi-mulkiyet-konusunda-yarin-panel-duzenleyecek\\\/#primaryimage\"},\"thumbnailUrl\":\"https:\\\/\\\/haberkuzey.com\\\/wp-content\\\/uploads\\\/2025\\\/05\\\/1748429582536arif-hasan-tahsin-vakfi-Etkinlik.jpg\",\"articleSection\":[\"K\u0131br\u0131s\"],\"inLanguage\":\"tr\",\"potentialAction\":[{\"@type\":\"CommentAction\",\"name\":\"Comment\",\"target\":[\"https:\\\/\\\/haberkuzey.com\\\/index.php\\\/2025\\\/05\\\/28\\\/arif-hasan-tahsin-vakfi-mulkiyet-konusunda-yarin-panel-duzenleyecek\\\/#respond\"]}]},{\"@type\":\"WebPage\",\"@id\":\"https:\\\/\\\/haberkuzey.com\\\/index.php\\\/2025\\\/05\\\/28\\\/arif-hasan-tahsin-vakfi-mulkiyet-konusunda-yarin-panel-duzenleyecek\\\/\",\"url\":\"https:\\\/\\\/haberkuzey.com\\\/index.php\\\/2025\\\/05\\\/28\\\/arif-hasan-tahsin-vakfi-mulkiyet-konusunda-yarin-panel-duzenleyecek\\\/\",\"name\":\"Arif Hasan Tahsin Vakf\u0131, m\u00fclkiyet konusunda yar\u0131n panel d\u00fczenleyecek - Haber Kuzey\",\"isPartOf\":{\"@id\":\"https:\\\/\\\/haberkuzey.com\\\/#website\"},\"primaryImageOfPage\":{\"@id\":\"https:\\\/\\\/haberkuzey.com\\\/index.php\\\/2025\\\/05\\\/28\\\/arif-hasan-tahsin-vakfi-mulkiyet-konusunda-yarin-panel-duzenleyecek\\\/#primaryimage\"},\"image\":{\"@id\":\"https:\\\/\\\/haberkuzey.com\\\/index.php\\\/2025\\\/05\\\/28\\\/arif-hasan-tahsin-vakfi-mulkiyet-konusunda-yarin-panel-duzenleyecek\\\/#primaryimage\"},\"thumbnailUrl\":\"https:\\\/\\\/haberkuzey.com\\\/wp-content\\\/uploads\\\/2025\\\/05\\\/1748429582536arif-hasan-tahsin-vakfi-Etkinlik.jpg\",\"datePublished\":\"2025-05-28T13:01:44+00:00\",\"author\":{\"@id\":\"https:\\\/\\\/haberkuzey.com\\\/#\\\/schema\\\/person\\\/3372109ec735f9333f4fa47ebb9605ca\"},\"breadcrumb\":{\"@id\":\"https:\\\/\\\/haberkuzey.com\\\/index.php\\\/2025\\\/05\\\/28\\\/arif-hasan-tahsin-vakfi-mulkiyet-konusunda-yarin-panel-duzenleyecek\\\/#breadcrumb\"},\"inLanguage\":\"tr\",\"potentialAction\":[{\"@type\":\"ReadAction\",\"target\":[\"https:\\\/\\\/haberkuzey.com\\\/index.php\\\/2025\\\/05\\\/28\\\/arif-hasan-tahsin-vakfi-mulkiyet-konusunda-yarin-panel-duzenleyecek\\\/\"]}]},{\"@type\":\"ImageObject\",\"inLanguage\":\"tr\",\"@id\":\"https:\\\/\\\/haberkuzey.com\\\/index.php\\\/2025\\\/05\\\/28\\\/arif-hasan-tahsin-vakfi-mulkiyet-konusunda-yarin-panel-duzenleyecek\\\/#primaryimage\",\"url\":\"https:\\\/\\\/haberkuzey.com\\\/wp-content\\\/uploads\\\/2025\\\/05\\\/1748429582536arif-hasan-tahsin-vakfi-Etkinlik.jpg\",\"contentUrl\":\"https:\\\/\\\/haberkuzey.com\\\/wp-content\\\/uploads\\\/2025\\\/05\\\/1748429582536arif-hasan-tahsin-vakfi-Etkinlik.jpg\",\"width\":930,\"height\":410},{\"@type\":\"BreadcrumbList\",\"@id\":\"https:\\\/\\\/haberkuzey.com\\\/index.php\\\/2025\\\/05\\\/28\\\/arif-hasan-tahsin-vakfi-mulkiyet-konusunda-yarin-panel-duzenleyecek\\\/#breadcrumb\",\"itemListElement\":[{\"@type\":\"ListItem\",\"position\":1,\"name\":\"Anasayfa\",\"item\":\"https:\\\/\\\/haberkuzey.com\\\/\"},{\"@type\":\"ListItem\",\"position\":2,\"name\":\"Arif Hasan Tahsin Vakf\u0131, m\u00fclkiyet konusunda yar\u0131n panel d\u00fczenleyecek\"}]},{\"@type\":\"WebSite\",\"@id\":\"https:\\\/\\\/haberkuzey.com\\\/#website\",\"url\":\"https:\\\/\\\/haberkuzey.com\\\/\",\"name\":\"Haber Kuzey\",\"description\":\"Do\u011fru Haberin Adresi\",\"potentialAction\":[{\"@type\":\"SearchAction\",\"target\":{\"@type\":\"EntryPoint\",\"urlTemplate\":\"https:\\\/\\\/haberkuzey.com\\\/?s={search_term_string}\"},\"query-input\":{\"@type\":\"PropertyValueSpecification\",\"valueRequired\":true,\"valueName\":\"search_term_string\"}}],\"inLanguage\":\"tr\"},{\"@type\":\"Person\",\"@id\":\"https:\\\/\\\/haberkuzey.com\\\/#\\\/schema\\\/person\\\/3372109ec735f9333f4fa47ebb9605ca\",\"name\":\"haberkuzey\",\"image\":{\"@type\":\"ImageObject\",\"inLanguage\":\"tr\",\"@id\":\"https:\\\/\\\/secure.gravatar.com\\\/avatar\\\/f5fc875574b1575324358c3b9e6a32b8227aa5b74f3fa22e3cadb63e26fcc39c?s=96&d=mm&r=g\",\"url\":\"https:\\\/\\\/secure.gravatar.com\\\/avatar\\\/f5fc875574b1575324358c3b9e6a32b8227aa5b74f3fa22e3cadb63e26fcc39c?s=96&d=mm&r=g\",\"contentUrl\":\"https:\\\/\\\/secure.gravatar.com\\\/avatar\\\/f5fc875574b1575324358c3b9e6a32b8227aa5b74f3fa22e3cadb63e26fcc39c?s=96&d=mm&r=g\",\"caption\":\"haberkuzey\"},\"sameAs\":[\"https:\\\/\\\/haberkuzey.com\"],\"url\":\"https:\\\/\\\/haberkuzey.com\\\/index.php\\\/author\\\/haberkuzey\\\/\"}]}<\/script>\n<!-- \/ Yoast SEO plugin. -->","yoast_head_json":{"title":"Arif Hasan Tahsin Vakf\u0131, m\u00fclkiyet konusunda yar\u0131n panel d\u00fczenleyecek - Haber Kuzey","robots":{"index":"index","follow":"follow","max-snippet":"max-snippet:-1","max-image-preview":"max-image-preview:large","max-video-preview":"max-video-preview:-1"},"canonical":"https:\/\/haberkuzey.com\/index.php\/2025\/05\/28\/arif-hasan-tahsin-vakfi-mulkiyet-konusunda-yarin-panel-duzenleyecek\/","og_locale":"tr_TR","og_type":"article","og_title":"Arif Hasan Tahsin Vakf\u0131, m\u00fclkiyet konusunda yar\u0131n panel d\u00fczenleyecek - Haber Kuzey","og_description":"Arif Hasan Tahsin Tarih ve K\u00fclt\u00fcr Vakf\u0131 taraf\u0131ndan yar\u0131n m\u00fclkiyet konusunda panel d\u00fczenlenecek. Vak\u0131f\u2019tan yap\u0131lan a\u00e7\u0131klamaya g\u00f6re, panel saat 19.30\u2019da KTOE\u00d6S (K\u0131br\u0131s T\u00fcrk Orta E\u011fitim \u00d6\u011fretmenler Sendikas\u0131) salonunda yap\u0131lacak. Halka a\u00e7\u0131k \u015fekilde d\u00fczenlenecek panelde, konu hakk\u0131nda ara\u015ft\u0131rmalar\u0131 ve hukuksal saptamalar\u0131 olan Mete Hatay, Murat Metin Hakk\u0131 ve \u00d6ncel Polili konu\u015fmac\u0131 olarak kat\u0131lacak.","og_url":"https:\/\/haberkuzey.com\/index.php\/2025\/05\/28\/arif-hasan-tahsin-vakfi-mulkiyet-konusunda-yarin-panel-duzenleyecek\/","og_site_name":"Haber Kuzey","article_published_time":"2025-05-28T13:01:44+00:00","og_image":[{"url":"https:\/\/brtk.net\/wp-content\/uploads\/2025\/05\/28\/1748429582536arif-hasan-tahsin-vakfi-Etkinlik.jpg?ver=4ba3682db6474fb49a4c59151dfe5207","type":"","width":"","height":""}],"author":"haberkuzey","twitter_card":"summary_large_image","twitter_misc":{"Yazan:":"haberkuzey"},"schema":{"@context":"https:\/\/schema.org","@graph":[{"@type":"Article","@id":"https:\/\/haberkuzey.com\/index.php\/2025\/05\/28\/arif-hasan-tahsin-vakfi-mulkiyet-konusunda-yarin-panel-duzenleyecek\/#article","isPartOf":{"@id":"https:\/\/haberkuzey.com\/index.php\/2025\/05\/28\/arif-hasan-tahsin-vakfi-mulkiyet-konusunda-yarin-panel-duzenleyecek\/"},"author":{"name":"haberkuzey","@id":"https:\/\/haberkuzey.com\/#\/schema\/person\/3372109ec735f9333f4fa47ebb9605ca"},"headline":"Arif Hasan Tahsin Vakf\u0131, m\u00fclkiyet konusunda yar\u0131n panel d\u00fczenleyecek","datePublished":"2025-05-28T13:01:44+00:00","mainEntityOfPage":{"@id":"https:\/\/haberkuzey.com\/index.php\/2025\/05\/28\/arif-hasan-tahsin-vakfi-mulkiyet-konusunda-yarin-panel-duzenleyecek\/"},"wordCount":88,"commentCount":0,"image":{"@id":"https:\/\/haberkuzey.com\/index.php\/2025\/05\/28\/arif-hasan-tahsin-vakfi-mulkiyet-konusunda-yarin-panel-duzenleyecek\/#primaryimage"},"thumbnailUrl":"https:\/\/haberkuzey.com\/wp-content\/uploads\/2025\/05\/1748429582536arif-hasan-tahsin-vakfi-Etkinlik.jpg","articleSection":["K\u0131br\u0131s"],"inLanguage":"tr","potentialAction":[{"@type":"CommentAction","name":"Comment","target":["https:\/\/haberkuzey.com\/index.php\/2025\/05\/28\/arif-hasan-tahsin-vakfi-mulkiyet-konusunda-yarin-panel-duzenleyecek\/#respond"]}]},{"@type":"WebPage","@id":"https:\/\/haberkuzey.com\/index.php\/2025\/05\/28\/arif-hasan-tahsin-vakfi-mulkiyet-konusunda-yarin-panel-duzenleyecek\/","url":"https:\/\/haberkuzey.com\/index.php\/2025\/05\/28\/arif-hasan-tahsin-vakfi-mulkiyet-konusunda-yarin-panel-duzenleyecek\/","name":"Arif Hasan Tahsin Vakf\u0131, m\u00fclkiyet konusunda yar\u0131n panel d\u00fczenleyecek - Haber Kuzey","isPartOf":{"@id":"https:\/\/haberkuzey.com\/#website"},"primaryImageOfPage":{"@id":"https:\/\/haberkuzey.com\/index.php\/2025\/05\/28\/arif-hasan-tahsin-vakfi-mulkiyet-konusunda-yarin-panel-duzenleyecek\/#primaryimage"},"image":{"@id":"https:\/\/haberkuzey.com\/index.php\/2025\/05\/28\/arif-hasan-tahsin-vakfi-mulkiyet-konusunda-yarin-panel-duzenleyecek\/#primaryimage"},"thumbnailUrl":"https:\/\/haberkuzey.com\/wp-content\/uploads\/2025\/05\/1748429582536arif-hasan-tahsin-vakfi-Etkinlik.jpg","datePublished":"2025-05-28T13:01:44+00:00","author":{"@id":"https:\/\/haberkuzey.com\/#\/schema\/person\/3372109ec735f9333f4fa47ebb9605ca"},"breadcrumb":{"@id":"https:\/\/haberkuzey.com\/index.php\/2025\/05\/28\/arif-hasan-tahsin-vakfi-mulkiyet-konusunda-yarin-panel-duzenleyecek\/#breadcrumb"},"inLanguage":"tr","potentialAction":[{"@type":"ReadAction","target":["https:\/\/haberkuzey.com\/index.php\/2025\/05\/28\/arif-hasan-tahsin-vakfi-mulkiyet-konusunda-yarin-panel-duzenleyecek\/"]}]},{"@type":"ImageObject","inLanguage":"tr","@id":"https:\/\/haberkuzey.com\/index.php\/2025\/05\/28\/arif-hasan-tahsin-vakfi-mulkiyet-konusunda-yarin-panel-duzenleyecek\/#primaryimage","url":"https:\/\/haberkuzey.com\/wp-content\/uploads\/2025\/05\/1748429582536arif-hasan-tahsin-vakfi-Etkinlik.jpg","contentUrl":"https:\/\/haberkuzey.com\/wp-content\/uploads\/2025\/05\/1748429582536arif-hasan-tahsin-vakfi-Etkinlik.jpg","width":930,"height":410},{"@type":"BreadcrumbList","@id":"https:\/\/haberkuzey.com\/index.php\/2025\/05\/28\/arif-hasan-tahsin-vakfi-mulkiyet-konusunda-yarin-panel-duzenleyecek\/#breadcrumb","itemListElement":[{"@type":"ListItem","position":1,"name":"Anasayfa","item":"https:\/\/haberkuzey.com\/"},{"@type":"ListItem","position":2,"name":"Arif Hasan Tahsin Vakf\u0131, m\u00fclkiyet konusunda yar\u0131n panel d\u00fczenleyecek"}]},{"@type":"WebSite","@id":"https:\/\/haberkuzey.com\/#website","url":"https:\/\/haberkuzey.com\/","name":"Haber Kuzey","description":"Do\u011fru Haberin Adresi","potentialAction":[{"@type":"SearchAction","target":{"@type":"EntryPoint","urlTemplate":"https:\/\/haberkuzey.com\/?s={search_term_string}"},"query-input":{"@type":"PropertyValueSpecification","valueRequired":true,"valueName":"search_term_string"}}],"inLanguage":"tr"},{"@type":"Person","@id":"https:\/\/haberkuzey.com\/#\/schema\/person\/3372109ec735f9333f4fa47ebb9605ca","name":"haberkuzey","image":{"@type":"ImageObject","inLanguage":"tr","@id":"https:\/\/secure.gravatar.com\/avatar\/f5fc875574b1575324358c3b9e6a32b8227aa5b74f3fa22e3cadb63e26fcc39c?s=96&d=mm&r=g","url":"https:\/\/secure.gravatar.com\/avatar\/f5fc875574b1575324358c3b9e6a32b8227aa5b74f3fa22e3cadb63e26fcc39c?s=96&d=mm&r=g","contentUrl":"https:\/\/secure.gravatar.com\/avatar\/f5fc875574b1575324358c3b9e6a32b8227aa5b74f3fa22e3cadb63e26fcc39c?s=96&d=mm&r=g","caption":"haberkuzey"},"sameAs":["https:\/\/haberkuzey.com"],"url":"https:\/\/haberkuzey.com\/index.php\/author\/haberkuzey\/"}]}},"_links":{"self":[{"href":"https:\/\/haberkuzey.com\/index.php\/wp-json\/wp\/v2\/posts\/25024","targetHints":{"allow":["GET"]}}],"collection":[{"href":"https:\/\/haberkuzey.com\/index.php\/wp-json\/wp\/v2\/posts"}],"about":[{"href":"https:\/\/haberkuzey.com\/index.php\/wp-json\/wp\/v2\/types\/post"}],"author":[{"embeddable":true,"href":"https:\/\/haberkuzey.com\/index.php\/wp-json\/wp\/v2\/users\/1"}],"replies":[{"embeddable":true,"href":"https:\/\/haberkuzey.com\/index.php\/wp-json\/wp\/v2\/comments?post=25024"}],"version-history":[{"count":0,"href":"https:\/\/haberkuzey.com\/index.php\/wp-json\/wp\/v2\/posts\/25024\/revisions"}],"wp:featuredmedia":[{"embeddable":true,"href":"https:\/\/haberkuzey.com\/index.php\/wp-json\/wp\/v2\/media\/25025"}],"wp:attachment":[{"href":"https:\/\/haberkuzey.com\/index.php\/wp-json\/wp\/v2\/media?parent=25024"}],"wp:term":[{"taxonomy":"category","embeddable":true,"href":"https:\/\/haberkuzey.com\/index.php\/wp-json\/wp\/v2\/categories?post=25024"},{"taxonomy":"post_tag","embeddable":true,"href":"https:\/\/haberkuzey.com\/index.php\/wp-json\/wp\/v2\/tags?post=25024"}],"curies":[{"name":"wp","href":"https:\/\/api.w.org\/{rel}","templated":true}]}}