{"id":24950,"date":"2025-05-27T15:24:45","date_gmt":"2025-05-27T12:24:45","guid":{"rendered":"https:\/\/haberkuzey.com\/index.php\/2025\/05\/27\/cumhurbaskani-tatar-milli-master-atlet-ayten-benlinin-belgesel-gosterimine-katildi\/"},"modified":"2025-05-27T15:24:45","modified_gmt":"2025-05-27T12:24:45","slug":"cumhurbaskani-tatar-milli-master-atlet-ayten-benlinin-belgesel-gosterimine-katildi","status":"publish","type":"post","link":"https:\/\/haberkuzey.com\/index.php\/2025\/05\/27\/cumhurbaskani-tatar-milli-master-atlet-ayten-benlinin-belgesel-gosterimine-katildi\/","title":{"rendered":"Cumhurba\u015fkan\u0131 Tatar, milli master atlet Ayten Benli\u2019nin belgesel g\u00f6sterimine kat\u0131ld\u0131"},"content":{"rendered":"<div>\n<div class=\"mariselle-image-container center\">\n                                            <\/div>\n<p>Cumhurba\u015fkan\u0131 Ersin Tatar, K\u0131br\u0131s Kad\u0131n \u00d6yk\u00fcleri Derne\u011fi (K\u00d6DER) taraf\u0131ndan ve G\u00f6nyeli-Alayk\u00f6y Belediyesi organizasyonunda haz\u0131rlanan milli master atlet Ayten Benli belgesel g\u00f6sterimine kat\u0131ld\u0131.<\/p>\n<p>\u00a0<\/p>\n<p>Cumhurba\u015fkanl\u0131\u011f\u0131\u2019ndan verilen bilgiye g\u00f6re,\u00a0Alayk\u00f6y SAM Konferans Salonu\u2019nda ger\u00e7ekle\u015fen etkinlikte\u00a0ayr\u0131ca emekli \u00f6\u011fretmen G\u00fclg\u00fcn Serdar moderat\u00f6rl\u00fc\u011f\u00fcnde \u0130nan\u00e7 \u00d6ney ve Mehmet Kofal\u0131\u2019n\u0131n konu\u015fmac\u0131 olarak yer ald\u0131\u011f\u0131 bir de s\u00f6yle\u015fi ger\u00e7ekle\u015ftirildi.<\/p>\n<p>-Tatar: \u201cK\u0131rd\u0131\u011f\u0131 rekorlarla K\u0131br\u0131s T\u00fcrk kad\u0131n\u0131n\u0131n ad\u0131n\u0131 duyurdu\u201d<\/p>\n<p>\u00a0<\/p>\n<p>Cumhurba\u015fkan\u0131 Ersin Tatar, etkinlikte\u00a0yapt\u0131\u011f\u0131 konu\u015fmada, K\u0131br\u0131s\u2019ta ve yurtd\u0131\u015f\u0131nda k\u0131rd\u0131\u011f\u0131 rekorlarla K\u0131br\u0131s T\u00fcrk kad\u0131n\u0131n\u0131n ad\u0131n\u0131 bir\u00e7ok spor organizasyonunda duyuran milli master atlet Ayten Benli\u2019nin hayat\u0131yla ilgili haz\u0131rlanan belgesel g\u00f6steriminde bulunmaktan duydu\u011fu memnuniyeti ifade etti.<\/p>\n<p>\u00a0<\/p>\n<p>Ayten Benli\u2019nin ailesi, sporcu arkada\u015flar\u0131 ve yak\u0131n arkada\u015flar\u0131 ile r\u00f6portajlar\u0131n\u0131n yer ald\u0131\u011f\u0131 belgeseli ilgiyle izledi\u011fini aktaran Tatar, K\u00d6DER taraf\u0131ndan haz\u0131rlanan belgeselle K\u0131br\u0131s T\u00fcrk kad\u0131n\u0131n\u0131n bir ba\u015far\u0131 hikayesini daha izleme f\u0131rsat\u0131 buldu\u011funu dile getirdi.<\/p>\n<p>\u00a0<\/p>\n<p>Cumhurba\u015fkan\u0131 Tatar, Ayten Benli\u2019nin bir cevher oldu\u011funu belirterek, azmi, inanc\u0131, \u00e7al\u0131\u015fmas\u0131 ve yetene\u011finin ba\u015far\u0131s\u0131nda \u00f6nemli rol oynad\u0131\u011f\u0131n\u0131 kaydetti.<\/p>\n<p>\u00a0<\/p>\n<p>Ayten Benli\u2019ye K\u0131br\u0131s T\u00fcrk\u00fc\u2019n\u00fcn sesini duyurdu\u011fu ve spora yapt\u0131\u011f\u0131 katk\u0131dan dolay\u0131 te\u015fekk\u00fcr eden Tatar, 28\u2019inci belgeseli haz\u0131rlayan K\u00d6DER\u2019i de tebrik etti.<\/p>\n<p>\u00a0<\/p>\n<p>-Amcao\u011flu: \u201cGen\u00e7lere rol model olmu\u015f bir ki\u015filik\u201d<\/p>\n<p>K\u00d6DER\u2019den verilen bilgiye g\u00f6re, G\u00f6nyeli-Alayk\u00f6y Belediyesi Ba\u015fkan\u0131 H\u00fcseyin Amcao\u011flu ise etkinlikte yapt\u0131\u011f\u0131 konu\u015fmada, \u201c\u00c7ok ba\u015far\u0131l\u0131 bir sporcu olan, \u00f6zelde G\u00f6nyelimizi genelde \u00fclkemizi yurtd\u0131\u015f\u0131nda ba\u015far\u0131yla temsil eden ve gen\u00e7lere rol modeli olmu\u015f bir ki\u015fili\u011fi olan Ayten Benli\u2019nin belgeseline belediye olarak katk\u0131m\u0131z\u0131n olmas\u0131 bizlere \u00e7ok gurur veriyor.\u201d dedi.<\/p>\n<p>-Ekingen: \u201cToplamda 28 belgeselin \u00e7ekimlerini tamamlad\u0131k\u201d<\/p>\n<p>K\u00d6DER Ba\u015fkan\u0131 \u015eenay Ekingen de, dernek olarak toplam 28 belgeselin \u00e7ekimlerini tamamlad\u0131klar\u0131n\u0131 kaydederek, milli master atlet Ayten Benli belgeselinin ise 25. K\u00d6DER yap\u0131m\u0131 olmas\u0131n\u0131n gururunu ya\u015fad\u0131klar\u0131n\u0131 vurgulad\u0131.<\/p>\n<p>-Benli: \u201cKendi hikayesini yazan kad\u0131n tarihe iz b\u0131rak\u0131r\u201d<\/p>\n<p>Milli master atlet Ayten Benli ise, kendi belgeselini salonda t\u00fcm sevdikleriyle birlikte izlemenin kendisini \u00e7ok duyguland\u0131rd\u0131\u011f\u0131n\u0131 ve ayr\u0131cal\u0131kl\u0131 hissetti\u011fini kaydederek, belgeselin haz\u0131rlanmas\u0131na katk\u0131 koyanlara te\u015fekk\u00fcr etti.<\/p>\n<p>Benli: \u201cKendi hikayesini yazan kad\u0131n tarihe iz b\u0131rak\u0131r. Bu gen\u00e7lere rol model olabiliyorsam onlar da kendi hikayelerini yazacaklard\u0131r.\u201d ifadesini kulland\u0131. \u00a0<\/p>\n<p>Fatma Co\u015far K\u0131n\u0131\u015f\u2019\u0131n sunuculu\u011funu yapt\u0131\u011f\u0131 etkinlik plaket ve \u00e7i\u00e7ek takdimi, Ayten Benli taraf\u0131ndan yap\u0131lan G\u00f6nyeli Lokumu ikram\u0131 ve toplu foto\u011fraf \u00e7ekimiyle son buldu.<\/p>\n<\/p><\/div>\n<p><script async\n                    defer\n                    crossorigin=\"anonymous\"\n                    src=\"https:\/\/connect.facebook.net\/tr_TR\/sdk.js#xfbml=1&#038;version=v3.3\"\n            ><\/script><\/p>\n","protected":false},"excerpt":{"rendered":"<p>Cumhurba\u015fkan\u0131 Ersin Tatar, K\u0131br\u0131s Kad\u0131n \u00d6yk\u00fcleri Derne\u011fi (K\u00d6DER) taraf\u0131ndan ve G\u00f6nyeli-Alayk\u00f6y Belediyesi organizasyonunda haz\u0131rlanan milli master atlet Ayten Benli belgesel g\u00f6sterimine kat\u0131ld\u0131. \u00a0 Cumhurba\u015fkanl\u0131\u011f\u0131\u2019ndan verilen bilgiye g\u00f6re,\u00a0Alayk\u00f6y SAM Konferans Salonu\u2019nda ger\u00e7ekle\u015fen etkinlikte\u00a0ayr\u0131ca emekli \u00f6\u011fretmen G\u00fclg\u00fcn Serdar moderat\u00f6rl\u00fc\u011f\u00fcnde \u0130nan\u00e7 \u00d6ney ve Mehmet Kofal\u0131\u2019n\u0131n konu\u015fmac\u0131 olarak yer ald\u0131\u011f\u0131 bir de s\u00f6yle\u015fi ger\u00e7ekle\u015ftirildi. -Tatar: \u201cK\u0131rd\u0131\u011f\u0131 rekorlarla K\u0131br\u0131s T\u00fcrk [&hellip;]<\/p>\n","protected":false},"author":1,"featured_media":24951,"comment_status":"open","ping_status":"open","sticky":false,"template":"","format":"standard","meta":{"jnews-multi-image_gallery":[],"jnews_single_post":[],"jnews_primary_category":[],"footnotes":""},"categories":[1],"tags":[],"class_list":["post-24950","post","type-post","status-publish","format-standard","has-post-thumbnail","hentry","category-kibris"],"yoast_head":"<!-- This site is optimized with the Yoast SEO plugin v27.5 - https:\/\/yoast.com\/product\/yoast-seo-wordpress\/ -->\n<title>Cumhurba\u015fkan\u0131 Tatar, milli master atlet Ayten Benli\u2019nin belgesel g\u00f6sterimine kat\u0131ld\u0131 - Haber Kuzey<\/title>\n<meta name=\"robots\" content=\"index, follow, max-snippet:-1, max-image-preview:large, max-video-preview:-1\" \/>\n<link rel=\"canonical\" href=\"https:\/\/haberkuzey.com\/index.php\/2025\/05\/27\/cumhurbaskani-tatar-milli-master-atlet-ayten-benlinin-belgesel-gosterimine-katildi\/\" \/>\n<meta property=\"og:locale\" content=\"tr_TR\" \/>\n<meta property=\"og:type\" content=\"article\" \/>\n<meta property=\"og:title\" content=\"Cumhurba\u015fkan\u0131 Tatar, milli master atlet Ayten Benli\u2019nin belgesel g\u00f6sterimine kat\u0131ld\u0131 - Haber Kuzey\" \/>\n<meta property=\"og:description\" content=\"Cumhurba\u015fkan\u0131 Ersin Tatar, K\u0131br\u0131s Kad\u0131n \u00d6yk\u00fcleri Derne\u011fi (K\u00d6DER) taraf\u0131ndan ve G\u00f6nyeli-Alayk\u00f6y Belediyesi organizasyonunda haz\u0131rlanan milli master atlet Ayten Benli belgesel g\u00f6sterimine kat\u0131ld\u0131. \u00a0 Cumhurba\u015fkanl\u0131\u011f\u0131\u2019ndan verilen bilgiye g\u00f6re,\u00a0Alayk\u00f6y SAM Konferans Salonu\u2019nda ger\u00e7ekle\u015fen etkinlikte\u00a0ayr\u0131ca emekli \u00f6\u011fretmen G\u00fclg\u00fcn Serdar moderat\u00f6rl\u00fc\u011f\u00fcnde \u0130nan\u00e7 \u00d6ney ve Mehmet Kofal\u0131\u2019n\u0131n konu\u015fmac\u0131 olarak yer ald\u0131\u011f\u0131 bir de s\u00f6yle\u015fi ger\u00e7ekle\u015ftirildi. -Tatar: \u201cK\u0131rd\u0131\u011f\u0131 rekorlarla K\u0131br\u0131s T\u00fcrk [&hellip;]\" \/>\n<meta property=\"og:url\" content=\"https:\/\/haberkuzey.com\/index.php\/2025\/05\/27\/cumhurbaskani-tatar-milli-master-atlet-ayten-benlinin-belgesel-gosterimine-katildi\/\" \/>\n<meta property=\"og:site_name\" content=\"Haber Kuzey\" \/>\n<meta property=\"article:published_time\" content=\"2025-05-27T12:24:45+00:00\" \/>\n<meta property=\"og:image\" content=\"https:\/\/brtk.net\/wp-content\/uploads\/2025\/05\/27\/1748343478418TATAR-KODER-BELGESELI2.jpg?ver=11986e1d69f95ef0d4840c0c844c0048\" \/>\n<meta name=\"author\" content=\"haberkuzey\" \/>\n<meta name=\"twitter:card\" content=\"summary_large_image\" \/>\n<meta name=\"twitter:label1\" content=\"Yazan:\" \/>\n\t<meta name=\"twitter:data1\" content=\"haberkuzey\" \/>\n\t<meta name=\"twitter:label2\" content=\"Tahmini okuma s\u00fcresi\" \/>\n\t<meta name=\"twitter:data2\" content=\"2 dakika\" \/>\n<script type=\"application\/ld+json\" class=\"yoast-schema-graph\">{\"@context\":\"https:\\\/\\\/schema.org\",\"@graph\":[{\"@type\":\"Article\",\"@id\":\"https:\\\/\\\/haberkuzey.com\\\/index.php\\\/2025\\\/05\\\/27\\\/cumhurbaskani-tatar-milli-master-atlet-ayten-benlinin-belgesel-gosterimine-katildi\\\/#article\",\"isPartOf\":{\"@id\":\"https:\\\/\\\/haberkuzey.com\\\/index.php\\\/2025\\\/05\\\/27\\\/cumhurbaskani-tatar-milli-master-atlet-ayten-benlinin-belgesel-gosterimine-katildi\\\/\"},\"author\":{\"name\":\"haberkuzey\",\"@id\":\"https:\\\/\\\/haberkuzey.com\\\/#\\\/schema\\\/person\\\/3372109ec735f9333f4fa47ebb9605ca\"},\"headline\":\"Cumhurba\u015fkan\u0131 Tatar, milli master atlet Ayten Benli\u2019nin belgesel g\u00f6sterimine kat\u0131ld\u0131\",\"datePublished\":\"2025-05-27T12:24:45+00:00\",\"mainEntityOfPage\":{\"@id\":\"https:\\\/\\\/haberkuzey.com\\\/index.php\\\/2025\\\/05\\\/27\\\/cumhurbaskani-tatar-milli-master-atlet-ayten-benlinin-belgesel-gosterimine-katildi\\\/\"},\"wordCount\":505,\"commentCount\":0,\"image\":{\"@id\":\"https:\\\/\\\/haberkuzey.com\\\/index.php\\\/2025\\\/05\\\/27\\\/cumhurbaskani-tatar-milli-master-atlet-ayten-benlinin-belgesel-gosterimine-katildi\\\/#primaryimage\"},\"thumbnailUrl\":\"https:\\\/\\\/haberkuzey.com\\\/wp-content\\\/uploads\\\/2025\\\/05\\\/1748343478418TATAR-KODER-BELGESELI2.jpg\",\"articleSection\":[\"K\u0131br\u0131s\"],\"inLanguage\":\"tr\",\"potentialAction\":[{\"@type\":\"CommentAction\",\"name\":\"Comment\",\"target\":[\"https:\\\/\\\/haberkuzey.com\\\/index.php\\\/2025\\\/05\\\/27\\\/cumhurbaskani-tatar-milli-master-atlet-ayten-benlinin-belgesel-gosterimine-katildi\\\/#respond\"]}]},{\"@type\":\"WebPage\",\"@id\":\"https:\\\/\\\/haberkuzey.com\\\/index.php\\\/2025\\\/05\\\/27\\\/cumhurbaskani-tatar-milli-master-atlet-ayten-benlinin-belgesel-gosterimine-katildi\\\/\",\"url\":\"https:\\\/\\\/haberkuzey.com\\\/index.php\\\/2025\\\/05\\\/27\\\/cumhurbaskani-tatar-milli-master-atlet-ayten-benlinin-belgesel-gosterimine-katildi\\\/\",\"name\":\"Cumhurba\u015fkan\u0131 Tatar, milli master atlet Ayten Benli\u2019nin belgesel g\u00f6sterimine kat\u0131ld\u0131 - Haber Kuzey\",\"isPartOf\":{\"@id\":\"https:\\\/\\\/haberkuzey.com\\\/#website\"},\"primaryImageOfPage\":{\"@id\":\"https:\\\/\\\/haberkuzey.com\\\/index.php\\\/2025\\\/05\\\/27\\\/cumhurbaskani-tatar-milli-master-atlet-ayten-benlinin-belgesel-gosterimine-katildi\\\/#primaryimage\"},\"image\":{\"@id\":\"https:\\\/\\\/haberkuzey.com\\\/index.php\\\/2025\\\/05\\\/27\\\/cumhurbaskani-tatar-milli-master-atlet-ayten-benlinin-belgesel-gosterimine-katildi\\\/#primaryimage\"},\"thumbnailUrl\":\"https:\\\/\\\/haberkuzey.com\\\/wp-content\\\/uploads\\\/2025\\\/05\\\/1748343478418TATAR-KODER-BELGESELI2.jpg\",\"datePublished\":\"2025-05-27T12:24:45+00:00\",\"author\":{\"@id\":\"https:\\\/\\\/haberkuzey.com\\\/#\\\/schema\\\/person\\\/3372109ec735f9333f4fa47ebb9605ca\"},\"breadcrumb\":{\"@id\":\"https:\\\/\\\/haberkuzey.com\\\/index.php\\\/2025\\\/05\\\/27\\\/cumhurbaskani-tatar-milli-master-atlet-ayten-benlinin-belgesel-gosterimine-katildi\\\/#breadcrumb\"},\"inLanguage\":\"tr\",\"potentialAction\":[{\"@type\":\"ReadAction\",\"target\":[\"https:\\\/\\\/haberkuzey.com\\\/index.php\\\/2025\\\/05\\\/27\\\/cumhurbaskani-tatar-milli-master-atlet-ayten-benlinin-belgesel-gosterimine-katildi\\\/\"]}]},{\"@type\":\"ImageObject\",\"inLanguage\":\"tr\",\"@id\":\"https:\\\/\\\/haberkuzey.com\\\/index.php\\\/2025\\\/05\\\/27\\\/cumhurbaskani-tatar-milli-master-atlet-ayten-benlinin-belgesel-gosterimine-katildi\\\/#primaryimage\",\"url\":\"https:\\\/\\\/haberkuzey.com\\\/wp-content\\\/uploads\\\/2025\\\/05\\\/1748343478418TATAR-KODER-BELGESELI2.jpg\",\"contentUrl\":\"https:\\\/\\\/haberkuzey.com\\\/wp-content\\\/uploads\\\/2025\\\/05\\\/1748343478418TATAR-KODER-BELGESELI2.jpg\",\"width\":2560,\"height\":1703},{\"@type\":\"BreadcrumbList\",\"@id\":\"https:\\\/\\\/haberkuzey.com\\\/index.php\\\/2025\\\/05\\\/27\\\/cumhurbaskani-tatar-milli-master-atlet-ayten-benlinin-belgesel-gosterimine-katildi\\\/#breadcrumb\",\"itemListElement\":[{\"@type\":\"ListItem\",\"position\":1,\"name\":\"Anasayfa\",\"item\":\"https:\\\/\\\/haberkuzey.com\\\/\"},{\"@type\":\"ListItem\",\"position\":2,\"name\":\"Cumhurba\u015fkan\u0131 Tatar, milli master atlet Ayten Benli\u2019nin belgesel g\u00f6sterimine kat\u0131ld\u0131\"}]},{\"@type\":\"WebSite\",\"@id\":\"https:\\\/\\\/haberkuzey.com\\\/#website\",\"url\":\"https:\\\/\\\/haberkuzey.com\\\/\",\"name\":\"Haber Kuzey\",\"description\":\"Do\u011fru Haberin Adresi\",\"potentialAction\":[{\"@type\":\"SearchAction\",\"target\":{\"@type\":\"EntryPoint\",\"urlTemplate\":\"https:\\\/\\\/haberkuzey.com\\\/?s={search_term_string}\"},\"query-input\":{\"@type\":\"PropertyValueSpecification\",\"valueRequired\":true,\"valueName\":\"search_term_string\"}}],\"inLanguage\":\"tr\"},{\"@type\":\"Person\",\"@id\":\"https:\\\/\\\/haberkuzey.com\\\/#\\\/schema\\\/person\\\/3372109ec735f9333f4fa47ebb9605ca\",\"name\":\"haberkuzey\",\"image\":{\"@type\":\"ImageObject\",\"inLanguage\":\"tr\",\"@id\":\"https:\\\/\\\/secure.gravatar.com\\\/avatar\\\/f5fc875574b1575324358c3b9e6a32b8227aa5b74f3fa22e3cadb63e26fcc39c?s=96&d=mm&r=g\",\"url\":\"https:\\\/\\\/secure.gravatar.com\\\/avatar\\\/f5fc875574b1575324358c3b9e6a32b8227aa5b74f3fa22e3cadb63e26fcc39c?s=96&d=mm&r=g\",\"contentUrl\":\"https:\\\/\\\/secure.gravatar.com\\\/avatar\\\/f5fc875574b1575324358c3b9e6a32b8227aa5b74f3fa22e3cadb63e26fcc39c?s=96&d=mm&r=g\",\"caption\":\"haberkuzey\"},\"sameAs\":[\"https:\\\/\\\/haberkuzey.com\"],\"url\":\"https:\\\/\\\/haberkuzey.com\\\/index.php\\\/author\\\/haberkuzey\\\/\"}]}<\/script>\n<!-- \/ Yoast SEO plugin. -->","yoast_head_json":{"title":"Cumhurba\u015fkan\u0131 Tatar, milli master atlet Ayten Benli\u2019nin belgesel g\u00f6sterimine kat\u0131ld\u0131 - Haber Kuzey","robots":{"index":"index","follow":"follow","max-snippet":"max-snippet:-1","max-image-preview":"max-image-preview:large","max-video-preview":"max-video-preview:-1"},"canonical":"https:\/\/haberkuzey.com\/index.php\/2025\/05\/27\/cumhurbaskani-tatar-milli-master-atlet-ayten-benlinin-belgesel-gosterimine-katildi\/","og_locale":"tr_TR","og_type":"article","og_title":"Cumhurba\u015fkan\u0131 Tatar, milli master atlet Ayten Benli\u2019nin belgesel g\u00f6sterimine kat\u0131ld\u0131 - Haber Kuzey","og_description":"Cumhurba\u015fkan\u0131 Ersin Tatar, K\u0131br\u0131s Kad\u0131n \u00d6yk\u00fcleri Derne\u011fi (K\u00d6DER) taraf\u0131ndan ve G\u00f6nyeli-Alayk\u00f6y Belediyesi organizasyonunda haz\u0131rlanan milli master atlet Ayten Benli belgesel g\u00f6sterimine kat\u0131ld\u0131. \u00a0 Cumhurba\u015fkanl\u0131\u011f\u0131\u2019ndan verilen bilgiye g\u00f6re,\u00a0Alayk\u00f6y SAM Konferans Salonu\u2019nda ger\u00e7ekle\u015fen etkinlikte\u00a0ayr\u0131ca emekli \u00f6\u011fretmen G\u00fclg\u00fcn Serdar moderat\u00f6rl\u00fc\u011f\u00fcnde \u0130nan\u00e7 \u00d6ney ve Mehmet Kofal\u0131\u2019n\u0131n konu\u015fmac\u0131 olarak yer ald\u0131\u011f\u0131 bir de s\u00f6yle\u015fi ger\u00e7ekle\u015ftirildi. -Tatar: \u201cK\u0131rd\u0131\u011f\u0131 rekorlarla K\u0131br\u0131s T\u00fcrk [&hellip;]","og_url":"https:\/\/haberkuzey.com\/index.php\/2025\/05\/27\/cumhurbaskani-tatar-milli-master-atlet-ayten-benlinin-belgesel-gosterimine-katildi\/","og_site_name":"Haber Kuzey","article_published_time":"2025-05-27T12:24:45+00:00","og_image":[{"url":"https:\/\/brtk.net\/wp-content\/uploads\/2025\/05\/27\/1748343478418TATAR-KODER-BELGESELI2.jpg?ver=11986e1d69f95ef0d4840c0c844c0048","type":"","width":"","height":""}],"author":"haberkuzey","twitter_card":"summary_large_image","twitter_misc":{"Yazan:":"haberkuzey","Tahmini okuma s\u00fcresi":"2 dakika"},"schema":{"@context":"https:\/\/schema.org","@graph":[{"@type":"Article","@id":"https:\/\/haberkuzey.com\/index.php\/2025\/05\/27\/cumhurbaskani-tatar-milli-master-atlet-ayten-benlinin-belgesel-gosterimine-katildi\/#article","isPartOf":{"@id":"https:\/\/haberkuzey.com\/index.php\/2025\/05\/27\/cumhurbaskani-tatar-milli-master-atlet-ayten-benlinin-belgesel-gosterimine-katildi\/"},"author":{"name":"haberkuzey","@id":"https:\/\/haberkuzey.com\/#\/schema\/person\/3372109ec735f9333f4fa47ebb9605ca"},"headline":"Cumhurba\u015fkan\u0131 Tatar, milli master atlet Ayten Benli\u2019nin belgesel g\u00f6sterimine kat\u0131ld\u0131","datePublished":"2025-05-27T12:24:45+00:00","mainEntityOfPage":{"@id":"https:\/\/haberkuzey.com\/index.php\/2025\/05\/27\/cumhurbaskani-tatar-milli-master-atlet-ayten-benlinin-belgesel-gosterimine-katildi\/"},"wordCount":505,"commentCount":0,"image":{"@id":"https:\/\/haberkuzey.com\/index.php\/2025\/05\/27\/cumhurbaskani-tatar-milli-master-atlet-ayten-benlinin-belgesel-gosterimine-katildi\/#primaryimage"},"thumbnailUrl":"https:\/\/haberkuzey.com\/wp-content\/uploads\/2025\/05\/1748343478418TATAR-KODER-BELGESELI2.jpg","articleSection":["K\u0131br\u0131s"],"inLanguage":"tr","potentialAction":[{"@type":"CommentAction","name":"Comment","target":["https:\/\/haberkuzey.com\/index.php\/2025\/05\/27\/cumhurbaskani-tatar-milli-master-atlet-ayten-benlinin-belgesel-gosterimine-katildi\/#respond"]}]},{"@type":"WebPage","@id":"https:\/\/haberkuzey.com\/index.php\/2025\/05\/27\/cumhurbaskani-tatar-milli-master-atlet-ayten-benlinin-belgesel-gosterimine-katildi\/","url":"https:\/\/haberkuzey.com\/index.php\/2025\/05\/27\/cumhurbaskani-tatar-milli-master-atlet-ayten-benlinin-belgesel-gosterimine-katildi\/","name":"Cumhurba\u015fkan\u0131 Tatar, milli master atlet Ayten Benli\u2019nin belgesel g\u00f6sterimine kat\u0131ld\u0131 - Haber Kuzey","isPartOf":{"@id":"https:\/\/haberkuzey.com\/#website"},"primaryImageOfPage":{"@id":"https:\/\/haberkuzey.com\/index.php\/2025\/05\/27\/cumhurbaskani-tatar-milli-master-atlet-ayten-benlinin-belgesel-gosterimine-katildi\/#primaryimage"},"image":{"@id":"https:\/\/haberkuzey.com\/index.php\/2025\/05\/27\/cumhurbaskani-tatar-milli-master-atlet-ayten-benlinin-belgesel-gosterimine-katildi\/#primaryimage"},"thumbnailUrl":"https:\/\/haberkuzey.com\/wp-content\/uploads\/2025\/05\/1748343478418TATAR-KODER-BELGESELI2.jpg","datePublished":"2025-05-27T12:24:45+00:00","author":{"@id":"https:\/\/haberkuzey.com\/#\/schema\/person\/3372109ec735f9333f4fa47ebb9605ca"},"breadcrumb":{"@id":"https:\/\/haberkuzey.com\/index.php\/2025\/05\/27\/cumhurbaskani-tatar-milli-master-atlet-ayten-benlinin-belgesel-gosterimine-katildi\/#breadcrumb"},"inLanguage":"tr","potentialAction":[{"@type":"ReadAction","target":["https:\/\/haberkuzey.com\/index.php\/2025\/05\/27\/cumhurbaskani-tatar-milli-master-atlet-ayten-benlinin-belgesel-gosterimine-katildi\/"]}]},{"@type":"ImageObject","inLanguage":"tr","@id":"https:\/\/haberkuzey.com\/index.php\/2025\/05\/27\/cumhurbaskani-tatar-milli-master-atlet-ayten-benlinin-belgesel-gosterimine-katildi\/#primaryimage","url":"https:\/\/haberkuzey.com\/wp-content\/uploads\/2025\/05\/1748343478418TATAR-KODER-BELGESELI2.jpg","contentUrl":"https:\/\/haberkuzey.com\/wp-content\/uploads\/2025\/05\/1748343478418TATAR-KODER-BELGESELI2.jpg","width":2560,"height":1703},{"@type":"BreadcrumbList","@id":"https:\/\/haberkuzey.com\/index.php\/2025\/05\/27\/cumhurbaskani-tatar-milli-master-atlet-ayten-benlinin-belgesel-gosterimine-katildi\/#breadcrumb","itemListElement":[{"@type":"ListItem","position":1,"name":"Anasayfa","item":"https:\/\/haberkuzey.com\/"},{"@type":"ListItem","position":2,"name":"Cumhurba\u015fkan\u0131 Tatar, milli master atlet Ayten Benli\u2019nin belgesel g\u00f6sterimine kat\u0131ld\u0131"}]},{"@type":"WebSite","@id":"https:\/\/haberkuzey.com\/#website","url":"https:\/\/haberkuzey.com\/","name":"Haber Kuzey","description":"Do\u011fru Haberin Adresi","potentialAction":[{"@type":"SearchAction","target":{"@type":"EntryPoint","urlTemplate":"https:\/\/haberkuzey.com\/?s={search_term_string}"},"query-input":{"@type":"PropertyValueSpecification","valueRequired":true,"valueName":"search_term_string"}}],"inLanguage":"tr"},{"@type":"Person","@id":"https:\/\/haberkuzey.com\/#\/schema\/person\/3372109ec735f9333f4fa47ebb9605ca","name":"haberkuzey","image":{"@type":"ImageObject","inLanguage":"tr","@id":"https:\/\/secure.gravatar.com\/avatar\/f5fc875574b1575324358c3b9e6a32b8227aa5b74f3fa22e3cadb63e26fcc39c?s=96&d=mm&r=g","url":"https:\/\/secure.gravatar.com\/avatar\/f5fc875574b1575324358c3b9e6a32b8227aa5b74f3fa22e3cadb63e26fcc39c?s=96&d=mm&r=g","contentUrl":"https:\/\/secure.gravatar.com\/avatar\/f5fc875574b1575324358c3b9e6a32b8227aa5b74f3fa22e3cadb63e26fcc39c?s=96&d=mm&r=g","caption":"haberkuzey"},"sameAs":["https:\/\/haberkuzey.com"],"url":"https:\/\/haberkuzey.com\/index.php\/author\/haberkuzey\/"}]}},"_links":{"self":[{"href":"https:\/\/haberkuzey.com\/index.php\/wp-json\/wp\/v2\/posts\/24950","targetHints":{"allow":["GET"]}}],"collection":[{"href":"https:\/\/haberkuzey.com\/index.php\/wp-json\/wp\/v2\/posts"}],"about":[{"href":"https:\/\/haberkuzey.com\/index.php\/wp-json\/wp\/v2\/types\/post"}],"author":[{"embeddable":true,"href":"https:\/\/haberkuzey.com\/index.php\/wp-json\/wp\/v2\/users\/1"}],"replies":[{"embeddable":true,"href":"https:\/\/haberkuzey.com\/index.php\/wp-json\/wp\/v2\/comments?post=24950"}],"version-history":[{"count":0,"href":"https:\/\/haberkuzey.com\/index.php\/wp-json\/wp\/v2\/posts\/24950\/revisions"}],"wp:featuredmedia":[{"embeddable":true,"href":"https:\/\/haberkuzey.com\/index.php\/wp-json\/wp\/v2\/media\/24951"}],"wp:attachment":[{"href":"https:\/\/haberkuzey.com\/index.php\/wp-json\/wp\/v2\/media?parent=24950"}],"wp:term":[{"taxonomy":"category","embeddable":true,"href":"https:\/\/haberkuzey.com\/index.php\/wp-json\/wp\/v2\/categories?post=24950"},{"taxonomy":"post_tag","embeddable":true,"href":"https:\/\/haberkuzey.com\/index.php\/wp-json\/wp\/v2\/tags?post=24950"}],"curies":[{"name":"wp","href":"https:\/\/api.w.org\/{rel}","templated":true}]}}