{"id":24933,"date":"2025-05-27T13:23:33","date_gmt":"2025-05-27T10:23:33","guid":{"rendered":"https:\/\/haberkuzey.com\/index.php\/2025\/05\/27\/turkiye-ve-dunya-ekonomisindeki-gelismeler-ve-gelecek-vizyonu-konferansi-yapiliyor\/"},"modified":"2025-05-27T13:23:33","modified_gmt":"2025-05-27T10:23:33","slug":"turkiye-ve-dunya-ekonomisindeki-gelismeler-ve-gelecek-vizyonu-konferansi-yapiliyor","status":"publish","type":"post","link":"https:\/\/haberkuzey.com\/index.php\/2025\/05\/27\/turkiye-ve-dunya-ekonomisindeki-gelismeler-ve-gelecek-vizyonu-konferansi-yapiliyor\/","title":{"rendered":"\u201cT\u00fcrkiye ve D\u00fcnya Ekonomisindeki Geli\u015fmeler ve Gelecek Vizyonu\u201d konferans\u0131 yap\u0131l\u0131yor"},"content":{"rendered":"<div>\n<div class=\"mariselle-image-container center\">\n                                            <\/div>\n<p>Cumhurba\u015fkanl\u0131\u011f\u0131 himayelerinde, K\u0131br\u0131s T\u00fcrk Ticaret Odas\u0131 ve Kuzey K\u0131br\u0131s Bankalar Birli\u011fi i\u015f birli\u011finde d\u00fczenlenen \u201cT\u00fcrkiye ve D\u00fcnya Ekonomisindeki Geli\u015fmeler ve Gelecek Vizyonu\u201d konferans\u0131 yap\u0131l\u0131yor.<\/p>\n<p>Cumhurba\u015fkanl\u0131\u011f\u0131 Konferans Salonu\u2019ndaki konferansa, Cumhurba\u015fkan\u0131 Ersin Tatar, Cumhuriyet Meclisi Ba\u015fkan\u0131 Ziya \u00d6zt\u00fcrkler, TC Lefko\u015fa B\u00fcy\u00fckel\u00e7isi Ali Murat Ba\u015f\u00e7eri, Ana Muhalefet Cumhuriyet\u00e7i T\u00fcrk Partisi Genel Ba\u015fkan\u0131 Tufan Erh\u00fcrman, TC Hazine ve Maliye Bakan\u0131 Mehmet \u015eim\u015fek, Maliye Bakan\u0131 \u00d6zdemir Berova, Ekonomi ve Enerji Bakan\u0131 Olgun Amcao\u011flu, ekonomik \u00f6rg\u00fct ve banka temsilcileri ile di\u011fer yetkililer kat\u0131ld\u0131.<\/p>\n<p>Sayg\u0131 duru\u015fu ve \u0130stiklal Mar\u015f\u0131 ile ba\u015flayan konferansta, video g\u00f6steriminin ard\u0131ndan konu\u015fmalara ge\u00e7ildi.<\/p>\n<\/p><\/div>\n<p><script async\n                    defer\n                    crossorigin=\"anonymous\"\n                    src=\"https:\/\/connect.facebook.net\/tr_TR\/sdk.js#xfbml=1&#038;version=v3.3\"\n            ><\/script><\/p>\n","protected":false},"excerpt":{"rendered":"<p>Cumhurba\u015fkanl\u0131\u011f\u0131 himayelerinde, K\u0131br\u0131s T\u00fcrk Ticaret Odas\u0131 ve Kuzey K\u0131br\u0131s Bankalar Birli\u011fi i\u015f birli\u011finde d\u00fczenlenen \u201cT\u00fcrkiye ve D\u00fcnya Ekonomisindeki Geli\u015fmeler ve Gelecek Vizyonu\u201d konferans\u0131 yap\u0131l\u0131yor. Cumhurba\u015fkanl\u0131\u011f\u0131 Konferans Salonu\u2019ndaki konferansa, Cumhurba\u015fkan\u0131 Ersin Tatar, Cumhuriyet Meclisi Ba\u015fkan\u0131 Ziya \u00d6zt\u00fcrkler, TC Lefko\u015fa B\u00fcy\u00fckel\u00e7isi Ali Murat Ba\u015f\u00e7eri, Ana Muhalefet Cumhuriyet\u00e7i T\u00fcrk Partisi Genel Ba\u015fkan\u0131 Tufan Erh\u00fcrman, TC Hazine ve Maliye [&hellip;]<\/p>\n","protected":false},"author":1,"featured_media":24934,"comment_status":"open","ping_status":"open","sticky":false,"template":"","format":"standard","meta":{"jnews-multi-image_gallery":[],"jnews_single_post":[],"jnews_primary_category":[],"footnotes":""},"categories":[1],"tags":[],"class_list":["post-24933","post","type-post","status-publish","format-standard","has-post-thumbnail","hentry","category-kibris"],"yoast_head":"<!-- This site is optimized with the Yoast SEO plugin v27.5 - https:\/\/yoast.com\/product\/yoast-seo-wordpress\/ -->\n<title>\u201cT\u00fcrkiye ve D\u00fcnya Ekonomisindeki Geli\u015fmeler ve Gelecek Vizyonu\u201d konferans\u0131 yap\u0131l\u0131yor - Haber Kuzey<\/title>\n<meta name=\"robots\" content=\"index, follow, max-snippet:-1, max-image-preview:large, max-video-preview:-1\" \/>\n<link rel=\"canonical\" href=\"https:\/\/haberkuzey.com\/index.php\/2025\/05\/27\/turkiye-ve-dunya-ekonomisindeki-gelismeler-ve-gelecek-vizyonu-konferansi-yapiliyor\/\" \/>\n<meta property=\"og:locale\" content=\"tr_TR\" \/>\n<meta property=\"og:type\" content=\"article\" \/>\n<meta property=\"og:title\" content=\"\u201cT\u00fcrkiye ve D\u00fcnya Ekonomisindeki Geli\u015fmeler ve Gelecek Vizyonu\u201d konferans\u0131 yap\u0131l\u0131yor - Haber Kuzey\" \/>\n<meta property=\"og:description\" content=\"Cumhurba\u015fkanl\u0131\u011f\u0131 himayelerinde, K\u0131br\u0131s T\u00fcrk Ticaret Odas\u0131 ve Kuzey K\u0131br\u0131s Bankalar Birli\u011fi i\u015f birli\u011finde d\u00fczenlenen \u201cT\u00fcrkiye ve D\u00fcnya Ekonomisindeki Geli\u015fmeler ve Gelecek Vizyonu\u201d konferans\u0131 yap\u0131l\u0131yor. Cumhurba\u015fkanl\u0131\u011f\u0131 Konferans Salonu\u2019ndaki konferansa, Cumhurba\u015fkan\u0131 Ersin Tatar, Cumhuriyet Meclisi Ba\u015fkan\u0131 Ziya \u00d6zt\u00fcrkler, TC Lefko\u015fa B\u00fcy\u00fckel\u00e7isi Ali Murat Ba\u015f\u00e7eri, Ana Muhalefet Cumhuriyet\u00e7i T\u00fcrk Partisi Genel Ba\u015fkan\u0131 Tufan Erh\u00fcrman, TC Hazine ve Maliye [&hellip;]\" \/>\n<meta property=\"og:url\" content=\"https:\/\/haberkuzey.com\/index.php\/2025\/05\/27\/turkiye-ve-dunya-ekonomisindeki-gelismeler-ve-gelecek-vizyonu-konferansi-yapiliyor\/\" \/>\n<meta property=\"og:site_name\" content=\"Haber Kuzey\" \/>\n<meta property=\"article:published_time\" content=\"2025-05-27T10:23:33+00:00\" \/>\n<meta property=\"og:image\" content=\"https:\/\/brtk.net\/wp-content\/uploads\/2025\/05\/27\/342242-scaled.jpeg?ver=a590857d9476cdbd19ed987d68984483\" \/>\n<meta name=\"author\" content=\"haberkuzey\" \/>\n<meta name=\"twitter:card\" content=\"summary_large_image\" \/>\n<meta name=\"twitter:label1\" content=\"Yazan:\" \/>\n\t<meta name=\"twitter:data1\" content=\"haberkuzey\" \/>\n\t<meta name=\"twitter:label2\" content=\"Tahmini okuma s\u00fcresi\" \/>\n\t<meta name=\"twitter:data2\" content=\"1 dakika\" \/>\n<script type=\"application\/ld+json\" class=\"yoast-schema-graph\">{\"@context\":\"https:\\\/\\\/schema.org\",\"@graph\":[{\"@type\":\"Article\",\"@id\":\"https:\\\/\\\/haberkuzey.com\\\/index.php\\\/2025\\\/05\\\/27\\\/turkiye-ve-dunya-ekonomisindeki-gelismeler-ve-gelecek-vizyonu-konferansi-yapiliyor\\\/#article\",\"isPartOf\":{\"@id\":\"https:\\\/\\\/haberkuzey.com\\\/index.php\\\/2025\\\/05\\\/27\\\/turkiye-ve-dunya-ekonomisindeki-gelismeler-ve-gelecek-vizyonu-konferansi-yapiliyor\\\/\"},\"author\":{\"name\":\"haberkuzey\",\"@id\":\"https:\\\/\\\/haberkuzey.com\\\/#\\\/schema\\\/person\\\/3372109ec735f9333f4fa47ebb9605ca\"},\"headline\":\"\u201cT\u00fcrkiye ve D\u00fcnya Ekonomisindeki Geli\u015fmeler ve Gelecek Vizyonu\u201d konferans\u0131 yap\u0131l\u0131yor\",\"datePublished\":\"2025-05-27T10:23:33+00:00\",\"mainEntityOfPage\":{\"@id\":\"https:\\\/\\\/haberkuzey.com\\\/index.php\\\/2025\\\/05\\\/27\\\/turkiye-ve-dunya-ekonomisindeki-gelismeler-ve-gelecek-vizyonu-konferansi-yapiliyor\\\/\"},\"wordCount\":144,\"commentCount\":0,\"image\":{\"@id\":\"https:\\\/\\\/haberkuzey.com\\\/index.php\\\/2025\\\/05\\\/27\\\/turkiye-ve-dunya-ekonomisindeki-gelismeler-ve-gelecek-vizyonu-konferansi-yapiliyor\\\/#primaryimage\"},\"thumbnailUrl\":\"https:\\\/\\\/haberkuzey.com\\\/wp-content\\\/uploads\\\/2025\\\/05\\\/342242-scaled.jpeg\",\"articleSection\":[\"K\u0131br\u0131s\"],\"inLanguage\":\"tr\",\"potentialAction\":[{\"@type\":\"CommentAction\",\"name\":\"Comment\",\"target\":[\"https:\\\/\\\/haberkuzey.com\\\/index.php\\\/2025\\\/05\\\/27\\\/turkiye-ve-dunya-ekonomisindeki-gelismeler-ve-gelecek-vizyonu-konferansi-yapiliyor\\\/#respond\"]}]},{\"@type\":\"WebPage\",\"@id\":\"https:\\\/\\\/haberkuzey.com\\\/index.php\\\/2025\\\/05\\\/27\\\/turkiye-ve-dunya-ekonomisindeki-gelismeler-ve-gelecek-vizyonu-konferansi-yapiliyor\\\/\",\"url\":\"https:\\\/\\\/haberkuzey.com\\\/index.php\\\/2025\\\/05\\\/27\\\/turkiye-ve-dunya-ekonomisindeki-gelismeler-ve-gelecek-vizyonu-konferansi-yapiliyor\\\/\",\"name\":\"\u201cT\u00fcrkiye ve D\u00fcnya Ekonomisindeki Geli\u015fmeler ve Gelecek Vizyonu\u201d konferans\u0131 yap\u0131l\u0131yor - Haber Kuzey\",\"isPartOf\":{\"@id\":\"https:\\\/\\\/haberkuzey.com\\\/#website\"},\"primaryImageOfPage\":{\"@id\":\"https:\\\/\\\/haberkuzey.com\\\/index.php\\\/2025\\\/05\\\/27\\\/turkiye-ve-dunya-ekonomisindeki-gelismeler-ve-gelecek-vizyonu-konferansi-yapiliyor\\\/#primaryimage\"},\"image\":{\"@id\":\"https:\\\/\\\/haberkuzey.com\\\/index.php\\\/2025\\\/05\\\/27\\\/turkiye-ve-dunya-ekonomisindeki-gelismeler-ve-gelecek-vizyonu-konferansi-yapiliyor\\\/#primaryimage\"},\"thumbnailUrl\":\"https:\\\/\\\/haberkuzey.com\\\/wp-content\\\/uploads\\\/2025\\\/05\\\/342242-scaled.jpeg\",\"datePublished\":\"2025-05-27T10:23:33+00:00\",\"author\":{\"@id\":\"https:\\\/\\\/haberkuzey.com\\\/#\\\/schema\\\/person\\\/3372109ec735f9333f4fa47ebb9605ca\"},\"breadcrumb\":{\"@id\":\"https:\\\/\\\/haberkuzey.com\\\/index.php\\\/2025\\\/05\\\/27\\\/turkiye-ve-dunya-ekonomisindeki-gelismeler-ve-gelecek-vizyonu-konferansi-yapiliyor\\\/#breadcrumb\"},\"inLanguage\":\"tr\",\"potentialAction\":[{\"@type\":\"ReadAction\",\"target\":[\"https:\\\/\\\/haberkuzey.com\\\/index.php\\\/2025\\\/05\\\/27\\\/turkiye-ve-dunya-ekonomisindeki-gelismeler-ve-gelecek-vizyonu-konferansi-yapiliyor\\\/\"]}]},{\"@type\":\"ImageObject\",\"inLanguage\":\"tr\",\"@id\":\"https:\\\/\\\/haberkuzey.com\\\/index.php\\\/2025\\\/05\\\/27\\\/turkiye-ve-dunya-ekonomisindeki-gelismeler-ve-gelecek-vizyonu-konferansi-yapiliyor\\\/#primaryimage\",\"url\":\"https:\\\/\\\/haberkuzey.com\\\/wp-content\\\/uploads\\\/2025\\\/05\\\/342242-scaled.jpeg\",\"contentUrl\":\"https:\\\/\\\/haberkuzey.com\\\/wp-content\\\/uploads\\\/2025\\\/05\\\/342242-scaled.jpeg\",\"width\":2560,\"height\":1707},{\"@type\":\"BreadcrumbList\",\"@id\":\"https:\\\/\\\/haberkuzey.com\\\/index.php\\\/2025\\\/05\\\/27\\\/turkiye-ve-dunya-ekonomisindeki-gelismeler-ve-gelecek-vizyonu-konferansi-yapiliyor\\\/#breadcrumb\",\"itemListElement\":[{\"@type\":\"ListItem\",\"position\":1,\"name\":\"Anasayfa\",\"item\":\"https:\\\/\\\/haberkuzey.com\\\/\"},{\"@type\":\"ListItem\",\"position\":2,\"name\":\"\u201cT\u00fcrkiye ve D\u00fcnya Ekonomisindeki Geli\u015fmeler ve Gelecek Vizyonu\u201d konferans\u0131 yap\u0131l\u0131yor\"}]},{\"@type\":\"WebSite\",\"@id\":\"https:\\\/\\\/haberkuzey.com\\\/#website\",\"url\":\"https:\\\/\\\/haberkuzey.com\\\/\",\"name\":\"Haber Kuzey\",\"description\":\"Do\u011fru Haberin Adresi\",\"potentialAction\":[{\"@type\":\"SearchAction\",\"target\":{\"@type\":\"EntryPoint\",\"urlTemplate\":\"https:\\\/\\\/haberkuzey.com\\\/?s={search_term_string}\"},\"query-input\":{\"@type\":\"PropertyValueSpecification\",\"valueRequired\":true,\"valueName\":\"search_term_string\"}}],\"inLanguage\":\"tr\"},{\"@type\":\"Person\",\"@id\":\"https:\\\/\\\/haberkuzey.com\\\/#\\\/schema\\\/person\\\/3372109ec735f9333f4fa47ebb9605ca\",\"name\":\"haberkuzey\",\"image\":{\"@type\":\"ImageObject\",\"inLanguage\":\"tr\",\"@id\":\"https:\\\/\\\/secure.gravatar.com\\\/avatar\\\/f5fc875574b1575324358c3b9e6a32b8227aa5b74f3fa22e3cadb63e26fcc39c?s=96&d=mm&r=g\",\"url\":\"https:\\\/\\\/secure.gravatar.com\\\/avatar\\\/f5fc875574b1575324358c3b9e6a32b8227aa5b74f3fa22e3cadb63e26fcc39c?s=96&d=mm&r=g\",\"contentUrl\":\"https:\\\/\\\/secure.gravatar.com\\\/avatar\\\/f5fc875574b1575324358c3b9e6a32b8227aa5b74f3fa22e3cadb63e26fcc39c?s=96&d=mm&r=g\",\"caption\":\"haberkuzey\"},\"sameAs\":[\"https:\\\/\\\/haberkuzey.com\"],\"url\":\"https:\\\/\\\/haberkuzey.com\\\/index.php\\\/author\\\/haberkuzey\\\/\"}]}<\/script>\n<!-- \/ Yoast SEO plugin. -->","yoast_head_json":{"title":"\u201cT\u00fcrkiye ve D\u00fcnya Ekonomisindeki Geli\u015fmeler ve Gelecek Vizyonu\u201d konferans\u0131 yap\u0131l\u0131yor - Haber Kuzey","robots":{"index":"index","follow":"follow","max-snippet":"max-snippet:-1","max-image-preview":"max-image-preview:large","max-video-preview":"max-video-preview:-1"},"canonical":"https:\/\/haberkuzey.com\/index.php\/2025\/05\/27\/turkiye-ve-dunya-ekonomisindeki-gelismeler-ve-gelecek-vizyonu-konferansi-yapiliyor\/","og_locale":"tr_TR","og_type":"article","og_title":"\u201cT\u00fcrkiye ve D\u00fcnya Ekonomisindeki Geli\u015fmeler ve Gelecek Vizyonu\u201d konferans\u0131 yap\u0131l\u0131yor - Haber Kuzey","og_description":"Cumhurba\u015fkanl\u0131\u011f\u0131 himayelerinde, K\u0131br\u0131s T\u00fcrk Ticaret Odas\u0131 ve Kuzey K\u0131br\u0131s Bankalar Birli\u011fi i\u015f birli\u011finde d\u00fczenlenen \u201cT\u00fcrkiye ve D\u00fcnya Ekonomisindeki Geli\u015fmeler ve Gelecek Vizyonu\u201d konferans\u0131 yap\u0131l\u0131yor. Cumhurba\u015fkanl\u0131\u011f\u0131 Konferans Salonu\u2019ndaki konferansa, Cumhurba\u015fkan\u0131 Ersin Tatar, Cumhuriyet Meclisi Ba\u015fkan\u0131 Ziya \u00d6zt\u00fcrkler, TC Lefko\u015fa B\u00fcy\u00fckel\u00e7isi Ali Murat Ba\u015f\u00e7eri, Ana Muhalefet Cumhuriyet\u00e7i T\u00fcrk Partisi Genel Ba\u015fkan\u0131 Tufan Erh\u00fcrman, TC Hazine ve Maliye [&hellip;]","og_url":"https:\/\/haberkuzey.com\/index.php\/2025\/05\/27\/turkiye-ve-dunya-ekonomisindeki-gelismeler-ve-gelecek-vizyonu-konferansi-yapiliyor\/","og_site_name":"Haber Kuzey","article_published_time":"2025-05-27T10:23:33+00:00","og_image":[{"url":"https:\/\/brtk.net\/wp-content\/uploads\/2025\/05\/27\/342242-scaled.jpeg?ver=a590857d9476cdbd19ed987d68984483","type":"","width":"","height":""}],"author":"haberkuzey","twitter_card":"summary_large_image","twitter_misc":{"Yazan:":"haberkuzey","Tahmini okuma s\u00fcresi":"1 dakika"},"schema":{"@context":"https:\/\/schema.org","@graph":[{"@type":"Article","@id":"https:\/\/haberkuzey.com\/index.php\/2025\/05\/27\/turkiye-ve-dunya-ekonomisindeki-gelismeler-ve-gelecek-vizyonu-konferansi-yapiliyor\/#article","isPartOf":{"@id":"https:\/\/haberkuzey.com\/index.php\/2025\/05\/27\/turkiye-ve-dunya-ekonomisindeki-gelismeler-ve-gelecek-vizyonu-konferansi-yapiliyor\/"},"author":{"name":"haberkuzey","@id":"https:\/\/haberkuzey.com\/#\/schema\/person\/3372109ec735f9333f4fa47ebb9605ca"},"headline":"\u201cT\u00fcrkiye ve D\u00fcnya Ekonomisindeki Geli\u015fmeler ve Gelecek Vizyonu\u201d konferans\u0131 yap\u0131l\u0131yor","datePublished":"2025-05-27T10:23:33+00:00","mainEntityOfPage":{"@id":"https:\/\/haberkuzey.com\/index.php\/2025\/05\/27\/turkiye-ve-dunya-ekonomisindeki-gelismeler-ve-gelecek-vizyonu-konferansi-yapiliyor\/"},"wordCount":144,"commentCount":0,"image":{"@id":"https:\/\/haberkuzey.com\/index.php\/2025\/05\/27\/turkiye-ve-dunya-ekonomisindeki-gelismeler-ve-gelecek-vizyonu-konferansi-yapiliyor\/#primaryimage"},"thumbnailUrl":"https:\/\/haberkuzey.com\/wp-content\/uploads\/2025\/05\/342242-scaled.jpeg","articleSection":["K\u0131br\u0131s"],"inLanguage":"tr","potentialAction":[{"@type":"CommentAction","name":"Comment","target":["https:\/\/haberkuzey.com\/index.php\/2025\/05\/27\/turkiye-ve-dunya-ekonomisindeki-gelismeler-ve-gelecek-vizyonu-konferansi-yapiliyor\/#respond"]}]},{"@type":"WebPage","@id":"https:\/\/haberkuzey.com\/index.php\/2025\/05\/27\/turkiye-ve-dunya-ekonomisindeki-gelismeler-ve-gelecek-vizyonu-konferansi-yapiliyor\/","url":"https:\/\/haberkuzey.com\/index.php\/2025\/05\/27\/turkiye-ve-dunya-ekonomisindeki-gelismeler-ve-gelecek-vizyonu-konferansi-yapiliyor\/","name":"\u201cT\u00fcrkiye ve D\u00fcnya Ekonomisindeki Geli\u015fmeler ve Gelecek Vizyonu\u201d konferans\u0131 yap\u0131l\u0131yor - Haber Kuzey","isPartOf":{"@id":"https:\/\/haberkuzey.com\/#website"},"primaryImageOfPage":{"@id":"https:\/\/haberkuzey.com\/index.php\/2025\/05\/27\/turkiye-ve-dunya-ekonomisindeki-gelismeler-ve-gelecek-vizyonu-konferansi-yapiliyor\/#primaryimage"},"image":{"@id":"https:\/\/haberkuzey.com\/index.php\/2025\/05\/27\/turkiye-ve-dunya-ekonomisindeki-gelismeler-ve-gelecek-vizyonu-konferansi-yapiliyor\/#primaryimage"},"thumbnailUrl":"https:\/\/haberkuzey.com\/wp-content\/uploads\/2025\/05\/342242-scaled.jpeg","datePublished":"2025-05-27T10:23:33+00:00","author":{"@id":"https:\/\/haberkuzey.com\/#\/schema\/person\/3372109ec735f9333f4fa47ebb9605ca"},"breadcrumb":{"@id":"https:\/\/haberkuzey.com\/index.php\/2025\/05\/27\/turkiye-ve-dunya-ekonomisindeki-gelismeler-ve-gelecek-vizyonu-konferansi-yapiliyor\/#breadcrumb"},"inLanguage":"tr","potentialAction":[{"@type":"ReadAction","target":["https:\/\/haberkuzey.com\/index.php\/2025\/05\/27\/turkiye-ve-dunya-ekonomisindeki-gelismeler-ve-gelecek-vizyonu-konferansi-yapiliyor\/"]}]},{"@type":"ImageObject","inLanguage":"tr","@id":"https:\/\/haberkuzey.com\/index.php\/2025\/05\/27\/turkiye-ve-dunya-ekonomisindeki-gelismeler-ve-gelecek-vizyonu-konferansi-yapiliyor\/#primaryimage","url":"https:\/\/haberkuzey.com\/wp-content\/uploads\/2025\/05\/342242-scaled.jpeg","contentUrl":"https:\/\/haberkuzey.com\/wp-content\/uploads\/2025\/05\/342242-scaled.jpeg","width":2560,"height":1707},{"@type":"BreadcrumbList","@id":"https:\/\/haberkuzey.com\/index.php\/2025\/05\/27\/turkiye-ve-dunya-ekonomisindeki-gelismeler-ve-gelecek-vizyonu-konferansi-yapiliyor\/#breadcrumb","itemListElement":[{"@type":"ListItem","position":1,"name":"Anasayfa","item":"https:\/\/haberkuzey.com\/"},{"@type":"ListItem","position":2,"name":"\u201cT\u00fcrkiye ve D\u00fcnya Ekonomisindeki Geli\u015fmeler ve Gelecek Vizyonu\u201d konferans\u0131 yap\u0131l\u0131yor"}]},{"@type":"WebSite","@id":"https:\/\/haberkuzey.com\/#website","url":"https:\/\/haberkuzey.com\/","name":"Haber Kuzey","description":"Do\u011fru Haberin Adresi","potentialAction":[{"@type":"SearchAction","target":{"@type":"EntryPoint","urlTemplate":"https:\/\/haberkuzey.com\/?s={search_term_string}"},"query-input":{"@type":"PropertyValueSpecification","valueRequired":true,"valueName":"search_term_string"}}],"inLanguage":"tr"},{"@type":"Person","@id":"https:\/\/haberkuzey.com\/#\/schema\/person\/3372109ec735f9333f4fa47ebb9605ca","name":"haberkuzey","image":{"@type":"ImageObject","inLanguage":"tr","@id":"https:\/\/secure.gravatar.com\/avatar\/f5fc875574b1575324358c3b9e6a32b8227aa5b74f3fa22e3cadb63e26fcc39c?s=96&d=mm&r=g","url":"https:\/\/secure.gravatar.com\/avatar\/f5fc875574b1575324358c3b9e6a32b8227aa5b74f3fa22e3cadb63e26fcc39c?s=96&d=mm&r=g","contentUrl":"https:\/\/secure.gravatar.com\/avatar\/f5fc875574b1575324358c3b9e6a32b8227aa5b74f3fa22e3cadb63e26fcc39c?s=96&d=mm&r=g","caption":"haberkuzey"},"sameAs":["https:\/\/haberkuzey.com"],"url":"https:\/\/haberkuzey.com\/index.php\/author\/haberkuzey\/"}]}},"_links":{"self":[{"href":"https:\/\/haberkuzey.com\/index.php\/wp-json\/wp\/v2\/posts\/24933","targetHints":{"allow":["GET"]}}],"collection":[{"href":"https:\/\/haberkuzey.com\/index.php\/wp-json\/wp\/v2\/posts"}],"about":[{"href":"https:\/\/haberkuzey.com\/index.php\/wp-json\/wp\/v2\/types\/post"}],"author":[{"embeddable":true,"href":"https:\/\/haberkuzey.com\/index.php\/wp-json\/wp\/v2\/users\/1"}],"replies":[{"embeddable":true,"href":"https:\/\/haberkuzey.com\/index.php\/wp-json\/wp\/v2\/comments?post=24933"}],"version-history":[{"count":0,"href":"https:\/\/haberkuzey.com\/index.php\/wp-json\/wp\/v2\/posts\/24933\/revisions"}],"wp:featuredmedia":[{"embeddable":true,"href":"https:\/\/haberkuzey.com\/index.php\/wp-json\/wp\/v2\/media\/24934"}],"wp:attachment":[{"href":"https:\/\/haberkuzey.com\/index.php\/wp-json\/wp\/v2\/media?parent=24933"}],"wp:term":[{"taxonomy":"category","embeddable":true,"href":"https:\/\/haberkuzey.com\/index.php\/wp-json\/wp\/v2\/categories?post=24933"},{"taxonomy":"post_tag","embeddable":true,"href":"https:\/\/haberkuzey.com\/index.php\/wp-json\/wp\/v2\/tags?post=24933"}],"curies":[{"name":"wp","href":"https:\/\/api.w.org\/{rel}","templated":true}]}}