{"id":24931,"date":"2025-05-27T13:17:51","date_gmt":"2025-05-27T10:17:51","guid":{"rendered":"https:\/\/haberkuzey.com\/index.php\/2025\/05\/27\/meclis-genel-kurulunda-komite-calismalariyla-ilgili-tezkereler-onaylandi\/"},"modified":"2025-05-27T13:17:51","modified_gmt":"2025-05-27T10:17:51","slug":"meclis-genel-kurulunda-komite-calismalariyla-ilgili-tezkereler-onaylandi","status":"publish","type":"post","link":"https:\/\/haberkuzey.com\/index.php\/2025\/05\/27\/meclis-genel-kurulunda-komite-calismalariyla-ilgili-tezkereler-onaylandi\/","title":{"rendered":"Meclis Genel Kurulu\u2019nda komite \u00e7al\u0131\u015fmalar\u0131yla ilgili tezkereler onayland\u0131"},"content":{"rendered":"<div>\n<div class=\"mariselle-image-container center\">\n                                            <\/div>\n<p>Cumhuriyet Meclisi\u2019nde, baz\u0131 komitelerin Genel Kurul s\u00fcrerken \u00e7al\u0131\u015fmalar\u0131na devam etmesine olanak sa\u011flayan tezkereler onayland\u0131.<\/p>\n<p>ilk \u00f6nce, Ekonomi, Maliye, B\u00fct\u00e7e ve Plan Komitesi\u2019nin Genel Kurul s\u00fcrerken \u00e7al\u0131\u015fmalar\u0131na devam etmesine olanak sa\u011flayan tezkere, milletvekillerinin onay\u0131na sunuldu. Tezkere oy birli\u011fiyle kabul edildi.<\/p>\n<p>-\u015eahali<\/p>\n<p>Oylama \u00f6ncesinde s\u00f6z alan CTP Milletvekili Erkut \u015eahali, Ba\u015fkan Vekili de oldu\u011fu komitenin toplant\u0131 \u00e7a\u011fr\u0131lar\u0131na i\u015faret ederek, toplant\u0131 saatlerine ve konular\u0131na dair herhangi bir isti\u015fareleri olmad\u0131\u011f\u0131n\u0131 s\u00f6yledi.<\/p>\n<p>\u201cKomiteler h\u00fck\u00fcmet taraf\u0131ndan bask\u0131 alt\u0131na al\u0131nd\u0131\u201d diyen \u015eahali, Meclis i\u00e7t\u00fcz\u00fc\u011f\u00fcne uygun hareket edilmesini istedi.<\/p>\n<p>Yasalar\u0131n mutabakatla sonu\u00e7lanmas\u0131n\u0131 istediklerini, oy birli\u011fiyle ge\u00e7en yasa ve oy birli\u011fiyle kabul edilen kararlar oldu\u011funu ifade eden \u015eahali, bu tutuma nezaketle yan\u0131t verilmedi\u011fini savundu.<\/p>\n<p>\u015eahali, T\u00fcrkiye Cumhuriyeti Hazine ve Maliye Bakan\u0131 Mehmet \u015eim\u015fek\u2019in Meclis\u2019i ziyaretinden haberdar olmad\u0131klar\u0131n\u0131 belirtti.<\/p>\n<p>\u2013 Canaltay<\/p>\n<p>Erkut \u015eahali\u2019den sonra s\u00f6z alan Ekonomi, Maliye, B\u00fct\u00e7e ve Plan Komitesi Ba\u015fkan\u0131 Resmiye Ero\u011flu Canaltay, \u00e7ok yo\u011fun bir \u00e7al\u0131\u015fma temposunda olduklar\u0131n\u0131, meclisin kapanmas\u0131na 3-4 birle\u015fim kald\u0131\u011f\u0131n\u0131 kaydetti. Bu yo\u011fun tempoda zaman zaman baz\u0131 aksakl\u0131klar olabilece\u011fini belirten Canaltay, T\u00fcrkiye Cumhuriyeti Hazine ve Maliye Bakan\u0131 Mehmet \u015eim\u015fek\u2019in Meclis\u2019i ziyaretinden kendilerinin de haberi olmad\u0131\u011f\u0131n\u0131 ifade etti.<\/p>\n<p>-Atun<\/p>\n<p>UBP Ba\u015fkan Vekili Sunat Atun, Meclis\u2019in team\u00fcllerine uyum g\u00f6sterdiklerini kaydederek, bu meselelerin komitedeki toplant\u0131larda g\u00f6r\u00fc\u015f\u00fclmesi gerekti\u011fini, \u0130dari, Kamu ve Sa\u011fl\u0131k \u0130\u015fleri Komitesi\u2019nde b\u00f6yle yap\u0131ld\u0131\u011f\u0131n\u0131 belirtti.<\/p>\n<p>Atun, her y\u0131l Meclis\u2019in kapanmas\u0131na yak\u0131n d\u00f6nemde komitelerdeki \u00e7al\u0131\u015fmalar\u0131n s\u00fcratlendi\u011fini kaydederek, 4 birle\u015fim sonra Meclisin \u00e7al\u0131\u015fmalar\u0131na ara verece\u011fini an\u0131msatt\u0131.<\/p>\n<p>-\u00d6zt\u00fcrkler<\/p>\n<p>Meclis Ba\u015fkan\u0131 Ziya \u00d6zt\u00fcrkler de T\u00fcrkiye Cumhuriyeti Hazine ve Maliye Bakan\u0131 \u015eim\u015fek\u2019in Cumhurba\u015fkan\u0131 Ersin Tatar\u2019\u0131n davetlisi oldu\u011funu, konferans \u00f6ncesinde \u015eim\u015fek\u2019in Meclise nezaket ziyaretinde bulundu\u011funu kaydetti.<\/p>\n<p>\u00d6zt\u00fcrklerin konu\u015fmas\u0131ndan sonra \u0130dari, Kamu ve Sa\u011fl\u0131k \u0130\u015fleri Komitesi\u2019nin de Genel Kurul yap\u0131l\u0131rken \u00e7al\u0131\u015fmalar\u0131na devam edebilmesiyle ilgili tezkere oyland\u0131. Tezkere oy birli\u011fiyle kabul edildi.<\/p>\n<p>Daha sonra g\u00fcncel konu\u015fmalara ge\u00e7ildi.<\/p>\n<\/p><\/div>\n<p><script async\n                    defer\n                    crossorigin=\"anonymous\"\n                    src=\"https:\/\/connect.facebook.net\/tr_TR\/sdk.js#xfbml=1&#038;version=v3.3\"\n            ><\/script><\/p>\n","protected":false},"excerpt":{"rendered":"<p>Cumhuriyet Meclisi\u2019nde, baz\u0131 komitelerin Genel Kurul s\u00fcrerken \u00e7al\u0131\u015fmalar\u0131na devam etmesine olanak sa\u011flayan tezkereler onayland\u0131. ilk \u00f6nce, Ekonomi, Maliye, B\u00fct\u00e7e ve Plan Komitesi\u2019nin Genel Kurul s\u00fcrerken \u00e7al\u0131\u015fmalar\u0131na devam etmesine olanak sa\u011flayan tezkere, milletvekillerinin onay\u0131na sunuldu. Tezkere oy birli\u011fiyle kabul edildi. -\u015eahali Oylama \u00f6ncesinde s\u00f6z alan CTP Milletvekili Erkut \u015eahali, Ba\u015fkan Vekili de oldu\u011fu komitenin toplant\u0131 \u00e7a\u011fr\u0131lar\u0131na [&hellip;]<\/p>\n","protected":false},"author":1,"featured_media":24932,"comment_status":"open","ping_status":"open","sticky":false,"template":"","format":"standard","meta":{"jnews-multi-image_gallery":[],"jnews_single_post":[],"jnews_primary_category":[],"footnotes":""},"categories":[1],"tags":[],"class_list":["post-24931","post","type-post","status-publish","format-standard","has-post-thumbnail","hentry","category-kibris"],"yoast_head":"<!-- This site is optimized with the Yoast SEO plugin v27.5 - https:\/\/yoast.com\/product\/yoast-seo-wordpress\/ -->\n<title>Meclis Genel Kurulu\u2019nda komite \u00e7al\u0131\u015fmalar\u0131yla ilgili tezkereler onayland\u0131 - Haber Kuzey<\/title>\n<meta name=\"robots\" content=\"index, follow, max-snippet:-1, max-image-preview:large, max-video-preview:-1\" \/>\n<link rel=\"canonical\" href=\"https:\/\/haberkuzey.com\/index.php\/2025\/05\/27\/meclis-genel-kurulunda-komite-calismalariyla-ilgili-tezkereler-onaylandi\/\" \/>\n<meta property=\"og:locale\" content=\"tr_TR\" \/>\n<meta property=\"og:type\" content=\"article\" \/>\n<meta property=\"og:title\" content=\"Meclis Genel Kurulu\u2019nda komite \u00e7al\u0131\u015fmalar\u0131yla ilgili tezkereler onayland\u0131 - Haber Kuzey\" \/>\n<meta property=\"og:description\" content=\"Cumhuriyet Meclisi\u2019nde, baz\u0131 komitelerin Genel Kurul s\u00fcrerken \u00e7al\u0131\u015fmalar\u0131na devam etmesine olanak sa\u011flayan tezkereler onayland\u0131. ilk \u00f6nce, Ekonomi, Maliye, B\u00fct\u00e7e ve Plan Komitesi\u2019nin Genel Kurul s\u00fcrerken \u00e7al\u0131\u015fmalar\u0131na devam etmesine olanak sa\u011flayan tezkere, milletvekillerinin onay\u0131na sunuldu. Tezkere oy birli\u011fiyle kabul edildi. -\u015eahali Oylama \u00f6ncesinde s\u00f6z alan CTP Milletvekili Erkut \u015eahali, Ba\u015fkan Vekili de oldu\u011fu komitenin toplant\u0131 \u00e7a\u011fr\u0131lar\u0131na [&hellip;]\" \/>\n<meta property=\"og:url\" content=\"https:\/\/haberkuzey.com\/index.php\/2025\/05\/27\/meclis-genel-kurulunda-komite-calismalariyla-ilgili-tezkereler-onaylandi\/\" \/>\n<meta property=\"og:site_name\" content=\"Haber Kuzey\" \/>\n<meta property=\"article:published_time\" content=\"2025-05-27T10:17:51+00:00\" \/>\n<meta property=\"og:image\" content=\"https:\/\/brtk.net\/wp-content\/uploads\/2025\/05\/27\/mecliscik-scaled.jpg?ver=fc7c1ca59b6dfae9b62dd1660d491917\" \/>\n<meta name=\"author\" content=\"haberkuzey\" \/>\n<meta name=\"twitter:card\" content=\"summary_large_image\" \/>\n<meta name=\"twitter:label1\" content=\"Yazan:\" \/>\n\t<meta name=\"twitter:data1\" content=\"haberkuzey\" \/>\n\t<meta name=\"twitter:label2\" content=\"Tahmini okuma s\u00fcresi\" \/>\n\t<meta name=\"twitter:data2\" content=\"2 dakika\" \/>\n<script type=\"application\/ld+json\" class=\"yoast-schema-graph\">{\"@context\":\"https:\\\/\\\/schema.org\",\"@graph\":[{\"@type\":\"Article\",\"@id\":\"https:\\\/\\\/haberkuzey.com\\\/index.php\\\/2025\\\/05\\\/27\\\/meclis-genel-kurulunda-komite-calismalariyla-ilgili-tezkereler-onaylandi\\\/#article\",\"isPartOf\":{\"@id\":\"https:\\\/\\\/haberkuzey.com\\\/index.php\\\/2025\\\/05\\\/27\\\/meclis-genel-kurulunda-komite-calismalariyla-ilgili-tezkereler-onaylandi\\\/\"},\"author\":{\"name\":\"haberkuzey\",\"@id\":\"https:\\\/\\\/haberkuzey.com\\\/#\\\/schema\\\/person\\\/3372109ec735f9333f4fa47ebb9605ca\"},\"headline\":\"Meclis Genel Kurulu\u2019nda komite \u00e7al\u0131\u015fmalar\u0131yla ilgili tezkereler onayland\u0131\",\"datePublished\":\"2025-05-27T10:17:51+00:00\",\"mainEntityOfPage\":{\"@id\":\"https:\\\/\\\/haberkuzey.com\\\/index.php\\\/2025\\\/05\\\/27\\\/meclis-genel-kurulunda-komite-calismalariyla-ilgili-tezkereler-onaylandi\\\/\"},\"wordCount\":407,\"commentCount\":0,\"image\":{\"@id\":\"https:\\\/\\\/haberkuzey.com\\\/index.php\\\/2025\\\/05\\\/27\\\/meclis-genel-kurulunda-komite-calismalariyla-ilgili-tezkereler-onaylandi\\\/#primaryimage\"},\"thumbnailUrl\":\"https:\\\/\\\/haberkuzey.com\\\/wp-content\\\/uploads\\\/2025\\\/05\\\/mecliscik-scaled.jpg\",\"articleSection\":[\"K\u0131br\u0131s\"],\"inLanguage\":\"tr\",\"potentialAction\":[{\"@type\":\"CommentAction\",\"name\":\"Comment\",\"target\":[\"https:\\\/\\\/haberkuzey.com\\\/index.php\\\/2025\\\/05\\\/27\\\/meclis-genel-kurulunda-komite-calismalariyla-ilgili-tezkereler-onaylandi\\\/#respond\"]}]},{\"@type\":\"WebPage\",\"@id\":\"https:\\\/\\\/haberkuzey.com\\\/index.php\\\/2025\\\/05\\\/27\\\/meclis-genel-kurulunda-komite-calismalariyla-ilgili-tezkereler-onaylandi\\\/\",\"url\":\"https:\\\/\\\/haberkuzey.com\\\/index.php\\\/2025\\\/05\\\/27\\\/meclis-genel-kurulunda-komite-calismalariyla-ilgili-tezkereler-onaylandi\\\/\",\"name\":\"Meclis Genel Kurulu\u2019nda komite \u00e7al\u0131\u015fmalar\u0131yla ilgili tezkereler onayland\u0131 - Haber Kuzey\",\"isPartOf\":{\"@id\":\"https:\\\/\\\/haberkuzey.com\\\/#website\"},\"primaryImageOfPage\":{\"@id\":\"https:\\\/\\\/haberkuzey.com\\\/index.php\\\/2025\\\/05\\\/27\\\/meclis-genel-kurulunda-komite-calismalariyla-ilgili-tezkereler-onaylandi\\\/#primaryimage\"},\"image\":{\"@id\":\"https:\\\/\\\/haberkuzey.com\\\/index.php\\\/2025\\\/05\\\/27\\\/meclis-genel-kurulunda-komite-calismalariyla-ilgili-tezkereler-onaylandi\\\/#primaryimage\"},\"thumbnailUrl\":\"https:\\\/\\\/haberkuzey.com\\\/wp-content\\\/uploads\\\/2025\\\/05\\\/mecliscik-scaled.jpg\",\"datePublished\":\"2025-05-27T10:17:51+00:00\",\"author\":{\"@id\":\"https:\\\/\\\/haberkuzey.com\\\/#\\\/schema\\\/person\\\/3372109ec735f9333f4fa47ebb9605ca\"},\"breadcrumb\":{\"@id\":\"https:\\\/\\\/haberkuzey.com\\\/index.php\\\/2025\\\/05\\\/27\\\/meclis-genel-kurulunda-komite-calismalariyla-ilgili-tezkereler-onaylandi\\\/#breadcrumb\"},\"inLanguage\":\"tr\",\"potentialAction\":[{\"@type\":\"ReadAction\",\"target\":[\"https:\\\/\\\/haberkuzey.com\\\/index.php\\\/2025\\\/05\\\/27\\\/meclis-genel-kurulunda-komite-calismalariyla-ilgili-tezkereler-onaylandi\\\/\"]}]},{\"@type\":\"ImageObject\",\"inLanguage\":\"tr\",\"@id\":\"https:\\\/\\\/haberkuzey.com\\\/index.php\\\/2025\\\/05\\\/27\\\/meclis-genel-kurulunda-komite-calismalariyla-ilgili-tezkereler-onaylandi\\\/#primaryimage\",\"url\":\"https:\\\/\\\/haberkuzey.com\\\/wp-content\\\/uploads\\\/2025\\\/05\\\/mecliscik-scaled.jpg\",\"contentUrl\":\"https:\\\/\\\/haberkuzey.com\\\/wp-content\\\/uploads\\\/2025\\\/05\\\/mecliscik-scaled.jpg\",\"width\":2560,\"height\":1707},{\"@type\":\"BreadcrumbList\",\"@id\":\"https:\\\/\\\/haberkuzey.com\\\/index.php\\\/2025\\\/05\\\/27\\\/meclis-genel-kurulunda-komite-calismalariyla-ilgili-tezkereler-onaylandi\\\/#breadcrumb\",\"itemListElement\":[{\"@type\":\"ListItem\",\"position\":1,\"name\":\"Anasayfa\",\"item\":\"https:\\\/\\\/haberkuzey.com\\\/\"},{\"@type\":\"ListItem\",\"position\":2,\"name\":\"Meclis Genel Kurulu\u2019nda komite \u00e7al\u0131\u015fmalar\u0131yla ilgili tezkereler onayland\u0131\"}]},{\"@type\":\"WebSite\",\"@id\":\"https:\\\/\\\/haberkuzey.com\\\/#website\",\"url\":\"https:\\\/\\\/haberkuzey.com\\\/\",\"name\":\"Haber Kuzey\",\"description\":\"Do\u011fru Haberin Adresi\",\"potentialAction\":[{\"@type\":\"SearchAction\",\"target\":{\"@type\":\"EntryPoint\",\"urlTemplate\":\"https:\\\/\\\/haberkuzey.com\\\/?s={search_term_string}\"},\"query-input\":{\"@type\":\"PropertyValueSpecification\",\"valueRequired\":true,\"valueName\":\"search_term_string\"}}],\"inLanguage\":\"tr\"},{\"@type\":\"Person\",\"@id\":\"https:\\\/\\\/haberkuzey.com\\\/#\\\/schema\\\/person\\\/3372109ec735f9333f4fa47ebb9605ca\",\"name\":\"haberkuzey\",\"image\":{\"@type\":\"ImageObject\",\"inLanguage\":\"tr\",\"@id\":\"https:\\\/\\\/secure.gravatar.com\\\/avatar\\\/f5fc875574b1575324358c3b9e6a32b8227aa5b74f3fa22e3cadb63e26fcc39c?s=96&d=mm&r=g\",\"url\":\"https:\\\/\\\/secure.gravatar.com\\\/avatar\\\/f5fc875574b1575324358c3b9e6a32b8227aa5b74f3fa22e3cadb63e26fcc39c?s=96&d=mm&r=g\",\"contentUrl\":\"https:\\\/\\\/secure.gravatar.com\\\/avatar\\\/f5fc875574b1575324358c3b9e6a32b8227aa5b74f3fa22e3cadb63e26fcc39c?s=96&d=mm&r=g\",\"caption\":\"haberkuzey\"},\"sameAs\":[\"https:\\\/\\\/haberkuzey.com\"],\"url\":\"https:\\\/\\\/haberkuzey.com\\\/index.php\\\/author\\\/haberkuzey\\\/\"}]}<\/script>\n<!-- \/ Yoast SEO plugin. -->","yoast_head_json":{"title":"Meclis Genel Kurulu\u2019nda komite \u00e7al\u0131\u015fmalar\u0131yla ilgili tezkereler onayland\u0131 - Haber Kuzey","robots":{"index":"index","follow":"follow","max-snippet":"max-snippet:-1","max-image-preview":"max-image-preview:large","max-video-preview":"max-video-preview:-1"},"canonical":"https:\/\/haberkuzey.com\/index.php\/2025\/05\/27\/meclis-genel-kurulunda-komite-calismalariyla-ilgili-tezkereler-onaylandi\/","og_locale":"tr_TR","og_type":"article","og_title":"Meclis Genel Kurulu\u2019nda komite \u00e7al\u0131\u015fmalar\u0131yla ilgili tezkereler onayland\u0131 - Haber Kuzey","og_description":"Cumhuriyet Meclisi\u2019nde, baz\u0131 komitelerin Genel Kurul s\u00fcrerken \u00e7al\u0131\u015fmalar\u0131na devam etmesine olanak sa\u011flayan tezkereler onayland\u0131. ilk \u00f6nce, Ekonomi, Maliye, B\u00fct\u00e7e ve Plan Komitesi\u2019nin Genel Kurul s\u00fcrerken \u00e7al\u0131\u015fmalar\u0131na devam etmesine olanak sa\u011flayan tezkere, milletvekillerinin onay\u0131na sunuldu. Tezkere oy birli\u011fiyle kabul edildi. -\u015eahali Oylama \u00f6ncesinde s\u00f6z alan CTP Milletvekili Erkut \u015eahali, Ba\u015fkan Vekili de oldu\u011fu komitenin toplant\u0131 \u00e7a\u011fr\u0131lar\u0131na [&hellip;]","og_url":"https:\/\/haberkuzey.com\/index.php\/2025\/05\/27\/meclis-genel-kurulunda-komite-calismalariyla-ilgili-tezkereler-onaylandi\/","og_site_name":"Haber Kuzey","article_published_time":"2025-05-27T10:17:51+00:00","og_image":[{"url":"https:\/\/brtk.net\/wp-content\/uploads\/2025\/05\/27\/mecliscik-scaled.jpg?ver=fc7c1ca59b6dfae9b62dd1660d491917","type":"","width":"","height":""}],"author":"haberkuzey","twitter_card":"summary_large_image","twitter_misc":{"Yazan:":"haberkuzey","Tahmini okuma s\u00fcresi":"2 dakika"},"schema":{"@context":"https:\/\/schema.org","@graph":[{"@type":"Article","@id":"https:\/\/haberkuzey.com\/index.php\/2025\/05\/27\/meclis-genel-kurulunda-komite-calismalariyla-ilgili-tezkereler-onaylandi\/#article","isPartOf":{"@id":"https:\/\/haberkuzey.com\/index.php\/2025\/05\/27\/meclis-genel-kurulunda-komite-calismalariyla-ilgili-tezkereler-onaylandi\/"},"author":{"name":"haberkuzey","@id":"https:\/\/haberkuzey.com\/#\/schema\/person\/3372109ec735f9333f4fa47ebb9605ca"},"headline":"Meclis Genel Kurulu\u2019nda komite \u00e7al\u0131\u015fmalar\u0131yla ilgili tezkereler onayland\u0131","datePublished":"2025-05-27T10:17:51+00:00","mainEntityOfPage":{"@id":"https:\/\/haberkuzey.com\/index.php\/2025\/05\/27\/meclis-genel-kurulunda-komite-calismalariyla-ilgili-tezkereler-onaylandi\/"},"wordCount":407,"commentCount":0,"image":{"@id":"https:\/\/haberkuzey.com\/index.php\/2025\/05\/27\/meclis-genel-kurulunda-komite-calismalariyla-ilgili-tezkereler-onaylandi\/#primaryimage"},"thumbnailUrl":"https:\/\/haberkuzey.com\/wp-content\/uploads\/2025\/05\/mecliscik-scaled.jpg","articleSection":["K\u0131br\u0131s"],"inLanguage":"tr","potentialAction":[{"@type":"CommentAction","name":"Comment","target":["https:\/\/haberkuzey.com\/index.php\/2025\/05\/27\/meclis-genel-kurulunda-komite-calismalariyla-ilgili-tezkereler-onaylandi\/#respond"]}]},{"@type":"WebPage","@id":"https:\/\/haberkuzey.com\/index.php\/2025\/05\/27\/meclis-genel-kurulunda-komite-calismalariyla-ilgili-tezkereler-onaylandi\/","url":"https:\/\/haberkuzey.com\/index.php\/2025\/05\/27\/meclis-genel-kurulunda-komite-calismalariyla-ilgili-tezkereler-onaylandi\/","name":"Meclis Genel Kurulu\u2019nda komite \u00e7al\u0131\u015fmalar\u0131yla ilgili tezkereler onayland\u0131 - Haber Kuzey","isPartOf":{"@id":"https:\/\/haberkuzey.com\/#website"},"primaryImageOfPage":{"@id":"https:\/\/haberkuzey.com\/index.php\/2025\/05\/27\/meclis-genel-kurulunda-komite-calismalariyla-ilgili-tezkereler-onaylandi\/#primaryimage"},"image":{"@id":"https:\/\/haberkuzey.com\/index.php\/2025\/05\/27\/meclis-genel-kurulunda-komite-calismalariyla-ilgili-tezkereler-onaylandi\/#primaryimage"},"thumbnailUrl":"https:\/\/haberkuzey.com\/wp-content\/uploads\/2025\/05\/mecliscik-scaled.jpg","datePublished":"2025-05-27T10:17:51+00:00","author":{"@id":"https:\/\/haberkuzey.com\/#\/schema\/person\/3372109ec735f9333f4fa47ebb9605ca"},"breadcrumb":{"@id":"https:\/\/haberkuzey.com\/index.php\/2025\/05\/27\/meclis-genel-kurulunda-komite-calismalariyla-ilgili-tezkereler-onaylandi\/#breadcrumb"},"inLanguage":"tr","potentialAction":[{"@type":"ReadAction","target":["https:\/\/haberkuzey.com\/index.php\/2025\/05\/27\/meclis-genel-kurulunda-komite-calismalariyla-ilgili-tezkereler-onaylandi\/"]}]},{"@type":"ImageObject","inLanguage":"tr","@id":"https:\/\/haberkuzey.com\/index.php\/2025\/05\/27\/meclis-genel-kurulunda-komite-calismalariyla-ilgili-tezkereler-onaylandi\/#primaryimage","url":"https:\/\/haberkuzey.com\/wp-content\/uploads\/2025\/05\/mecliscik-scaled.jpg","contentUrl":"https:\/\/haberkuzey.com\/wp-content\/uploads\/2025\/05\/mecliscik-scaled.jpg","width":2560,"height":1707},{"@type":"BreadcrumbList","@id":"https:\/\/haberkuzey.com\/index.php\/2025\/05\/27\/meclis-genel-kurulunda-komite-calismalariyla-ilgili-tezkereler-onaylandi\/#breadcrumb","itemListElement":[{"@type":"ListItem","position":1,"name":"Anasayfa","item":"https:\/\/haberkuzey.com\/"},{"@type":"ListItem","position":2,"name":"Meclis Genel Kurulu\u2019nda komite \u00e7al\u0131\u015fmalar\u0131yla ilgili tezkereler onayland\u0131"}]},{"@type":"WebSite","@id":"https:\/\/haberkuzey.com\/#website","url":"https:\/\/haberkuzey.com\/","name":"Haber Kuzey","description":"Do\u011fru Haberin Adresi","potentialAction":[{"@type":"SearchAction","target":{"@type":"EntryPoint","urlTemplate":"https:\/\/haberkuzey.com\/?s={search_term_string}"},"query-input":{"@type":"PropertyValueSpecification","valueRequired":true,"valueName":"search_term_string"}}],"inLanguage":"tr"},{"@type":"Person","@id":"https:\/\/haberkuzey.com\/#\/schema\/person\/3372109ec735f9333f4fa47ebb9605ca","name":"haberkuzey","image":{"@type":"ImageObject","inLanguage":"tr","@id":"https:\/\/secure.gravatar.com\/avatar\/f5fc875574b1575324358c3b9e6a32b8227aa5b74f3fa22e3cadb63e26fcc39c?s=96&d=mm&r=g","url":"https:\/\/secure.gravatar.com\/avatar\/f5fc875574b1575324358c3b9e6a32b8227aa5b74f3fa22e3cadb63e26fcc39c?s=96&d=mm&r=g","contentUrl":"https:\/\/secure.gravatar.com\/avatar\/f5fc875574b1575324358c3b9e6a32b8227aa5b74f3fa22e3cadb63e26fcc39c?s=96&d=mm&r=g","caption":"haberkuzey"},"sameAs":["https:\/\/haberkuzey.com"],"url":"https:\/\/haberkuzey.com\/index.php\/author\/haberkuzey\/"}]}},"_links":{"self":[{"href":"https:\/\/haberkuzey.com\/index.php\/wp-json\/wp\/v2\/posts\/24931","targetHints":{"allow":["GET"]}}],"collection":[{"href":"https:\/\/haberkuzey.com\/index.php\/wp-json\/wp\/v2\/posts"}],"about":[{"href":"https:\/\/haberkuzey.com\/index.php\/wp-json\/wp\/v2\/types\/post"}],"author":[{"embeddable":true,"href":"https:\/\/haberkuzey.com\/index.php\/wp-json\/wp\/v2\/users\/1"}],"replies":[{"embeddable":true,"href":"https:\/\/haberkuzey.com\/index.php\/wp-json\/wp\/v2\/comments?post=24931"}],"version-history":[{"count":0,"href":"https:\/\/haberkuzey.com\/index.php\/wp-json\/wp\/v2\/posts\/24931\/revisions"}],"wp:featuredmedia":[{"embeddable":true,"href":"https:\/\/haberkuzey.com\/index.php\/wp-json\/wp\/v2\/media\/24932"}],"wp:attachment":[{"href":"https:\/\/haberkuzey.com\/index.php\/wp-json\/wp\/v2\/media?parent=24931"}],"wp:term":[{"taxonomy":"category","embeddable":true,"href":"https:\/\/haberkuzey.com\/index.php\/wp-json\/wp\/v2\/categories?post=24931"},{"taxonomy":"post_tag","embeddable":true,"href":"https:\/\/haberkuzey.com\/index.php\/wp-json\/wp\/v2\/tags?post=24931"}],"curies":[{"name":"wp","href":"https:\/\/api.w.org\/{rel}","templated":true}]}}