{"id":24913,"date":"2025-05-27T08:29:32","date_gmt":"2025-05-27T05:29:32","guid":{"rendered":"https:\/\/haberkuzey.com\/index.php\/2025\/05\/27\/tc-hazine-ve-maliye-bakani-simsek-kktcde-temaslarda-bulunacak\/"},"modified":"2025-05-27T08:29:32","modified_gmt":"2025-05-27T05:29:32","slug":"tc-hazine-ve-maliye-bakani-simsek-kktcde-temaslarda-bulunacak","status":"publish","type":"post","link":"https:\/\/haberkuzey.com\/index.php\/2025\/05\/27\/tc-hazine-ve-maliye-bakani-simsek-kktcde-temaslarda-bulunacak\/","title":{"rendered":"TC Hazine ve Maliye Bakan\u0131  \u015eim\u015fek, KKTC\u2019de temaslarda bulunacak"},"content":{"rendered":"<div>\n<div class=\"mariselle-image-container center\">\n                                            <\/div>\n<p>T\u00fcrkiye Cumhuriyeti Hazine ve Maliye Bakan\u0131 Mehmet \u015eim\u015fek, bug\u00fcn KKTC\u2019ye geliyor.<\/p>\n<p> \u015eim\u015fek ilk olarak saat 10.00\u2019da Cumhurba\u015fkan\u0131 Ersin Tatar taraf\u0131ndan kabul edilecek.<\/p>\n<p>Ard\u0131ndan saat 10.30\u2019da Cumhuriyet Meclisi Ba\u015fkan\u0131 Ziya \u00d6zt\u00fcrkler taraf\u0131ndan kabul edilecek olan Mehmet \u015eim\u015fek, saat 11.00\u2019da ise Cumhurba\u015fkanl\u0131\u011f\u0131\u2019nda d\u00fczenlenecek olan \u201cT\u00fcrkiye ve D\u00fcnya Ekonomisindeki Geli\u015fmeler ve Gelecek Vizyonu\u201d ba\u015fl\u0131kl\u0131 konferansa kat\u0131lacak.<\/p>\n<\/p><\/div>\n<p><script async\n                    defer\n                    crossorigin=\"anonymous\"\n                    src=\"https:\/\/connect.facebook.net\/tr_TR\/sdk.js#xfbml=1&#038;version=v3.3\"\n            ><\/script><\/p>\n","protected":false},"excerpt":{"rendered":"<p>T\u00fcrkiye Cumhuriyeti Hazine ve Maliye Bakan\u0131 Mehmet \u015eim\u015fek, bug\u00fcn KKTC\u2019ye geliyor. \u015eim\u015fek ilk olarak saat 10.00\u2019da Cumhurba\u015fkan\u0131 Ersin Tatar taraf\u0131ndan kabul edilecek. Ard\u0131ndan saat 10.30\u2019da Cumhuriyet Meclisi Ba\u015fkan\u0131 Ziya \u00d6zt\u00fcrkler taraf\u0131ndan kabul edilecek olan Mehmet \u015eim\u015fek, saat 11.00\u2019da ise Cumhurba\u015fkanl\u0131\u011f\u0131\u2019nda d\u00fczenlenecek olan \u201cT\u00fcrkiye ve D\u00fcnya Ekonomisindeki Geli\u015fmeler ve Gelecek Vizyonu\u201d ba\u015fl\u0131kl\u0131 konferansa kat\u0131lacak.<\/p>\n","protected":false},"author":1,"featured_media":14015,"comment_status":"open","ping_status":"open","sticky":false,"template":"","format":"standard","meta":{"jnews-multi-image_gallery":[],"jnews_single_post":[],"jnews_primary_category":[],"footnotes":""},"categories":[1],"tags":[],"class_list":["post-24913","post","type-post","status-publish","format-standard","has-post-thumbnail","hentry","category-kibris"],"yoast_head":"<!-- This site is optimized with the Yoast SEO plugin v27.5 - https:\/\/yoast.com\/product\/yoast-seo-wordpress\/ -->\n<title>TC Hazine ve Maliye Bakan\u0131 \u015eim\u015fek, KKTC\u2019de temaslarda bulunacak - Haber Kuzey<\/title>\n<meta name=\"robots\" content=\"index, follow, max-snippet:-1, max-image-preview:large, max-video-preview:-1\" \/>\n<link rel=\"canonical\" href=\"https:\/\/haberkuzey.com\/index.php\/2025\/05\/27\/tc-hazine-ve-maliye-bakani-simsek-kktcde-temaslarda-bulunacak\/\" \/>\n<meta property=\"og:locale\" content=\"tr_TR\" \/>\n<meta property=\"og:type\" content=\"article\" \/>\n<meta property=\"og:title\" content=\"TC Hazine ve Maliye Bakan\u0131 \u015eim\u015fek, KKTC\u2019de temaslarda bulunacak - Haber Kuzey\" \/>\n<meta property=\"og:description\" content=\"T\u00fcrkiye Cumhuriyeti Hazine ve Maliye Bakan\u0131 Mehmet \u015eim\u015fek, bug\u00fcn KKTC\u2019ye geliyor. \u015eim\u015fek ilk olarak saat 10.00\u2019da Cumhurba\u015fkan\u0131 Ersin Tatar taraf\u0131ndan kabul edilecek. Ard\u0131ndan saat 10.30\u2019da Cumhuriyet Meclisi Ba\u015fkan\u0131 Ziya \u00d6zt\u00fcrkler taraf\u0131ndan kabul edilecek olan Mehmet \u015eim\u015fek, saat 11.00\u2019da ise Cumhurba\u015fkanl\u0131\u011f\u0131\u2019nda d\u00fczenlenecek olan \u201cT\u00fcrkiye ve D\u00fcnya Ekonomisindeki Geli\u015fmeler ve Gelecek Vizyonu\u201d ba\u015fl\u0131kl\u0131 konferansa kat\u0131lacak.\" \/>\n<meta property=\"og:url\" content=\"https:\/\/haberkuzey.com\/index.php\/2025\/05\/27\/tc-hazine-ve-maliye-bakani-simsek-kktcde-temaslarda-bulunacak\/\" \/>\n<meta property=\"og:site_name\" content=\"Haber Kuzey\" \/>\n<meta property=\"article:published_time\" content=\"2025-05-27T05:29:32+00:00\" \/>\n<meta property=\"og:image\" content=\"https:\/\/brtk.net\/wp-content\/uploads\/2024\/05\/17\/mehmet-simsek-aa-19794861.jpg?ver=3ca8c16adabae6a7ea358ea02e7cf125\" \/>\n<meta name=\"author\" content=\"haberkuzey\" \/>\n<meta name=\"twitter:card\" content=\"summary_large_image\" \/>\n<meta name=\"twitter:label1\" content=\"Yazan:\" \/>\n\t<meta name=\"twitter:data1\" content=\"haberkuzey\" \/>\n<script type=\"application\/ld+json\" class=\"yoast-schema-graph\">{\"@context\":\"https:\\\/\\\/schema.org\",\"@graph\":[{\"@type\":\"Article\",\"@id\":\"https:\\\/\\\/haberkuzey.com\\\/index.php\\\/2025\\\/05\\\/27\\\/tc-hazine-ve-maliye-bakani-simsek-kktcde-temaslarda-bulunacak\\\/#article\",\"isPartOf\":{\"@id\":\"https:\\\/\\\/haberkuzey.com\\\/index.php\\\/2025\\\/05\\\/27\\\/tc-hazine-ve-maliye-bakani-simsek-kktcde-temaslarda-bulunacak\\\/\"},\"author\":{\"name\":\"haberkuzey\",\"@id\":\"https:\\\/\\\/haberkuzey.com\\\/#\\\/schema\\\/person\\\/3372109ec735f9333f4fa47ebb9605ca\"},\"headline\":\"TC Hazine ve Maliye Bakan\u0131 \u015eim\u015fek, KKTC\u2019de temaslarda bulunacak\",\"datePublished\":\"2025-05-27T05:29:32+00:00\",\"mainEntityOfPage\":{\"@id\":\"https:\\\/\\\/haberkuzey.com\\\/index.php\\\/2025\\\/05\\\/27\\\/tc-hazine-ve-maliye-bakani-simsek-kktcde-temaslarda-bulunacak\\\/\"},\"wordCount\":85,\"commentCount\":0,\"image\":{\"@id\":\"https:\\\/\\\/haberkuzey.com\\\/index.php\\\/2025\\\/05\\\/27\\\/tc-hazine-ve-maliye-bakani-simsek-kktcde-temaslarda-bulunacak\\\/#primaryimage\"},\"thumbnailUrl\":\"https:\\\/\\\/haberkuzey.com\\\/wp-content\\\/uploads\\\/2024\\\/11\\\/SIMSEK.jpg\",\"articleSection\":[\"K\u0131br\u0131s\"],\"inLanguage\":\"tr\",\"potentialAction\":[{\"@type\":\"CommentAction\",\"name\":\"Comment\",\"target\":[\"https:\\\/\\\/haberkuzey.com\\\/index.php\\\/2025\\\/05\\\/27\\\/tc-hazine-ve-maliye-bakani-simsek-kktcde-temaslarda-bulunacak\\\/#respond\"]}]},{\"@type\":\"WebPage\",\"@id\":\"https:\\\/\\\/haberkuzey.com\\\/index.php\\\/2025\\\/05\\\/27\\\/tc-hazine-ve-maliye-bakani-simsek-kktcde-temaslarda-bulunacak\\\/\",\"url\":\"https:\\\/\\\/haberkuzey.com\\\/index.php\\\/2025\\\/05\\\/27\\\/tc-hazine-ve-maliye-bakani-simsek-kktcde-temaslarda-bulunacak\\\/\",\"name\":\"TC Hazine ve Maliye Bakan\u0131 \u015eim\u015fek, KKTC\u2019de temaslarda bulunacak - Haber Kuzey\",\"isPartOf\":{\"@id\":\"https:\\\/\\\/haberkuzey.com\\\/#website\"},\"primaryImageOfPage\":{\"@id\":\"https:\\\/\\\/haberkuzey.com\\\/index.php\\\/2025\\\/05\\\/27\\\/tc-hazine-ve-maliye-bakani-simsek-kktcde-temaslarda-bulunacak\\\/#primaryimage\"},\"image\":{\"@id\":\"https:\\\/\\\/haberkuzey.com\\\/index.php\\\/2025\\\/05\\\/27\\\/tc-hazine-ve-maliye-bakani-simsek-kktcde-temaslarda-bulunacak\\\/#primaryimage\"},\"thumbnailUrl\":\"https:\\\/\\\/haberkuzey.com\\\/wp-content\\\/uploads\\\/2024\\\/11\\\/SIMSEK.jpg\",\"datePublished\":\"2025-05-27T05:29:32+00:00\",\"author\":{\"@id\":\"https:\\\/\\\/haberkuzey.com\\\/#\\\/schema\\\/person\\\/3372109ec735f9333f4fa47ebb9605ca\"},\"breadcrumb\":{\"@id\":\"https:\\\/\\\/haberkuzey.com\\\/index.php\\\/2025\\\/05\\\/27\\\/tc-hazine-ve-maliye-bakani-simsek-kktcde-temaslarda-bulunacak\\\/#breadcrumb\"},\"inLanguage\":\"tr\",\"potentialAction\":[{\"@type\":\"ReadAction\",\"target\":[\"https:\\\/\\\/haberkuzey.com\\\/index.php\\\/2025\\\/05\\\/27\\\/tc-hazine-ve-maliye-bakani-simsek-kktcde-temaslarda-bulunacak\\\/\"]}]},{\"@type\":\"ImageObject\",\"inLanguage\":\"tr\",\"@id\":\"https:\\\/\\\/haberkuzey.com\\\/index.php\\\/2025\\\/05\\\/27\\\/tc-hazine-ve-maliye-bakani-simsek-kktcde-temaslarda-bulunacak\\\/#primaryimage\",\"url\":\"https:\\\/\\\/haberkuzey.com\\\/wp-content\\\/uploads\\\/2024\\\/11\\\/SIMSEK.jpg\",\"contentUrl\":\"https:\\\/\\\/haberkuzey.com\\\/wp-content\\\/uploads\\\/2024\\\/11\\\/SIMSEK.jpg\",\"width\":864,\"height\":486},{\"@type\":\"BreadcrumbList\",\"@id\":\"https:\\\/\\\/haberkuzey.com\\\/index.php\\\/2025\\\/05\\\/27\\\/tc-hazine-ve-maliye-bakani-simsek-kktcde-temaslarda-bulunacak\\\/#breadcrumb\",\"itemListElement\":[{\"@type\":\"ListItem\",\"position\":1,\"name\":\"Anasayfa\",\"item\":\"https:\\\/\\\/haberkuzey.com\\\/\"},{\"@type\":\"ListItem\",\"position\":2,\"name\":\"TC Hazine ve Maliye Bakan\u0131 \u015eim\u015fek, KKTC\u2019de temaslarda bulunacak\"}]},{\"@type\":\"WebSite\",\"@id\":\"https:\\\/\\\/haberkuzey.com\\\/#website\",\"url\":\"https:\\\/\\\/haberkuzey.com\\\/\",\"name\":\"Haber Kuzey\",\"description\":\"Do\u011fru Haberin Adresi\",\"potentialAction\":[{\"@type\":\"SearchAction\",\"target\":{\"@type\":\"EntryPoint\",\"urlTemplate\":\"https:\\\/\\\/haberkuzey.com\\\/?s={search_term_string}\"},\"query-input\":{\"@type\":\"PropertyValueSpecification\",\"valueRequired\":true,\"valueName\":\"search_term_string\"}}],\"inLanguage\":\"tr\"},{\"@type\":\"Person\",\"@id\":\"https:\\\/\\\/haberkuzey.com\\\/#\\\/schema\\\/person\\\/3372109ec735f9333f4fa47ebb9605ca\",\"name\":\"haberkuzey\",\"image\":{\"@type\":\"ImageObject\",\"inLanguage\":\"tr\",\"@id\":\"https:\\\/\\\/secure.gravatar.com\\\/avatar\\\/f5fc875574b1575324358c3b9e6a32b8227aa5b74f3fa22e3cadb63e26fcc39c?s=96&d=mm&r=g\",\"url\":\"https:\\\/\\\/secure.gravatar.com\\\/avatar\\\/f5fc875574b1575324358c3b9e6a32b8227aa5b74f3fa22e3cadb63e26fcc39c?s=96&d=mm&r=g\",\"contentUrl\":\"https:\\\/\\\/secure.gravatar.com\\\/avatar\\\/f5fc875574b1575324358c3b9e6a32b8227aa5b74f3fa22e3cadb63e26fcc39c?s=96&d=mm&r=g\",\"caption\":\"haberkuzey\"},\"sameAs\":[\"https:\\\/\\\/haberkuzey.com\"],\"url\":\"https:\\\/\\\/haberkuzey.com\\\/index.php\\\/author\\\/haberkuzey\\\/\"}]}<\/script>\n<!-- \/ Yoast SEO plugin. -->","yoast_head_json":{"title":"TC Hazine ve Maliye Bakan\u0131 \u015eim\u015fek, KKTC\u2019de temaslarda bulunacak - Haber Kuzey","robots":{"index":"index","follow":"follow","max-snippet":"max-snippet:-1","max-image-preview":"max-image-preview:large","max-video-preview":"max-video-preview:-1"},"canonical":"https:\/\/haberkuzey.com\/index.php\/2025\/05\/27\/tc-hazine-ve-maliye-bakani-simsek-kktcde-temaslarda-bulunacak\/","og_locale":"tr_TR","og_type":"article","og_title":"TC Hazine ve Maliye Bakan\u0131 \u015eim\u015fek, KKTC\u2019de temaslarda bulunacak - Haber Kuzey","og_description":"T\u00fcrkiye Cumhuriyeti Hazine ve Maliye Bakan\u0131 Mehmet \u015eim\u015fek, bug\u00fcn KKTC\u2019ye geliyor. \u015eim\u015fek ilk olarak saat 10.00\u2019da Cumhurba\u015fkan\u0131 Ersin Tatar taraf\u0131ndan kabul edilecek. Ard\u0131ndan saat 10.30\u2019da Cumhuriyet Meclisi Ba\u015fkan\u0131 Ziya \u00d6zt\u00fcrkler taraf\u0131ndan kabul edilecek olan Mehmet \u015eim\u015fek, saat 11.00\u2019da ise Cumhurba\u015fkanl\u0131\u011f\u0131\u2019nda d\u00fczenlenecek olan \u201cT\u00fcrkiye ve D\u00fcnya Ekonomisindeki Geli\u015fmeler ve Gelecek Vizyonu\u201d ba\u015fl\u0131kl\u0131 konferansa kat\u0131lacak.","og_url":"https:\/\/haberkuzey.com\/index.php\/2025\/05\/27\/tc-hazine-ve-maliye-bakani-simsek-kktcde-temaslarda-bulunacak\/","og_site_name":"Haber Kuzey","article_published_time":"2025-05-27T05:29:32+00:00","og_image":[{"url":"https:\/\/brtk.net\/wp-content\/uploads\/2024\/05\/17\/mehmet-simsek-aa-19794861.jpg?ver=3ca8c16adabae6a7ea358ea02e7cf125","type":"","width":"","height":""}],"author":"haberkuzey","twitter_card":"summary_large_image","twitter_misc":{"Yazan:":"haberkuzey"},"schema":{"@context":"https:\/\/schema.org","@graph":[{"@type":"Article","@id":"https:\/\/haberkuzey.com\/index.php\/2025\/05\/27\/tc-hazine-ve-maliye-bakani-simsek-kktcde-temaslarda-bulunacak\/#article","isPartOf":{"@id":"https:\/\/haberkuzey.com\/index.php\/2025\/05\/27\/tc-hazine-ve-maliye-bakani-simsek-kktcde-temaslarda-bulunacak\/"},"author":{"name":"haberkuzey","@id":"https:\/\/haberkuzey.com\/#\/schema\/person\/3372109ec735f9333f4fa47ebb9605ca"},"headline":"TC Hazine ve Maliye Bakan\u0131 \u015eim\u015fek, KKTC\u2019de temaslarda bulunacak","datePublished":"2025-05-27T05:29:32+00:00","mainEntityOfPage":{"@id":"https:\/\/haberkuzey.com\/index.php\/2025\/05\/27\/tc-hazine-ve-maliye-bakani-simsek-kktcde-temaslarda-bulunacak\/"},"wordCount":85,"commentCount":0,"image":{"@id":"https:\/\/haberkuzey.com\/index.php\/2025\/05\/27\/tc-hazine-ve-maliye-bakani-simsek-kktcde-temaslarda-bulunacak\/#primaryimage"},"thumbnailUrl":"https:\/\/haberkuzey.com\/wp-content\/uploads\/2024\/11\/SIMSEK.jpg","articleSection":["K\u0131br\u0131s"],"inLanguage":"tr","potentialAction":[{"@type":"CommentAction","name":"Comment","target":["https:\/\/haberkuzey.com\/index.php\/2025\/05\/27\/tc-hazine-ve-maliye-bakani-simsek-kktcde-temaslarda-bulunacak\/#respond"]}]},{"@type":"WebPage","@id":"https:\/\/haberkuzey.com\/index.php\/2025\/05\/27\/tc-hazine-ve-maliye-bakani-simsek-kktcde-temaslarda-bulunacak\/","url":"https:\/\/haberkuzey.com\/index.php\/2025\/05\/27\/tc-hazine-ve-maliye-bakani-simsek-kktcde-temaslarda-bulunacak\/","name":"TC Hazine ve Maliye Bakan\u0131 \u015eim\u015fek, KKTC\u2019de temaslarda bulunacak - Haber Kuzey","isPartOf":{"@id":"https:\/\/haberkuzey.com\/#website"},"primaryImageOfPage":{"@id":"https:\/\/haberkuzey.com\/index.php\/2025\/05\/27\/tc-hazine-ve-maliye-bakani-simsek-kktcde-temaslarda-bulunacak\/#primaryimage"},"image":{"@id":"https:\/\/haberkuzey.com\/index.php\/2025\/05\/27\/tc-hazine-ve-maliye-bakani-simsek-kktcde-temaslarda-bulunacak\/#primaryimage"},"thumbnailUrl":"https:\/\/haberkuzey.com\/wp-content\/uploads\/2024\/11\/SIMSEK.jpg","datePublished":"2025-05-27T05:29:32+00:00","author":{"@id":"https:\/\/haberkuzey.com\/#\/schema\/person\/3372109ec735f9333f4fa47ebb9605ca"},"breadcrumb":{"@id":"https:\/\/haberkuzey.com\/index.php\/2025\/05\/27\/tc-hazine-ve-maliye-bakani-simsek-kktcde-temaslarda-bulunacak\/#breadcrumb"},"inLanguage":"tr","potentialAction":[{"@type":"ReadAction","target":["https:\/\/haberkuzey.com\/index.php\/2025\/05\/27\/tc-hazine-ve-maliye-bakani-simsek-kktcde-temaslarda-bulunacak\/"]}]},{"@type":"ImageObject","inLanguage":"tr","@id":"https:\/\/haberkuzey.com\/index.php\/2025\/05\/27\/tc-hazine-ve-maliye-bakani-simsek-kktcde-temaslarda-bulunacak\/#primaryimage","url":"https:\/\/haberkuzey.com\/wp-content\/uploads\/2024\/11\/SIMSEK.jpg","contentUrl":"https:\/\/haberkuzey.com\/wp-content\/uploads\/2024\/11\/SIMSEK.jpg","width":864,"height":486},{"@type":"BreadcrumbList","@id":"https:\/\/haberkuzey.com\/index.php\/2025\/05\/27\/tc-hazine-ve-maliye-bakani-simsek-kktcde-temaslarda-bulunacak\/#breadcrumb","itemListElement":[{"@type":"ListItem","position":1,"name":"Anasayfa","item":"https:\/\/haberkuzey.com\/"},{"@type":"ListItem","position":2,"name":"TC Hazine ve Maliye Bakan\u0131 \u015eim\u015fek, KKTC\u2019de temaslarda bulunacak"}]},{"@type":"WebSite","@id":"https:\/\/haberkuzey.com\/#website","url":"https:\/\/haberkuzey.com\/","name":"Haber Kuzey","description":"Do\u011fru Haberin Adresi","potentialAction":[{"@type":"SearchAction","target":{"@type":"EntryPoint","urlTemplate":"https:\/\/haberkuzey.com\/?s={search_term_string}"},"query-input":{"@type":"PropertyValueSpecification","valueRequired":true,"valueName":"search_term_string"}}],"inLanguage":"tr"},{"@type":"Person","@id":"https:\/\/haberkuzey.com\/#\/schema\/person\/3372109ec735f9333f4fa47ebb9605ca","name":"haberkuzey","image":{"@type":"ImageObject","inLanguage":"tr","@id":"https:\/\/secure.gravatar.com\/avatar\/f5fc875574b1575324358c3b9e6a32b8227aa5b74f3fa22e3cadb63e26fcc39c?s=96&d=mm&r=g","url":"https:\/\/secure.gravatar.com\/avatar\/f5fc875574b1575324358c3b9e6a32b8227aa5b74f3fa22e3cadb63e26fcc39c?s=96&d=mm&r=g","contentUrl":"https:\/\/secure.gravatar.com\/avatar\/f5fc875574b1575324358c3b9e6a32b8227aa5b74f3fa22e3cadb63e26fcc39c?s=96&d=mm&r=g","caption":"haberkuzey"},"sameAs":["https:\/\/haberkuzey.com"],"url":"https:\/\/haberkuzey.com\/index.php\/author\/haberkuzey\/"}]}},"_links":{"self":[{"href":"https:\/\/haberkuzey.com\/index.php\/wp-json\/wp\/v2\/posts\/24913","targetHints":{"allow":["GET"]}}],"collection":[{"href":"https:\/\/haberkuzey.com\/index.php\/wp-json\/wp\/v2\/posts"}],"about":[{"href":"https:\/\/haberkuzey.com\/index.php\/wp-json\/wp\/v2\/types\/post"}],"author":[{"embeddable":true,"href":"https:\/\/haberkuzey.com\/index.php\/wp-json\/wp\/v2\/users\/1"}],"replies":[{"embeddable":true,"href":"https:\/\/haberkuzey.com\/index.php\/wp-json\/wp\/v2\/comments?post=24913"}],"version-history":[{"count":0,"href":"https:\/\/haberkuzey.com\/index.php\/wp-json\/wp\/v2\/posts\/24913\/revisions"}],"wp:featuredmedia":[{"embeddable":true,"href":"https:\/\/haberkuzey.com\/index.php\/wp-json\/wp\/v2\/media\/14015"}],"wp:attachment":[{"href":"https:\/\/haberkuzey.com\/index.php\/wp-json\/wp\/v2\/media?parent=24913"}],"wp:term":[{"taxonomy":"category","embeddable":true,"href":"https:\/\/haberkuzey.com\/index.php\/wp-json\/wp\/v2\/categories?post=24913"},{"taxonomy":"post_tag","embeddable":true,"href":"https:\/\/haberkuzey.com\/index.php\/wp-json\/wp\/v2\/tags?post=24913"}],"curies":[{"name":"wp","href":"https:\/\/api.w.org\/{rel}","templated":true}]}}