{"id":24892,"date":"2025-05-26T19:14:05","date_gmt":"2025-05-26T16:14:05","guid":{"rendered":"https:\/\/haberkuzey.com\/index.php\/2025\/05\/26\/kktc-isverenler-sendikasi-yeni-baskani-metin-arhun-oldu\/"},"modified":"2025-05-26T19:14:05","modified_gmt":"2025-05-26T16:14:05","slug":"kktc-isverenler-sendikasi-yeni-baskani-metin-arhun-oldu","status":"publish","type":"post","link":"https:\/\/haberkuzey.com\/index.php\/2025\/05\/26\/kktc-isverenler-sendikasi-yeni-baskani-metin-arhun-oldu\/","title":{"rendered":"KKTC \u0130\u015fverenler Sendikas\u0131 yeni ba\u015fkan\u0131 Metin Arhun oldu"},"content":{"rendered":"<div>\n<div class=\"mariselle-image-container center\">\n                                            <\/div>\n<p>KKTC \u0130\u015fverenler Sendikas\u0131 Ba\u015fkanl\u0131\u011f\u0131na Metin Arhun getirildi. <\/p>\n<p>KKTC \u0130\u015fverenler Sendikas\u0131\u2019ndan yap\u0131lan a\u00e7\u0131klamaya g\u00f6re, sendikan\u0131n 24 May\u0131s\u2019ta toplanan Ola\u011fan Genel Kurulu\u2019nda yeni y\u00f6netim belirlenerek, g\u00f6rev da\u011f\u0131l\u0131m\u0131 yap\u0131ld\u0131.  <\/p>\n<p>Hasan Sungur\u2019un aday olmad\u0131\u011f\u0131 Genel Kurul\u2019da yeni ba\u015fkan Metin Arhun oldu. \u0130\u015fverenler Sendikas\u0131 Y\u00f6netim Kurulu\u2019na ise 11 \u00fcye ve 3 yedek \u00fcye se\u00e7ildi. <\/p>\n<p>Genel Kurul\u2019da ayr\u0131ca t\u00fcz\u00fck de\u011fi\u015fikli\u011fi yap\u0131larak \u0130\u015fverenler Sendikas\u0131 tarihinde ilk kez eski ba\u015fkanlar aras\u0131ndan se\u00e7ilmek kayd\u0131yla Onursal Ba\u015fkanl\u0131k makam\u0131 tesis edildi. Bu g\u00f6reve tek aday olarak Hasan Sungur se\u00e7ildi. Genel kurulun tamamlanmas\u0131n\u0131 takiben yeni y\u00f6netim kurulu toplanarak, g\u00f6rev da\u011f\u0131l\u0131m\u0131 yapt\u0131. <\/p>\n<p>Buna g\u00f6re; iki y\u0131ll\u0131k yeni d\u00f6nem i\u00e7in Metin Arhun ba\u015fkanl\u0131\u011fa se\u00e7ilirken, Alp Cengiz Alp asba\u015fkanl\u0131\u011fa, Mehmet Sungur genel sekreterli\u011fe, Ahmet Ogan veznedarl\u0131\u011fa getirildi. <\/p>\n<p>Kemal Oma\u011f, Yal\u00e7\u0131n Ko\u00e7yi\u011fit, Hasan Adahan, Mehmet Bulan\u0131k, Olga\u00e7 U\u00e7ar, \u00d6zg\u00fcn Kutalm\u0131\u015f ve Alp Koralp \u00fcye olurken, yedek \u00fcyeli\u011fe Mustafa Aro\u011flu, Mehmet \u00d6zsezer ve Olsan Oran getirildi.<\/p>\n<p>\u0130\u015fverenler Sendikas\u0131 Genel Kurulu, \u00fclke i\u015fverenlerini ve \u00f6zel sekt\u00f6r\u00fcn\u00fc en iyi \u015fekilde temsil etme ve yeni d\u00f6nemde de ba\u015far\u0131l\u0131 i\u015fler \u00e7\u0131karma kararl\u0131l\u0131\u011f\u0131n\u0131n vurgulanmas\u0131yla tamamland\u0131.<\/p>\n<\/p><\/div>\n<p><script async\n                    defer\n                    crossorigin=\"anonymous\"\n                    src=\"https:\/\/connect.facebook.net\/tr_TR\/sdk.js#xfbml=1&#038;version=v3.3\"\n            ><\/script><\/p>\n","protected":false},"excerpt":{"rendered":"<p>KKTC \u0130\u015fverenler Sendikas\u0131 Ba\u015fkanl\u0131\u011f\u0131na Metin Arhun getirildi. KKTC \u0130\u015fverenler Sendikas\u0131\u2019ndan yap\u0131lan a\u00e7\u0131klamaya g\u00f6re, sendikan\u0131n 24 May\u0131s\u2019ta toplanan Ola\u011fan Genel Kurulu\u2019nda yeni y\u00f6netim belirlenerek, g\u00f6rev da\u011f\u0131l\u0131m\u0131 yap\u0131ld\u0131. Hasan Sungur\u2019un aday olmad\u0131\u011f\u0131 Genel Kurul\u2019da yeni ba\u015fkan Metin Arhun oldu. \u0130\u015fverenler Sendikas\u0131 Y\u00f6netim Kurulu\u2019na ise 11 \u00fcye ve 3 yedek \u00fcye se\u00e7ildi. Genel Kurul\u2019da ayr\u0131ca t\u00fcz\u00fck de\u011fi\u015fikli\u011fi yap\u0131larak [&hellip;]<\/p>\n","protected":false},"author":1,"featured_media":24893,"comment_status":"open","ping_status":"open","sticky":false,"template":"","format":"standard","meta":{"jnews-multi-image_gallery":[],"jnews_single_post":[],"jnews_primary_category":[],"footnotes":""},"categories":[1],"tags":[],"class_list":["post-24892","post","type-post","status-publish","format-standard","has-post-thumbnail","hentry","category-kibris"],"yoast_head":"<!-- This site is optimized with the Yoast SEO plugin v27.5 - https:\/\/yoast.com\/product\/yoast-seo-wordpress\/ -->\n<title>KKTC \u0130\u015fverenler Sendikas\u0131 yeni ba\u015fkan\u0131 Metin Arhun oldu - Haber Kuzey<\/title>\n<meta name=\"robots\" content=\"index, follow, max-snippet:-1, max-image-preview:large, max-video-preview:-1\" \/>\n<link rel=\"canonical\" href=\"https:\/\/haberkuzey.com\/index.php\/2025\/05\/26\/kktc-isverenler-sendikasi-yeni-baskani-metin-arhun-oldu\/\" \/>\n<meta property=\"og:locale\" content=\"tr_TR\" \/>\n<meta property=\"og:type\" content=\"article\" \/>\n<meta property=\"og:title\" content=\"KKTC \u0130\u015fverenler Sendikas\u0131 yeni ba\u015fkan\u0131 Metin Arhun oldu - Haber Kuzey\" \/>\n<meta property=\"og:description\" content=\"KKTC \u0130\u015fverenler Sendikas\u0131 Ba\u015fkanl\u0131\u011f\u0131na Metin Arhun getirildi. KKTC \u0130\u015fverenler Sendikas\u0131\u2019ndan yap\u0131lan a\u00e7\u0131klamaya g\u00f6re, sendikan\u0131n 24 May\u0131s\u2019ta toplanan Ola\u011fan Genel Kurulu\u2019nda yeni y\u00f6netim belirlenerek, g\u00f6rev da\u011f\u0131l\u0131m\u0131 yap\u0131ld\u0131. Hasan Sungur\u2019un aday olmad\u0131\u011f\u0131 Genel Kurul\u2019da yeni ba\u015fkan Metin Arhun oldu. \u0130\u015fverenler Sendikas\u0131 Y\u00f6netim Kurulu\u2019na ise 11 \u00fcye ve 3 yedek \u00fcye se\u00e7ildi. Genel Kurul\u2019da ayr\u0131ca t\u00fcz\u00fck de\u011fi\u015fikli\u011fi yap\u0131larak [&hellip;]\" \/>\n<meta property=\"og:url\" content=\"https:\/\/haberkuzey.com\/index.php\/2025\/05\/26\/kktc-isverenler-sendikasi-yeni-baskani-metin-arhun-oldu\/\" \/>\n<meta property=\"og:site_name\" content=\"Haber Kuzey\" \/>\n<meta property=\"article:published_time\" content=\"2025-05-26T16:14:05+00:00\" \/>\n<meta property=\"og:image\" content=\"https:\/\/brtk.net\/wp-content\/uploads\/2025\/05\/26\/1748267634860Isverenler-sendikasi.png?ver=cea89771169c837028d6e2444029444f\" \/>\n<meta name=\"author\" content=\"haberkuzey\" \/>\n<meta name=\"twitter:card\" content=\"summary_large_image\" \/>\n<meta name=\"twitter:label1\" content=\"Yazan:\" \/>\n\t<meta name=\"twitter:data1\" content=\"haberkuzey\" \/>\n\t<meta name=\"twitter:label2\" content=\"Tahmini okuma s\u00fcresi\" \/>\n\t<meta name=\"twitter:data2\" content=\"1 dakika\" \/>\n<script type=\"application\/ld+json\" class=\"yoast-schema-graph\">{\"@context\":\"https:\\\/\\\/schema.org\",\"@graph\":[{\"@type\":\"Article\",\"@id\":\"https:\\\/\\\/haberkuzey.com\\\/index.php\\\/2025\\\/05\\\/26\\\/kktc-isverenler-sendikasi-yeni-baskani-metin-arhun-oldu\\\/#article\",\"isPartOf\":{\"@id\":\"https:\\\/\\\/haberkuzey.com\\\/index.php\\\/2025\\\/05\\\/26\\\/kktc-isverenler-sendikasi-yeni-baskani-metin-arhun-oldu\\\/\"},\"author\":{\"name\":\"haberkuzey\",\"@id\":\"https:\\\/\\\/haberkuzey.com\\\/#\\\/schema\\\/person\\\/3372109ec735f9333f4fa47ebb9605ca\"},\"headline\":\"KKTC \u0130\u015fverenler Sendikas\u0131 yeni ba\u015fkan\u0131 Metin Arhun oldu\",\"datePublished\":\"2025-05-26T16:14:05+00:00\",\"mainEntityOfPage\":{\"@id\":\"https:\\\/\\\/haberkuzey.com\\\/index.php\\\/2025\\\/05\\\/26\\\/kktc-isverenler-sendikasi-yeni-baskani-metin-arhun-oldu\\\/\"},\"wordCount\":243,\"commentCount\":0,\"image\":{\"@id\":\"https:\\\/\\\/haberkuzey.com\\\/index.php\\\/2025\\\/05\\\/26\\\/kktc-isverenler-sendikasi-yeni-baskani-metin-arhun-oldu\\\/#primaryimage\"},\"thumbnailUrl\":\"https:\\\/\\\/haberkuzey.com\\\/wp-content\\\/uploads\\\/2025\\\/05\\\/1748267634860Isverenler-sendikasi.png\",\"articleSection\":[\"K\u0131br\u0131s\"],\"inLanguage\":\"tr\",\"potentialAction\":[{\"@type\":\"CommentAction\",\"name\":\"Comment\",\"target\":[\"https:\\\/\\\/haberkuzey.com\\\/index.php\\\/2025\\\/05\\\/26\\\/kktc-isverenler-sendikasi-yeni-baskani-metin-arhun-oldu\\\/#respond\"]}]},{\"@type\":\"WebPage\",\"@id\":\"https:\\\/\\\/haberkuzey.com\\\/index.php\\\/2025\\\/05\\\/26\\\/kktc-isverenler-sendikasi-yeni-baskani-metin-arhun-oldu\\\/\",\"url\":\"https:\\\/\\\/haberkuzey.com\\\/index.php\\\/2025\\\/05\\\/26\\\/kktc-isverenler-sendikasi-yeni-baskani-metin-arhun-oldu\\\/\",\"name\":\"KKTC \u0130\u015fverenler Sendikas\u0131 yeni ba\u015fkan\u0131 Metin Arhun oldu - Haber Kuzey\",\"isPartOf\":{\"@id\":\"https:\\\/\\\/haberkuzey.com\\\/#website\"},\"primaryImageOfPage\":{\"@id\":\"https:\\\/\\\/haberkuzey.com\\\/index.php\\\/2025\\\/05\\\/26\\\/kktc-isverenler-sendikasi-yeni-baskani-metin-arhun-oldu\\\/#primaryimage\"},\"image\":{\"@id\":\"https:\\\/\\\/haberkuzey.com\\\/index.php\\\/2025\\\/05\\\/26\\\/kktc-isverenler-sendikasi-yeni-baskani-metin-arhun-oldu\\\/#primaryimage\"},\"thumbnailUrl\":\"https:\\\/\\\/haberkuzey.com\\\/wp-content\\\/uploads\\\/2025\\\/05\\\/1748267634860Isverenler-sendikasi.png\",\"datePublished\":\"2025-05-26T16:14:05+00:00\",\"author\":{\"@id\":\"https:\\\/\\\/haberkuzey.com\\\/#\\\/schema\\\/person\\\/3372109ec735f9333f4fa47ebb9605ca\"},\"breadcrumb\":{\"@id\":\"https:\\\/\\\/haberkuzey.com\\\/index.php\\\/2025\\\/05\\\/26\\\/kktc-isverenler-sendikasi-yeni-baskani-metin-arhun-oldu\\\/#breadcrumb\"},\"inLanguage\":\"tr\",\"potentialAction\":[{\"@type\":\"ReadAction\",\"target\":[\"https:\\\/\\\/haberkuzey.com\\\/index.php\\\/2025\\\/05\\\/26\\\/kktc-isverenler-sendikasi-yeni-baskani-metin-arhun-oldu\\\/\"]}]},{\"@type\":\"ImageObject\",\"inLanguage\":\"tr\",\"@id\":\"https:\\\/\\\/haberkuzey.com\\\/index.php\\\/2025\\\/05\\\/26\\\/kktc-isverenler-sendikasi-yeni-baskani-metin-arhun-oldu\\\/#primaryimage\",\"url\":\"https:\\\/\\\/haberkuzey.com\\\/wp-content\\\/uploads\\\/2025\\\/05\\\/1748267634860Isverenler-sendikasi.png\",\"contentUrl\":\"https:\\\/\\\/haberkuzey.com\\\/wp-content\\\/uploads\\\/2025\\\/05\\\/1748267634860Isverenler-sendikasi.png\",\"width\":736,\"height\":986},{\"@type\":\"BreadcrumbList\",\"@id\":\"https:\\\/\\\/haberkuzey.com\\\/index.php\\\/2025\\\/05\\\/26\\\/kktc-isverenler-sendikasi-yeni-baskani-metin-arhun-oldu\\\/#breadcrumb\",\"itemListElement\":[{\"@type\":\"ListItem\",\"position\":1,\"name\":\"Anasayfa\",\"item\":\"https:\\\/\\\/haberkuzey.com\\\/\"},{\"@type\":\"ListItem\",\"position\":2,\"name\":\"KKTC \u0130\u015fverenler Sendikas\u0131 yeni ba\u015fkan\u0131 Metin Arhun oldu\"}]},{\"@type\":\"WebSite\",\"@id\":\"https:\\\/\\\/haberkuzey.com\\\/#website\",\"url\":\"https:\\\/\\\/haberkuzey.com\\\/\",\"name\":\"Haber Kuzey\",\"description\":\"Do\u011fru Haberin Adresi\",\"potentialAction\":[{\"@type\":\"SearchAction\",\"target\":{\"@type\":\"EntryPoint\",\"urlTemplate\":\"https:\\\/\\\/haberkuzey.com\\\/?s={search_term_string}\"},\"query-input\":{\"@type\":\"PropertyValueSpecification\",\"valueRequired\":true,\"valueName\":\"search_term_string\"}}],\"inLanguage\":\"tr\"},{\"@type\":\"Person\",\"@id\":\"https:\\\/\\\/haberkuzey.com\\\/#\\\/schema\\\/person\\\/3372109ec735f9333f4fa47ebb9605ca\",\"name\":\"haberkuzey\",\"image\":{\"@type\":\"ImageObject\",\"inLanguage\":\"tr\",\"@id\":\"https:\\\/\\\/secure.gravatar.com\\\/avatar\\\/f5fc875574b1575324358c3b9e6a32b8227aa5b74f3fa22e3cadb63e26fcc39c?s=96&d=mm&r=g\",\"url\":\"https:\\\/\\\/secure.gravatar.com\\\/avatar\\\/f5fc875574b1575324358c3b9e6a32b8227aa5b74f3fa22e3cadb63e26fcc39c?s=96&d=mm&r=g\",\"contentUrl\":\"https:\\\/\\\/secure.gravatar.com\\\/avatar\\\/f5fc875574b1575324358c3b9e6a32b8227aa5b74f3fa22e3cadb63e26fcc39c?s=96&d=mm&r=g\",\"caption\":\"haberkuzey\"},\"sameAs\":[\"https:\\\/\\\/haberkuzey.com\"],\"url\":\"https:\\\/\\\/haberkuzey.com\\\/index.php\\\/author\\\/haberkuzey\\\/\"}]}<\/script>\n<!-- \/ Yoast SEO plugin. -->","yoast_head_json":{"title":"KKTC \u0130\u015fverenler Sendikas\u0131 yeni ba\u015fkan\u0131 Metin Arhun oldu - Haber Kuzey","robots":{"index":"index","follow":"follow","max-snippet":"max-snippet:-1","max-image-preview":"max-image-preview:large","max-video-preview":"max-video-preview:-1"},"canonical":"https:\/\/haberkuzey.com\/index.php\/2025\/05\/26\/kktc-isverenler-sendikasi-yeni-baskani-metin-arhun-oldu\/","og_locale":"tr_TR","og_type":"article","og_title":"KKTC \u0130\u015fverenler Sendikas\u0131 yeni ba\u015fkan\u0131 Metin Arhun oldu - Haber Kuzey","og_description":"KKTC \u0130\u015fverenler Sendikas\u0131 Ba\u015fkanl\u0131\u011f\u0131na Metin Arhun getirildi. KKTC \u0130\u015fverenler Sendikas\u0131\u2019ndan yap\u0131lan a\u00e7\u0131klamaya g\u00f6re, sendikan\u0131n 24 May\u0131s\u2019ta toplanan Ola\u011fan Genel Kurulu\u2019nda yeni y\u00f6netim belirlenerek, g\u00f6rev da\u011f\u0131l\u0131m\u0131 yap\u0131ld\u0131. Hasan Sungur\u2019un aday olmad\u0131\u011f\u0131 Genel Kurul\u2019da yeni ba\u015fkan Metin Arhun oldu. \u0130\u015fverenler Sendikas\u0131 Y\u00f6netim Kurulu\u2019na ise 11 \u00fcye ve 3 yedek \u00fcye se\u00e7ildi. Genel Kurul\u2019da ayr\u0131ca t\u00fcz\u00fck de\u011fi\u015fikli\u011fi yap\u0131larak [&hellip;]","og_url":"https:\/\/haberkuzey.com\/index.php\/2025\/05\/26\/kktc-isverenler-sendikasi-yeni-baskani-metin-arhun-oldu\/","og_site_name":"Haber Kuzey","article_published_time":"2025-05-26T16:14:05+00:00","og_image":[{"url":"https:\/\/brtk.net\/wp-content\/uploads\/2025\/05\/26\/1748267634860Isverenler-sendikasi.png?ver=cea89771169c837028d6e2444029444f","type":"","width":"","height":""}],"author":"haberkuzey","twitter_card":"summary_large_image","twitter_misc":{"Yazan:":"haberkuzey","Tahmini okuma s\u00fcresi":"1 dakika"},"schema":{"@context":"https:\/\/schema.org","@graph":[{"@type":"Article","@id":"https:\/\/haberkuzey.com\/index.php\/2025\/05\/26\/kktc-isverenler-sendikasi-yeni-baskani-metin-arhun-oldu\/#article","isPartOf":{"@id":"https:\/\/haberkuzey.com\/index.php\/2025\/05\/26\/kktc-isverenler-sendikasi-yeni-baskani-metin-arhun-oldu\/"},"author":{"name":"haberkuzey","@id":"https:\/\/haberkuzey.com\/#\/schema\/person\/3372109ec735f9333f4fa47ebb9605ca"},"headline":"KKTC \u0130\u015fverenler Sendikas\u0131 yeni ba\u015fkan\u0131 Metin Arhun oldu","datePublished":"2025-05-26T16:14:05+00:00","mainEntityOfPage":{"@id":"https:\/\/haberkuzey.com\/index.php\/2025\/05\/26\/kktc-isverenler-sendikasi-yeni-baskani-metin-arhun-oldu\/"},"wordCount":243,"commentCount":0,"image":{"@id":"https:\/\/haberkuzey.com\/index.php\/2025\/05\/26\/kktc-isverenler-sendikasi-yeni-baskani-metin-arhun-oldu\/#primaryimage"},"thumbnailUrl":"https:\/\/haberkuzey.com\/wp-content\/uploads\/2025\/05\/1748267634860Isverenler-sendikasi.png","articleSection":["K\u0131br\u0131s"],"inLanguage":"tr","potentialAction":[{"@type":"CommentAction","name":"Comment","target":["https:\/\/haberkuzey.com\/index.php\/2025\/05\/26\/kktc-isverenler-sendikasi-yeni-baskani-metin-arhun-oldu\/#respond"]}]},{"@type":"WebPage","@id":"https:\/\/haberkuzey.com\/index.php\/2025\/05\/26\/kktc-isverenler-sendikasi-yeni-baskani-metin-arhun-oldu\/","url":"https:\/\/haberkuzey.com\/index.php\/2025\/05\/26\/kktc-isverenler-sendikasi-yeni-baskani-metin-arhun-oldu\/","name":"KKTC \u0130\u015fverenler Sendikas\u0131 yeni ba\u015fkan\u0131 Metin Arhun oldu - Haber Kuzey","isPartOf":{"@id":"https:\/\/haberkuzey.com\/#website"},"primaryImageOfPage":{"@id":"https:\/\/haberkuzey.com\/index.php\/2025\/05\/26\/kktc-isverenler-sendikasi-yeni-baskani-metin-arhun-oldu\/#primaryimage"},"image":{"@id":"https:\/\/haberkuzey.com\/index.php\/2025\/05\/26\/kktc-isverenler-sendikasi-yeni-baskani-metin-arhun-oldu\/#primaryimage"},"thumbnailUrl":"https:\/\/haberkuzey.com\/wp-content\/uploads\/2025\/05\/1748267634860Isverenler-sendikasi.png","datePublished":"2025-05-26T16:14:05+00:00","author":{"@id":"https:\/\/haberkuzey.com\/#\/schema\/person\/3372109ec735f9333f4fa47ebb9605ca"},"breadcrumb":{"@id":"https:\/\/haberkuzey.com\/index.php\/2025\/05\/26\/kktc-isverenler-sendikasi-yeni-baskani-metin-arhun-oldu\/#breadcrumb"},"inLanguage":"tr","potentialAction":[{"@type":"ReadAction","target":["https:\/\/haberkuzey.com\/index.php\/2025\/05\/26\/kktc-isverenler-sendikasi-yeni-baskani-metin-arhun-oldu\/"]}]},{"@type":"ImageObject","inLanguage":"tr","@id":"https:\/\/haberkuzey.com\/index.php\/2025\/05\/26\/kktc-isverenler-sendikasi-yeni-baskani-metin-arhun-oldu\/#primaryimage","url":"https:\/\/haberkuzey.com\/wp-content\/uploads\/2025\/05\/1748267634860Isverenler-sendikasi.png","contentUrl":"https:\/\/haberkuzey.com\/wp-content\/uploads\/2025\/05\/1748267634860Isverenler-sendikasi.png","width":736,"height":986},{"@type":"BreadcrumbList","@id":"https:\/\/haberkuzey.com\/index.php\/2025\/05\/26\/kktc-isverenler-sendikasi-yeni-baskani-metin-arhun-oldu\/#breadcrumb","itemListElement":[{"@type":"ListItem","position":1,"name":"Anasayfa","item":"https:\/\/haberkuzey.com\/"},{"@type":"ListItem","position":2,"name":"KKTC \u0130\u015fverenler Sendikas\u0131 yeni ba\u015fkan\u0131 Metin Arhun oldu"}]},{"@type":"WebSite","@id":"https:\/\/haberkuzey.com\/#website","url":"https:\/\/haberkuzey.com\/","name":"Haber Kuzey","description":"Do\u011fru Haberin Adresi","potentialAction":[{"@type":"SearchAction","target":{"@type":"EntryPoint","urlTemplate":"https:\/\/haberkuzey.com\/?s={search_term_string}"},"query-input":{"@type":"PropertyValueSpecification","valueRequired":true,"valueName":"search_term_string"}}],"inLanguage":"tr"},{"@type":"Person","@id":"https:\/\/haberkuzey.com\/#\/schema\/person\/3372109ec735f9333f4fa47ebb9605ca","name":"haberkuzey","image":{"@type":"ImageObject","inLanguage":"tr","@id":"https:\/\/secure.gravatar.com\/avatar\/f5fc875574b1575324358c3b9e6a32b8227aa5b74f3fa22e3cadb63e26fcc39c?s=96&d=mm&r=g","url":"https:\/\/secure.gravatar.com\/avatar\/f5fc875574b1575324358c3b9e6a32b8227aa5b74f3fa22e3cadb63e26fcc39c?s=96&d=mm&r=g","contentUrl":"https:\/\/secure.gravatar.com\/avatar\/f5fc875574b1575324358c3b9e6a32b8227aa5b74f3fa22e3cadb63e26fcc39c?s=96&d=mm&r=g","caption":"haberkuzey"},"sameAs":["https:\/\/haberkuzey.com"],"url":"https:\/\/haberkuzey.com\/index.php\/author\/haberkuzey\/"}]}},"_links":{"self":[{"href":"https:\/\/haberkuzey.com\/index.php\/wp-json\/wp\/v2\/posts\/24892","targetHints":{"allow":["GET"]}}],"collection":[{"href":"https:\/\/haberkuzey.com\/index.php\/wp-json\/wp\/v2\/posts"}],"about":[{"href":"https:\/\/haberkuzey.com\/index.php\/wp-json\/wp\/v2\/types\/post"}],"author":[{"embeddable":true,"href":"https:\/\/haberkuzey.com\/index.php\/wp-json\/wp\/v2\/users\/1"}],"replies":[{"embeddable":true,"href":"https:\/\/haberkuzey.com\/index.php\/wp-json\/wp\/v2\/comments?post=24892"}],"version-history":[{"count":0,"href":"https:\/\/haberkuzey.com\/index.php\/wp-json\/wp\/v2\/posts\/24892\/revisions"}],"wp:featuredmedia":[{"embeddable":true,"href":"https:\/\/haberkuzey.com\/index.php\/wp-json\/wp\/v2\/media\/24893"}],"wp:attachment":[{"href":"https:\/\/haberkuzey.com\/index.php\/wp-json\/wp\/v2\/media?parent=24892"}],"wp:term":[{"taxonomy":"category","embeddable":true,"href":"https:\/\/haberkuzey.com\/index.php\/wp-json\/wp\/v2\/categories?post=24892"},{"taxonomy":"post_tag","embeddable":true,"href":"https:\/\/haberkuzey.com\/index.php\/wp-json\/wp\/v2\/tags?post=24892"}],"curies":[{"name":"wp","href":"https:\/\/api.w.org\/{rel}","templated":true}]}}