{"id":24819,"date":"2025-05-25T14:26:34","date_gmt":"2025-05-25T11:26:34","guid":{"rendered":"https:\/\/haberkuzey.com\/index.php\/2025\/05\/25\/cumhuriyet-meclisi-yarin-yasama-gundemiyle-toplanacak\/"},"modified":"2025-05-25T14:26:34","modified_gmt":"2025-05-25T11:26:34","slug":"cumhuriyet-meclisi-yarin-yasama-gundemiyle-toplanacak","status":"publish","type":"post","link":"https:\/\/haberkuzey.com\/index.php\/2025\/05\/25\/cumhuriyet-meclisi-yarin-yasama-gundemiyle-toplanacak\/","title":{"rendered":"Cumhuriyet Meclisi yar\u0131n yasama g\u00fcndemiyle toplanacak"},"content":{"rendered":"<div>\n<div class=\"mariselle-image-container none\">\n                                            <\/div>\n<p>Cumhuriyet Meclisi Genel Kurulu, yar\u0131n yasama g\u00fcndemiyle toplanacak.<\/p>\n<p>Meclis Ba\u015fkan\u0131 Ziya \u00d6zt\u00fcrkler ba\u015fkanl\u0131\u011f\u0131nda saat 10.00\u2019da toplanmas\u0131 beklenen Genel Kurul\u2019da, Gelir Vergisi (De\u011fi\u015fiklik) Yasa Tasar\u0131s\u0131 ile Yabanc\u0131lar\u0131n \u00c7al\u0131\u015fma \u0130zinleri (De\u011fi\u015fiklik) Yasa Tasar\u0131s\u0131 ele al\u0131nacak.<\/p>\n<p>Kurulda ayr\u0131ca, Siyasal Partiler (De\u011fi\u015fiklik) Yasa \u00d6nerisinin \u00fc\u00e7\u00fcnc\u00fc g\u00f6r\u00fc\u015fmesi yap\u0131lacak.<\/p>\n<\/p><\/div>\n<p><script async\n                    defer\n                    crossorigin=\"anonymous\"\n                    src=\"https:\/\/connect.facebook.net\/tr_TR\/sdk.js#xfbml=1&#038;version=v3.3\"\n            ><\/script><\/p>\n","protected":false},"excerpt":{"rendered":"<p>Cumhuriyet Meclisi Genel Kurulu, yar\u0131n yasama g\u00fcndemiyle toplanacak. Meclis Ba\u015fkan\u0131 Ziya \u00d6zt\u00fcrkler ba\u015fkanl\u0131\u011f\u0131nda saat 10.00\u2019da toplanmas\u0131 beklenen Genel Kurul\u2019da, Gelir Vergisi (De\u011fi\u015fiklik) Yasa Tasar\u0131s\u0131 ile Yabanc\u0131lar\u0131n \u00c7al\u0131\u015fma \u0130zinleri (De\u011fi\u015fiklik) Yasa Tasar\u0131s\u0131 ele al\u0131nacak. Kurulda ayr\u0131ca, Siyasal Partiler (De\u011fi\u015fiklik) Yasa \u00d6nerisinin \u00fc\u00e7\u00fcnc\u00fc g\u00f6r\u00fc\u015fmesi yap\u0131lacak.<\/p>\n","protected":false},"author":1,"featured_media":24820,"comment_status":"open","ping_status":"open","sticky":false,"template":"","format":"standard","meta":{"jnews-multi-image_gallery":[],"jnews_single_post":[],"jnews_primary_category":[],"footnotes":""},"categories":[1],"tags":[],"class_list":["post-24819","post","type-post","status-publish","format-standard","has-post-thumbnail","hentry","category-kibris"],"yoast_head":"<!-- This site is optimized with the Yoast SEO plugin v27.5 - https:\/\/yoast.com\/product\/yoast-seo-wordpress\/ -->\n<title>Cumhuriyet Meclisi yar\u0131n yasama g\u00fcndemiyle toplanacak - Haber Kuzey<\/title>\n<meta name=\"robots\" content=\"index, follow, max-snippet:-1, max-image-preview:large, max-video-preview:-1\" \/>\n<link rel=\"canonical\" href=\"https:\/\/haberkuzey.com\/index.php\/2025\/05\/25\/cumhuriyet-meclisi-yarin-yasama-gundemiyle-toplanacak\/\" \/>\n<meta property=\"og:locale\" content=\"tr_TR\" \/>\n<meta property=\"og:type\" content=\"article\" \/>\n<meta property=\"og:title\" content=\"Cumhuriyet Meclisi yar\u0131n yasama g\u00fcndemiyle toplanacak - Haber Kuzey\" \/>\n<meta property=\"og:description\" content=\"Cumhuriyet Meclisi Genel Kurulu, yar\u0131n yasama g\u00fcndemiyle toplanacak. Meclis Ba\u015fkan\u0131 Ziya \u00d6zt\u00fcrkler ba\u015fkanl\u0131\u011f\u0131nda saat 10.00\u2019da toplanmas\u0131 beklenen Genel Kurul\u2019da, Gelir Vergisi (De\u011fi\u015fiklik) Yasa Tasar\u0131s\u0131 ile Yabanc\u0131lar\u0131n \u00c7al\u0131\u015fma \u0130zinleri (De\u011fi\u015fiklik) Yasa Tasar\u0131s\u0131 ele al\u0131nacak. Kurulda ayr\u0131ca, Siyasal Partiler (De\u011fi\u015fiklik) Yasa \u00d6nerisinin \u00fc\u00e7\u00fcnc\u00fc g\u00f6r\u00fc\u015fmesi yap\u0131lacak.\" \/>\n<meta property=\"og:url\" content=\"https:\/\/haberkuzey.com\/index.php\/2025\/05\/25\/cumhuriyet-meclisi-yarin-yasama-gundemiyle-toplanacak\/\" \/>\n<meta property=\"og:site_name\" content=\"Haber Kuzey\" \/>\n<meta property=\"article:published_time\" content=\"2025-05-25T11:26:34+00:00\" \/>\n<meta property=\"og:image\" content=\"https:\/\/brtk.net\/wp-content\/uploads\/2025\/05\/25\/MECLIS-YENI-YERLESKESI-5.jpg?ver=0effcad2ecdf725e0a9ca9275c3af53d\" \/>\n<meta name=\"author\" content=\"haberkuzey\" \/>\n<meta name=\"twitter:card\" content=\"summary_large_image\" \/>\n<meta name=\"twitter:label1\" content=\"Yazan:\" \/>\n\t<meta name=\"twitter:data1\" content=\"haberkuzey\" \/>\n<script type=\"application\/ld+json\" class=\"yoast-schema-graph\">{\"@context\":\"https:\\\/\\\/schema.org\",\"@graph\":[{\"@type\":\"Article\",\"@id\":\"https:\\\/\\\/haberkuzey.com\\\/index.php\\\/2025\\\/05\\\/25\\\/cumhuriyet-meclisi-yarin-yasama-gundemiyle-toplanacak\\\/#article\",\"isPartOf\":{\"@id\":\"https:\\\/\\\/haberkuzey.com\\\/index.php\\\/2025\\\/05\\\/25\\\/cumhuriyet-meclisi-yarin-yasama-gundemiyle-toplanacak\\\/\"},\"author\":{\"name\":\"haberkuzey\",\"@id\":\"https:\\\/\\\/haberkuzey.com\\\/#\\\/schema\\\/person\\\/3372109ec735f9333f4fa47ebb9605ca\"},\"headline\":\"Cumhuriyet Meclisi yar\u0131n yasama g\u00fcndemiyle toplanacak\",\"datePublished\":\"2025-05-25T11:26:34+00:00\",\"mainEntityOfPage\":{\"@id\":\"https:\\\/\\\/haberkuzey.com\\\/index.php\\\/2025\\\/05\\\/25\\\/cumhuriyet-meclisi-yarin-yasama-gundemiyle-toplanacak\\\/\"},\"wordCount\":74,\"commentCount\":0,\"image\":{\"@id\":\"https:\\\/\\\/haberkuzey.com\\\/index.php\\\/2025\\\/05\\\/25\\\/cumhuriyet-meclisi-yarin-yasama-gundemiyle-toplanacak\\\/#primaryimage\"},\"thumbnailUrl\":\"https:\\\/\\\/haberkuzey.com\\\/wp-content\\\/uploads\\\/2025\\\/05\\\/MECLIS-YENI-YERLESKESI-5.jpg\",\"articleSection\":[\"K\u0131br\u0131s\"],\"inLanguage\":\"tr\",\"potentialAction\":[{\"@type\":\"CommentAction\",\"name\":\"Comment\",\"target\":[\"https:\\\/\\\/haberkuzey.com\\\/index.php\\\/2025\\\/05\\\/25\\\/cumhuriyet-meclisi-yarin-yasama-gundemiyle-toplanacak\\\/#respond\"]}]},{\"@type\":\"WebPage\",\"@id\":\"https:\\\/\\\/haberkuzey.com\\\/index.php\\\/2025\\\/05\\\/25\\\/cumhuriyet-meclisi-yarin-yasama-gundemiyle-toplanacak\\\/\",\"url\":\"https:\\\/\\\/haberkuzey.com\\\/index.php\\\/2025\\\/05\\\/25\\\/cumhuriyet-meclisi-yarin-yasama-gundemiyle-toplanacak\\\/\",\"name\":\"Cumhuriyet Meclisi yar\u0131n yasama g\u00fcndemiyle toplanacak - Haber Kuzey\",\"isPartOf\":{\"@id\":\"https:\\\/\\\/haberkuzey.com\\\/#website\"},\"primaryImageOfPage\":{\"@id\":\"https:\\\/\\\/haberkuzey.com\\\/index.php\\\/2025\\\/05\\\/25\\\/cumhuriyet-meclisi-yarin-yasama-gundemiyle-toplanacak\\\/#primaryimage\"},\"image\":{\"@id\":\"https:\\\/\\\/haberkuzey.com\\\/index.php\\\/2025\\\/05\\\/25\\\/cumhuriyet-meclisi-yarin-yasama-gundemiyle-toplanacak\\\/#primaryimage\"},\"thumbnailUrl\":\"https:\\\/\\\/haberkuzey.com\\\/wp-content\\\/uploads\\\/2025\\\/05\\\/MECLIS-YENI-YERLESKESI-5.jpg\",\"datePublished\":\"2025-05-25T11:26:34+00:00\",\"author\":{\"@id\":\"https:\\\/\\\/haberkuzey.com\\\/#\\\/schema\\\/person\\\/3372109ec735f9333f4fa47ebb9605ca\"},\"breadcrumb\":{\"@id\":\"https:\\\/\\\/haberkuzey.com\\\/index.php\\\/2025\\\/05\\\/25\\\/cumhuriyet-meclisi-yarin-yasama-gundemiyle-toplanacak\\\/#breadcrumb\"},\"inLanguage\":\"tr\",\"potentialAction\":[{\"@type\":\"ReadAction\",\"target\":[\"https:\\\/\\\/haberkuzey.com\\\/index.php\\\/2025\\\/05\\\/25\\\/cumhuriyet-meclisi-yarin-yasama-gundemiyle-toplanacak\\\/\"]}]},{\"@type\":\"ImageObject\",\"inLanguage\":\"tr\",\"@id\":\"https:\\\/\\\/haberkuzey.com\\\/index.php\\\/2025\\\/05\\\/25\\\/cumhuriyet-meclisi-yarin-yasama-gundemiyle-toplanacak\\\/#primaryimage\",\"url\":\"https:\\\/\\\/haberkuzey.com\\\/wp-content\\\/uploads\\\/2025\\\/05\\\/MECLIS-YENI-YERLESKESI-5.jpg\",\"contentUrl\":\"https:\\\/\\\/haberkuzey.com\\\/wp-content\\\/uploads\\\/2025\\\/05\\\/MECLIS-YENI-YERLESKESI-5.jpg\",\"width\":2560,\"height\":1489},{\"@type\":\"BreadcrumbList\",\"@id\":\"https:\\\/\\\/haberkuzey.com\\\/index.php\\\/2025\\\/05\\\/25\\\/cumhuriyet-meclisi-yarin-yasama-gundemiyle-toplanacak\\\/#breadcrumb\",\"itemListElement\":[{\"@type\":\"ListItem\",\"position\":1,\"name\":\"Anasayfa\",\"item\":\"https:\\\/\\\/haberkuzey.com\\\/\"},{\"@type\":\"ListItem\",\"position\":2,\"name\":\"Cumhuriyet Meclisi yar\u0131n yasama g\u00fcndemiyle toplanacak\"}]},{\"@type\":\"WebSite\",\"@id\":\"https:\\\/\\\/haberkuzey.com\\\/#website\",\"url\":\"https:\\\/\\\/haberkuzey.com\\\/\",\"name\":\"Haber Kuzey\",\"description\":\"Do\u011fru Haberin Adresi\",\"potentialAction\":[{\"@type\":\"SearchAction\",\"target\":{\"@type\":\"EntryPoint\",\"urlTemplate\":\"https:\\\/\\\/haberkuzey.com\\\/?s={search_term_string}\"},\"query-input\":{\"@type\":\"PropertyValueSpecification\",\"valueRequired\":true,\"valueName\":\"search_term_string\"}}],\"inLanguage\":\"tr\"},{\"@type\":\"Person\",\"@id\":\"https:\\\/\\\/haberkuzey.com\\\/#\\\/schema\\\/person\\\/3372109ec735f9333f4fa47ebb9605ca\",\"name\":\"haberkuzey\",\"image\":{\"@type\":\"ImageObject\",\"inLanguage\":\"tr\",\"@id\":\"https:\\\/\\\/secure.gravatar.com\\\/avatar\\\/f5fc875574b1575324358c3b9e6a32b8227aa5b74f3fa22e3cadb63e26fcc39c?s=96&d=mm&r=g\",\"url\":\"https:\\\/\\\/secure.gravatar.com\\\/avatar\\\/f5fc875574b1575324358c3b9e6a32b8227aa5b74f3fa22e3cadb63e26fcc39c?s=96&d=mm&r=g\",\"contentUrl\":\"https:\\\/\\\/secure.gravatar.com\\\/avatar\\\/f5fc875574b1575324358c3b9e6a32b8227aa5b74f3fa22e3cadb63e26fcc39c?s=96&d=mm&r=g\",\"caption\":\"haberkuzey\"},\"sameAs\":[\"https:\\\/\\\/haberkuzey.com\"],\"url\":\"https:\\\/\\\/haberkuzey.com\\\/index.php\\\/author\\\/haberkuzey\\\/\"}]}<\/script>\n<!-- \/ Yoast SEO plugin. -->","yoast_head_json":{"title":"Cumhuriyet Meclisi yar\u0131n yasama g\u00fcndemiyle toplanacak - Haber Kuzey","robots":{"index":"index","follow":"follow","max-snippet":"max-snippet:-1","max-image-preview":"max-image-preview:large","max-video-preview":"max-video-preview:-1"},"canonical":"https:\/\/haberkuzey.com\/index.php\/2025\/05\/25\/cumhuriyet-meclisi-yarin-yasama-gundemiyle-toplanacak\/","og_locale":"tr_TR","og_type":"article","og_title":"Cumhuriyet Meclisi yar\u0131n yasama g\u00fcndemiyle toplanacak - Haber Kuzey","og_description":"Cumhuriyet Meclisi Genel Kurulu, yar\u0131n yasama g\u00fcndemiyle toplanacak. Meclis Ba\u015fkan\u0131 Ziya \u00d6zt\u00fcrkler ba\u015fkanl\u0131\u011f\u0131nda saat 10.00\u2019da toplanmas\u0131 beklenen Genel Kurul\u2019da, Gelir Vergisi (De\u011fi\u015fiklik) Yasa Tasar\u0131s\u0131 ile Yabanc\u0131lar\u0131n \u00c7al\u0131\u015fma \u0130zinleri (De\u011fi\u015fiklik) Yasa Tasar\u0131s\u0131 ele al\u0131nacak. Kurulda ayr\u0131ca, Siyasal Partiler (De\u011fi\u015fiklik) Yasa \u00d6nerisinin \u00fc\u00e7\u00fcnc\u00fc g\u00f6r\u00fc\u015fmesi yap\u0131lacak.","og_url":"https:\/\/haberkuzey.com\/index.php\/2025\/05\/25\/cumhuriyet-meclisi-yarin-yasama-gundemiyle-toplanacak\/","og_site_name":"Haber Kuzey","article_published_time":"2025-05-25T11:26:34+00:00","og_image":[{"url":"https:\/\/brtk.net\/wp-content\/uploads\/2025\/05\/25\/MECLIS-YENI-YERLESKESI-5.jpg?ver=0effcad2ecdf725e0a9ca9275c3af53d","type":"","width":"","height":""}],"author":"haberkuzey","twitter_card":"summary_large_image","twitter_misc":{"Yazan:":"haberkuzey"},"schema":{"@context":"https:\/\/schema.org","@graph":[{"@type":"Article","@id":"https:\/\/haberkuzey.com\/index.php\/2025\/05\/25\/cumhuriyet-meclisi-yarin-yasama-gundemiyle-toplanacak\/#article","isPartOf":{"@id":"https:\/\/haberkuzey.com\/index.php\/2025\/05\/25\/cumhuriyet-meclisi-yarin-yasama-gundemiyle-toplanacak\/"},"author":{"name":"haberkuzey","@id":"https:\/\/haberkuzey.com\/#\/schema\/person\/3372109ec735f9333f4fa47ebb9605ca"},"headline":"Cumhuriyet Meclisi yar\u0131n yasama g\u00fcndemiyle toplanacak","datePublished":"2025-05-25T11:26:34+00:00","mainEntityOfPage":{"@id":"https:\/\/haberkuzey.com\/index.php\/2025\/05\/25\/cumhuriyet-meclisi-yarin-yasama-gundemiyle-toplanacak\/"},"wordCount":74,"commentCount":0,"image":{"@id":"https:\/\/haberkuzey.com\/index.php\/2025\/05\/25\/cumhuriyet-meclisi-yarin-yasama-gundemiyle-toplanacak\/#primaryimage"},"thumbnailUrl":"https:\/\/haberkuzey.com\/wp-content\/uploads\/2025\/05\/MECLIS-YENI-YERLESKESI-5.jpg","articleSection":["K\u0131br\u0131s"],"inLanguage":"tr","potentialAction":[{"@type":"CommentAction","name":"Comment","target":["https:\/\/haberkuzey.com\/index.php\/2025\/05\/25\/cumhuriyet-meclisi-yarin-yasama-gundemiyle-toplanacak\/#respond"]}]},{"@type":"WebPage","@id":"https:\/\/haberkuzey.com\/index.php\/2025\/05\/25\/cumhuriyet-meclisi-yarin-yasama-gundemiyle-toplanacak\/","url":"https:\/\/haberkuzey.com\/index.php\/2025\/05\/25\/cumhuriyet-meclisi-yarin-yasama-gundemiyle-toplanacak\/","name":"Cumhuriyet Meclisi yar\u0131n yasama g\u00fcndemiyle toplanacak - Haber Kuzey","isPartOf":{"@id":"https:\/\/haberkuzey.com\/#website"},"primaryImageOfPage":{"@id":"https:\/\/haberkuzey.com\/index.php\/2025\/05\/25\/cumhuriyet-meclisi-yarin-yasama-gundemiyle-toplanacak\/#primaryimage"},"image":{"@id":"https:\/\/haberkuzey.com\/index.php\/2025\/05\/25\/cumhuriyet-meclisi-yarin-yasama-gundemiyle-toplanacak\/#primaryimage"},"thumbnailUrl":"https:\/\/haberkuzey.com\/wp-content\/uploads\/2025\/05\/MECLIS-YENI-YERLESKESI-5.jpg","datePublished":"2025-05-25T11:26:34+00:00","author":{"@id":"https:\/\/haberkuzey.com\/#\/schema\/person\/3372109ec735f9333f4fa47ebb9605ca"},"breadcrumb":{"@id":"https:\/\/haberkuzey.com\/index.php\/2025\/05\/25\/cumhuriyet-meclisi-yarin-yasama-gundemiyle-toplanacak\/#breadcrumb"},"inLanguage":"tr","potentialAction":[{"@type":"ReadAction","target":["https:\/\/haberkuzey.com\/index.php\/2025\/05\/25\/cumhuriyet-meclisi-yarin-yasama-gundemiyle-toplanacak\/"]}]},{"@type":"ImageObject","inLanguage":"tr","@id":"https:\/\/haberkuzey.com\/index.php\/2025\/05\/25\/cumhuriyet-meclisi-yarin-yasama-gundemiyle-toplanacak\/#primaryimage","url":"https:\/\/haberkuzey.com\/wp-content\/uploads\/2025\/05\/MECLIS-YENI-YERLESKESI-5.jpg","contentUrl":"https:\/\/haberkuzey.com\/wp-content\/uploads\/2025\/05\/MECLIS-YENI-YERLESKESI-5.jpg","width":2560,"height":1489},{"@type":"BreadcrumbList","@id":"https:\/\/haberkuzey.com\/index.php\/2025\/05\/25\/cumhuriyet-meclisi-yarin-yasama-gundemiyle-toplanacak\/#breadcrumb","itemListElement":[{"@type":"ListItem","position":1,"name":"Anasayfa","item":"https:\/\/haberkuzey.com\/"},{"@type":"ListItem","position":2,"name":"Cumhuriyet Meclisi yar\u0131n yasama g\u00fcndemiyle toplanacak"}]},{"@type":"WebSite","@id":"https:\/\/haberkuzey.com\/#website","url":"https:\/\/haberkuzey.com\/","name":"Haber Kuzey","description":"Do\u011fru Haberin Adresi","potentialAction":[{"@type":"SearchAction","target":{"@type":"EntryPoint","urlTemplate":"https:\/\/haberkuzey.com\/?s={search_term_string}"},"query-input":{"@type":"PropertyValueSpecification","valueRequired":true,"valueName":"search_term_string"}}],"inLanguage":"tr"},{"@type":"Person","@id":"https:\/\/haberkuzey.com\/#\/schema\/person\/3372109ec735f9333f4fa47ebb9605ca","name":"haberkuzey","image":{"@type":"ImageObject","inLanguage":"tr","@id":"https:\/\/secure.gravatar.com\/avatar\/f5fc875574b1575324358c3b9e6a32b8227aa5b74f3fa22e3cadb63e26fcc39c?s=96&d=mm&r=g","url":"https:\/\/secure.gravatar.com\/avatar\/f5fc875574b1575324358c3b9e6a32b8227aa5b74f3fa22e3cadb63e26fcc39c?s=96&d=mm&r=g","contentUrl":"https:\/\/secure.gravatar.com\/avatar\/f5fc875574b1575324358c3b9e6a32b8227aa5b74f3fa22e3cadb63e26fcc39c?s=96&d=mm&r=g","caption":"haberkuzey"},"sameAs":["https:\/\/haberkuzey.com"],"url":"https:\/\/haberkuzey.com\/index.php\/author\/haberkuzey\/"}]}},"_links":{"self":[{"href":"https:\/\/haberkuzey.com\/index.php\/wp-json\/wp\/v2\/posts\/24819","targetHints":{"allow":["GET"]}}],"collection":[{"href":"https:\/\/haberkuzey.com\/index.php\/wp-json\/wp\/v2\/posts"}],"about":[{"href":"https:\/\/haberkuzey.com\/index.php\/wp-json\/wp\/v2\/types\/post"}],"author":[{"embeddable":true,"href":"https:\/\/haberkuzey.com\/index.php\/wp-json\/wp\/v2\/users\/1"}],"replies":[{"embeddable":true,"href":"https:\/\/haberkuzey.com\/index.php\/wp-json\/wp\/v2\/comments?post=24819"}],"version-history":[{"count":0,"href":"https:\/\/haberkuzey.com\/index.php\/wp-json\/wp\/v2\/posts\/24819\/revisions"}],"wp:featuredmedia":[{"embeddable":true,"href":"https:\/\/haberkuzey.com\/index.php\/wp-json\/wp\/v2\/media\/24820"}],"wp:attachment":[{"href":"https:\/\/haberkuzey.com\/index.php\/wp-json\/wp\/v2\/media?parent=24819"}],"wp:term":[{"taxonomy":"category","embeddable":true,"href":"https:\/\/haberkuzey.com\/index.php\/wp-json\/wp\/v2\/categories?post=24819"},{"taxonomy":"post_tag","embeddable":true,"href":"https:\/\/haberkuzey.com\/index.php\/wp-json\/wp\/v2\/tags?post=24819"}],"curies":[{"name":"wp","href":"https:\/\/api.w.org\/{rel}","templated":true}]}}