{"id":24756,"date":"2025-05-24T12:04:23","date_gmt":"2025-05-24T09:04:23","guid":{"rendered":"https:\/\/haberkuzey.com\/index.php\/2025\/05\/24\/ozturkler-gaziantepte-ab-gunu-etkinligine-katildi\/"},"modified":"2025-05-24T12:04:23","modified_gmt":"2025-05-24T09:04:23","slug":"ozturkler-gaziantepte-ab-gunu-etkinligine-katildi","status":"publish","type":"post","link":"https:\/\/haberkuzey.com\/index.php\/2025\/05\/24\/ozturkler-gaziantepte-ab-gunu-etkinligine-katildi\/","title":{"rendered":"\u00d6zt\u00fcrkler, Gaziantep\u2019te AB G\u00fcn\u00fc etkinli\u011fine kat\u0131ld\u0131"},"content":{"rendered":"<div>\n<div class=\"mariselle-image-container center\">\n                                            <\/div>\n<p>Gaziantep\u2019te temaslarda bulunan  Cumhuriyet Meclisi Ba\u015fkan\u0131 Ziya \u00d6zt\u00fcrkler, AB T\u00fcrkiye Delegasyonu Ba\u015fkan\u0131 B\u00fcy\u00fckel\u00e7i Thomas Hans Ossowski ve Gaziantep B\u00fcy\u00fck\u015fehir Belediye Ba\u015fkan\u0131 Fatma \u015eahin\u2019in davetlisi olarak Avrupa Birli\u011fi (AB) G\u00fcn\u00fc etkinli\u011fine kat\u0131ld\u0131.<\/p>\n<p>Cumhuriyet Meclisi\u2019nden yap\u0131lan a\u00e7\u0131klamaya g\u00f6re, Zeugma Mozaik M\u00fcsesi\u2019nde yer alan etkinlikte \u00d6zt\u00fcrkler\u2019e Meclis Genel Sekreteri Seral F\u0131rat ile KKTC Gaziantep Ba\u015fkonsolosu Kerem \u0130zmen e\u015flik etti.<\/p>\n<p>T\u00fcrkiye\u2019nin G\u00fcneydo\u011fu Anadolu B\u00f6lgesinde konferanslar veren ve temaslarda bulunan Cumhuriyet Meclisi Ba\u015fkan\u0131 Ziya \u00d6zt\u00fcrkler, bu sabah KKTC\u2019ne d\u00f6nd\u00fc.<\/p>\n<\/p><\/div>\n<p><script async\n                    defer\n                    crossorigin=\"anonymous\"\n                    src=\"https:\/\/connect.facebook.net\/tr_TR\/sdk.js#xfbml=1&#038;version=v3.3\"\n            ><\/script><\/p>\n","protected":false},"excerpt":{"rendered":"<p>Gaziantep\u2019te temaslarda bulunan Cumhuriyet Meclisi Ba\u015fkan\u0131 Ziya \u00d6zt\u00fcrkler, AB T\u00fcrkiye Delegasyonu Ba\u015fkan\u0131 B\u00fcy\u00fckel\u00e7i Thomas Hans Ossowski ve Gaziantep B\u00fcy\u00fck\u015fehir Belediye Ba\u015fkan\u0131 Fatma \u015eahin\u2019in davetlisi olarak Avrupa Birli\u011fi (AB) G\u00fcn\u00fc etkinli\u011fine kat\u0131ld\u0131. Cumhuriyet Meclisi\u2019nden yap\u0131lan a\u00e7\u0131klamaya g\u00f6re, Zeugma Mozaik M\u00fcsesi\u2019nde yer alan etkinlikte \u00d6zt\u00fcrkler\u2019e Meclis Genel Sekreteri Seral F\u0131rat ile KKTC Gaziantep Ba\u015fkonsolosu Kerem \u0130zmen e\u015flik [&hellip;]<\/p>\n","protected":false},"author":1,"featured_media":24757,"comment_status":"open","ping_status":"open","sticky":false,"template":"","format":"standard","meta":{"jnews-multi-image_gallery":[],"jnews_single_post":[],"jnews_primary_category":[],"footnotes":""},"categories":[1],"tags":[],"class_list":["post-24756","post","type-post","status-publish","format-standard","has-post-thumbnail","hentry","category-kibris"],"yoast_head":"<!-- This site is optimized with the Yoast SEO plugin v27.5 - https:\/\/yoast.com\/product\/yoast-seo-wordpress\/ -->\n<title>\u00d6zt\u00fcrkler, Gaziantep\u2019te AB G\u00fcn\u00fc etkinli\u011fine kat\u0131ld\u0131 - Haber Kuzey<\/title>\n<meta name=\"robots\" content=\"index, follow, max-snippet:-1, max-image-preview:large, max-video-preview:-1\" \/>\n<link rel=\"canonical\" href=\"https:\/\/haberkuzey.com\/index.php\/2025\/05\/24\/ozturkler-gaziantepte-ab-gunu-etkinligine-katildi\/\" \/>\n<meta property=\"og:locale\" content=\"tr_TR\" \/>\n<meta property=\"og:type\" content=\"article\" \/>\n<meta property=\"og:title\" content=\"\u00d6zt\u00fcrkler, Gaziantep\u2019te AB G\u00fcn\u00fc etkinli\u011fine kat\u0131ld\u0131 - Haber Kuzey\" \/>\n<meta property=\"og:description\" content=\"Gaziantep\u2019te temaslarda bulunan Cumhuriyet Meclisi Ba\u015fkan\u0131 Ziya \u00d6zt\u00fcrkler, AB T\u00fcrkiye Delegasyonu Ba\u015fkan\u0131 B\u00fcy\u00fckel\u00e7i Thomas Hans Ossowski ve Gaziantep B\u00fcy\u00fck\u015fehir Belediye Ba\u015fkan\u0131 Fatma \u015eahin\u2019in davetlisi olarak Avrupa Birli\u011fi (AB) G\u00fcn\u00fc etkinli\u011fine kat\u0131ld\u0131. Cumhuriyet Meclisi\u2019nden yap\u0131lan a\u00e7\u0131klamaya g\u00f6re, Zeugma Mozaik M\u00fcsesi\u2019nde yer alan etkinlikte \u00d6zt\u00fcrkler\u2019e Meclis Genel Sekreteri Seral F\u0131rat ile KKTC Gaziantep Ba\u015fkonsolosu Kerem \u0130zmen e\u015flik [&hellip;]\" \/>\n<meta property=\"og:url\" content=\"https:\/\/haberkuzey.com\/index.php\/2025\/05\/24\/ozturkler-gaziantepte-ab-gunu-etkinligine-katildi\/\" \/>\n<meta property=\"og:site_name\" content=\"Haber Kuzey\" \/>\n<meta property=\"article:published_time\" content=\"2025-05-24T09:04:23+00:00\" \/>\n<meta property=\"og:image\" content=\"https:\/\/brtk.net\/wp-content\/uploads\/2025\/05\/24\/1748073570186Ozturkler-2.jpg?ver=398e9a3b6e38b57e900736462f63b26a\" \/>\n<meta name=\"author\" content=\"haberkuzey\" \/>\n<meta name=\"twitter:card\" content=\"summary_large_image\" \/>\n<meta name=\"twitter:label1\" content=\"Yazan:\" \/>\n\t<meta name=\"twitter:data1\" content=\"haberkuzey\" \/>\n\t<meta name=\"twitter:label2\" content=\"Tahmini okuma s\u00fcresi\" \/>\n\t<meta name=\"twitter:data2\" content=\"1 dakika\" \/>\n<script type=\"application\/ld+json\" class=\"yoast-schema-graph\">{\"@context\":\"https:\\\/\\\/schema.org\",\"@graph\":[{\"@type\":\"Article\",\"@id\":\"https:\\\/\\\/haberkuzey.com\\\/index.php\\\/2025\\\/05\\\/24\\\/ozturkler-gaziantepte-ab-gunu-etkinligine-katildi\\\/#article\",\"isPartOf\":{\"@id\":\"https:\\\/\\\/haberkuzey.com\\\/index.php\\\/2025\\\/05\\\/24\\\/ozturkler-gaziantepte-ab-gunu-etkinligine-katildi\\\/\"},\"author\":{\"name\":\"haberkuzey\",\"@id\":\"https:\\\/\\\/haberkuzey.com\\\/#\\\/schema\\\/person\\\/3372109ec735f9333f4fa47ebb9605ca\"},\"headline\":\"\u00d6zt\u00fcrkler, Gaziantep\u2019te AB G\u00fcn\u00fc etkinli\u011fine kat\u0131ld\u0131\",\"datePublished\":\"2025-05-24T09:04:23+00:00\",\"mainEntityOfPage\":{\"@id\":\"https:\\\/\\\/haberkuzey.com\\\/index.php\\\/2025\\\/05\\\/24\\\/ozturkler-gaziantepte-ab-gunu-etkinligine-katildi\\\/\"},\"wordCount\":122,\"commentCount\":0,\"image\":{\"@id\":\"https:\\\/\\\/haberkuzey.com\\\/index.php\\\/2025\\\/05\\\/24\\\/ozturkler-gaziantepte-ab-gunu-etkinligine-katildi\\\/#primaryimage\"},\"thumbnailUrl\":\"https:\\\/\\\/haberkuzey.com\\\/wp-content\\\/uploads\\\/2025\\\/05\\\/1748073570186Ozturkler-2.jpg\",\"articleSection\":[\"K\u0131br\u0131s\"],\"inLanguage\":\"tr\",\"potentialAction\":[{\"@type\":\"CommentAction\",\"name\":\"Comment\",\"target\":[\"https:\\\/\\\/haberkuzey.com\\\/index.php\\\/2025\\\/05\\\/24\\\/ozturkler-gaziantepte-ab-gunu-etkinligine-katildi\\\/#respond\"]}]},{\"@type\":\"WebPage\",\"@id\":\"https:\\\/\\\/haberkuzey.com\\\/index.php\\\/2025\\\/05\\\/24\\\/ozturkler-gaziantepte-ab-gunu-etkinligine-katildi\\\/\",\"url\":\"https:\\\/\\\/haberkuzey.com\\\/index.php\\\/2025\\\/05\\\/24\\\/ozturkler-gaziantepte-ab-gunu-etkinligine-katildi\\\/\",\"name\":\"\u00d6zt\u00fcrkler, Gaziantep\u2019te AB G\u00fcn\u00fc etkinli\u011fine kat\u0131ld\u0131 - Haber Kuzey\",\"isPartOf\":{\"@id\":\"https:\\\/\\\/haberkuzey.com\\\/#website\"},\"primaryImageOfPage\":{\"@id\":\"https:\\\/\\\/haberkuzey.com\\\/index.php\\\/2025\\\/05\\\/24\\\/ozturkler-gaziantepte-ab-gunu-etkinligine-katildi\\\/#primaryimage\"},\"image\":{\"@id\":\"https:\\\/\\\/haberkuzey.com\\\/index.php\\\/2025\\\/05\\\/24\\\/ozturkler-gaziantepte-ab-gunu-etkinligine-katildi\\\/#primaryimage\"},\"thumbnailUrl\":\"https:\\\/\\\/haberkuzey.com\\\/wp-content\\\/uploads\\\/2025\\\/05\\\/1748073570186Ozturkler-2.jpg\",\"datePublished\":\"2025-05-24T09:04:23+00:00\",\"author\":{\"@id\":\"https:\\\/\\\/haberkuzey.com\\\/#\\\/schema\\\/person\\\/3372109ec735f9333f4fa47ebb9605ca\"},\"breadcrumb\":{\"@id\":\"https:\\\/\\\/haberkuzey.com\\\/index.php\\\/2025\\\/05\\\/24\\\/ozturkler-gaziantepte-ab-gunu-etkinligine-katildi\\\/#breadcrumb\"},\"inLanguage\":\"tr\",\"potentialAction\":[{\"@type\":\"ReadAction\",\"target\":[\"https:\\\/\\\/haberkuzey.com\\\/index.php\\\/2025\\\/05\\\/24\\\/ozturkler-gaziantepte-ab-gunu-etkinligine-katildi\\\/\"]}]},{\"@type\":\"ImageObject\",\"inLanguage\":\"tr\",\"@id\":\"https:\\\/\\\/haberkuzey.com\\\/index.php\\\/2025\\\/05\\\/24\\\/ozturkler-gaziantepte-ab-gunu-etkinligine-katildi\\\/#primaryimage\",\"url\":\"https:\\\/\\\/haberkuzey.com\\\/wp-content\\\/uploads\\\/2025\\\/05\\\/1748073570186Ozturkler-2.jpg\",\"contentUrl\":\"https:\\\/\\\/haberkuzey.com\\\/wp-content\\\/uploads\\\/2025\\\/05\\\/1748073570186Ozturkler-2.jpg\",\"width\":1800,\"height\":1200},{\"@type\":\"BreadcrumbList\",\"@id\":\"https:\\\/\\\/haberkuzey.com\\\/index.php\\\/2025\\\/05\\\/24\\\/ozturkler-gaziantepte-ab-gunu-etkinligine-katildi\\\/#breadcrumb\",\"itemListElement\":[{\"@type\":\"ListItem\",\"position\":1,\"name\":\"Anasayfa\",\"item\":\"https:\\\/\\\/haberkuzey.com\\\/\"},{\"@type\":\"ListItem\",\"position\":2,\"name\":\"\u00d6zt\u00fcrkler, Gaziantep\u2019te AB G\u00fcn\u00fc etkinli\u011fine kat\u0131ld\u0131\"}]},{\"@type\":\"WebSite\",\"@id\":\"https:\\\/\\\/haberkuzey.com\\\/#website\",\"url\":\"https:\\\/\\\/haberkuzey.com\\\/\",\"name\":\"Haber Kuzey\",\"description\":\"Do\u011fru Haberin Adresi\",\"potentialAction\":[{\"@type\":\"SearchAction\",\"target\":{\"@type\":\"EntryPoint\",\"urlTemplate\":\"https:\\\/\\\/haberkuzey.com\\\/?s={search_term_string}\"},\"query-input\":{\"@type\":\"PropertyValueSpecification\",\"valueRequired\":true,\"valueName\":\"search_term_string\"}}],\"inLanguage\":\"tr\"},{\"@type\":\"Person\",\"@id\":\"https:\\\/\\\/haberkuzey.com\\\/#\\\/schema\\\/person\\\/3372109ec735f9333f4fa47ebb9605ca\",\"name\":\"haberkuzey\",\"image\":{\"@type\":\"ImageObject\",\"inLanguage\":\"tr\",\"@id\":\"https:\\\/\\\/secure.gravatar.com\\\/avatar\\\/f5fc875574b1575324358c3b9e6a32b8227aa5b74f3fa22e3cadb63e26fcc39c?s=96&d=mm&r=g\",\"url\":\"https:\\\/\\\/secure.gravatar.com\\\/avatar\\\/f5fc875574b1575324358c3b9e6a32b8227aa5b74f3fa22e3cadb63e26fcc39c?s=96&d=mm&r=g\",\"contentUrl\":\"https:\\\/\\\/secure.gravatar.com\\\/avatar\\\/f5fc875574b1575324358c3b9e6a32b8227aa5b74f3fa22e3cadb63e26fcc39c?s=96&d=mm&r=g\",\"caption\":\"haberkuzey\"},\"sameAs\":[\"https:\\\/\\\/haberkuzey.com\"],\"url\":\"https:\\\/\\\/haberkuzey.com\\\/index.php\\\/author\\\/haberkuzey\\\/\"}]}<\/script>\n<!-- \/ Yoast SEO plugin. -->","yoast_head_json":{"title":"\u00d6zt\u00fcrkler, Gaziantep\u2019te AB G\u00fcn\u00fc etkinli\u011fine kat\u0131ld\u0131 - Haber Kuzey","robots":{"index":"index","follow":"follow","max-snippet":"max-snippet:-1","max-image-preview":"max-image-preview:large","max-video-preview":"max-video-preview:-1"},"canonical":"https:\/\/haberkuzey.com\/index.php\/2025\/05\/24\/ozturkler-gaziantepte-ab-gunu-etkinligine-katildi\/","og_locale":"tr_TR","og_type":"article","og_title":"\u00d6zt\u00fcrkler, Gaziantep\u2019te AB G\u00fcn\u00fc etkinli\u011fine kat\u0131ld\u0131 - Haber Kuzey","og_description":"Gaziantep\u2019te temaslarda bulunan Cumhuriyet Meclisi Ba\u015fkan\u0131 Ziya \u00d6zt\u00fcrkler, AB T\u00fcrkiye Delegasyonu Ba\u015fkan\u0131 B\u00fcy\u00fckel\u00e7i Thomas Hans Ossowski ve Gaziantep B\u00fcy\u00fck\u015fehir Belediye Ba\u015fkan\u0131 Fatma \u015eahin\u2019in davetlisi olarak Avrupa Birli\u011fi (AB) G\u00fcn\u00fc etkinli\u011fine kat\u0131ld\u0131. Cumhuriyet Meclisi\u2019nden yap\u0131lan a\u00e7\u0131klamaya g\u00f6re, Zeugma Mozaik M\u00fcsesi\u2019nde yer alan etkinlikte \u00d6zt\u00fcrkler\u2019e Meclis Genel Sekreteri Seral F\u0131rat ile KKTC Gaziantep Ba\u015fkonsolosu Kerem \u0130zmen e\u015flik [&hellip;]","og_url":"https:\/\/haberkuzey.com\/index.php\/2025\/05\/24\/ozturkler-gaziantepte-ab-gunu-etkinligine-katildi\/","og_site_name":"Haber Kuzey","article_published_time":"2025-05-24T09:04:23+00:00","og_image":[{"url":"https:\/\/brtk.net\/wp-content\/uploads\/2025\/05\/24\/1748073570186Ozturkler-2.jpg?ver=398e9a3b6e38b57e900736462f63b26a","type":"","width":"","height":""}],"author":"haberkuzey","twitter_card":"summary_large_image","twitter_misc":{"Yazan:":"haberkuzey","Tahmini okuma s\u00fcresi":"1 dakika"},"schema":{"@context":"https:\/\/schema.org","@graph":[{"@type":"Article","@id":"https:\/\/haberkuzey.com\/index.php\/2025\/05\/24\/ozturkler-gaziantepte-ab-gunu-etkinligine-katildi\/#article","isPartOf":{"@id":"https:\/\/haberkuzey.com\/index.php\/2025\/05\/24\/ozturkler-gaziantepte-ab-gunu-etkinligine-katildi\/"},"author":{"name":"haberkuzey","@id":"https:\/\/haberkuzey.com\/#\/schema\/person\/3372109ec735f9333f4fa47ebb9605ca"},"headline":"\u00d6zt\u00fcrkler, Gaziantep\u2019te AB G\u00fcn\u00fc etkinli\u011fine kat\u0131ld\u0131","datePublished":"2025-05-24T09:04:23+00:00","mainEntityOfPage":{"@id":"https:\/\/haberkuzey.com\/index.php\/2025\/05\/24\/ozturkler-gaziantepte-ab-gunu-etkinligine-katildi\/"},"wordCount":122,"commentCount":0,"image":{"@id":"https:\/\/haberkuzey.com\/index.php\/2025\/05\/24\/ozturkler-gaziantepte-ab-gunu-etkinligine-katildi\/#primaryimage"},"thumbnailUrl":"https:\/\/haberkuzey.com\/wp-content\/uploads\/2025\/05\/1748073570186Ozturkler-2.jpg","articleSection":["K\u0131br\u0131s"],"inLanguage":"tr","potentialAction":[{"@type":"CommentAction","name":"Comment","target":["https:\/\/haberkuzey.com\/index.php\/2025\/05\/24\/ozturkler-gaziantepte-ab-gunu-etkinligine-katildi\/#respond"]}]},{"@type":"WebPage","@id":"https:\/\/haberkuzey.com\/index.php\/2025\/05\/24\/ozturkler-gaziantepte-ab-gunu-etkinligine-katildi\/","url":"https:\/\/haberkuzey.com\/index.php\/2025\/05\/24\/ozturkler-gaziantepte-ab-gunu-etkinligine-katildi\/","name":"\u00d6zt\u00fcrkler, Gaziantep\u2019te AB G\u00fcn\u00fc etkinli\u011fine kat\u0131ld\u0131 - Haber Kuzey","isPartOf":{"@id":"https:\/\/haberkuzey.com\/#website"},"primaryImageOfPage":{"@id":"https:\/\/haberkuzey.com\/index.php\/2025\/05\/24\/ozturkler-gaziantepte-ab-gunu-etkinligine-katildi\/#primaryimage"},"image":{"@id":"https:\/\/haberkuzey.com\/index.php\/2025\/05\/24\/ozturkler-gaziantepte-ab-gunu-etkinligine-katildi\/#primaryimage"},"thumbnailUrl":"https:\/\/haberkuzey.com\/wp-content\/uploads\/2025\/05\/1748073570186Ozturkler-2.jpg","datePublished":"2025-05-24T09:04:23+00:00","author":{"@id":"https:\/\/haberkuzey.com\/#\/schema\/person\/3372109ec735f9333f4fa47ebb9605ca"},"breadcrumb":{"@id":"https:\/\/haberkuzey.com\/index.php\/2025\/05\/24\/ozturkler-gaziantepte-ab-gunu-etkinligine-katildi\/#breadcrumb"},"inLanguage":"tr","potentialAction":[{"@type":"ReadAction","target":["https:\/\/haberkuzey.com\/index.php\/2025\/05\/24\/ozturkler-gaziantepte-ab-gunu-etkinligine-katildi\/"]}]},{"@type":"ImageObject","inLanguage":"tr","@id":"https:\/\/haberkuzey.com\/index.php\/2025\/05\/24\/ozturkler-gaziantepte-ab-gunu-etkinligine-katildi\/#primaryimage","url":"https:\/\/haberkuzey.com\/wp-content\/uploads\/2025\/05\/1748073570186Ozturkler-2.jpg","contentUrl":"https:\/\/haberkuzey.com\/wp-content\/uploads\/2025\/05\/1748073570186Ozturkler-2.jpg","width":1800,"height":1200},{"@type":"BreadcrumbList","@id":"https:\/\/haberkuzey.com\/index.php\/2025\/05\/24\/ozturkler-gaziantepte-ab-gunu-etkinligine-katildi\/#breadcrumb","itemListElement":[{"@type":"ListItem","position":1,"name":"Anasayfa","item":"https:\/\/haberkuzey.com\/"},{"@type":"ListItem","position":2,"name":"\u00d6zt\u00fcrkler, Gaziantep\u2019te AB G\u00fcn\u00fc etkinli\u011fine kat\u0131ld\u0131"}]},{"@type":"WebSite","@id":"https:\/\/haberkuzey.com\/#website","url":"https:\/\/haberkuzey.com\/","name":"Haber Kuzey","description":"Do\u011fru Haberin Adresi","potentialAction":[{"@type":"SearchAction","target":{"@type":"EntryPoint","urlTemplate":"https:\/\/haberkuzey.com\/?s={search_term_string}"},"query-input":{"@type":"PropertyValueSpecification","valueRequired":true,"valueName":"search_term_string"}}],"inLanguage":"tr"},{"@type":"Person","@id":"https:\/\/haberkuzey.com\/#\/schema\/person\/3372109ec735f9333f4fa47ebb9605ca","name":"haberkuzey","image":{"@type":"ImageObject","inLanguage":"tr","@id":"https:\/\/secure.gravatar.com\/avatar\/f5fc875574b1575324358c3b9e6a32b8227aa5b74f3fa22e3cadb63e26fcc39c?s=96&d=mm&r=g","url":"https:\/\/secure.gravatar.com\/avatar\/f5fc875574b1575324358c3b9e6a32b8227aa5b74f3fa22e3cadb63e26fcc39c?s=96&d=mm&r=g","contentUrl":"https:\/\/secure.gravatar.com\/avatar\/f5fc875574b1575324358c3b9e6a32b8227aa5b74f3fa22e3cadb63e26fcc39c?s=96&d=mm&r=g","caption":"haberkuzey"},"sameAs":["https:\/\/haberkuzey.com"],"url":"https:\/\/haberkuzey.com\/index.php\/author\/haberkuzey\/"}]}},"_links":{"self":[{"href":"https:\/\/haberkuzey.com\/index.php\/wp-json\/wp\/v2\/posts\/24756","targetHints":{"allow":["GET"]}}],"collection":[{"href":"https:\/\/haberkuzey.com\/index.php\/wp-json\/wp\/v2\/posts"}],"about":[{"href":"https:\/\/haberkuzey.com\/index.php\/wp-json\/wp\/v2\/types\/post"}],"author":[{"embeddable":true,"href":"https:\/\/haberkuzey.com\/index.php\/wp-json\/wp\/v2\/users\/1"}],"replies":[{"embeddable":true,"href":"https:\/\/haberkuzey.com\/index.php\/wp-json\/wp\/v2\/comments?post=24756"}],"version-history":[{"count":0,"href":"https:\/\/haberkuzey.com\/index.php\/wp-json\/wp\/v2\/posts\/24756\/revisions"}],"wp:featuredmedia":[{"embeddable":true,"href":"https:\/\/haberkuzey.com\/index.php\/wp-json\/wp\/v2\/media\/24757"}],"wp:attachment":[{"href":"https:\/\/haberkuzey.com\/index.php\/wp-json\/wp\/v2\/media?parent=24756"}],"wp:term":[{"taxonomy":"category","embeddable":true,"href":"https:\/\/haberkuzey.com\/index.php\/wp-json\/wp\/v2\/categories?post=24756"},{"taxonomy":"post_tag","embeddable":true,"href":"https:\/\/haberkuzey.com\/index.php\/wp-json\/wp\/v2\/tags?post=24756"}],"curies":[{"name":"wp","href":"https:\/\/api.w.org\/{rel}","templated":true}]}}