{"id":23471,"date":"2025-05-05T16:04:24","date_gmt":"2025-05-05T13:04:24","guid":{"rendered":"https:\/\/haberkuzey.com\/index.php\/2025\/05\/05\/odtu-kuzey-kibris-kampusu-turkiyenin-ilk-astronotlarini-agirladi\/"},"modified":"2025-05-05T16:04:24","modified_gmt":"2025-05-05T13:04:24","slug":"odtu-kuzey-kibris-kampusu-turkiyenin-ilk-astronotlarini-agirladi","status":"publish","type":"post","link":"https:\/\/haberkuzey.com\/index.php\/2025\/05\/05\/odtu-kuzey-kibris-kampusu-turkiyenin-ilk-astronotlarini-agirladi\/","title":{"rendered":"ODT\u00dc Kuzey K\u0131br\u0131s Kamp\u00fcs\u00fc, T\u00fcrkiye\u2019nin ilk astronotlar\u0131n\u0131 a\u011f\u0131rlad\u0131"},"content":{"rendered":"<div>\n<div class=\"mariselle-image-container center\">\n                                            <\/div>\n<p>ODT\u00dc Kuzey K\u0131br\u0131s Kamp\u00fcs\u00fc\u2019nde d\u00fczenlenen \u201cG\u00f6ky\u00fcz\u00fc Art\u0131k S\u0131n\u0131r De\u011fil\u201d ba\u015fl\u0131kl\u0131 etkinlikte \u201cUfkun \u00d6tesinde\u201d belgeselinin \u00f6zel g\u00f6sterimi ve T\u00fcrkiye\u2019nin ilk astronotlar\u0131yla s\u00f6yle\u015fi ger\u00e7ekle\u015ftirildi.<\/p>\n<p>Orta Do\u011fu Teknik \u00dcniversitesi (ODT\u00dc) Kuzey K\u0131br\u0131s Kamp\u00fcs\u00fc\u2019nden verilen bilgiye g\u00f6re, etkinlik, \u00f6nceki ak\u015fam KKM Rauf R. Denkta\u015f Salonu\u2019nda yer ald\u0131. Program\u0131n a\u00e7\u0131l\u0131\u015f\u0131nda, belgeselin y\u00f6netmeni Burcu Camc\u0131o\u011flu, T\u00fcrkiye\u2019nin ilk astronotlar\u0131 Alper Gezeravc\u0131 ve Cihangir Atasever izleyicilerle bulu\u015ftu.<\/p>\n<p>Yakla\u015f\u0131k bir saat s\u00fcren s\u00f6yle\u015fide, astronotlar e\u011fitim s\u00fcre\u00e7lerini, g\u00f6rev deneyimlerini, uzay yolculuklar\u0131n\u0131n teknik ve psikolojik zorluklar\u0131n\u0131 ve ki\u015fisel hikayelerini payla\u015ft\u0131. S\u00f6yle\u015finin ard\u0131ndan \u201cUfkun \u00d6tesinde\u201d belgeselinin \u00f6zel g\u00f6sterimi yap\u0131ld\u0131.<\/p>\n<\/p><\/div>\n<p><script async\n                    defer\n                    crossorigin=\"anonymous\"\n                    src=\"https:\/\/connect.facebook.net\/tr_TR\/sdk.js#xfbml=1&#038;version=v3.3\"\n            ><\/script><\/p>\n","protected":false},"excerpt":{"rendered":"<p>ODT\u00dc Kuzey K\u0131br\u0131s Kamp\u00fcs\u00fc\u2019nde d\u00fczenlenen \u201cG\u00f6ky\u00fcz\u00fc Art\u0131k S\u0131n\u0131r De\u011fil\u201d ba\u015fl\u0131kl\u0131 etkinlikte \u201cUfkun \u00d6tesinde\u201d belgeselinin \u00f6zel g\u00f6sterimi ve T\u00fcrkiye\u2019nin ilk astronotlar\u0131yla s\u00f6yle\u015fi ger\u00e7ekle\u015ftirildi. Orta Do\u011fu Teknik \u00dcniversitesi (ODT\u00dc) Kuzey K\u0131br\u0131s Kamp\u00fcs\u00fc\u2019nden verilen bilgiye g\u00f6re, etkinlik, \u00f6nceki ak\u015fam KKM Rauf R. Denkta\u015f Salonu\u2019nda yer ald\u0131. Program\u0131n a\u00e7\u0131l\u0131\u015f\u0131nda, belgeselin y\u00f6netmeni Burcu Camc\u0131o\u011flu, T\u00fcrkiye\u2019nin ilk astronotlar\u0131 Alper Gezeravc\u0131 ve [&hellip;]<\/p>\n","protected":false},"author":1,"featured_media":23472,"comment_status":"open","ping_status":"open","sticky":false,"template":"","format":"standard","meta":{"jnews-multi-image_gallery":[],"jnews_single_post":[],"jnews_primary_category":[],"footnotes":""},"categories":[1],"tags":[],"class_list":["post-23471","post","type-post","status-publish","format-standard","has-post-thumbnail","hentry","category-kibris"],"yoast_head":"<!-- This site is optimized with the Yoast SEO plugin v27.5 - https:\/\/yoast.com\/product\/yoast-seo-wordpress\/ -->\n<title>ODT\u00dc Kuzey K\u0131br\u0131s Kamp\u00fcs\u00fc, T\u00fcrkiye\u2019nin ilk astronotlar\u0131n\u0131 a\u011f\u0131rlad\u0131 - Haber Kuzey<\/title>\n<meta name=\"robots\" content=\"index, follow, max-snippet:-1, max-image-preview:large, max-video-preview:-1\" \/>\n<link rel=\"canonical\" href=\"https:\/\/haberkuzey.com\/index.php\/2025\/05\/05\/odtu-kuzey-kibris-kampusu-turkiyenin-ilk-astronotlarini-agirladi\/\" \/>\n<meta property=\"og:locale\" content=\"tr_TR\" \/>\n<meta property=\"og:type\" content=\"article\" \/>\n<meta property=\"og:title\" content=\"ODT\u00dc Kuzey K\u0131br\u0131s Kamp\u00fcs\u00fc, T\u00fcrkiye\u2019nin ilk astronotlar\u0131n\u0131 a\u011f\u0131rlad\u0131 - Haber Kuzey\" \/>\n<meta property=\"og:description\" content=\"ODT\u00dc Kuzey K\u0131br\u0131s Kamp\u00fcs\u00fc\u2019nde d\u00fczenlenen \u201cG\u00f6ky\u00fcz\u00fc Art\u0131k S\u0131n\u0131r De\u011fil\u201d ba\u015fl\u0131kl\u0131 etkinlikte \u201cUfkun \u00d6tesinde\u201d belgeselinin \u00f6zel g\u00f6sterimi ve T\u00fcrkiye\u2019nin ilk astronotlar\u0131yla s\u00f6yle\u015fi ger\u00e7ekle\u015ftirildi. Orta Do\u011fu Teknik \u00dcniversitesi (ODT\u00dc) Kuzey K\u0131br\u0131s Kamp\u00fcs\u00fc\u2019nden verilen bilgiye g\u00f6re, etkinlik, \u00f6nceki ak\u015fam KKM Rauf R. Denkta\u015f Salonu\u2019nda yer ald\u0131. Program\u0131n a\u00e7\u0131l\u0131\u015f\u0131nda, belgeselin y\u00f6netmeni Burcu Camc\u0131o\u011flu, T\u00fcrkiye\u2019nin ilk astronotlar\u0131 Alper Gezeravc\u0131 ve [&hellip;]\" \/>\n<meta property=\"og:url\" content=\"https:\/\/haberkuzey.com\/index.php\/2025\/05\/05\/odtu-kuzey-kibris-kampusu-turkiyenin-ilk-astronotlarini-agirladi\/\" \/>\n<meta property=\"og:site_name\" content=\"Haber Kuzey\" \/>\n<meta property=\"article:published_time\" content=\"2025-05-05T13:04:24+00:00\" \/>\n<meta property=\"og:image\" content=\"https:\/\/brtk.net\/wp-content\/uploads\/2025\/05\/05\/98080oo.jpeg?ver=9eb36efa711c7b6b556a5dd9bfdbf967\" \/>\n<meta name=\"author\" content=\"haberkuzey\" \/>\n<meta name=\"twitter:card\" content=\"summary_large_image\" \/>\n<meta name=\"twitter:label1\" content=\"Yazan:\" \/>\n\t<meta name=\"twitter:data1\" content=\"haberkuzey\" \/>\n\t<meta name=\"twitter:label2\" content=\"Tahmini okuma s\u00fcresi\" \/>\n\t<meta name=\"twitter:data2\" content=\"1 dakika\" \/>\n<script type=\"application\/ld+json\" class=\"yoast-schema-graph\">{\"@context\":\"https:\\\/\\\/schema.org\",\"@graph\":[{\"@type\":\"Article\",\"@id\":\"https:\\\/\\\/haberkuzey.com\\\/index.php\\\/2025\\\/05\\\/05\\\/odtu-kuzey-kibris-kampusu-turkiyenin-ilk-astronotlarini-agirladi\\\/#article\",\"isPartOf\":{\"@id\":\"https:\\\/\\\/haberkuzey.com\\\/index.php\\\/2025\\\/05\\\/05\\\/odtu-kuzey-kibris-kampusu-turkiyenin-ilk-astronotlarini-agirladi\\\/\"},\"author\":{\"name\":\"haberkuzey\",\"@id\":\"https:\\\/\\\/haberkuzey.com\\\/#\\\/schema\\\/person\\\/3372109ec735f9333f4fa47ebb9605ca\"},\"headline\":\"ODT\u00dc Kuzey K\u0131br\u0131s Kamp\u00fcs\u00fc, T\u00fcrkiye\u2019nin ilk astronotlar\u0131n\u0131 a\u011f\u0131rlad\u0131\",\"datePublished\":\"2025-05-05T13:04:24+00:00\",\"mainEntityOfPage\":{\"@id\":\"https:\\\/\\\/haberkuzey.com\\\/index.php\\\/2025\\\/05\\\/05\\\/odtu-kuzey-kibris-kampusu-turkiyenin-ilk-astronotlarini-agirladi\\\/\"},\"wordCount\":158,\"commentCount\":0,\"image\":{\"@id\":\"https:\\\/\\\/haberkuzey.com\\\/index.php\\\/2025\\\/05\\\/05\\\/odtu-kuzey-kibris-kampusu-turkiyenin-ilk-astronotlarini-agirladi\\\/#primaryimage\"},\"thumbnailUrl\":\"https:\\\/\\\/haberkuzey.com\\\/wp-content\\\/uploads\\\/2025\\\/05\\\/98080oo.jpeg\",\"articleSection\":[\"K\u0131br\u0131s\"],\"inLanguage\":\"tr\",\"potentialAction\":[{\"@type\":\"CommentAction\",\"name\":\"Comment\",\"target\":[\"https:\\\/\\\/haberkuzey.com\\\/index.php\\\/2025\\\/05\\\/05\\\/odtu-kuzey-kibris-kampusu-turkiyenin-ilk-astronotlarini-agirladi\\\/#respond\"]}]},{\"@type\":\"WebPage\",\"@id\":\"https:\\\/\\\/haberkuzey.com\\\/index.php\\\/2025\\\/05\\\/05\\\/odtu-kuzey-kibris-kampusu-turkiyenin-ilk-astronotlarini-agirladi\\\/\",\"url\":\"https:\\\/\\\/haberkuzey.com\\\/index.php\\\/2025\\\/05\\\/05\\\/odtu-kuzey-kibris-kampusu-turkiyenin-ilk-astronotlarini-agirladi\\\/\",\"name\":\"ODT\u00dc Kuzey K\u0131br\u0131s Kamp\u00fcs\u00fc, T\u00fcrkiye\u2019nin ilk astronotlar\u0131n\u0131 a\u011f\u0131rlad\u0131 - Haber Kuzey\",\"isPartOf\":{\"@id\":\"https:\\\/\\\/haberkuzey.com\\\/#website\"},\"primaryImageOfPage\":{\"@id\":\"https:\\\/\\\/haberkuzey.com\\\/index.php\\\/2025\\\/05\\\/05\\\/odtu-kuzey-kibris-kampusu-turkiyenin-ilk-astronotlarini-agirladi\\\/#primaryimage\"},\"image\":{\"@id\":\"https:\\\/\\\/haberkuzey.com\\\/index.php\\\/2025\\\/05\\\/05\\\/odtu-kuzey-kibris-kampusu-turkiyenin-ilk-astronotlarini-agirladi\\\/#primaryimage\"},\"thumbnailUrl\":\"https:\\\/\\\/haberkuzey.com\\\/wp-content\\\/uploads\\\/2025\\\/05\\\/98080oo.jpeg\",\"datePublished\":\"2025-05-05T13:04:24+00:00\",\"author\":{\"@id\":\"https:\\\/\\\/haberkuzey.com\\\/#\\\/schema\\\/person\\\/3372109ec735f9333f4fa47ebb9605ca\"},\"breadcrumb\":{\"@id\":\"https:\\\/\\\/haberkuzey.com\\\/index.php\\\/2025\\\/05\\\/05\\\/odtu-kuzey-kibris-kampusu-turkiyenin-ilk-astronotlarini-agirladi\\\/#breadcrumb\"},\"inLanguage\":\"tr\",\"potentialAction\":[{\"@type\":\"ReadAction\",\"target\":[\"https:\\\/\\\/haberkuzey.com\\\/index.php\\\/2025\\\/05\\\/05\\\/odtu-kuzey-kibris-kampusu-turkiyenin-ilk-astronotlarini-agirladi\\\/\"]}]},{\"@type\":\"ImageObject\",\"inLanguage\":\"tr\",\"@id\":\"https:\\\/\\\/haberkuzey.com\\\/index.php\\\/2025\\\/05\\\/05\\\/odtu-kuzey-kibris-kampusu-turkiyenin-ilk-astronotlarini-agirladi\\\/#primaryimage\",\"url\":\"https:\\\/\\\/haberkuzey.com\\\/wp-content\\\/uploads\\\/2025\\\/05\\\/98080oo.jpeg\",\"contentUrl\":\"https:\\\/\\\/haberkuzey.com\\\/wp-content\\\/uploads\\\/2025\\\/05\\\/98080oo.jpeg\",\"width\":1080,\"height\":550},{\"@type\":\"BreadcrumbList\",\"@id\":\"https:\\\/\\\/haberkuzey.com\\\/index.php\\\/2025\\\/05\\\/05\\\/odtu-kuzey-kibris-kampusu-turkiyenin-ilk-astronotlarini-agirladi\\\/#breadcrumb\",\"itemListElement\":[{\"@type\":\"ListItem\",\"position\":1,\"name\":\"Anasayfa\",\"item\":\"https:\\\/\\\/haberkuzey.com\\\/\"},{\"@type\":\"ListItem\",\"position\":2,\"name\":\"ODT\u00dc Kuzey K\u0131br\u0131s Kamp\u00fcs\u00fc, T\u00fcrkiye\u2019nin ilk astronotlar\u0131n\u0131 a\u011f\u0131rlad\u0131\"}]},{\"@type\":\"WebSite\",\"@id\":\"https:\\\/\\\/haberkuzey.com\\\/#website\",\"url\":\"https:\\\/\\\/haberkuzey.com\\\/\",\"name\":\"Haber Kuzey\",\"description\":\"Do\u011fru Haberin Adresi\",\"potentialAction\":[{\"@type\":\"SearchAction\",\"target\":{\"@type\":\"EntryPoint\",\"urlTemplate\":\"https:\\\/\\\/haberkuzey.com\\\/?s={search_term_string}\"},\"query-input\":{\"@type\":\"PropertyValueSpecification\",\"valueRequired\":true,\"valueName\":\"search_term_string\"}}],\"inLanguage\":\"tr\"},{\"@type\":\"Person\",\"@id\":\"https:\\\/\\\/haberkuzey.com\\\/#\\\/schema\\\/person\\\/3372109ec735f9333f4fa47ebb9605ca\",\"name\":\"haberkuzey\",\"image\":{\"@type\":\"ImageObject\",\"inLanguage\":\"tr\",\"@id\":\"https:\\\/\\\/secure.gravatar.com\\\/avatar\\\/f5fc875574b1575324358c3b9e6a32b8227aa5b74f3fa22e3cadb63e26fcc39c?s=96&d=mm&r=g\",\"url\":\"https:\\\/\\\/secure.gravatar.com\\\/avatar\\\/f5fc875574b1575324358c3b9e6a32b8227aa5b74f3fa22e3cadb63e26fcc39c?s=96&d=mm&r=g\",\"contentUrl\":\"https:\\\/\\\/secure.gravatar.com\\\/avatar\\\/f5fc875574b1575324358c3b9e6a32b8227aa5b74f3fa22e3cadb63e26fcc39c?s=96&d=mm&r=g\",\"caption\":\"haberkuzey\"},\"sameAs\":[\"https:\\\/\\\/haberkuzey.com\"],\"url\":\"https:\\\/\\\/haberkuzey.com\\\/index.php\\\/author\\\/haberkuzey\\\/\"}]}<\/script>\n<!-- \/ Yoast SEO plugin. -->","yoast_head_json":{"title":"ODT\u00dc Kuzey K\u0131br\u0131s Kamp\u00fcs\u00fc, T\u00fcrkiye\u2019nin ilk astronotlar\u0131n\u0131 a\u011f\u0131rlad\u0131 - Haber Kuzey","robots":{"index":"index","follow":"follow","max-snippet":"max-snippet:-1","max-image-preview":"max-image-preview:large","max-video-preview":"max-video-preview:-1"},"canonical":"https:\/\/haberkuzey.com\/index.php\/2025\/05\/05\/odtu-kuzey-kibris-kampusu-turkiyenin-ilk-astronotlarini-agirladi\/","og_locale":"tr_TR","og_type":"article","og_title":"ODT\u00dc Kuzey K\u0131br\u0131s Kamp\u00fcs\u00fc, T\u00fcrkiye\u2019nin ilk astronotlar\u0131n\u0131 a\u011f\u0131rlad\u0131 - Haber Kuzey","og_description":"ODT\u00dc Kuzey K\u0131br\u0131s Kamp\u00fcs\u00fc\u2019nde d\u00fczenlenen \u201cG\u00f6ky\u00fcz\u00fc Art\u0131k S\u0131n\u0131r De\u011fil\u201d ba\u015fl\u0131kl\u0131 etkinlikte \u201cUfkun \u00d6tesinde\u201d belgeselinin \u00f6zel g\u00f6sterimi ve T\u00fcrkiye\u2019nin ilk astronotlar\u0131yla s\u00f6yle\u015fi ger\u00e7ekle\u015ftirildi. Orta Do\u011fu Teknik \u00dcniversitesi (ODT\u00dc) Kuzey K\u0131br\u0131s Kamp\u00fcs\u00fc\u2019nden verilen bilgiye g\u00f6re, etkinlik, \u00f6nceki ak\u015fam KKM Rauf R. Denkta\u015f Salonu\u2019nda yer ald\u0131. Program\u0131n a\u00e7\u0131l\u0131\u015f\u0131nda, belgeselin y\u00f6netmeni Burcu Camc\u0131o\u011flu, T\u00fcrkiye\u2019nin ilk astronotlar\u0131 Alper Gezeravc\u0131 ve [&hellip;]","og_url":"https:\/\/haberkuzey.com\/index.php\/2025\/05\/05\/odtu-kuzey-kibris-kampusu-turkiyenin-ilk-astronotlarini-agirladi\/","og_site_name":"Haber Kuzey","article_published_time":"2025-05-05T13:04:24+00:00","og_image":[{"url":"https:\/\/brtk.net\/wp-content\/uploads\/2025\/05\/05\/98080oo.jpeg?ver=9eb36efa711c7b6b556a5dd9bfdbf967","type":"","width":"","height":""}],"author":"haberkuzey","twitter_card":"summary_large_image","twitter_misc":{"Yazan:":"haberkuzey","Tahmini okuma s\u00fcresi":"1 dakika"},"schema":{"@context":"https:\/\/schema.org","@graph":[{"@type":"Article","@id":"https:\/\/haberkuzey.com\/index.php\/2025\/05\/05\/odtu-kuzey-kibris-kampusu-turkiyenin-ilk-astronotlarini-agirladi\/#article","isPartOf":{"@id":"https:\/\/haberkuzey.com\/index.php\/2025\/05\/05\/odtu-kuzey-kibris-kampusu-turkiyenin-ilk-astronotlarini-agirladi\/"},"author":{"name":"haberkuzey","@id":"https:\/\/haberkuzey.com\/#\/schema\/person\/3372109ec735f9333f4fa47ebb9605ca"},"headline":"ODT\u00dc Kuzey K\u0131br\u0131s Kamp\u00fcs\u00fc, T\u00fcrkiye\u2019nin ilk astronotlar\u0131n\u0131 a\u011f\u0131rlad\u0131","datePublished":"2025-05-05T13:04:24+00:00","mainEntityOfPage":{"@id":"https:\/\/haberkuzey.com\/index.php\/2025\/05\/05\/odtu-kuzey-kibris-kampusu-turkiyenin-ilk-astronotlarini-agirladi\/"},"wordCount":158,"commentCount":0,"image":{"@id":"https:\/\/haberkuzey.com\/index.php\/2025\/05\/05\/odtu-kuzey-kibris-kampusu-turkiyenin-ilk-astronotlarini-agirladi\/#primaryimage"},"thumbnailUrl":"https:\/\/haberkuzey.com\/wp-content\/uploads\/2025\/05\/98080oo.jpeg","articleSection":["K\u0131br\u0131s"],"inLanguage":"tr","potentialAction":[{"@type":"CommentAction","name":"Comment","target":["https:\/\/haberkuzey.com\/index.php\/2025\/05\/05\/odtu-kuzey-kibris-kampusu-turkiyenin-ilk-astronotlarini-agirladi\/#respond"]}]},{"@type":"WebPage","@id":"https:\/\/haberkuzey.com\/index.php\/2025\/05\/05\/odtu-kuzey-kibris-kampusu-turkiyenin-ilk-astronotlarini-agirladi\/","url":"https:\/\/haberkuzey.com\/index.php\/2025\/05\/05\/odtu-kuzey-kibris-kampusu-turkiyenin-ilk-astronotlarini-agirladi\/","name":"ODT\u00dc Kuzey K\u0131br\u0131s Kamp\u00fcs\u00fc, T\u00fcrkiye\u2019nin ilk astronotlar\u0131n\u0131 a\u011f\u0131rlad\u0131 - Haber Kuzey","isPartOf":{"@id":"https:\/\/haberkuzey.com\/#website"},"primaryImageOfPage":{"@id":"https:\/\/haberkuzey.com\/index.php\/2025\/05\/05\/odtu-kuzey-kibris-kampusu-turkiyenin-ilk-astronotlarini-agirladi\/#primaryimage"},"image":{"@id":"https:\/\/haberkuzey.com\/index.php\/2025\/05\/05\/odtu-kuzey-kibris-kampusu-turkiyenin-ilk-astronotlarini-agirladi\/#primaryimage"},"thumbnailUrl":"https:\/\/haberkuzey.com\/wp-content\/uploads\/2025\/05\/98080oo.jpeg","datePublished":"2025-05-05T13:04:24+00:00","author":{"@id":"https:\/\/haberkuzey.com\/#\/schema\/person\/3372109ec735f9333f4fa47ebb9605ca"},"breadcrumb":{"@id":"https:\/\/haberkuzey.com\/index.php\/2025\/05\/05\/odtu-kuzey-kibris-kampusu-turkiyenin-ilk-astronotlarini-agirladi\/#breadcrumb"},"inLanguage":"tr","potentialAction":[{"@type":"ReadAction","target":["https:\/\/haberkuzey.com\/index.php\/2025\/05\/05\/odtu-kuzey-kibris-kampusu-turkiyenin-ilk-astronotlarini-agirladi\/"]}]},{"@type":"ImageObject","inLanguage":"tr","@id":"https:\/\/haberkuzey.com\/index.php\/2025\/05\/05\/odtu-kuzey-kibris-kampusu-turkiyenin-ilk-astronotlarini-agirladi\/#primaryimage","url":"https:\/\/haberkuzey.com\/wp-content\/uploads\/2025\/05\/98080oo.jpeg","contentUrl":"https:\/\/haberkuzey.com\/wp-content\/uploads\/2025\/05\/98080oo.jpeg","width":1080,"height":550},{"@type":"BreadcrumbList","@id":"https:\/\/haberkuzey.com\/index.php\/2025\/05\/05\/odtu-kuzey-kibris-kampusu-turkiyenin-ilk-astronotlarini-agirladi\/#breadcrumb","itemListElement":[{"@type":"ListItem","position":1,"name":"Anasayfa","item":"https:\/\/haberkuzey.com\/"},{"@type":"ListItem","position":2,"name":"ODT\u00dc Kuzey K\u0131br\u0131s Kamp\u00fcs\u00fc, T\u00fcrkiye\u2019nin ilk astronotlar\u0131n\u0131 a\u011f\u0131rlad\u0131"}]},{"@type":"WebSite","@id":"https:\/\/haberkuzey.com\/#website","url":"https:\/\/haberkuzey.com\/","name":"Haber Kuzey","description":"Do\u011fru Haberin Adresi","potentialAction":[{"@type":"SearchAction","target":{"@type":"EntryPoint","urlTemplate":"https:\/\/haberkuzey.com\/?s={search_term_string}"},"query-input":{"@type":"PropertyValueSpecification","valueRequired":true,"valueName":"search_term_string"}}],"inLanguage":"tr"},{"@type":"Person","@id":"https:\/\/haberkuzey.com\/#\/schema\/person\/3372109ec735f9333f4fa47ebb9605ca","name":"haberkuzey","image":{"@type":"ImageObject","inLanguage":"tr","@id":"https:\/\/secure.gravatar.com\/avatar\/f5fc875574b1575324358c3b9e6a32b8227aa5b74f3fa22e3cadb63e26fcc39c?s=96&d=mm&r=g","url":"https:\/\/secure.gravatar.com\/avatar\/f5fc875574b1575324358c3b9e6a32b8227aa5b74f3fa22e3cadb63e26fcc39c?s=96&d=mm&r=g","contentUrl":"https:\/\/secure.gravatar.com\/avatar\/f5fc875574b1575324358c3b9e6a32b8227aa5b74f3fa22e3cadb63e26fcc39c?s=96&d=mm&r=g","caption":"haberkuzey"},"sameAs":["https:\/\/haberkuzey.com"],"url":"https:\/\/haberkuzey.com\/index.php\/author\/haberkuzey\/"}]}},"_links":{"self":[{"href":"https:\/\/haberkuzey.com\/index.php\/wp-json\/wp\/v2\/posts\/23471","targetHints":{"allow":["GET"]}}],"collection":[{"href":"https:\/\/haberkuzey.com\/index.php\/wp-json\/wp\/v2\/posts"}],"about":[{"href":"https:\/\/haberkuzey.com\/index.php\/wp-json\/wp\/v2\/types\/post"}],"author":[{"embeddable":true,"href":"https:\/\/haberkuzey.com\/index.php\/wp-json\/wp\/v2\/users\/1"}],"replies":[{"embeddable":true,"href":"https:\/\/haberkuzey.com\/index.php\/wp-json\/wp\/v2\/comments?post=23471"}],"version-history":[{"count":0,"href":"https:\/\/haberkuzey.com\/index.php\/wp-json\/wp\/v2\/posts\/23471\/revisions"}],"wp:featuredmedia":[{"embeddable":true,"href":"https:\/\/haberkuzey.com\/index.php\/wp-json\/wp\/v2\/media\/23472"}],"wp:attachment":[{"href":"https:\/\/haberkuzey.com\/index.php\/wp-json\/wp\/v2\/media?parent=23471"}],"wp:term":[{"taxonomy":"category","embeddable":true,"href":"https:\/\/haberkuzey.com\/index.php\/wp-json\/wp\/v2\/categories?post=23471"},{"taxonomy":"post_tag","embeddable":true,"href":"https:\/\/haberkuzey.com\/index.php\/wp-json\/wp\/v2\/tags?post=23471"}],"curies":[{"name":"wp","href":"https:\/\/api.w.org\/{rel}","templated":true}]}}