{"id":23456,"date":"2025-05-05T13:58:32","date_gmt":"2025-05-05T10:58:32","guid":{"rendered":"https:\/\/haberkuzey.com\/index.php\/2025\/05\/05\/altiyol-turk-muzigi-toplulugu-ve-kibrisli-musikisinas-dostlari-catalkoyde-sahne-alacak\/"},"modified":"2025-05-05T13:58:32","modified_gmt":"2025-05-05T10:58:32","slug":"altiyol-turk-muzigi-toplulugu-ve-kibrisli-musikisinas-dostlari-catalkoyde-sahne-alacak","status":"publish","type":"post","link":"https:\/\/haberkuzey.com\/index.php\/2025\/05\/05\/altiyol-turk-muzigi-toplulugu-ve-kibrisli-musikisinas-dostlari-catalkoyde-sahne-alacak\/","title":{"rendered":"Alt\u0131yol T\u00fcrk M\u00fczi\u011fi Toplulu\u011fu ve K\u0131br\u0131sl\u0131 Musiki\u015finas Dostlar\u0131 \u00c7atalk\u00f6y\u2019de sahne alacak"},"content":{"rendered":"<div>\n<div class=\"mariselle-image-container center\">\n                                            <\/div>\n<p>Alt\u0131yol T\u00fcrk M\u00fczi\u011fi Toplulu\u011fu ve K\u0131br\u0131sl\u0131 Musiki\u015finas Dostlar\u0131 \u00c7atalk\u00f6y\u2019de sahne alacak.<\/p>\n<p>\u00c7atalk\u00f6y Esentepe Belediyesi\u2019nin katk\u0131lar\u0131yla d\u00fczenlenecek konser, 8 May\u0131s Per\u015fembe g\u00fcn\u00fc saat 20.00\u2019de Erol Avg\u00f6ren K\u00fclt\u00fcr Merkezi\u2019nde ger\u00e7ekle\u015ftirilecek.<\/p>\n<p>Alt\u0131yol T\u00fcrk M\u00fczi\u011fi Toplulu\u011fu Koro \u015eefi Taner Tamer y\u00f6netimindeki topluluk, T\u00fcrk m\u00fczi\u011fi  eserlerini sanatseverlerle bulu\u015fturacak. Gecenin konuk sanat\u00e7\u0131s\u0131 ise Ak\u0131n Zabit olacak.<\/p>\n<\/p><\/div>\n<p><script async\n                    defer\n                    crossorigin=\"anonymous\"\n                    src=\"https:\/\/connect.facebook.net\/tr_TR\/sdk.js#xfbml=1&#038;version=v3.3\"\n            ><\/script><\/p>\n","protected":false},"excerpt":{"rendered":"<p>Alt\u0131yol T\u00fcrk M\u00fczi\u011fi Toplulu\u011fu ve K\u0131br\u0131sl\u0131 Musiki\u015finas Dostlar\u0131 \u00c7atalk\u00f6y\u2019de sahne alacak. \u00c7atalk\u00f6y Esentepe Belediyesi\u2019nin katk\u0131lar\u0131yla d\u00fczenlenecek konser, 8 May\u0131s Per\u015fembe g\u00fcn\u00fc saat 20.00\u2019de Erol Avg\u00f6ren K\u00fclt\u00fcr Merkezi\u2019nde ger\u00e7ekle\u015ftirilecek. Alt\u0131yol T\u00fcrk M\u00fczi\u011fi Toplulu\u011fu Koro \u015eefi Taner Tamer y\u00f6netimindeki topluluk, T\u00fcrk m\u00fczi\u011fi eserlerini sanatseverlerle bulu\u015fturacak. Gecenin konuk sanat\u00e7\u0131s\u0131 ise Ak\u0131n Zabit olacak.<\/p>\n","protected":false},"author":1,"featured_media":23457,"comment_status":"open","ping_status":"open","sticky":false,"template":"","format":"standard","meta":{"jnews-multi-image_gallery":[],"jnews_single_post":[],"jnews_primary_category":[],"footnotes":""},"categories":[5],"tags":[],"class_list":["post-23456","post","type-post","status-publish","format-standard","has-post-thumbnail","hentry","category-turkiye"],"yoast_head":"<!-- This site is optimized with the Yoast SEO plugin v27.5 - https:\/\/yoast.com\/product\/yoast-seo-wordpress\/ -->\n<title>Alt\u0131yol T\u00fcrk M\u00fczi\u011fi Toplulu\u011fu ve K\u0131br\u0131sl\u0131 Musiki\u015finas Dostlar\u0131 \u00c7atalk\u00f6y\u2019de sahne alacak - Haber Kuzey<\/title>\n<meta name=\"robots\" content=\"index, follow, max-snippet:-1, max-image-preview:large, max-video-preview:-1\" \/>\n<link rel=\"canonical\" href=\"https:\/\/haberkuzey.com\/index.php\/2025\/05\/05\/altiyol-turk-muzigi-toplulugu-ve-kibrisli-musikisinas-dostlari-catalkoyde-sahne-alacak\/\" \/>\n<meta property=\"og:locale\" content=\"tr_TR\" \/>\n<meta property=\"og:type\" content=\"article\" \/>\n<meta property=\"og:title\" content=\"Alt\u0131yol T\u00fcrk M\u00fczi\u011fi Toplulu\u011fu ve K\u0131br\u0131sl\u0131 Musiki\u015finas Dostlar\u0131 \u00c7atalk\u00f6y\u2019de sahne alacak - Haber Kuzey\" \/>\n<meta property=\"og:description\" content=\"Alt\u0131yol T\u00fcrk M\u00fczi\u011fi Toplulu\u011fu ve K\u0131br\u0131sl\u0131 Musiki\u015finas Dostlar\u0131 \u00c7atalk\u00f6y\u2019de sahne alacak. \u00c7atalk\u00f6y Esentepe Belediyesi\u2019nin katk\u0131lar\u0131yla d\u00fczenlenecek konser, 8 May\u0131s Per\u015fembe g\u00fcn\u00fc saat 20.00\u2019de Erol Avg\u00f6ren K\u00fclt\u00fcr Merkezi\u2019nde ger\u00e7ekle\u015ftirilecek. Alt\u0131yol T\u00fcrk M\u00fczi\u011fi Toplulu\u011fu Koro \u015eefi Taner Tamer y\u00f6netimindeki topluluk, T\u00fcrk m\u00fczi\u011fi eserlerini sanatseverlerle bulu\u015fturacak. Gecenin konuk sanat\u00e7\u0131s\u0131 ise Ak\u0131n Zabit olacak.\" \/>\n<meta property=\"og:url\" content=\"https:\/\/haberkuzey.com\/index.php\/2025\/05\/05\/altiyol-turk-muzigi-toplulugu-ve-kibrisli-musikisinas-dostlari-catalkoyde-sahne-alacak\/\" \/>\n<meta property=\"og:site_name\" content=\"Haber Kuzey\" \/>\n<meta property=\"article:published_time\" content=\"2025-05-05T10:58:32+00:00\" \/>\n<meta property=\"og:image\" content=\"https:\/\/brtk.net\/wp-content\/uploads\/2025\/05\/05\/194810.jpg?ver=1d1ece7848a33ee0ce0187d7d7d803ec\" \/>\n<meta name=\"author\" content=\"haberkuzey\" \/>\n<meta name=\"twitter:card\" content=\"summary_large_image\" \/>\n<meta name=\"twitter:label1\" content=\"Yazan:\" \/>\n\t<meta name=\"twitter:data1\" content=\"haberkuzey\" \/>\n<script type=\"application\/ld+json\" class=\"yoast-schema-graph\">{\"@context\":\"https:\\\/\\\/schema.org\",\"@graph\":[{\"@type\":\"Article\",\"@id\":\"https:\\\/\\\/haberkuzey.com\\\/index.php\\\/2025\\\/05\\\/05\\\/altiyol-turk-muzigi-toplulugu-ve-kibrisli-musikisinas-dostlari-catalkoyde-sahne-alacak\\\/#article\",\"isPartOf\":{\"@id\":\"https:\\\/\\\/haberkuzey.com\\\/index.php\\\/2025\\\/05\\\/05\\\/altiyol-turk-muzigi-toplulugu-ve-kibrisli-musikisinas-dostlari-catalkoyde-sahne-alacak\\\/\"},\"author\":{\"name\":\"haberkuzey\",\"@id\":\"https:\\\/\\\/haberkuzey.com\\\/#\\\/schema\\\/person\\\/3372109ec735f9333f4fa47ebb9605ca\"},\"headline\":\"Alt\u0131yol T\u00fcrk M\u00fczi\u011fi Toplulu\u011fu ve K\u0131br\u0131sl\u0131 Musiki\u015finas Dostlar\u0131 \u00c7atalk\u00f6y\u2019de sahne alacak\",\"datePublished\":\"2025-05-05T10:58:32+00:00\",\"mainEntityOfPage\":{\"@id\":\"https:\\\/\\\/haberkuzey.com\\\/index.php\\\/2025\\\/05\\\/05\\\/altiyol-turk-muzigi-toplulugu-ve-kibrisli-musikisinas-dostlari-catalkoyde-sahne-alacak\\\/\"},\"wordCount\":106,\"commentCount\":0,\"image\":{\"@id\":\"https:\\\/\\\/haberkuzey.com\\\/index.php\\\/2025\\\/05\\\/05\\\/altiyol-turk-muzigi-toplulugu-ve-kibrisli-musikisinas-dostlari-catalkoyde-sahne-alacak\\\/#primaryimage\"},\"thumbnailUrl\":\"https:\\\/\\\/haberkuzey.com\\\/wp-content\\\/uploads\\\/2025\\\/05\\\/194810.jpg\",\"articleSection\":[\"T\u00fcrkiye\"],\"inLanguage\":\"tr\",\"potentialAction\":[{\"@type\":\"CommentAction\",\"name\":\"Comment\",\"target\":[\"https:\\\/\\\/haberkuzey.com\\\/index.php\\\/2025\\\/05\\\/05\\\/altiyol-turk-muzigi-toplulugu-ve-kibrisli-musikisinas-dostlari-catalkoyde-sahne-alacak\\\/#respond\"]}]},{\"@type\":\"WebPage\",\"@id\":\"https:\\\/\\\/haberkuzey.com\\\/index.php\\\/2025\\\/05\\\/05\\\/altiyol-turk-muzigi-toplulugu-ve-kibrisli-musikisinas-dostlari-catalkoyde-sahne-alacak\\\/\",\"url\":\"https:\\\/\\\/haberkuzey.com\\\/index.php\\\/2025\\\/05\\\/05\\\/altiyol-turk-muzigi-toplulugu-ve-kibrisli-musikisinas-dostlari-catalkoyde-sahne-alacak\\\/\",\"name\":\"Alt\u0131yol T\u00fcrk M\u00fczi\u011fi Toplulu\u011fu ve K\u0131br\u0131sl\u0131 Musiki\u015finas Dostlar\u0131 \u00c7atalk\u00f6y\u2019de sahne alacak - Haber Kuzey\",\"isPartOf\":{\"@id\":\"https:\\\/\\\/haberkuzey.com\\\/#website\"},\"primaryImageOfPage\":{\"@id\":\"https:\\\/\\\/haberkuzey.com\\\/index.php\\\/2025\\\/05\\\/05\\\/altiyol-turk-muzigi-toplulugu-ve-kibrisli-musikisinas-dostlari-catalkoyde-sahne-alacak\\\/#primaryimage\"},\"image\":{\"@id\":\"https:\\\/\\\/haberkuzey.com\\\/index.php\\\/2025\\\/05\\\/05\\\/altiyol-turk-muzigi-toplulugu-ve-kibrisli-musikisinas-dostlari-catalkoyde-sahne-alacak\\\/#primaryimage\"},\"thumbnailUrl\":\"https:\\\/\\\/haberkuzey.com\\\/wp-content\\\/uploads\\\/2025\\\/05\\\/194810.jpg\",\"datePublished\":\"2025-05-05T10:58:32+00:00\",\"author\":{\"@id\":\"https:\\\/\\\/haberkuzey.com\\\/#\\\/schema\\\/person\\\/3372109ec735f9333f4fa47ebb9605ca\"},\"breadcrumb\":{\"@id\":\"https:\\\/\\\/haberkuzey.com\\\/index.php\\\/2025\\\/05\\\/05\\\/altiyol-turk-muzigi-toplulugu-ve-kibrisli-musikisinas-dostlari-catalkoyde-sahne-alacak\\\/#breadcrumb\"},\"inLanguage\":\"tr\",\"potentialAction\":[{\"@type\":\"ReadAction\",\"target\":[\"https:\\\/\\\/haberkuzey.com\\\/index.php\\\/2025\\\/05\\\/05\\\/altiyol-turk-muzigi-toplulugu-ve-kibrisli-musikisinas-dostlari-catalkoyde-sahne-alacak\\\/\"]}]},{\"@type\":\"ImageObject\",\"inLanguage\":\"tr\",\"@id\":\"https:\\\/\\\/haberkuzey.com\\\/index.php\\\/2025\\\/05\\\/05\\\/altiyol-turk-muzigi-toplulugu-ve-kibrisli-musikisinas-dostlari-catalkoyde-sahne-alacak\\\/#primaryimage\",\"url\":\"https:\\\/\\\/haberkuzey.com\\\/wp-content\\\/uploads\\\/2025\\\/05\\\/194810.jpg\",\"contentUrl\":\"https:\\\/\\\/haberkuzey.com\\\/wp-content\\\/uploads\\\/2025\\\/05\\\/194810.jpg\",\"width\":1080,\"height\":1350},{\"@type\":\"BreadcrumbList\",\"@id\":\"https:\\\/\\\/haberkuzey.com\\\/index.php\\\/2025\\\/05\\\/05\\\/altiyol-turk-muzigi-toplulugu-ve-kibrisli-musikisinas-dostlari-catalkoyde-sahne-alacak\\\/#breadcrumb\",\"itemListElement\":[{\"@type\":\"ListItem\",\"position\":1,\"name\":\"Anasayfa\",\"item\":\"https:\\\/\\\/haberkuzey.com\\\/\"},{\"@type\":\"ListItem\",\"position\":2,\"name\":\"Alt\u0131yol T\u00fcrk M\u00fczi\u011fi Toplulu\u011fu ve K\u0131br\u0131sl\u0131 Musiki\u015finas Dostlar\u0131 \u00c7atalk\u00f6y\u2019de sahne alacak\"}]},{\"@type\":\"WebSite\",\"@id\":\"https:\\\/\\\/haberkuzey.com\\\/#website\",\"url\":\"https:\\\/\\\/haberkuzey.com\\\/\",\"name\":\"Haber Kuzey\",\"description\":\"Do\u011fru Haberin Adresi\",\"potentialAction\":[{\"@type\":\"SearchAction\",\"target\":{\"@type\":\"EntryPoint\",\"urlTemplate\":\"https:\\\/\\\/haberkuzey.com\\\/?s={search_term_string}\"},\"query-input\":{\"@type\":\"PropertyValueSpecification\",\"valueRequired\":true,\"valueName\":\"search_term_string\"}}],\"inLanguage\":\"tr\"},{\"@type\":\"Person\",\"@id\":\"https:\\\/\\\/haberkuzey.com\\\/#\\\/schema\\\/person\\\/3372109ec735f9333f4fa47ebb9605ca\",\"name\":\"haberkuzey\",\"image\":{\"@type\":\"ImageObject\",\"inLanguage\":\"tr\",\"@id\":\"https:\\\/\\\/secure.gravatar.com\\\/avatar\\\/f5fc875574b1575324358c3b9e6a32b8227aa5b74f3fa22e3cadb63e26fcc39c?s=96&d=mm&r=g\",\"url\":\"https:\\\/\\\/secure.gravatar.com\\\/avatar\\\/f5fc875574b1575324358c3b9e6a32b8227aa5b74f3fa22e3cadb63e26fcc39c?s=96&d=mm&r=g\",\"contentUrl\":\"https:\\\/\\\/secure.gravatar.com\\\/avatar\\\/f5fc875574b1575324358c3b9e6a32b8227aa5b74f3fa22e3cadb63e26fcc39c?s=96&d=mm&r=g\",\"caption\":\"haberkuzey\"},\"sameAs\":[\"https:\\\/\\\/haberkuzey.com\"],\"url\":\"https:\\\/\\\/haberkuzey.com\\\/index.php\\\/author\\\/haberkuzey\\\/\"}]}<\/script>\n<!-- \/ Yoast SEO plugin. -->","yoast_head_json":{"title":"Alt\u0131yol T\u00fcrk M\u00fczi\u011fi Toplulu\u011fu ve K\u0131br\u0131sl\u0131 Musiki\u015finas Dostlar\u0131 \u00c7atalk\u00f6y\u2019de sahne alacak - Haber Kuzey","robots":{"index":"index","follow":"follow","max-snippet":"max-snippet:-1","max-image-preview":"max-image-preview:large","max-video-preview":"max-video-preview:-1"},"canonical":"https:\/\/haberkuzey.com\/index.php\/2025\/05\/05\/altiyol-turk-muzigi-toplulugu-ve-kibrisli-musikisinas-dostlari-catalkoyde-sahne-alacak\/","og_locale":"tr_TR","og_type":"article","og_title":"Alt\u0131yol T\u00fcrk M\u00fczi\u011fi Toplulu\u011fu ve K\u0131br\u0131sl\u0131 Musiki\u015finas Dostlar\u0131 \u00c7atalk\u00f6y\u2019de sahne alacak - Haber Kuzey","og_description":"Alt\u0131yol T\u00fcrk M\u00fczi\u011fi Toplulu\u011fu ve K\u0131br\u0131sl\u0131 Musiki\u015finas Dostlar\u0131 \u00c7atalk\u00f6y\u2019de sahne alacak. \u00c7atalk\u00f6y Esentepe Belediyesi\u2019nin katk\u0131lar\u0131yla d\u00fczenlenecek konser, 8 May\u0131s Per\u015fembe g\u00fcn\u00fc saat 20.00\u2019de Erol Avg\u00f6ren K\u00fclt\u00fcr Merkezi\u2019nde ger\u00e7ekle\u015ftirilecek. Alt\u0131yol T\u00fcrk M\u00fczi\u011fi Toplulu\u011fu Koro \u015eefi Taner Tamer y\u00f6netimindeki topluluk, T\u00fcrk m\u00fczi\u011fi eserlerini sanatseverlerle bulu\u015fturacak. Gecenin konuk sanat\u00e7\u0131s\u0131 ise Ak\u0131n Zabit olacak.","og_url":"https:\/\/haberkuzey.com\/index.php\/2025\/05\/05\/altiyol-turk-muzigi-toplulugu-ve-kibrisli-musikisinas-dostlari-catalkoyde-sahne-alacak\/","og_site_name":"Haber Kuzey","article_published_time":"2025-05-05T10:58:32+00:00","og_image":[{"url":"https:\/\/brtk.net\/wp-content\/uploads\/2025\/05\/05\/194810.jpg?ver=1d1ece7848a33ee0ce0187d7d7d803ec","type":"","width":"","height":""}],"author":"haberkuzey","twitter_card":"summary_large_image","twitter_misc":{"Yazan:":"haberkuzey"},"schema":{"@context":"https:\/\/schema.org","@graph":[{"@type":"Article","@id":"https:\/\/haberkuzey.com\/index.php\/2025\/05\/05\/altiyol-turk-muzigi-toplulugu-ve-kibrisli-musikisinas-dostlari-catalkoyde-sahne-alacak\/#article","isPartOf":{"@id":"https:\/\/haberkuzey.com\/index.php\/2025\/05\/05\/altiyol-turk-muzigi-toplulugu-ve-kibrisli-musikisinas-dostlari-catalkoyde-sahne-alacak\/"},"author":{"name":"haberkuzey","@id":"https:\/\/haberkuzey.com\/#\/schema\/person\/3372109ec735f9333f4fa47ebb9605ca"},"headline":"Alt\u0131yol T\u00fcrk M\u00fczi\u011fi Toplulu\u011fu ve K\u0131br\u0131sl\u0131 Musiki\u015finas Dostlar\u0131 \u00c7atalk\u00f6y\u2019de sahne alacak","datePublished":"2025-05-05T10:58:32+00:00","mainEntityOfPage":{"@id":"https:\/\/haberkuzey.com\/index.php\/2025\/05\/05\/altiyol-turk-muzigi-toplulugu-ve-kibrisli-musikisinas-dostlari-catalkoyde-sahne-alacak\/"},"wordCount":106,"commentCount":0,"image":{"@id":"https:\/\/haberkuzey.com\/index.php\/2025\/05\/05\/altiyol-turk-muzigi-toplulugu-ve-kibrisli-musikisinas-dostlari-catalkoyde-sahne-alacak\/#primaryimage"},"thumbnailUrl":"https:\/\/haberkuzey.com\/wp-content\/uploads\/2025\/05\/194810.jpg","articleSection":["T\u00fcrkiye"],"inLanguage":"tr","potentialAction":[{"@type":"CommentAction","name":"Comment","target":["https:\/\/haberkuzey.com\/index.php\/2025\/05\/05\/altiyol-turk-muzigi-toplulugu-ve-kibrisli-musikisinas-dostlari-catalkoyde-sahne-alacak\/#respond"]}]},{"@type":"WebPage","@id":"https:\/\/haberkuzey.com\/index.php\/2025\/05\/05\/altiyol-turk-muzigi-toplulugu-ve-kibrisli-musikisinas-dostlari-catalkoyde-sahne-alacak\/","url":"https:\/\/haberkuzey.com\/index.php\/2025\/05\/05\/altiyol-turk-muzigi-toplulugu-ve-kibrisli-musikisinas-dostlari-catalkoyde-sahne-alacak\/","name":"Alt\u0131yol T\u00fcrk M\u00fczi\u011fi Toplulu\u011fu ve K\u0131br\u0131sl\u0131 Musiki\u015finas Dostlar\u0131 \u00c7atalk\u00f6y\u2019de sahne alacak - Haber Kuzey","isPartOf":{"@id":"https:\/\/haberkuzey.com\/#website"},"primaryImageOfPage":{"@id":"https:\/\/haberkuzey.com\/index.php\/2025\/05\/05\/altiyol-turk-muzigi-toplulugu-ve-kibrisli-musikisinas-dostlari-catalkoyde-sahne-alacak\/#primaryimage"},"image":{"@id":"https:\/\/haberkuzey.com\/index.php\/2025\/05\/05\/altiyol-turk-muzigi-toplulugu-ve-kibrisli-musikisinas-dostlari-catalkoyde-sahne-alacak\/#primaryimage"},"thumbnailUrl":"https:\/\/haberkuzey.com\/wp-content\/uploads\/2025\/05\/194810.jpg","datePublished":"2025-05-05T10:58:32+00:00","author":{"@id":"https:\/\/haberkuzey.com\/#\/schema\/person\/3372109ec735f9333f4fa47ebb9605ca"},"breadcrumb":{"@id":"https:\/\/haberkuzey.com\/index.php\/2025\/05\/05\/altiyol-turk-muzigi-toplulugu-ve-kibrisli-musikisinas-dostlari-catalkoyde-sahne-alacak\/#breadcrumb"},"inLanguage":"tr","potentialAction":[{"@type":"ReadAction","target":["https:\/\/haberkuzey.com\/index.php\/2025\/05\/05\/altiyol-turk-muzigi-toplulugu-ve-kibrisli-musikisinas-dostlari-catalkoyde-sahne-alacak\/"]}]},{"@type":"ImageObject","inLanguage":"tr","@id":"https:\/\/haberkuzey.com\/index.php\/2025\/05\/05\/altiyol-turk-muzigi-toplulugu-ve-kibrisli-musikisinas-dostlari-catalkoyde-sahne-alacak\/#primaryimage","url":"https:\/\/haberkuzey.com\/wp-content\/uploads\/2025\/05\/194810.jpg","contentUrl":"https:\/\/haberkuzey.com\/wp-content\/uploads\/2025\/05\/194810.jpg","width":1080,"height":1350},{"@type":"BreadcrumbList","@id":"https:\/\/haberkuzey.com\/index.php\/2025\/05\/05\/altiyol-turk-muzigi-toplulugu-ve-kibrisli-musikisinas-dostlari-catalkoyde-sahne-alacak\/#breadcrumb","itemListElement":[{"@type":"ListItem","position":1,"name":"Anasayfa","item":"https:\/\/haberkuzey.com\/"},{"@type":"ListItem","position":2,"name":"Alt\u0131yol T\u00fcrk M\u00fczi\u011fi Toplulu\u011fu ve K\u0131br\u0131sl\u0131 Musiki\u015finas Dostlar\u0131 \u00c7atalk\u00f6y\u2019de sahne alacak"}]},{"@type":"WebSite","@id":"https:\/\/haberkuzey.com\/#website","url":"https:\/\/haberkuzey.com\/","name":"Haber Kuzey","description":"Do\u011fru Haberin Adresi","potentialAction":[{"@type":"SearchAction","target":{"@type":"EntryPoint","urlTemplate":"https:\/\/haberkuzey.com\/?s={search_term_string}"},"query-input":{"@type":"PropertyValueSpecification","valueRequired":true,"valueName":"search_term_string"}}],"inLanguage":"tr"},{"@type":"Person","@id":"https:\/\/haberkuzey.com\/#\/schema\/person\/3372109ec735f9333f4fa47ebb9605ca","name":"haberkuzey","image":{"@type":"ImageObject","inLanguage":"tr","@id":"https:\/\/secure.gravatar.com\/avatar\/f5fc875574b1575324358c3b9e6a32b8227aa5b74f3fa22e3cadb63e26fcc39c?s=96&d=mm&r=g","url":"https:\/\/secure.gravatar.com\/avatar\/f5fc875574b1575324358c3b9e6a32b8227aa5b74f3fa22e3cadb63e26fcc39c?s=96&d=mm&r=g","contentUrl":"https:\/\/secure.gravatar.com\/avatar\/f5fc875574b1575324358c3b9e6a32b8227aa5b74f3fa22e3cadb63e26fcc39c?s=96&d=mm&r=g","caption":"haberkuzey"},"sameAs":["https:\/\/haberkuzey.com"],"url":"https:\/\/haberkuzey.com\/index.php\/author\/haberkuzey\/"}]}},"_links":{"self":[{"href":"https:\/\/haberkuzey.com\/index.php\/wp-json\/wp\/v2\/posts\/23456","targetHints":{"allow":["GET"]}}],"collection":[{"href":"https:\/\/haberkuzey.com\/index.php\/wp-json\/wp\/v2\/posts"}],"about":[{"href":"https:\/\/haberkuzey.com\/index.php\/wp-json\/wp\/v2\/types\/post"}],"author":[{"embeddable":true,"href":"https:\/\/haberkuzey.com\/index.php\/wp-json\/wp\/v2\/users\/1"}],"replies":[{"embeddable":true,"href":"https:\/\/haberkuzey.com\/index.php\/wp-json\/wp\/v2\/comments?post=23456"}],"version-history":[{"count":0,"href":"https:\/\/haberkuzey.com\/index.php\/wp-json\/wp\/v2\/posts\/23456\/revisions"}],"wp:featuredmedia":[{"embeddable":true,"href":"https:\/\/haberkuzey.com\/index.php\/wp-json\/wp\/v2\/media\/23457"}],"wp:attachment":[{"href":"https:\/\/haberkuzey.com\/index.php\/wp-json\/wp\/v2\/media?parent=23456"}],"wp:term":[{"taxonomy":"category","embeddable":true,"href":"https:\/\/haberkuzey.com\/index.php\/wp-json\/wp\/v2\/categories?post=23456"},{"taxonomy":"post_tag","embeddable":true,"href":"https:\/\/haberkuzey.com\/index.php\/wp-json\/wp\/v2\/tags?post=23456"}],"curies":[{"name":"wp","href":"https:\/\/api.w.org\/{rel}","templated":true}]}}