{"id":23441,"date":"2025-05-05T11:56:12","date_gmt":"2025-05-05T08:56:12","guid":{"rendered":"https:\/\/haberkuzey.com\/index.php\/2025\/05\/05\/universiteler-arasi-kisa-oyku-yarismasi-sonuclandiodul-toreni-9-mayista-yapilacak\/"},"modified":"2025-05-05T11:56:12","modified_gmt":"2025-05-05T08:56:12","slug":"universiteler-arasi-kisa-oyku-yarismasi-sonuclandiodul-toreni-9-mayista-yapilacak","status":"publish","type":"post","link":"https:\/\/haberkuzey.com\/index.php\/2025\/05\/05\/universiteler-arasi-kisa-oyku-yarismasi-sonuclandiodul-toreni-9-mayista-yapilacak\/","title":{"rendered":"\u00dcniversiteler Aras\u0131 K\u0131sa \u00d6yk\u00fc Yar\u0131\u015fmas\u0131 sonu\u00e7land\u0131\u2026\u00d6d\u00fcl t\u00f6reni 9 May\u0131s\u2019ta yap\u0131lacak"},"content":{"rendered":"<div>\n<div class=\"mariselle-image-container center\">\n                                            <\/div>\n<p>Gen\u00e7 yazarlar\u0131 ke\u015ffederek edebiyat d\u00fcnyas\u0131na ad\u0131m atmalar\u0131n\u0131 sa\u011flamak ve K\u0131br\u0131sl\u0131 T\u00fcrk yazar, \u015fair ve akademisyen Ali Nesim\u2019in edebi miras\u0131n\u0131 ya\u015fatmay\u0131 hedefleyen \u201c\u00dcniversiteler Aras\u0131 K\u0131sa \u00d6yk\u00fc Yar\u0131\u015fmas\u0131\u201d sonu\u00e7land\u0131.<\/p>\n<p>Girne Belediyesi, Yak\u0131n Do\u011fu \u00dcniversitesi (T\u00fcrk\u00e7e \u00d6\u011fretmenli\u011fi B\u00f6l\u00fcm\u00fc ve K\u0131br\u0131s Ara\u015ft\u0131rmalar\u0131 Merkezi) ile K\u0131br\u0131s T\u00fcrk Yazarlar Birli\u011fi i\u015f birli\u011finde d\u00fczenlenen yar\u0131\u015fmada dereceye giren \u00f6\u011frenciler \u00f6d\u00fcllerini, Ali Nesim\u2019in \u00f6l\u00fcm y\u0131ld\u00f6n\u00fcm\u00fc olan 9 May\u0131s Cuma g\u00fcn\u00fc d\u00fczenlenecek t\u00f6renle alacak. T\u00f6ren, Zeytinlik K\u00f6y Evi\u2019nde saat 14.00\u2019te yap\u0131lacak.<\/p>\n<p>Girne Belediyesi\u2019nden verilen bilgiye g\u00f6re se\u00e7ici kurulunda, Prof. Dr. \u015eevket \u00d6znur, Prof. Dr. Mustafa Yenias\u0131r, Prof. Dr. Burak G\u00f6kbulut, Do\u00e7. Dr. Tayfun Nesimo\u011flu, Dr. T\u00fclay Kaya Tekman, Mehmet Kansu, Eralp Adan\u0131r ve Aysun \u00c7elik\u2019in yer ald\u0131\u011f\u0131 yar\u0131\u015fmada, ilk \u00fc\u00e7 s\u0131ralaman\u0131n \u00f6d\u00fclleri Nesim ailesi taraf\u0131ndan kar\u015f\u0131lanacak. Girne Belediyesi ise \u00f6zel \u00f6d\u00fcl  takdim edecek.<\/p>\n<p>-\u201cK\u0131rm\u0131z\u0131 ac\u0131 bir renktir\u201d \u00f6yk\u00fcs\u00fcyle R\u00fcmeysa \u00c7avu\u015f birincilik \u00f6d\u00fcl\u00fcne lay\u0131k g\u00f6r\u00fcld\u00fc<\/p>\n<p>Birincilik \u00f6d\u00fcl\u00fcne, \u201cK\u0131rm\u0131z\u0131 Ac\u0131 Bir Renktir\u201d adl\u0131 \u00f6yk\u00fcs\u00fcyle Do\u011fu Akdeniz \u00dcniversitesi \u00f6\u011frencisi R\u00fcmeysa \u00c7avu\u015f lay\u0131k g\u00f6r\u00fcld\u00fc. \u00c7avu\u015f, 6 bin TL para \u00f6d\u00fcl\u00fc ve plaket alacak.<\/p>\n<p>\u0130kincilik \u00f6d\u00fcl\u00fc ise \u201cGizli G\u00fcnl\u00fck\u201d adl\u0131 \u00f6yk\u00fcs\u00fcyle Yak\u0131n Do\u011fu \u00dcniversitesi \u00f6\u011frencisi T\u00fclaynur Koyun\u2019a verilecek.  Koyun, 4 bin TL para \u00f6d\u00fcl\u00fc ve plaket ile \u00f6d\u00fcllendirilecek.<\/p>\n<p>\u00dc\u00e7\u00fcnc\u00fcl\u00fck \u00f6d\u00fcl\u00fc de  Do\u011fu Akdeniz \u00dcniversitesi \u00f6\u011frencisi Muhammet Ali Ta\u015f\u2019a sunulacak.  \u201cKasvetli Orta Do\u011fu\u201d adl\u0131 \u00f6yk\u00fcs\u00fcyle \u00fc\u00e7\u00fcnc\u00fc olan Ta\u015f, 3 bin TL para \u00f6d\u00fcl\u00fc ve plaket alacak. <\/p>\n<p>\u201cGirne Belediyesi \u00d6zel \u00d6d\u00fcl\u00fc\u201dne ise ise Girne Amerikan \u00dcniversitesi \u00f6\u011frencisi Selma Badur lay\u0131k g\u00f6r\u00fcld\u00fc.  \u201cBa\u015f\u00f6\u011fretmen Ali Nesim\u201d adl\u0131 \u00f6yk\u00fcs\u00fcyle \u00f6d\u00fcle lay\u0131k g\u00f6r\u00fclen Badur, 2 bin TL para \u00f6d\u00fcl\u00fc ve plaket elde edecek.<\/p>\n<\/p><\/div>\n<p><script async\n                    defer\n                    crossorigin=\"anonymous\"\n                    src=\"https:\/\/connect.facebook.net\/tr_TR\/sdk.js#xfbml=1&#038;version=v3.3\"\n            ><\/script><\/p>\n","protected":false},"excerpt":{"rendered":"<p>Gen\u00e7 yazarlar\u0131 ke\u015ffederek edebiyat d\u00fcnyas\u0131na ad\u0131m atmalar\u0131n\u0131 sa\u011flamak ve K\u0131br\u0131sl\u0131 T\u00fcrk yazar, \u015fair ve akademisyen Ali Nesim\u2019in edebi miras\u0131n\u0131 ya\u015fatmay\u0131 hedefleyen \u201c\u00dcniversiteler Aras\u0131 K\u0131sa \u00d6yk\u00fc Yar\u0131\u015fmas\u0131\u201d sonu\u00e7land\u0131. Girne Belediyesi, Yak\u0131n Do\u011fu \u00dcniversitesi (T\u00fcrk\u00e7e \u00d6\u011fretmenli\u011fi B\u00f6l\u00fcm\u00fc ve K\u0131br\u0131s Ara\u015ft\u0131rmalar\u0131 Merkezi) ile K\u0131br\u0131s T\u00fcrk Yazarlar Birli\u011fi i\u015f birli\u011finde d\u00fczenlenen yar\u0131\u015fmada dereceye giren \u00f6\u011frenciler \u00f6d\u00fcllerini, Ali Nesim\u2019in \u00f6l\u00fcm [&hellip;]<\/p>\n","protected":false},"author":1,"featured_media":23442,"comment_status":"open","ping_status":"open","sticky":false,"template":"","format":"standard","meta":{"jnews-multi-image_gallery":[],"jnews_single_post":[],"jnews_primary_category":[],"footnotes":""},"categories":[5],"tags":[],"class_list":["post-23441","post","type-post","status-publish","format-standard","has-post-thumbnail","hentry","category-turkiye"],"yoast_head":"<!-- This site is optimized with the Yoast SEO plugin v27.5 - https:\/\/yoast.com\/product\/yoast-seo-wordpress\/ -->\n<title>\u00dcniversiteler Aras\u0131 K\u0131sa \u00d6yk\u00fc Yar\u0131\u015fmas\u0131 sonu\u00e7land\u0131\u2026\u00d6d\u00fcl t\u00f6reni 9 May\u0131s\u2019ta yap\u0131lacak - Haber Kuzey<\/title>\n<meta name=\"robots\" content=\"index, follow, max-snippet:-1, max-image-preview:large, max-video-preview:-1\" \/>\n<link rel=\"canonical\" href=\"https:\/\/haberkuzey.com\/index.php\/2025\/05\/05\/universiteler-arasi-kisa-oyku-yarismasi-sonuclandiodul-toreni-9-mayista-yapilacak\/\" \/>\n<meta property=\"og:locale\" content=\"tr_TR\" \/>\n<meta property=\"og:type\" content=\"article\" \/>\n<meta property=\"og:title\" content=\"\u00dcniversiteler Aras\u0131 K\u0131sa \u00d6yk\u00fc Yar\u0131\u015fmas\u0131 sonu\u00e7land\u0131\u2026\u00d6d\u00fcl t\u00f6reni 9 May\u0131s\u2019ta yap\u0131lacak - Haber Kuzey\" \/>\n<meta property=\"og:description\" content=\"Gen\u00e7 yazarlar\u0131 ke\u015ffederek edebiyat d\u00fcnyas\u0131na ad\u0131m atmalar\u0131n\u0131 sa\u011flamak ve K\u0131br\u0131sl\u0131 T\u00fcrk yazar, \u015fair ve akademisyen Ali Nesim\u2019in edebi miras\u0131n\u0131 ya\u015fatmay\u0131 hedefleyen \u201c\u00dcniversiteler Aras\u0131 K\u0131sa \u00d6yk\u00fc Yar\u0131\u015fmas\u0131\u201d sonu\u00e7land\u0131. Girne Belediyesi, Yak\u0131n Do\u011fu \u00dcniversitesi (T\u00fcrk\u00e7e \u00d6\u011fretmenli\u011fi B\u00f6l\u00fcm\u00fc ve K\u0131br\u0131s Ara\u015ft\u0131rmalar\u0131 Merkezi) ile K\u0131br\u0131s T\u00fcrk Yazarlar Birli\u011fi i\u015f birli\u011finde d\u00fczenlenen yar\u0131\u015fmada dereceye giren \u00f6\u011frenciler \u00f6d\u00fcllerini, Ali Nesim\u2019in \u00f6l\u00fcm [&hellip;]\" \/>\n<meta property=\"og:url\" content=\"https:\/\/haberkuzey.com\/index.php\/2025\/05\/05\/universiteler-arasi-kisa-oyku-yarismasi-sonuclandiodul-toreni-9-mayista-yapilacak\/\" \/>\n<meta property=\"og:site_name\" content=\"Haber Kuzey\" \/>\n<meta property=\"article:published_time\" content=\"2025-05-05T08:56:12+00:00\" \/>\n<meta property=\"og:image\" content=\"https:\/\/brtk.net\/wp-content\/uploads\/2025\/05\/05\/29857927.jpeg?ver=6170da516c7fe40e583dd9c73fe99b93\" \/>\n<meta name=\"author\" content=\"haberkuzey\" \/>\n<meta name=\"twitter:card\" content=\"summary_large_image\" \/>\n<meta name=\"twitter:label1\" content=\"Yazan:\" \/>\n\t<meta name=\"twitter:data1\" content=\"haberkuzey\" \/>\n\t<meta name=\"twitter:label2\" content=\"Tahmini okuma s\u00fcresi\" \/>\n\t<meta name=\"twitter:data2\" content=\"2 dakika\" \/>\n<script type=\"application\/ld+json\" class=\"yoast-schema-graph\">{\"@context\":\"https:\\\/\\\/schema.org\",\"@graph\":[{\"@type\":\"Article\",\"@id\":\"https:\\\/\\\/haberkuzey.com\\\/index.php\\\/2025\\\/05\\\/05\\\/universiteler-arasi-kisa-oyku-yarismasi-sonuclandiodul-toreni-9-mayista-yapilacak\\\/#article\",\"isPartOf\":{\"@id\":\"https:\\\/\\\/haberkuzey.com\\\/index.php\\\/2025\\\/05\\\/05\\\/universiteler-arasi-kisa-oyku-yarismasi-sonuclandiodul-toreni-9-mayista-yapilacak\\\/\"},\"author\":{\"name\":\"haberkuzey\",\"@id\":\"https:\\\/\\\/haberkuzey.com\\\/#\\\/schema\\\/person\\\/3372109ec735f9333f4fa47ebb9605ca\"},\"headline\":\"\u00dcniversiteler Aras\u0131 K\u0131sa \u00d6yk\u00fc Yar\u0131\u015fmas\u0131 sonu\u00e7land\u0131\u2026\u00d6d\u00fcl t\u00f6reni 9 May\u0131s\u2019ta yap\u0131lacak\",\"datePublished\":\"2025-05-05T08:56:12+00:00\",\"mainEntityOfPage\":{\"@id\":\"https:\\\/\\\/haberkuzey.com\\\/index.php\\\/2025\\\/05\\\/05\\\/universiteler-arasi-kisa-oyku-yarismasi-sonuclandiodul-toreni-9-mayista-yapilacak\\\/\"},\"wordCount\":373,\"commentCount\":0,\"image\":{\"@id\":\"https:\\\/\\\/haberkuzey.com\\\/index.php\\\/2025\\\/05\\\/05\\\/universiteler-arasi-kisa-oyku-yarismasi-sonuclandiodul-toreni-9-mayista-yapilacak\\\/#primaryimage\"},\"thumbnailUrl\":\"https:\\\/\\\/haberkuzey.com\\\/wp-content\\\/uploads\\\/2025\\\/05\\\/29857927.jpeg\",\"articleSection\":[\"T\u00fcrkiye\"],\"inLanguage\":\"tr\",\"potentialAction\":[{\"@type\":\"CommentAction\",\"name\":\"Comment\",\"target\":[\"https:\\\/\\\/haberkuzey.com\\\/index.php\\\/2025\\\/05\\\/05\\\/universiteler-arasi-kisa-oyku-yarismasi-sonuclandiodul-toreni-9-mayista-yapilacak\\\/#respond\"]}]},{\"@type\":\"WebPage\",\"@id\":\"https:\\\/\\\/haberkuzey.com\\\/index.php\\\/2025\\\/05\\\/05\\\/universiteler-arasi-kisa-oyku-yarismasi-sonuclandiodul-toreni-9-mayista-yapilacak\\\/\",\"url\":\"https:\\\/\\\/haberkuzey.com\\\/index.php\\\/2025\\\/05\\\/05\\\/universiteler-arasi-kisa-oyku-yarismasi-sonuclandiodul-toreni-9-mayista-yapilacak\\\/\",\"name\":\"\u00dcniversiteler Aras\u0131 K\u0131sa \u00d6yk\u00fc Yar\u0131\u015fmas\u0131 sonu\u00e7land\u0131\u2026\u00d6d\u00fcl t\u00f6reni 9 May\u0131s\u2019ta yap\u0131lacak - Haber Kuzey\",\"isPartOf\":{\"@id\":\"https:\\\/\\\/haberkuzey.com\\\/#website\"},\"primaryImageOfPage\":{\"@id\":\"https:\\\/\\\/haberkuzey.com\\\/index.php\\\/2025\\\/05\\\/05\\\/universiteler-arasi-kisa-oyku-yarismasi-sonuclandiodul-toreni-9-mayista-yapilacak\\\/#primaryimage\"},\"image\":{\"@id\":\"https:\\\/\\\/haberkuzey.com\\\/index.php\\\/2025\\\/05\\\/05\\\/universiteler-arasi-kisa-oyku-yarismasi-sonuclandiodul-toreni-9-mayista-yapilacak\\\/#primaryimage\"},\"thumbnailUrl\":\"https:\\\/\\\/haberkuzey.com\\\/wp-content\\\/uploads\\\/2025\\\/05\\\/29857927.jpeg\",\"datePublished\":\"2025-05-05T08:56:12+00:00\",\"author\":{\"@id\":\"https:\\\/\\\/haberkuzey.com\\\/#\\\/schema\\\/person\\\/3372109ec735f9333f4fa47ebb9605ca\"},\"breadcrumb\":{\"@id\":\"https:\\\/\\\/haberkuzey.com\\\/index.php\\\/2025\\\/05\\\/05\\\/universiteler-arasi-kisa-oyku-yarismasi-sonuclandiodul-toreni-9-mayista-yapilacak\\\/#breadcrumb\"},\"inLanguage\":\"tr\",\"potentialAction\":[{\"@type\":\"ReadAction\",\"target\":[\"https:\\\/\\\/haberkuzey.com\\\/index.php\\\/2025\\\/05\\\/05\\\/universiteler-arasi-kisa-oyku-yarismasi-sonuclandiodul-toreni-9-mayista-yapilacak\\\/\"]}]},{\"@type\":\"ImageObject\",\"inLanguage\":\"tr\",\"@id\":\"https:\\\/\\\/haberkuzey.com\\\/index.php\\\/2025\\\/05\\\/05\\\/universiteler-arasi-kisa-oyku-yarismasi-sonuclandiodul-toreni-9-mayista-yapilacak\\\/#primaryimage\",\"url\":\"https:\\\/\\\/haberkuzey.com\\\/wp-content\\\/uploads\\\/2025\\\/05\\\/29857927.jpeg\",\"contentUrl\":\"https:\\\/\\\/haberkuzey.com\\\/wp-content\\\/uploads\\\/2025\\\/05\\\/29857927.jpeg\",\"width\":1280,\"height\":1600},{\"@type\":\"BreadcrumbList\",\"@id\":\"https:\\\/\\\/haberkuzey.com\\\/index.php\\\/2025\\\/05\\\/05\\\/universiteler-arasi-kisa-oyku-yarismasi-sonuclandiodul-toreni-9-mayista-yapilacak\\\/#breadcrumb\",\"itemListElement\":[{\"@type\":\"ListItem\",\"position\":1,\"name\":\"Anasayfa\",\"item\":\"https:\\\/\\\/haberkuzey.com\\\/\"},{\"@type\":\"ListItem\",\"position\":2,\"name\":\"\u00dcniversiteler Aras\u0131 K\u0131sa \u00d6yk\u00fc Yar\u0131\u015fmas\u0131 sonu\u00e7land\u0131\u2026\u00d6d\u00fcl t\u00f6reni 9 May\u0131s\u2019ta yap\u0131lacak\"}]},{\"@type\":\"WebSite\",\"@id\":\"https:\\\/\\\/haberkuzey.com\\\/#website\",\"url\":\"https:\\\/\\\/haberkuzey.com\\\/\",\"name\":\"Haber Kuzey\",\"description\":\"Do\u011fru Haberin Adresi\",\"potentialAction\":[{\"@type\":\"SearchAction\",\"target\":{\"@type\":\"EntryPoint\",\"urlTemplate\":\"https:\\\/\\\/haberkuzey.com\\\/?s={search_term_string}\"},\"query-input\":{\"@type\":\"PropertyValueSpecification\",\"valueRequired\":true,\"valueName\":\"search_term_string\"}}],\"inLanguage\":\"tr\"},{\"@type\":\"Person\",\"@id\":\"https:\\\/\\\/haberkuzey.com\\\/#\\\/schema\\\/person\\\/3372109ec735f9333f4fa47ebb9605ca\",\"name\":\"haberkuzey\",\"image\":{\"@type\":\"ImageObject\",\"inLanguage\":\"tr\",\"@id\":\"https:\\\/\\\/secure.gravatar.com\\\/avatar\\\/f5fc875574b1575324358c3b9e6a32b8227aa5b74f3fa22e3cadb63e26fcc39c?s=96&d=mm&r=g\",\"url\":\"https:\\\/\\\/secure.gravatar.com\\\/avatar\\\/f5fc875574b1575324358c3b9e6a32b8227aa5b74f3fa22e3cadb63e26fcc39c?s=96&d=mm&r=g\",\"contentUrl\":\"https:\\\/\\\/secure.gravatar.com\\\/avatar\\\/f5fc875574b1575324358c3b9e6a32b8227aa5b74f3fa22e3cadb63e26fcc39c?s=96&d=mm&r=g\",\"caption\":\"haberkuzey\"},\"sameAs\":[\"https:\\\/\\\/haberkuzey.com\"],\"url\":\"https:\\\/\\\/haberkuzey.com\\\/index.php\\\/author\\\/haberkuzey\\\/\"}]}<\/script>\n<!-- \/ Yoast SEO plugin. -->","yoast_head_json":{"title":"\u00dcniversiteler Aras\u0131 K\u0131sa \u00d6yk\u00fc Yar\u0131\u015fmas\u0131 sonu\u00e7land\u0131\u2026\u00d6d\u00fcl t\u00f6reni 9 May\u0131s\u2019ta yap\u0131lacak - Haber Kuzey","robots":{"index":"index","follow":"follow","max-snippet":"max-snippet:-1","max-image-preview":"max-image-preview:large","max-video-preview":"max-video-preview:-1"},"canonical":"https:\/\/haberkuzey.com\/index.php\/2025\/05\/05\/universiteler-arasi-kisa-oyku-yarismasi-sonuclandiodul-toreni-9-mayista-yapilacak\/","og_locale":"tr_TR","og_type":"article","og_title":"\u00dcniversiteler Aras\u0131 K\u0131sa \u00d6yk\u00fc Yar\u0131\u015fmas\u0131 sonu\u00e7land\u0131\u2026\u00d6d\u00fcl t\u00f6reni 9 May\u0131s\u2019ta yap\u0131lacak - Haber Kuzey","og_description":"Gen\u00e7 yazarlar\u0131 ke\u015ffederek edebiyat d\u00fcnyas\u0131na ad\u0131m atmalar\u0131n\u0131 sa\u011flamak ve K\u0131br\u0131sl\u0131 T\u00fcrk yazar, \u015fair ve akademisyen Ali Nesim\u2019in edebi miras\u0131n\u0131 ya\u015fatmay\u0131 hedefleyen \u201c\u00dcniversiteler Aras\u0131 K\u0131sa \u00d6yk\u00fc Yar\u0131\u015fmas\u0131\u201d sonu\u00e7land\u0131. Girne Belediyesi, Yak\u0131n Do\u011fu \u00dcniversitesi (T\u00fcrk\u00e7e \u00d6\u011fretmenli\u011fi B\u00f6l\u00fcm\u00fc ve K\u0131br\u0131s Ara\u015ft\u0131rmalar\u0131 Merkezi) ile K\u0131br\u0131s T\u00fcrk Yazarlar Birli\u011fi i\u015f birli\u011finde d\u00fczenlenen yar\u0131\u015fmada dereceye giren \u00f6\u011frenciler \u00f6d\u00fcllerini, Ali Nesim\u2019in \u00f6l\u00fcm [&hellip;]","og_url":"https:\/\/haberkuzey.com\/index.php\/2025\/05\/05\/universiteler-arasi-kisa-oyku-yarismasi-sonuclandiodul-toreni-9-mayista-yapilacak\/","og_site_name":"Haber Kuzey","article_published_time":"2025-05-05T08:56:12+00:00","og_image":[{"url":"https:\/\/brtk.net\/wp-content\/uploads\/2025\/05\/05\/29857927.jpeg?ver=6170da516c7fe40e583dd9c73fe99b93","type":"","width":"","height":""}],"author":"haberkuzey","twitter_card":"summary_large_image","twitter_misc":{"Yazan:":"haberkuzey","Tahmini okuma s\u00fcresi":"2 dakika"},"schema":{"@context":"https:\/\/schema.org","@graph":[{"@type":"Article","@id":"https:\/\/haberkuzey.com\/index.php\/2025\/05\/05\/universiteler-arasi-kisa-oyku-yarismasi-sonuclandiodul-toreni-9-mayista-yapilacak\/#article","isPartOf":{"@id":"https:\/\/haberkuzey.com\/index.php\/2025\/05\/05\/universiteler-arasi-kisa-oyku-yarismasi-sonuclandiodul-toreni-9-mayista-yapilacak\/"},"author":{"name":"haberkuzey","@id":"https:\/\/haberkuzey.com\/#\/schema\/person\/3372109ec735f9333f4fa47ebb9605ca"},"headline":"\u00dcniversiteler Aras\u0131 K\u0131sa \u00d6yk\u00fc Yar\u0131\u015fmas\u0131 sonu\u00e7land\u0131\u2026\u00d6d\u00fcl t\u00f6reni 9 May\u0131s\u2019ta yap\u0131lacak","datePublished":"2025-05-05T08:56:12+00:00","mainEntityOfPage":{"@id":"https:\/\/haberkuzey.com\/index.php\/2025\/05\/05\/universiteler-arasi-kisa-oyku-yarismasi-sonuclandiodul-toreni-9-mayista-yapilacak\/"},"wordCount":373,"commentCount":0,"image":{"@id":"https:\/\/haberkuzey.com\/index.php\/2025\/05\/05\/universiteler-arasi-kisa-oyku-yarismasi-sonuclandiodul-toreni-9-mayista-yapilacak\/#primaryimage"},"thumbnailUrl":"https:\/\/haberkuzey.com\/wp-content\/uploads\/2025\/05\/29857927.jpeg","articleSection":["T\u00fcrkiye"],"inLanguage":"tr","potentialAction":[{"@type":"CommentAction","name":"Comment","target":["https:\/\/haberkuzey.com\/index.php\/2025\/05\/05\/universiteler-arasi-kisa-oyku-yarismasi-sonuclandiodul-toreni-9-mayista-yapilacak\/#respond"]}]},{"@type":"WebPage","@id":"https:\/\/haberkuzey.com\/index.php\/2025\/05\/05\/universiteler-arasi-kisa-oyku-yarismasi-sonuclandiodul-toreni-9-mayista-yapilacak\/","url":"https:\/\/haberkuzey.com\/index.php\/2025\/05\/05\/universiteler-arasi-kisa-oyku-yarismasi-sonuclandiodul-toreni-9-mayista-yapilacak\/","name":"\u00dcniversiteler Aras\u0131 K\u0131sa \u00d6yk\u00fc Yar\u0131\u015fmas\u0131 sonu\u00e7land\u0131\u2026\u00d6d\u00fcl t\u00f6reni 9 May\u0131s\u2019ta yap\u0131lacak - Haber Kuzey","isPartOf":{"@id":"https:\/\/haberkuzey.com\/#website"},"primaryImageOfPage":{"@id":"https:\/\/haberkuzey.com\/index.php\/2025\/05\/05\/universiteler-arasi-kisa-oyku-yarismasi-sonuclandiodul-toreni-9-mayista-yapilacak\/#primaryimage"},"image":{"@id":"https:\/\/haberkuzey.com\/index.php\/2025\/05\/05\/universiteler-arasi-kisa-oyku-yarismasi-sonuclandiodul-toreni-9-mayista-yapilacak\/#primaryimage"},"thumbnailUrl":"https:\/\/haberkuzey.com\/wp-content\/uploads\/2025\/05\/29857927.jpeg","datePublished":"2025-05-05T08:56:12+00:00","author":{"@id":"https:\/\/haberkuzey.com\/#\/schema\/person\/3372109ec735f9333f4fa47ebb9605ca"},"breadcrumb":{"@id":"https:\/\/haberkuzey.com\/index.php\/2025\/05\/05\/universiteler-arasi-kisa-oyku-yarismasi-sonuclandiodul-toreni-9-mayista-yapilacak\/#breadcrumb"},"inLanguage":"tr","potentialAction":[{"@type":"ReadAction","target":["https:\/\/haberkuzey.com\/index.php\/2025\/05\/05\/universiteler-arasi-kisa-oyku-yarismasi-sonuclandiodul-toreni-9-mayista-yapilacak\/"]}]},{"@type":"ImageObject","inLanguage":"tr","@id":"https:\/\/haberkuzey.com\/index.php\/2025\/05\/05\/universiteler-arasi-kisa-oyku-yarismasi-sonuclandiodul-toreni-9-mayista-yapilacak\/#primaryimage","url":"https:\/\/haberkuzey.com\/wp-content\/uploads\/2025\/05\/29857927.jpeg","contentUrl":"https:\/\/haberkuzey.com\/wp-content\/uploads\/2025\/05\/29857927.jpeg","width":1280,"height":1600},{"@type":"BreadcrumbList","@id":"https:\/\/haberkuzey.com\/index.php\/2025\/05\/05\/universiteler-arasi-kisa-oyku-yarismasi-sonuclandiodul-toreni-9-mayista-yapilacak\/#breadcrumb","itemListElement":[{"@type":"ListItem","position":1,"name":"Anasayfa","item":"https:\/\/haberkuzey.com\/"},{"@type":"ListItem","position":2,"name":"\u00dcniversiteler Aras\u0131 K\u0131sa \u00d6yk\u00fc Yar\u0131\u015fmas\u0131 sonu\u00e7land\u0131\u2026\u00d6d\u00fcl t\u00f6reni 9 May\u0131s\u2019ta yap\u0131lacak"}]},{"@type":"WebSite","@id":"https:\/\/haberkuzey.com\/#website","url":"https:\/\/haberkuzey.com\/","name":"Haber Kuzey","description":"Do\u011fru Haberin Adresi","potentialAction":[{"@type":"SearchAction","target":{"@type":"EntryPoint","urlTemplate":"https:\/\/haberkuzey.com\/?s={search_term_string}"},"query-input":{"@type":"PropertyValueSpecification","valueRequired":true,"valueName":"search_term_string"}}],"inLanguage":"tr"},{"@type":"Person","@id":"https:\/\/haberkuzey.com\/#\/schema\/person\/3372109ec735f9333f4fa47ebb9605ca","name":"haberkuzey","image":{"@type":"ImageObject","inLanguage":"tr","@id":"https:\/\/secure.gravatar.com\/avatar\/f5fc875574b1575324358c3b9e6a32b8227aa5b74f3fa22e3cadb63e26fcc39c?s=96&d=mm&r=g","url":"https:\/\/secure.gravatar.com\/avatar\/f5fc875574b1575324358c3b9e6a32b8227aa5b74f3fa22e3cadb63e26fcc39c?s=96&d=mm&r=g","contentUrl":"https:\/\/secure.gravatar.com\/avatar\/f5fc875574b1575324358c3b9e6a32b8227aa5b74f3fa22e3cadb63e26fcc39c?s=96&d=mm&r=g","caption":"haberkuzey"},"sameAs":["https:\/\/haberkuzey.com"],"url":"https:\/\/haberkuzey.com\/index.php\/author\/haberkuzey\/"}]}},"_links":{"self":[{"href":"https:\/\/haberkuzey.com\/index.php\/wp-json\/wp\/v2\/posts\/23441","targetHints":{"allow":["GET"]}}],"collection":[{"href":"https:\/\/haberkuzey.com\/index.php\/wp-json\/wp\/v2\/posts"}],"about":[{"href":"https:\/\/haberkuzey.com\/index.php\/wp-json\/wp\/v2\/types\/post"}],"author":[{"embeddable":true,"href":"https:\/\/haberkuzey.com\/index.php\/wp-json\/wp\/v2\/users\/1"}],"replies":[{"embeddable":true,"href":"https:\/\/haberkuzey.com\/index.php\/wp-json\/wp\/v2\/comments?post=23441"}],"version-history":[{"count":0,"href":"https:\/\/haberkuzey.com\/index.php\/wp-json\/wp\/v2\/posts\/23441\/revisions"}],"wp:featuredmedia":[{"embeddable":true,"href":"https:\/\/haberkuzey.com\/index.php\/wp-json\/wp\/v2\/media\/23442"}],"wp:attachment":[{"href":"https:\/\/haberkuzey.com\/index.php\/wp-json\/wp\/v2\/media?parent=23441"}],"wp:term":[{"taxonomy":"category","embeddable":true,"href":"https:\/\/haberkuzey.com\/index.php\/wp-json\/wp\/v2\/categories?post=23441"},{"taxonomy":"post_tag","embeddable":true,"href":"https:\/\/haberkuzey.com\/index.php\/wp-json\/wp\/v2\/tags?post=23441"}],"curies":[{"name":"wp","href":"https:\/\/api.w.org\/{rel}","templated":true}]}}