{"id":23373,"date":"2025-05-04T15:03:24","date_gmt":"2025-05-04T12:03:24","guid":{"rendered":"https:\/\/haberkuzey.com\/index.php\/2025\/05\/04\/kktc-karadeniz-kultur-derneginin-17-olagan-baskanlik-ve-merkez-yonetim-kurulu-secimi-yapiliyor\/"},"modified":"2025-05-04T15:03:24","modified_gmt":"2025-05-04T12:03:24","slug":"kktc-karadeniz-kultur-derneginin-17-olagan-baskanlik-ve-merkez-yonetim-kurulu-secimi-yapiliyor","status":"publish","type":"post","link":"https:\/\/haberkuzey.com\/index.php\/2025\/05\/04\/kktc-karadeniz-kultur-derneginin-17-olagan-baskanlik-ve-merkez-yonetim-kurulu-secimi-yapiliyor\/","title":{"rendered":"KKTC Karadeniz K\u00fclt\u00fcr Derne\u011fi\u2019nin 17. Ola\u011fan Ba\u015fkanl\u0131k ve Merkez Y\u00f6netim Kurulu se\u00e7imi  yap\u0131l\u0131yor"},"content":{"rendered":"<div>\n<div class=\"mariselle-image-container center\">\n                                            <\/div>\n<p>KKTC Karadeniz K\u00fclt\u00fcr Derne\u011fi\u2019nin 17. Ola\u011fan Ba\u015fkanl\u0131k ve Merkez Y\u00f6netim Kurulu se\u00e7imi  yap\u0131l\u0131yor.<\/p>\n<p>\u0130skele\u2019de dernek binas\u0131nda ,Girne\u2019de  Ertu\u011frul Apakan Spor Salonu\u2019nda yer alan oy verme i\u015flemi saat 09.00 ba\u015flad\u0131.<\/p>\n<div class=\"mariselle-image-container center\">\n                <img decoding=\"async\" width=\"2560\" height=\"1439\" class=\"lazy-image\" alt=\"\" sizes=\"(max-width: 2560px) 100vw, 2560px\" src=\"https:\/\/brtk.net\/wp-content\/uploads\/2025\/05\/04\/InShot_20250504_151835362-scaled.jpg?ver=946c43b4e978096189cef077709baf42\" srcset=\"https:\/\/brtk.net\/wp-content\/uploads\/2025\/05\/04\/InShot_20250504_151835362-scaled.jpg?ver=946c43b4e978096189cef077709baf42 2560w, https:\/\/brtk.net\/wp-content\/uploads\/2025\/05\/04\/InShot_20250504_151835362-300x169.jpg?ver=946c43b4e978096189cef077709baf42 300w, https:\/\/brtk.net\/wp-content\/uploads\/2025\/05\/04\/InShot_20250504_151835362-1024x576.jpg?ver=8fbddd8762cd4737006df014076d1c16 1024w, https:\/\/brtk.net\/wp-content\/uploads\/2025\/05\/04\/InShot_20250504_151835362-768x432.jpg?ver=3ee0e116123154fd3385a8313b2af6dc 768w, https:\/\/brtk.net\/wp-content\/uploads\/2025\/05\/04\/InShot_20250504_151835362-1536x863.jpg?ver=69a6be8311314ad9e42e1d82c08b6916 1536w, https:\/\/brtk.net\/wp-content\/uploads\/2025\/05\/04\/InShot_20250504_151835362-2048x1151.jpg?ver=beed30ef9bc2c0c03fce674c89671317 2048w\"\/>                            <\/div>\n<p>Ba\u015fkanl\u0131k i\u00e7in Murat  Zeki Civelek ile Ahmet Dursun yar\u0131\u015f\u0131yor.<br \/>Saat 19;00 a kadar devam edecek oy verme i\u015flemi sonucunda derne\u011fin 6 b\u00f6lgeden yeni y\u00f6netim kurulu \u00fcyeleri de belirlenmi\u015f olacak.<\/p>\n<\/p><\/div>\n<p><script async\n                    defer\n                    crossorigin=\"anonymous\"\n                    src=\"https:\/\/connect.facebook.net\/tr_TR\/sdk.js#xfbml=1&#038;version=v3.3\"\n            ><\/script><\/p>\n","protected":false},"excerpt":{"rendered":"<p>KKTC Karadeniz K\u00fclt\u00fcr Derne\u011fi\u2019nin 17. Ola\u011fan Ba\u015fkanl\u0131k ve Merkez Y\u00f6netim Kurulu se\u00e7imi yap\u0131l\u0131yor. \u0130skele\u2019de dernek binas\u0131nda ,Girne\u2019de Ertu\u011frul Apakan Spor Salonu\u2019nda yer alan oy verme i\u015flemi saat 09.00 ba\u015flad\u0131. Ba\u015fkanl\u0131k i\u00e7in Murat Zeki Civelek ile Ahmet Dursun yar\u0131\u015f\u0131yor.Saat 19;00 a kadar devam edecek oy verme i\u015flemi sonucunda derne\u011fin 6 b\u00f6lgeden yeni y\u00f6netim kurulu \u00fcyeleri de [&hellip;]<\/p>\n","protected":false},"author":1,"featured_media":23374,"comment_status":"open","ping_status":"open","sticky":false,"template":"","format":"standard","meta":{"jnews-multi-image_gallery":[],"jnews_single_post":[],"jnews_primary_category":[],"footnotes":""},"categories":[1],"tags":[],"class_list":["post-23373","post","type-post","status-publish","format-standard","has-post-thumbnail","hentry","category-kibris"],"yoast_head":"<!-- This site is optimized with the Yoast SEO plugin v27.5 - https:\/\/yoast.com\/product\/yoast-seo-wordpress\/ -->\n<title>KKTC Karadeniz K\u00fclt\u00fcr Derne\u011fi\u2019nin 17. Ola\u011fan Ba\u015fkanl\u0131k ve Merkez Y\u00f6netim Kurulu se\u00e7imi yap\u0131l\u0131yor - Haber Kuzey<\/title>\n<meta name=\"robots\" content=\"index, follow, max-snippet:-1, max-image-preview:large, max-video-preview:-1\" \/>\n<link rel=\"canonical\" href=\"https:\/\/haberkuzey.com\/index.php\/2025\/05\/04\/kktc-karadeniz-kultur-derneginin-17-olagan-baskanlik-ve-merkez-yonetim-kurulu-secimi-yapiliyor\/\" \/>\n<meta property=\"og:locale\" content=\"tr_TR\" \/>\n<meta property=\"og:type\" content=\"article\" \/>\n<meta property=\"og:title\" content=\"KKTC Karadeniz K\u00fclt\u00fcr Derne\u011fi\u2019nin 17. Ola\u011fan Ba\u015fkanl\u0131k ve Merkez Y\u00f6netim Kurulu se\u00e7imi yap\u0131l\u0131yor - Haber Kuzey\" \/>\n<meta property=\"og:description\" content=\"KKTC Karadeniz K\u00fclt\u00fcr Derne\u011fi\u2019nin 17. Ola\u011fan Ba\u015fkanl\u0131k ve Merkez Y\u00f6netim Kurulu se\u00e7imi yap\u0131l\u0131yor. \u0130skele\u2019de dernek binas\u0131nda ,Girne\u2019de Ertu\u011frul Apakan Spor Salonu\u2019nda yer alan oy verme i\u015flemi saat 09.00 ba\u015flad\u0131. Ba\u015fkanl\u0131k i\u00e7in Murat Zeki Civelek ile Ahmet Dursun yar\u0131\u015f\u0131yor.Saat 19;00 a kadar devam edecek oy verme i\u015flemi sonucunda derne\u011fin 6 b\u00f6lgeden yeni y\u00f6netim kurulu \u00fcyeleri de [&hellip;]\" \/>\n<meta property=\"og:url\" content=\"https:\/\/haberkuzey.com\/index.php\/2025\/05\/04\/kktc-karadeniz-kultur-derneginin-17-olagan-baskanlik-ve-merkez-yonetim-kurulu-secimi-yapiliyor\/\" \/>\n<meta property=\"og:site_name\" content=\"Haber Kuzey\" \/>\n<meta property=\"article:published_time\" content=\"2025-05-04T12:03:24+00:00\" \/>\n<meta property=\"og:image\" content=\"https:\/\/brtk.net\/wp-content\/uploads\/2025\/05\/04\/karadeniz-kultur-dernegi.jpg?ver=e5c75b6220baf11510009d4c75b3e72b\" \/>\n<meta name=\"author\" content=\"haberkuzey\" \/>\n<meta name=\"twitter:card\" content=\"summary_large_image\" \/>\n<meta name=\"twitter:label1\" content=\"Yazan:\" \/>\n\t<meta name=\"twitter:data1\" content=\"haberkuzey\" \/>\n<script type=\"application\/ld+json\" class=\"yoast-schema-graph\">{\"@context\":\"https:\\\/\\\/schema.org\",\"@graph\":[{\"@type\":\"Article\",\"@id\":\"https:\\\/\\\/haberkuzey.com\\\/index.php\\\/2025\\\/05\\\/04\\\/kktc-karadeniz-kultur-derneginin-17-olagan-baskanlik-ve-merkez-yonetim-kurulu-secimi-yapiliyor\\\/#article\",\"isPartOf\":{\"@id\":\"https:\\\/\\\/haberkuzey.com\\\/index.php\\\/2025\\\/05\\\/04\\\/kktc-karadeniz-kultur-derneginin-17-olagan-baskanlik-ve-merkez-yonetim-kurulu-secimi-yapiliyor\\\/\"},\"author\":{\"name\":\"haberkuzey\",\"@id\":\"https:\\\/\\\/haberkuzey.com\\\/#\\\/schema\\\/person\\\/3372109ec735f9333f4fa47ebb9605ca\"},\"headline\":\"KKTC Karadeniz K\u00fclt\u00fcr Derne\u011fi\u2019nin 17. Ola\u011fan Ba\u015fkanl\u0131k ve Merkez Y\u00f6netim Kurulu se\u00e7imi yap\u0131l\u0131yor\",\"datePublished\":\"2025-05-04T12:03:24+00:00\",\"mainEntityOfPage\":{\"@id\":\"https:\\\/\\\/haberkuzey.com\\\/index.php\\\/2025\\\/05\\\/04\\\/kktc-karadeniz-kultur-derneginin-17-olagan-baskanlik-ve-merkez-yonetim-kurulu-secimi-yapiliyor\\\/\"},\"wordCount\":103,\"commentCount\":0,\"image\":{\"@id\":\"https:\\\/\\\/haberkuzey.com\\\/index.php\\\/2025\\\/05\\\/04\\\/kktc-karadeniz-kultur-derneginin-17-olagan-baskanlik-ve-merkez-yonetim-kurulu-secimi-yapiliyor\\\/#primaryimage\"},\"thumbnailUrl\":\"https:\\\/\\\/haberkuzey.com\\\/wp-content\\\/uploads\\\/2025\\\/05\\\/InShot_20250504_151835362-scaled.jpg\",\"articleSection\":[\"K\u0131br\u0131s\"],\"inLanguage\":\"tr\",\"potentialAction\":[{\"@type\":\"CommentAction\",\"name\":\"Comment\",\"target\":[\"https:\\\/\\\/haberkuzey.com\\\/index.php\\\/2025\\\/05\\\/04\\\/kktc-karadeniz-kultur-derneginin-17-olagan-baskanlik-ve-merkez-yonetim-kurulu-secimi-yapiliyor\\\/#respond\"]}]},{\"@type\":\"WebPage\",\"@id\":\"https:\\\/\\\/haberkuzey.com\\\/index.php\\\/2025\\\/05\\\/04\\\/kktc-karadeniz-kultur-derneginin-17-olagan-baskanlik-ve-merkez-yonetim-kurulu-secimi-yapiliyor\\\/\",\"url\":\"https:\\\/\\\/haberkuzey.com\\\/index.php\\\/2025\\\/05\\\/04\\\/kktc-karadeniz-kultur-derneginin-17-olagan-baskanlik-ve-merkez-yonetim-kurulu-secimi-yapiliyor\\\/\",\"name\":\"KKTC Karadeniz K\u00fclt\u00fcr Derne\u011fi\u2019nin 17. Ola\u011fan Ba\u015fkanl\u0131k ve Merkez Y\u00f6netim Kurulu se\u00e7imi yap\u0131l\u0131yor - Haber Kuzey\",\"isPartOf\":{\"@id\":\"https:\\\/\\\/haberkuzey.com\\\/#website\"},\"primaryImageOfPage\":{\"@id\":\"https:\\\/\\\/haberkuzey.com\\\/index.php\\\/2025\\\/05\\\/04\\\/kktc-karadeniz-kultur-derneginin-17-olagan-baskanlik-ve-merkez-yonetim-kurulu-secimi-yapiliyor\\\/#primaryimage\"},\"image\":{\"@id\":\"https:\\\/\\\/haberkuzey.com\\\/index.php\\\/2025\\\/05\\\/04\\\/kktc-karadeniz-kultur-derneginin-17-olagan-baskanlik-ve-merkez-yonetim-kurulu-secimi-yapiliyor\\\/#primaryimage\"},\"thumbnailUrl\":\"https:\\\/\\\/haberkuzey.com\\\/wp-content\\\/uploads\\\/2025\\\/05\\\/InShot_20250504_151835362-scaled.jpg\",\"datePublished\":\"2025-05-04T12:03:24+00:00\",\"author\":{\"@id\":\"https:\\\/\\\/haberkuzey.com\\\/#\\\/schema\\\/person\\\/3372109ec735f9333f4fa47ebb9605ca\"},\"breadcrumb\":{\"@id\":\"https:\\\/\\\/haberkuzey.com\\\/index.php\\\/2025\\\/05\\\/04\\\/kktc-karadeniz-kultur-derneginin-17-olagan-baskanlik-ve-merkez-yonetim-kurulu-secimi-yapiliyor\\\/#breadcrumb\"},\"inLanguage\":\"tr\",\"potentialAction\":[{\"@type\":\"ReadAction\",\"target\":[\"https:\\\/\\\/haberkuzey.com\\\/index.php\\\/2025\\\/05\\\/04\\\/kktc-karadeniz-kultur-derneginin-17-olagan-baskanlik-ve-merkez-yonetim-kurulu-secimi-yapiliyor\\\/\"]}]},{\"@type\":\"ImageObject\",\"inLanguage\":\"tr\",\"@id\":\"https:\\\/\\\/haberkuzey.com\\\/index.php\\\/2025\\\/05\\\/04\\\/kktc-karadeniz-kultur-derneginin-17-olagan-baskanlik-ve-merkez-yonetim-kurulu-secimi-yapiliyor\\\/#primaryimage\",\"url\":\"https:\\\/\\\/haberkuzey.com\\\/wp-content\\\/uploads\\\/2025\\\/05\\\/InShot_20250504_151835362-scaled.jpg\",\"contentUrl\":\"https:\\\/\\\/haberkuzey.com\\\/wp-content\\\/uploads\\\/2025\\\/05\\\/InShot_20250504_151835362-scaled.jpg\",\"width\":2560,\"height\":1439},{\"@type\":\"BreadcrumbList\",\"@id\":\"https:\\\/\\\/haberkuzey.com\\\/index.php\\\/2025\\\/05\\\/04\\\/kktc-karadeniz-kultur-derneginin-17-olagan-baskanlik-ve-merkez-yonetim-kurulu-secimi-yapiliyor\\\/#breadcrumb\",\"itemListElement\":[{\"@type\":\"ListItem\",\"position\":1,\"name\":\"Anasayfa\",\"item\":\"https:\\\/\\\/haberkuzey.com\\\/\"},{\"@type\":\"ListItem\",\"position\":2,\"name\":\"KKTC Karadeniz K\u00fclt\u00fcr Derne\u011fi\u2019nin 17. Ola\u011fan Ba\u015fkanl\u0131k ve Merkez Y\u00f6netim Kurulu se\u00e7imi yap\u0131l\u0131yor\"}]},{\"@type\":\"WebSite\",\"@id\":\"https:\\\/\\\/haberkuzey.com\\\/#website\",\"url\":\"https:\\\/\\\/haberkuzey.com\\\/\",\"name\":\"Haber Kuzey\",\"description\":\"Do\u011fru Haberin Adresi\",\"potentialAction\":[{\"@type\":\"SearchAction\",\"target\":{\"@type\":\"EntryPoint\",\"urlTemplate\":\"https:\\\/\\\/haberkuzey.com\\\/?s={search_term_string}\"},\"query-input\":{\"@type\":\"PropertyValueSpecification\",\"valueRequired\":true,\"valueName\":\"search_term_string\"}}],\"inLanguage\":\"tr\"},{\"@type\":\"Person\",\"@id\":\"https:\\\/\\\/haberkuzey.com\\\/#\\\/schema\\\/person\\\/3372109ec735f9333f4fa47ebb9605ca\",\"name\":\"haberkuzey\",\"image\":{\"@type\":\"ImageObject\",\"inLanguage\":\"tr\",\"@id\":\"https:\\\/\\\/secure.gravatar.com\\\/avatar\\\/f5fc875574b1575324358c3b9e6a32b8227aa5b74f3fa22e3cadb63e26fcc39c?s=96&d=mm&r=g\",\"url\":\"https:\\\/\\\/secure.gravatar.com\\\/avatar\\\/f5fc875574b1575324358c3b9e6a32b8227aa5b74f3fa22e3cadb63e26fcc39c?s=96&d=mm&r=g\",\"contentUrl\":\"https:\\\/\\\/secure.gravatar.com\\\/avatar\\\/f5fc875574b1575324358c3b9e6a32b8227aa5b74f3fa22e3cadb63e26fcc39c?s=96&d=mm&r=g\",\"caption\":\"haberkuzey\"},\"sameAs\":[\"https:\\\/\\\/haberkuzey.com\"],\"url\":\"https:\\\/\\\/haberkuzey.com\\\/index.php\\\/author\\\/haberkuzey\\\/\"}]}<\/script>\n<!-- \/ Yoast SEO plugin. -->","yoast_head_json":{"title":"KKTC Karadeniz K\u00fclt\u00fcr Derne\u011fi\u2019nin 17. Ola\u011fan Ba\u015fkanl\u0131k ve Merkez Y\u00f6netim Kurulu se\u00e7imi yap\u0131l\u0131yor - Haber Kuzey","robots":{"index":"index","follow":"follow","max-snippet":"max-snippet:-1","max-image-preview":"max-image-preview:large","max-video-preview":"max-video-preview:-1"},"canonical":"https:\/\/haberkuzey.com\/index.php\/2025\/05\/04\/kktc-karadeniz-kultur-derneginin-17-olagan-baskanlik-ve-merkez-yonetim-kurulu-secimi-yapiliyor\/","og_locale":"tr_TR","og_type":"article","og_title":"KKTC Karadeniz K\u00fclt\u00fcr Derne\u011fi\u2019nin 17. Ola\u011fan Ba\u015fkanl\u0131k ve Merkez Y\u00f6netim Kurulu se\u00e7imi yap\u0131l\u0131yor - Haber Kuzey","og_description":"KKTC Karadeniz K\u00fclt\u00fcr Derne\u011fi\u2019nin 17. Ola\u011fan Ba\u015fkanl\u0131k ve Merkez Y\u00f6netim Kurulu se\u00e7imi yap\u0131l\u0131yor. \u0130skele\u2019de dernek binas\u0131nda ,Girne\u2019de Ertu\u011frul Apakan Spor Salonu\u2019nda yer alan oy verme i\u015flemi saat 09.00 ba\u015flad\u0131. Ba\u015fkanl\u0131k i\u00e7in Murat Zeki Civelek ile Ahmet Dursun yar\u0131\u015f\u0131yor.Saat 19;00 a kadar devam edecek oy verme i\u015flemi sonucunda derne\u011fin 6 b\u00f6lgeden yeni y\u00f6netim kurulu \u00fcyeleri de [&hellip;]","og_url":"https:\/\/haberkuzey.com\/index.php\/2025\/05\/04\/kktc-karadeniz-kultur-derneginin-17-olagan-baskanlik-ve-merkez-yonetim-kurulu-secimi-yapiliyor\/","og_site_name":"Haber Kuzey","article_published_time":"2025-05-04T12:03:24+00:00","og_image":[{"url":"https:\/\/brtk.net\/wp-content\/uploads\/2025\/05\/04\/karadeniz-kultur-dernegi.jpg?ver=e5c75b6220baf11510009d4c75b3e72b","type":"","width":"","height":""}],"author":"haberkuzey","twitter_card":"summary_large_image","twitter_misc":{"Yazan:":"haberkuzey"},"schema":{"@context":"https:\/\/schema.org","@graph":[{"@type":"Article","@id":"https:\/\/haberkuzey.com\/index.php\/2025\/05\/04\/kktc-karadeniz-kultur-derneginin-17-olagan-baskanlik-ve-merkez-yonetim-kurulu-secimi-yapiliyor\/#article","isPartOf":{"@id":"https:\/\/haberkuzey.com\/index.php\/2025\/05\/04\/kktc-karadeniz-kultur-derneginin-17-olagan-baskanlik-ve-merkez-yonetim-kurulu-secimi-yapiliyor\/"},"author":{"name":"haberkuzey","@id":"https:\/\/haberkuzey.com\/#\/schema\/person\/3372109ec735f9333f4fa47ebb9605ca"},"headline":"KKTC Karadeniz K\u00fclt\u00fcr Derne\u011fi\u2019nin 17. Ola\u011fan Ba\u015fkanl\u0131k ve Merkez Y\u00f6netim Kurulu se\u00e7imi yap\u0131l\u0131yor","datePublished":"2025-05-04T12:03:24+00:00","mainEntityOfPage":{"@id":"https:\/\/haberkuzey.com\/index.php\/2025\/05\/04\/kktc-karadeniz-kultur-derneginin-17-olagan-baskanlik-ve-merkez-yonetim-kurulu-secimi-yapiliyor\/"},"wordCount":103,"commentCount":0,"image":{"@id":"https:\/\/haberkuzey.com\/index.php\/2025\/05\/04\/kktc-karadeniz-kultur-derneginin-17-olagan-baskanlik-ve-merkez-yonetim-kurulu-secimi-yapiliyor\/#primaryimage"},"thumbnailUrl":"https:\/\/haberkuzey.com\/wp-content\/uploads\/2025\/05\/InShot_20250504_151835362-scaled.jpg","articleSection":["K\u0131br\u0131s"],"inLanguage":"tr","potentialAction":[{"@type":"CommentAction","name":"Comment","target":["https:\/\/haberkuzey.com\/index.php\/2025\/05\/04\/kktc-karadeniz-kultur-derneginin-17-olagan-baskanlik-ve-merkez-yonetim-kurulu-secimi-yapiliyor\/#respond"]}]},{"@type":"WebPage","@id":"https:\/\/haberkuzey.com\/index.php\/2025\/05\/04\/kktc-karadeniz-kultur-derneginin-17-olagan-baskanlik-ve-merkez-yonetim-kurulu-secimi-yapiliyor\/","url":"https:\/\/haberkuzey.com\/index.php\/2025\/05\/04\/kktc-karadeniz-kultur-derneginin-17-olagan-baskanlik-ve-merkez-yonetim-kurulu-secimi-yapiliyor\/","name":"KKTC Karadeniz K\u00fclt\u00fcr Derne\u011fi\u2019nin 17. Ola\u011fan Ba\u015fkanl\u0131k ve Merkez Y\u00f6netim Kurulu se\u00e7imi yap\u0131l\u0131yor - Haber Kuzey","isPartOf":{"@id":"https:\/\/haberkuzey.com\/#website"},"primaryImageOfPage":{"@id":"https:\/\/haberkuzey.com\/index.php\/2025\/05\/04\/kktc-karadeniz-kultur-derneginin-17-olagan-baskanlik-ve-merkez-yonetim-kurulu-secimi-yapiliyor\/#primaryimage"},"image":{"@id":"https:\/\/haberkuzey.com\/index.php\/2025\/05\/04\/kktc-karadeniz-kultur-derneginin-17-olagan-baskanlik-ve-merkez-yonetim-kurulu-secimi-yapiliyor\/#primaryimage"},"thumbnailUrl":"https:\/\/haberkuzey.com\/wp-content\/uploads\/2025\/05\/InShot_20250504_151835362-scaled.jpg","datePublished":"2025-05-04T12:03:24+00:00","author":{"@id":"https:\/\/haberkuzey.com\/#\/schema\/person\/3372109ec735f9333f4fa47ebb9605ca"},"breadcrumb":{"@id":"https:\/\/haberkuzey.com\/index.php\/2025\/05\/04\/kktc-karadeniz-kultur-derneginin-17-olagan-baskanlik-ve-merkez-yonetim-kurulu-secimi-yapiliyor\/#breadcrumb"},"inLanguage":"tr","potentialAction":[{"@type":"ReadAction","target":["https:\/\/haberkuzey.com\/index.php\/2025\/05\/04\/kktc-karadeniz-kultur-derneginin-17-olagan-baskanlik-ve-merkez-yonetim-kurulu-secimi-yapiliyor\/"]}]},{"@type":"ImageObject","inLanguage":"tr","@id":"https:\/\/haberkuzey.com\/index.php\/2025\/05\/04\/kktc-karadeniz-kultur-derneginin-17-olagan-baskanlik-ve-merkez-yonetim-kurulu-secimi-yapiliyor\/#primaryimage","url":"https:\/\/haberkuzey.com\/wp-content\/uploads\/2025\/05\/InShot_20250504_151835362-scaled.jpg","contentUrl":"https:\/\/haberkuzey.com\/wp-content\/uploads\/2025\/05\/InShot_20250504_151835362-scaled.jpg","width":2560,"height":1439},{"@type":"BreadcrumbList","@id":"https:\/\/haberkuzey.com\/index.php\/2025\/05\/04\/kktc-karadeniz-kultur-derneginin-17-olagan-baskanlik-ve-merkez-yonetim-kurulu-secimi-yapiliyor\/#breadcrumb","itemListElement":[{"@type":"ListItem","position":1,"name":"Anasayfa","item":"https:\/\/haberkuzey.com\/"},{"@type":"ListItem","position":2,"name":"KKTC Karadeniz K\u00fclt\u00fcr Derne\u011fi\u2019nin 17. Ola\u011fan Ba\u015fkanl\u0131k ve Merkez Y\u00f6netim Kurulu se\u00e7imi yap\u0131l\u0131yor"}]},{"@type":"WebSite","@id":"https:\/\/haberkuzey.com\/#website","url":"https:\/\/haberkuzey.com\/","name":"Haber Kuzey","description":"Do\u011fru Haberin Adresi","potentialAction":[{"@type":"SearchAction","target":{"@type":"EntryPoint","urlTemplate":"https:\/\/haberkuzey.com\/?s={search_term_string}"},"query-input":{"@type":"PropertyValueSpecification","valueRequired":true,"valueName":"search_term_string"}}],"inLanguage":"tr"},{"@type":"Person","@id":"https:\/\/haberkuzey.com\/#\/schema\/person\/3372109ec735f9333f4fa47ebb9605ca","name":"haberkuzey","image":{"@type":"ImageObject","inLanguage":"tr","@id":"https:\/\/secure.gravatar.com\/avatar\/f5fc875574b1575324358c3b9e6a32b8227aa5b74f3fa22e3cadb63e26fcc39c?s=96&d=mm&r=g","url":"https:\/\/secure.gravatar.com\/avatar\/f5fc875574b1575324358c3b9e6a32b8227aa5b74f3fa22e3cadb63e26fcc39c?s=96&d=mm&r=g","contentUrl":"https:\/\/secure.gravatar.com\/avatar\/f5fc875574b1575324358c3b9e6a32b8227aa5b74f3fa22e3cadb63e26fcc39c?s=96&d=mm&r=g","caption":"haberkuzey"},"sameAs":["https:\/\/haberkuzey.com"],"url":"https:\/\/haberkuzey.com\/index.php\/author\/haberkuzey\/"}]}},"_links":{"self":[{"href":"https:\/\/haberkuzey.com\/index.php\/wp-json\/wp\/v2\/posts\/23373","targetHints":{"allow":["GET"]}}],"collection":[{"href":"https:\/\/haberkuzey.com\/index.php\/wp-json\/wp\/v2\/posts"}],"about":[{"href":"https:\/\/haberkuzey.com\/index.php\/wp-json\/wp\/v2\/types\/post"}],"author":[{"embeddable":true,"href":"https:\/\/haberkuzey.com\/index.php\/wp-json\/wp\/v2\/users\/1"}],"replies":[{"embeddable":true,"href":"https:\/\/haberkuzey.com\/index.php\/wp-json\/wp\/v2\/comments?post=23373"}],"version-history":[{"count":0,"href":"https:\/\/haberkuzey.com\/index.php\/wp-json\/wp\/v2\/posts\/23373\/revisions"}],"wp:featuredmedia":[{"embeddable":true,"href":"https:\/\/haberkuzey.com\/index.php\/wp-json\/wp\/v2\/media\/23374"}],"wp:attachment":[{"href":"https:\/\/haberkuzey.com\/index.php\/wp-json\/wp\/v2\/media?parent=23373"}],"wp:term":[{"taxonomy":"category","embeddable":true,"href":"https:\/\/haberkuzey.com\/index.php\/wp-json\/wp\/v2\/categories?post=23373"},{"taxonomy":"post_tag","embeddable":true,"href":"https:\/\/haberkuzey.com\/index.php\/wp-json\/wp\/v2\/tags?post=23373"}],"curies":[{"name":"wp","href":"https:\/\/api.w.org\/{rel}","templated":true}]}}