{"id":23312,"date":"2025-05-03T19:55:12","date_gmt":"2025-05-03T16:55:12","guid":{"rendered":"https:\/\/haberkuzey.com\/index.php\/2025\/05\/03\/teknofest-kktc-odul-toreni-yapildi-tatar-bu-festival-bizlere-cok-sey-ogretti-tarihi-birlikte-yazdik\/"},"modified":"2025-05-03T19:55:12","modified_gmt":"2025-05-03T16:55:12","slug":"teknofest-kktc-odul-toreni-yapildi-tatar-bu-festival-bizlere-cok-sey-ogretti-tarihi-birlikte-yazdik","status":"publish","type":"post","link":"https:\/\/haberkuzey.com\/index.php\/2025\/05\/03\/teknofest-kktc-odul-toreni-yapildi-tatar-bu-festival-bizlere-cok-sey-ogretti-tarihi-birlikte-yazdik\/","title":{"rendered":"TEKNOFEST KKTC \u00d6d\u00fcl T\u00f6reni yap\u0131ld\u0131\u2026 Tatar: \u201cBu festival bizlere \u00e7ok \u015fey \u00f6\u011fretti, tarihi birlikte yazd\u0131k\u201d"},"content":{"rendered":"<div>\n<div class=\"mariselle-image-container center\">\n                                            <\/div>\n<p>T\u00fcrkiye Cumhuriyeti Cumhurba\u015fkan\u0131 Recep Tayyip Erdo\u011fan, \u00fclkedeki temaslar\u0131 \u00e7er\u00e7evesinde eski Ercan Havaliman\u0131\u2019nda d\u00fczenlenen TEKNOFEST KKTC \u00d6d\u00fcl T\u00f6reni\u2019ne, Cumhurba\u015fkan\u0131 Ersin Tatar ile  birlikte kat\u0131ld\u0131, \u00f6d\u00fcl kazanan t\u00fcm gen\u00e7leri ayr\u0131 ayr\u0131 tebrik etti.<\/p>\n<p>T\u00f6rende, T\u00fcrkiye Cumhuriyeti Cumhurba\u015fkan\u0131 Recep Tayyip Erdo\u011fan ve KKTC Cumhurba\u015fkan\u0131 Ersin Tatar, birer konu\u015fma yapt\u0131.<\/p>\n<p>Konu\u015fmalar\u0131n ard\u0131ndan Erdo\u011fan ve Tatar, dereceye girerek ba\u015far\u0131l\u0131 olan gen\u00e7lere \u00f6d\u00fcllerini verdi. Daha sonra g\u00fcn\u00fcn an\u0131s\u0131na hat\u0131ra foto\u011fraf\u0131 \u00e7ekildi.<\/p>\n<p><em>\u2013 Tatar:  \u201cBu tarihi birlikte yazd\u0131k\u201d<\/em><\/p>\n<p>Cumhurba\u015fkan\u0131 Ersin Tatar, Kuzey K\u0131br\u0131s T\u00fcrk Cumhuriyeti\u2019nde (KKTC) ilk kez d\u00fczenlenen TEKNOFEST\u2019in \u00f6d\u00fcl t\u00f6reninde yapt\u0131\u011f\u0131 konu\u015fmada, bu b\u00fcy\u00fck organizasyonun ger\u00e7ekle\u015fmesine katk\u0131 koyan herkese te\u015fekk\u00fcr ederek, \u201cBu festival bizlere \u00e7ok \u015fey \u00f6\u011fretti, tarihi birlikte yazd\u0131k\u201d dedi.<\/p>\n<p>\u201cTEKNOFEST\u2019in KKTC\u2019de d\u00fczenlenmesinden dolay\u0131 \u015fahs\u0131m ve halk\u0131m ad\u0131na te\u015fekk\u00fcr ediyorum. Bu festival, T\u00fcrkiye Cumhuriyeti\u2019nin gelece\u011fine teknolojik anlamda \u015fekil verebilecek, gen\u00e7leri bilim ve teknolojiyle bulu\u015fturan \u00e7ok \u00f6nemli bir bulu\u015fmad\u0131r.\u201d ifadelerini kullanan Tatar, T3 Vakf\u0131 M\u00fctevelli Heyeti Ba\u015fkan\u0131 Sel\u00e7uk Bayraktar\u2019a te\u015fekk\u00fcrlerini sundu.<\/p>\n<p>Konu\u015fmas\u0131nda, TEKNOFEST\u2019in gen\u00e7ler i\u00e7in bir ilham kayna\u011f\u0131 oldu\u011funa dikkat \u00e7eken Tatar, etkinlik boyunca T\u00fcrkiye\u2019nin savunma sanayiinde \u00f6nc\u00fc kurumlar\u0131n\u0131n KKTC halk\u0131 taraf\u0131ndan yak\u0131ndan tan\u0131nd\u0131\u011f\u0131n\u0131 belirtti.<\/p>\n<p>\u201cT\u00fcrkiye Cumhuriyeti\u2019nin savunma sanayisinde son y\u0131llarda kaydetti\u011fi ba\u015far\u0131lar, T\u00fcrk d\u00fcnyas\u0131n\u0131n gururudur\u201d diyen Tatar, bu ba\u015far\u0131lar\u0131n Do\u011fu Akdeniz\u2019de bar\u0131\u015f ve g\u00fcvenli\u011fe katk\u0131 sa\u011flad\u0131\u011f\u0131n\u0131 vurgulad\u0131.<\/p>\n<p>G\u00fcney K\u0131br\u0131s\u2019ta ve farkl\u0131 merkezlerde farkl\u0131 hesaplar yap\u0131labilece\u011fini, ancak KKTC\u2019nin, T\u00fcrkiye\u2019nin deste\u011fiyle istikrar ve huzur i\u00e7inde gelece\u011fe y\u00fcr\u00fcd\u00fc\u011f\u00fcn\u00fc belirten Tatar, \u015f\u00f6yle devam etti:<\/p>\n<p>\u201cT\u00fcrkiye Cumhuriyeti\u2019nin milli savunma sanayisinde son y\u0131llardaki ba\u015far\u0131lara vesile olan t\u00fcm kurum ve kurulu\u015flar T\u00fcrk d\u00fcnyas\u0131n\u0131n gururudur ve gurur abideleridir. \u00c7\u00fcnk\u00fc biz burada Do\u011fu Akdeniz\u2019de, Mavi Vatan\u2019da bar\u0131\u015f, huzur ve g\u00fcvenlik i\u00e7erisinde ya\u015fayabiliyorsak b\u00fct\u00fcn bunlar\u0131 biz T\u00fcrkiye Cumhuriyeti\u2019nin elbette buradaki varl\u0131\u011f\u0131na ve T\u00fcrk Silahl\u0131 Kuvvetleri\u2019nin gerek denizlerde gerek hava sahas\u0131nda her t\u00fcrl\u00fc bekam\u0131z i\u00e7in yapt\u0131\u011f\u0131 \u00e7al\u0131\u015fmalarla buradaki g\u00fcvenli\u011fi koruyabilmesinden ge\u00e7mektedir.\u201d<\/p>\n<p>TEKNOFEST\u2019in, T\u00fcrkiye\u2019de dokuz kez, Azerbaycan\u2019da bir kez ve \u015fimdi de KKTC\u2019de d\u00fczenlendi\u011fini hat\u0131rlatan Tatar, Azerbaycan Cumhurba\u015fkan\u0131 \u0130lham Aliyev\u2019in T\u00fcrk d\u00fcnyas\u0131na verdi\u011fi \u00f6nemi de selamlad\u0131.<\/p>\n<p><em>-\u201cBu yap\u0131lar, ba\u011f\u0131ms\u0131zl\u0131\u011f\u0131m\u0131z\u0131n ve \u00f6zg\u00fcrl\u00fc\u011f\u00fcm\u00fcz\u00fcn ifadesi olacakt\u0131r\u201d<\/em><\/p>\n<p>T\u00fcrkiye Cumhuriyeti Cumhurba\u015fkan\u0131 Recep Tayyip Erdo\u011fan\u2019a, a\u00e7\u0131l\u0131\u015f\u0131n\u0131 birlikte ger\u00e7ekle\u015ftirdikleri yeni Cumhurba\u015fkanl\u0131\u011f\u0131 Yerle\u015fkesi, Cumhuriyet Meclisi binas\u0131 ile  Y\u00fcksek Mahkeme, Milli K\u00fct\u00fcphane, cami ve 400 d\u00f6n\u00fcml\u00fck Milli Park gibi projeler i\u00e7in te\u015fekk\u00fcr eden Tatar, \u201cBu yap\u0131lar, ba\u015fkent Lefko\u015fa\u2019ya birer abide olarak, ba\u011f\u0131ms\u0131zl\u0131\u011f\u0131m\u0131z\u0131n ve \u00f6zg\u00fcrl\u00fc\u011f\u00fcm\u00fcz\u00fcn ifadesi olacakt\u0131r\u201d diye konu\u015ftu.<\/p>\n<p>T\u00f6rene kat\u0131lan vatanda\u015flara da te\u015fekk\u00fcr eden Tatar, etkinli\u011fin yo\u011fun kat\u0131l\u0131mla ger\u00e7ekle\u015fti\u011fini ve \u00fc\u00e7 g\u00fcn boyunca y\u00fcz binin \u00fczerinde ziyaret\u00e7iyi a\u011f\u0131rlad\u0131klar\u0131n\u0131 belirtti. \u201cBuraya ka\u00e7 ki\u015fi gelir diye endi\u015femiz vard\u0131 ama rakamlar 150 bini a\u015ft\u0131, belki 200 bini bulacak\u201d diyen Tatar, bu ilgiyi b\u00fcy\u00fck bir ba\u015far\u0131 olarak nitelendirdi.<\/p>\n<p>Cumhurba\u015fkan\u0131 Tatar, konu\u015fmas\u0131n\u0131n sonunda, \u201cK\u0131br\u0131s\u2019ta bir d\u00f6n\u00fcm noktas\u0131 olan 20 Temmuz 1974 K\u0131br\u0131s Bar\u0131\u015f Harek\u00e2t\u0131\u2019ndan sonra, T\u00fcrk Silahl\u0131 Kuvvetleri\u2019nin ya\u015fad\u0131\u011f\u0131 tecr\u00fcbeler ve ambargolar neticesinde kurulan ASELSAN gibi kurulu\u015flar bug\u00fcn d\u00fcnyan\u0131n \u00f6nde gelen firmalar\u0131 aras\u0131ndad\u0131r. Bu ba\u015far\u0131ya katk\u0131 koyan herkesi sayg\u0131yla an\u0131yor, \u015fu anda bu kurulu\u015flar\u0131 y\u00f6netenlere halk\u0131m ad\u0131na te\u015fekk\u00fcr ediyorum\u201d dedi.<\/p>\n<p>TEKNOFEST\u2019in KKTC i\u00e7in tarihi bir kazan\u0131m oldu\u011funu vurgulayan Tatar, \u201cBu tarih milli bir tarihtir. Hepinize te\u015fekk\u00fcr eder, sayg\u0131lar sunar\u0131m\u201d diyerek konu\u015fmas\u0131n\u0131 tamamlad\u0131.<\/p>\n<\/p><\/div>\n<p><script async\n                    defer\n                    crossorigin=\"anonymous\"\n                    src=\"https:\/\/connect.facebook.net\/tr_TR\/sdk.js#xfbml=1&#038;version=v3.3\"\n            ><\/script><\/p>\n","protected":false},"excerpt":{"rendered":"<p>T\u00fcrkiye Cumhuriyeti Cumhurba\u015fkan\u0131 Recep Tayyip Erdo\u011fan, \u00fclkedeki temaslar\u0131 \u00e7er\u00e7evesinde eski Ercan Havaliman\u0131\u2019nda d\u00fczenlenen TEKNOFEST KKTC \u00d6d\u00fcl T\u00f6reni\u2019ne, Cumhurba\u015fkan\u0131 Ersin Tatar ile birlikte kat\u0131ld\u0131, \u00f6d\u00fcl kazanan t\u00fcm gen\u00e7leri ayr\u0131 ayr\u0131 tebrik etti. T\u00f6rende, T\u00fcrkiye Cumhuriyeti Cumhurba\u015fkan\u0131 Recep Tayyip Erdo\u011fan ve KKTC Cumhurba\u015fkan\u0131 Ersin Tatar, birer konu\u015fma yapt\u0131. Konu\u015fmalar\u0131n ard\u0131ndan Erdo\u011fan ve Tatar, dereceye girerek ba\u015far\u0131l\u0131 olan [&hellip;]<\/p>\n","protected":false},"author":1,"featured_media":23313,"comment_status":"open","ping_status":"open","sticky":false,"template":"","format":"standard","meta":{"jnews-multi-image_gallery":[],"jnews_single_post":[],"jnews_primary_category":[],"footnotes":""},"categories":[1],"tags":[],"class_list":["post-23312","post","type-post","status-publish","format-standard","has-post-thumbnail","hentry","category-kibris"],"yoast_head":"<!-- This site is optimized with the Yoast SEO plugin v27.5 - https:\/\/yoast.com\/product\/yoast-seo-wordpress\/ -->\n<title>TEKNOFEST KKTC \u00d6d\u00fcl T\u00f6reni yap\u0131ld\u0131\u2026 Tatar: \u201cBu festival bizlere \u00e7ok \u015fey \u00f6\u011fretti, tarihi birlikte yazd\u0131k\u201d - Haber Kuzey<\/title>\n<meta name=\"robots\" content=\"index, follow, max-snippet:-1, max-image-preview:large, max-video-preview:-1\" \/>\n<link rel=\"canonical\" href=\"https:\/\/haberkuzey.com\/index.php\/2025\/05\/03\/teknofest-kktc-odul-toreni-yapildi-tatar-bu-festival-bizlere-cok-sey-ogretti-tarihi-birlikte-yazdik\/\" \/>\n<meta property=\"og:locale\" content=\"tr_TR\" \/>\n<meta property=\"og:type\" content=\"article\" \/>\n<meta property=\"og:title\" content=\"TEKNOFEST KKTC \u00d6d\u00fcl T\u00f6reni yap\u0131ld\u0131\u2026 Tatar: \u201cBu festival bizlere \u00e7ok \u015fey \u00f6\u011fretti, tarihi birlikte yazd\u0131k\u201d - Haber Kuzey\" \/>\n<meta property=\"og:description\" content=\"T\u00fcrkiye Cumhuriyeti Cumhurba\u015fkan\u0131 Recep Tayyip Erdo\u011fan, \u00fclkedeki temaslar\u0131 \u00e7er\u00e7evesinde eski Ercan Havaliman\u0131\u2019nda d\u00fczenlenen TEKNOFEST KKTC \u00d6d\u00fcl T\u00f6reni\u2019ne, Cumhurba\u015fkan\u0131 Ersin Tatar ile birlikte kat\u0131ld\u0131, \u00f6d\u00fcl kazanan t\u00fcm gen\u00e7leri ayr\u0131 ayr\u0131 tebrik etti. T\u00f6rende, T\u00fcrkiye Cumhuriyeti Cumhurba\u015fkan\u0131 Recep Tayyip Erdo\u011fan ve KKTC Cumhurba\u015fkan\u0131 Ersin Tatar, birer konu\u015fma yapt\u0131. Konu\u015fmalar\u0131n ard\u0131ndan Erdo\u011fan ve Tatar, dereceye girerek ba\u015far\u0131l\u0131 olan [&hellip;]\" \/>\n<meta property=\"og:url\" content=\"https:\/\/haberkuzey.com\/index.php\/2025\/05\/03\/teknofest-kktc-odul-toreni-yapildi-tatar-bu-festival-bizlere-cok-sey-ogretti-tarihi-birlikte-yazdik\/\" \/>\n<meta property=\"og:site_name\" content=\"Haber Kuzey\" \/>\n<meta property=\"article:published_time\" content=\"2025-05-03T16:55:12+00:00\" \/>\n<meta property=\"og:image\" content=\"https:\/\/brtk.net\/wp-content\/uploads\/2025\/05\/03\/1746287736550394c4b61-4557-47d3-a720-ed740ece9fcc.jpg?ver=c4b1affeead7f95533229558281f33ec\" \/>\n<meta name=\"author\" content=\"haberkuzey\" \/>\n<meta name=\"twitter:card\" content=\"summary_large_image\" \/>\n<meta name=\"twitter:label1\" content=\"Yazan:\" \/>\n\t<meta name=\"twitter:data1\" content=\"haberkuzey\" \/>\n\t<meta name=\"twitter:label2\" content=\"Tahmini okuma s\u00fcresi\" \/>\n\t<meta name=\"twitter:data2\" content=\"4 dakika\" \/>\n<script type=\"application\/ld+json\" class=\"yoast-schema-graph\">{\"@context\":\"https:\\\/\\\/schema.org\",\"@graph\":[{\"@type\":\"Article\",\"@id\":\"https:\\\/\\\/haberkuzey.com\\\/index.php\\\/2025\\\/05\\\/03\\\/teknofest-kktc-odul-toreni-yapildi-tatar-bu-festival-bizlere-cok-sey-ogretti-tarihi-birlikte-yazdik\\\/#article\",\"isPartOf\":{\"@id\":\"https:\\\/\\\/haberkuzey.com\\\/index.php\\\/2025\\\/05\\\/03\\\/teknofest-kktc-odul-toreni-yapildi-tatar-bu-festival-bizlere-cok-sey-ogretti-tarihi-birlikte-yazdik\\\/\"},\"author\":{\"name\":\"haberkuzey\",\"@id\":\"https:\\\/\\\/haberkuzey.com\\\/#\\\/schema\\\/person\\\/3372109ec735f9333f4fa47ebb9605ca\"},\"headline\":\"TEKNOFEST KKTC \u00d6d\u00fcl T\u00f6reni yap\u0131ld\u0131\u2026 Tatar: \u201cBu festival bizlere \u00e7ok \u015fey \u00f6\u011fretti, tarihi birlikte yazd\u0131k\u201d\",\"datePublished\":\"2025-05-03T16:55:12+00:00\",\"mainEntityOfPage\":{\"@id\":\"https:\\\/\\\/haberkuzey.com\\\/index.php\\\/2025\\\/05\\\/03\\\/teknofest-kktc-odul-toreni-yapildi-tatar-bu-festival-bizlere-cok-sey-ogretti-tarihi-birlikte-yazdik\\\/\"},\"wordCount\":764,\"commentCount\":0,\"image\":{\"@id\":\"https:\\\/\\\/haberkuzey.com\\\/index.php\\\/2025\\\/05\\\/03\\\/teknofest-kktc-odul-toreni-yapildi-tatar-bu-festival-bizlere-cok-sey-ogretti-tarihi-birlikte-yazdik\\\/#primaryimage\"},\"thumbnailUrl\":\"https:\\\/\\\/haberkuzey.com\\\/wp-content\\\/uploads\\\/2025\\\/05\\\/1746287736550394c4b61-4557-47d3-a720-ed740ece9fcc.jpg\",\"articleSection\":[\"K\u0131br\u0131s\"],\"inLanguage\":\"tr\",\"potentialAction\":[{\"@type\":\"CommentAction\",\"name\":\"Comment\",\"target\":[\"https:\\\/\\\/haberkuzey.com\\\/index.php\\\/2025\\\/05\\\/03\\\/teknofest-kktc-odul-toreni-yapildi-tatar-bu-festival-bizlere-cok-sey-ogretti-tarihi-birlikte-yazdik\\\/#respond\"]}]},{\"@type\":\"WebPage\",\"@id\":\"https:\\\/\\\/haberkuzey.com\\\/index.php\\\/2025\\\/05\\\/03\\\/teknofest-kktc-odul-toreni-yapildi-tatar-bu-festival-bizlere-cok-sey-ogretti-tarihi-birlikte-yazdik\\\/\",\"url\":\"https:\\\/\\\/haberkuzey.com\\\/index.php\\\/2025\\\/05\\\/03\\\/teknofest-kktc-odul-toreni-yapildi-tatar-bu-festival-bizlere-cok-sey-ogretti-tarihi-birlikte-yazdik\\\/\",\"name\":\"TEKNOFEST KKTC \u00d6d\u00fcl T\u00f6reni yap\u0131ld\u0131\u2026 Tatar: \u201cBu festival bizlere \u00e7ok \u015fey \u00f6\u011fretti, tarihi birlikte yazd\u0131k\u201d - Haber Kuzey\",\"isPartOf\":{\"@id\":\"https:\\\/\\\/haberkuzey.com\\\/#website\"},\"primaryImageOfPage\":{\"@id\":\"https:\\\/\\\/haberkuzey.com\\\/index.php\\\/2025\\\/05\\\/03\\\/teknofest-kktc-odul-toreni-yapildi-tatar-bu-festival-bizlere-cok-sey-ogretti-tarihi-birlikte-yazdik\\\/#primaryimage\"},\"image\":{\"@id\":\"https:\\\/\\\/haberkuzey.com\\\/index.php\\\/2025\\\/05\\\/03\\\/teknofest-kktc-odul-toreni-yapildi-tatar-bu-festival-bizlere-cok-sey-ogretti-tarihi-birlikte-yazdik\\\/#primaryimage\"},\"thumbnailUrl\":\"https:\\\/\\\/haberkuzey.com\\\/wp-content\\\/uploads\\\/2025\\\/05\\\/1746287736550394c4b61-4557-47d3-a720-ed740ece9fcc.jpg\",\"datePublished\":\"2025-05-03T16:55:12+00:00\",\"author\":{\"@id\":\"https:\\\/\\\/haberkuzey.com\\\/#\\\/schema\\\/person\\\/3372109ec735f9333f4fa47ebb9605ca\"},\"breadcrumb\":{\"@id\":\"https:\\\/\\\/haberkuzey.com\\\/index.php\\\/2025\\\/05\\\/03\\\/teknofest-kktc-odul-toreni-yapildi-tatar-bu-festival-bizlere-cok-sey-ogretti-tarihi-birlikte-yazdik\\\/#breadcrumb\"},\"inLanguage\":\"tr\",\"potentialAction\":[{\"@type\":\"ReadAction\",\"target\":[\"https:\\\/\\\/haberkuzey.com\\\/index.php\\\/2025\\\/05\\\/03\\\/teknofest-kktc-odul-toreni-yapildi-tatar-bu-festival-bizlere-cok-sey-ogretti-tarihi-birlikte-yazdik\\\/\"]}]},{\"@type\":\"ImageObject\",\"inLanguage\":\"tr\",\"@id\":\"https:\\\/\\\/haberkuzey.com\\\/index.php\\\/2025\\\/05\\\/03\\\/teknofest-kktc-odul-toreni-yapildi-tatar-bu-festival-bizlere-cok-sey-ogretti-tarihi-birlikte-yazdik\\\/#primaryimage\",\"url\":\"https:\\\/\\\/haberkuzey.com\\\/wp-content\\\/uploads\\\/2025\\\/05\\\/1746287736550394c4b61-4557-47d3-a720-ed740ece9fcc.jpg\",\"contentUrl\":\"https:\\\/\\\/haberkuzey.com\\\/wp-content\\\/uploads\\\/2025\\\/05\\\/1746287736550394c4b61-4557-47d3-a720-ed740ece9fcc.jpg\",\"width\":1600,\"height\":1066},{\"@type\":\"BreadcrumbList\",\"@id\":\"https:\\\/\\\/haberkuzey.com\\\/index.php\\\/2025\\\/05\\\/03\\\/teknofest-kktc-odul-toreni-yapildi-tatar-bu-festival-bizlere-cok-sey-ogretti-tarihi-birlikte-yazdik\\\/#breadcrumb\",\"itemListElement\":[{\"@type\":\"ListItem\",\"position\":1,\"name\":\"Anasayfa\",\"item\":\"https:\\\/\\\/haberkuzey.com\\\/\"},{\"@type\":\"ListItem\",\"position\":2,\"name\":\"TEKNOFEST KKTC \u00d6d\u00fcl T\u00f6reni yap\u0131ld\u0131\u2026 Tatar: \u201cBu festival bizlere \u00e7ok \u015fey \u00f6\u011fretti, tarihi birlikte yazd\u0131k\u201d\"}]},{\"@type\":\"WebSite\",\"@id\":\"https:\\\/\\\/haberkuzey.com\\\/#website\",\"url\":\"https:\\\/\\\/haberkuzey.com\\\/\",\"name\":\"Haber Kuzey\",\"description\":\"Do\u011fru Haberin Adresi\",\"potentialAction\":[{\"@type\":\"SearchAction\",\"target\":{\"@type\":\"EntryPoint\",\"urlTemplate\":\"https:\\\/\\\/haberkuzey.com\\\/?s={search_term_string}\"},\"query-input\":{\"@type\":\"PropertyValueSpecification\",\"valueRequired\":true,\"valueName\":\"search_term_string\"}}],\"inLanguage\":\"tr\"},{\"@type\":\"Person\",\"@id\":\"https:\\\/\\\/haberkuzey.com\\\/#\\\/schema\\\/person\\\/3372109ec735f9333f4fa47ebb9605ca\",\"name\":\"haberkuzey\",\"image\":{\"@type\":\"ImageObject\",\"inLanguage\":\"tr\",\"@id\":\"https:\\\/\\\/secure.gravatar.com\\\/avatar\\\/f5fc875574b1575324358c3b9e6a32b8227aa5b74f3fa22e3cadb63e26fcc39c?s=96&d=mm&r=g\",\"url\":\"https:\\\/\\\/secure.gravatar.com\\\/avatar\\\/f5fc875574b1575324358c3b9e6a32b8227aa5b74f3fa22e3cadb63e26fcc39c?s=96&d=mm&r=g\",\"contentUrl\":\"https:\\\/\\\/secure.gravatar.com\\\/avatar\\\/f5fc875574b1575324358c3b9e6a32b8227aa5b74f3fa22e3cadb63e26fcc39c?s=96&d=mm&r=g\",\"caption\":\"haberkuzey\"},\"sameAs\":[\"https:\\\/\\\/haberkuzey.com\"],\"url\":\"https:\\\/\\\/haberkuzey.com\\\/index.php\\\/author\\\/haberkuzey\\\/\"}]}<\/script>\n<!-- \/ Yoast SEO plugin. -->","yoast_head_json":{"title":"TEKNOFEST KKTC \u00d6d\u00fcl T\u00f6reni yap\u0131ld\u0131\u2026 Tatar: \u201cBu festival bizlere \u00e7ok \u015fey \u00f6\u011fretti, tarihi birlikte yazd\u0131k\u201d - Haber Kuzey","robots":{"index":"index","follow":"follow","max-snippet":"max-snippet:-1","max-image-preview":"max-image-preview:large","max-video-preview":"max-video-preview:-1"},"canonical":"https:\/\/haberkuzey.com\/index.php\/2025\/05\/03\/teknofest-kktc-odul-toreni-yapildi-tatar-bu-festival-bizlere-cok-sey-ogretti-tarihi-birlikte-yazdik\/","og_locale":"tr_TR","og_type":"article","og_title":"TEKNOFEST KKTC \u00d6d\u00fcl T\u00f6reni yap\u0131ld\u0131\u2026 Tatar: \u201cBu festival bizlere \u00e7ok \u015fey \u00f6\u011fretti, tarihi birlikte yazd\u0131k\u201d - Haber Kuzey","og_description":"T\u00fcrkiye Cumhuriyeti Cumhurba\u015fkan\u0131 Recep Tayyip Erdo\u011fan, \u00fclkedeki temaslar\u0131 \u00e7er\u00e7evesinde eski Ercan Havaliman\u0131\u2019nda d\u00fczenlenen TEKNOFEST KKTC \u00d6d\u00fcl T\u00f6reni\u2019ne, Cumhurba\u015fkan\u0131 Ersin Tatar ile birlikte kat\u0131ld\u0131, \u00f6d\u00fcl kazanan t\u00fcm gen\u00e7leri ayr\u0131 ayr\u0131 tebrik etti. T\u00f6rende, T\u00fcrkiye Cumhuriyeti Cumhurba\u015fkan\u0131 Recep Tayyip Erdo\u011fan ve KKTC Cumhurba\u015fkan\u0131 Ersin Tatar, birer konu\u015fma yapt\u0131. Konu\u015fmalar\u0131n ard\u0131ndan Erdo\u011fan ve Tatar, dereceye girerek ba\u015far\u0131l\u0131 olan [&hellip;]","og_url":"https:\/\/haberkuzey.com\/index.php\/2025\/05\/03\/teknofest-kktc-odul-toreni-yapildi-tatar-bu-festival-bizlere-cok-sey-ogretti-tarihi-birlikte-yazdik\/","og_site_name":"Haber Kuzey","article_published_time":"2025-05-03T16:55:12+00:00","og_image":[{"url":"https:\/\/brtk.net\/wp-content\/uploads\/2025\/05\/03\/1746287736550394c4b61-4557-47d3-a720-ed740ece9fcc.jpg?ver=c4b1affeead7f95533229558281f33ec","type":"","width":"","height":""}],"author":"haberkuzey","twitter_card":"summary_large_image","twitter_misc":{"Yazan:":"haberkuzey","Tahmini okuma s\u00fcresi":"4 dakika"},"schema":{"@context":"https:\/\/schema.org","@graph":[{"@type":"Article","@id":"https:\/\/haberkuzey.com\/index.php\/2025\/05\/03\/teknofest-kktc-odul-toreni-yapildi-tatar-bu-festival-bizlere-cok-sey-ogretti-tarihi-birlikte-yazdik\/#article","isPartOf":{"@id":"https:\/\/haberkuzey.com\/index.php\/2025\/05\/03\/teknofest-kktc-odul-toreni-yapildi-tatar-bu-festival-bizlere-cok-sey-ogretti-tarihi-birlikte-yazdik\/"},"author":{"name":"haberkuzey","@id":"https:\/\/haberkuzey.com\/#\/schema\/person\/3372109ec735f9333f4fa47ebb9605ca"},"headline":"TEKNOFEST KKTC \u00d6d\u00fcl T\u00f6reni yap\u0131ld\u0131\u2026 Tatar: \u201cBu festival bizlere \u00e7ok \u015fey \u00f6\u011fretti, tarihi birlikte yazd\u0131k\u201d","datePublished":"2025-05-03T16:55:12+00:00","mainEntityOfPage":{"@id":"https:\/\/haberkuzey.com\/index.php\/2025\/05\/03\/teknofest-kktc-odul-toreni-yapildi-tatar-bu-festival-bizlere-cok-sey-ogretti-tarihi-birlikte-yazdik\/"},"wordCount":764,"commentCount":0,"image":{"@id":"https:\/\/haberkuzey.com\/index.php\/2025\/05\/03\/teknofest-kktc-odul-toreni-yapildi-tatar-bu-festival-bizlere-cok-sey-ogretti-tarihi-birlikte-yazdik\/#primaryimage"},"thumbnailUrl":"https:\/\/haberkuzey.com\/wp-content\/uploads\/2025\/05\/1746287736550394c4b61-4557-47d3-a720-ed740ece9fcc.jpg","articleSection":["K\u0131br\u0131s"],"inLanguage":"tr","potentialAction":[{"@type":"CommentAction","name":"Comment","target":["https:\/\/haberkuzey.com\/index.php\/2025\/05\/03\/teknofest-kktc-odul-toreni-yapildi-tatar-bu-festival-bizlere-cok-sey-ogretti-tarihi-birlikte-yazdik\/#respond"]}]},{"@type":"WebPage","@id":"https:\/\/haberkuzey.com\/index.php\/2025\/05\/03\/teknofest-kktc-odul-toreni-yapildi-tatar-bu-festival-bizlere-cok-sey-ogretti-tarihi-birlikte-yazdik\/","url":"https:\/\/haberkuzey.com\/index.php\/2025\/05\/03\/teknofest-kktc-odul-toreni-yapildi-tatar-bu-festival-bizlere-cok-sey-ogretti-tarihi-birlikte-yazdik\/","name":"TEKNOFEST KKTC \u00d6d\u00fcl T\u00f6reni yap\u0131ld\u0131\u2026 Tatar: \u201cBu festival bizlere \u00e7ok \u015fey \u00f6\u011fretti, tarihi birlikte yazd\u0131k\u201d - Haber Kuzey","isPartOf":{"@id":"https:\/\/haberkuzey.com\/#website"},"primaryImageOfPage":{"@id":"https:\/\/haberkuzey.com\/index.php\/2025\/05\/03\/teknofest-kktc-odul-toreni-yapildi-tatar-bu-festival-bizlere-cok-sey-ogretti-tarihi-birlikte-yazdik\/#primaryimage"},"image":{"@id":"https:\/\/haberkuzey.com\/index.php\/2025\/05\/03\/teknofest-kktc-odul-toreni-yapildi-tatar-bu-festival-bizlere-cok-sey-ogretti-tarihi-birlikte-yazdik\/#primaryimage"},"thumbnailUrl":"https:\/\/haberkuzey.com\/wp-content\/uploads\/2025\/05\/1746287736550394c4b61-4557-47d3-a720-ed740ece9fcc.jpg","datePublished":"2025-05-03T16:55:12+00:00","author":{"@id":"https:\/\/haberkuzey.com\/#\/schema\/person\/3372109ec735f9333f4fa47ebb9605ca"},"breadcrumb":{"@id":"https:\/\/haberkuzey.com\/index.php\/2025\/05\/03\/teknofest-kktc-odul-toreni-yapildi-tatar-bu-festival-bizlere-cok-sey-ogretti-tarihi-birlikte-yazdik\/#breadcrumb"},"inLanguage":"tr","potentialAction":[{"@type":"ReadAction","target":["https:\/\/haberkuzey.com\/index.php\/2025\/05\/03\/teknofest-kktc-odul-toreni-yapildi-tatar-bu-festival-bizlere-cok-sey-ogretti-tarihi-birlikte-yazdik\/"]}]},{"@type":"ImageObject","inLanguage":"tr","@id":"https:\/\/haberkuzey.com\/index.php\/2025\/05\/03\/teknofest-kktc-odul-toreni-yapildi-tatar-bu-festival-bizlere-cok-sey-ogretti-tarihi-birlikte-yazdik\/#primaryimage","url":"https:\/\/haberkuzey.com\/wp-content\/uploads\/2025\/05\/1746287736550394c4b61-4557-47d3-a720-ed740ece9fcc.jpg","contentUrl":"https:\/\/haberkuzey.com\/wp-content\/uploads\/2025\/05\/1746287736550394c4b61-4557-47d3-a720-ed740ece9fcc.jpg","width":1600,"height":1066},{"@type":"BreadcrumbList","@id":"https:\/\/haberkuzey.com\/index.php\/2025\/05\/03\/teknofest-kktc-odul-toreni-yapildi-tatar-bu-festival-bizlere-cok-sey-ogretti-tarihi-birlikte-yazdik\/#breadcrumb","itemListElement":[{"@type":"ListItem","position":1,"name":"Anasayfa","item":"https:\/\/haberkuzey.com\/"},{"@type":"ListItem","position":2,"name":"TEKNOFEST KKTC \u00d6d\u00fcl T\u00f6reni yap\u0131ld\u0131\u2026 Tatar: \u201cBu festival bizlere \u00e7ok \u015fey \u00f6\u011fretti, tarihi birlikte yazd\u0131k\u201d"}]},{"@type":"WebSite","@id":"https:\/\/haberkuzey.com\/#website","url":"https:\/\/haberkuzey.com\/","name":"Haber Kuzey","description":"Do\u011fru Haberin Adresi","potentialAction":[{"@type":"SearchAction","target":{"@type":"EntryPoint","urlTemplate":"https:\/\/haberkuzey.com\/?s={search_term_string}"},"query-input":{"@type":"PropertyValueSpecification","valueRequired":true,"valueName":"search_term_string"}}],"inLanguage":"tr"},{"@type":"Person","@id":"https:\/\/haberkuzey.com\/#\/schema\/person\/3372109ec735f9333f4fa47ebb9605ca","name":"haberkuzey","image":{"@type":"ImageObject","inLanguage":"tr","@id":"https:\/\/secure.gravatar.com\/avatar\/f5fc875574b1575324358c3b9e6a32b8227aa5b74f3fa22e3cadb63e26fcc39c?s=96&d=mm&r=g","url":"https:\/\/secure.gravatar.com\/avatar\/f5fc875574b1575324358c3b9e6a32b8227aa5b74f3fa22e3cadb63e26fcc39c?s=96&d=mm&r=g","contentUrl":"https:\/\/secure.gravatar.com\/avatar\/f5fc875574b1575324358c3b9e6a32b8227aa5b74f3fa22e3cadb63e26fcc39c?s=96&d=mm&r=g","caption":"haberkuzey"},"sameAs":["https:\/\/haberkuzey.com"],"url":"https:\/\/haberkuzey.com\/index.php\/author\/haberkuzey\/"}]}},"_links":{"self":[{"href":"https:\/\/haberkuzey.com\/index.php\/wp-json\/wp\/v2\/posts\/23312","targetHints":{"allow":["GET"]}}],"collection":[{"href":"https:\/\/haberkuzey.com\/index.php\/wp-json\/wp\/v2\/posts"}],"about":[{"href":"https:\/\/haberkuzey.com\/index.php\/wp-json\/wp\/v2\/types\/post"}],"author":[{"embeddable":true,"href":"https:\/\/haberkuzey.com\/index.php\/wp-json\/wp\/v2\/users\/1"}],"replies":[{"embeddable":true,"href":"https:\/\/haberkuzey.com\/index.php\/wp-json\/wp\/v2\/comments?post=23312"}],"version-history":[{"count":0,"href":"https:\/\/haberkuzey.com\/index.php\/wp-json\/wp\/v2\/posts\/23312\/revisions"}],"wp:featuredmedia":[{"embeddable":true,"href":"https:\/\/haberkuzey.com\/index.php\/wp-json\/wp\/v2\/media\/23313"}],"wp:attachment":[{"href":"https:\/\/haberkuzey.com\/index.php\/wp-json\/wp\/v2\/media?parent=23312"}],"wp:term":[{"taxonomy":"category","embeddable":true,"href":"https:\/\/haberkuzey.com\/index.php\/wp-json\/wp\/v2\/categories?post=23312"},{"taxonomy":"post_tag","embeddable":true,"href":"https:\/\/haberkuzey.com\/index.php\/wp-json\/wp\/v2\/tags?post=23312"}],"curies":[{"name":"wp","href":"https:\/\/api.w.org\/{rel}","templated":true}]}}