{"id":23293,"date":"2025-05-03T16:53:27","date_gmt":"2025-05-03T13:53:27","guid":{"rendered":"https:\/\/haberkuzey.com\/index.php\/2025\/05\/03\/cumhurbaskani-tatarbu-topraklardaki-varligimiz-kalicidir\/"},"modified":"2025-05-03T16:53:27","modified_gmt":"2025-05-03T13:53:27","slug":"cumhurbaskani-tatarbu-topraklardaki-varligimiz-kalicidir","status":"publish","type":"post","link":"https:\/\/haberkuzey.com\/index.php\/2025\/05\/03\/cumhurbaskani-tatarbu-topraklardaki-varligimiz-kalicidir\/","title":{"rendered":"Cumhurba\u015fkan\u0131 Tatar:Bu topraklardaki varl\u0131\u011f\u0131m\u0131z kal\u0131c\u0131d\u0131r"},"content":{"rendered":"<div>\n<div class=\"mariselle-image-container center\">\n                                            <\/div>\n<p>Cumhurba\u015fkanl\u0131\u011f\u0131 Yerle\u015fkesi ve Cumhuriyet Meclisi A\u00e7\u0131l\u0131\u015f T\u00f6reni yap\u0131l\u0131yor.<\/p>\n<p>T\u00f6rende konu\u015fan Cumhurba\u015fkan\u0131  Ersin Tatar   devlete ve halka kal\u0131c\u0131 bir eser daha kazand\u0131rd\u0131klar\u0131n\u0131 s\u00f6yledi. Egemenli\u011fin v\u00fccut buldu\u011fu bir an ya\u015fand\u0131\u011f\u0131n\u0131n alt\u0131n\u0131 \u00e7izen Tatar, 15 Kas\u0131m 2020 tarihinde Erdo\u011fan ile yapt\u0131klar\u0131 g\u00f6r\u00fc\u015fmede, Cumhurba\u015fkanl\u0131\u011f\u0131\u2019nda ya\u011fmurlu hava nedeniyle bas\u0131n toplant\u0131s\u0131 d\u00fczenleyemediklerini, ard\u0131ndan yeni bir Cumhurba\u015fkanl\u0131\u011f\u0131 binas\u0131 yap\u0131m\u0131 i\u00e7in karar ald\u0131klar\u0131n\u0131 anlatt\u0131.<\/p>\n<p>Tatar, \u201cT\u00fcrkiyemizin bu g\u00fc\u00e7l\u00fc deste\u011fi \u00fczerine, giri\u015fimimizle, Metehan b\u00f6lgesindeki bu arazi bulunmu\u015ftur. Bu geli\u015fme sonras\u0131nda, T\u00fcrkiye Cumhurba\u015fkan\u0131 Say\u0131n Recep Tayyip Erdo\u011fan ile yapt\u0131\u011f\u0131m\u0131z g\u00f6r\u00fc\u015fmede, projeye uygun b\u00fcy\u00fck bir arazi tespit etti\u011fimizi belirttim\u201d dedi.<\/p>\n<p>Tatar,yerle\u015fkenin yap\u0131m\u0131 i\u00e7in mutabakata vard\u0131klar\u0131n\u0131 s\u00f6yledi. Y\u00fcksek Mahkeme\u2019nin de projeye d\u00e2hil edildi\u011fini, cami ve spor alanlar\u0131n\u0131n yan\u0131 s\u0131ra milli park\u0131n da eklendi\u011fini kaydeden Tatar, yerle\u015fkenin t\u00fcm detaylar\u0131nda K\u0131br\u0131s T\u00fcrk firmalar\u0131n\u0131n da eme\u011fi oldu\u011funu vurgulayarak \u201cBu topraklardaki varl\u0131\u011f\u0131m\u0131z kal\u0131c\u0131d\u0131r\u201d dedi.<\/p>\n<p> Tatar, T\u00fcrkiye Cumhurba\u015fkan\u0131 Erdo\u011fan ve di\u011fer T\u00fcrkiye yetkililerine te\u015fekk\u00fcrlerini sundu.<\/p>\n<\/p><\/div>\n<p><script async\n                    defer\n                    crossorigin=\"anonymous\"\n                    src=\"https:\/\/connect.facebook.net\/tr_TR\/sdk.js#xfbml=1&#038;version=v3.3\"\n            ><\/script><\/p>\n","protected":false},"excerpt":{"rendered":"<p>Cumhurba\u015fkanl\u0131\u011f\u0131 Yerle\u015fkesi ve Cumhuriyet Meclisi A\u00e7\u0131l\u0131\u015f T\u00f6reni yap\u0131l\u0131yor. T\u00f6rende konu\u015fan Cumhurba\u015fkan\u0131 Ersin Tatar devlete ve halka kal\u0131c\u0131 bir eser daha kazand\u0131rd\u0131klar\u0131n\u0131 s\u00f6yledi. Egemenli\u011fin v\u00fccut buldu\u011fu bir an ya\u015fand\u0131\u011f\u0131n\u0131n alt\u0131n\u0131 \u00e7izen Tatar, 15 Kas\u0131m 2020 tarihinde Erdo\u011fan ile yapt\u0131klar\u0131 g\u00f6r\u00fc\u015fmede, Cumhurba\u015fkanl\u0131\u011f\u0131\u2019nda ya\u011fmurlu hava nedeniyle bas\u0131n toplant\u0131s\u0131 d\u00fczenleyemediklerini, ard\u0131ndan yeni bir Cumhurba\u015fkanl\u0131\u011f\u0131 binas\u0131 yap\u0131m\u0131 i\u00e7in karar ald\u0131klar\u0131n\u0131 [&hellip;]<\/p>\n","protected":false},"author":1,"featured_media":23294,"comment_status":"open","ping_status":"open","sticky":false,"template":"","format":"standard","meta":{"jnews-multi-image_gallery":[],"jnews_single_post":[],"jnews_primary_category":[],"footnotes":""},"categories":[1],"tags":[],"class_list":["post-23293","post","type-post","status-publish","format-standard","has-post-thumbnail","hentry","category-kibris"],"yoast_head":"<!-- This site is optimized with the Yoast SEO plugin v27.5 - https:\/\/yoast.com\/product\/yoast-seo-wordpress\/ -->\n<title>Cumhurba\u015fkan\u0131 Tatar:Bu topraklardaki varl\u0131\u011f\u0131m\u0131z kal\u0131c\u0131d\u0131r - Haber Kuzey<\/title>\n<meta name=\"robots\" content=\"index, follow, max-snippet:-1, max-image-preview:large, max-video-preview:-1\" \/>\n<link rel=\"canonical\" href=\"https:\/\/haberkuzey.com\/index.php\/2025\/05\/03\/cumhurbaskani-tatarbu-topraklardaki-varligimiz-kalicidir\/\" \/>\n<meta property=\"og:locale\" content=\"tr_TR\" \/>\n<meta property=\"og:type\" content=\"article\" \/>\n<meta property=\"og:title\" content=\"Cumhurba\u015fkan\u0131 Tatar:Bu topraklardaki varl\u0131\u011f\u0131m\u0131z kal\u0131c\u0131d\u0131r - Haber Kuzey\" \/>\n<meta property=\"og:description\" content=\"Cumhurba\u015fkanl\u0131\u011f\u0131 Yerle\u015fkesi ve Cumhuriyet Meclisi A\u00e7\u0131l\u0131\u015f T\u00f6reni yap\u0131l\u0131yor. T\u00f6rende konu\u015fan Cumhurba\u015fkan\u0131 Ersin Tatar devlete ve halka kal\u0131c\u0131 bir eser daha kazand\u0131rd\u0131klar\u0131n\u0131 s\u00f6yledi. Egemenli\u011fin v\u00fccut buldu\u011fu bir an ya\u015fand\u0131\u011f\u0131n\u0131n alt\u0131n\u0131 \u00e7izen Tatar, 15 Kas\u0131m 2020 tarihinde Erdo\u011fan ile yapt\u0131klar\u0131 g\u00f6r\u00fc\u015fmede, Cumhurba\u015fkanl\u0131\u011f\u0131\u2019nda ya\u011fmurlu hava nedeniyle bas\u0131n toplant\u0131s\u0131 d\u00fczenleyemediklerini, ard\u0131ndan yeni bir Cumhurba\u015fkanl\u0131\u011f\u0131 binas\u0131 yap\u0131m\u0131 i\u00e7in karar ald\u0131klar\u0131n\u0131 [&hellip;]\" \/>\n<meta property=\"og:url\" content=\"https:\/\/haberkuzey.com\/index.php\/2025\/05\/03\/cumhurbaskani-tatarbu-topraklardaki-varligimiz-kalicidir\/\" \/>\n<meta property=\"og:site_name\" content=\"Haber Kuzey\" \/>\n<meta property=\"article:published_time\" content=\"2025-05-03T13:53:27+00:00\" \/>\n<meta property=\"og:image\" content=\"https:\/\/brtk.net\/wp-content\/uploads\/2025\/05\/03\/2oruow.jpg?ver=e816d7c227dd6aa8b76b8ba8eeb934ae\" \/>\n<meta name=\"author\" content=\"haberkuzey\" \/>\n<meta name=\"twitter:card\" content=\"summary_large_image\" \/>\n<meta name=\"twitter:label1\" content=\"Yazan:\" \/>\n\t<meta name=\"twitter:data1\" content=\"haberkuzey\" \/>\n\t<meta name=\"twitter:label2\" content=\"Tahmini okuma s\u00fcresi\" \/>\n\t<meta name=\"twitter:data2\" content=\"1 dakika\" \/>\n<script type=\"application\/ld+json\" class=\"yoast-schema-graph\">{\"@context\":\"https:\\\/\\\/schema.org\",\"@graph\":[{\"@type\":\"Article\",\"@id\":\"https:\\\/\\\/haberkuzey.com\\\/index.php\\\/2025\\\/05\\\/03\\\/cumhurbaskani-tatarbu-topraklardaki-varligimiz-kalicidir\\\/#article\",\"isPartOf\":{\"@id\":\"https:\\\/\\\/haberkuzey.com\\\/index.php\\\/2025\\\/05\\\/03\\\/cumhurbaskani-tatarbu-topraklardaki-varligimiz-kalicidir\\\/\"},\"author\":{\"name\":\"haberkuzey\",\"@id\":\"https:\\\/\\\/haberkuzey.com\\\/#\\\/schema\\\/person\\\/3372109ec735f9333f4fa47ebb9605ca\"},\"headline\":\"Cumhurba\u015fkan\u0131 Tatar:Bu topraklardaki varl\u0131\u011f\u0131m\u0131z kal\u0131c\u0131d\u0131r\",\"datePublished\":\"2025-05-03T13:53:27+00:00\",\"mainEntityOfPage\":{\"@id\":\"https:\\\/\\\/haberkuzey.com\\\/index.php\\\/2025\\\/05\\\/03\\\/cumhurbaskani-tatarbu-topraklardaki-varligimiz-kalicidir\\\/\"},\"wordCount\":243,\"commentCount\":0,\"image\":{\"@id\":\"https:\\\/\\\/haberkuzey.com\\\/index.php\\\/2025\\\/05\\\/03\\\/cumhurbaskani-tatarbu-topraklardaki-varligimiz-kalicidir\\\/#primaryimage\"},\"thumbnailUrl\":\"https:\\\/\\\/haberkuzey.com\\\/wp-content\\\/uploads\\\/2025\\\/05\\\/2oruow.jpg\",\"articleSection\":[\"K\u0131br\u0131s\"],\"inLanguage\":\"tr\",\"potentialAction\":[{\"@type\":\"CommentAction\",\"name\":\"Comment\",\"target\":[\"https:\\\/\\\/haberkuzey.com\\\/index.php\\\/2025\\\/05\\\/03\\\/cumhurbaskani-tatarbu-topraklardaki-varligimiz-kalicidir\\\/#respond\"]}]},{\"@type\":\"WebPage\",\"@id\":\"https:\\\/\\\/haberkuzey.com\\\/index.php\\\/2025\\\/05\\\/03\\\/cumhurbaskani-tatarbu-topraklardaki-varligimiz-kalicidir\\\/\",\"url\":\"https:\\\/\\\/haberkuzey.com\\\/index.php\\\/2025\\\/05\\\/03\\\/cumhurbaskani-tatarbu-topraklardaki-varligimiz-kalicidir\\\/\",\"name\":\"Cumhurba\u015fkan\u0131 Tatar:Bu topraklardaki varl\u0131\u011f\u0131m\u0131z kal\u0131c\u0131d\u0131r - Haber Kuzey\",\"isPartOf\":{\"@id\":\"https:\\\/\\\/haberkuzey.com\\\/#website\"},\"primaryImageOfPage\":{\"@id\":\"https:\\\/\\\/haberkuzey.com\\\/index.php\\\/2025\\\/05\\\/03\\\/cumhurbaskani-tatarbu-topraklardaki-varligimiz-kalicidir\\\/#primaryimage\"},\"image\":{\"@id\":\"https:\\\/\\\/haberkuzey.com\\\/index.php\\\/2025\\\/05\\\/03\\\/cumhurbaskani-tatarbu-topraklardaki-varligimiz-kalicidir\\\/#primaryimage\"},\"thumbnailUrl\":\"https:\\\/\\\/haberkuzey.com\\\/wp-content\\\/uploads\\\/2025\\\/05\\\/2oruow.jpg\",\"datePublished\":\"2025-05-03T13:53:27+00:00\",\"author\":{\"@id\":\"https:\\\/\\\/haberkuzey.com\\\/#\\\/schema\\\/person\\\/3372109ec735f9333f4fa47ebb9605ca\"},\"breadcrumb\":{\"@id\":\"https:\\\/\\\/haberkuzey.com\\\/index.php\\\/2025\\\/05\\\/03\\\/cumhurbaskani-tatarbu-topraklardaki-varligimiz-kalicidir\\\/#breadcrumb\"},\"inLanguage\":\"tr\",\"potentialAction\":[{\"@type\":\"ReadAction\",\"target\":[\"https:\\\/\\\/haberkuzey.com\\\/index.php\\\/2025\\\/05\\\/03\\\/cumhurbaskani-tatarbu-topraklardaki-varligimiz-kalicidir\\\/\"]}]},{\"@type\":\"ImageObject\",\"inLanguage\":\"tr\",\"@id\":\"https:\\\/\\\/haberkuzey.com\\\/index.php\\\/2025\\\/05\\\/03\\\/cumhurbaskani-tatarbu-topraklardaki-varligimiz-kalicidir\\\/#primaryimage\",\"url\":\"https:\\\/\\\/haberkuzey.com\\\/wp-content\\\/uploads\\\/2025\\\/05\\\/2oruow.jpg\",\"contentUrl\":\"https:\\\/\\\/haberkuzey.com\\\/wp-content\\\/uploads\\\/2025\\\/05\\\/2oruow.jpg\",\"width\":1056,\"height\":527},{\"@type\":\"BreadcrumbList\",\"@id\":\"https:\\\/\\\/haberkuzey.com\\\/index.php\\\/2025\\\/05\\\/03\\\/cumhurbaskani-tatarbu-topraklardaki-varligimiz-kalicidir\\\/#breadcrumb\",\"itemListElement\":[{\"@type\":\"ListItem\",\"position\":1,\"name\":\"Anasayfa\",\"item\":\"https:\\\/\\\/haberkuzey.com\\\/\"},{\"@type\":\"ListItem\",\"position\":2,\"name\":\"Cumhurba\u015fkan\u0131 Tatar:Bu topraklardaki varl\u0131\u011f\u0131m\u0131z kal\u0131c\u0131d\u0131r\"}]},{\"@type\":\"WebSite\",\"@id\":\"https:\\\/\\\/haberkuzey.com\\\/#website\",\"url\":\"https:\\\/\\\/haberkuzey.com\\\/\",\"name\":\"Haber Kuzey\",\"description\":\"Do\u011fru Haberin Adresi\",\"potentialAction\":[{\"@type\":\"SearchAction\",\"target\":{\"@type\":\"EntryPoint\",\"urlTemplate\":\"https:\\\/\\\/haberkuzey.com\\\/?s={search_term_string}\"},\"query-input\":{\"@type\":\"PropertyValueSpecification\",\"valueRequired\":true,\"valueName\":\"search_term_string\"}}],\"inLanguage\":\"tr\"},{\"@type\":\"Person\",\"@id\":\"https:\\\/\\\/haberkuzey.com\\\/#\\\/schema\\\/person\\\/3372109ec735f9333f4fa47ebb9605ca\",\"name\":\"haberkuzey\",\"image\":{\"@type\":\"ImageObject\",\"inLanguage\":\"tr\",\"@id\":\"https:\\\/\\\/secure.gravatar.com\\\/avatar\\\/f5fc875574b1575324358c3b9e6a32b8227aa5b74f3fa22e3cadb63e26fcc39c?s=96&d=mm&r=g\",\"url\":\"https:\\\/\\\/secure.gravatar.com\\\/avatar\\\/f5fc875574b1575324358c3b9e6a32b8227aa5b74f3fa22e3cadb63e26fcc39c?s=96&d=mm&r=g\",\"contentUrl\":\"https:\\\/\\\/secure.gravatar.com\\\/avatar\\\/f5fc875574b1575324358c3b9e6a32b8227aa5b74f3fa22e3cadb63e26fcc39c?s=96&d=mm&r=g\",\"caption\":\"haberkuzey\"},\"sameAs\":[\"https:\\\/\\\/haberkuzey.com\"],\"url\":\"https:\\\/\\\/haberkuzey.com\\\/index.php\\\/author\\\/haberkuzey\\\/\"}]}<\/script>\n<!-- \/ Yoast SEO plugin. -->","yoast_head_json":{"title":"Cumhurba\u015fkan\u0131 Tatar:Bu topraklardaki varl\u0131\u011f\u0131m\u0131z kal\u0131c\u0131d\u0131r - Haber Kuzey","robots":{"index":"index","follow":"follow","max-snippet":"max-snippet:-1","max-image-preview":"max-image-preview:large","max-video-preview":"max-video-preview:-1"},"canonical":"https:\/\/haberkuzey.com\/index.php\/2025\/05\/03\/cumhurbaskani-tatarbu-topraklardaki-varligimiz-kalicidir\/","og_locale":"tr_TR","og_type":"article","og_title":"Cumhurba\u015fkan\u0131 Tatar:Bu topraklardaki varl\u0131\u011f\u0131m\u0131z kal\u0131c\u0131d\u0131r - Haber Kuzey","og_description":"Cumhurba\u015fkanl\u0131\u011f\u0131 Yerle\u015fkesi ve Cumhuriyet Meclisi A\u00e7\u0131l\u0131\u015f T\u00f6reni yap\u0131l\u0131yor. T\u00f6rende konu\u015fan Cumhurba\u015fkan\u0131 Ersin Tatar devlete ve halka kal\u0131c\u0131 bir eser daha kazand\u0131rd\u0131klar\u0131n\u0131 s\u00f6yledi. Egemenli\u011fin v\u00fccut buldu\u011fu bir an ya\u015fand\u0131\u011f\u0131n\u0131n alt\u0131n\u0131 \u00e7izen Tatar, 15 Kas\u0131m 2020 tarihinde Erdo\u011fan ile yapt\u0131klar\u0131 g\u00f6r\u00fc\u015fmede, Cumhurba\u015fkanl\u0131\u011f\u0131\u2019nda ya\u011fmurlu hava nedeniyle bas\u0131n toplant\u0131s\u0131 d\u00fczenleyemediklerini, ard\u0131ndan yeni bir Cumhurba\u015fkanl\u0131\u011f\u0131 binas\u0131 yap\u0131m\u0131 i\u00e7in karar ald\u0131klar\u0131n\u0131 [&hellip;]","og_url":"https:\/\/haberkuzey.com\/index.php\/2025\/05\/03\/cumhurbaskani-tatarbu-topraklardaki-varligimiz-kalicidir\/","og_site_name":"Haber Kuzey","article_published_time":"2025-05-03T13:53:27+00:00","og_image":[{"url":"https:\/\/brtk.net\/wp-content\/uploads\/2025\/05\/03\/2oruow.jpg?ver=e816d7c227dd6aa8b76b8ba8eeb934ae","type":"","width":"","height":""}],"author":"haberkuzey","twitter_card":"summary_large_image","twitter_misc":{"Yazan:":"haberkuzey","Tahmini okuma s\u00fcresi":"1 dakika"},"schema":{"@context":"https:\/\/schema.org","@graph":[{"@type":"Article","@id":"https:\/\/haberkuzey.com\/index.php\/2025\/05\/03\/cumhurbaskani-tatarbu-topraklardaki-varligimiz-kalicidir\/#article","isPartOf":{"@id":"https:\/\/haberkuzey.com\/index.php\/2025\/05\/03\/cumhurbaskani-tatarbu-topraklardaki-varligimiz-kalicidir\/"},"author":{"name":"haberkuzey","@id":"https:\/\/haberkuzey.com\/#\/schema\/person\/3372109ec735f9333f4fa47ebb9605ca"},"headline":"Cumhurba\u015fkan\u0131 Tatar:Bu topraklardaki varl\u0131\u011f\u0131m\u0131z kal\u0131c\u0131d\u0131r","datePublished":"2025-05-03T13:53:27+00:00","mainEntityOfPage":{"@id":"https:\/\/haberkuzey.com\/index.php\/2025\/05\/03\/cumhurbaskani-tatarbu-topraklardaki-varligimiz-kalicidir\/"},"wordCount":243,"commentCount":0,"image":{"@id":"https:\/\/haberkuzey.com\/index.php\/2025\/05\/03\/cumhurbaskani-tatarbu-topraklardaki-varligimiz-kalicidir\/#primaryimage"},"thumbnailUrl":"https:\/\/haberkuzey.com\/wp-content\/uploads\/2025\/05\/2oruow.jpg","articleSection":["K\u0131br\u0131s"],"inLanguage":"tr","potentialAction":[{"@type":"CommentAction","name":"Comment","target":["https:\/\/haberkuzey.com\/index.php\/2025\/05\/03\/cumhurbaskani-tatarbu-topraklardaki-varligimiz-kalicidir\/#respond"]}]},{"@type":"WebPage","@id":"https:\/\/haberkuzey.com\/index.php\/2025\/05\/03\/cumhurbaskani-tatarbu-topraklardaki-varligimiz-kalicidir\/","url":"https:\/\/haberkuzey.com\/index.php\/2025\/05\/03\/cumhurbaskani-tatarbu-topraklardaki-varligimiz-kalicidir\/","name":"Cumhurba\u015fkan\u0131 Tatar:Bu topraklardaki varl\u0131\u011f\u0131m\u0131z kal\u0131c\u0131d\u0131r - Haber Kuzey","isPartOf":{"@id":"https:\/\/haberkuzey.com\/#website"},"primaryImageOfPage":{"@id":"https:\/\/haberkuzey.com\/index.php\/2025\/05\/03\/cumhurbaskani-tatarbu-topraklardaki-varligimiz-kalicidir\/#primaryimage"},"image":{"@id":"https:\/\/haberkuzey.com\/index.php\/2025\/05\/03\/cumhurbaskani-tatarbu-topraklardaki-varligimiz-kalicidir\/#primaryimage"},"thumbnailUrl":"https:\/\/haberkuzey.com\/wp-content\/uploads\/2025\/05\/2oruow.jpg","datePublished":"2025-05-03T13:53:27+00:00","author":{"@id":"https:\/\/haberkuzey.com\/#\/schema\/person\/3372109ec735f9333f4fa47ebb9605ca"},"breadcrumb":{"@id":"https:\/\/haberkuzey.com\/index.php\/2025\/05\/03\/cumhurbaskani-tatarbu-topraklardaki-varligimiz-kalicidir\/#breadcrumb"},"inLanguage":"tr","potentialAction":[{"@type":"ReadAction","target":["https:\/\/haberkuzey.com\/index.php\/2025\/05\/03\/cumhurbaskani-tatarbu-topraklardaki-varligimiz-kalicidir\/"]}]},{"@type":"ImageObject","inLanguage":"tr","@id":"https:\/\/haberkuzey.com\/index.php\/2025\/05\/03\/cumhurbaskani-tatarbu-topraklardaki-varligimiz-kalicidir\/#primaryimage","url":"https:\/\/haberkuzey.com\/wp-content\/uploads\/2025\/05\/2oruow.jpg","contentUrl":"https:\/\/haberkuzey.com\/wp-content\/uploads\/2025\/05\/2oruow.jpg","width":1056,"height":527},{"@type":"BreadcrumbList","@id":"https:\/\/haberkuzey.com\/index.php\/2025\/05\/03\/cumhurbaskani-tatarbu-topraklardaki-varligimiz-kalicidir\/#breadcrumb","itemListElement":[{"@type":"ListItem","position":1,"name":"Anasayfa","item":"https:\/\/haberkuzey.com\/"},{"@type":"ListItem","position":2,"name":"Cumhurba\u015fkan\u0131 Tatar:Bu topraklardaki varl\u0131\u011f\u0131m\u0131z kal\u0131c\u0131d\u0131r"}]},{"@type":"WebSite","@id":"https:\/\/haberkuzey.com\/#website","url":"https:\/\/haberkuzey.com\/","name":"Haber Kuzey","description":"Do\u011fru Haberin Adresi","potentialAction":[{"@type":"SearchAction","target":{"@type":"EntryPoint","urlTemplate":"https:\/\/haberkuzey.com\/?s={search_term_string}"},"query-input":{"@type":"PropertyValueSpecification","valueRequired":true,"valueName":"search_term_string"}}],"inLanguage":"tr"},{"@type":"Person","@id":"https:\/\/haberkuzey.com\/#\/schema\/person\/3372109ec735f9333f4fa47ebb9605ca","name":"haberkuzey","image":{"@type":"ImageObject","inLanguage":"tr","@id":"https:\/\/secure.gravatar.com\/avatar\/f5fc875574b1575324358c3b9e6a32b8227aa5b74f3fa22e3cadb63e26fcc39c?s=96&d=mm&r=g","url":"https:\/\/secure.gravatar.com\/avatar\/f5fc875574b1575324358c3b9e6a32b8227aa5b74f3fa22e3cadb63e26fcc39c?s=96&d=mm&r=g","contentUrl":"https:\/\/secure.gravatar.com\/avatar\/f5fc875574b1575324358c3b9e6a32b8227aa5b74f3fa22e3cadb63e26fcc39c?s=96&d=mm&r=g","caption":"haberkuzey"},"sameAs":["https:\/\/haberkuzey.com"],"url":"https:\/\/haberkuzey.com\/index.php\/author\/haberkuzey\/"}]}},"_links":{"self":[{"href":"https:\/\/haberkuzey.com\/index.php\/wp-json\/wp\/v2\/posts\/23293","targetHints":{"allow":["GET"]}}],"collection":[{"href":"https:\/\/haberkuzey.com\/index.php\/wp-json\/wp\/v2\/posts"}],"about":[{"href":"https:\/\/haberkuzey.com\/index.php\/wp-json\/wp\/v2\/types\/post"}],"author":[{"embeddable":true,"href":"https:\/\/haberkuzey.com\/index.php\/wp-json\/wp\/v2\/users\/1"}],"replies":[{"embeddable":true,"href":"https:\/\/haberkuzey.com\/index.php\/wp-json\/wp\/v2\/comments?post=23293"}],"version-history":[{"count":0,"href":"https:\/\/haberkuzey.com\/index.php\/wp-json\/wp\/v2\/posts\/23293\/revisions"}],"wp:featuredmedia":[{"embeddable":true,"href":"https:\/\/haberkuzey.com\/index.php\/wp-json\/wp\/v2\/media\/23294"}],"wp:attachment":[{"href":"https:\/\/haberkuzey.com\/index.php\/wp-json\/wp\/v2\/media?parent=23293"}],"wp:term":[{"taxonomy":"category","embeddable":true,"href":"https:\/\/haberkuzey.com\/index.php\/wp-json\/wp\/v2\/categories?post=23293"},{"taxonomy":"post_tag","embeddable":true,"href":"https:\/\/haberkuzey.com\/index.php\/wp-json\/wp\/v2\/tags?post=23293"}],"curies":[{"name":"wp","href":"https:\/\/api.w.org\/{rel}","templated":true}]}}