{"id":23176,"date":"2025-05-02T12:06:32","date_gmt":"2025-05-02T09:06:32","guid":{"rendered":"https:\/\/haberkuzey.com\/index.php\/2025\/05\/02\/itu-ve-bogazici-universitesi-rektorleri-bayindirlik-ve-ulastirma-bakani-arikliyi-ziyaret-etti\/"},"modified":"2025-05-02T12:06:32","modified_gmt":"2025-05-02T09:06:32","slug":"itu-ve-bogazici-universitesi-rektorleri-bayindirlik-ve-ulastirma-bakani-arikliyi-ziyaret-etti","status":"publish","type":"post","link":"https:\/\/haberkuzey.com\/index.php\/2025\/05\/02\/itu-ve-bogazici-universitesi-rektorleri-bayindirlik-ve-ulastirma-bakani-arikliyi-ziyaret-etti\/","title":{"rendered":"\u0130T\u00dc ve Bo\u011fazi\u00e7i \u00dcniversitesi Rekt\u00f6rleri, Bay\u0131nd\u0131rl\u0131k ve Ula\u015ft\u0131rma Bakan\u0131 Ar\u0131kl\u0131\u2019y\u0131 ziyaret etti"},"content":{"rendered":"<div>\n<div class=\"mariselle-image-container center\">\n                                            <\/div>\n<p> Bay\u0131nd\u0131rl\u0131k ve Ula\u015ft\u0131rma Bakan\u0131 Erhan Ar\u0131kl\u0131, \u0130stanbul Teknik \u00dcniversitesi (\u0130T\u00dc) Rekt\u00f6r\u00fc Prof. Dr. Hasan Mandal ve Bo\u011fazi\u00e7i \u00dcniversitesi Rekt\u00f6r\u00fc Prof. Dr. Naci \u0130nci\u2019yi ayr\u0131 ayr\u0131 kabul ederek g\u00f6r\u00fc\u015ft\u00fc.<\/p>\n<p>G\u00f6r\u00fc\u015fmeler, TEKNOFEST 2025 KKTC etkinlikleri kapsam\u0131nda ger\u00e7ekle\u015ftirildi. Ar\u0131kl\u0131, etkinli\u011fe kat\u0131l\u0131m sa\u011flamak \u00fczere \u00fclkede bulunan Anavatan T\u00fcrkiye Cumhuriyeti\u2019nin iki k\u00f6kl\u00fc ve sayg\u0131n \u00fcniversitesinin rekt\u00f6rlerini kabul etmekten duydu\u011fu memnuniyeti dile getirdi.<\/p>\n<p>Bakan Ar\u0131kl\u0131, g\u00f6r\u00fc\u015fmelerde \u00fcniversitelerle mevcut ve olas\u0131 i\u015f birli\u011fi alanlar\u0131n\u0131n ele al\u0131nd\u0131\u011f\u0131n\u0131 ifade ederek, \u00f6zellikle bilimsel ara\u015ft\u0131rmalar, teknolojik geli\u015fmeler ve afet y\u00f6netimi konular\u0131nda ortak projeler geli\u015ftirmeyi hedeflediklerini vurgulad\u0131.<\/p>\n<p>\u2013          \u201cKandilli ile i\u015fbirli\u011fimiz s\u00fcrecek\u201d<\/p>\n<p>Bakan Ar\u0131kl\u0131, Bay\u0131nd\u0131rl\u0131k ve Ula\u015ft\u0131rma Bakanl\u0131\u011f\u0131\u2019na ba\u011fl\u0131 Meteoroloji Dairesi\u2019nin, Bo\u011fazi\u00e7i \u00dcniversitesi Kandilli Rasathanesi ile sismoloji ve deprem \u00e7al\u0131\u015fmalar\u0131 konusunda bir i\u015f birli\u011fi protokol\u00fcne sahip oldu\u011funu hat\u0131rlatarak, \u201cDepremle ilgili bilimsel \u00e7al\u0131\u015fmalar bizim \u00f6nceliklerimizden biri. Bu nedenle Meteoroloji Dairesi ile Kandilli Rasathanesi aras\u0131ndaki i\u015f birli\u011fi protokol\u00fcn\u00fcn s\u00fcresini uzataca\u011f\u0131z\u201d dedi.<\/p>\n<p>Bakan Ar\u0131kl\u0131 ayr\u0131ca, afet erken uyar\u0131 sistemleri, veri payla\u015f\u0131m\u0131 ve ortak ara\u015ft\u0131rmalar gibi alanlarda i\u015f birli\u011finin daha da geli\u015ftirilece\u011fini belirtti.<\/p>\n<p>\u2013          \u201cOrtak projeler konusunda ad\u0131m at\u0131lacak\u201d<\/p>\n<p>Ar\u0131kl\u0131, \u0130T\u00dc\u2019n\u00fcn de \u00fclkede y\u00fcksek\u00f6\u011fretime yat\u0131r\u0131m yapan ve teknoloji odakl\u0131 projelerde yer alan kurumlardan biri oldu\u011funu belirtti. Bilimsel bilgi \u00fcretiminin ve inovasyonun te\u015fvik edilmesi amac\u0131yla ortak seminerler, \u00e7al\u0131\u015ftaylar ve ara\u015ft\u0131rma projelerinin \u00f6nemine dikkat \u00e7eken Ar\u0131kl\u0131, bu konularda da ad\u0131m at\u0131laca\u011f\u0131n\u0131 ifade etti.<\/p>\n<p>G\u00f6r\u00fc\u015fmelerde Yeniden Do\u011fu\u015f Partisi (YDP) Milletvekili Talip Atalay, Bay\u0131nd\u0131rl\u0131k ve Ula\u015ft\u0131rma Bakanl\u0131\u011f\u0131 M\u00fcste\u015far\u0131 Enver \u00d6zt\u00fcrk ve Meteoroloji Dairesi M\u00fcd\u00fcr\u00fc Sinan G\u00fcne\u015f de haz\u0131r bulundu.<\/p>\n<\/p><\/div>\n<p><script async\n                    defer\n                    crossorigin=\"anonymous\"\n                    src=\"https:\/\/connect.facebook.net\/tr_TR\/sdk.js#xfbml=1&#038;version=v3.3\"\n            ><\/script><\/p>\n","protected":false},"excerpt":{"rendered":"<p>Bay\u0131nd\u0131rl\u0131k ve Ula\u015ft\u0131rma Bakan\u0131 Erhan Ar\u0131kl\u0131, \u0130stanbul Teknik \u00dcniversitesi (\u0130T\u00dc) Rekt\u00f6r\u00fc Prof. Dr. Hasan Mandal ve Bo\u011fazi\u00e7i \u00dcniversitesi Rekt\u00f6r\u00fc Prof. Dr. Naci \u0130nci\u2019yi ayr\u0131 ayr\u0131 kabul ederek g\u00f6r\u00fc\u015ft\u00fc. G\u00f6r\u00fc\u015fmeler, TEKNOFEST 2025 KKTC etkinlikleri kapsam\u0131nda ger\u00e7ekle\u015ftirildi. Ar\u0131kl\u0131, etkinli\u011fe kat\u0131l\u0131m sa\u011flamak \u00fczere \u00fclkede bulunan Anavatan T\u00fcrkiye Cumhuriyeti\u2019nin iki k\u00f6kl\u00fc ve sayg\u0131n \u00fcniversitesinin rekt\u00f6rlerini kabul etmekten duydu\u011fu memnuniyeti [&hellip;]<\/p>\n","protected":false},"author":1,"featured_media":23177,"comment_status":"open","ping_status":"open","sticky":false,"template":"","format":"standard","meta":{"jnews-multi-image_gallery":[],"jnews_single_post":[],"jnews_primary_category":[],"footnotes":""},"categories":[1],"tags":[],"class_list":["post-23176","post","type-post","status-publish","format-standard","has-post-thumbnail","hentry","category-kibris"],"yoast_head":"<!-- This site is optimized with the Yoast SEO plugin v27.5 - https:\/\/yoast.com\/product\/yoast-seo-wordpress\/ -->\n<title>\u0130T\u00dc ve Bo\u011fazi\u00e7i \u00dcniversitesi Rekt\u00f6rleri, Bay\u0131nd\u0131rl\u0131k ve Ula\u015ft\u0131rma Bakan\u0131 Ar\u0131kl\u0131\u2019y\u0131 ziyaret etti - Haber Kuzey<\/title>\n<meta name=\"robots\" content=\"index, follow, max-snippet:-1, max-image-preview:large, max-video-preview:-1\" \/>\n<link rel=\"canonical\" href=\"https:\/\/haberkuzey.com\/index.php\/2025\/05\/02\/itu-ve-bogazici-universitesi-rektorleri-bayindirlik-ve-ulastirma-bakani-arikliyi-ziyaret-etti\/\" \/>\n<meta property=\"og:locale\" content=\"tr_TR\" \/>\n<meta property=\"og:type\" content=\"article\" \/>\n<meta property=\"og:title\" content=\"\u0130T\u00dc ve Bo\u011fazi\u00e7i \u00dcniversitesi Rekt\u00f6rleri, Bay\u0131nd\u0131rl\u0131k ve Ula\u015ft\u0131rma Bakan\u0131 Ar\u0131kl\u0131\u2019y\u0131 ziyaret etti - Haber Kuzey\" \/>\n<meta property=\"og:description\" content=\"Bay\u0131nd\u0131rl\u0131k ve Ula\u015ft\u0131rma Bakan\u0131 Erhan Ar\u0131kl\u0131, \u0130stanbul Teknik \u00dcniversitesi (\u0130T\u00dc) Rekt\u00f6r\u00fc Prof. Dr. Hasan Mandal ve Bo\u011fazi\u00e7i \u00dcniversitesi Rekt\u00f6r\u00fc Prof. Dr. Naci \u0130nci\u2019yi ayr\u0131 ayr\u0131 kabul ederek g\u00f6r\u00fc\u015ft\u00fc. G\u00f6r\u00fc\u015fmeler, TEKNOFEST 2025 KKTC etkinlikleri kapsam\u0131nda ger\u00e7ekle\u015ftirildi. Ar\u0131kl\u0131, etkinli\u011fe kat\u0131l\u0131m sa\u011flamak \u00fczere \u00fclkede bulunan Anavatan T\u00fcrkiye Cumhuriyeti\u2019nin iki k\u00f6kl\u00fc ve sayg\u0131n \u00fcniversitesinin rekt\u00f6rlerini kabul etmekten duydu\u011fu memnuniyeti [&hellip;]\" \/>\n<meta property=\"og:url\" content=\"https:\/\/haberkuzey.com\/index.php\/2025\/05\/02\/itu-ve-bogazici-universitesi-rektorleri-bayindirlik-ve-ulastirma-bakani-arikliyi-ziyaret-etti\/\" \/>\n<meta property=\"og:site_name\" content=\"Haber Kuzey\" \/>\n<meta property=\"article:published_time\" content=\"2025-05-02T09:06:32+00:00\" \/>\n<meta property=\"og:image\" content=\"https:\/\/brtk.net\/wp-content\/uploads\/2025\/05\/02\/3749283749283.png?ver=a3c0e1907dce5233188c04ab5b4b4c89\" \/>\n<meta name=\"author\" content=\"haberkuzey\" \/>\n<meta name=\"twitter:card\" content=\"summary_large_image\" \/>\n<meta name=\"twitter:label1\" content=\"Yazan:\" \/>\n\t<meta name=\"twitter:data1\" content=\"haberkuzey\" \/>\n\t<meta name=\"twitter:label2\" content=\"Tahmini okuma s\u00fcresi\" \/>\n\t<meta name=\"twitter:data2\" content=\"2 dakika\" \/>\n<script type=\"application\/ld+json\" class=\"yoast-schema-graph\">{\"@context\":\"https:\\\/\\\/schema.org\",\"@graph\":[{\"@type\":\"Article\",\"@id\":\"https:\\\/\\\/haberkuzey.com\\\/index.php\\\/2025\\\/05\\\/02\\\/itu-ve-bogazici-universitesi-rektorleri-bayindirlik-ve-ulastirma-bakani-arikliyi-ziyaret-etti\\\/#article\",\"isPartOf\":{\"@id\":\"https:\\\/\\\/haberkuzey.com\\\/index.php\\\/2025\\\/05\\\/02\\\/itu-ve-bogazici-universitesi-rektorleri-bayindirlik-ve-ulastirma-bakani-arikliyi-ziyaret-etti\\\/\"},\"author\":{\"name\":\"haberkuzey\",\"@id\":\"https:\\\/\\\/haberkuzey.com\\\/#\\\/schema\\\/person\\\/3372109ec735f9333f4fa47ebb9605ca\"},\"headline\":\"\u0130T\u00dc ve Bo\u011fazi\u00e7i \u00dcniversitesi Rekt\u00f6rleri, Bay\u0131nd\u0131rl\u0131k ve Ula\u015ft\u0131rma Bakan\u0131 Ar\u0131kl\u0131\u2019y\u0131 ziyaret etti\",\"datePublished\":\"2025-05-02T09:06:32+00:00\",\"mainEntityOfPage\":{\"@id\":\"https:\\\/\\\/haberkuzey.com\\\/index.php\\\/2025\\\/05\\\/02\\\/itu-ve-bogazici-universitesi-rektorleri-bayindirlik-ve-ulastirma-bakani-arikliyi-ziyaret-etti\\\/\"},\"wordCount\":359,\"commentCount\":0,\"image\":{\"@id\":\"https:\\\/\\\/haberkuzey.com\\\/index.php\\\/2025\\\/05\\\/02\\\/itu-ve-bogazici-universitesi-rektorleri-bayindirlik-ve-ulastirma-bakani-arikliyi-ziyaret-etti\\\/#primaryimage\"},\"thumbnailUrl\":\"https:\\\/\\\/haberkuzey.com\\\/wp-content\\\/uploads\\\/2025\\\/05\\\/3749283749283.png\",\"articleSection\":[\"K\u0131br\u0131s\"],\"inLanguage\":\"tr\",\"potentialAction\":[{\"@type\":\"CommentAction\",\"name\":\"Comment\",\"target\":[\"https:\\\/\\\/haberkuzey.com\\\/index.php\\\/2025\\\/05\\\/02\\\/itu-ve-bogazici-universitesi-rektorleri-bayindirlik-ve-ulastirma-bakani-arikliyi-ziyaret-etti\\\/#respond\"]}]},{\"@type\":\"WebPage\",\"@id\":\"https:\\\/\\\/haberkuzey.com\\\/index.php\\\/2025\\\/05\\\/02\\\/itu-ve-bogazici-universitesi-rektorleri-bayindirlik-ve-ulastirma-bakani-arikliyi-ziyaret-etti\\\/\",\"url\":\"https:\\\/\\\/haberkuzey.com\\\/index.php\\\/2025\\\/05\\\/02\\\/itu-ve-bogazici-universitesi-rektorleri-bayindirlik-ve-ulastirma-bakani-arikliyi-ziyaret-etti\\\/\",\"name\":\"\u0130T\u00dc ve Bo\u011fazi\u00e7i \u00dcniversitesi Rekt\u00f6rleri, Bay\u0131nd\u0131rl\u0131k ve Ula\u015ft\u0131rma Bakan\u0131 Ar\u0131kl\u0131\u2019y\u0131 ziyaret etti - Haber Kuzey\",\"isPartOf\":{\"@id\":\"https:\\\/\\\/haberkuzey.com\\\/#website\"},\"primaryImageOfPage\":{\"@id\":\"https:\\\/\\\/haberkuzey.com\\\/index.php\\\/2025\\\/05\\\/02\\\/itu-ve-bogazici-universitesi-rektorleri-bayindirlik-ve-ulastirma-bakani-arikliyi-ziyaret-etti\\\/#primaryimage\"},\"image\":{\"@id\":\"https:\\\/\\\/haberkuzey.com\\\/index.php\\\/2025\\\/05\\\/02\\\/itu-ve-bogazici-universitesi-rektorleri-bayindirlik-ve-ulastirma-bakani-arikliyi-ziyaret-etti\\\/#primaryimage\"},\"thumbnailUrl\":\"https:\\\/\\\/haberkuzey.com\\\/wp-content\\\/uploads\\\/2025\\\/05\\\/3749283749283.png\",\"datePublished\":\"2025-05-02T09:06:32+00:00\",\"author\":{\"@id\":\"https:\\\/\\\/haberkuzey.com\\\/#\\\/schema\\\/person\\\/3372109ec735f9333f4fa47ebb9605ca\"},\"breadcrumb\":{\"@id\":\"https:\\\/\\\/haberkuzey.com\\\/index.php\\\/2025\\\/05\\\/02\\\/itu-ve-bogazici-universitesi-rektorleri-bayindirlik-ve-ulastirma-bakani-arikliyi-ziyaret-etti\\\/#breadcrumb\"},\"inLanguage\":\"tr\",\"potentialAction\":[{\"@type\":\"ReadAction\",\"target\":[\"https:\\\/\\\/haberkuzey.com\\\/index.php\\\/2025\\\/05\\\/02\\\/itu-ve-bogazici-universitesi-rektorleri-bayindirlik-ve-ulastirma-bakani-arikliyi-ziyaret-etti\\\/\"]}]},{\"@type\":\"ImageObject\",\"inLanguage\":\"tr\",\"@id\":\"https:\\\/\\\/haberkuzey.com\\\/index.php\\\/2025\\\/05\\\/02\\\/itu-ve-bogazici-universitesi-rektorleri-bayindirlik-ve-ulastirma-bakani-arikliyi-ziyaret-etti\\\/#primaryimage\",\"url\":\"https:\\\/\\\/haberkuzey.com\\\/wp-content\\\/uploads\\\/2025\\\/05\\\/3749283749283.png\",\"contentUrl\":\"https:\\\/\\\/haberkuzey.com\\\/wp-content\\\/uploads\\\/2025\\\/05\\\/3749283749283.png\",\"width\":1500,\"height\":665},{\"@type\":\"BreadcrumbList\",\"@id\":\"https:\\\/\\\/haberkuzey.com\\\/index.php\\\/2025\\\/05\\\/02\\\/itu-ve-bogazici-universitesi-rektorleri-bayindirlik-ve-ulastirma-bakani-arikliyi-ziyaret-etti\\\/#breadcrumb\",\"itemListElement\":[{\"@type\":\"ListItem\",\"position\":1,\"name\":\"Anasayfa\",\"item\":\"https:\\\/\\\/haberkuzey.com\\\/\"},{\"@type\":\"ListItem\",\"position\":2,\"name\":\"\u0130T\u00dc ve Bo\u011fazi\u00e7i \u00dcniversitesi Rekt\u00f6rleri, Bay\u0131nd\u0131rl\u0131k ve Ula\u015ft\u0131rma Bakan\u0131 Ar\u0131kl\u0131\u2019y\u0131 ziyaret etti\"}]},{\"@type\":\"WebSite\",\"@id\":\"https:\\\/\\\/haberkuzey.com\\\/#website\",\"url\":\"https:\\\/\\\/haberkuzey.com\\\/\",\"name\":\"Haber Kuzey\",\"description\":\"Do\u011fru Haberin Adresi\",\"potentialAction\":[{\"@type\":\"SearchAction\",\"target\":{\"@type\":\"EntryPoint\",\"urlTemplate\":\"https:\\\/\\\/haberkuzey.com\\\/?s={search_term_string}\"},\"query-input\":{\"@type\":\"PropertyValueSpecification\",\"valueRequired\":true,\"valueName\":\"search_term_string\"}}],\"inLanguage\":\"tr\"},{\"@type\":\"Person\",\"@id\":\"https:\\\/\\\/haberkuzey.com\\\/#\\\/schema\\\/person\\\/3372109ec735f9333f4fa47ebb9605ca\",\"name\":\"haberkuzey\",\"image\":{\"@type\":\"ImageObject\",\"inLanguage\":\"tr\",\"@id\":\"https:\\\/\\\/secure.gravatar.com\\\/avatar\\\/f5fc875574b1575324358c3b9e6a32b8227aa5b74f3fa22e3cadb63e26fcc39c?s=96&d=mm&r=g\",\"url\":\"https:\\\/\\\/secure.gravatar.com\\\/avatar\\\/f5fc875574b1575324358c3b9e6a32b8227aa5b74f3fa22e3cadb63e26fcc39c?s=96&d=mm&r=g\",\"contentUrl\":\"https:\\\/\\\/secure.gravatar.com\\\/avatar\\\/f5fc875574b1575324358c3b9e6a32b8227aa5b74f3fa22e3cadb63e26fcc39c?s=96&d=mm&r=g\",\"caption\":\"haberkuzey\"},\"sameAs\":[\"https:\\\/\\\/haberkuzey.com\"],\"url\":\"https:\\\/\\\/haberkuzey.com\\\/index.php\\\/author\\\/haberkuzey\\\/\"}]}<\/script>\n<!-- \/ Yoast SEO plugin. -->","yoast_head_json":{"title":"\u0130T\u00dc ve Bo\u011fazi\u00e7i \u00dcniversitesi Rekt\u00f6rleri, Bay\u0131nd\u0131rl\u0131k ve Ula\u015ft\u0131rma Bakan\u0131 Ar\u0131kl\u0131\u2019y\u0131 ziyaret etti - Haber Kuzey","robots":{"index":"index","follow":"follow","max-snippet":"max-snippet:-1","max-image-preview":"max-image-preview:large","max-video-preview":"max-video-preview:-1"},"canonical":"https:\/\/haberkuzey.com\/index.php\/2025\/05\/02\/itu-ve-bogazici-universitesi-rektorleri-bayindirlik-ve-ulastirma-bakani-arikliyi-ziyaret-etti\/","og_locale":"tr_TR","og_type":"article","og_title":"\u0130T\u00dc ve Bo\u011fazi\u00e7i \u00dcniversitesi Rekt\u00f6rleri, Bay\u0131nd\u0131rl\u0131k ve Ula\u015ft\u0131rma Bakan\u0131 Ar\u0131kl\u0131\u2019y\u0131 ziyaret etti - Haber Kuzey","og_description":"Bay\u0131nd\u0131rl\u0131k ve Ula\u015ft\u0131rma Bakan\u0131 Erhan Ar\u0131kl\u0131, \u0130stanbul Teknik \u00dcniversitesi (\u0130T\u00dc) Rekt\u00f6r\u00fc Prof. Dr. Hasan Mandal ve Bo\u011fazi\u00e7i \u00dcniversitesi Rekt\u00f6r\u00fc Prof. Dr. Naci \u0130nci\u2019yi ayr\u0131 ayr\u0131 kabul ederek g\u00f6r\u00fc\u015ft\u00fc. G\u00f6r\u00fc\u015fmeler, TEKNOFEST 2025 KKTC etkinlikleri kapsam\u0131nda ger\u00e7ekle\u015ftirildi. Ar\u0131kl\u0131, etkinli\u011fe kat\u0131l\u0131m sa\u011flamak \u00fczere \u00fclkede bulunan Anavatan T\u00fcrkiye Cumhuriyeti\u2019nin iki k\u00f6kl\u00fc ve sayg\u0131n \u00fcniversitesinin rekt\u00f6rlerini kabul etmekten duydu\u011fu memnuniyeti [&hellip;]","og_url":"https:\/\/haberkuzey.com\/index.php\/2025\/05\/02\/itu-ve-bogazici-universitesi-rektorleri-bayindirlik-ve-ulastirma-bakani-arikliyi-ziyaret-etti\/","og_site_name":"Haber Kuzey","article_published_time":"2025-05-02T09:06:32+00:00","og_image":[{"url":"https:\/\/brtk.net\/wp-content\/uploads\/2025\/05\/02\/3749283749283.png?ver=a3c0e1907dce5233188c04ab5b4b4c89","type":"","width":"","height":""}],"author":"haberkuzey","twitter_card":"summary_large_image","twitter_misc":{"Yazan:":"haberkuzey","Tahmini okuma s\u00fcresi":"2 dakika"},"schema":{"@context":"https:\/\/schema.org","@graph":[{"@type":"Article","@id":"https:\/\/haberkuzey.com\/index.php\/2025\/05\/02\/itu-ve-bogazici-universitesi-rektorleri-bayindirlik-ve-ulastirma-bakani-arikliyi-ziyaret-etti\/#article","isPartOf":{"@id":"https:\/\/haberkuzey.com\/index.php\/2025\/05\/02\/itu-ve-bogazici-universitesi-rektorleri-bayindirlik-ve-ulastirma-bakani-arikliyi-ziyaret-etti\/"},"author":{"name":"haberkuzey","@id":"https:\/\/haberkuzey.com\/#\/schema\/person\/3372109ec735f9333f4fa47ebb9605ca"},"headline":"\u0130T\u00dc ve Bo\u011fazi\u00e7i \u00dcniversitesi Rekt\u00f6rleri, Bay\u0131nd\u0131rl\u0131k ve Ula\u015ft\u0131rma Bakan\u0131 Ar\u0131kl\u0131\u2019y\u0131 ziyaret etti","datePublished":"2025-05-02T09:06:32+00:00","mainEntityOfPage":{"@id":"https:\/\/haberkuzey.com\/index.php\/2025\/05\/02\/itu-ve-bogazici-universitesi-rektorleri-bayindirlik-ve-ulastirma-bakani-arikliyi-ziyaret-etti\/"},"wordCount":359,"commentCount":0,"image":{"@id":"https:\/\/haberkuzey.com\/index.php\/2025\/05\/02\/itu-ve-bogazici-universitesi-rektorleri-bayindirlik-ve-ulastirma-bakani-arikliyi-ziyaret-etti\/#primaryimage"},"thumbnailUrl":"https:\/\/haberkuzey.com\/wp-content\/uploads\/2025\/05\/3749283749283.png","articleSection":["K\u0131br\u0131s"],"inLanguage":"tr","potentialAction":[{"@type":"CommentAction","name":"Comment","target":["https:\/\/haberkuzey.com\/index.php\/2025\/05\/02\/itu-ve-bogazici-universitesi-rektorleri-bayindirlik-ve-ulastirma-bakani-arikliyi-ziyaret-etti\/#respond"]}]},{"@type":"WebPage","@id":"https:\/\/haberkuzey.com\/index.php\/2025\/05\/02\/itu-ve-bogazici-universitesi-rektorleri-bayindirlik-ve-ulastirma-bakani-arikliyi-ziyaret-etti\/","url":"https:\/\/haberkuzey.com\/index.php\/2025\/05\/02\/itu-ve-bogazici-universitesi-rektorleri-bayindirlik-ve-ulastirma-bakani-arikliyi-ziyaret-etti\/","name":"\u0130T\u00dc ve Bo\u011fazi\u00e7i \u00dcniversitesi Rekt\u00f6rleri, Bay\u0131nd\u0131rl\u0131k ve Ula\u015ft\u0131rma Bakan\u0131 Ar\u0131kl\u0131\u2019y\u0131 ziyaret etti - Haber Kuzey","isPartOf":{"@id":"https:\/\/haberkuzey.com\/#website"},"primaryImageOfPage":{"@id":"https:\/\/haberkuzey.com\/index.php\/2025\/05\/02\/itu-ve-bogazici-universitesi-rektorleri-bayindirlik-ve-ulastirma-bakani-arikliyi-ziyaret-etti\/#primaryimage"},"image":{"@id":"https:\/\/haberkuzey.com\/index.php\/2025\/05\/02\/itu-ve-bogazici-universitesi-rektorleri-bayindirlik-ve-ulastirma-bakani-arikliyi-ziyaret-etti\/#primaryimage"},"thumbnailUrl":"https:\/\/haberkuzey.com\/wp-content\/uploads\/2025\/05\/3749283749283.png","datePublished":"2025-05-02T09:06:32+00:00","author":{"@id":"https:\/\/haberkuzey.com\/#\/schema\/person\/3372109ec735f9333f4fa47ebb9605ca"},"breadcrumb":{"@id":"https:\/\/haberkuzey.com\/index.php\/2025\/05\/02\/itu-ve-bogazici-universitesi-rektorleri-bayindirlik-ve-ulastirma-bakani-arikliyi-ziyaret-etti\/#breadcrumb"},"inLanguage":"tr","potentialAction":[{"@type":"ReadAction","target":["https:\/\/haberkuzey.com\/index.php\/2025\/05\/02\/itu-ve-bogazici-universitesi-rektorleri-bayindirlik-ve-ulastirma-bakani-arikliyi-ziyaret-etti\/"]}]},{"@type":"ImageObject","inLanguage":"tr","@id":"https:\/\/haberkuzey.com\/index.php\/2025\/05\/02\/itu-ve-bogazici-universitesi-rektorleri-bayindirlik-ve-ulastirma-bakani-arikliyi-ziyaret-etti\/#primaryimage","url":"https:\/\/haberkuzey.com\/wp-content\/uploads\/2025\/05\/3749283749283.png","contentUrl":"https:\/\/haberkuzey.com\/wp-content\/uploads\/2025\/05\/3749283749283.png","width":1500,"height":665},{"@type":"BreadcrumbList","@id":"https:\/\/haberkuzey.com\/index.php\/2025\/05\/02\/itu-ve-bogazici-universitesi-rektorleri-bayindirlik-ve-ulastirma-bakani-arikliyi-ziyaret-etti\/#breadcrumb","itemListElement":[{"@type":"ListItem","position":1,"name":"Anasayfa","item":"https:\/\/haberkuzey.com\/"},{"@type":"ListItem","position":2,"name":"\u0130T\u00dc ve Bo\u011fazi\u00e7i \u00dcniversitesi Rekt\u00f6rleri, Bay\u0131nd\u0131rl\u0131k ve Ula\u015ft\u0131rma Bakan\u0131 Ar\u0131kl\u0131\u2019y\u0131 ziyaret etti"}]},{"@type":"WebSite","@id":"https:\/\/haberkuzey.com\/#website","url":"https:\/\/haberkuzey.com\/","name":"Haber Kuzey","description":"Do\u011fru Haberin Adresi","potentialAction":[{"@type":"SearchAction","target":{"@type":"EntryPoint","urlTemplate":"https:\/\/haberkuzey.com\/?s={search_term_string}"},"query-input":{"@type":"PropertyValueSpecification","valueRequired":true,"valueName":"search_term_string"}}],"inLanguage":"tr"},{"@type":"Person","@id":"https:\/\/haberkuzey.com\/#\/schema\/person\/3372109ec735f9333f4fa47ebb9605ca","name":"haberkuzey","image":{"@type":"ImageObject","inLanguage":"tr","@id":"https:\/\/secure.gravatar.com\/avatar\/f5fc875574b1575324358c3b9e6a32b8227aa5b74f3fa22e3cadb63e26fcc39c?s=96&d=mm&r=g","url":"https:\/\/secure.gravatar.com\/avatar\/f5fc875574b1575324358c3b9e6a32b8227aa5b74f3fa22e3cadb63e26fcc39c?s=96&d=mm&r=g","contentUrl":"https:\/\/secure.gravatar.com\/avatar\/f5fc875574b1575324358c3b9e6a32b8227aa5b74f3fa22e3cadb63e26fcc39c?s=96&d=mm&r=g","caption":"haberkuzey"},"sameAs":["https:\/\/haberkuzey.com"],"url":"https:\/\/haberkuzey.com\/index.php\/author\/haberkuzey\/"}]}},"_links":{"self":[{"href":"https:\/\/haberkuzey.com\/index.php\/wp-json\/wp\/v2\/posts\/23176","targetHints":{"allow":["GET"]}}],"collection":[{"href":"https:\/\/haberkuzey.com\/index.php\/wp-json\/wp\/v2\/posts"}],"about":[{"href":"https:\/\/haberkuzey.com\/index.php\/wp-json\/wp\/v2\/types\/post"}],"author":[{"embeddable":true,"href":"https:\/\/haberkuzey.com\/index.php\/wp-json\/wp\/v2\/users\/1"}],"replies":[{"embeddable":true,"href":"https:\/\/haberkuzey.com\/index.php\/wp-json\/wp\/v2\/comments?post=23176"}],"version-history":[{"count":0,"href":"https:\/\/haberkuzey.com\/index.php\/wp-json\/wp\/v2\/posts\/23176\/revisions"}],"wp:featuredmedia":[{"embeddable":true,"href":"https:\/\/haberkuzey.com\/index.php\/wp-json\/wp\/v2\/media\/23177"}],"wp:attachment":[{"href":"https:\/\/haberkuzey.com\/index.php\/wp-json\/wp\/v2\/media?parent=23176"}],"wp:term":[{"taxonomy":"category","embeddable":true,"href":"https:\/\/haberkuzey.com\/index.php\/wp-json\/wp\/v2\/categories?post=23176"},{"taxonomy":"post_tag","embeddable":true,"href":"https:\/\/haberkuzey.com\/index.php\/wp-json\/wp\/v2\/tags?post=23176"}],"curies":[{"name":"wp","href":"https:\/\/api.w.org\/{rel}","templated":true}]}}