{"id":23142,"date":"2025-05-01T16:55:28","date_gmt":"2025-05-01T13:55:28","guid":{"rendered":"https:\/\/haberkuzey.com\/index.php\/2025\/05\/01\/ktos-yarin-grevde\/"},"modified":"2025-05-01T16:55:28","modified_gmt":"2025-05-01T13:55:28","slug":"ktos-yarin-grevde","status":"publish","type":"post","link":"https:\/\/haberkuzey.com\/index.php\/2025\/05\/01\/ktos-yarin-grevde\/","title":{"rendered":"KT\u00d6S yar\u0131n grevde"},"content":{"rendered":"<div>\n<div class=\"mariselle-image-container center\">\n                                            <\/div>\n<p>K\u0131br\u0131s T\u00fcrk \u00d6\u011fretmenler Sendikas\u0131 (KT\u00d6S) Genel Sekreteri Burak Mavi\u015f, sendikan\u0131n \u00f6rg\u00fctl\u00fc oldu\u011fu okul, kurum ve kurulu\u015flarda yar\u0131n grev yapacaklar\u0131n\u0131 a\u00e7\u0131klad\u0131.<\/p>\n<p>Mavi\u015f yapt\u0131\u011f\u0131 yaz\u0131l\u0131 a\u00e7\u0131klamada yar\u0131n 8.00-12.40 aras\u0131nda grev yapacaklar\u0131n\u0131, saat 17.00\u2019de sendikada bulu\u015fup miting alan\u0131na y\u00fcr\u00fcyeceklerini belirtti.<\/p>\n<p>Mavi\u015f a\u00e7\u0131klamas\u0131nda, \u201cKaranl\u0131\u011fa ge\u00e7it yok. Grev ve eylemdeyiz. \u00c7\u00fcnk\u00fc gelece\u011fimizi savunurken \u00f6dedi\u011fimiz bedel, \u00e7ocuklar\u0131m\u0131za b\u0131rakaca\u011f\u0131m\u0131z adil, e\u015fit ve ayd\u0131nl\u0131k yar\u0131nlar\u0131n en onurlu harc\u0131d\u0131r\u201d ifadelerini kulland\u0131.<\/p>\n<p>Adaletin, liyakatin ve nitelikli e\u011fitimin egemen oldu\u011fu bir toplum i\u00e7in m\u00fccadele ettiklerini dile getiren Mavi\u015f, \u201cAtat\u00fcrk ilke ve devrimlerine ba\u011fl\u0131y\u0131z. Bilimsel e\u011fitimden, laik ya\u015famdan, kamusal hizmetlerden ve toplumsal e\u015fitlikten asla vazge\u00e7meyece\u011fiz.\u201d ifadelerine yer verdi.<\/p>\n<p>Bu iradenin, karanl\u0131\u011f\u0131 ayd\u0131nl\u0131\u011fa ta\u015f\u0131yan en g\u00fc\u00e7l\u00fc \u0131\u015f\u0131k oldu\u011funu belirten Mavi\u015f, \u201c\u00c7ocuklar\u0131m\u0131z, e\u011fitimde f\u0131rsat e\u015fitli\u011fi, liyakatli atamalar\u0131n, demokratik y\u00f6netimin teminat\u0131, bilimsel e\u011fitim, laik toplum yap\u0131m\u0131z, Disiplin T\u00fcz\u00fc\u011f\u00fc\u2019n\u00fcn geri \u00e7ekilmesi, toplumsal bar\u0131\u015f, adalet ve \u00e7a\u011fda\u015f bir gelecek i\u00e7in irademize ve Atat\u00fcrk\u2019\u00fcn devrimlerine sahip \u00e7\u0131k\u0131yoruz\u201d dedi.<\/p>\n<\/p><\/div>\n<p><script async\n                    defer\n                    crossorigin=\"anonymous\"\n                    src=\"https:\/\/connect.facebook.net\/tr_TR\/sdk.js#xfbml=1&#038;version=v3.3\"\n            ><\/script><\/p>\n","protected":false},"excerpt":{"rendered":"<p>K\u0131br\u0131s T\u00fcrk \u00d6\u011fretmenler Sendikas\u0131 (KT\u00d6S) Genel Sekreteri Burak Mavi\u015f, sendikan\u0131n \u00f6rg\u00fctl\u00fc oldu\u011fu okul, kurum ve kurulu\u015flarda yar\u0131n grev yapacaklar\u0131n\u0131 a\u00e7\u0131klad\u0131. Mavi\u015f yapt\u0131\u011f\u0131 yaz\u0131l\u0131 a\u00e7\u0131klamada yar\u0131n 8.00-12.40 aras\u0131nda grev yapacaklar\u0131n\u0131, saat 17.00\u2019de sendikada bulu\u015fup miting alan\u0131na y\u00fcr\u00fcyeceklerini belirtti. Mavi\u015f a\u00e7\u0131klamas\u0131nda, \u201cKaranl\u0131\u011fa ge\u00e7it yok. Grev ve eylemdeyiz. \u00c7\u00fcnk\u00fc gelece\u011fimizi savunurken \u00f6dedi\u011fimiz bedel, \u00e7ocuklar\u0131m\u0131za b\u0131rakaca\u011f\u0131m\u0131z adil, e\u015fit ve [&hellip;]<\/p>\n","protected":false},"author":1,"featured_media":13354,"comment_status":"open","ping_status":"open","sticky":false,"template":"","format":"standard","meta":{"jnews-multi-image_gallery":[],"jnews_single_post":[],"jnews_primary_category":[],"footnotes":""},"categories":[1],"tags":[],"class_list":["post-23142","post","type-post","status-publish","format-standard","has-post-thumbnail","hentry","category-kibris"],"yoast_head":"<!-- This site is optimized with the Yoast SEO plugin v27.5 - https:\/\/yoast.com\/product\/yoast-seo-wordpress\/ -->\n<title>KT\u00d6S yar\u0131n grevde - Haber Kuzey<\/title>\n<meta name=\"robots\" content=\"index, follow, max-snippet:-1, max-image-preview:large, max-video-preview:-1\" \/>\n<link rel=\"canonical\" href=\"https:\/\/haberkuzey.com\/index.php\/2025\/05\/01\/ktos-yarin-grevde\/\" \/>\n<meta property=\"og:locale\" content=\"tr_TR\" \/>\n<meta property=\"og:type\" content=\"article\" \/>\n<meta property=\"og:title\" content=\"KT\u00d6S yar\u0131n grevde - Haber Kuzey\" \/>\n<meta property=\"og:description\" content=\"K\u0131br\u0131s T\u00fcrk \u00d6\u011fretmenler Sendikas\u0131 (KT\u00d6S) Genel Sekreteri Burak Mavi\u015f, sendikan\u0131n \u00f6rg\u00fctl\u00fc oldu\u011fu okul, kurum ve kurulu\u015flarda yar\u0131n grev yapacaklar\u0131n\u0131 a\u00e7\u0131klad\u0131. Mavi\u015f yapt\u0131\u011f\u0131 yaz\u0131l\u0131 a\u00e7\u0131klamada yar\u0131n 8.00-12.40 aras\u0131nda grev yapacaklar\u0131n\u0131, saat 17.00\u2019de sendikada bulu\u015fup miting alan\u0131na y\u00fcr\u00fcyeceklerini belirtti. Mavi\u015f a\u00e7\u0131klamas\u0131nda, \u201cKaranl\u0131\u011fa ge\u00e7it yok. Grev ve eylemdeyiz. \u00c7\u00fcnk\u00fc gelece\u011fimizi savunurken \u00f6dedi\u011fimiz bedel, \u00e7ocuklar\u0131m\u0131za b\u0131rakaca\u011f\u0131m\u0131z adil, e\u015fit ve [&hellip;]\" \/>\n<meta property=\"og:url\" content=\"https:\/\/haberkuzey.com\/index.php\/2025\/05\/01\/ktos-yarin-grevde\/\" \/>\n<meta property=\"og:site_name\" content=\"Haber Kuzey\" \/>\n<meta property=\"article:published_time\" content=\"2025-05-01T13:55:28+00:00\" \/>\n<meta property=\"og:image\" content=\"https:\/\/brtk.net\/wp-content\/uploads\/2024\/09\/15\/ktos291.jpg?ver=c53e27fad12eb1ccecd40f4417d2815e\" \/>\n<meta name=\"author\" content=\"haberkuzey\" \/>\n<meta name=\"twitter:card\" content=\"summary_large_image\" \/>\n<meta name=\"twitter:label1\" content=\"Yazan:\" \/>\n\t<meta name=\"twitter:data1\" content=\"haberkuzey\" \/>\n\t<meta name=\"twitter:label2\" content=\"Tahmini okuma s\u00fcresi\" \/>\n\t<meta name=\"twitter:data2\" content=\"1 dakika\" \/>\n<script type=\"application\/ld+json\" class=\"yoast-schema-graph\">{\"@context\":\"https:\\\/\\\/schema.org\",\"@graph\":[{\"@type\":\"Article\",\"@id\":\"https:\\\/\\\/haberkuzey.com\\\/index.php\\\/2025\\\/05\\\/01\\\/ktos-yarin-grevde\\\/#article\",\"isPartOf\":{\"@id\":\"https:\\\/\\\/haberkuzey.com\\\/index.php\\\/2025\\\/05\\\/01\\\/ktos-yarin-grevde\\\/\"},\"author\":{\"name\":\"haberkuzey\",\"@id\":\"https:\\\/\\\/haberkuzey.com\\\/#\\\/schema\\\/person\\\/3372109ec735f9333f4fa47ebb9605ca\"},\"headline\":\"KT\u00d6S yar\u0131n grevde\",\"datePublished\":\"2025-05-01T13:55:28+00:00\",\"mainEntityOfPage\":{\"@id\":\"https:\\\/\\\/haberkuzey.com\\\/index.php\\\/2025\\\/05\\\/01\\\/ktos-yarin-grevde\\\/\"},\"wordCount\":220,\"commentCount\":0,\"image\":{\"@id\":\"https:\\\/\\\/haberkuzey.com\\\/index.php\\\/2025\\\/05\\\/01\\\/ktos-yarin-grevde\\\/#primaryimage\"},\"thumbnailUrl\":\"https:\\\/\\\/haberkuzey.com\\\/wp-content\\\/uploads\\\/2024\\\/11\\\/ktos291.jpg\",\"articleSection\":[\"K\u0131br\u0131s\"],\"inLanguage\":\"tr\",\"potentialAction\":[{\"@type\":\"CommentAction\",\"name\":\"Comment\",\"target\":[\"https:\\\/\\\/haberkuzey.com\\\/index.php\\\/2025\\\/05\\\/01\\\/ktos-yarin-grevde\\\/#respond\"]}]},{\"@type\":\"WebPage\",\"@id\":\"https:\\\/\\\/haberkuzey.com\\\/index.php\\\/2025\\\/05\\\/01\\\/ktos-yarin-grevde\\\/\",\"url\":\"https:\\\/\\\/haberkuzey.com\\\/index.php\\\/2025\\\/05\\\/01\\\/ktos-yarin-grevde\\\/\",\"name\":\"KT\u00d6S yar\u0131n grevde - Haber Kuzey\",\"isPartOf\":{\"@id\":\"https:\\\/\\\/haberkuzey.com\\\/#website\"},\"primaryImageOfPage\":{\"@id\":\"https:\\\/\\\/haberkuzey.com\\\/index.php\\\/2025\\\/05\\\/01\\\/ktos-yarin-grevde\\\/#primaryimage\"},\"image\":{\"@id\":\"https:\\\/\\\/haberkuzey.com\\\/index.php\\\/2025\\\/05\\\/01\\\/ktos-yarin-grevde\\\/#primaryimage\"},\"thumbnailUrl\":\"https:\\\/\\\/haberkuzey.com\\\/wp-content\\\/uploads\\\/2024\\\/11\\\/ktos291.jpg\",\"datePublished\":\"2025-05-01T13:55:28+00:00\",\"author\":{\"@id\":\"https:\\\/\\\/haberkuzey.com\\\/#\\\/schema\\\/person\\\/3372109ec735f9333f4fa47ebb9605ca\"},\"breadcrumb\":{\"@id\":\"https:\\\/\\\/haberkuzey.com\\\/index.php\\\/2025\\\/05\\\/01\\\/ktos-yarin-grevde\\\/#breadcrumb\"},\"inLanguage\":\"tr\",\"potentialAction\":[{\"@type\":\"ReadAction\",\"target\":[\"https:\\\/\\\/haberkuzey.com\\\/index.php\\\/2025\\\/05\\\/01\\\/ktos-yarin-grevde\\\/\"]}]},{\"@type\":\"ImageObject\",\"inLanguage\":\"tr\",\"@id\":\"https:\\\/\\\/haberkuzey.com\\\/index.php\\\/2025\\\/05\\\/01\\\/ktos-yarin-grevde\\\/#primaryimage\",\"url\":\"https:\\\/\\\/haberkuzey.com\\\/wp-content\\\/uploads\\\/2024\\\/11\\\/ktos291.jpg\",\"contentUrl\":\"https:\\\/\\\/haberkuzey.com\\\/wp-content\\\/uploads\\\/2024\\\/11\\\/ktos291.jpg\",\"width\":971,\"height\":551},{\"@type\":\"BreadcrumbList\",\"@id\":\"https:\\\/\\\/haberkuzey.com\\\/index.php\\\/2025\\\/05\\\/01\\\/ktos-yarin-grevde\\\/#breadcrumb\",\"itemListElement\":[{\"@type\":\"ListItem\",\"position\":1,\"name\":\"Anasayfa\",\"item\":\"https:\\\/\\\/haberkuzey.com\\\/\"},{\"@type\":\"ListItem\",\"position\":2,\"name\":\"KT\u00d6S yar\u0131n grevde\"}]},{\"@type\":\"WebSite\",\"@id\":\"https:\\\/\\\/haberkuzey.com\\\/#website\",\"url\":\"https:\\\/\\\/haberkuzey.com\\\/\",\"name\":\"Haber Kuzey\",\"description\":\"Do\u011fru Haberin Adresi\",\"potentialAction\":[{\"@type\":\"SearchAction\",\"target\":{\"@type\":\"EntryPoint\",\"urlTemplate\":\"https:\\\/\\\/haberkuzey.com\\\/?s={search_term_string}\"},\"query-input\":{\"@type\":\"PropertyValueSpecification\",\"valueRequired\":true,\"valueName\":\"search_term_string\"}}],\"inLanguage\":\"tr\"},{\"@type\":\"Person\",\"@id\":\"https:\\\/\\\/haberkuzey.com\\\/#\\\/schema\\\/person\\\/3372109ec735f9333f4fa47ebb9605ca\",\"name\":\"haberkuzey\",\"image\":{\"@type\":\"ImageObject\",\"inLanguage\":\"tr\",\"@id\":\"https:\\\/\\\/secure.gravatar.com\\\/avatar\\\/f5fc875574b1575324358c3b9e6a32b8227aa5b74f3fa22e3cadb63e26fcc39c?s=96&d=mm&r=g\",\"url\":\"https:\\\/\\\/secure.gravatar.com\\\/avatar\\\/f5fc875574b1575324358c3b9e6a32b8227aa5b74f3fa22e3cadb63e26fcc39c?s=96&d=mm&r=g\",\"contentUrl\":\"https:\\\/\\\/secure.gravatar.com\\\/avatar\\\/f5fc875574b1575324358c3b9e6a32b8227aa5b74f3fa22e3cadb63e26fcc39c?s=96&d=mm&r=g\",\"caption\":\"haberkuzey\"},\"sameAs\":[\"https:\\\/\\\/haberkuzey.com\"],\"url\":\"https:\\\/\\\/haberkuzey.com\\\/index.php\\\/author\\\/haberkuzey\\\/\"}]}<\/script>\n<!-- \/ Yoast SEO plugin. -->","yoast_head_json":{"title":"KT\u00d6S yar\u0131n grevde - Haber Kuzey","robots":{"index":"index","follow":"follow","max-snippet":"max-snippet:-1","max-image-preview":"max-image-preview:large","max-video-preview":"max-video-preview:-1"},"canonical":"https:\/\/haberkuzey.com\/index.php\/2025\/05\/01\/ktos-yarin-grevde\/","og_locale":"tr_TR","og_type":"article","og_title":"KT\u00d6S yar\u0131n grevde - Haber Kuzey","og_description":"K\u0131br\u0131s T\u00fcrk \u00d6\u011fretmenler Sendikas\u0131 (KT\u00d6S) Genel Sekreteri Burak Mavi\u015f, sendikan\u0131n \u00f6rg\u00fctl\u00fc oldu\u011fu okul, kurum ve kurulu\u015flarda yar\u0131n grev yapacaklar\u0131n\u0131 a\u00e7\u0131klad\u0131. Mavi\u015f yapt\u0131\u011f\u0131 yaz\u0131l\u0131 a\u00e7\u0131klamada yar\u0131n 8.00-12.40 aras\u0131nda grev yapacaklar\u0131n\u0131, saat 17.00\u2019de sendikada bulu\u015fup miting alan\u0131na y\u00fcr\u00fcyeceklerini belirtti. Mavi\u015f a\u00e7\u0131klamas\u0131nda, \u201cKaranl\u0131\u011fa ge\u00e7it yok. Grev ve eylemdeyiz. \u00c7\u00fcnk\u00fc gelece\u011fimizi savunurken \u00f6dedi\u011fimiz bedel, \u00e7ocuklar\u0131m\u0131za b\u0131rakaca\u011f\u0131m\u0131z adil, e\u015fit ve [&hellip;]","og_url":"https:\/\/haberkuzey.com\/index.php\/2025\/05\/01\/ktos-yarin-grevde\/","og_site_name":"Haber Kuzey","article_published_time":"2025-05-01T13:55:28+00:00","og_image":[{"url":"https:\/\/brtk.net\/wp-content\/uploads\/2024\/09\/15\/ktos291.jpg?ver=c53e27fad12eb1ccecd40f4417d2815e","type":"","width":"","height":""}],"author":"haberkuzey","twitter_card":"summary_large_image","twitter_misc":{"Yazan:":"haberkuzey","Tahmini okuma s\u00fcresi":"1 dakika"},"schema":{"@context":"https:\/\/schema.org","@graph":[{"@type":"Article","@id":"https:\/\/haberkuzey.com\/index.php\/2025\/05\/01\/ktos-yarin-grevde\/#article","isPartOf":{"@id":"https:\/\/haberkuzey.com\/index.php\/2025\/05\/01\/ktos-yarin-grevde\/"},"author":{"name":"haberkuzey","@id":"https:\/\/haberkuzey.com\/#\/schema\/person\/3372109ec735f9333f4fa47ebb9605ca"},"headline":"KT\u00d6S yar\u0131n grevde","datePublished":"2025-05-01T13:55:28+00:00","mainEntityOfPage":{"@id":"https:\/\/haberkuzey.com\/index.php\/2025\/05\/01\/ktos-yarin-grevde\/"},"wordCount":220,"commentCount":0,"image":{"@id":"https:\/\/haberkuzey.com\/index.php\/2025\/05\/01\/ktos-yarin-grevde\/#primaryimage"},"thumbnailUrl":"https:\/\/haberkuzey.com\/wp-content\/uploads\/2024\/11\/ktos291.jpg","articleSection":["K\u0131br\u0131s"],"inLanguage":"tr","potentialAction":[{"@type":"CommentAction","name":"Comment","target":["https:\/\/haberkuzey.com\/index.php\/2025\/05\/01\/ktos-yarin-grevde\/#respond"]}]},{"@type":"WebPage","@id":"https:\/\/haberkuzey.com\/index.php\/2025\/05\/01\/ktos-yarin-grevde\/","url":"https:\/\/haberkuzey.com\/index.php\/2025\/05\/01\/ktos-yarin-grevde\/","name":"KT\u00d6S yar\u0131n grevde - Haber Kuzey","isPartOf":{"@id":"https:\/\/haberkuzey.com\/#website"},"primaryImageOfPage":{"@id":"https:\/\/haberkuzey.com\/index.php\/2025\/05\/01\/ktos-yarin-grevde\/#primaryimage"},"image":{"@id":"https:\/\/haberkuzey.com\/index.php\/2025\/05\/01\/ktos-yarin-grevde\/#primaryimage"},"thumbnailUrl":"https:\/\/haberkuzey.com\/wp-content\/uploads\/2024\/11\/ktos291.jpg","datePublished":"2025-05-01T13:55:28+00:00","author":{"@id":"https:\/\/haberkuzey.com\/#\/schema\/person\/3372109ec735f9333f4fa47ebb9605ca"},"breadcrumb":{"@id":"https:\/\/haberkuzey.com\/index.php\/2025\/05\/01\/ktos-yarin-grevde\/#breadcrumb"},"inLanguage":"tr","potentialAction":[{"@type":"ReadAction","target":["https:\/\/haberkuzey.com\/index.php\/2025\/05\/01\/ktos-yarin-grevde\/"]}]},{"@type":"ImageObject","inLanguage":"tr","@id":"https:\/\/haberkuzey.com\/index.php\/2025\/05\/01\/ktos-yarin-grevde\/#primaryimage","url":"https:\/\/haberkuzey.com\/wp-content\/uploads\/2024\/11\/ktos291.jpg","contentUrl":"https:\/\/haberkuzey.com\/wp-content\/uploads\/2024\/11\/ktos291.jpg","width":971,"height":551},{"@type":"BreadcrumbList","@id":"https:\/\/haberkuzey.com\/index.php\/2025\/05\/01\/ktos-yarin-grevde\/#breadcrumb","itemListElement":[{"@type":"ListItem","position":1,"name":"Anasayfa","item":"https:\/\/haberkuzey.com\/"},{"@type":"ListItem","position":2,"name":"KT\u00d6S yar\u0131n grevde"}]},{"@type":"WebSite","@id":"https:\/\/haberkuzey.com\/#website","url":"https:\/\/haberkuzey.com\/","name":"Haber Kuzey","description":"Do\u011fru Haberin Adresi","potentialAction":[{"@type":"SearchAction","target":{"@type":"EntryPoint","urlTemplate":"https:\/\/haberkuzey.com\/?s={search_term_string}"},"query-input":{"@type":"PropertyValueSpecification","valueRequired":true,"valueName":"search_term_string"}}],"inLanguage":"tr"},{"@type":"Person","@id":"https:\/\/haberkuzey.com\/#\/schema\/person\/3372109ec735f9333f4fa47ebb9605ca","name":"haberkuzey","image":{"@type":"ImageObject","inLanguage":"tr","@id":"https:\/\/secure.gravatar.com\/avatar\/f5fc875574b1575324358c3b9e6a32b8227aa5b74f3fa22e3cadb63e26fcc39c?s=96&d=mm&r=g","url":"https:\/\/secure.gravatar.com\/avatar\/f5fc875574b1575324358c3b9e6a32b8227aa5b74f3fa22e3cadb63e26fcc39c?s=96&d=mm&r=g","contentUrl":"https:\/\/secure.gravatar.com\/avatar\/f5fc875574b1575324358c3b9e6a32b8227aa5b74f3fa22e3cadb63e26fcc39c?s=96&d=mm&r=g","caption":"haberkuzey"},"sameAs":["https:\/\/haberkuzey.com"],"url":"https:\/\/haberkuzey.com\/index.php\/author\/haberkuzey\/"}]}},"_links":{"self":[{"href":"https:\/\/haberkuzey.com\/index.php\/wp-json\/wp\/v2\/posts\/23142","targetHints":{"allow":["GET"]}}],"collection":[{"href":"https:\/\/haberkuzey.com\/index.php\/wp-json\/wp\/v2\/posts"}],"about":[{"href":"https:\/\/haberkuzey.com\/index.php\/wp-json\/wp\/v2\/types\/post"}],"author":[{"embeddable":true,"href":"https:\/\/haberkuzey.com\/index.php\/wp-json\/wp\/v2\/users\/1"}],"replies":[{"embeddable":true,"href":"https:\/\/haberkuzey.com\/index.php\/wp-json\/wp\/v2\/comments?post=23142"}],"version-history":[{"count":0,"href":"https:\/\/haberkuzey.com\/index.php\/wp-json\/wp\/v2\/posts\/23142\/revisions"}],"wp:featuredmedia":[{"embeddable":true,"href":"https:\/\/haberkuzey.com\/index.php\/wp-json\/wp\/v2\/media\/13354"}],"wp:attachment":[{"href":"https:\/\/haberkuzey.com\/index.php\/wp-json\/wp\/v2\/media?parent=23142"}],"wp:term":[{"taxonomy":"category","embeddable":true,"href":"https:\/\/haberkuzey.com\/index.php\/wp-json\/wp\/v2\/categories?post=23142"},{"taxonomy":"post_tag","embeddable":true,"href":"https:\/\/haberkuzey.com\/index.php\/wp-json\/wp\/v2\/tags?post=23142"}],"curies":[{"name":"wp","href":"https:\/\/api.w.org\/{rel}","templated":true}]}}