{"id":22873,"date":"2025-04-28T14:20:15","date_gmt":"2025-04-28T11:20:15","guid":{"rendered":"https:\/\/haberkuzey.com\/index.php\/2025\/04\/28\/sendikalar-disiplin-tuzugune-karsi-cuma-gunu-tam-gun-uyari-grevine-gidecek-ayni-gunun-aksami-kugulu-park-onunde-miting-duzenlenecek\/"},"modified":"2025-04-28T14:20:15","modified_gmt":"2025-04-28T11:20:15","slug":"sendikalar-disiplin-tuzugune-karsi-cuma-gunu-tam-gun-uyari-grevine-gidecek-ayni-gunun-aksami-kugulu-park-onunde-miting-duzenlenecek","status":"publish","type":"post","link":"https:\/\/haberkuzey.com\/index.php\/2025\/04\/28\/sendikalar-disiplin-tuzugune-karsi-cuma-gunu-tam-gun-uyari-grevine-gidecek-ayni-gunun-aksami-kugulu-park-onunde-miting-duzenlenecek\/","title":{"rendered":"Sendikalar, Disiplin T\u00fcz\u00fc\u011f\u00fc\u2019ne kar\u015f\u0131 cuma g\u00fcn\u00fc tam g\u00fcn uyar\u0131 grevine gidecek\u2026 Ayn\u0131 g\u00fcn\u00fcn ak\u015fam\u0131 Ku\u011fulu Park \u00f6n\u00fcnde miting d\u00fczenlenecek"},"content":{"rendered":"<div>\n<div class=\"mariselle-image-container center\">\n                                            <\/div>\n<p>Sendikalar, Disiplin T\u00fcz\u00fc\u011f\u00fc\u2019ne kar\u015f\u0131 cuma g\u00fcn\u00fc tam g\u00fcn uyar\u0131 grevine gidecek. 100\u2019e yak\u0131n \u00f6rg\u00fct ve baz\u0131 siyasi partilerin deste\u011fiyle ayn\u0131 g\u00fcn Ku\u011fulu Park \u00f6n\u00fcnde miting de d\u00fczenlenecek. Saat 18.30\u2019da eski Peyak \u00f6n\u00fcnde toplan\u0131larak  miting alan\u0131na y\u00fcr\u00fcnecek.<\/p>\n<p>Grev ve miting, K\u0131br\u0131s T\u00fcrk Orta E\u011fitim \u00d6\u011fretmenler Sendikas\u0131 (KTOE\u00d6S) Lefko\u015fa Merkezi binas\u0131nda d\u00fczenlenen bas\u0131n toplant\u0131s\u0131yla kamuoyuna duyuruldu. Toplant\u0131da, t\u00fcz\u00fc\u011fe kar\u015f\u0131 ba\u015flat\u0131lan m\u00fccadeleye destek veren baz\u0131 siyasi parti, sendika ve sivil toplum \u00f6rg\u00fct\u00fc temsilcileri de yer ald\u0131.<\/p>\n<p>-Mavi\u015f: \u201cBu may\u0131s s\u0131k\u0131nt\u0131s\u0131ndan toplumu kurtaraca\u011f\u0131z\u201d<\/p>\n<p>Bas\u0131n toplant\u0131s\u0131nda ilk s\u00f6z\u00fc K\u0131br\u0131s T\u00fcrk \u00d6\u011fretmenler Sendikas\u0131 (KT\u00d6S) Genel Sekreteri Burak Mavi\u015f ald\u0131. \u201c\u00dclkede hemen hemen her meslek \u00f6rg\u00fct\u00fcn\u00fcn destek verdi\u011fi bir eylem ve grev haftas\u0131na giriyoruz\u201d diyen Mavi\u015f, \u015f\u00f6yle konu\u015ftu:<\/p>\n<p>\u201cMay\u0131slar, sendikalar\u0131n olacak. K\u0131z\u0131l 1 May\u0131s\u2019a giriyoruz. En b\u00fcy\u00fck eylemler, grevlerin oldu\u011fu d\u00f6nemler de may\u0131s ay\u0131nda ger\u00e7ekle\u015fmi\u015ftir. Bu may\u0131s s\u0131k\u0131nt\u0131s\u0131ndan toplumu kurtaraca\u011f\u0131z. G\u00fczel g\u00fcnler kap\u0131dad\u0131r.\u201d<\/p>\n<p>H\u00fck\u00fcmete verdikleri s\u00fcrenin oldu\u011funu ifade eden Mavi\u015f, h\u00fck\u00fcmetin, verilen mesajlar\u0131 alg\u0131lamay\u0131p, farkl\u0131 konularla ilgilenmeye devam etti\u011fini savundu. \u201cBu \u00fclkede -m\u0131\u015f gibi ya\u015famaktan usand\u0131k\u201d diyen Mavi\u015f, kad\u0131n\u0131n k\u0131l\u0131k k\u0131yafeti konusunu hala din ve vicdan \u00f6zg\u00fcrl\u00fc\u011f\u00fc temelinde \u201cbilgisizce tart\u0131\u015fmak isteyen\u201d bir kesim oldu\u011funu s\u00f6yledi.<\/p>\n<p>\u201cNet bir \u015fekilde s\u00f6yl\u00fcyoruz. Burada olan hi\u00e7 kimse, \u00f6rg\u00fctlerin temsilcileri veya \u00fcyeleri kad\u0131n\u0131n k\u0131l\u0131k k\u0131yafetiyle ilgili s\u00f6z s\u00f6ylemiyor. Kad\u0131n ister kapan\u0131r, ister a\u00e7\u0131l\u0131r fakat \u00e7ocuk kapanmaz\u201d diyen Mavi\u015f, \u00e7ocuklar\u0131n kapanmayaca\u011f\u0131n\u0131 sadece \u00f6\u011fretmenlerin de\u011fil, tabiplerin, psikologlar\u0131n ve toplumun genelinin de s\u00f6yledi\u011fini belirtti.<\/p>\n<p>Sinema oyuncusu Ediz Hun\u2019un, \u201cHuzurlu bir \u00fclkedir buras\u0131\u201d a\u00e7\u0131klamas\u0131na i\u015faret eden Mavi\u015f, \u201cMaalesef huzurumuzu ka\u00e7\u0131ranlar \u00e7ok\u201d dedi. \u00dclkede her g\u00fcn bir trafik kazas\u0131 oldu\u011funu, kriminal su\u00e7lar\u0131n artt\u0131\u011f\u0131n\u0131, hastanelere ve okullara yat\u0131r\u0131m yap\u0131lmad\u0131\u011f\u0131n\u0131 kaydeden Burak Mavi\u015f, \u00fclkenin iyi y\u00f6netilmedi\u011fini savundu.  H\u00fck\u00fcmetin ele\u015ftirilmekten rahats\u0131z olmamas\u0131 gerekti\u011fini belirten Mavi\u015f, \u201c\u00dclkeyi iyi y\u00f6netemiyorlarsa her t\u00fcrl\u00fc s\u00f6z\u00fc duyacaklar, her t\u00fcrl\u00fc eylemi de izleyecekler\u201d dedi.<\/p>\n<p>-\u201cBu toplum kendisine uzat\u0131lan eli tutar ama kendisine kald\u0131r\u0131lan eli de b\u00fcker\u201d<\/p>\n<p>Antidemokratik yasalar\u0131n toplumun g\u00fcndemine getirilerek, laik e\u011fitim, sek\u00fcler ya\u015fam sisteminin sekteye u\u011frat\u0131lmamas\u0131n\u0131 talep eden Mavi\u015f, toplumun iradesini dinlemek yerine tarikatlar\u0131n g\u00fcd\u00fcm\u00fcyle e\u011fitim sistemine ve laik ya\u015fama el at\u0131lmak istendi\u011fini ileri s\u00fcrd\u00fc. Mavi\u015f, \u201cBu toplum kendisine uzat\u0131lan eli tutar ama kendisine kald\u0131r\u0131lan eli de b\u00fcker\u201d dedi.<\/p>\n<p>\u00d6zellikle KTOE\u00d6S Ba\u015fkan\u0131 Selma Eylem\u2019e sosyal medyada a\u011fza al\u0131nmayacak k\u00fcf\u00fcrler edilmesini k\u0131nayan Mavi\u015f, ayn\u0131 dili kullanmayacaklar\u0131n\u0131 vurgulad\u0131. \u00dclkede, etiyle, t\u0131rna\u011f\u0131yla bir v\u00fccut olup, bug\u00fcne gelmi\u015f toplumun varl\u0131\u011f\u0131n\u0131n devam\u0131n\u0131 istediklerini ve bu u\u011furda m\u00fccadele etmeye devam edeceklerini ifade eden Mavi\u015f, \u201c\u00d6\u011fretmen her zaman k\u00fclt\u00fcr\u00fcn, kimli\u011fin bekas\u0131 olmu\u015ftur, olmaya da devam edecektir\u201d dedi. \u00dclkenin kaosa gitti\u011fini \u00f6ne s\u00fcren Mavi\u015f, siyasetin g\u00f6revinin bunlara \u00e7\u00f6z\u00fcm \u00fcretmek oldu\u011funu kaydetti. Mavi\u015f, \u201cBu \u00fclkeyi y\u00f6netenler menfaatlerini toplumsal de\u011ferlerin \u00f6n\u00fcne koyarlarsa gidecekleri yol h\u00fcsrand\u0131r\u201d dedi.<\/p>\n<p>-Eylem: \u201cBizler ilkeli, onurlu bir \u015fekilde m\u00fccadelemize devam edece\u011fiz\u201d<\/p>\n<p>KTOE\u00d6S Ba\u015fkan\u0131 Selma Eylem de, \u00f6zelde kendisine genelde \u00f6\u011fretmenlere, K\u0131br\u0131s T\u00fcrk toplumuna yap\u0131lan sald\u0131r\u0131, hakaret ve tehditlere ra\u011fmen kendilerinin ayn\u0131 dili kullanmad\u0131\u011f\u0131n\u0131 belirterek, \u201cBizler ilkeli, onurlu bir \u015fekilde m\u00fccadelemize devam edece\u011fiz\u201d dedi. Selma Eylem, laik e\u011fitim, laik toplum yap\u0131s\u0131 i\u00e7in Atat\u00fcrk ilke ve devrimlerine sahip \u00e7\u0131kmak amac\u0131yla hukuksal ve eylemsel m\u00fccadeleyi s\u00fcrd\u00fcreceklerini s\u00f6yledi.<\/p>\n<p>-Ortak bas\u0131n a\u00e7\u0131klamas\u0131<\/p>\n<p>KTOE\u00d6S Ba\u015fkan\u0131 Eylem ard\u0131ndan \u00f6rg\u00fctler taraf\u0131ndan haz\u0131rlanan ortak bas\u0131n a\u00e7\u0131klamas\u0131n\u0131 okudu.<\/p>\n<p>Bir aydan fazlad\u0131r Disiplin T\u00fcz\u00fc\u011f\u00fc\u2019ne kar\u015f\u0131 okullarda ve sokakta m\u00fccadele verildi\u011fini ifade eden Eylem, \u00f6zellikle \u0130rsen K\u00fc\u00e7\u00fck Ortaokulu ve Bekirpa\u015fa Lisesi\u2019ndeki \u00f6\u011fretmenlerin bu konuyla ilgili kararl\u0131l\u0131\u011f\u0131n\u0131 ortaya koyup direndi\u011fini, Bekirpa\u015fa Lisesi \u00f6\u011fretmenlerinin direnmeye devam etti\u011fini belirtti.<\/p>\n<p>E\u011fitimde d\u00f6n\u00fc\u015f\u00fcm amac\u0131yla yap\u0131lan \u201ct\u00fcm dayatmalara\u201d kar\u015f\u0131 t\u00fcm \u00f6\u011fretmenlerin bask\u0131 ve tehditlere boyun e\u011fmeden, ac\u0131mas\u0131z kesintilere ra\u011fmen bedel \u00f6demeyi g\u00f6ze alarak m\u00fccadeleyi s\u00fcrd\u00fcrd\u00fc\u011f\u00fcn\u00fc kaydeden Eylem, t\u00fcm \u00f6\u011fretmenlere te\u015fekk\u00fcr ederek, sayg\u0131yla selamlad\u0131.<\/p>\n<p>Halka da te\u015fekk\u00fcr eden Eylem, Disiplin T\u00fcz\u00fc\u011f\u00fcne tepkinin sadece \u00f6\u011fretmenlerle s\u0131n\u0131rl\u0131 kalmad\u0131\u011f\u0131n\u0131, t\u00fcm toplumun bu konuda iradesini ortaya koydu\u011funu ve 8 Nisan\u2019daki eylemde on binlerin soka\u011fa \u00e7\u0131kt\u0131\u011f\u0131n\u0131 hat\u0131rlatt\u0131.<\/p>\n<p>Buna ra\u011fmen h\u00fck\u00fcmetin kendi insan\u0131n\u0131n sesine kulak t\u0131kad\u0131\u011f\u0131n\u0131 savunan Eylem, \u00e7ocuk ve ergen psikiyatrisi uzmanlar\u0131n\u0131n ve psikologlar\u0131n bilimsel raporlar\u0131n\u0131n g\u00f6z ard\u0131 edildi\u011fini ve t\u00fcz\u00fc\u011f\u00fcn geri \u00e7ekilmedi\u011fini belirtti.<\/p>\n<p>-2 May\u0131s Cuma g\u00fcn\u00fc greve gidilecek ve miting yap\u0131lacak<\/p>\n<p>Gelinen noktada m\u00fccadelenin b\u00fcy\u00fct\u00fclerek s\u00fcrd\u00fcr\u00fclece\u011fini ifade eden Eylem, m\u00fccadele ate\u015finin bu ak\u015fam \u0130skele\u2019de, yar\u0131n ak\u015fam Lefke\u2019de yanaca\u011f\u0131n\u0131 belirtti. 2 May\u0131s Cuma g\u00fcn\u00fc ise sendikalar\u0131n tam g\u00fcn uyar\u0131 grevine gidece\u011fini a\u00e7\u0131klayan Eylem, saat 18.30\u2019da eski Peyak \u00f6n\u00fcnde toplan\u0131larak, Ku\u011fulu Park \u00f6n\u00fcne y\u00fcr\u00fcnece\u011fini ve burada miting yap\u0131laca\u011f\u0131n\u0131 duyurdu.<\/p>\n<p>\u201cBiz K\u0131br\u0131sl\u0131 T\u00fcrkleri a\u015fa\u011f\u0131layan, iradesini, varl\u0131\u011f\u0131n\u0131 yok sayan, bize sald\u0131ran, hakaret eden, haddimizi bildirmekle tehdit edenlere bu mitingle cevap verilecektir\u201d diyen Eylem, Disiplin T\u00fcz\u00fc\u011f\u00fc geri \u00e7ekilene kadar bu m\u00fccadelenin devam edece\u011fini kaydetti.<\/p>\n<p>-Halka mitinge kat\u0131lma \u00e7a\u011fr\u0131s\u0131<\/p>\n<p>KTOE\u00d6S Ba\u015fkan\u0131 Eylem, \u201cT\u00fcm halk\u0131m\u0131z\u0131 y\u00fcr\u00fcy\u00fc\u015fe, mitinge, soka\u011fa, eyleme, susmayaca\u011f\u0131m\u0131z\u0131, vazge\u00e7meyece\u011fimizi ortaya koymaya, laik e\u011fitim, laik, temiz toplum yap\u0131m\u0131zla ilgili talebimizi hayk\u0131rmaya davet ederiz\u201d dedi.<\/p>\n<p>Bedel \u00f6deyerek, m\u00fccadeleyi s\u00fcrd\u00fcren \u00f6\u011fretmenlerle ve t\u00fcm kesimlerle dayan\u0131\u015fmay\u0131 sa\u011flamak i\u00e7in \u00d6YAK Bankas\u0131\u2019nda hesap a\u00e7\u0131ld\u0131\u011f\u0131n\u0131 da duyuran Eylem, \u00f6rg\u00fctler ve halk\u0131n deste\u011fini istedi.<\/p>\n<p>Disiplin T\u00fcz\u00fc\u011f\u00fc\u2019n\u00fcn geri \u00e7ekilmesi talebiyle ba\u015flat\u0131lan imza kampanyas\u0131n\u0131n da devam etti\u011fini kaydeden Selma Eylem, iki \u00f6\u011fretmen sendikas\u0131 ve t\u00fcm \u00f6rg\u00fct binalar\u0131nda imza merkezleri kuruldu\u011funu, ate\u015f eylemlerinde ve 2 May\u0131s\u2019taki mitingde de kampanyan\u0131n s\u00fcrd\u00fcr\u00fclece\u011fini belirtti.<\/p>\n<p>KTOE\u00d6S Ba\u015fkan\u0131 Eylem, haz\u0131rlanan ve \u0130ngilizceye \u00e7evrilen ortak metnin uluslararas\u0131 alana, BM\u2019ye ve AB\u2019ye ula\u015ft\u0131r\u0131laca\u011f\u0131n\u0131 da bildirdi.<\/p>\n<p>Verilen bilgiye g\u00f6re, dayan\u0131\u015fma hesab\u0131n\u0131n Uban numaras\u0131 \u015fu \u015fekilde: CT33120000730000130400064041<\/p>\n<p>Grev ve miting organizasyonunu \u00fcstlenen ve destek veren \u00f6rg\u00fctler ile siyasi partiler \u015f\u00f6yle:<\/p>\n<p>\u201cArif Hasan Tahsin Vakf\u0131, As-Sen, Ba\u011f\u0131ms\u0131zl\u0131k Yolu, Baraka K\u00fclt\u00fcr Merkezi, Bar\u0131\u015f Derne\u011fi, Bar\u0131\u015f ve Demokrasi \u0130nsiyatifi, Bas\u0131n-Sen, Bass, Bay-Sen, BES, Biyologlar Derne\u011fi, BKP, B\u00fcro-\u0130\u015f, CTP, \u00c7a\u011f-Sen, DA\u00dc-B\u0130R-SEN, DA\u00dc-SEN, DA\u00dc-PER-SEN, Dev-\u0130\u015f, El-Sen, G\u0131da-Sen, Girne D\u00fc\u015f\u00fcnce Derne\u011fi, G\u00fc\u00e7-Sen, HAKSEN, Halk\u0131n Partisi, Hava Trafik Kontrol\u00f6rleri Sendikas\u0131, Hayvan \u00dcreticileri ve Yeti\u015ftiricileri Birli\u011fi, H\u00fcr-\u0130\u015f, Kad\u0131n E\u011fitimi Kolektifi, Kamu-Sen, Kamu-\u0130\u015f, KES, K\u0131br\u0131s Edebiyat Derne\u011fi, K\u0131br\u0131s Sanat\u00e7\u0131 ve Yazarlar Birli\u011fi, K\u0131br\u0131s T\u00fcrk Atat\u00fcrk\u00e7\u00fc Gen\u00e7lik Hareketi, K\u0131br\u0131s T\u00fcrk Barolar Birli\u011fi, K\u0131br\u0131s T\u00fcrk \u00c7ift\u00e7iler Birli\u011fi, K\u0131br\u0131s T\u00fcrk Eczac\u0131lar Birli\u011fi, K\u0131br\u0131s T\u00fcrk Di\u015f Tabipleri Odas\u0131, T\u0131p-\u0130\u015f, K\u0131br\u0131s T\u00fcrk Psikolojik Dan\u0131\u015fmanl\u0131k ve Rehberlik Derne\u011fi, K\u0131br\u0131s T\u00fcrk Tabipleri Birli\u011fi, K\u0131br\u0131s T\u00fcrk Tabipleri Odas\u0131, K\u0131br\u0131s T\u00fcrk Orta E\u011fitim \u00d6\u011fretmenler Sendikas\u0131, K\u0131br\u0131s T\u00fcrk \u00d6\u011fretmenler Sendikas\u0131, K\u0130EF, Koop-Sen, KTAMS, KTMMOB, Lefke \u00c7evre ve Tan\u0131tma Derne\u011fi, Maliye-Sen, Sol Hareket, TDP, Tel-Sen, TES, T\u00fcrk-Sen, Vergi-Sen, YKP, Ye\u015fil Bar\u0131\u015f Hareketi. Has-Der, Se\u00e7-Der, GASAD, G\u00dcSAD, Tav-Der, Kay-Der, Ak-Der, G\u00d6\u00c7TA\u015e, D\u00f6rd\u00fcnc\u00fc Duvar K\u00fclt\u00fcr ve D\u00fc\u015f\u00fcnce Derne\u011fi, Alayk\u00f6y Folklor Derne\u011fi, TUFAD, Lefke Turizm Derne\u011fi, K\u00fct\u00fcphaneciler Derne\u011fi, Yeni Erenk\u00f6y K\u00fclt\u00fcr Sanat Derne\u011fi, Mehmet\u00e7ik K\u00fclt\u00fcr Dayan\u0131\u015fma Derne\u011fi, Gazima\u011fusa Halk Danslar\u0131 Derne\u011fi, Gen\u00e7lik Merkezi Birli\u011fi, HADSAM, \u0130GEM, AKSAD, FOGEM, FOLKDER, \u00c7a\u011fda\u015f M\u00fczik Derne\u011fi, KIBHAD, Dikmen Gen\u00e7lik Merkezi, DESDER, KSD, K\u0131br\u0131s Polifonik Korolar Derne\u011fi, K\u0131br\u0131sl\u0131 T\u00fcrk \u0130nsan Haklar\u0131 Platformu, K\u0131br\u0131s T\u00fcrk Gazeteciler Birli\u011fi, K\u0131br\u0131s Alevi K\u00fclt\u00fcr Vakf\u0131, KKTC Alevi K\u00fclt\u00fcr Merkezi, Uluslararas\u0131 Fikret Demira\u011f \u015eiir Festivali Organizasyon Komitesi, Bu Vatan K\u0131br\u0131sl\u0131lar\u0131n Platformu, G\u00fcney K\u0131br\u0131s\u2019ta \u00c7al\u0131\u015fanlar Derne\u011fi, Yurtsever K\u0131br\u0131sl\u0131lar Hareketi.\u201d<\/p>\n<\/p><\/div>\n<p><script async\n                    defer\n                    crossorigin=\"anonymous\"\n                    src=\"https:\/\/connect.facebook.net\/tr_TR\/sdk.js#xfbml=1&#038;version=v3.3\"\n            ><\/script><\/p>\n","protected":false},"excerpt":{"rendered":"<p>Sendikalar, Disiplin T\u00fcz\u00fc\u011f\u00fc\u2019ne kar\u015f\u0131 cuma g\u00fcn\u00fc tam g\u00fcn uyar\u0131 grevine gidecek. 100\u2019e yak\u0131n \u00f6rg\u00fct ve baz\u0131 siyasi partilerin deste\u011fiyle ayn\u0131 g\u00fcn Ku\u011fulu Park \u00f6n\u00fcnde miting de d\u00fczenlenecek. Saat 18.30\u2019da eski Peyak \u00f6n\u00fcnde toplan\u0131larak miting alan\u0131na y\u00fcr\u00fcnecek. Grev ve miting, K\u0131br\u0131s T\u00fcrk Orta E\u011fitim \u00d6\u011fretmenler Sendikas\u0131 (KTOE\u00d6S) Lefko\u015fa Merkezi binas\u0131nda d\u00fczenlenen bas\u0131n toplant\u0131s\u0131yla kamuoyuna duyuruldu. Toplant\u0131da, [&hellip;]<\/p>\n","protected":false},"author":1,"featured_media":22874,"comment_status":"open","ping_status":"open","sticky":false,"template":"","format":"standard","meta":{"jnews-multi-image_gallery":[],"jnews_single_post":[],"jnews_primary_category":[],"footnotes":""},"categories":[1],"tags":[],"class_list":["post-22873","post","type-post","status-publish","format-standard","has-post-thumbnail","hentry","category-kibris"],"yoast_head":"<!-- This site is optimized with the Yoast SEO plugin v27.5 - https:\/\/yoast.com\/product\/yoast-seo-wordpress\/ -->\n<title>Sendikalar, Disiplin T\u00fcz\u00fc\u011f\u00fc\u2019ne kar\u015f\u0131 cuma g\u00fcn\u00fc tam g\u00fcn uyar\u0131 grevine gidecek\u2026 Ayn\u0131 g\u00fcn\u00fcn ak\u015fam\u0131 Ku\u011fulu Park \u00f6n\u00fcnde miting d\u00fczenlenecek - Haber Kuzey<\/title>\n<meta name=\"robots\" content=\"index, follow, max-snippet:-1, max-image-preview:large, max-video-preview:-1\" \/>\n<link rel=\"canonical\" href=\"https:\/\/haberkuzey.com\/index.php\/2025\/04\/28\/sendikalar-disiplin-tuzugune-karsi-cuma-gunu-tam-gun-uyari-grevine-gidecek-ayni-gunun-aksami-kugulu-park-onunde-miting-duzenlenecek\/\" \/>\n<meta property=\"og:locale\" content=\"tr_TR\" \/>\n<meta property=\"og:type\" content=\"article\" \/>\n<meta property=\"og:title\" content=\"Sendikalar, Disiplin T\u00fcz\u00fc\u011f\u00fc\u2019ne kar\u015f\u0131 cuma g\u00fcn\u00fc tam g\u00fcn uyar\u0131 grevine gidecek\u2026 Ayn\u0131 g\u00fcn\u00fcn ak\u015fam\u0131 Ku\u011fulu Park \u00f6n\u00fcnde miting d\u00fczenlenecek - Haber Kuzey\" \/>\n<meta property=\"og:description\" content=\"Sendikalar, Disiplin T\u00fcz\u00fc\u011f\u00fc\u2019ne kar\u015f\u0131 cuma g\u00fcn\u00fc tam g\u00fcn uyar\u0131 grevine gidecek. 100\u2019e yak\u0131n \u00f6rg\u00fct ve baz\u0131 siyasi partilerin deste\u011fiyle ayn\u0131 g\u00fcn Ku\u011fulu Park \u00f6n\u00fcnde miting de d\u00fczenlenecek. Saat 18.30\u2019da eski Peyak \u00f6n\u00fcnde toplan\u0131larak miting alan\u0131na y\u00fcr\u00fcnecek. Grev ve miting, K\u0131br\u0131s T\u00fcrk Orta E\u011fitim \u00d6\u011fretmenler Sendikas\u0131 (KTOE\u00d6S) Lefko\u015fa Merkezi binas\u0131nda d\u00fczenlenen bas\u0131n toplant\u0131s\u0131yla kamuoyuna duyuruldu. Toplant\u0131da, [&hellip;]\" \/>\n<meta property=\"og:url\" content=\"https:\/\/haberkuzey.com\/index.php\/2025\/04\/28\/sendikalar-disiplin-tuzugune-karsi-cuma-gunu-tam-gun-uyari-grevine-gidecek-ayni-gunun-aksami-kugulu-park-onunde-miting-duzenlenecek\/\" \/>\n<meta property=\"og:site_name\" content=\"Haber Kuzey\" \/>\n<meta property=\"article:published_time\" content=\"2025-04-28T11:20:15+00:00\" \/>\n<meta property=\"og:image\" content=\"https:\/\/brtk.net\/wp-content\/uploads\/2025\/04\/28\/1745836349366SENDIKALAR-BASIN-ACIKLAMASI-TIM-1-scaled.jpeg?ver=2bff6b36de5dff75102a5c37433cad0a\" \/>\n<meta name=\"author\" content=\"haberkuzey\" \/>\n<meta name=\"twitter:card\" content=\"summary_large_image\" \/>\n<meta name=\"twitter:label1\" content=\"Yazan:\" \/>\n\t<meta name=\"twitter:data1\" content=\"haberkuzey\" \/>\n\t<meta name=\"twitter:label2\" content=\"Tahmini okuma s\u00fcresi\" \/>\n\t<meta name=\"twitter:data2\" content=\"8 dakika\" \/>\n<script type=\"application\/ld+json\" class=\"yoast-schema-graph\">{\"@context\":\"https:\\\/\\\/schema.org\",\"@graph\":[{\"@type\":\"Article\",\"@id\":\"https:\\\/\\\/haberkuzey.com\\\/index.php\\\/2025\\\/04\\\/28\\\/sendikalar-disiplin-tuzugune-karsi-cuma-gunu-tam-gun-uyari-grevine-gidecek-ayni-gunun-aksami-kugulu-park-onunde-miting-duzenlenecek\\\/#article\",\"isPartOf\":{\"@id\":\"https:\\\/\\\/haberkuzey.com\\\/index.php\\\/2025\\\/04\\\/28\\\/sendikalar-disiplin-tuzugune-karsi-cuma-gunu-tam-gun-uyari-grevine-gidecek-ayni-gunun-aksami-kugulu-park-onunde-miting-duzenlenecek\\\/\"},\"author\":{\"name\":\"haberkuzey\",\"@id\":\"https:\\\/\\\/haberkuzey.com\\\/#\\\/schema\\\/person\\\/3372109ec735f9333f4fa47ebb9605ca\"},\"headline\":\"Sendikalar, Disiplin T\u00fcz\u00fc\u011f\u00fc\u2019ne kar\u015f\u0131 cuma g\u00fcn\u00fc tam g\u00fcn uyar\u0131 grevine gidecek\u2026 Ayn\u0131 g\u00fcn\u00fcn ak\u015fam\u0131 Ku\u011fulu Park \u00f6n\u00fcnde miting d\u00fczenlenecek\",\"datePublished\":\"2025-04-28T11:20:15+00:00\",\"mainEntityOfPage\":{\"@id\":\"https:\\\/\\\/haberkuzey.com\\\/index.php\\\/2025\\\/04\\\/28\\\/sendikalar-disiplin-tuzugune-karsi-cuma-gunu-tam-gun-uyari-grevine-gidecek-ayni-gunun-aksami-kugulu-park-onunde-miting-duzenlenecek\\\/\"},\"wordCount\":1621,\"commentCount\":0,\"image\":{\"@id\":\"https:\\\/\\\/haberkuzey.com\\\/index.php\\\/2025\\\/04\\\/28\\\/sendikalar-disiplin-tuzugune-karsi-cuma-gunu-tam-gun-uyari-grevine-gidecek-ayni-gunun-aksami-kugulu-park-onunde-miting-duzenlenecek\\\/#primaryimage\"},\"thumbnailUrl\":\"https:\\\/\\\/haberkuzey.com\\\/wp-content\\\/uploads\\\/2025\\\/04\\\/1745836349366SENDIKALAR-BASIN-ACIKLAMASI-TIM-1-scaled.jpeg\",\"articleSection\":[\"K\u0131br\u0131s\"],\"inLanguage\":\"tr\",\"potentialAction\":[{\"@type\":\"CommentAction\",\"name\":\"Comment\",\"target\":[\"https:\\\/\\\/haberkuzey.com\\\/index.php\\\/2025\\\/04\\\/28\\\/sendikalar-disiplin-tuzugune-karsi-cuma-gunu-tam-gun-uyari-grevine-gidecek-ayni-gunun-aksami-kugulu-park-onunde-miting-duzenlenecek\\\/#respond\"]}]},{\"@type\":\"WebPage\",\"@id\":\"https:\\\/\\\/haberkuzey.com\\\/index.php\\\/2025\\\/04\\\/28\\\/sendikalar-disiplin-tuzugune-karsi-cuma-gunu-tam-gun-uyari-grevine-gidecek-ayni-gunun-aksami-kugulu-park-onunde-miting-duzenlenecek\\\/\",\"url\":\"https:\\\/\\\/haberkuzey.com\\\/index.php\\\/2025\\\/04\\\/28\\\/sendikalar-disiplin-tuzugune-karsi-cuma-gunu-tam-gun-uyari-grevine-gidecek-ayni-gunun-aksami-kugulu-park-onunde-miting-duzenlenecek\\\/\",\"name\":\"Sendikalar, Disiplin T\u00fcz\u00fc\u011f\u00fc\u2019ne kar\u015f\u0131 cuma g\u00fcn\u00fc tam g\u00fcn uyar\u0131 grevine gidecek\u2026 Ayn\u0131 g\u00fcn\u00fcn ak\u015fam\u0131 Ku\u011fulu Park \u00f6n\u00fcnde miting d\u00fczenlenecek - Haber Kuzey\",\"isPartOf\":{\"@id\":\"https:\\\/\\\/haberkuzey.com\\\/#website\"},\"primaryImageOfPage\":{\"@id\":\"https:\\\/\\\/haberkuzey.com\\\/index.php\\\/2025\\\/04\\\/28\\\/sendikalar-disiplin-tuzugune-karsi-cuma-gunu-tam-gun-uyari-grevine-gidecek-ayni-gunun-aksami-kugulu-park-onunde-miting-duzenlenecek\\\/#primaryimage\"},\"image\":{\"@id\":\"https:\\\/\\\/haberkuzey.com\\\/index.php\\\/2025\\\/04\\\/28\\\/sendikalar-disiplin-tuzugune-karsi-cuma-gunu-tam-gun-uyari-grevine-gidecek-ayni-gunun-aksami-kugulu-park-onunde-miting-duzenlenecek\\\/#primaryimage\"},\"thumbnailUrl\":\"https:\\\/\\\/haberkuzey.com\\\/wp-content\\\/uploads\\\/2025\\\/04\\\/1745836349366SENDIKALAR-BASIN-ACIKLAMASI-TIM-1-scaled.jpeg\",\"datePublished\":\"2025-04-28T11:20:15+00:00\",\"author\":{\"@id\":\"https:\\\/\\\/haberkuzey.com\\\/#\\\/schema\\\/person\\\/3372109ec735f9333f4fa47ebb9605ca\"},\"breadcrumb\":{\"@id\":\"https:\\\/\\\/haberkuzey.com\\\/index.php\\\/2025\\\/04\\\/28\\\/sendikalar-disiplin-tuzugune-karsi-cuma-gunu-tam-gun-uyari-grevine-gidecek-ayni-gunun-aksami-kugulu-park-onunde-miting-duzenlenecek\\\/#breadcrumb\"},\"inLanguage\":\"tr\",\"potentialAction\":[{\"@type\":\"ReadAction\",\"target\":[\"https:\\\/\\\/haberkuzey.com\\\/index.php\\\/2025\\\/04\\\/28\\\/sendikalar-disiplin-tuzugune-karsi-cuma-gunu-tam-gun-uyari-grevine-gidecek-ayni-gunun-aksami-kugulu-park-onunde-miting-duzenlenecek\\\/\"]}]},{\"@type\":\"ImageObject\",\"inLanguage\":\"tr\",\"@id\":\"https:\\\/\\\/haberkuzey.com\\\/index.php\\\/2025\\\/04\\\/28\\\/sendikalar-disiplin-tuzugune-karsi-cuma-gunu-tam-gun-uyari-grevine-gidecek-ayni-gunun-aksami-kugulu-park-onunde-miting-duzenlenecek\\\/#primaryimage\",\"url\":\"https:\\\/\\\/haberkuzey.com\\\/wp-content\\\/uploads\\\/2025\\\/04\\\/1745836349366SENDIKALAR-BASIN-ACIKLAMASI-TIM-1-scaled.jpeg\",\"contentUrl\":\"https:\\\/\\\/haberkuzey.com\\\/wp-content\\\/uploads\\\/2025\\\/04\\\/1745836349366SENDIKALAR-BASIN-ACIKLAMASI-TIM-1-scaled.jpeg\",\"width\":2560,\"height\":1436},{\"@type\":\"BreadcrumbList\",\"@id\":\"https:\\\/\\\/haberkuzey.com\\\/index.php\\\/2025\\\/04\\\/28\\\/sendikalar-disiplin-tuzugune-karsi-cuma-gunu-tam-gun-uyari-grevine-gidecek-ayni-gunun-aksami-kugulu-park-onunde-miting-duzenlenecek\\\/#breadcrumb\",\"itemListElement\":[{\"@type\":\"ListItem\",\"position\":1,\"name\":\"Anasayfa\",\"item\":\"https:\\\/\\\/haberkuzey.com\\\/\"},{\"@type\":\"ListItem\",\"position\":2,\"name\":\"Sendikalar, Disiplin T\u00fcz\u00fc\u011f\u00fc\u2019ne kar\u015f\u0131 cuma g\u00fcn\u00fc tam g\u00fcn uyar\u0131 grevine gidecek\u2026 Ayn\u0131 g\u00fcn\u00fcn ak\u015fam\u0131 Ku\u011fulu Park \u00f6n\u00fcnde miting d\u00fczenlenecek\"}]},{\"@type\":\"WebSite\",\"@id\":\"https:\\\/\\\/haberkuzey.com\\\/#website\",\"url\":\"https:\\\/\\\/haberkuzey.com\\\/\",\"name\":\"Haber Kuzey\",\"description\":\"Do\u011fru Haberin Adresi\",\"potentialAction\":[{\"@type\":\"SearchAction\",\"target\":{\"@type\":\"EntryPoint\",\"urlTemplate\":\"https:\\\/\\\/haberkuzey.com\\\/?s={search_term_string}\"},\"query-input\":{\"@type\":\"PropertyValueSpecification\",\"valueRequired\":true,\"valueName\":\"search_term_string\"}}],\"inLanguage\":\"tr\"},{\"@type\":\"Person\",\"@id\":\"https:\\\/\\\/haberkuzey.com\\\/#\\\/schema\\\/person\\\/3372109ec735f9333f4fa47ebb9605ca\",\"name\":\"haberkuzey\",\"image\":{\"@type\":\"ImageObject\",\"inLanguage\":\"tr\",\"@id\":\"https:\\\/\\\/secure.gravatar.com\\\/avatar\\\/f5fc875574b1575324358c3b9e6a32b8227aa5b74f3fa22e3cadb63e26fcc39c?s=96&d=mm&r=g\",\"url\":\"https:\\\/\\\/secure.gravatar.com\\\/avatar\\\/f5fc875574b1575324358c3b9e6a32b8227aa5b74f3fa22e3cadb63e26fcc39c?s=96&d=mm&r=g\",\"contentUrl\":\"https:\\\/\\\/secure.gravatar.com\\\/avatar\\\/f5fc875574b1575324358c3b9e6a32b8227aa5b74f3fa22e3cadb63e26fcc39c?s=96&d=mm&r=g\",\"caption\":\"haberkuzey\"},\"sameAs\":[\"https:\\\/\\\/haberkuzey.com\"],\"url\":\"https:\\\/\\\/haberkuzey.com\\\/index.php\\\/author\\\/haberkuzey\\\/\"}]}<\/script>\n<!-- \/ Yoast SEO plugin. -->","yoast_head_json":{"title":"Sendikalar, Disiplin T\u00fcz\u00fc\u011f\u00fc\u2019ne kar\u015f\u0131 cuma g\u00fcn\u00fc tam g\u00fcn uyar\u0131 grevine gidecek\u2026 Ayn\u0131 g\u00fcn\u00fcn ak\u015fam\u0131 Ku\u011fulu Park \u00f6n\u00fcnde miting d\u00fczenlenecek - Haber Kuzey","robots":{"index":"index","follow":"follow","max-snippet":"max-snippet:-1","max-image-preview":"max-image-preview:large","max-video-preview":"max-video-preview:-1"},"canonical":"https:\/\/haberkuzey.com\/index.php\/2025\/04\/28\/sendikalar-disiplin-tuzugune-karsi-cuma-gunu-tam-gun-uyari-grevine-gidecek-ayni-gunun-aksami-kugulu-park-onunde-miting-duzenlenecek\/","og_locale":"tr_TR","og_type":"article","og_title":"Sendikalar, Disiplin T\u00fcz\u00fc\u011f\u00fc\u2019ne kar\u015f\u0131 cuma g\u00fcn\u00fc tam g\u00fcn uyar\u0131 grevine gidecek\u2026 Ayn\u0131 g\u00fcn\u00fcn ak\u015fam\u0131 Ku\u011fulu Park \u00f6n\u00fcnde miting d\u00fczenlenecek - Haber Kuzey","og_description":"Sendikalar, Disiplin T\u00fcz\u00fc\u011f\u00fc\u2019ne kar\u015f\u0131 cuma g\u00fcn\u00fc tam g\u00fcn uyar\u0131 grevine gidecek. 100\u2019e yak\u0131n \u00f6rg\u00fct ve baz\u0131 siyasi partilerin deste\u011fiyle ayn\u0131 g\u00fcn Ku\u011fulu Park \u00f6n\u00fcnde miting de d\u00fczenlenecek. Saat 18.30\u2019da eski Peyak \u00f6n\u00fcnde toplan\u0131larak miting alan\u0131na y\u00fcr\u00fcnecek. Grev ve miting, K\u0131br\u0131s T\u00fcrk Orta E\u011fitim \u00d6\u011fretmenler Sendikas\u0131 (KTOE\u00d6S) Lefko\u015fa Merkezi binas\u0131nda d\u00fczenlenen bas\u0131n toplant\u0131s\u0131yla kamuoyuna duyuruldu. Toplant\u0131da, [&hellip;]","og_url":"https:\/\/haberkuzey.com\/index.php\/2025\/04\/28\/sendikalar-disiplin-tuzugune-karsi-cuma-gunu-tam-gun-uyari-grevine-gidecek-ayni-gunun-aksami-kugulu-park-onunde-miting-duzenlenecek\/","og_site_name":"Haber Kuzey","article_published_time":"2025-04-28T11:20:15+00:00","og_image":[{"url":"https:\/\/brtk.net\/wp-content\/uploads\/2025\/04\/28\/1745836349366SENDIKALAR-BASIN-ACIKLAMASI-TIM-1-scaled.jpeg?ver=2bff6b36de5dff75102a5c37433cad0a","type":"","width":"","height":""}],"author":"haberkuzey","twitter_card":"summary_large_image","twitter_misc":{"Yazan:":"haberkuzey","Tahmini okuma s\u00fcresi":"8 dakika"},"schema":{"@context":"https:\/\/schema.org","@graph":[{"@type":"Article","@id":"https:\/\/haberkuzey.com\/index.php\/2025\/04\/28\/sendikalar-disiplin-tuzugune-karsi-cuma-gunu-tam-gun-uyari-grevine-gidecek-ayni-gunun-aksami-kugulu-park-onunde-miting-duzenlenecek\/#article","isPartOf":{"@id":"https:\/\/haberkuzey.com\/index.php\/2025\/04\/28\/sendikalar-disiplin-tuzugune-karsi-cuma-gunu-tam-gun-uyari-grevine-gidecek-ayni-gunun-aksami-kugulu-park-onunde-miting-duzenlenecek\/"},"author":{"name":"haberkuzey","@id":"https:\/\/haberkuzey.com\/#\/schema\/person\/3372109ec735f9333f4fa47ebb9605ca"},"headline":"Sendikalar, Disiplin T\u00fcz\u00fc\u011f\u00fc\u2019ne kar\u015f\u0131 cuma g\u00fcn\u00fc tam g\u00fcn uyar\u0131 grevine gidecek\u2026 Ayn\u0131 g\u00fcn\u00fcn ak\u015fam\u0131 Ku\u011fulu Park \u00f6n\u00fcnde miting d\u00fczenlenecek","datePublished":"2025-04-28T11:20:15+00:00","mainEntityOfPage":{"@id":"https:\/\/haberkuzey.com\/index.php\/2025\/04\/28\/sendikalar-disiplin-tuzugune-karsi-cuma-gunu-tam-gun-uyari-grevine-gidecek-ayni-gunun-aksami-kugulu-park-onunde-miting-duzenlenecek\/"},"wordCount":1621,"commentCount":0,"image":{"@id":"https:\/\/haberkuzey.com\/index.php\/2025\/04\/28\/sendikalar-disiplin-tuzugune-karsi-cuma-gunu-tam-gun-uyari-grevine-gidecek-ayni-gunun-aksami-kugulu-park-onunde-miting-duzenlenecek\/#primaryimage"},"thumbnailUrl":"https:\/\/haberkuzey.com\/wp-content\/uploads\/2025\/04\/1745836349366SENDIKALAR-BASIN-ACIKLAMASI-TIM-1-scaled.jpeg","articleSection":["K\u0131br\u0131s"],"inLanguage":"tr","potentialAction":[{"@type":"CommentAction","name":"Comment","target":["https:\/\/haberkuzey.com\/index.php\/2025\/04\/28\/sendikalar-disiplin-tuzugune-karsi-cuma-gunu-tam-gun-uyari-grevine-gidecek-ayni-gunun-aksami-kugulu-park-onunde-miting-duzenlenecek\/#respond"]}]},{"@type":"WebPage","@id":"https:\/\/haberkuzey.com\/index.php\/2025\/04\/28\/sendikalar-disiplin-tuzugune-karsi-cuma-gunu-tam-gun-uyari-grevine-gidecek-ayni-gunun-aksami-kugulu-park-onunde-miting-duzenlenecek\/","url":"https:\/\/haberkuzey.com\/index.php\/2025\/04\/28\/sendikalar-disiplin-tuzugune-karsi-cuma-gunu-tam-gun-uyari-grevine-gidecek-ayni-gunun-aksami-kugulu-park-onunde-miting-duzenlenecek\/","name":"Sendikalar, Disiplin T\u00fcz\u00fc\u011f\u00fc\u2019ne kar\u015f\u0131 cuma g\u00fcn\u00fc tam g\u00fcn uyar\u0131 grevine gidecek\u2026 Ayn\u0131 g\u00fcn\u00fcn ak\u015fam\u0131 Ku\u011fulu Park \u00f6n\u00fcnde miting d\u00fczenlenecek - Haber Kuzey","isPartOf":{"@id":"https:\/\/haberkuzey.com\/#website"},"primaryImageOfPage":{"@id":"https:\/\/haberkuzey.com\/index.php\/2025\/04\/28\/sendikalar-disiplin-tuzugune-karsi-cuma-gunu-tam-gun-uyari-grevine-gidecek-ayni-gunun-aksami-kugulu-park-onunde-miting-duzenlenecek\/#primaryimage"},"image":{"@id":"https:\/\/haberkuzey.com\/index.php\/2025\/04\/28\/sendikalar-disiplin-tuzugune-karsi-cuma-gunu-tam-gun-uyari-grevine-gidecek-ayni-gunun-aksami-kugulu-park-onunde-miting-duzenlenecek\/#primaryimage"},"thumbnailUrl":"https:\/\/haberkuzey.com\/wp-content\/uploads\/2025\/04\/1745836349366SENDIKALAR-BASIN-ACIKLAMASI-TIM-1-scaled.jpeg","datePublished":"2025-04-28T11:20:15+00:00","author":{"@id":"https:\/\/haberkuzey.com\/#\/schema\/person\/3372109ec735f9333f4fa47ebb9605ca"},"breadcrumb":{"@id":"https:\/\/haberkuzey.com\/index.php\/2025\/04\/28\/sendikalar-disiplin-tuzugune-karsi-cuma-gunu-tam-gun-uyari-grevine-gidecek-ayni-gunun-aksami-kugulu-park-onunde-miting-duzenlenecek\/#breadcrumb"},"inLanguage":"tr","potentialAction":[{"@type":"ReadAction","target":["https:\/\/haberkuzey.com\/index.php\/2025\/04\/28\/sendikalar-disiplin-tuzugune-karsi-cuma-gunu-tam-gun-uyari-grevine-gidecek-ayni-gunun-aksami-kugulu-park-onunde-miting-duzenlenecek\/"]}]},{"@type":"ImageObject","inLanguage":"tr","@id":"https:\/\/haberkuzey.com\/index.php\/2025\/04\/28\/sendikalar-disiplin-tuzugune-karsi-cuma-gunu-tam-gun-uyari-grevine-gidecek-ayni-gunun-aksami-kugulu-park-onunde-miting-duzenlenecek\/#primaryimage","url":"https:\/\/haberkuzey.com\/wp-content\/uploads\/2025\/04\/1745836349366SENDIKALAR-BASIN-ACIKLAMASI-TIM-1-scaled.jpeg","contentUrl":"https:\/\/haberkuzey.com\/wp-content\/uploads\/2025\/04\/1745836349366SENDIKALAR-BASIN-ACIKLAMASI-TIM-1-scaled.jpeg","width":2560,"height":1436},{"@type":"BreadcrumbList","@id":"https:\/\/haberkuzey.com\/index.php\/2025\/04\/28\/sendikalar-disiplin-tuzugune-karsi-cuma-gunu-tam-gun-uyari-grevine-gidecek-ayni-gunun-aksami-kugulu-park-onunde-miting-duzenlenecek\/#breadcrumb","itemListElement":[{"@type":"ListItem","position":1,"name":"Anasayfa","item":"https:\/\/haberkuzey.com\/"},{"@type":"ListItem","position":2,"name":"Sendikalar, Disiplin T\u00fcz\u00fc\u011f\u00fc\u2019ne kar\u015f\u0131 cuma g\u00fcn\u00fc tam g\u00fcn uyar\u0131 grevine gidecek\u2026 Ayn\u0131 g\u00fcn\u00fcn ak\u015fam\u0131 Ku\u011fulu Park \u00f6n\u00fcnde miting d\u00fczenlenecek"}]},{"@type":"WebSite","@id":"https:\/\/haberkuzey.com\/#website","url":"https:\/\/haberkuzey.com\/","name":"Haber Kuzey","description":"Do\u011fru Haberin Adresi","potentialAction":[{"@type":"SearchAction","target":{"@type":"EntryPoint","urlTemplate":"https:\/\/haberkuzey.com\/?s={search_term_string}"},"query-input":{"@type":"PropertyValueSpecification","valueRequired":true,"valueName":"search_term_string"}}],"inLanguage":"tr"},{"@type":"Person","@id":"https:\/\/haberkuzey.com\/#\/schema\/person\/3372109ec735f9333f4fa47ebb9605ca","name":"haberkuzey","image":{"@type":"ImageObject","inLanguage":"tr","@id":"https:\/\/secure.gravatar.com\/avatar\/f5fc875574b1575324358c3b9e6a32b8227aa5b74f3fa22e3cadb63e26fcc39c?s=96&d=mm&r=g","url":"https:\/\/secure.gravatar.com\/avatar\/f5fc875574b1575324358c3b9e6a32b8227aa5b74f3fa22e3cadb63e26fcc39c?s=96&d=mm&r=g","contentUrl":"https:\/\/secure.gravatar.com\/avatar\/f5fc875574b1575324358c3b9e6a32b8227aa5b74f3fa22e3cadb63e26fcc39c?s=96&d=mm&r=g","caption":"haberkuzey"},"sameAs":["https:\/\/haberkuzey.com"],"url":"https:\/\/haberkuzey.com\/index.php\/author\/haberkuzey\/"}]}},"_links":{"self":[{"href":"https:\/\/haberkuzey.com\/index.php\/wp-json\/wp\/v2\/posts\/22873","targetHints":{"allow":["GET"]}}],"collection":[{"href":"https:\/\/haberkuzey.com\/index.php\/wp-json\/wp\/v2\/posts"}],"about":[{"href":"https:\/\/haberkuzey.com\/index.php\/wp-json\/wp\/v2\/types\/post"}],"author":[{"embeddable":true,"href":"https:\/\/haberkuzey.com\/index.php\/wp-json\/wp\/v2\/users\/1"}],"replies":[{"embeddable":true,"href":"https:\/\/haberkuzey.com\/index.php\/wp-json\/wp\/v2\/comments?post=22873"}],"version-history":[{"count":0,"href":"https:\/\/haberkuzey.com\/index.php\/wp-json\/wp\/v2\/posts\/22873\/revisions"}],"wp:featuredmedia":[{"embeddable":true,"href":"https:\/\/haberkuzey.com\/index.php\/wp-json\/wp\/v2\/media\/22874"}],"wp:attachment":[{"href":"https:\/\/haberkuzey.com\/index.php\/wp-json\/wp\/v2\/media?parent=22873"}],"wp:term":[{"taxonomy":"category","embeddable":true,"href":"https:\/\/haberkuzey.com\/index.php\/wp-json\/wp\/v2\/categories?post=22873"},{"taxonomy":"post_tag","embeddable":true,"href":"https:\/\/haberkuzey.com\/index.php\/wp-json\/wp\/v2\/tags?post=22873"}],"curies":[{"name":"wp","href":"https:\/\/api.w.org\/{rel}","templated":true}]}}