{"id":22662,"date":"2025-04-24T17:47:56","date_gmt":"2025-04-24T14:47:56","guid":{"rendered":"https:\/\/haberkuzey.com\/index.php\/2025\/04\/24\/kandilli-depremin-siddeti-denizde-8-karada-ise-4-5-olculdu\/"},"modified":"2025-04-24T17:47:56","modified_gmt":"2025-04-24T14:47:56","slug":"kandilli-depremin-siddeti-denizde-8-karada-ise-4-5-olculdu","status":"publish","type":"post","link":"https:\/\/haberkuzey.com\/index.php\/2025\/04\/24\/kandilli-depremin-siddeti-denizde-8-karada-ise-4-5-olculdu\/","title":{"rendered":"Kandilli: Depremin \u015fiddeti denizde 8, karada ise 4-5 \u00f6l\u00e7\u00fcld\u00fc"},"content":{"rendered":"<div>\n<div class=\"mariselle-image-container none\">\n                                            <\/div>\n<p style=\"font-weight: 300;\"><span style=\"font-weight: 300 !important;\">Bo\u011fazi\u00e7i \u00dcniversitesi (B\u00dc)\u00a0Kandilli\u00a0Rasathanesi ve Deprem Ara\u015ft\u0131rma Enstit\u00fcs\u00fc M\u00fcd\u00fcr\u00fc Prof. Dr. Nurcan Meral \u00d6zel, Silivri a\u00e7\u0131klar\u0131ndaki depreme ili\u015fkin, \u201cBu depremin ard\u0131ndan 2 kez 5\u2019ten b\u00fcy\u00fck art\u00e7\u0131 deprem oldu. 6,1\u2019lik bir depremin etkinli\u011fi 1,5-2 ay devam edebilir.\u201d dedi.<\/span><\/p>\n<p style=\"font-weight: 300;\"><span style=\"font-weight: 300 !important;\">Prof. Dr. Nurcan Meral \u00d6zel<\/span><span style=\"font-weight: 300 !important;\">,\u00a0<\/span><span style=\"font-weight: 300 !important;\">depremin deniz merkezli meydana geldi\u011fini, \u015fiddetinin denizde 8, karada ise 4-5 olarak \u00f6l\u00e7\u00fcld\u00fc\u011f\u00fcn\u00fc belirtti.<\/span><\/p>\n<p style=\"font-weight: 300;\"><span style=\"font-weight: 300 !important;\">\u00d6zel, Marmara Denizi Silivri a\u00e7\u0131klar\u0131nda meydana gelen 6,2 b\u00fcy\u00fckl\u00fc\u011f\u00fcndeki depremin ard\u0131ndan B\u00dc\u00a0Kandilli\u00a0Rasathanesi ve Deprem Ara\u015ft\u0131rma Enstit\u00fcs\u00fc B\u00f6lgesel Deprem-Tsunami \u0130zleme ve De\u011ferlendirme Merkezinde bas\u0131n toplant\u0131s\u0131 d\u00fczenledi.<\/span><\/p>\n<p style=\"font-weight: 300;\"><span style=\"font-weight: 300 !important;\">Haritalar ve grafiklerden olu\u015fan g\u00f6rsellerle sunum yapan \u00d6zel, bug\u00fcnk\u00fc depremin, 2019\u2019da Silivri a\u00e7\u0131klar\u0131nda meydana gelen depremin g\u00fcneyinde ancak ayn\u0131 boylam \u00fczerinde ya\u015fand\u0131\u011f\u0131n\u0131 s\u00f6yledi.<\/span><\/p>\n<p style=\"font-weight: 300;\"><span style=\"font-weight: 300 !important;\">\u00d6zel, \u00e7\u00f6zebildikleri kadar\u0131yla bug\u00fcn 100\u2019e yak\u0131n deprem oldu\u011funu belirterek, \u201c6,1\u2019lik depremden sonra 2 tane b\u00fcy\u00fck art\u00e7\u0131 oldu. Bunlar da sevindirici tabii, enerjinin a\u00e7\u0131\u011fa \u00e7\u0131kt\u0131\u011f\u0131n\u0131 g\u00f6steriyor. 5,1\u2019lik ve 5,2\u2019lik iki deprem oldu. 10 tane de 4\u2019ten b\u00fcy\u00fck deprem meydana geldi.\u201d diye konu\u015ftu.<\/span><\/p>\n<p style=\"font-weight: 300;\"><span style=\"font-weight: 300 !important;\">Depremin Orta Marmara ile Kumburgaz Fay Hatt\u0131\u2019n\u0131n tam ortas\u0131nda ya\u015fand\u0131\u011f\u0131 bilgisini payla\u015fan \u00d6zel, depremlerin Orta Marmara i\u00e7indeki 10-12 kilometrelik bant i\u00e7inde meydana geldi\u011fini, izlemelerini dikkatle s\u00fcrd\u00fcrd\u00fcklerini ifade etti.<\/span><\/p>\n<p style=\"font-weight: 300;\"><span style=\"font-weight: 300 !important;\">Ge\u00e7mi\u015fte Marmara Denizi i\u00e7inde meydana gelen depremlerin tarihleri ve b\u00fcy\u00fckl\u00fckleri konusunda belirsizlikler oldu\u011funu dile getiren \u00d6zel, bu durumun Marmara Denizi\u2019nde ne zaman ve hangi b\u00fcy\u00fckl\u00fckte deprem olaca\u011f\u0131 \u00f6ng\u00f6r\u00fclerini zay\u0131flatt\u0131\u011f\u0131n\u0131 s\u00f6yledi.<\/span><\/p>\n<p style=\"font-weight: 300;\"><span style=\"font-weight: 300 !important;\">\u00d6zel, Marmara Denizi i\u00e7indeki b\u00fct\u00fcn hareketleri dikkatle izlediklerini ve bug\u00fcn deniz y\u00fckselmeleri de tespit ettiklerini anlatt\u0131.<\/span><\/p>\n<p style=\"font-weight: 300;\"><span style=\"font-weight: 300 !important;\">Rasathanenin, Marmara\u2019da olabilecek bir deprem i\u00e7in pilot olarak erken uyar\u0131 sistemi geli\u015ftirmeye \u00e7al\u0131\u015ft\u0131\u011f\u0131n\u0131 bildiren \u00d6zel, bug\u00fcnk\u00fc depremde sistemin devreye girdi\u011fini, bu durumun sevindirici oldu\u011funu belirtti.<\/span><\/p>\n<p style=\"font-weight: 300;\"><span style=\"font-weight: 300 !important;\">\u2013 \u201c\u015eiddeti denizde 8, karada ise 4-5 olarak \u00f6l\u00e7\u00fcld\u00fc\u201d<\/span><\/p>\n<p style=\"font-weight: 300;\"><span style=\"font-weight: 300 !important;\">\u00d6zel, sunumunun ard\u0131ndan gazetecilerin sorular\u0131n\u0131 yan\u0131tlad\u0131.<\/span><\/p>\n<p style=\"font-weight: 300;\"><span style=\"font-weight: 300 !important;\">Bir gazetecinin, deprem uzmanlar\u0131n\u0131n gelecek olas\u0131 depremlere ili\u015fkin g\u00f6r\u00fc\u015f ayr\u0131l\u0131klar\u0131na d\u00fc\u015ft\u00fc\u011f\u00fcn\u00fc hat\u0131rlat\u0131p, beklenen depremlerin bug\u00fcnk\u00fc konumda m\u0131 olaca\u011f\u0131n\u0131 sormas\u0131 \u00fczerine \u00d6zel, \u201cOrta Marmara ve Kumburgaz segmenti vard\u0131r. Bu ikisinin tam ortas\u0131nda, 10-12 kilometrelik bir b\u00f6lgede deprem aktivitesi meydana geldi, \u015fu anda da meydana geldi\u011fi yerde devam ediyor. Kumburgaz ve Adalar fay\u0131nda da bir stres birikimi oldu\u011funu, deprem olma ihtimalini biz de biliyoruz, s\u00f6yl\u00fcyoruz.\u201d \u015feklinde yan\u0131t verdi.<\/span><\/p>\n<p style=\"font-weight: 300;\"><span style=\"font-weight: 300 !important;\">\u00d6zel, depremin deniz merkezli meydana geldi\u011fini, \u015fiddetinin denizde 8, karada ise 4-5 olarak \u00f6l\u00e7\u00fcld\u00fc\u011f\u00fcn\u00fc anlatt\u0131.<\/span><\/p>\n<p style=\"font-weight: 300;\"><span style=\"font-weight: 300 !important;\">2019\u2019da ya\u015fanan 5,9 b\u00fcy\u00fckl\u00fc\u011f\u00fcndeki depremin art\u00e7\u0131lar\u0131n\u0131n yakla\u015f\u0131k 1,5 ay s\u00fcrd\u00fc\u011f\u00fcn\u00fc belirten \u00d6zel, \u201cBu depremin ard\u0131ndan 2 kez 5\u2019ten b\u00fcy\u00fck art\u00e7\u0131 deprem oldu. 6,1\u2019lik bir depremin etkinli\u011fi 1,5-2 ay devam edebilir ancak bu denizde olan bir deprem. K\u0131y\u0131larda bunun ne kadar\u0131n\u0131n hissedilip hissedilmeyece\u011fi tart\u0131\u015f\u0131l\u0131r. \u015eu anda karada bu depremleri hissetmek \u00e7ok kolay olmayabilir.\u201d dedi.<\/span><\/p>\n<\/p><\/div>\n<p><script async\n                    defer\n                    crossorigin=\"anonymous\"\n                    src=\"https:\/\/connect.facebook.net\/tr_TR\/sdk.js#xfbml=1&#038;version=v3.3\"\n            ><\/script><\/p>\n","protected":false},"excerpt":{"rendered":"<p>Bo\u011fazi\u00e7i \u00dcniversitesi (B\u00dc)\u00a0Kandilli\u00a0Rasathanesi ve Deprem Ara\u015ft\u0131rma Enstit\u00fcs\u00fc M\u00fcd\u00fcr\u00fc Prof. Dr. Nurcan Meral \u00d6zel, Silivri a\u00e7\u0131klar\u0131ndaki depreme ili\u015fkin, \u201cBu depremin ard\u0131ndan 2 kez 5\u2019ten b\u00fcy\u00fck art\u00e7\u0131 deprem oldu. 6,1\u2019lik bir depremin etkinli\u011fi 1,5-2 ay devam edebilir.\u201d dedi. Prof. Dr. Nurcan Meral \u00d6zel,\u00a0depremin deniz merkezli meydana geldi\u011fini, \u015fiddetinin denizde 8, karada ise 4-5 olarak \u00f6l\u00e7\u00fcld\u00fc\u011f\u00fcn\u00fc belirtti. \u00d6zel, [&hellip;]<\/p>\n","protected":false},"author":1,"featured_media":22663,"comment_status":"open","ping_status":"open","sticky":false,"template":"","format":"standard","meta":{"jnews-multi-image_gallery":[],"jnews_single_post":[],"jnews_primary_category":[],"footnotes":""},"categories":[2],"tags":[],"class_list":["post-22662","post","type-post","status-publish","format-standard","has-post-thumbnail","hentry","category-dunya"],"yoast_head":"<!-- This site is optimized with the Yoast SEO plugin v27.5 - https:\/\/yoast.com\/product\/yoast-seo-wordpress\/ -->\n<title>Kandilli: Depremin \u015fiddeti denizde 8, karada ise 4-5 \u00f6l\u00e7\u00fcld\u00fc - Haber Kuzey<\/title>\n<meta name=\"robots\" content=\"index, follow, max-snippet:-1, max-image-preview:large, max-video-preview:-1\" \/>\n<link rel=\"canonical\" href=\"https:\/\/haberkuzey.com\/index.php\/2025\/04\/24\/kandilli-depremin-siddeti-denizde-8-karada-ise-4-5-olculdu\/\" \/>\n<meta property=\"og:locale\" content=\"tr_TR\" \/>\n<meta property=\"og:type\" content=\"article\" \/>\n<meta property=\"og:title\" content=\"Kandilli: Depremin \u015fiddeti denizde 8, karada ise 4-5 \u00f6l\u00e7\u00fcld\u00fc - Haber Kuzey\" \/>\n<meta property=\"og:description\" content=\"Bo\u011fazi\u00e7i \u00dcniversitesi (B\u00dc)\u00a0Kandilli\u00a0Rasathanesi ve Deprem Ara\u015ft\u0131rma Enstit\u00fcs\u00fc M\u00fcd\u00fcr\u00fc Prof. Dr. Nurcan Meral \u00d6zel, Silivri a\u00e7\u0131klar\u0131ndaki depreme ili\u015fkin, \u201cBu depremin ard\u0131ndan 2 kez 5\u2019ten b\u00fcy\u00fck art\u00e7\u0131 deprem oldu. 6,1\u2019lik bir depremin etkinli\u011fi 1,5-2 ay devam edebilir.\u201d dedi. Prof. Dr. Nurcan Meral \u00d6zel,\u00a0depremin deniz merkezli meydana geldi\u011fini, \u015fiddetinin denizde 8, karada ise 4-5 olarak \u00f6l\u00e7\u00fcld\u00fc\u011f\u00fcn\u00fc belirtti. \u00d6zel, [&hellip;]\" \/>\n<meta property=\"og:url\" content=\"https:\/\/haberkuzey.com\/index.php\/2025\/04\/24\/kandilli-depremin-siddeti-denizde-8-karada-ise-4-5-olculdu\/\" \/>\n<meta property=\"og:site_name\" content=\"Haber Kuzey\" \/>\n<meta property=\"article:published_time\" content=\"2025-04-24T14:47:56+00:00\" \/>\n<meta property=\"og:image\" content=\"https:\/\/brtk.net\/wp-content\/uploads\/2025\/04\/24\/DEPREMTC.jpg?ver=e47771c319508a6f85e6673cf0bf2d54\" \/>\n<meta name=\"author\" content=\"haberkuzey\" \/>\n<meta name=\"twitter:card\" content=\"summary_large_image\" \/>\n<meta name=\"twitter:label1\" content=\"Yazan:\" \/>\n\t<meta name=\"twitter:data1\" content=\"haberkuzey\" \/>\n\t<meta name=\"twitter:label2\" content=\"Tahmini okuma s\u00fcresi\" \/>\n\t<meta name=\"twitter:data2\" content=\"3 dakika\" \/>\n<script type=\"application\/ld+json\" class=\"yoast-schema-graph\">{\"@context\":\"https:\\\/\\\/schema.org\",\"@graph\":[{\"@type\":\"Article\",\"@id\":\"https:\\\/\\\/haberkuzey.com\\\/index.php\\\/2025\\\/04\\\/24\\\/kandilli-depremin-siddeti-denizde-8-karada-ise-4-5-olculdu\\\/#article\",\"isPartOf\":{\"@id\":\"https:\\\/\\\/haberkuzey.com\\\/index.php\\\/2025\\\/04\\\/24\\\/kandilli-depremin-siddeti-denizde-8-karada-ise-4-5-olculdu\\\/\"},\"author\":{\"name\":\"haberkuzey\",\"@id\":\"https:\\\/\\\/haberkuzey.com\\\/#\\\/schema\\\/person\\\/3372109ec735f9333f4fa47ebb9605ca\"},\"headline\":\"Kandilli: Depremin \u015fiddeti denizde 8, karada ise 4-5 \u00f6l\u00e7\u00fcld\u00fc\",\"datePublished\":\"2025-04-24T14:47:56+00:00\",\"mainEntityOfPage\":{\"@id\":\"https:\\\/\\\/haberkuzey.com\\\/index.php\\\/2025\\\/04\\\/24\\\/kandilli-depremin-siddeti-denizde-8-karada-ise-4-5-olculdu\\\/\"},\"wordCount\":536,\"commentCount\":0,\"image\":{\"@id\":\"https:\\\/\\\/haberkuzey.com\\\/index.php\\\/2025\\\/04\\\/24\\\/kandilli-depremin-siddeti-denizde-8-karada-ise-4-5-olculdu\\\/#primaryimage\"},\"thumbnailUrl\":\"https:\\\/\\\/haberkuzey.com\\\/wp-content\\\/uploads\\\/2025\\\/04\\\/DEPREMTC.jpg\",\"articleSection\":[\"D\u00fcnya\"],\"inLanguage\":\"tr\",\"potentialAction\":[{\"@type\":\"CommentAction\",\"name\":\"Comment\",\"target\":[\"https:\\\/\\\/haberkuzey.com\\\/index.php\\\/2025\\\/04\\\/24\\\/kandilli-depremin-siddeti-denizde-8-karada-ise-4-5-olculdu\\\/#respond\"]}]},{\"@type\":\"WebPage\",\"@id\":\"https:\\\/\\\/haberkuzey.com\\\/index.php\\\/2025\\\/04\\\/24\\\/kandilli-depremin-siddeti-denizde-8-karada-ise-4-5-olculdu\\\/\",\"url\":\"https:\\\/\\\/haberkuzey.com\\\/index.php\\\/2025\\\/04\\\/24\\\/kandilli-depremin-siddeti-denizde-8-karada-ise-4-5-olculdu\\\/\",\"name\":\"Kandilli: Depremin \u015fiddeti denizde 8, karada ise 4-5 \u00f6l\u00e7\u00fcld\u00fc - Haber Kuzey\",\"isPartOf\":{\"@id\":\"https:\\\/\\\/haberkuzey.com\\\/#website\"},\"primaryImageOfPage\":{\"@id\":\"https:\\\/\\\/haberkuzey.com\\\/index.php\\\/2025\\\/04\\\/24\\\/kandilli-depremin-siddeti-denizde-8-karada-ise-4-5-olculdu\\\/#primaryimage\"},\"image\":{\"@id\":\"https:\\\/\\\/haberkuzey.com\\\/index.php\\\/2025\\\/04\\\/24\\\/kandilli-depremin-siddeti-denizde-8-karada-ise-4-5-olculdu\\\/#primaryimage\"},\"thumbnailUrl\":\"https:\\\/\\\/haberkuzey.com\\\/wp-content\\\/uploads\\\/2025\\\/04\\\/DEPREMTC.jpg\",\"datePublished\":\"2025-04-24T14:47:56+00:00\",\"author\":{\"@id\":\"https:\\\/\\\/haberkuzey.com\\\/#\\\/schema\\\/person\\\/3372109ec735f9333f4fa47ebb9605ca\"},\"breadcrumb\":{\"@id\":\"https:\\\/\\\/haberkuzey.com\\\/index.php\\\/2025\\\/04\\\/24\\\/kandilli-depremin-siddeti-denizde-8-karada-ise-4-5-olculdu\\\/#breadcrumb\"},\"inLanguage\":\"tr\",\"potentialAction\":[{\"@type\":\"ReadAction\",\"target\":[\"https:\\\/\\\/haberkuzey.com\\\/index.php\\\/2025\\\/04\\\/24\\\/kandilli-depremin-siddeti-denizde-8-karada-ise-4-5-olculdu\\\/\"]}]},{\"@type\":\"ImageObject\",\"inLanguage\":\"tr\",\"@id\":\"https:\\\/\\\/haberkuzey.com\\\/index.php\\\/2025\\\/04\\\/24\\\/kandilli-depremin-siddeti-denizde-8-karada-ise-4-5-olculdu\\\/#primaryimage\",\"url\":\"https:\\\/\\\/haberkuzey.com\\\/wp-content\\\/uploads\\\/2025\\\/04\\\/DEPREMTC.jpg\",\"contentUrl\":\"https:\\\/\\\/haberkuzey.com\\\/wp-content\\\/uploads\\\/2025\\\/04\\\/DEPREMTC.jpg\",\"width\":747,\"height\":429},{\"@type\":\"BreadcrumbList\",\"@id\":\"https:\\\/\\\/haberkuzey.com\\\/index.php\\\/2025\\\/04\\\/24\\\/kandilli-depremin-siddeti-denizde-8-karada-ise-4-5-olculdu\\\/#breadcrumb\",\"itemListElement\":[{\"@type\":\"ListItem\",\"position\":1,\"name\":\"Anasayfa\",\"item\":\"https:\\\/\\\/haberkuzey.com\\\/\"},{\"@type\":\"ListItem\",\"position\":2,\"name\":\"Kandilli: Depremin \u015fiddeti denizde 8, karada ise 4-5 \u00f6l\u00e7\u00fcld\u00fc\"}]},{\"@type\":\"WebSite\",\"@id\":\"https:\\\/\\\/haberkuzey.com\\\/#website\",\"url\":\"https:\\\/\\\/haberkuzey.com\\\/\",\"name\":\"Haber Kuzey\",\"description\":\"Do\u011fru Haberin Adresi\",\"potentialAction\":[{\"@type\":\"SearchAction\",\"target\":{\"@type\":\"EntryPoint\",\"urlTemplate\":\"https:\\\/\\\/haberkuzey.com\\\/?s={search_term_string}\"},\"query-input\":{\"@type\":\"PropertyValueSpecification\",\"valueRequired\":true,\"valueName\":\"search_term_string\"}}],\"inLanguage\":\"tr\"},{\"@type\":\"Person\",\"@id\":\"https:\\\/\\\/haberkuzey.com\\\/#\\\/schema\\\/person\\\/3372109ec735f9333f4fa47ebb9605ca\",\"name\":\"haberkuzey\",\"image\":{\"@type\":\"ImageObject\",\"inLanguage\":\"tr\",\"@id\":\"https:\\\/\\\/secure.gravatar.com\\\/avatar\\\/f5fc875574b1575324358c3b9e6a32b8227aa5b74f3fa22e3cadb63e26fcc39c?s=96&d=mm&r=g\",\"url\":\"https:\\\/\\\/secure.gravatar.com\\\/avatar\\\/f5fc875574b1575324358c3b9e6a32b8227aa5b74f3fa22e3cadb63e26fcc39c?s=96&d=mm&r=g\",\"contentUrl\":\"https:\\\/\\\/secure.gravatar.com\\\/avatar\\\/f5fc875574b1575324358c3b9e6a32b8227aa5b74f3fa22e3cadb63e26fcc39c?s=96&d=mm&r=g\",\"caption\":\"haberkuzey\"},\"sameAs\":[\"https:\\\/\\\/haberkuzey.com\"],\"url\":\"https:\\\/\\\/haberkuzey.com\\\/index.php\\\/author\\\/haberkuzey\\\/\"}]}<\/script>\n<!-- \/ Yoast SEO plugin. -->","yoast_head_json":{"title":"Kandilli: Depremin \u015fiddeti denizde 8, karada ise 4-5 \u00f6l\u00e7\u00fcld\u00fc - Haber Kuzey","robots":{"index":"index","follow":"follow","max-snippet":"max-snippet:-1","max-image-preview":"max-image-preview:large","max-video-preview":"max-video-preview:-1"},"canonical":"https:\/\/haberkuzey.com\/index.php\/2025\/04\/24\/kandilli-depremin-siddeti-denizde-8-karada-ise-4-5-olculdu\/","og_locale":"tr_TR","og_type":"article","og_title":"Kandilli: Depremin \u015fiddeti denizde 8, karada ise 4-5 \u00f6l\u00e7\u00fcld\u00fc - Haber Kuzey","og_description":"Bo\u011fazi\u00e7i \u00dcniversitesi (B\u00dc)\u00a0Kandilli\u00a0Rasathanesi ve Deprem Ara\u015ft\u0131rma Enstit\u00fcs\u00fc M\u00fcd\u00fcr\u00fc Prof. Dr. Nurcan Meral \u00d6zel, Silivri a\u00e7\u0131klar\u0131ndaki depreme ili\u015fkin, \u201cBu depremin ard\u0131ndan 2 kez 5\u2019ten b\u00fcy\u00fck art\u00e7\u0131 deprem oldu. 6,1\u2019lik bir depremin etkinli\u011fi 1,5-2 ay devam edebilir.\u201d dedi. Prof. Dr. Nurcan Meral \u00d6zel,\u00a0depremin deniz merkezli meydana geldi\u011fini, \u015fiddetinin denizde 8, karada ise 4-5 olarak \u00f6l\u00e7\u00fcld\u00fc\u011f\u00fcn\u00fc belirtti. \u00d6zel, [&hellip;]","og_url":"https:\/\/haberkuzey.com\/index.php\/2025\/04\/24\/kandilli-depremin-siddeti-denizde-8-karada-ise-4-5-olculdu\/","og_site_name":"Haber Kuzey","article_published_time":"2025-04-24T14:47:56+00:00","og_image":[{"url":"https:\/\/brtk.net\/wp-content\/uploads\/2025\/04\/24\/DEPREMTC.jpg?ver=e47771c319508a6f85e6673cf0bf2d54","type":"","width":"","height":""}],"author":"haberkuzey","twitter_card":"summary_large_image","twitter_misc":{"Yazan:":"haberkuzey","Tahmini okuma s\u00fcresi":"3 dakika"},"schema":{"@context":"https:\/\/schema.org","@graph":[{"@type":"Article","@id":"https:\/\/haberkuzey.com\/index.php\/2025\/04\/24\/kandilli-depremin-siddeti-denizde-8-karada-ise-4-5-olculdu\/#article","isPartOf":{"@id":"https:\/\/haberkuzey.com\/index.php\/2025\/04\/24\/kandilli-depremin-siddeti-denizde-8-karada-ise-4-5-olculdu\/"},"author":{"name":"haberkuzey","@id":"https:\/\/haberkuzey.com\/#\/schema\/person\/3372109ec735f9333f4fa47ebb9605ca"},"headline":"Kandilli: Depremin \u015fiddeti denizde 8, karada ise 4-5 \u00f6l\u00e7\u00fcld\u00fc","datePublished":"2025-04-24T14:47:56+00:00","mainEntityOfPage":{"@id":"https:\/\/haberkuzey.com\/index.php\/2025\/04\/24\/kandilli-depremin-siddeti-denizde-8-karada-ise-4-5-olculdu\/"},"wordCount":536,"commentCount":0,"image":{"@id":"https:\/\/haberkuzey.com\/index.php\/2025\/04\/24\/kandilli-depremin-siddeti-denizde-8-karada-ise-4-5-olculdu\/#primaryimage"},"thumbnailUrl":"https:\/\/haberkuzey.com\/wp-content\/uploads\/2025\/04\/DEPREMTC.jpg","articleSection":["D\u00fcnya"],"inLanguage":"tr","potentialAction":[{"@type":"CommentAction","name":"Comment","target":["https:\/\/haberkuzey.com\/index.php\/2025\/04\/24\/kandilli-depremin-siddeti-denizde-8-karada-ise-4-5-olculdu\/#respond"]}]},{"@type":"WebPage","@id":"https:\/\/haberkuzey.com\/index.php\/2025\/04\/24\/kandilli-depremin-siddeti-denizde-8-karada-ise-4-5-olculdu\/","url":"https:\/\/haberkuzey.com\/index.php\/2025\/04\/24\/kandilli-depremin-siddeti-denizde-8-karada-ise-4-5-olculdu\/","name":"Kandilli: Depremin \u015fiddeti denizde 8, karada ise 4-5 \u00f6l\u00e7\u00fcld\u00fc - Haber Kuzey","isPartOf":{"@id":"https:\/\/haberkuzey.com\/#website"},"primaryImageOfPage":{"@id":"https:\/\/haberkuzey.com\/index.php\/2025\/04\/24\/kandilli-depremin-siddeti-denizde-8-karada-ise-4-5-olculdu\/#primaryimage"},"image":{"@id":"https:\/\/haberkuzey.com\/index.php\/2025\/04\/24\/kandilli-depremin-siddeti-denizde-8-karada-ise-4-5-olculdu\/#primaryimage"},"thumbnailUrl":"https:\/\/haberkuzey.com\/wp-content\/uploads\/2025\/04\/DEPREMTC.jpg","datePublished":"2025-04-24T14:47:56+00:00","author":{"@id":"https:\/\/haberkuzey.com\/#\/schema\/person\/3372109ec735f9333f4fa47ebb9605ca"},"breadcrumb":{"@id":"https:\/\/haberkuzey.com\/index.php\/2025\/04\/24\/kandilli-depremin-siddeti-denizde-8-karada-ise-4-5-olculdu\/#breadcrumb"},"inLanguage":"tr","potentialAction":[{"@type":"ReadAction","target":["https:\/\/haberkuzey.com\/index.php\/2025\/04\/24\/kandilli-depremin-siddeti-denizde-8-karada-ise-4-5-olculdu\/"]}]},{"@type":"ImageObject","inLanguage":"tr","@id":"https:\/\/haberkuzey.com\/index.php\/2025\/04\/24\/kandilli-depremin-siddeti-denizde-8-karada-ise-4-5-olculdu\/#primaryimage","url":"https:\/\/haberkuzey.com\/wp-content\/uploads\/2025\/04\/DEPREMTC.jpg","contentUrl":"https:\/\/haberkuzey.com\/wp-content\/uploads\/2025\/04\/DEPREMTC.jpg","width":747,"height":429},{"@type":"BreadcrumbList","@id":"https:\/\/haberkuzey.com\/index.php\/2025\/04\/24\/kandilli-depremin-siddeti-denizde-8-karada-ise-4-5-olculdu\/#breadcrumb","itemListElement":[{"@type":"ListItem","position":1,"name":"Anasayfa","item":"https:\/\/haberkuzey.com\/"},{"@type":"ListItem","position":2,"name":"Kandilli: Depremin \u015fiddeti denizde 8, karada ise 4-5 \u00f6l\u00e7\u00fcld\u00fc"}]},{"@type":"WebSite","@id":"https:\/\/haberkuzey.com\/#website","url":"https:\/\/haberkuzey.com\/","name":"Haber Kuzey","description":"Do\u011fru Haberin Adresi","potentialAction":[{"@type":"SearchAction","target":{"@type":"EntryPoint","urlTemplate":"https:\/\/haberkuzey.com\/?s={search_term_string}"},"query-input":{"@type":"PropertyValueSpecification","valueRequired":true,"valueName":"search_term_string"}}],"inLanguage":"tr"},{"@type":"Person","@id":"https:\/\/haberkuzey.com\/#\/schema\/person\/3372109ec735f9333f4fa47ebb9605ca","name":"haberkuzey","image":{"@type":"ImageObject","inLanguage":"tr","@id":"https:\/\/secure.gravatar.com\/avatar\/f5fc875574b1575324358c3b9e6a32b8227aa5b74f3fa22e3cadb63e26fcc39c?s=96&d=mm&r=g","url":"https:\/\/secure.gravatar.com\/avatar\/f5fc875574b1575324358c3b9e6a32b8227aa5b74f3fa22e3cadb63e26fcc39c?s=96&d=mm&r=g","contentUrl":"https:\/\/secure.gravatar.com\/avatar\/f5fc875574b1575324358c3b9e6a32b8227aa5b74f3fa22e3cadb63e26fcc39c?s=96&d=mm&r=g","caption":"haberkuzey"},"sameAs":["https:\/\/haberkuzey.com"],"url":"https:\/\/haberkuzey.com\/index.php\/author\/haberkuzey\/"}]}},"_links":{"self":[{"href":"https:\/\/haberkuzey.com\/index.php\/wp-json\/wp\/v2\/posts\/22662","targetHints":{"allow":["GET"]}}],"collection":[{"href":"https:\/\/haberkuzey.com\/index.php\/wp-json\/wp\/v2\/posts"}],"about":[{"href":"https:\/\/haberkuzey.com\/index.php\/wp-json\/wp\/v2\/types\/post"}],"author":[{"embeddable":true,"href":"https:\/\/haberkuzey.com\/index.php\/wp-json\/wp\/v2\/users\/1"}],"replies":[{"embeddable":true,"href":"https:\/\/haberkuzey.com\/index.php\/wp-json\/wp\/v2\/comments?post=22662"}],"version-history":[{"count":0,"href":"https:\/\/haberkuzey.com\/index.php\/wp-json\/wp\/v2\/posts\/22662\/revisions"}],"wp:featuredmedia":[{"embeddable":true,"href":"https:\/\/haberkuzey.com\/index.php\/wp-json\/wp\/v2\/media\/22663"}],"wp:attachment":[{"href":"https:\/\/haberkuzey.com\/index.php\/wp-json\/wp\/v2\/media?parent=22662"}],"wp:term":[{"taxonomy":"category","embeddable":true,"href":"https:\/\/haberkuzey.com\/index.php\/wp-json\/wp\/v2\/categories?post=22662"},{"taxonomy":"post_tag","embeddable":true,"href":"https:\/\/haberkuzey.com\/index.php\/wp-json\/wp\/v2\/tags?post=22662"}],"curies":[{"name":"wp","href":"https:\/\/api.w.org\/{rel}","templated":true}]}}