{"id":22600,"date":"2025-04-24T07:22:31","date_gmt":"2025-04-24T04:22:31","guid":{"rendered":"https:\/\/haberkuzey.com\/index.php\/2025\/04\/24\/istanbullular-geceyi-disarida-gecirdi\/"},"modified":"2025-04-24T07:22:31","modified_gmt":"2025-04-24T04:22:31","slug":"istanbullular-geceyi-disarida-gecirdi","status":"publish","type":"post","link":"https:\/\/haberkuzey.com\/index.php\/2025\/04\/24\/istanbullular-geceyi-disarida-gecirdi\/","title":{"rendered":"\u0130stanbullular geceyi d\u0131\u015far\u0131da ge\u00e7irdi"},"content":{"rendered":"<div>\n<div class=\"mariselle-image-container center\">\n                                            <\/div>\n<p>\u0130stanbul\u2019da meydana gelen depremin ard\u0131ndan baz\u0131 vatanda\u015flar, geceyi okul bah\u00e7eleri, parklar, spor salonlar\u0131 ve camilerde ge\u00e7irdi.<\/p>\n<p>Megakentte ya\u015fanan 6,2 b\u00fcy\u00fckl\u00fc\u011f\u00fcndeki deprem sonras\u0131 tedirgin olan ve evlerine girmek istemeyen baz\u0131 vatanda\u015flar, geceyi d\u0131\u015far\u0131da ge\u00e7irdi.<\/p>\n<p>\u0130stanbul Valili\u011fi\u2019nin, \u201cOkul bah\u00e7eleri, spor salonlar\u0131 ve camilerimiz deprem korkusu nedeniyle geceyi evlerinde ge\u00e7irmek istemeyen vatanda\u015flar\u0131m\u0131z\u0131n kullan\u0131m\u0131na a\u00e7\u0131lm\u0131\u015ft\u0131r.\u201d a\u00e7\u0131klamas\u0131n\u0131n ard\u0131ndan evlerine giremeyen vatanda\u015flar, parklarda, Millet Bah\u00e7esi\u2019nde ve cami avlular\u0131nda \u00e7ad\u0131r kurarken, baz\u0131 vatanda\u015flar da, camiler ve spor salonlar\u0131 gibi kapal\u0131 alanlar\u0131 tercih etti.<\/p>\n<p>K\u0131z\u0131lay ve AFAD, vatanda\u015flar\u0131n temel ihtiya\u00e7lar\u0131n\u0131 kar\u015f\u0131lamak i\u00e7in t\u00fcm imkanlar\u0131n\u0131 seferber etti. <\/p>\n<p>Vak\u0131flar Genel M\u00fcd\u00fcrl\u00fc\u011f\u00fc, \u0130stanbul\u2019da meydana gelen depremlerin ard\u0131ndan geceyi d\u0131\u015farda ge\u00e7iren vatanda\u015flara \u00e7orba ikram\u0131nda bulundu.<\/p>\n<p>Vak\u0131f g\u00f6revlileri, deprem nedeniyle evlerine giremeyen ve geceyi a\u00e7\u0131k alanda ge\u00e7irmek i\u00e7in Esenyurt\u2019taki Mehmet Akif Ersoy Park\u0131\u2019na \u00e7ad\u0131r kurar vatanda\u015flara s\u0131cak \u00e7orba ve \u00e7ay ikram\u0131nda bulundu.<\/p>\n<p>Ka\u011f\u0131thane Hasbah\u00e7e Mesire Alan\u0131\u2019nda geceyi ge\u00e7iren vatanda\u015flara da Vakf\u0131n kurdu\u011fu da\u011f\u0131t\u0131m noktas\u0131nda s\u0131cak \u00e7orba ikram edildi.<\/p>\n<p>Depremden etkilenen vatanda\u015flar i\u00e7in kap\u0131lar\u0131n\u0131 a\u00e7an Ey\u00fcpsultan\u2019daki Rami K\u00fct\u00fcphanesi\u2019nde de Vak\u0131f g\u00f6revlileri taraf\u0131ndan s\u0131cak \u00e7orba da\u011f\u0131t\u0131m\u0131 yap\u0131ld\u0131.<\/p>\n<p><strong>TC Cumhurba\u015fkan\u0131 Erdo\u011fan, Ka\u011f\u0131thane\u2019de vatanda\u015flarla bir araya geldi<\/strong><br \/>TC Cumhurba\u015fkan\u0131 Recep Tayyip Erdo\u011fan, Ka\u011f\u0131thane Belediyesi Hasbah\u00e7e Sosyal Tesisleri\u2019nde vatanda\u015flarla bir araya geldi.<\/p>\n<p>Depremin ard\u0131ndan \u0130stanbul\u2019a giden Cumhurba\u015fkan\u0131 Erdo\u011fan, Hasdal\u2019daki \u0130stanbul \u0130l Afet ve Acil Durum M\u00fcd\u00fcrl\u00fc\u011f\u00fcnde bulunan kriz merkezini ziyaret ederek, ilgili bakanlar ve yetkililerden kapsaml\u0131 brifing ald\u0131.<\/p>\n<p>Daha sonra buradan ayr\u0131lan Erdo\u011fan, depremin ard\u0131ndan Ka\u011f\u0131thane Belediyesi Hasbah\u00e7e Sosyal Tesisleri\u2019nde vakit ge\u00e7iren vatanda\u015flar\u0131 ziyaret etti.<\/p>\n<\/p><\/div>\n<p><script async\n                    defer\n                    crossorigin=\"anonymous\"\n                    src=\"https:\/\/connect.facebook.net\/tr_TR\/sdk.js#xfbml=1&#038;version=v3.3\"\n            ><\/script><\/p>\n","protected":false},"excerpt":{"rendered":"<p>\u0130stanbul\u2019da meydana gelen depremin ard\u0131ndan baz\u0131 vatanda\u015flar, geceyi okul bah\u00e7eleri, parklar, spor salonlar\u0131 ve camilerde ge\u00e7irdi. Megakentte ya\u015fanan 6,2 b\u00fcy\u00fckl\u00fc\u011f\u00fcndeki deprem sonras\u0131 tedirgin olan ve evlerine girmek istemeyen baz\u0131 vatanda\u015flar, geceyi d\u0131\u015far\u0131da ge\u00e7irdi. \u0130stanbul Valili\u011fi\u2019nin, \u201cOkul bah\u00e7eleri, spor salonlar\u0131 ve camilerimiz deprem korkusu nedeniyle geceyi evlerinde ge\u00e7irmek istemeyen vatanda\u015flar\u0131m\u0131z\u0131n kullan\u0131m\u0131na a\u00e7\u0131lm\u0131\u015ft\u0131r.\u201d a\u00e7\u0131klamas\u0131n\u0131n ard\u0131ndan evlerine giremeyen [&hellip;]<\/p>\n","protected":false},"author":1,"featured_media":22601,"comment_status":"open","ping_status":"open","sticky":false,"template":"","format":"standard","meta":{"jnews-multi-image_gallery":[],"jnews_single_post":[],"jnews_primary_category":[],"footnotes":""},"categories":[2],"tags":[],"class_list":["post-22600","post","type-post","status-publish","format-standard","has-post-thumbnail","hentry","category-dunya"],"yoast_head":"<!-- This site is optimized with the Yoast SEO plugin v27.5 - https:\/\/yoast.com\/product\/yoast-seo-wordpress\/ -->\n<title>\u0130stanbullular geceyi d\u0131\u015far\u0131da ge\u00e7irdi - Haber Kuzey<\/title>\n<meta name=\"robots\" content=\"index, follow, max-snippet:-1, max-image-preview:large, max-video-preview:-1\" \/>\n<link rel=\"canonical\" href=\"https:\/\/haberkuzey.com\/index.php\/2025\/04\/24\/istanbullular-geceyi-disarida-gecirdi\/\" \/>\n<meta property=\"og:locale\" content=\"tr_TR\" \/>\n<meta property=\"og:type\" content=\"article\" \/>\n<meta property=\"og:title\" content=\"\u0130stanbullular geceyi d\u0131\u015far\u0131da ge\u00e7irdi - Haber Kuzey\" \/>\n<meta property=\"og:description\" content=\"\u0130stanbul\u2019da meydana gelen depremin ard\u0131ndan baz\u0131 vatanda\u015flar, geceyi okul bah\u00e7eleri, parklar, spor salonlar\u0131 ve camilerde ge\u00e7irdi. Megakentte ya\u015fanan 6,2 b\u00fcy\u00fckl\u00fc\u011f\u00fcndeki deprem sonras\u0131 tedirgin olan ve evlerine girmek istemeyen baz\u0131 vatanda\u015flar, geceyi d\u0131\u015far\u0131da ge\u00e7irdi. \u0130stanbul Valili\u011fi\u2019nin, \u201cOkul bah\u00e7eleri, spor salonlar\u0131 ve camilerimiz deprem korkusu nedeniyle geceyi evlerinde ge\u00e7irmek istemeyen vatanda\u015flar\u0131m\u0131z\u0131n kullan\u0131m\u0131na a\u00e7\u0131lm\u0131\u015ft\u0131r.\u201d a\u00e7\u0131klamas\u0131n\u0131n ard\u0131ndan evlerine giremeyen [&hellip;]\" \/>\n<meta property=\"og:url\" content=\"https:\/\/haberkuzey.com\/index.php\/2025\/04\/24\/istanbullular-geceyi-disarida-gecirdi\/\" \/>\n<meta property=\"og:site_name\" content=\"Haber Kuzey\" \/>\n<meta property=\"article:published_time\" content=\"2025-04-24T04:22:31+00:00\" \/>\n<meta property=\"og:image\" content=\"https:\/\/brtk.net\/wp-content\/uploads\/2025\/04\/24\/23422.jpg?ver=6a7767d7f8dc32da07ff718404ef7d55\" \/>\n<meta name=\"author\" content=\"haberkuzey\" \/>\n<meta name=\"twitter:card\" content=\"summary_large_image\" \/>\n<meta name=\"twitter:label1\" content=\"Yazan:\" \/>\n\t<meta name=\"twitter:data1\" content=\"haberkuzey\" \/>\n\t<meta name=\"twitter:label2\" content=\"Tahmini okuma s\u00fcresi\" \/>\n\t<meta name=\"twitter:data2\" content=\"2 dakika\" \/>\n<script type=\"application\/ld+json\" class=\"yoast-schema-graph\">{\"@context\":\"https:\\\/\\\/schema.org\",\"@graph\":[{\"@type\":\"Article\",\"@id\":\"https:\\\/\\\/haberkuzey.com\\\/index.php\\\/2025\\\/04\\\/24\\\/istanbullular-geceyi-disarida-gecirdi\\\/#article\",\"isPartOf\":{\"@id\":\"https:\\\/\\\/haberkuzey.com\\\/index.php\\\/2025\\\/04\\\/24\\\/istanbullular-geceyi-disarida-gecirdi\\\/\"},\"author\":{\"name\":\"haberkuzey\",\"@id\":\"https:\\\/\\\/haberkuzey.com\\\/#\\\/schema\\\/person\\\/3372109ec735f9333f4fa47ebb9605ca\"},\"headline\":\"\u0130stanbullular geceyi d\u0131\u015far\u0131da ge\u00e7irdi\",\"datePublished\":\"2025-04-24T04:22:31+00:00\",\"mainEntityOfPage\":{\"@id\":\"https:\\\/\\\/haberkuzey.com\\\/index.php\\\/2025\\\/04\\\/24\\\/istanbullular-geceyi-disarida-gecirdi\\\/\"},\"wordCount\":354,\"commentCount\":0,\"image\":{\"@id\":\"https:\\\/\\\/haberkuzey.com\\\/index.php\\\/2025\\\/04\\\/24\\\/istanbullular-geceyi-disarida-gecirdi\\\/#primaryimage\"},\"thumbnailUrl\":\"https:\\\/\\\/haberkuzey.com\\\/wp-content\\\/uploads\\\/2025\\\/04\\\/23422.jpg\",\"articleSection\":[\"D\u00fcnya\"],\"inLanguage\":\"tr\",\"potentialAction\":[{\"@type\":\"CommentAction\",\"name\":\"Comment\",\"target\":[\"https:\\\/\\\/haberkuzey.com\\\/index.php\\\/2025\\\/04\\\/24\\\/istanbullular-geceyi-disarida-gecirdi\\\/#respond\"]}]},{\"@type\":\"WebPage\",\"@id\":\"https:\\\/\\\/haberkuzey.com\\\/index.php\\\/2025\\\/04\\\/24\\\/istanbullular-geceyi-disarida-gecirdi\\\/\",\"url\":\"https:\\\/\\\/haberkuzey.com\\\/index.php\\\/2025\\\/04\\\/24\\\/istanbullular-geceyi-disarida-gecirdi\\\/\",\"name\":\"\u0130stanbullular geceyi d\u0131\u015far\u0131da ge\u00e7irdi - Haber Kuzey\",\"isPartOf\":{\"@id\":\"https:\\\/\\\/haberkuzey.com\\\/#website\"},\"primaryImageOfPage\":{\"@id\":\"https:\\\/\\\/haberkuzey.com\\\/index.php\\\/2025\\\/04\\\/24\\\/istanbullular-geceyi-disarida-gecirdi\\\/#primaryimage\"},\"image\":{\"@id\":\"https:\\\/\\\/haberkuzey.com\\\/index.php\\\/2025\\\/04\\\/24\\\/istanbullular-geceyi-disarida-gecirdi\\\/#primaryimage\"},\"thumbnailUrl\":\"https:\\\/\\\/haberkuzey.com\\\/wp-content\\\/uploads\\\/2025\\\/04\\\/23422.jpg\",\"datePublished\":\"2025-04-24T04:22:31+00:00\",\"author\":{\"@id\":\"https:\\\/\\\/haberkuzey.com\\\/#\\\/schema\\\/person\\\/3372109ec735f9333f4fa47ebb9605ca\"},\"breadcrumb\":{\"@id\":\"https:\\\/\\\/haberkuzey.com\\\/index.php\\\/2025\\\/04\\\/24\\\/istanbullular-geceyi-disarida-gecirdi\\\/#breadcrumb\"},\"inLanguage\":\"tr\",\"potentialAction\":[{\"@type\":\"ReadAction\",\"target\":[\"https:\\\/\\\/haberkuzey.com\\\/index.php\\\/2025\\\/04\\\/24\\\/istanbullular-geceyi-disarida-gecirdi\\\/\"]}]},{\"@type\":\"ImageObject\",\"inLanguage\":\"tr\",\"@id\":\"https:\\\/\\\/haberkuzey.com\\\/index.php\\\/2025\\\/04\\\/24\\\/istanbullular-geceyi-disarida-gecirdi\\\/#primaryimage\",\"url\":\"https:\\\/\\\/haberkuzey.com\\\/wp-content\\\/uploads\\\/2025\\\/04\\\/23422.jpg\",\"contentUrl\":\"https:\\\/\\\/haberkuzey.com\\\/wp-content\\\/uploads\\\/2025\\\/04\\\/23422.jpg\",\"width\":800,\"height\":450},{\"@type\":\"BreadcrumbList\",\"@id\":\"https:\\\/\\\/haberkuzey.com\\\/index.php\\\/2025\\\/04\\\/24\\\/istanbullular-geceyi-disarida-gecirdi\\\/#breadcrumb\",\"itemListElement\":[{\"@type\":\"ListItem\",\"position\":1,\"name\":\"Anasayfa\",\"item\":\"https:\\\/\\\/haberkuzey.com\\\/\"},{\"@type\":\"ListItem\",\"position\":2,\"name\":\"\u0130stanbullular geceyi d\u0131\u015far\u0131da ge\u00e7irdi\"}]},{\"@type\":\"WebSite\",\"@id\":\"https:\\\/\\\/haberkuzey.com\\\/#website\",\"url\":\"https:\\\/\\\/haberkuzey.com\\\/\",\"name\":\"Haber Kuzey\",\"description\":\"Do\u011fru Haberin Adresi\",\"potentialAction\":[{\"@type\":\"SearchAction\",\"target\":{\"@type\":\"EntryPoint\",\"urlTemplate\":\"https:\\\/\\\/haberkuzey.com\\\/?s={search_term_string}\"},\"query-input\":{\"@type\":\"PropertyValueSpecification\",\"valueRequired\":true,\"valueName\":\"search_term_string\"}}],\"inLanguage\":\"tr\"},{\"@type\":\"Person\",\"@id\":\"https:\\\/\\\/haberkuzey.com\\\/#\\\/schema\\\/person\\\/3372109ec735f9333f4fa47ebb9605ca\",\"name\":\"haberkuzey\",\"image\":{\"@type\":\"ImageObject\",\"inLanguage\":\"tr\",\"@id\":\"https:\\\/\\\/secure.gravatar.com\\\/avatar\\\/f5fc875574b1575324358c3b9e6a32b8227aa5b74f3fa22e3cadb63e26fcc39c?s=96&d=mm&r=g\",\"url\":\"https:\\\/\\\/secure.gravatar.com\\\/avatar\\\/f5fc875574b1575324358c3b9e6a32b8227aa5b74f3fa22e3cadb63e26fcc39c?s=96&d=mm&r=g\",\"contentUrl\":\"https:\\\/\\\/secure.gravatar.com\\\/avatar\\\/f5fc875574b1575324358c3b9e6a32b8227aa5b74f3fa22e3cadb63e26fcc39c?s=96&d=mm&r=g\",\"caption\":\"haberkuzey\"},\"sameAs\":[\"https:\\\/\\\/haberkuzey.com\"],\"url\":\"https:\\\/\\\/haberkuzey.com\\\/index.php\\\/author\\\/haberkuzey\\\/\"}]}<\/script>\n<!-- \/ Yoast SEO plugin. -->","yoast_head_json":{"title":"\u0130stanbullular geceyi d\u0131\u015far\u0131da ge\u00e7irdi - Haber Kuzey","robots":{"index":"index","follow":"follow","max-snippet":"max-snippet:-1","max-image-preview":"max-image-preview:large","max-video-preview":"max-video-preview:-1"},"canonical":"https:\/\/haberkuzey.com\/index.php\/2025\/04\/24\/istanbullular-geceyi-disarida-gecirdi\/","og_locale":"tr_TR","og_type":"article","og_title":"\u0130stanbullular geceyi d\u0131\u015far\u0131da ge\u00e7irdi - Haber Kuzey","og_description":"\u0130stanbul\u2019da meydana gelen depremin ard\u0131ndan baz\u0131 vatanda\u015flar, geceyi okul bah\u00e7eleri, parklar, spor salonlar\u0131 ve camilerde ge\u00e7irdi. Megakentte ya\u015fanan 6,2 b\u00fcy\u00fckl\u00fc\u011f\u00fcndeki deprem sonras\u0131 tedirgin olan ve evlerine girmek istemeyen baz\u0131 vatanda\u015flar, geceyi d\u0131\u015far\u0131da ge\u00e7irdi. \u0130stanbul Valili\u011fi\u2019nin, \u201cOkul bah\u00e7eleri, spor salonlar\u0131 ve camilerimiz deprem korkusu nedeniyle geceyi evlerinde ge\u00e7irmek istemeyen vatanda\u015flar\u0131m\u0131z\u0131n kullan\u0131m\u0131na a\u00e7\u0131lm\u0131\u015ft\u0131r.\u201d a\u00e7\u0131klamas\u0131n\u0131n ard\u0131ndan evlerine giremeyen [&hellip;]","og_url":"https:\/\/haberkuzey.com\/index.php\/2025\/04\/24\/istanbullular-geceyi-disarida-gecirdi\/","og_site_name":"Haber Kuzey","article_published_time":"2025-04-24T04:22:31+00:00","og_image":[{"url":"https:\/\/brtk.net\/wp-content\/uploads\/2025\/04\/24\/23422.jpg?ver=6a7767d7f8dc32da07ff718404ef7d55","type":"","width":"","height":""}],"author":"haberkuzey","twitter_card":"summary_large_image","twitter_misc":{"Yazan:":"haberkuzey","Tahmini okuma s\u00fcresi":"2 dakika"},"schema":{"@context":"https:\/\/schema.org","@graph":[{"@type":"Article","@id":"https:\/\/haberkuzey.com\/index.php\/2025\/04\/24\/istanbullular-geceyi-disarida-gecirdi\/#article","isPartOf":{"@id":"https:\/\/haberkuzey.com\/index.php\/2025\/04\/24\/istanbullular-geceyi-disarida-gecirdi\/"},"author":{"name":"haberkuzey","@id":"https:\/\/haberkuzey.com\/#\/schema\/person\/3372109ec735f9333f4fa47ebb9605ca"},"headline":"\u0130stanbullular geceyi d\u0131\u015far\u0131da ge\u00e7irdi","datePublished":"2025-04-24T04:22:31+00:00","mainEntityOfPage":{"@id":"https:\/\/haberkuzey.com\/index.php\/2025\/04\/24\/istanbullular-geceyi-disarida-gecirdi\/"},"wordCount":354,"commentCount":0,"image":{"@id":"https:\/\/haberkuzey.com\/index.php\/2025\/04\/24\/istanbullular-geceyi-disarida-gecirdi\/#primaryimage"},"thumbnailUrl":"https:\/\/haberkuzey.com\/wp-content\/uploads\/2025\/04\/23422.jpg","articleSection":["D\u00fcnya"],"inLanguage":"tr","potentialAction":[{"@type":"CommentAction","name":"Comment","target":["https:\/\/haberkuzey.com\/index.php\/2025\/04\/24\/istanbullular-geceyi-disarida-gecirdi\/#respond"]}]},{"@type":"WebPage","@id":"https:\/\/haberkuzey.com\/index.php\/2025\/04\/24\/istanbullular-geceyi-disarida-gecirdi\/","url":"https:\/\/haberkuzey.com\/index.php\/2025\/04\/24\/istanbullular-geceyi-disarida-gecirdi\/","name":"\u0130stanbullular geceyi d\u0131\u015far\u0131da ge\u00e7irdi - Haber Kuzey","isPartOf":{"@id":"https:\/\/haberkuzey.com\/#website"},"primaryImageOfPage":{"@id":"https:\/\/haberkuzey.com\/index.php\/2025\/04\/24\/istanbullular-geceyi-disarida-gecirdi\/#primaryimage"},"image":{"@id":"https:\/\/haberkuzey.com\/index.php\/2025\/04\/24\/istanbullular-geceyi-disarida-gecirdi\/#primaryimage"},"thumbnailUrl":"https:\/\/haberkuzey.com\/wp-content\/uploads\/2025\/04\/23422.jpg","datePublished":"2025-04-24T04:22:31+00:00","author":{"@id":"https:\/\/haberkuzey.com\/#\/schema\/person\/3372109ec735f9333f4fa47ebb9605ca"},"breadcrumb":{"@id":"https:\/\/haberkuzey.com\/index.php\/2025\/04\/24\/istanbullular-geceyi-disarida-gecirdi\/#breadcrumb"},"inLanguage":"tr","potentialAction":[{"@type":"ReadAction","target":["https:\/\/haberkuzey.com\/index.php\/2025\/04\/24\/istanbullular-geceyi-disarida-gecirdi\/"]}]},{"@type":"ImageObject","inLanguage":"tr","@id":"https:\/\/haberkuzey.com\/index.php\/2025\/04\/24\/istanbullular-geceyi-disarida-gecirdi\/#primaryimage","url":"https:\/\/haberkuzey.com\/wp-content\/uploads\/2025\/04\/23422.jpg","contentUrl":"https:\/\/haberkuzey.com\/wp-content\/uploads\/2025\/04\/23422.jpg","width":800,"height":450},{"@type":"BreadcrumbList","@id":"https:\/\/haberkuzey.com\/index.php\/2025\/04\/24\/istanbullular-geceyi-disarida-gecirdi\/#breadcrumb","itemListElement":[{"@type":"ListItem","position":1,"name":"Anasayfa","item":"https:\/\/haberkuzey.com\/"},{"@type":"ListItem","position":2,"name":"\u0130stanbullular geceyi d\u0131\u015far\u0131da ge\u00e7irdi"}]},{"@type":"WebSite","@id":"https:\/\/haberkuzey.com\/#website","url":"https:\/\/haberkuzey.com\/","name":"Haber Kuzey","description":"Do\u011fru Haberin Adresi","potentialAction":[{"@type":"SearchAction","target":{"@type":"EntryPoint","urlTemplate":"https:\/\/haberkuzey.com\/?s={search_term_string}"},"query-input":{"@type":"PropertyValueSpecification","valueRequired":true,"valueName":"search_term_string"}}],"inLanguage":"tr"},{"@type":"Person","@id":"https:\/\/haberkuzey.com\/#\/schema\/person\/3372109ec735f9333f4fa47ebb9605ca","name":"haberkuzey","image":{"@type":"ImageObject","inLanguage":"tr","@id":"https:\/\/secure.gravatar.com\/avatar\/f5fc875574b1575324358c3b9e6a32b8227aa5b74f3fa22e3cadb63e26fcc39c?s=96&d=mm&r=g","url":"https:\/\/secure.gravatar.com\/avatar\/f5fc875574b1575324358c3b9e6a32b8227aa5b74f3fa22e3cadb63e26fcc39c?s=96&d=mm&r=g","contentUrl":"https:\/\/secure.gravatar.com\/avatar\/f5fc875574b1575324358c3b9e6a32b8227aa5b74f3fa22e3cadb63e26fcc39c?s=96&d=mm&r=g","caption":"haberkuzey"},"sameAs":["https:\/\/haberkuzey.com"],"url":"https:\/\/haberkuzey.com\/index.php\/author\/haberkuzey\/"}]}},"_links":{"self":[{"href":"https:\/\/haberkuzey.com\/index.php\/wp-json\/wp\/v2\/posts\/22600","targetHints":{"allow":["GET"]}}],"collection":[{"href":"https:\/\/haberkuzey.com\/index.php\/wp-json\/wp\/v2\/posts"}],"about":[{"href":"https:\/\/haberkuzey.com\/index.php\/wp-json\/wp\/v2\/types\/post"}],"author":[{"embeddable":true,"href":"https:\/\/haberkuzey.com\/index.php\/wp-json\/wp\/v2\/users\/1"}],"replies":[{"embeddable":true,"href":"https:\/\/haberkuzey.com\/index.php\/wp-json\/wp\/v2\/comments?post=22600"}],"version-history":[{"count":0,"href":"https:\/\/haberkuzey.com\/index.php\/wp-json\/wp\/v2\/posts\/22600\/revisions"}],"wp:featuredmedia":[{"embeddable":true,"href":"https:\/\/haberkuzey.com\/index.php\/wp-json\/wp\/v2\/media\/22601"}],"wp:attachment":[{"href":"https:\/\/haberkuzey.com\/index.php\/wp-json\/wp\/v2\/media?parent=22600"}],"wp:term":[{"taxonomy":"category","embeddable":true,"href":"https:\/\/haberkuzey.com\/index.php\/wp-json\/wp\/v2\/categories?post=22600"},{"taxonomy":"post_tag","embeddable":true,"href":"https:\/\/haberkuzey.com\/index.php\/wp-json\/wp\/v2\/tags?post=22600"}],"curies":[{"name":"wp","href":"https:\/\/api.w.org\/{rel}","templated":true}]}}