{"id":22590,"date":"2025-04-23T19:54:31","date_gmt":"2025-04-23T16:54:31","guid":{"rendered":"https:\/\/haberkuzey.com\/index.php\/2025\/04\/23\/ozturklerkurtulmusa-gecmis-olsun-dileklerini-iletti\/"},"modified":"2025-04-23T19:54:31","modified_gmt":"2025-04-23T16:54:31","slug":"ozturklerkurtulmusa-gecmis-olsun-dileklerini-iletti","status":"publish","type":"post","link":"https:\/\/haberkuzey.com\/index.php\/2025\/04\/23\/ozturklerkurtulmusa-gecmis-olsun-dileklerini-iletti\/","title":{"rendered":"\u00d6zt\u00fcrkler,Kurtulmu\u015f\u2019a ge\u00e7mi\u015f olsun dileklerini iletti"},"content":{"rendered":"<div>\n<div class=\"mariselle-image-container center\">\n                                            <\/div>\n<p>Cumhuriyet Meclisi Ba\u015fkan\u0131 Ziya \u00d6zt\u00fcrkler, \u0130stanbul\u2019da meydana gelen deprem sonras\u0131 T\u00fcrkiye B\u00fcy\u00fck Millet Meclisi Ba\u015fkan\u0131 Prof.Dr. Numan Kurtulmu\u015f\u2019u telefonla arayarak ge\u00e7mi\u015f olsun dileklerini iletti. <\/p>\n<p>\u00d6zt\u00fcrkler, Anavatan T\u00fcrkiye\u2019nin ya\u015fad\u0131\u011f\u0131 bu sars\u0131nt\u0131n\u0131n \u00fcz\u00fcnt\u00fcs\u00fcn\u00fc derin bir \u015fekilde payla\u015ft\u0131klar\u0131n\u0131 belirterek, hafif yaralanmalar d\u0131\u015f\u0131nda can kayb\u0131n\u0131n olmamas\u0131n\u0131n en b\u00fcy\u00fck tesellileri oldu\u011funu ifade etti.  <\/p>\n<p> K\u0131br\u0131s T\u00fcrk halk\u0131n\u0131n ve Cumhuriyet Meclisi\u2019ne mensup milletvekillerinin ge\u00e7mi\u015f olsun dileklerini ve selamlar\u0131n\u0131 ileten \u00d6zt\u00fcrkler, depremden etkilenen t\u00fcm vatanda\u015flara dayan\u0131\u015fma ve destek mesaj\u0131 g\u00f6nderdi.<\/p>\n<p>\u00d6zt\u00fcrkler, Kuzey K\u0131br\u0131s T\u00fcrk Cumhuriyeti ile T\u00fcrkiye aras\u0131ndaki g\u00fc\u00e7l\u00fc ba\u011flar\u0131n b\u00f6yle zorlu d\u00f6nemlerde daha da g\u00fc\u00e7lendi\u011fini dile getirdi.<\/p>\n<\/p><\/div>\n<p><script async\n                    defer\n                    crossorigin=\"anonymous\"\n                    src=\"https:\/\/connect.facebook.net\/tr_TR\/sdk.js#xfbml=1&#038;version=v3.3\"\n            ><\/script><\/p>\n","protected":false},"excerpt":{"rendered":"<p>Cumhuriyet Meclisi Ba\u015fkan\u0131 Ziya \u00d6zt\u00fcrkler, \u0130stanbul\u2019da meydana gelen deprem sonras\u0131 T\u00fcrkiye B\u00fcy\u00fck Millet Meclisi Ba\u015fkan\u0131 Prof.Dr. Numan Kurtulmu\u015f\u2019u telefonla arayarak ge\u00e7mi\u015f olsun dileklerini iletti. \u00d6zt\u00fcrkler, Anavatan T\u00fcrkiye\u2019nin ya\u015fad\u0131\u011f\u0131 bu sars\u0131nt\u0131n\u0131n \u00fcz\u00fcnt\u00fcs\u00fcn\u00fc derin bir \u015fekilde payla\u015ft\u0131klar\u0131n\u0131 belirterek, hafif yaralanmalar d\u0131\u015f\u0131nda can kayb\u0131n\u0131n olmamas\u0131n\u0131n en b\u00fcy\u00fck tesellileri oldu\u011funu ifade etti. K\u0131br\u0131s T\u00fcrk halk\u0131n\u0131n ve Cumhuriyet Meclisi\u2019ne mensup [&hellip;]<\/p>\n","protected":false},"author":1,"featured_media":22591,"comment_status":"open","ping_status":"open","sticky":false,"template":"","format":"standard","meta":{"jnews-multi-image_gallery":[],"jnews_single_post":[],"jnews_primary_category":[],"footnotes":""},"categories":[2],"tags":[],"class_list":["post-22590","post","type-post","status-publish","format-standard","has-post-thumbnail","hentry","category-dunya"],"yoast_head":"<!-- This site is optimized with the Yoast SEO plugin v27.5 - https:\/\/yoast.com\/product\/yoast-seo-wordpress\/ -->\n<title>\u00d6zt\u00fcrkler,Kurtulmu\u015f\u2019a ge\u00e7mi\u015f olsun dileklerini iletti - Haber Kuzey<\/title>\n<meta name=\"robots\" content=\"index, follow, max-snippet:-1, max-image-preview:large, max-video-preview:-1\" \/>\n<link rel=\"canonical\" href=\"https:\/\/haberkuzey.com\/index.php\/2025\/04\/23\/ozturklerkurtulmusa-gecmis-olsun-dileklerini-iletti\/\" \/>\n<meta property=\"og:locale\" content=\"tr_TR\" \/>\n<meta property=\"og:type\" content=\"article\" \/>\n<meta property=\"og:title\" content=\"\u00d6zt\u00fcrkler,Kurtulmu\u015f\u2019a ge\u00e7mi\u015f olsun dileklerini iletti - Haber Kuzey\" \/>\n<meta property=\"og:description\" content=\"Cumhuriyet Meclisi Ba\u015fkan\u0131 Ziya \u00d6zt\u00fcrkler, \u0130stanbul\u2019da meydana gelen deprem sonras\u0131 T\u00fcrkiye B\u00fcy\u00fck Millet Meclisi Ba\u015fkan\u0131 Prof.Dr. Numan Kurtulmu\u015f\u2019u telefonla arayarak ge\u00e7mi\u015f olsun dileklerini iletti. \u00d6zt\u00fcrkler, Anavatan T\u00fcrkiye\u2019nin ya\u015fad\u0131\u011f\u0131 bu sars\u0131nt\u0131n\u0131n \u00fcz\u00fcnt\u00fcs\u00fcn\u00fc derin bir \u015fekilde payla\u015ft\u0131klar\u0131n\u0131 belirterek, hafif yaralanmalar d\u0131\u015f\u0131nda can kayb\u0131n\u0131n olmamas\u0131n\u0131n en b\u00fcy\u00fck tesellileri oldu\u011funu ifade etti. K\u0131br\u0131s T\u00fcrk halk\u0131n\u0131n ve Cumhuriyet Meclisi\u2019ne mensup [&hellip;]\" \/>\n<meta property=\"og:url\" content=\"https:\/\/haberkuzey.com\/index.php\/2025\/04\/23\/ozturklerkurtulmusa-gecmis-olsun-dileklerini-iletti\/\" \/>\n<meta property=\"og:site_name\" content=\"Haber Kuzey\" \/>\n<meta property=\"article:published_time\" content=\"2025-04-23T16:54:31+00:00\" \/>\n<meta property=\"og:image\" content=\"https:\/\/brtk.net\/wp-content\/uploads\/2025\/04\/23\/IMG-20250423-WA0069.jpg?ver=a7ad00ba11475f73440184e6efa91c9d\" \/>\n<meta name=\"author\" content=\"haberkuzey\" \/>\n<meta name=\"twitter:card\" content=\"summary_large_image\" \/>\n<meta name=\"twitter:label1\" content=\"Yazan:\" \/>\n\t<meta name=\"twitter:data1\" content=\"haberkuzey\" \/>\n\t<meta name=\"twitter:label2\" content=\"Tahmini okuma s\u00fcresi\" \/>\n\t<meta name=\"twitter:data2\" content=\"1 dakika\" \/>\n<script type=\"application\/ld+json\" class=\"yoast-schema-graph\">{\"@context\":\"https:\\\/\\\/schema.org\",\"@graph\":[{\"@type\":\"Article\",\"@id\":\"https:\\\/\\\/haberkuzey.com\\\/index.php\\\/2025\\\/04\\\/23\\\/ozturklerkurtulmusa-gecmis-olsun-dileklerini-iletti\\\/#article\",\"isPartOf\":{\"@id\":\"https:\\\/\\\/haberkuzey.com\\\/index.php\\\/2025\\\/04\\\/23\\\/ozturklerkurtulmusa-gecmis-olsun-dileklerini-iletti\\\/\"},\"author\":{\"name\":\"haberkuzey\",\"@id\":\"https:\\\/\\\/haberkuzey.com\\\/#\\\/schema\\\/person\\\/3372109ec735f9333f4fa47ebb9605ca\"},\"headline\":\"\u00d6zt\u00fcrkler,Kurtulmu\u015f\u2019a ge\u00e7mi\u015f olsun dileklerini iletti\",\"datePublished\":\"2025-04-23T16:54:31+00:00\",\"mainEntityOfPage\":{\"@id\":\"https:\\\/\\\/haberkuzey.com\\\/index.php\\\/2025\\\/04\\\/23\\\/ozturklerkurtulmusa-gecmis-olsun-dileklerini-iletti\\\/\"},\"wordCount\":156,\"commentCount\":0,\"image\":{\"@id\":\"https:\\\/\\\/haberkuzey.com\\\/index.php\\\/2025\\\/04\\\/23\\\/ozturklerkurtulmusa-gecmis-olsun-dileklerini-iletti\\\/#primaryimage\"},\"thumbnailUrl\":\"https:\\\/\\\/haberkuzey.com\\\/wp-content\\\/uploads\\\/2025\\\/04\\\/IMG-20250423-WA0069.jpg\",\"articleSection\":[\"D\u00fcnya\"],\"inLanguage\":\"tr\",\"potentialAction\":[{\"@type\":\"CommentAction\",\"name\":\"Comment\",\"target\":[\"https:\\\/\\\/haberkuzey.com\\\/index.php\\\/2025\\\/04\\\/23\\\/ozturklerkurtulmusa-gecmis-olsun-dileklerini-iletti\\\/#respond\"]}]},{\"@type\":\"WebPage\",\"@id\":\"https:\\\/\\\/haberkuzey.com\\\/index.php\\\/2025\\\/04\\\/23\\\/ozturklerkurtulmusa-gecmis-olsun-dileklerini-iletti\\\/\",\"url\":\"https:\\\/\\\/haberkuzey.com\\\/index.php\\\/2025\\\/04\\\/23\\\/ozturklerkurtulmusa-gecmis-olsun-dileklerini-iletti\\\/\",\"name\":\"\u00d6zt\u00fcrkler,Kurtulmu\u015f\u2019a ge\u00e7mi\u015f olsun dileklerini iletti - Haber Kuzey\",\"isPartOf\":{\"@id\":\"https:\\\/\\\/haberkuzey.com\\\/#website\"},\"primaryImageOfPage\":{\"@id\":\"https:\\\/\\\/haberkuzey.com\\\/index.php\\\/2025\\\/04\\\/23\\\/ozturklerkurtulmusa-gecmis-olsun-dileklerini-iletti\\\/#primaryimage\"},\"image\":{\"@id\":\"https:\\\/\\\/haberkuzey.com\\\/index.php\\\/2025\\\/04\\\/23\\\/ozturklerkurtulmusa-gecmis-olsun-dileklerini-iletti\\\/#primaryimage\"},\"thumbnailUrl\":\"https:\\\/\\\/haberkuzey.com\\\/wp-content\\\/uploads\\\/2025\\\/04\\\/IMG-20250423-WA0069.jpg\",\"datePublished\":\"2025-04-23T16:54:31+00:00\",\"author\":{\"@id\":\"https:\\\/\\\/haberkuzey.com\\\/#\\\/schema\\\/person\\\/3372109ec735f9333f4fa47ebb9605ca\"},\"breadcrumb\":{\"@id\":\"https:\\\/\\\/haberkuzey.com\\\/index.php\\\/2025\\\/04\\\/23\\\/ozturklerkurtulmusa-gecmis-olsun-dileklerini-iletti\\\/#breadcrumb\"},\"inLanguage\":\"tr\",\"potentialAction\":[{\"@type\":\"ReadAction\",\"target\":[\"https:\\\/\\\/haberkuzey.com\\\/index.php\\\/2025\\\/04\\\/23\\\/ozturklerkurtulmusa-gecmis-olsun-dileklerini-iletti\\\/\"]}]},{\"@type\":\"ImageObject\",\"inLanguage\":\"tr\",\"@id\":\"https:\\\/\\\/haberkuzey.com\\\/index.php\\\/2025\\\/04\\\/23\\\/ozturklerkurtulmusa-gecmis-olsun-dileklerini-iletti\\\/#primaryimage\",\"url\":\"https:\\\/\\\/haberkuzey.com\\\/wp-content\\\/uploads\\\/2025\\\/04\\\/IMG-20250423-WA0069.jpg\",\"contentUrl\":\"https:\\\/\\\/haberkuzey.com\\\/wp-content\\\/uploads\\\/2025\\\/04\\\/IMG-20250423-WA0069.jpg\",\"width\":971,\"height\":551},{\"@type\":\"BreadcrumbList\",\"@id\":\"https:\\\/\\\/haberkuzey.com\\\/index.php\\\/2025\\\/04\\\/23\\\/ozturklerkurtulmusa-gecmis-olsun-dileklerini-iletti\\\/#breadcrumb\",\"itemListElement\":[{\"@type\":\"ListItem\",\"position\":1,\"name\":\"Anasayfa\",\"item\":\"https:\\\/\\\/haberkuzey.com\\\/\"},{\"@type\":\"ListItem\",\"position\":2,\"name\":\"\u00d6zt\u00fcrkler,Kurtulmu\u015f\u2019a ge\u00e7mi\u015f olsun dileklerini iletti\"}]},{\"@type\":\"WebSite\",\"@id\":\"https:\\\/\\\/haberkuzey.com\\\/#website\",\"url\":\"https:\\\/\\\/haberkuzey.com\\\/\",\"name\":\"Haber Kuzey\",\"description\":\"Do\u011fru Haberin Adresi\",\"potentialAction\":[{\"@type\":\"SearchAction\",\"target\":{\"@type\":\"EntryPoint\",\"urlTemplate\":\"https:\\\/\\\/haberkuzey.com\\\/?s={search_term_string}\"},\"query-input\":{\"@type\":\"PropertyValueSpecification\",\"valueRequired\":true,\"valueName\":\"search_term_string\"}}],\"inLanguage\":\"tr\"},{\"@type\":\"Person\",\"@id\":\"https:\\\/\\\/haberkuzey.com\\\/#\\\/schema\\\/person\\\/3372109ec735f9333f4fa47ebb9605ca\",\"name\":\"haberkuzey\",\"image\":{\"@type\":\"ImageObject\",\"inLanguage\":\"tr\",\"@id\":\"https:\\\/\\\/secure.gravatar.com\\\/avatar\\\/f5fc875574b1575324358c3b9e6a32b8227aa5b74f3fa22e3cadb63e26fcc39c?s=96&d=mm&r=g\",\"url\":\"https:\\\/\\\/secure.gravatar.com\\\/avatar\\\/f5fc875574b1575324358c3b9e6a32b8227aa5b74f3fa22e3cadb63e26fcc39c?s=96&d=mm&r=g\",\"contentUrl\":\"https:\\\/\\\/secure.gravatar.com\\\/avatar\\\/f5fc875574b1575324358c3b9e6a32b8227aa5b74f3fa22e3cadb63e26fcc39c?s=96&d=mm&r=g\",\"caption\":\"haberkuzey\"},\"sameAs\":[\"https:\\\/\\\/haberkuzey.com\"],\"url\":\"https:\\\/\\\/haberkuzey.com\\\/index.php\\\/author\\\/haberkuzey\\\/\"}]}<\/script>\n<!-- \/ Yoast SEO plugin. -->","yoast_head_json":{"title":"\u00d6zt\u00fcrkler,Kurtulmu\u015f\u2019a ge\u00e7mi\u015f olsun dileklerini iletti - Haber Kuzey","robots":{"index":"index","follow":"follow","max-snippet":"max-snippet:-1","max-image-preview":"max-image-preview:large","max-video-preview":"max-video-preview:-1"},"canonical":"https:\/\/haberkuzey.com\/index.php\/2025\/04\/23\/ozturklerkurtulmusa-gecmis-olsun-dileklerini-iletti\/","og_locale":"tr_TR","og_type":"article","og_title":"\u00d6zt\u00fcrkler,Kurtulmu\u015f\u2019a ge\u00e7mi\u015f olsun dileklerini iletti - Haber Kuzey","og_description":"Cumhuriyet Meclisi Ba\u015fkan\u0131 Ziya \u00d6zt\u00fcrkler, \u0130stanbul\u2019da meydana gelen deprem sonras\u0131 T\u00fcrkiye B\u00fcy\u00fck Millet Meclisi Ba\u015fkan\u0131 Prof.Dr. Numan Kurtulmu\u015f\u2019u telefonla arayarak ge\u00e7mi\u015f olsun dileklerini iletti. \u00d6zt\u00fcrkler, Anavatan T\u00fcrkiye\u2019nin ya\u015fad\u0131\u011f\u0131 bu sars\u0131nt\u0131n\u0131n \u00fcz\u00fcnt\u00fcs\u00fcn\u00fc derin bir \u015fekilde payla\u015ft\u0131klar\u0131n\u0131 belirterek, hafif yaralanmalar d\u0131\u015f\u0131nda can kayb\u0131n\u0131n olmamas\u0131n\u0131n en b\u00fcy\u00fck tesellileri oldu\u011funu ifade etti. K\u0131br\u0131s T\u00fcrk halk\u0131n\u0131n ve Cumhuriyet Meclisi\u2019ne mensup [&hellip;]","og_url":"https:\/\/haberkuzey.com\/index.php\/2025\/04\/23\/ozturklerkurtulmusa-gecmis-olsun-dileklerini-iletti\/","og_site_name":"Haber Kuzey","article_published_time":"2025-04-23T16:54:31+00:00","og_image":[{"url":"https:\/\/brtk.net\/wp-content\/uploads\/2025\/04\/23\/IMG-20250423-WA0069.jpg?ver=a7ad00ba11475f73440184e6efa91c9d","type":"","width":"","height":""}],"author":"haberkuzey","twitter_card":"summary_large_image","twitter_misc":{"Yazan:":"haberkuzey","Tahmini okuma s\u00fcresi":"1 dakika"},"schema":{"@context":"https:\/\/schema.org","@graph":[{"@type":"Article","@id":"https:\/\/haberkuzey.com\/index.php\/2025\/04\/23\/ozturklerkurtulmusa-gecmis-olsun-dileklerini-iletti\/#article","isPartOf":{"@id":"https:\/\/haberkuzey.com\/index.php\/2025\/04\/23\/ozturklerkurtulmusa-gecmis-olsun-dileklerini-iletti\/"},"author":{"name":"haberkuzey","@id":"https:\/\/haberkuzey.com\/#\/schema\/person\/3372109ec735f9333f4fa47ebb9605ca"},"headline":"\u00d6zt\u00fcrkler,Kurtulmu\u015f\u2019a ge\u00e7mi\u015f olsun dileklerini iletti","datePublished":"2025-04-23T16:54:31+00:00","mainEntityOfPage":{"@id":"https:\/\/haberkuzey.com\/index.php\/2025\/04\/23\/ozturklerkurtulmusa-gecmis-olsun-dileklerini-iletti\/"},"wordCount":156,"commentCount":0,"image":{"@id":"https:\/\/haberkuzey.com\/index.php\/2025\/04\/23\/ozturklerkurtulmusa-gecmis-olsun-dileklerini-iletti\/#primaryimage"},"thumbnailUrl":"https:\/\/haberkuzey.com\/wp-content\/uploads\/2025\/04\/IMG-20250423-WA0069.jpg","articleSection":["D\u00fcnya"],"inLanguage":"tr","potentialAction":[{"@type":"CommentAction","name":"Comment","target":["https:\/\/haberkuzey.com\/index.php\/2025\/04\/23\/ozturklerkurtulmusa-gecmis-olsun-dileklerini-iletti\/#respond"]}]},{"@type":"WebPage","@id":"https:\/\/haberkuzey.com\/index.php\/2025\/04\/23\/ozturklerkurtulmusa-gecmis-olsun-dileklerini-iletti\/","url":"https:\/\/haberkuzey.com\/index.php\/2025\/04\/23\/ozturklerkurtulmusa-gecmis-olsun-dileklerini-iletti\/","name":"\u00d6zt\u00fcrkler,Kurtulmu\u015f\u2019a ge\u00e7mi\u015f olsun dileklerini iletti - Haber Kuzey","isPartOf":{"@id":"https:\/\/haberkuzey.com\/#website"},"primaryImageOfPage":{"@id":"https:\/\/haberkuzey.com\/index.php\/2025\/04\/23\/ozturklerkurtulmusa-gecmis-olsun-dileklerini-iletti\/#primaryimage"},"image":{"@id":"https:\/\/haberkuzey.com\/index.php\/2025\/04\/23\/ozturklerkurtulmusa-gecmis-olsun-dileklerini-iletti\/#primaryimage"},"thumbnailUrl":"https:\/\/haberkuzey.com\/wp-content\/uploads\/2025\/04\/IMG-20250423-WA0069.jpg","datePublished":"2025-04-23T16:54:31+00:00","author":{"@id":"https:\/\/haberkuzey.com\/#\/schema\/person\/3372109ec735f9333f4fa47ebb9605ca"},"breadcrumb":{"@id":"https:\/\/haberkuzey.com\/index.php\/2025\/04\/23\/ozturklerkurtulmusa-gecmis-olsun-dileklerini-iletti\/#breadcrumb"},"inLanguage":"tr","potentialAction":[{"@type":"ReadAction","target":["https:\/\/haberkuzey.com\/index.php\/2025\/04\/23\/ozturklerkurtulmusa-gecmis-olsun-dileklerini-iletti\/"]}]},{"@type":"ImageObject","inLanguage":"tr","@id":"https:\/\/haberkuzey.com\/index.php\/2025\/04\/23\/ozturklerkurtulmusa-gecmis-olsun-dileklerini-iletti\/#primaryimage","url":"https:\/\/haberkuzey.com\/wp-content\/uploads\/2025\/04\/IMG-20250423-WA0069.jpg","contentUrl":"https:\/\/haberkuzey.com\/wp-content\/uploads\/2025\/04\/IMG-20250423-WA0069.jpg","width":971,"height":551},{"@type":"BreadcrumbList","@id":"https:\/\/haberkuzey.com\/index.php\/2025\/04\/23\/ozturklerkurtulmusa-gecmis-olsun-dileklerini-iletti\/#breadcrumb","itemListElement":[{"@type":"ListItem","position":1,"name":"Anasayfa","item":"https:\/\/haberkuzey.com\/"},{"@type":"ListItem","position":2,"name":"\u00d6zt\u00fcrkler,Kurtulmu\u015f\u2019a ge\u00e7mi\u015f olsun dileklerini iletti"}]},{"@type":"WebSite","@id":"https:\/\/haberkuzey.com\/#website","url":"https:\/\/haberkuzey.com\/","name":"Haber Kuzey","description":"Do\u011fru Haberin Adresi","potentialAction":[{"@type":"SearchAction","target":{"@type":"EntryPoint","urlTemplate":"https:\/\/haberkuzey.com\/?s={search_term_string}"},"query-input":{"@type":"PropertyValueSpecification","valueRequired":true,"valueName":"search_term_string"}}],"inLanguage":"tr"},{"@type":"Person","@id":"https:\/\/haberkuzey.com\/#\/schema\/person\/3372109ec735f9333f4fa47ebb9605ca","name":"haberkuzey","image":{"@type":"ImageObject","inLanguage":"tr","@id":"https:\/\/secure.gravatar.com\/avatar\/f5fc875574b1575324358c3b9e6a32b8227aa5b74f3fa22e3cadb63e26fcc39c?s=96&d=mm&r=g","url":"https:\/\/secure.gravatar.com\/avatar\/f5fc875574b1575324358c3b9e6a32b8227aa5b74f3fa22e3cadb63e26fcc39c?s=96&d=mm&r=g","contentUrl":"https:\/\/secure.gravatar.com\/avatar\/f5fc875574b1575324358c3b9e6a32b8227aa5b74f3fa22e3cadb63e26fcc39c?s=96&d=mm&r=g","caption":"haberkuzey"},"sameAs":["https:\/\/haberkuzey.com"],"url":"https:\/\/haberkuzey.com\/index.php\/author\/haberkuzey\/"}]}},"_links":{"self":[{"href":"https:\/\/haberkuzey.com\/index.php\/wp-json\/wp\/v2\/posts\/22590","targetHints":{"allow":["GET"]}}],"collection":[{"href":"https:\/\/haberkuzey.com\/index.php\/wp-json\/wp\/v2\/posts"}],"about":[{"href":"https:\/\/haberkuzey.com\/index.php\/wp-json\/wp\/v2\/types\/post"}],"author":[{"embeddable":true,"href":"https:\/\/haberkuzey.com\/index.php\/wp-json\/wp\/v2\/users\/1"}],"replies":[{"embeddable":true,"href":"https:\/\/haberkuzey.com\/index.php\/wp-json\/wp\/v2\/comments?post=22590"}],"version-history":[{"count":0,"href":"https:\/\/haberkuzey.com\/index.php\/wp-json\/wp\/v2\/posts\/22590\/revisions"}],"wp:featuredmedia":[{"embeddable":true,"href":"https:\/\/haberkuzey.com\/index.php\/wp-json\/wp\/v2\/media\/22591"}],"wp:attachment":[{"href":"https:\/\/haberkuzey.com\/index.php\/wp-json\/wp\/v2\/media?parent=22590"}],"wp:term":[{"taxonomy":"category","embeddable":true,"href":"https:\/\/haberkuzey.com\/index.php\/wp-json\/wp\/v2\/categories?post=22590"},{"taxonomy":"post_tag","embeddable":true,"href":"https:\/\/haberkuzey.com\/index.php\/wp-json\/wp\/v2\/tags?post=22590"}],"curies":[{"name":"wp","href":"https:\/\/api.w.org\/{rel}","templated":true}]}}