{"id":22569,"date":"2025-04-23T16:53:52","date_gmt":"2025-04-23T13:53:52","guid":{"rendered":"https:\/\/haberkuzey.com\/index.php\/2025\/04\/23\/istanbuldaki-depremlerin-ardindan-afadda-kriz-merkezi-kuruldu\/"},"modified":"2025-04-23T16:53:52","modified_gmt":"2025-04-23T13:53:52","slug":"istanbuldaki-depremlerin-ardindan-afadda-kriz-merkezi-kuruldu","status":"publish","type":"post","link":"https:\/\/haberkuzey.com\/index.php\/2025\/04\/23\/istanbuldaki-depremlerin-ardindan-afadda-kriz-merkezi-kuruldu\/","title":{"rendered":"\u0130stanbul\u2019daki depremlerin ard\u0131ndan AFAD\u2019da kriz merkezi kuruldu"},"content":{"rendered":"<div>\n<div class=\"mariselle-image-container center\">\n                                            <\/div>\n<p>\u0130stanbul\u2019daki depremin ard\u0131ndan Vali Davut G\u00fcl\u2019\u00fcn ba\u015fkanl\u0131\u011f\u0131nda AFAD merkezinde kriz masas\u0131 kuruldu.<\/p>\n<p>Afet ve Acil Durum Y\u00f6netimi Ba\u015fkanl\u0131\u011f\u0131\u2019n\u0131n (AFAD) internet sitesinde yer alan bilgiye g\u00f6re, merkez \u00fcss\u00fc Marmara Denizi, \u0130stanbul\u2019un Silivri il\u00e7esi olan en k\u00fc\u00e7\u00fc\u011f\u00fc 3,9, en b\u00fcy\u00fc\u011f\u00fc 6,2 b\u00fcy\u00fckl\u00fc\u011f\u00fcnde \u00e7ok say\u0131da sars\u0131nt\u0131 kaydedildi.<\/p>\n<p>Art arda meydana gelen sars\u0131nt\u0131lar \u0130stanbul\u2019un yan\u0131 s\u0131ra \u00e7evre illerde de hissedildi.<br \/>Depremin ard\u0131ndan AFAD\u2019da, Vali G\u00fcl ve di\u011fer kamu kurum ve kurulu\u015flar\u0131n\u0131n yetkilileri ile uzmanlar, olu\u015fturulan kriz masas\u0131nda bir araya geldi.<\/p>\n<\/p><\/div>\n<p><script async\n                    defer\n                    crossorigin=\"anonymous\"\n                    src=\"https:\/\/connect.facebook.net\/tr_TR\/sdk.js#xfbml=1&#038;version=v3.3\"\n            ><\/script><\/p>\n","protected":false},"excerpt":{"rendered":"<p>\u0130stanbul\u2019daki depremin ard\u0131ndan Vali Davut G\u00fcl\u2019\u00fcn ba\u015fkanl\u0131\u011f\u0131nda AFAD merkezinde kriz masas\u0131 kuruldu. Afet ve Acil Durum Y\u00f6netimi Ba\u015fkanl\u0131\u011f\u0131\u2019n\u0131n (AFAD) internet sitesinde yer alan bilgiye g\u00f6re, merkez \u00fcss\u00fc Marmara Denizi, \u0130stanbul\u2019un Silivri il\u00e7esi olan en k\u00fc\u00e7\u00fc\u011f\u00fc 3,9, en b\u00fcy\u00fc\u011f\u00fc 6,2 b\u00fcy\u00fckl\u00fc\u011f\u00fcnde \u00e7ok say\u0131da sars\u0131nt\u0131 kaydedildi. Art arda meydana gelen sars\u0131nt\u0131lar \u0130stanbul\u2019un yan\u0131 s\u0131ra \u00e7evre illerde de [&hellip;]<\/p>\n","protected":false},"author":1,"featured_media":22570,"comment_status":"open","ping_status":"open","sticky":false,"template":"","format":"standard","meta":{"jnews-multi-image_gallery":[],"jnews_single_post":[],"jnews_primary_category":[],"footnotes":""},"categories":[2],"tags":[],"class_list":["post-22569","post","type-post","status-publish","format-standard","has-post-thumbnail","hentry","category-dunya"],"yoast_head":"<!-- This site is optimized with the Yoast SEO plugin v27.5 - https:\/\/yoast.com\/product\/yoast-seo-wordpress\/ -->\n<title>\u0130stanbul\u2019daki depremlerin ard\u0131ndan AFAD\u2019da kriz merkezi kuruldu - Haber Kuzey<\/title>\n<meta name=\"robots\" content=\"index, follow, max-snippet:-1, max-image-preview:large, max-video-preview:-1\" \/>\n<link rel=\"canonical\" href=\"https:\/\/haberkuzey.com\/index.php\/2025\/04\/23\/istanbuldaki-depremlerin-ardindan-afadda-kriz-merkezi-kuruldu\/\" \/>\n<meta property=\"og:locale\" content=\"tr_TR\" \/>\n<meta property=\"og:type\" content=\"article\" \/>\n<meta property=\"og:title\" content=\"\u0130stanbul\u2019daki depremlerin ard\u0131ndan AFAD\u2019da kriz merkezi kuruldu - Haber Kuzey\" \/>\n<meta property=\"og:description\" content=\"\u0130stanbul\u2019daki depremin ard\u0131ndan Vali Davut G\u00fcl\u2019\u00fcn ba\u015fkanl\u0131\u011f\u0131nda AFAD merkezinde kriz masas\u0131 kuruldu. Afet ve Acil Durum Y\u00f6netimi Ba\u015fkanl\u0131\u011f\u0131\u2019n\u0131n (AFAD) internet sitesinde yer alan bilgiye g\u00f6re, merkez \u00fcss\u00fc Marmara Denizi, \u0130stanbul\u2019un Silivri il\u00e7esi olan en k\u00fc\u00e7\u00fc\u011f\u00fc 3,9, en b\u00fcy\u00fc\u011f\u00fc 6,2 b\u00fcy\u00fckl\u00fc\u011f\u00fcnde \u00e7ok say\u0131da sars\u0131nt\u0131 kaydedildi. Art arda meydana gelen sars\u0131nt\u0131lar \u0130stanbul\u2019un yan\u0131 s\u0131ra \u00e7evre illerde de [&hellip;]\" \/>\n<meta property=\"og:url\" content=\"https:\/\/haberkuzey.com\/index.php\/2025\/04\/23\/istanbuldaki-depremlerin-ardindan-afadda-kriz-merkezi-kuruldu\/\" \/>\n<meta property=\"og:site_name\" content=\"Haber Kuzey\" \/>\n<meta property=\"article:published_time\" content=\"2025-04-23T13:53:52+00:00\" \/>\n<meta property=\"og:image\" content=\"https:\/\/brtk.net\/wp-content\/uploads\/2025\/04\/23\/kz.jpg?ver=103ab9bffc2de5ec375cc629dbb1f9c8\" \/>\n<meta name=\"author\" content=\"haberkuzey\" \/>\n<meta name=\"twitter:card\" content=\"summary_large_image\" \/>\n<meta name=\"twitter:label1\" content=\"Yazan:\" \/>\n\t<meta name=\"twitter:data1\" content=\"haberkuzey\" \/>\n\t<meta name=\"twitter:label2\" content=\"Tahmini okuma s\u00fcresi\" \/>\n\t<meta name=\"twitter:data2\" content=\"1 dakika\" \/>\n<script type=\"application\/ld+json\" class=\"yoast-schema-graph\">{\"@context\":\"https:\\\/\\\/schema.org\",\"@graph\":[{\"@type\":\"Article\",\"@id\":\"https:\\\/\\\/haberkuzey.com\\\/index.php\\\/2025\\\/04\\\/23\\\/istanbuldaki-depremlerin-ardindan-afadda-kriz-merkezi-kuruldu\\\/#article\",\"isPartOf\":{\"@id\":\"https:\\\/\\\/haberkuzey.com\\\/index.php\\\/2025\\\/04\\\/23\\\/istanbuldaki-depremlerin-ardindan-afadda-kriz-merkezi-kuruldu\\\/\"},\"author\":{\"name\":\"haberkuzey\",\"@id\":\"https:\\\/\\\/haberkuzey.com\\\/#\\\/schema\\\/person\\\/3372109ec735f9333f4fa47ebb9605ca\"},\"headline\":\"\u0130stanbul\u2019daki depremlerin ard\u0131ndan AFAD\u2019da kriz merkezi kuruldu\",\"datePublished\":\"2025-04-23T13:53:52+00:00\",\"mainEntityOfPage\":{\"@id\":\"https:\\\/\\\/haberkuzey.com\\\/index.php\\\/2025\\\/04\\\/23\\\/istanbuldaki-depremlerin-ardindan-afadda-kriz-merkezi-kuruldu\\\/\"},\"wordCount\":116,\"commentCount\":0,\"image\":{\"@id\":\"https:\\\/\\\/haberkuzey.com\\\/index.php\\\/2025\\\/04\\\/23\\\/istanbuldaki-depremlerin-ardindan-afadda-kriz-merkezi-kuruldu\\\/#primaryimage\"},\"thumbnailUrl\":\"https:\\\/\\\/haberkuzey.com\\\/wp-content\\\/uploads\\\/2025\\\/04\\\/kz.jpg\",\"articleSection\":[\"D\u00fcnya\"],\"inLanguage\":\"tr\",\"potentialAction\":[{\"@type\":\"CommentAction\",\"name\":\"Comment\",\"target\":[\"https:\\\/\\\/haberkuzey.com\\\/index.php\\\/2025\\\/04\\\/23\\\/istanbuldaki-depremlerin-ardindan-afadda-kriz-merkezi-kuruldu\\\/#respond\"]}]},{\"@type\":\"WebPage\",\"@id\":\"https:\\\/\\\/haberkuzey.com\\\/index.php\\\/2025\\\/04\\\/23\\\/istanbuldaki-depremlerin-ardindan-afadda-kriz-merkezi-kuruldu\\\/\",\"url\":\"https:\\\/\\\/haberkuzey.com\\\/index.php\\\/2025\\\/04\\\/23\\\/istanbuldaki-depremlerin-ardindan-afadda-kriz-merkezi-kuruldu\\\/\",\"name\":\"\u0130stanbul\u2019daki depremlerin ard\u0131ndan AFAD\u2019da kriz merkezi kuruldu - Haber Kuzey\",\"isPartOf\":{\"@id\":\"https:\\\/\\\/haberkuzey.com\\\/#website\"},\"primaryImageOfPage\":{\"@id\":\"https:\\\/\\\/haberkuzey.com\\\/index.php\\\/2025\\\/04\\\/23\\\/istanbuldaki-depremlerin-ardindan-afadda-kriz-merkezi-kuruldu\\\/#primaryimage\"},\"image\":{\"@id\":\"https:\\\/\\\/haberkuzey.com\\\/index.php\\\/2025\\\/04\\\/23\\\/istanbuldaki-depremlerin-ardindan-afadda-kriz-merkezi-kuruldu\\\/#primaryimage\"},\"thumbnailUrl\":\"https:\\\/\\\/haberkuzey.com\\\/wp-content\\\/uploads\\\/2025\\\/04\\\/kz.jpg\",\"datePublished\":\"2025-04-23T13:53:52+00:00\",\"author\":{\"@id\":\"https:\\\/\\\/haberkuzey.com\\\/#\\\/schema\\\/person\\\/3372109ec735f9333f4fa47ebb9605ca\"},\"breadcrumb\":{\"@id\":\"https:\\\/\\\/haberkuzey.com\\\/index.php\\\/2025\\\/04\\\/23\\\/istanbuldaki-depremlerin-ardindan-afadda-kriz-merkezi-kuruldu\\\/#breadcrumb\"},\"inLanguage\":\"tr\",\"potentialAction\":[{\"@type\":\"ReadAction\",\"target\":[\"https:\\\/\\\/haberkuzey.com\\\/index.php\\\/2025\\\/04\\\/23\\\/istanbuldaki-depremlerin-ardindan-afadda-kriz-merkezi-kuruldu\\\/\"]}]},{\"@type\":\"ImageObject\",\"inLanguage\":\"tr\",\"@id\":\"https:\\\/\\\/haberkuzey.com\\\/index.php\\\/2025\\\/04\\\/23\\\/istanbuldaki-depremlerin-ardindan-afadda-kriz-merkezi-kuruldu\\\/#primaryimage\",\"url\":\"https:\\\/\\\/haberkuzey.com\\\/wp-content\\\/uploads\\\/2025\\\/04\\\/kz.jpg\",\"contentUrl\":\"https:\\\/\\\/haberkuzey.com\\\/wp-content\\\/uploads\\\/2025\\\/04\\\/kz.jpg\",\"width\":800,\"height\":450},{\"@type\":\"BreadcrumbList\",\"@id\":\"https:\\\/\\\/haberkuzey.com\\\/index.php\\\/2025\\\/04\\\/23\\\/istanbuldaki-depremlerin-ardindan-afadda-kriz-merkezi-kuruldu\\\/#breadcrumb\",\"itemListElement\":[{\"@type\":\"ListItem\",\"position\":1,\"name\":\"Anasayfa\",\"item\":\"https:\\\/\\\/haberkuzey.com\\\/\"},{\"@type\":\"ListItem\",\"position\":2,\"name\":\"\u0130stanbul\u2019daki depremlerin ard\u0131ndan AFAD\u2019da kriz merkezi kuruldu\"}]},{\"@type\":\"WebSite\",\"@id\":\"https:\\\/\\\/haberkuzey.com\\\/#website\",\"url\":\"https:\\\/\\\/haberkuzey.com\\\/\",\"name\":\"Haber Kuzey\",\"description\":\"Do\u011fru Haberin Adresi\",\"potentialAction\":[{\"@type\":\"SearchAction\",\"target\":{\"@type\":\"EntryPoint\",\"urlTemplate\":\"https:\\\/\\\/haberkuzey.com\\\/?s={search_term_string}\"},\"query-input\":{\"@type\":\"PropertyValueSpecification\",\"valueRequired\":true,\"valueName\":\"search_term_string\"}}],\"inLanguage\":\"tr\"},{\"@type\":\"Person\",\"@id\":\"https:\\\/\\\/haberkuzey.com\\\/#\\\/schema\\\/person\\\/3372109ec735f9333f4fa47ebb9605ca\",\"name\":\"haberkuzey\",\"image\":{\"@type\":\"ImageObject\",\"inLanguage\":\"tr\",\"@id\":\"https:\\\/\\\/secure.gravatar.com\\\/avatar\\\/f5fc875574b1575324358c3b9e6a32b8227aa5b74f3fa22e3cadb63e26fcc39c?s=96&d=mm&r=g\",\"url\":\"https:\\\/\\\/secure.gravatar.com\\\/avatar\\\/f5fc875574b1575324358c3b9e6a32b8227aa5b74f3fa22e3cadb63e26fcc39c?s=96&d=mm&r=g\",\"contentUrl\":\"https:\\\/\\\/secure.gravatar.com\\\/avatar\\\/f5fc875574b1575324358c3b9e6a32b8227aa5b74f3fa22e3cadb63e26fcc39c?s=96&d=mm&r=g\",\"caption\":\"haberkuzey\"},\"sameAs\":[\"https:\\\/\\\/haberkuzey.com\"],\"url\":\"https:\\\/\\\/haberkuzey.com\\\/index.php\\\/author\\\/haberkuzey\\\/\"}]}<\/script>\n<!-- \/ Yoast SEO plugin. -->","yoast_head_json":{"title":"\u0130stanbul\u2019daki depremlerin ard\u0131ndan AFAD\u2019da kriz merkezi kuruldu - Haber Kuzey","robots":{"index":"index","follow":"follow","max-snippet":"max-snippet:-1","max-image-preview":"max-image-preview:large","max-video-preview":"max-video-preview:-1"},"canonical":"https:\/\/haberkuzey.com\/index.php\/2025\/04\/23\/istanbuldaki-depremlerin-ardindan-afadda-kriz-merkezi-kuruldu\/","og_locale":"tr_TR","og_type":"article","og_title":"\u0130stanbul\u2019daki depremlerin ard\u0131ndan AFAD\u2019da kriz merkezi kuruldu - Haber Kuzey","og_description":"\u0130stanbul\u2019daki depremin ard\u0131ndan Vali Davut G\u00fcl\u2019\u00fcn ba\u015fkanl\u0131\u011f\u0131nda AFAD merkezinde kriz masas\u0131 kuruldu. Afet ve Acil Durum Y\u00f6netimi Ba\u015fkanl\u0131\u011f\u0131\u2019n\u0131n (AFAD) internet sitesinde yer alan bilgiye g\u00f6re, merkez \u00fcss\u00fc Marmara Denizi, \u0130stanbul\u2019un Silivri il\u00e7esi olan en k\u00fc\u00e7\u00fc\u011f\u00fc 3,9, en b\u00fcy\u00fc\u011f\u00fc 6,2 b\u00fcy\u00fckl\u00fc\u011f\u00fcnde \u00e7ok say\u0131da sars\u0131nt\u0131 kaydedildi. Art arda meydana gelen sars\u0131nt\u0131lar \u0130stanbul\u2019un yan\u0131 s\u0131ra \u00e7evre illerde de [&hellip;]","og_url":"https:\/\/haberkuzey.com\/index.php\/2025\/04\/23\/istanbuldaki-depremlerin-ardindan-afadda-kriz-merkezi-kuruldu\/","og_site_name":"Haber Kuzey","article_published_time":"2025-04-23T13:53:52+00:00","og_image":[{"url":"https:\/\/brtk.net\/wp-content\/uploads\/2025\/04\/23\/kz.jpg?ver=103ab9bffc2de5ec375cc629dbb1f9c8","type":"","width":"","height":""}],"author":"haberkuzey","twitter_card":"summary_large_image","twitter_misc":{"Yazan:":"haberkuzey","Tahmini okuma s\u00fcresi":"1 dakika"},"schema":{"@context":"https:\/\/schema.org","@graph":[{"@type":"Article","@id":"https:\/\/haberkuzey.com\/index.php\/2025\/04\/23\/istanbuldaki-depremlerin-ardindan-afadda-kriz-merkezi-kuruldu\/#article","isPartOf":{"@id":"https:\/\/haberkuzey.com\/index.php\/2025\/04\/23\/istanbuldaki-depremlerin-ardindan-afadda-kriz-merkezi-kuruldu\/"},"author":{"name":"haberkuzey","@id":"https:\/\/haberkuzey.com\/#\/schema\/person\/3372109ec735f9333f4fa47ebb9605ca"},"headline":"\u0130stanbul\u2019daki depremlerin ard\u0131ndan AFAD\u2019da kriz merkezi kuruldu","datePublished":"2025-04-23T13:53:52+00:00","mainEntityOfPage":{"@id":"https:\/\/haberkuzey.com\/index.php\/2025\/04\/23\/istanbuldaki-depremlerin-ardindan-afadda-kriz-merkezi-kuruldu\/"},"wordCount":116,"commentCount":0,"image":{"@id":"https:\/\/haberkuzey.com\/index.php\/2025\/04\/23\/istanbuldaki-depremlerin-ardindan-afadda-kriz-merkezi-kuruldu\/#primaryimage"},"thumbnailUrl":"https:\/\/haberkuzey.com\/wp-content\/uploads\/2025\/04\/kz.jpg","articleSection":["D\u00fcnya"],"inLanguage":"tr","potentialAction":[{"@type":"CommentAction","name":"Comment","target":["https:\/\/haberkuzey.com\/index.php\/2025\/04\/23\/istanbuldaki-depremlerin-ardindan-afadda-kriz-merkezi-kuruldu\/#respond"]}]},{"@type":"WebPage","@id":"https:\/\/haberkuzey.com\/index.php\/2025\/04\/23\/istanbuldaki-depremlerin-ardindan-afadda-kriz-merkezi-kuruldu\/","url":"https:\/\/haberkuzey.com\/index.php\/2025\/04\/23\/istanbuldaki-depremlerin-ardindan-afadda-kriz-merkezi-kuruldu\/","name":"\u0130stanbul\u2019daki depremlerin ard\u0131ndan AFAD\u2019da kriz merkezi kuruldu - Haber Kuzey","isPartOf":{"@id":"https:\/\/haberkuzey.com\/#website"},"primaryImageOfPage":{"@id":"https:\/\/haberkuzey.com\/index.php\/2025\/04\/23\/istanbuldaki-depremlerin-ardindan-afadda-kriz-merkezi-kuruldu\/#primaryimage"},"image":{"@id":"https:\/\/haberkuzey.com\/index.php\/2025\/04\/23\/istanbuldaki-depremlerin-ardindan-afadda-kriz-merkezi-kuruldu\/#primaryimage"},"thumbnailUrl":"https:\/\/haberkuzey.com\/wp-content\/uploads\/2025\/04\/kz.jpg","datePublished":"2025-04-23T13:53:52+00:00","author":{"@id":"https:\/\/haberkuzey.com\/#\/schema\/person\/3372109ec735f9333f4fa47ebb9605ca"},"breadcrumb":{"@id":"https:\/\/haberkuzey.com\/index.php\/2025\/04\/23\/istanbuldaki-depremlerin-ardindan-afadda-kriz-merkezi-kuruldu\/#breadcrumb"},"inLanguage":"tr","potentialAction":[{"@type":"ReadAction","target":["https:\/\/haberkuzey.com\/index.php\/2025\/04\/23\/istanbuldaki-depremlerin-ardindan-afadda-kriz-merkezi-kuruldu\/"]}]},{"@type":"ImageObject","inLanguage":"tr","@id":"https:\/\/haberkuzey.com\/index.php\/2025\/04\/23\/istanbuldaki-depremlerin-ardindan-afadda-kriz-merkezi-kuruldu\/#primaryimage","url":"https:\/\/haberkuzey.com\/wp-content\/uploads\/2025\/04\/kz.jpg","contentUrl":"https:\/\/haberkuzey.com\/wp-content\/uploads\/2025\/04\/kz.jpg","width":800,"height":450},{"@type":"BreadcrumbList","@id":"https:\/\/haberkuzey.com\/index.php\/2025\/04\/23\/istanbuldaki-depremlerin-ardindan-afadda-kriz-merkezi-kuruldu\/#breadcrumb","itemListElement":[{"@type":"ListItem","position":1,"name":"Anasayfa","item":"https:\/\/haberkuzey.com\/"},{"@type":"ListItem","position":2,"name":"\u0130stanbul\u2019daki depremlerin ard\u0131ndan AFAD\u2019da kriz merkezi kuruldu"}]},{"@type":"WebSite","@id":"https:\/\/haberkuzey.com\/#website","url":"https:\/\/haberkuzey.com\/","name":"Haber Kuzey","description":"Do\u011fru Haberin Adresi","potentialAction":[{"@type":"SearchAction","target":{"@type":"EntryPoint","urlTemplate":"https:\/\/haberkuzey.com\/?s={search_term_string}"},"query-input":{"@type":"PropertyValueSpecification","valueRequired":true,"valueName":"search_term_string"}}],"inLanguage":"tr"},{"@type":"Person","@id":"https:\/\/haberkuzey.com\/#\/schema\/person\/3372109ec735f9333f4fa47ebb9605ca","name":"haberkuzey","image":{"@type":"ImageObject","inLanguage":"tr","@id":"https:\/\/secure.gravatar.com\/avatar\/f5fc875574b1575324358c3b9e6a32b8227aa5b74f3fa22e3cadb63e26fcc39c?s=96&d=mm&r=g","url":"https:\/\/secure.gravatar.com\/avatar\/f5fc875574b1575324358c3b9e6a32b8227aa5b74f3fa22e3cadb63e26fcc39c?s=96&d=mm&r=g","contentUrl":"https:\/\/secure.gravatar.com\/avatar\/f5fc875574b1575324358c3b9e6a32b8227aa5b74f3fa22e3cadb63e26fcc39c?s=96&d=mm&r=g","caption":"haberkuzey"},"sameAs":["https:\/\/haberkuzey.com"],"url":"https:\/\/haberkuzey.com\/index.php\/author\/haberkuzey\/"}]}},"_links":{"self":[{"href":"https:\/\/haberkuzey.com\/index.php\/wp-json\/wp\/v2\/posts\/22569","targetHints":{"allow":["GET"]}}],"collection":[{"href":"https:\/\/haberkuzey.com\/index.php\/wp-json\/wp\/v2\/posts"}],"about":[{"href":"https:\/\/haberkuzey.com\/index.php\/wp-json\/wp\/v2\/types\/post"}],"author":[{"embeddable":true,"href":"https:\/\/haberkuzey.com\/index.php\/wp-json\/wp\/v2\/users\/1"}],"replies":[{"embeddable":true,"href":"https:\/\/haberkuzey.com\/index.php\/wp-json\/wp\/v2\/comments?post=22569"}],"version-history":[{"count":0,"href":"https:\/\/haberkuzey.com\/index.php\/wp-json\/wp\/v2\/posts\/22569\/revisions"}],"wp:featuredmedia":[{"embeddable":true,"href":"https:\/\/haberkuzey.com\/index.php\/wp-json\/wp\/v2\/media\/22570"}],"wp:attachment":[{"href":"https:\/\/haberkuzey.com\/index.php\/wp-json\/wp\/v2\/media?parent=22569"}],"wp:term":[{"taxonomy":"category","embeddable":true,"href":"https:\/\/haberkuzey.com\/index.php\/wp-json\/wp\/v2\/categories?post=22569"},{"taxonomy":"post_tag","embeddable":true,"href":"https:\/\/haberkuzey.com\/index.php\/wp-json\/wp\/v2\/tags?post=22569"}],"curies":[{"name":"wp","href":"https:\/\/api.w.org\/{rel}","templated":true}]}}