{"id":22563,"date":"2025-04-23T16:43:22","date_gmt":"2025-04-23T13:43:22","guid":{"rendered":"https:\/\/haberkuzey.com\/index.php\/2025\/04\/23\/yok-baskani-ozvar-kktcde-temaslarda-bulunacak\/"},"modified":"2025-04-23T16:43:22","modified_gmt":"2025-04-23T13:43:22","slug":"yok-baskani-ozvar-kktcde-temaslarda-bulunacak","status":"publish","type":"post","link":"https:\/\/haberkuzey.com\/index.php\/2025\/04\/23\/yok-baskani-ozvar-kktcde-temaslarda-bulunacak\/","title":{"rendered":"Y\u00d6K Ba\u015fkan\u0131 \u00d6zvar KKTC\u2019de temaslarda bulunacak"},"content":{"rendered":"<div>\n<div class=\"mariselle-image-container center\">\n                                            <\/div>\n<p>Y\u00fcksek\u00f6\u011fretim Kurulu (Y\u00d6K) Ba\u015fkan\u0131 Erol \u00d6zvar yar\u0131n KKTC\u2019de temaslarda bulunacak.<\/p>\n<p>Milli E\u011fitim Bakan\u0131 Naz\u0131m \u00c7avu\u015fo\u011flu\u2019nun daveti \u00fczerine bug\u00fcn KKTC\u2019ye gelen temaslarda bulunup, \u00fcniversitelerin rekt\u00f6rleriyle bir araya gelecek.<\/p>\n<p>\u00d6zvar ayr\u0131ca Y\u00fcksek\u00f6\u011fretim Kurulu, Milli E\u011fitim Bakanl\u0131\u011f\u0131 ve Y\u00d6DAK aras\u0131nda yap\u0131lacak geni\u015fletilmi\u015f \u00fcniversiteler toplant\u0131s\u0131na kat\u0131lacak.<\/p>\n<p>Y\u00d6K\u2019ten yap\u0131lan a\u00e7\u0131klamaya g\u00f6re, \u00d6zvar yar\u0131n ilk olarak saat 10.00 Milli E\u011fitim Bakan\u0131 Naz\u0131m \u00c7avu\u015fo\u011flu\u2019nu ziyaret edecek. \u00d6zvar, 10.30\u2019da yap\u0131lacak MEB-Y\u00d6K-Y\u00d6DAK-Y\u00d6KAK \u00dcniversiteler Geni\u015fletilmi\u015f Toplant\u0131\u2019na kat\u0131lacak.<\/p>\n<p>Y\u00d6DAK ile 12.40\u2019ta g\u00f6r\u00fc\u015fecek olan \u00d6zvar, 14.00\u2019te Ba\u015fbakan\u0131 \u00dcnal \u00dcstel\u2019i, 15.00\u2019te de Cumhurba\u015fkan\u0131 Ersin Tatar\u2019\u0131 ziyaret edecek.<\/p>\n<\/p><\/div>\n<p><script async\n                    defer\n                    crossorigin=\"anonymous\"\n                    src=\"https:\/\/connect.facebook.net\/tr_TR\/sdk.js#xfbml=1&#038;version=v3.3\"\n            ><\/script><\/p>\n","protected":false},"excerpt":{"rendered":"<p>Y\u00fcksek\u00f6\u011fretim Kurulu (Y\u00d6K) Ba\u015fkan\u0131 Erol \u00d6zvar yar\u0131n KKTC\u2019de temaslarda bulunacak. Milli E\u011fitim Bakan\u0131 Naz\u0131m \u00c7avu\u015fo\u011flu\u2019nun daveti \u00fczerine bug\u00fcn KKTC\u2019ye gelen temaslarda bulunup, \u00fcniversitelerin rekt\u00f6rleriyle bir araya gelecek. \u00d6zvar ayr\u0131ca Y\u00fcksek\u00f6\u011fretim Kurulu, Milli E\u011fitim Bakanl\u0131\u011f\u0131 ve Y\u00d6DAK aras\u0131nda yap\u0131lacak geni\u015fletilmi\u015f \u00fcniversiteler toplant\u0131s\u0131na kat\u0131lacak. Y\u00d6K\u2019ten yap\u0131lan a\u00e7\u0131klamaya g\u00f6re, \u00d6zvar yar\u0131n ilk olarak saat 10.00 Milli E\u011fitim Bakan\u0131 [&hellip;]<\/p>\n","protected":false},"author":1,"featured_media":22564,"comment_status":"open","ping_status":"open","sticky":false,"template":"","format":"standard","meta":{"jnews-multi-image_gallery":[],"jnews_single_post":[],"jnews_primary_category":[],"footnotes":""},"categories":[2],"tags":[],"class_list":["post-22563","post","type-post","status-publish","format-standard","has-post-thumbnail","hentry","category-dunya"],"yoast_head":"<!-- This site is optimized with the Yoast SEO plugin v27.5 - https:\/\/yoast.com\/product\/yoast-seo-wordpress\/ -->\n<title>Y\u00d6K Ba\u015fkan\u0131 \u00d6zvar KKTC\u2019de temaslarda bulunacak - Haber Kuzey<\/title>\n<meta name=\"robots\" content=\"index, follow, max-snippet:-1, max-image-preview:large, max-video-preview:-1\" \/>\n<link rel=\"canonical\" href=\"https:\/\/haberkuzey.com\/index.php\/2025\/04\/23\/yok-baskani-ozvar-kktcde-temaslarda-bulunacak\/\" \/>\n<meta property=\"og:locale\" content=\"tr_TR\" \/>\n<meta property=\"og:type\" content=\"article\" \/>\n<meta property=\"og:title\" content=\"Y\u00d6K Ba\u015fkan\u0131 \u00d6zvar KKTC\u2019de temaslarda bulunacak - Haber Kuzey\" \/>\n<meta property=\"og:description\" content=\"Y\u00fcksek\u00f6\u011fretim Kurulu (Y\u00d6K) Ba\u015fkan\u0131 Erol \u00d6zvar yar\u0131n KKTC\u2019de temaslarda bulunacak. Milli E\u011fitim Bakan\u0131 Naz\u0131m \u00c7avu\u015fo\u011flu\u2019nun daveti \u00fczerine bug\u00fcn KKTC\u2019ye gelen temaslarda bulunup, \u00fcniversitelerin rekt\u00f6rleriyle bir araya gelecek. \u00d6zvar ayr\u0131ca Y\u00fcksek\u00f6\u011fretim Kurulu, Milli E\u011fitim Bakanl\u0131\u011f\u0131 ve Y\u00d6DAK aras\u0131nda yap\u0131lacak geni\u015fletilmi\u015f \u00fcniversiteler toplant\u0131s\u0131na kat\u0131lacak. Y\u00d6K\u2019ten yap\u0131lan a\u00e7\u0131klamaya g\u00f6re, \u00d6zvar yar\u0131n ilk olarak saat 10.00 Milli E\u011fitim Bakan\u0131 [&hellip;]\" \/>\n<meta property=\"og:url\" content=\"https:\/\/haberkuzey.com\/index.php\/2025\/04\/23\/yok-baskani-ozvar-kktcde-temaslarda-bulunacak\/\" \/>\n<meta property=\"og:site_name\" content=\"Haber Kuzey\" \/>\n<meta property=\"article:published_time\" content=\"2025-04-23T13:43:22+00:00\" \/>\n<meta property=\"og:image\" content=\"https:\/\/brtk.net\/wp-content\/uploads\/2025\/04\/23\/174541455288601-Yuksekogretim-Kurulu-Baskani-Erol-Ozvar.jpeg?ver=ef30d49e2f81743e0c493d5354605a2f\" \/>\n<meta name=\"author\" content=\"haberkuzey\" \/>\n<meta name=\"twitter:card\" content=\"summary_large_image\" \/>\n<meta name=\"twitter:label1\" content=\"Yazan:\" \/>\n\t<meta name=\"twitter:data1\" content=\"haberkuzey\" \/>\n\t<meta name=\"twitter:label2\" content=\"Tahmini okuma s\u00fcresi\" \/>\n\t<meta name=\"twitter:data2\" content=\"1 dakika\" \/>\n<script type=\"application\/ld+json\" class=\"yoast-schema-graph\">{\"@context\":\"https:\\\/\\\/schema.org\",\"@graph\":[{\"@type\":\"Article\",\"@id\":\"https:\\\/\\\/haberkuzey.com\\\/index.php\\\/2025\\\/04\\\/23\\\/yok-baskani-ozvar-kktcde-temaslarda-bulunacak\\\/#article\",\"isPartOf\":{\"@id\":\"https:\\\/\\\/haberkuzey.com\\\/index.php\\\/2025\\\/04\\\/23\\\/yok-baskani-ozvar-kktcde-temaslarda-bulunacak\\\/\"},\"author\":{\"name\":\"haberkuzey\",\"@id\":\"https:\\\/\\\/haberkuzey.com\\\/#\\\/schema\\\/person\\\/3372109ec735f9333f4fa47ebb9605ca\"},\"headline\":\"Y\u00d6K Ba\u015fkan\u0131 \u00d6zvar KKTC\u2019de temaslarda bulunacak\",\"datePublished\":\"2025-04-23T13:43:22+00:00\",\"mainEntityOfPage\":{\"@id\":\"https:\\\/\\\/haberkuzey.com\\\/index.php\\\/2025\\\/04\\\/23\\\/yok-baskani-ozvar-kktcde-temaslarda-bulunacak\\\/\"},\"wordCount\":141,\"commentCount\":0,\"image\":{\"@id\":\"https:\\\/\\\/haberkuzey.com\\\/index.php\\\/2025\\\/04\\\/23\\\/yok-baskani-ozvar-kktcde-temaslarda-bulunacak\\\/#primaryimage\"},\"thumbnailUrl\":\"https:\\\/\\\/haberkuzey.com\\\/wp-content\\\/uploads\\\/2025\\\/04\\\/174541455288601-Yuksekogretim-Kurulu-Baskani-Erol-Ozvar.jpeg\",\"articleSection\":[\"D\u00fcnya\"],\"inLanguage\":\"tr\",\"potentialAction\":[{\"@type\":\"CommentAction\",\"name\":\"Comment\",\"target\":[\"https:\\\/\\\/haberkuzey.com\\\/index.php\\\/2025\\\/04\\\/23\\\/yok-baskani-ozvar-kktcde-temaslarda-bulunacak\\\/#respond\"]}]},{\"@type\":\"WebPage\",\"@id\":\"https:\\\/\\\/haberkuzey.com\\\/index.php\\\/2025\\\/04\\\/23\\\/yok-baskani-ozvar-kktcde-temaslarda-bulunacak\\\/\",\"url\":\"https:\\\/\\\/haberkuzey.com\\\/index.php\\\/2025\\\/04\\\/23\\\/yok-baskani-ozvar-kktcde-temaslarda-bulunacak\\\/\",\"name\":\"Y\u00d6K Ba\u015fkan\u0131 \u00d6zvar KKTC\u2019de temaslarda bulunacak - Haber Kuzey\",\"isPartOf\":{\"@id\":\"https:\\\/\\\/haberkuzey.com\\\/#website\"},\"primaryImageOfPage\":{\"@id\":\"https:\\\/\\\/haberkuzey.com\\\/index.php\\\/2025\\\/04\\\/23\\\/yok-baskani-ozvar-kktcde-temaslarda-bulunacak\\\/#primaryimage\"},\"image\":{\"@id\":\"https:\\\/\\\/haberkuzey.com\\\/index.php\\\/2025\\\/04\\\/23\\\/yok-baskani-ozvar-kktcde-temaslarda-bulunacak\\\/#primaryimage\"},\"thumbnailUrl\":\"https:\\\/\\\/haberkuzey.com\\\/wp-content\\\/uploads\\\/2025\\\/04\\\/174541455288601-Yuksekogretim-Kurulu-Baskani-Erol-Ozvar.jpeg\",\"datePublished\":\"2025-04-23T13:43:22+00:00\",\"author\":{\"@id\":\"https:\\\/\\\/haberkuzey.com\\\/#\\\/schema\\\/person\\\/3372109ec735f9333f4fa47ebb9605ca\"},\"breadcrumb\":{\"@id\":\"https:\\\/\\\/haberkuzey.com\\\/index.php\\\/2025\\\/04\\\/23\\\/yok-baskani-ozvar-kktcde-temaslarda-bulunacak\\\/#breadcrumb\"},\"inLanguage\":\"tr\",\"potentialAction\":[{\"@type\":\"ReadAction\",\"target\":[\"https:\\\/\\\/haberkuzey.com\\\/index.php\\\/2025\\\/04\\\/23\\\/yok-baskani-ozvar-kktcde-temaslarda-bulunacak\\\/\"]}]},{\"@type\":\"ImageObject\",\"inLanguage\":\"tr\",\"@id\":\"https:\\\/\\\/haberkuzey.com\\\/index.php\\\/2025\\\/04\\\/23\\\/yok-baskani-ozvar-kktcde-temaslarda-bulunacak\\\/#primaryimage\",\"url\":\"https:\\\/\\\/haberkuzey.com\\\/wp-content\\\/uploads\\\/2025\\\/04\\\/174541455288601-Yuksekogretim-Kurulu-Baskani-Erol-Ozvar.jpeg\",\"contentUrl\":\"https:\\\/\\\/haberkuzey.com\\\/wp-content\\\/uploads\\\/2025\\\/04\\\/174541455288601-Yuksekogretim-Kurulu-Baskani-Erol-Ozvar.jpeg\",\"width\":1508,\"height\":1600},{\"@type\":\"BreadcrumbList\",\"@id\":\"https:\\\/\\\/haberkuzey.com\\\/index.php\\\/2025\\\/04\\\/23\\\/yok-baskani-ozvar-kktcde-temaslarda-bulunacak\\\/#breadcrumb\",\"itemListElement\":[{\"@type\":\"ListItem\",\"position\":1,\"name\":\"Anasayfa\",\"item\":\"https:\\\/\\\/haberkuzey.com\\\/\"},{\"@type\":\"ListItem\",\"position\":2,\"name\":\"Y\u00d6K Ba\u015fkan\u0131 \u00d6zvar KKTC\u2019de temaslarda bulunacak\"}]},{\"@type\":\"WebSite\",\"@id\":\"https:\\\/\\\/haberkuzey.com\\\/#website\",\"url\":\"https:\\\/\\\/haberkuzey.com\\\/\",\"name\":\"Haber Kuzey\",\"description\":\"Do\u011fru Haberin Adresi\",\"potentialAction\":[{\"@type\":\"SearchAction\",\"target\":{\"@type\":\"EntryPoint\",\"urlTemplate\":\"https:\\\/\\\/haberkuzey.com\\\/?s={search_term_string}\"},\"query-input\":{\"@type\":\"PropertyValueSpecification\",\"valueRequired\":true,\"valueName\":\"search_term_string\"}}],\"inLanguage\":\"tr\"},{\"@type\":\"Person\",\"@id\":\"https:\\\/\\\/haberkuzey.com\\\/#\\\/schema\\\/person\\\/3372109ec735f9333f4fa47ebb9605ca\",\"name\":\"haberkuzey\",\"image\":{\"@type\":\"ImageObject\",\"inLanguage\":\"tr\",\"@id\":\"https:\\\/\\\/secure.gravatar.com\\\/avatar\\\/f5fc875574b1575324358c3b9e6a32b8227aa5b74f3fa22e3cadb63e26fcc39c?s=96&d=mm&r=g\",\"url\":\"https:\\\/\\\/secure.gravatar.com\\\/avatar\\\/f5fc875574b1575324358c3b9e6a32b8227aa5b74f3fa22e3cadb63e26fcc39c?s=96&d=mm&r=g\",\"contentUrl\":\"https:\\\/\\\/secure.gravatar.com\\\/avatar\\\/f5fc875574b1575324358c3b9e6a32b8227aa5b74f3fa22e3cadb63e26fcc39c?s=96&d=mm&r=g\",\"caption\":\"haberkuzey\"},\"sameAs\":[\"https:\\\/\\\/haberkuzey.com\"],\"url\":\"https:\\\/\\\/haberkuzey.com\\\/index.php\\\/author\\\/haberkuzey\\\/\"}]}<\/script>\n<!-- \/ Yoast SEO plugin. -->","yoast_head_json":{"title":"Y\u00d6K Ba\u015fkan\u0131 \u00d6zvar KKTC\u2019de temaslarda bulunacak - Haber Kuzey","robots":{"index":"index","follow":"follow","max-snippet":"max-snippet:-1","max-image-preview":"max-image-preview:large","max-video-preview":"max-video-preview:-1"},"canonical":"https:\/\/haberkuzey.com\/index.php\/2025\/04\/23\/yok-baskani-ozvar-kktcde-temaslarda-bulunacak\/","og_locale":"tr_TR","og_type":"article","og_title":"Y\u00d6K Ba\u015fkan\u0131 \u00d6zvar KKTC\u2019de temaslarda bulunacak - Haber Kuzey","og_description":"Y\u00fcksek\u00f6\u011fretim Kurulu (Y\u00d6K) Ba\u015fkan\u0131 Erol \u00d6zvar yar\u0131n KKTC\u2019de temaslarda bulunacak. Milli E\u011fitim Bakan\u0131 Naz\u0131m \u00c7avu\u015fo\u011flu\u2019nun daveti \u00fczerine bug\u00fcn KKTC\u2019ye gelen temaslarda bulunup, \u00fcniversitelerin rekt\u00f6rleriyle bir araya gelecek. \u00d6zvar ayr\u0131ca Y\u00fcksek\u00f6\u011fretim Kurulu, Milli E\u011fitim Bakanl\u0131\u011f\u0131 ve Y\u00d6DAK aras\u0131nda yap\u0131lacak geni\u015fletilmi\u015f \u00fcniversiteler toplant\u0131s\u0131na kat\u0131lacak. Y\u00d6K\u2019ten yap\u0131lan a\u00e7\u0131klamaya g\u00f6re, \u00d6zvar yar\u0131n ilk olarak saat 10.00 Milli E\u011fitim Bakan\u0131 [&hellip;]","og_url":"https:\/\/haberkuzey.com\/index.php\/2025\/04\/23\/yok-baskani-ozvar-kktcde-temaslarda-bulunacak\/","og_site_name":"Haber Kuzey","article_published_time":"2025-04-23T13:43:22+00:00","og_image":[{"url":"https:\/\/brtk.net\/wp-content\/uploads\/2025\/04\/23\/174541455288601-Yuksekogretim-Kurulu-Baskani-Erol-Ozvar.jpeg?ver=ef30d49e2f81743e0c493d5354605a2f","type":"","width":"","height":""}],"author":"haberkuzey","twitter_card":"summary_large_image","twitter_misc":{"Yazan:":"haberkuzey","Tahmini okuma s\u00fcresi":"1 dakika"},"schema":{"@context":"https:\/\/schema.org","@graph":[{"@type":"Article","@id":"https:\/\/haberkuzey.com\/index.php\/2025\/04\/23\/yok-baskani-ozvar-kktcde-temaslarda-bulunacak\/#article","isPartOf":{"@id":"https:\/\/haberkuzey.com\/index.php\/2025\/04\/23\/yok-baskani-ozvar-kktcde-temaslarda-bulunacak\/"},"author":{"name":"haberkuzey","@id":"https:\/\/haberkuzey.com\/#\/schema\/person\/3372109ec735f9333f4fa47ebb9605ca"},"headline":"Y\u00d6K Ba\u015fkan\u0131 \u00d6zvar KKTC\u2019de temaslarda bulunacak","datePublished":"2025-04-23T13:43:22+00:00","mainEntityOfPage":{"@id":"https:\/\/haberkuzey.com\/index.php\/2025\/04\/23\/yok-baskani-ozvar-kktcde-temaslarda-bulunacak\/"},"wordCount":141,"commentCount":0,"image":{"@id":"https:\/\/haberkuzey.com\/index.php\/2025\/04\/23\/yok-baskani-ozvar-kktcde-temaslarda-bulunacak\/#primaryimage"},"thumbnailUrl":"https:\/\/haberkuzey.com\/wp-content\/uploads\/2025\/04\/174541455288601-Yuksekogretim-Kurulu-Baskani-Erol-Ozvar.jpeg","articleSection":["D\u00fcnya"],"inLanguage":"tr","potentialAction":[{"@type":"CommentAction","name":"Comment","target":["https:\/\/haberkuzey.com\/index.php\/2025\/04\/23\/yok-baskani-ozvar-kktcde-temaslarda-bulunacak\/#respond"]}]},{"@type":"WebPage","@id":"https:\/\/haberkuzey.com\/index.php\/2025\/04\/23\/yok-baskani-ozvar-kktcde-temaslarda-bulunacak\/","url":"https:\/\/haberkuzey.com\/index.php\/2025\/04\/23\/yok-baskani-ozvar-kktcde-temaslarda-bulunacak\/","name":"Y\u00d6K Ba\u015fkan\u0131 \u00d6zvar KKTC\u2019de temaslarda bulunacak - Haber Kuzey","isPartOf":{"@id":"https:\/\/haberkuzey.com\/#website"},"primaryImageOfPage":{"@id":"https:\/\/haberkuzey.com\/index.php\/2025\/04\/23\/yok-baskani-ozvar-kktcde-temaslarda-bulunacak\/#primaryimage"},"image":{"@id":"https:\/\/haberkuzey.com\/index.php\/2025\/04\/23\/yok-baskani-ozvar-kktcde-temaslarda-bulunacak\/#primaryimage"},"thumbnailUrl":"https:\/\/haberkuzey.com\/wp-content\/uploads\/2025\/04\/174541455288601-Yuksekogretim-Kurulu-Baskani-Erol-Ozvar.jpeg","datePublished":"2025-04-23T13:43:22+00:00","author":{"@id":"https:\/\/haberkuzey.com\/#\/schema\/person\/3372109ec735f9333f4fa47ebb9605ca"},"breadcrumb":{"@id":"https:\/\/haberkuzey.com\/index.php\/2025\/04\/23\/yok-baskani-ozvar-kktcde-temaslarda-bulunacak\/#breadcrumb"},"inLanguage":"tr","potentialAction":[{"@type":"ReadAction","target":["https:\/\/haberkuzey.com\/index.php\/2025\/04\/23\/yok-baskani-ozvar-kktcde-temaslarda-bulunacak\/"]}]},{"@type":"ImageObject","inLanguage":"tr","@id":"https:\/\/haberkuzey.com\/index.php\/2025\/04\/23\/yok-baskani-ozvar-kktcde-temaslarda-bulunacak\/#primaryimage","url":"https:\/\/haberkuzey.com\/wp-content\/uploads\/2025\/04\/174541455288601-Yuksekogretim-Kurulu-Baskani-Erol-Ozvar.jpeg","contentUrl":"https:\/\/haberkuzey.com\/wp-content\/uploads\/2025\/04\/174541455288601-Yuksekogretim-Kurulu-Baskani-Erol-Ozvar.jpeg","width":1508,"height":1600},{"@type":"BreadcrumbList","@id":"https:\/\/haberkuzey.com\/index.php\/2025\/04\/23\/yok-baskani-ozvar-kktcde-temaslarda-bulunacak\/#breadcrumb","itemListElement":[{"@type":"ListItem","position":1,"name":"Anasayfa","item":"https:\/\/haberkuzey.com\/"},{"@type":"ListItem","position":2,"name":"Y\u00d6K Ba\u015fkan\u0131 \u00d6zvar KKTC\u2019de temaslarda bulunacak"}]},{"@type":"WebSite","@id":"https:\/\/haberkuzey.com\/#website","url":"https:\/\/haberkuzey.com\/","name":"Haber Kuzey","description":"Do\u011fru Haberin Adresi","potentialAction":[{"@type":"SearchAction","target":{"@type":"EntryPoint","urlTemplate":"https:\/\/haberkuzey.com\/?s={search_term_string}"},"query-input":{"@type":"PropertyValueSpecification","valueRequired":true,"valueName":"search_term_string"}}],"inLanguage":"tr"},{"@type":"Person","@id":"https:\/\/haberkuzey.com\/#\/schema\/person\/3372109ec735f9333f4fa47ebb9605ca","name":"haberkuzey","image":{"@type":"ImageObject","inLanguage":"tr","@id":"https:\/\/secure.gravatar.com\/avatar\/f5fc875574b1575324358c3b9e6a32b8227aa5b74f3fa22e3cadb63e26fcc39c?s=96&d=mm&r=g","url":"https:\/\/secure.gravatar.com\/avatar\/f5fc875574b1575324358c3b9e6a32b8227aa5b74f3fa22e3cadb63e26fcc39c?s=96&d=mm&r=g","contentUrl":"https:\/\/secure.gravatar.com\/avatar\/f5fc875574b1575324358c3b9e6a32b8227aa5b74f3fa22e3cadb63e26fcc39c?s=96&d=mm&r=g","caption":"haberkuzey"},"sameAs":["https:\/\/haberkuzey.com"],"url":"https:\/\/haberkuzey.com\/index.php\/author\/haberkuzey\/"}]}},"_links":{"self":[{"href":"https:\/\/haberkuzey.com\/index.php\/wp-json\/wp\/v2\/posts\/22563","targetHints":{"allow":["GET"]}}],"collection":[{"href":"https:\/\/haberkuzey.com\/index.php\/wp-json\/wp\/v2\/posts"}],"about":[{"href":"https:\/\/haberkuzey.com\/index.php\/wp-json\/wp\/v2\/types\/post"}],"author":[{"embeddable":true,"href":"https:\/\/haberkuzey.com\/index.php\/wp-json\/wp\/v2\/users\/1"}],"replies":[{"embeddable":true,"href":"https:\/\/haberkuzey.com\/index.php\/wp-json\/wp\/v2\/comments?post=22563"}],"version-history":[{"count":0,"href":"https:\/\/haberkuzey.com\/index.php\/wp-json\/wp\/v2\/posts\/22563\/revisions"}],"wp:featuredmedia":[{"embeddable":true,"href":"https:\/\/haberkuzey.com\/index.php\/wp-json\/wp\/v2\/media\/22564"}],"wp:attachment":[{"href":"https:\/\/haberkuzey.com\/index.php\/wp-json\/wp\/v2\/media?parent=22563"}],"wp:term":[{"taxonomy":"category","embeddable":true,"href":"https:\/\/haberkuzey.com\/index.php\/wp-json\/wp\/v2\/categories?post=22563"},{"taxonomy":"post_tag","embeddable":true,"href":"https:\/\/haberkuzey.com\/index.php\/wp-json\/wp\/v2\/tags?post=22563"}],"curies":[{"name":"wp","href":"https:\/\/api.w.org\/{rel}","templated":true}]}}