{"id":22552,"date":"2025-04-23T15:23:06","date_gmt":"2025-04-23T12:23:06","guid":{"rendered":"https:\/\/haberkuzey.com\/index.php\/2025\/04\/23\/erdogan-avrupa-konseyi-genel-sekreteri-berseti-kabul-etti\/"},"modified":"2025-04-23T15:23:06","modified_gmt":"2025-04-23T12:23:06","slug":"erdogan-avrupa-konseyi-genel-sekreteri-berseti-kabul-etti","status":"publish","type":"post","link":"https:\/\/haberkuzey.com\/index.php\/2025\/04\/23\/erdogan-avrupa-konseyi-genel-sekreteri-berseti-kabul-etti\/","title":{"rendered":"Erdo\u011fan, Avrupa Konseyi Genel Sekreteri Berset\u2019i kabul etti"},"content":{"rendered":"<div>\n<div class=\"mariselle-image-container center\">\n                                            <\/div>\n<p>T\u00fcrkiye Cumhurba\u015fkan\u0131 Recep Tayyip Erdo\u011fan, Avrupa Konseyi Genel Sekreteri Alain Berset\u2019i kabul etti.<\/p>\n<p>TC Cumhurba\u015fkanl\u0131\u011f\u0131 \u0130leti\u015fim Ba\u015fkanl\u0131\u011f\u0131ndan yap\u0131lan a\u00e7\u0131klamaya g\u00f6re, Cumhurba\u015fkanl\u0131\u011f\u0131 K\u00fclliyesi\u2019nde ger\u00e7ekle\u015fen kabulde, b\u00f6lgesel ve k\u00fcresel konular ele al\u0131nd\u0131.<\/p>\n<p>Erdo\u011fan g\u00f6r\u00fc\u015fmede, T\u00fcrkiye\u2019nin Avrupa Konseyi ile yap\u0131c\u0131 diyalog ve etkile\u015fime \u00f6nem verdi\u011fini, Konsey ve di\u011fer uluslararas\u0131 insan haklar\u0131 mekanizmalar\u0131yla i\u015fbirli\u011fini s\u00fcrd\u00fcrd\u00fc\u011f\u00fcn\u00fc belirtti.<\/p>\n<p>Son d\u00f6nemde Avrupa\u2019da art\u0131\u015f g\u00f6steren \u0131rk\u00e7\u0131l\u0131k, \u0130slam kar\u015f\u0131tl\u0131\u011f\u0131 ve yabanc\u0131 d\u00fc\u015fmanl\u0131\u011f\u0131n\u0131n tedirgin edici oldu\u011funa i\u015faret eden Erdo\u011fan, bunlarla m\u00fccadelede Avrupa Konseyi\u2019nden daha fazla hassasiyet beklendi\u011fini kaydetti.<\/p>\n<p>Erdo\u011fan, \u0130srail\u2019in Gazze\u2019de katliamlar\u0131na devam etti\u011fini hat\u0131rlatarak, \u0130srail sald\u0131rganl\u0131\u011f\u0131na kar\u015f\u0131 Avrupa\u2019dan uluslararas\u0131 hukuk ve insan haklar\u0131na sahip \u00e7\u0131kan g\u00fc\u00e7l\u00fc bir ses beklendi\u011fini ifade etti.<\/p>\n<p>G\u00f6r\u00fc\u015fmede, Cumhurba\u015fkan\u0131 Erdo\u011fan\u2019a, T\u00fcrkiye\u2019nin D\u0131\u015fi\u015fleri Bakan\u0131 Hakan Fidan, Cumhurba\u015fkanl\u0131\u011f\u0131 \u0130leti\u015fim Ba\u015fkan\u0131 Fahrettin Altun ve Cumhurba\u015fkan\u0131 D\u0131\u015f Politika ve G\u00fcvenlik Ba\u015fdan\u0131\u015fman\u0131 Akif \u00c7a\u011fatay K\u0131l\u0131\u00e7 e\u015flik etti.<\/p>\n<\/p><\/div>\n<p><script async\n                    defer\n                    crossorigin=\"anonymous\"\n                    src=\"https:\/\/connect.facebook.net\/tr_TR\/sdk.js#xfbml=1&#038;version=v3.3\"\n            ><\/script><\/p>\n","protected":false},"excerpt":{"rendered":"<p>T\u00fcrkiye Cumhurba\u015fkan\u0131 Recep Tayyip Erdo\u011fan, Avrupa Konseyi Genel Sekreteri Alain Berset\u2019i kabul etti. TC Cumhurba\u015fkanl\u0131\u011f\u0131 \u0130leti\u015fim Ba\u015fkanl\u0131\u011f\u0131ndan yap\u0131lan a\u00e7\u0131klamaya g\u00f6re, Cumhurba\u015fkanl\u0131\u011f\u0131 K\u00fclliyesi\u2019nde ger\u00e7ekle\u015fen kabulde, b\u00f6lgesel ve k\u00fcresel konular ele al\u0131nd\u0131. Erdo\u011fan g\u00f6r\u00fc\u015fmede, T\u00fcrkiye\u2019nin Avrupa Konseyi ile yap\u0131c\u0131 diyalog ve etkile\u015fime \u00f6nem verdi\u011fini, Konsey ve di\u011fer uluslararas\u0131 insan haklar\u0131 mekanizmalar\u0131yla i\u015fbirli\u011fini s\u00fcrd\u00fcrd\u00fc\u011f\u00fcn\u00fc belirtti. Son d\u00f6nemde Avrupa\u2019da [&hellip;]<\/p>\n","protected":false},"author":1,"featured_media":22553,"comment_status":"open","ping_status":"open","sticky":false,"template":"","format":"standard","meta":{"jnews-multi-image_gallery":[],"jnews_single_post":[],"jnews_primary_category":[],"footnotes":""},"categories":[2],"tags":[],"class_list":["post-22552","post","type-post","status-publish","format-standard","has-post-thumbnail","hentry","category-dunya"],"yoast_head":"<!-- This site is optimized with the Yoast SEO plugin v27.5 - https:\/\/yoast.com\/product\/yoast-seo-wordpress\/ -->\n<title>Erdo\u011fan, Avrupa Konseyi Genel Sekreteri Berset\u2019i kabul etti - Haber Kuzey<\/title>\n<meta name=\"robots\" content=\"index, follow, max-snippet:-1, max-image-preview:large, max-video-preview:-1\" \/>\n<link rel=\"canonical\" href=\"https:\/\/haberkuzey.com\/index.php\/2025\/04\/23\/erdogan-avrupa-konseyi-genel-sekreteri-berseti-kabul-etti\/\" \/>\n<meta property=\"og:locale\" content=\"tr_TR\" \/>\n<meta property=\"og:type\" content=\"article\" \/>\n<meta property=\"og:title\" content=\"Erdo\u011fan, Avrupa Konseyi Genel Sekreteri Berset\u2019i kabul etti - Haber Kuzey\" \/>\n<meta property=\"og:description\" content=\"T\u00fcrkiye Cumhurba\u015fkan\u0131 Recep Tayyip Erdo\u011fan, Avrupa Konseyi Genel Sekreteri Alain Berset\u2019i kabul etti. TC Cumhurba\u015fkanl\u0131\u011f\u0131 \u0130leti\u015fim Ba\u015fkanl\u0131\u011f\u0131ndan yap\u0131lan a\u00e7\u0131klamaya g\u00f6re, Cumhurba\u015fkanl\u0131\u011f\u0131 K\u00fclliyesi\u2019nde ger\u00e7ekle\u015fen kabulde, b\u00f6lgesel ve k\u00fcresel konular ele al\u0131nd\u0131. Erdo\u011fan g\u00f6r\u00fc\u015fmede, T\u00fcrkiye\u2019nin Avrupa Konseyi ile yap\u0131c\u0131 diyalog ve etkile\u015fime \u00f6nem verdi\u011fini, Konsey ve di\u011fer uluslararas\u0131 insan haklar\u0131 mekanizmalar\u0131yla i\u015fbirli\u011fini s\u00fcrd\u00fcrd\u00fc\u011f\u00fcn\u00fc belirtti. Son d\u00f6nemde Avrupa\u2019da [&hellip;]\" \/>\n<meta property=\"og:url\" content=\"https:\/\/haberkuzey.com\/index.php\/2025\/04\/23\/erdogan-avrupa-konseyi-genel-sekreteri-berseti-kabul-etti\/\" \/>\n<meta property=\"og:site_name\" content=\"Haber Kuzey\" \/>\n<meta property=\"article:published_time\" content=\"2025-04-23T12:23:06+00:00\" \/>\n<meta property=\"og:image\" content=\"https:\/\/brtk.net\/wp-content\/uploads\/2025\/04\/23\/1745338579608GpJDRlQWoAAfal4.jpg?ver=e8d9dd654be9eb36155080a10f40cafa\" \/>\n<meta name=\"author\" content=\"haberkuzey\" \/>\n<meta name=\"twitter:card\" content=\"summary_large_image\" \/>\n<meta name=\"twitter:label1\" content=\"Yazan:\" \/>\n\t<meta name=\"twitter:data1\" content=\"haberkuzey\" \/>\n\t<meta name=\"twitter:label2\" content=\"Tahmini okuma s\u00fcresi\" \/>\n\t<meta name=\"twitter:data2\" content=\"1 dakika\" \/>\n<script type=\"application\/ld+json\" class=\"yoast-schema-graph\">{\"@context\":\"https:\\\/\\\/schema.org\",\"@graph\":[{\"@type\":\"Article\",\"@id\":\"https:\\\/\\\/haberkuzey.com\\\/index.php\\\/2025\\\/04\\\/23\\\/erdogan-avrupa-konseyi-genel-sekreteri-berseti-kabul-etti\\\/#article\",\"isPartOf\":{\"@id\":\"https:\\\/\\\/haberkuzey.com\\\/index.php\\\/2025\\\/04\\\/23\\\/erdogan-avrupa-konseyi-genel-sekreteri-berseti-kabul-etti\\\/\"},\"author\":{\"name\":\"haberkuzey\",\"@id\":\"https:\\\/\\\/haberkuzey.com\\\/#\\\/schema\\\/person\\\/3372109ec735f9333f4fa47ebb9605ca\"},\"headline\":\"Erdo\u011fan, Avrupa Konseyi Genel Sekreteri Berset\u2019i kabul etti\",\"datePublished\":\"2025-04-23T12:23:06+00:00\",\"mainEntityOfPage\":{\"@id\":\"https:\\\/\\\/haberkuzey.com\\\/index.php\\\/2025\\\/04\\\/23\\\/erdogan-avrupa-konseyi-genel-sekreteri-berseti-kabul-etti\\\/\"},\"wordCount\":217,\"commentCount\":0,\"image\":{\"@id\":\"https:\\\/\\\/haberkuzey.com\\\/index.php\\\/2025\\\/04\\\/23\\\/erdogan-avrupa-konseyi-genel-sekreteri-berseti-kabul-etti\\\/#primaryimage\"},\"thumbnailUrl\":\"https:\\\/\\\/haberkuzey.com\\\/wp-content\\\/uploads\\\/2025\\\/04\\\/1745338579608GpJDRlQWoAAfal4.jpg\",\"articleSection\":[\"D\u00fcnya\"],\"inLanguage\":\"tr\",\"potentialAction\":[{\"@type\":\"CommentAction\",\"name\":\"Comment\",\"target\":[\"https:\\\/\\\/haberkuzey.com\\\/index.php\\\/2025\\\/04\\\/23\\\/erdogan-avrupa-konseyi-genel-sekreteri-berseti-kabul-etti\\\/#respond\"]}]},{\"@type\":\"WebPage\",\"@id\":\"https:\\\/\\\/haberkuzey.com\\\/index.php\\\/2025\\\/04\\\/23\\\/erdogan-avrupa-konseyi-genel-sekreteri-berseti-kabul-etti\\\/\",\"url\":\"https:\\\/\\\/haberkuzey.com\\\/index.php\\\/2025\\\/04\\\/23\\\/erdogan-avrupa-konseyi-genel-sekreteri-berseti-kabul-etti\\\/\",\"name\":\"Erdo\u011fan, Avrupa Konseyi Genel Sekreteri Berset\u2019i kabul etti - Haber Kuzey\",\"isPartOf\":{\"@id\":\"https:\\\/\\\/haberkuzey.com\\\/#website\"},\"primaryImageOfPage\":{\"@id\":\"https:\\\/\\\/haberkuzey.com\\\/index.php\\\/2025\\\/04\\\/23\\\/erdogan-avrupa-konseyi-genel-sekreteri-berseti-kabul-etti\\\/#primaryimage\"},\"image\":{\"@id\":\"https:\\\/\\\/haberkuzey.com\\\/index.php\\\/2025\\\/04\\\/23\\\/erdogan-avrupa-konseyi-genel-sekreteri-berseti-kabul-etti\\\/#primaryimage\"},\"thumbnailUrl\":\"https:\\\/\\\/haberkuzey.com\\\/wp-content\\\/uploads\\\/2025\\\/04\\\/1745338579608GpJDRlQWoAAfal4.jpg\",\"datePublished\":\"2025-04-23T12:23:06+00:00\",\"author\":{\"@id\":\"https:\\\/\\\/haberkuzey.com\\\/#\\\/schema\\\/person\\\/3372109ec735f9333f4fa47ebb9605ca\"},\"breadcrumb\":{\"@id\":\"https:\\\/\\\/haberkuzey.com\\\/index.php\\\/2025\\\/04\\\/23\\\/erdogan-avrupa-konseyi-genel-sekreteri-berseti-kabul-etti\\\/#breadcrumb\"},\"inLanguage\":\"tr\",\"potentialAction\":[{\"@type\":\"ReadAction\",\"target\":[\"https:\\\/\\\/haberkuzey.com\\\/index.php\\\/2025\\\/04\\\/23\\\/erdogan-avrupa-konseyi-genel-sekreteri-berseti-kabul-etti\\\/\"]}]},{\"@type\":\"ImageObject\",\"inLanguage\":\"tr\",\"@id\":\"https:\\\/\\\/haberkuzey.com\\\/index.php\\\/2025\\\/04\\\/23\\\/erdogan-avrupa-konseyi-genel-sekreteri-berseti-kabul-etti\\\/#primaryimage\",\"url\":\"https:\\\/\\\/haberkuzey.com\\\/wp-content\\\/uploads\\\/2025\\\/04\\\/1745338579608GpJDRlQWoAAfal4.jpg\",\"contentUrl\":\"https:\\\/\\\/haberkuzey.com\\\/wp-content\\\/uploads\\\/2025\\\/04\\\/1745338579608GpJDRlQWoAAfal4.jpg\",\"width\":2048,\"height\":1436},{\"@type\":\"BreadcrumbList\",\"@id\":\"https:\\\/\\\/haberkuzey.com\\\/index.php\\\/2025\\\/04\\\/23\\\/erdogan-avrupa-konseyi-genel-sekreteri-berseti-kabul-etti\\\/#breadcrumb\",\"itemListElement\":[{\"@type\":\"ListItem\",\"position\":1,\"name\":\"Anasayfa\",\"item\":\"https:\\\/\\\/haberkuzey.com\\\/\"},{\"@type\":\"ListItem\",\"position\":2,\"name\":\"Erdo\u011fan, Avrupa Konseyi Genel Sekreteri Berset\u2019i kabul etti\"}]},{\"@type\":\"WebSite\",\"@id\":\"https:\\\/\\\/haberkuzey.com\\\/#website\",\"url\":\"https:\\\/\\\/haberkuzey.com\\\/\",\"name\":\"Haber Kuzey\",\"description\":\"Do\u011fru Haberin Adresi\",\"potentialAction\":[{\"@type\":\"SearchAction\",\"target\":{\"@type\":\"EntryPoint\",\"urlTemplate\":\"https:\\\/\\\/haberkuzey.com\\\/?s={search_term_string}\"},\"query-input\":{\"@type\":\"PropertyValueSpecification\",\"valueRequired\":true,\"valueName\":\"search_term_string\"}}],\"inLanguage\":\"tr\"},{\"@type\":\"Person\",\"@id\":\"https:\\\/\\\/haberkuzey.com\\\/#\\\/schema\\\/person\\\/3372109ec735f9333f4fa47ebb9605ca\",\"name\":\"haberkuzey\",\"image\":{\"@type\":\"ImageObject\",\"inLanguage\":\"tr\",\"@id\":\"https:\\\/\\\/secure.gravatar.com\\\/avatar\\\/f5fc875574b1575324358c3b9e6a32b8227aa5b74f3fa22e3cadb63e26fcc39c?s=96&d=mm&r=g\",\"url\":\"https:\\\/\\\/secure.gravatar.com\\\/avatar\\\/f5fc875574b1575324358c3b9e6a32b8227aa5b74f3fa22e3cadb63e26fcc39c?s=96&d=mm&r=g\",\"contentUrl\":\"https:\\\/\\\/secure.gravatar.com\\\/avatar\\\/f5fc875574b1575324358c3b9e6a32b8227aa5b74f3fa22e3cadb63e26fcc39c?s=96&d=mm&r=g\",\"caption\":\"haberkuzey\"},\"sameAs\":[\"https:\\\/\\\/haberkuzey.com\"],\"url\":\"https:\\\/\\\/haberkuzey.com\\\/index.php\\\/author\\\/haberkuzey\\\/\"}]}<\/script>\n<!-- \/ Yoast SEO plugin. -->","yoast_head_json":{"title":"Erdo\u011fan, Avrupa Konseyi Genel Sekreteri Berset\u2019i kabul etti - Haber Kuzey","robots":{"index":"index","follow":"follow","max-snippet":"max-snippet:-1","max-image-preview":"max-image-preview:large","max-video-preview":"max-video-preview:-1"},"canonical":"https:\/\/haberkuzey.com\/index.php\/2025\/04\/23\/erdogan-avrupa-konseyi-genel-sekreteri-berseti-kabul-etti\/","og_locale":"tr_TR","og_type":"article","og_title":"Erdo\u011fan, Avrupa Konseyi Genel Sekreteri Berset\u2019i kabul etti - Haber Kuzey","og_description":"T\u00fcrkiye Cumhurba\u015fkan\u0131 Recep Tayyip Erdo\u011fan, Avrupa Konseyi Genel Sekreteri Alain Berset\u2019i kabul etti. TC Cumhurba\u015fkanl\u0131\u011f\u0131 \u0130leti\u015fim Ba\u015fkanl\u0131\u011f\u0131ndan yap\u0131lan a\u00e7\u0131klamaya g\u00f6re, Cumhurba\u015fkanl\u0131\u011f\u0131 K\u00fclliyesi\u2019nde ger\u00e7ekle\u015fen kabulde, b\u00f6lgesel ve k\u00fcresel konular ele al\u0131nd\u0131. Erdo\u011fan g\u00f6r\u00fc\u015fmede, T\u00fcrkiye\u2019nin Avrupa Konseyi ile yap\u0131c\u0131 diyalog ve etkile\u015fime \u00f6nem verdi\u011fini, Konsey ve di\u011fer uluslararas\u0131 insan haklar\u0131 mekanizmalar\u0131yla i\u015fbirli\u011fini s\u00fcrd\u00fcrd\u00fc\u011f\u00fcn\u00fc belirtti. Son d\u00f6nemde Avrupa\u2019da [&hellip;]","og_url":"https:\/\/haberkuzey.com\/index.php\/2025\/04\/23\/erdogan-avrupa-konseyi-genel-sekreteri-berseti-kabul-etti\/","og_site_name":"Haber Kuzey","article_published_time":"2025-04-23T12:23:06+00:00","og_image":[{"url":"https:\/\/brtk.net\/wp-content\/uploads\/2025\/04\/23\/1745338579608GpJDRlQWoAAfal4.jpg?ver=e8d9dd654be9eb36155080a10f40cafa","type":"","width":"","height":""}],"author":"haberkuzey","twitter_card":"summary_large_image","twitter_misc":{"Yazan:":"haberkuzey","Tahmini okuma s\u00fcresi":"1 dakika"},"schema":{"@context":"https:\/\/schema.org","@graph":[{"@type":"Article","@id":"https:\/\/haberkuzey.com\/index.php\/2025\/04\/23\/erdogan-avrupa-konseyi-genel-sekreteri-berseti-kabul-etti\/#article","isPartOf":{"@id":"https:\/\/haberkuzey.com\/index.php\/2025\/04\/23\/erdogan-avrupa-konseyi-genel-sekreteri-berseti-kabul-etti\/"},"author":{"name":"haberkuzey","@id":"https:\/\/haberkuzey.com\/#\/schema\/person\/3372109ec735f9333f4fa47ebb9605ca"},"headline":"Erdo\u011fan, Avrupa Konseyi Genel Sekreteri Berset\u2019i kabul etti","datePublished":"2025-04-23T12:23:06+00:00","mainEntityOfPage":{"@id":"https:\/\/haberkuzey.com\/index.php\/2025\/04\/23\/erdogan-avrupa-konseyi-genel-sekreteri-berseti-kabul-etti\/"},"wordCount":217,"commentCount":0,"image":{"@id":"https:\/\/haberkuzey.com\/index.php\/2025\/04\/23\/erdogan-avrupa-konseyi-genel-sekreteri-berseti-kabul-etti\/#primaryimage"},"thumbnailUrl":"https:\/\/haberkuzey.com\/wp-content\/uploads\/2025\/04\/1745338579608GpJDRlQWoAAfal4.jpg","articleSection":["D\u00fcnya"],"inLanguage":"tr","potentialAction":[{"@type":"CommentAction","name":"Comment","target":["https:\/\/haberkuzey.com\/index.php\/2025\/04\/23\/erdogan-avrupa-konseyi-genel-sekreteri-berseti-kabul-etti\/#respond"]}]},{"@type":"WebPage","@id":"https:\/\/haberkuzey.com\/index.php\/2025\/04\/23\/erdogan-avrupa-konseyi-genel-sekreteri-berseti-kabul-etti\/","url":"https:\/\/haberkuzey.com\/index.php\/2025\/04\/23\/erdogan-avrupa-konseyi-genel-sekreteri-berseti-kabul-etti\/","name":"Erdo\u011fan, Avrupa Konseyi Genel Sekreteri Berset\u2019i kabul etti - Haber Kuzey","isPartOf":{"@id":"https:\/\/haberkuzey.com\/#website"},"primaryImageOfPage":{"@id":"https:\/\/haberkuzey.com\/index.php\/2025\/04\/23\/erdogan-avrupa-konseyi-genel-sekreteri-berseti-kabul-etti\/#primaryimage"},"image":{"@id":"https:\/\/haberkuzey.com\/index.php\/2025\/04\/23\/erdogan-avrupa-konseyi-genel-sekreteri-berseti-kabul-etti\/#primaryimage"},"thumbnailUrl":"https:\/\/haberkuzey.com\/wp-content\/uploads\/2025\/04\/1745338579608GpJDRlQWoAAfal4.jpg","datePublished":"2025-04-23T12:23:06+00:00","author":{"@id":"https:\/\/haberkuzey.com\/#\/schema\/person\/3372109ec735f9333f4fa47ebb9605ca"},"breadcrumb":{"@id":"https:\/\/haberkuzey.com\/index.php\/2025\/04\/23\/erdogan-avrupa-konseyi-genel-sekreteri-berseti-kabul-etti\/#breadcrumb"},"inLanguage":"tr","potentialAction":[{"@type":"ReadAction","target":["https:\/\/haberkuzey.com\/index.php\/2025\/04\/23\/erdogan-avrupa-konseyi-genel-sekreteri-berseti-kabul-etti\/"]}]},{"@type":"ImageObject","inLanguage":"tr","@id":"https:\/\/haberkuzey.com\/index.php\/2025\/04\/23\/erdogan-avrupa-konseyi-genel-sekreteri-berseti-kabul-etti\/#primaryimage","url":"https:\/\/haberkuzey.com\/wp-content\/uploads\/2025\/04\/1745338579608GpJDRlQWoAAfal4.jpg","contentUrl":"https:\/\/haberkuzey.com\/wp-content\/uploads\/2025\/04\/1745338579608GpJDRlQWoAAfal4.jpg","width":2048,"height":1436},{"@type":"BreadcrumbList","@id":"https:\/\/haberkuzey.com\/index.php\/2025\/04\/23\/erdogan-avrupa-konseyi-genel-sekreteri-berseti-kabul-etti\/#breadcrumb","itemListElement":[{"@type":"ListItem","position":1,"name":"Anasayfa","item":"https:\/\/haberkuzey.com\/"},{"@type":"ListItem","position":2,"name":"Erdo\u011fan, Avrupa Konseyi Genel Sekreteri Berset\u2019i kabul etti"}]},{"@type":"WebSite","@id":"https:\/\/haberkuzey.com\/#website","url":"https:\/\/haberkuzey.com\/","name":"Haber Kuzey","description":"Do\u011fru Haberin Adresi","potentialAction":[{"@type":"SearchAction","target":{"@type":"EntryPoint","urlTemplate":"https:\/\/haberkuzey.com\/?s={search_term_string}"},"query-input":{"@type":"PropertyValueSpecification","valueRequired":true,"valueName":"search_term_string"}}],"inLanguage":"tr"},{"@type":"Person","@id":"https:\/\/haberkuzey.com\/#\/schema\/person\/3372109ec735f9333f4fa47ebb9605ca","name":"haberkuzey","image":{"@type":"ImageObject","inLanguage":"tr","@id":"https:\/\/secure.gravatar.com\/avatar\/f5fc875574b1575324358c3b9e6a32b8227aa5b74f3fa22e3cadb63e26fcc39c?s=96&d=mm&r=g","url":"https:\/\/secure.gravatar.com\/avatar\/f5fc875574b1575324358c3b9e6a32b8227aa5b74f3fa22e3cadb63e26fcc39c?s=96&d=mm&r=g","contentUrl":"https:\/\/secure.gravatar.com\/avatar\/f5fc875574b1575324358c3b9e6a32b8227aa5b74f3fa22e3cadb63e26fcc39c?s=96&d=mm&r=g","caption":"haberkuzey"},"sameAs":["https:\/\/haberkuzey.com"],"url":"https:\/\/haberkuzey.com\/index.php\/author\/haberkuzey\/"}]}},"_links":{"self":[{"href":"https:\/\/haberkuzey.com\/index.php\/wp-json\/wp\/v2\/posts\/22552","targetHints":{"allow":["GET"]}}],"collection":[{"href":"https:\/\/haberkuzey.com\/index.php\/wp-json\/wp\/v2\/posts"}],"about":[{"href":"https:\/\/haberkuzey.com\/index.php\/wp-json\/wp\/v2\/types\/post"}],"author":[{"embeddable":true,"href":"https:\/\/haberkuzey.com\/index.php\/wp-json\/wp\/v2\/users\/1"}],"replies":[{"embeddable":true,"href":"https:\/\/haberkuzey.com\/index.php\/wp-json\/wp\/v2\/comments?post=22552"}],"version-history":[{"count":0,"href":"https:\/\/haberkuzey.com\/index.php\/wp-json\/wp\/v2\/posts\/22552\/revisions"}],"wp:featuredmedia":[{"embeddable":true,"href":"https:\/\/haberkuzey.com\/index.php\/wp-json\/wp\/v2\/media\/22553"}],"wp:attachment":[{"href":"https:\/\/haberkuzey.com\/index.php\/wp-json\/wp\/v2\/media?parent=22552"}],"wp:term":[{"taxonomy":"category","embeddable":true,"href":"https:\/\/haberkuzey.com\/index.php\/wp-json\/wp\/v2\/categories?post=22552"},{"taxonomy":"post_tag","embeddable":true,"href":"https:\/\/haberkuzey.com\/index.php\/wp-json\/wp\/v2\/tags?post=22552"}],"curies":[{"name":"wp","href":"https:\/\/api.w.org\/{rel}","templated":true}]}}