{"id":22549,"date":"2025-04-23T15:11:27","date_gmt":"2025-04-23T12:11:27","guid":{"rendered":"https:\/\/haberkuzey.com\/index.php\/2025\/04\/23\/afad-bir-can-kaybi-ve-yikim-ihbari-bulunmamaktadir\/"},"modified":"2025-04-23T15:11:27","modified_gmt":"2025-04-23T12:11:27","slug":"afad-bir-can-kaybi-ve-yikim-ihbari-bulunmamaktadir","status":"publish","type":"post","link":"https:\/\/haberkuzey.com\/index.php\/2025\/04\/23\/afad-bir-can-kaybi-ve-yikim-ihbari-bulunmamaktadir\/","title":{"rendered":"AFAD: Bir can kayb\u0131 ve y\u0131k\u0131m ihbar\u0131 bulunmamaktad\u0131r"},"content":{"rendered":"<div>\n<div class=\"mariselle-image-container center\">\n                                            <\/div>\n<p>Afet ve Acil Durum Y\u00f6netimi Ba\u015fkanl\u0131\u011f\u0131 (AFAD), \u0130stanbul\u2019da meydana gelen depremlerin ard\u0131ndan saha taramalar\u0131 ve 112 Acil \u00c7a\u011fr\u0131 Merkezi\u2019ne gelen ihbarlar\u0131n de\u011ferlendirilmesi sonucunda, an itibar\u0131yla herhangi bir can kayb\u0131 ve y\u0131k\u0131m ihbar\u0131n\u0131n bulunmad\u0131\u011f\u0131n\u0131 duyurdu.<\/p>\n<p>AFAD\u2019dan yap\u0131lan a\u00e7\u0131klamada, saat 12.49\u2019da Marmara Denizi Silivri a\u00e7\u0131klar\u0131nda 6,2 b\u00fcy\u00fckl\u00fc\u011f\u00fcnde depremin meydana geldi\u011fi hat\u0131rlat\u0131larak, depremin, \u0130stanbul, Tekirda\u011f, Yalova, Bursa ve Bal\u0131kesir\u2019de yo\u011fun \u015fekilde hissedildi\u011fi ifade edildi.<\/p>\n<p>T\u00fcrkiye Afet M\u00fcdahale Plan\u0131\u2019n\u0131n (TAMP) devreye al\u0131nd\u0131\u011f\u0131, t\u00fcm afet gruplar\u0131 temsilcilerinin AFAD Ba\u015fkanl\u0131k, Afet ve Acil Durum Merkezi\u2019nde topland\u0131\u011f\u0131 bilgisi verilerek, \u015funlar kaydedildi:<\/p>\n<p>\u201c\u0130lgili kurumlar\u0131m\u0131z taraf\u0131ndan yap\u0131lan saha taramalar\u0131 ve 112 Acil \u00c7a\u011fr\u0131 Merkezi\u2019ne gelen ihbarlar\u0131n de\u011ferlendirilmesi sonucunda, an itibar\u0131yla herhangi bir can kayb\u0131 ve y\u0131k\u0131m ihbar\u0131 bulunmamaktad\u0131r. Geli\u015fmeleri takip ediyoruz.\u201d<\/p>\n<\/p><\/div>\n<p><script async\n                    defer\n                    crossorigin=\"anonymous\"\n                    src=\"https:\/\/connect.facebook.net\/tr_TR\/sdk.js#xfbml=1&#038;version=v3.3\"\n            ><\/script><\/p>\n","protected":false},"excerpt":{"rendered":"<p>Afet ve Acil Durum Y\u00f6netimi Ba\u015fkanl\u0131\u011f\u0131 (AFAD), \u0130stanbul\u2019da meydana gelen depremlerin ard\u0131ndan saha taramalar\u0131 ve 112 Acil \u00c7a\u011fr\u0131 Merkezi\u2019ne gelen ihbarlar\u0131n de\u011ferlendirilmesi sonucunda, an itibar\u0131yla herhangi bir can kayb\u0131 ve y\u0131k\u0131m ihbar\u0131n\u0131n bulunmad\u0131\u011f\u0131n\u0131 duyurdu. AFAD\u2019dan yap\u0131lan a\u00e7\u0131klamada, saat 12.49\u2019da Marmara Denizi Silivri a\u00e7\u0131klar\u0131nda 6,2 b\u00fcy\u00fckl\u00fc\u011f\u00fcnde depremin meydana geldi\u011fi hat\u0131rlat\u0131larak, depremin, \u0130stanbul, Tekirda\u011f, Yalova, Bursa ve [&hellip;]<\/p>\n","protected":false},"author":1,"featured_media":22550,"comment_status":"open","ping_status":"open","sticky":false,"template":"","format":"standard","meta":{"jnews-multi-image_gallery":[],"jnews_single_post":[],"jnews_primary_category":[],"footnotes":""},"categories":[2],"tags":[],"class_list":["post-22549","post","type-post","status-publish","format-standard","has-post-thumbnail","hentry","category-dunya"],"yoast_head":"<!-- This site is optimized with the Yoast SEO plugin v27.5 - https:\/\/yoast.com\/product\/yoast-seo-wordpress\/ -->\n<title>AFAD: Bir can kayb\u0131 ve y\u0131k\u0131m ihbar\u0131 bulunmamaktad\u0131r - Haber Kuzey<\/title>\n<meta name=\"robots\" content=\"index, follow, max-snippet:-1, max-image-preview:large, max-video-preview:-1\" \/>\n<link rel=\"canonical\" href=\"https:\/\/haberkuzey.com\/index.php\/2025\/04\/23\/afad-bir-can-kaybi-ve-yikim-ihbari-bulunmamaktadir\/\" \/>\n<meta property=\"og:locale\" content=\"tr_TR\" \/>\n<meta property=\"og:type\" content=\"article\" \/>\n<meta property=\"og:title\" content=\"AFAD: Bir can kayb\u0131 ve y\u0131k\u0131m ihbar\u0131 bulunmamaktad\u0131r - Haber Kuzey\" \/>\n<meta property=\"og:description\" content=\"Afet ve Acil Durum Y\u00f6netimi Ba\u015fkanl\u0131\u011f\u0131 (AFAD), \u0130stanbul\u2019da meydana gelen depremlerin ard\u0131ndan saha taramalar\u0131 ve 112 Acil \u00c7a\u011fr\u0131 Merkezi\u2019ne gelen ihbarlar\u0131n de\u011ferlendirilmesi sonucunda, an itibar\u0131yla herhangi bir can kayb\u0131 ve y\u0131k\u0131m ihbar\u0131n\u0131n bulunmad\u0131\u011f\u0131n\u0131 duyurdu. AFAD\u2019dan yap\u0131lan a\u00e7\u0131klamada, saat 12.49\u2019da Marmara Denizi Silivri a\u00e7\u0131klar\u0131nda 6,2 b\u00fcy\u00fckl\u00fc\u011f\u00fcnde depremin meydana geldi\u011fi hat\u0131rlat\u0131larak, depremin, \u0130stanbul, Tekirda\u011f, Yalova, Bursa ve [&hellip;]\" \/>\n<meta property=\"og:url\" content=\"https:\/\/haberkuzey.com\/index.php\/2025\/04\/23\/afad-bir-can-kaybi-ve-yikim-ihbari-bulunmamaktadir\/\" \/>\n<meta property=\"og:site_name\" content=\"Haber Kuzey\" \/>\n<meta property=\"article:published_time\" content=\"2025-04-23T12:11:27+00:00\" \/>\n<meta property=\"og:image\" content=\"https:\/\/brtk.net\/wp-content\/uploads\/2023\/02\/06\/afad-icisleri-bkn-amblem.png?ver=760e9f2dd399d640eba390072ca4253b\" \/>\n<meta name=\"author\" content=\"haberkuzey\" \/>\n<meta name=\"twitter:card\" content=\"summary_large_image\" \/>\n<meta name=\"twitter:label1\" content=\"Yazan:\" \/>\n\t<meta name=\"twitter:data1\" content=\"haberkuzey\" \/>\n\t<meta name=\"twitter:label2\" content=\"Tahmini okuma s\u00fcresi\" \/>\n\t<meta name=\"twitter:data2\" content=\"1 dakika\" \/>\n<script type=\"application\/ld+json\" class=\"yoast-schema-graph\">{\"@context\":\"https:\\\/\\\/schema.org\",\"@graph\":[{\"@type\":\"Article\",\"@id\":\"https:\\\/\\\/haberkuzey.com\\\/index.php\\\/2025\\\/04\\\/23\\\/afad-bir-can-kaybi-ve-yikim-ihbari-bulunmamaktadir\\\/#article\",\"isPartOf\":{\"@id\":\"https:\\\/\\\/haberkuzey.com\\\/index.php\\\/2025\\\/04\\\/23\\\/afad-bir-can-kaybi-ve-yikim-ihbari-bulunmamaktadir\\\/\"},\"author\":{\"name\":\"haberkuzey\",\"@id\":\"https:\\\/\\\/haberkuzey.com\\\/#\\\/schema\\\/person\\\/3372109ec735f9333f4fa47ebb9605ca\"},\"headline\":\"AFAD: Bir can kayb\u0131 ve y\u0131k\u0131m ihbar\u0131 bulunmamaktad\u0131r\",\"datePublished\":\"2025-04-23T12:11:27+00:00\",\"mainEntityOfPage\":{\"@id\":\"https:\\\/\\\/haberkuzey.com\\\/index.php\\\/2025\\\/04\\\/23\\\/afad-bir-can-kaybi-ve-yikim-ihbari-bulunmamaktadir\\\/\"},\"wordCount\":171,\"commentCount\":0,\"image\":{\"@id\":\"https:\\\/\\\/haberkuzey.com\\\/index.php\\\/2025\\\/04\\\/23\\\/afad-bir-can-kaybi-ve-yikim-ihbari-bulunmamaktadir\\\/#primaryimage\"},\"thumbnailUrl\":\"https:\\\/\\\/haberkuzey.com\\\/wp-content\\\/uploads\\\/2025\\\/04\\\/afad-icisleri-bkn-amblem.png\",\"articleSection\":[\"D\u00fcnya\"],\"inLanguage\":\"tr\",\"potentialAction\":[{\"@type\":\"CommentAction\",\"name\":\"Comment\",\"target\":[\"https:\\\/\\\/haberkuzey.com\\\/index.php\\\/2025\\\/04\\\/23\\\/afad-bir-can-kaybi-ve-yikim-ihbari-bulunmamaktadir\\\/#respond\"]}]},{\"@type\":\"WebPage\",\"@id\":\"https:\\\/\\\/haberkuzey.com\\\/index.php\\\/2025\\\/04\\\/23\\\/afad-bir-can-kaybi-ve-yikim-ihbari-bulunmamaktadir\\\/\",\"url\":\"https:\\\/\\\/haberkuzey.com\\\/index.php\\\/2025\\\/04\\\/23\\\/afad-bir-can-kaybi-ve-yikim-ihbari-bulunmamaktadir\\\/\",\"name\":\"AFAD: Bir can kayb\u0131 ve y\u0131k\u0131m ihbar\u0131 bulunmamaktad\u0131r - Haber Kuzey\",\"isPartOf\":{\"@id\":\"https:\\\/\\\/haberkuzey.com\\\/#website\"},\"primaryImageOfPage\":{\"@id\":\"https:\\\/\\\/haberkuzey.com\\\/index.php\\\/2025\\\/04\\\/23\\\/afad-bir-can-kaybi-ve-yikim-ihbari-bulunmamaktadir\\\/#primaryimage\"},\"image\":{\"@id\":\"https:\\\/\\\/haberkuzey.com\\\/index.php\\\/2025\\\/04\\\/23\\\/afad-bir-can-kaybi-ve-yikim-ihbari-bulunmamaktadir\\\/#primaryimage\"},\"thumbnailUrl\":\"https:\\\/\\\/haberkuzey.com\\\/wp-content\\\/uploads\\\/2025\\\/04\\\/afad-icisleri-bkn-amblem.png\",\"datePublished\":\"2025-04-23T12:11:27+00:00\",\"author\":{\"@id\":\"https:\\\/\\\/haberkuzey.com\\\/#\\\/schema\\\/person\\\/3372109ec735f9333f4fa47ebb9605ca\"},\"breadcrumb\":{\"@id\":\"https:\\\/\\\/haberkuzey.com\\\/index.php\\\/2025\\\/04\\\/23\\\/afad-bir-can-kaybi-ve-yikim-ihbari-bulunmamaktadir\\\/#breadcrumb\"},\"inLanguage\":\"tr\",\"potentialAction\":[{\"@type\":\"ReadAction\",\"target\":[\"https:\\\/\\\/haberkuzey.com\\\/index.php\\\/2025\\\/04\\\/23\\\/afad-bir-can-kaybi-ve-yikim-ihbari-bulunmamaktadir\\\/\"]}]},{\"@type\":\"ImageObject\",\"inLanguage\":\"tr\",\"@id\":\"https:\\\/\\\/haberkuzey.com\\\/index.php\\\/2025\\\/04\\\/23\\\/afad-bir-can-kaybi-ve-yikim-ihbari-bulunmamaktadir\\\/#primaryimage\",\"url\":\"https:\\\/\\\/haberkuzey.com\\\/wp-content\\\/uploads\\\/2025\\\/04\\\/afad-icisleri-bkn-amblem.png\",\"contentUrl\":\"https:\\\/\\\/haberkuzey.com\\\/wp-content\\\/uploads\\\/2025\\\/04\\\/afad-icisleri-bkn-amblem.png\",\"width\":1166,\"height\":488},{\"@type\":\"BreadcrumbList\",\"@id\":\"https:\\\/\\\/haberkuzey.com\\\/index.php\\\/2025\\\/04\\\/23\\\/afad-bir-can-kaybi-ve-yikim-ihbari-bulunmamaktadir\\\/#breadcrumb\",\"itemListElement\":[{\"@type\":\"ListItem\",\"position\":1,\"name\":\"Anasayfa\",\"item\":\"https:\\\/\\\/haberkuzey.com\\\/\"},{\"@type\":\"ListItem\",\"position\":2,\"name\":\"AFAD: Bir can kayb\u0131 ve y\u0131k\u0131m ihbar\u0131 bulunmamaktad\u0131r\"}]},{\"@type\":\"WebSite\",\"@id\":\"https:\\\/\\\/haberkuzey.com\\\/#website\",\"url\":\"https:\\\/\\\/haberkuzey.com\\\/\",\"name\":\"Haber Kuzey\",\"description\":\"Do\u011fru Haberin Adresi\",\"potentialAction\":[{\"@type\":\"SearchAction\",\"target\":{\"@type\":\"EntryPoint\",\"urlTemplate\":\"https:\\\/\\\/haberkuzey.com\\\/?s={search_term_string}\"},\"query-input\":{\"@type\":\"PropertyValueSpecification\",\"valueRequired\":true,\"valueName\":\"search_term_string\"}}],\"inLanguage\":\"tr\"},{\"@type\":\"Person\",\"@id\":\"https:\\\/\\\/haberkuzey.com\\\/#\\\/schema\\\/person\\\/3372109ec735f9333f4fa47ebb9605ca\",\"name\":\"haberkuzey\",\"image\":{\"@type\":\"ImageObject\",\"inLanguage\":\"tr\",\"@id\":\"https:\\\/\\\/secure.gravatar.com\\\/avatar\\\/f5fc875574b1575324358c3b9e6a32b8227aa5b74f3fa22e3cadb63e26fcc39c?s=96&d=mm&r=g\",\"url\":\"https:\\\/\\\/secure.gravatar.com\\\/avatar\\\/f5fc875574b1575324358c3b9e6a32b8227aa5b74f3fa22e3cadb63e26fcc39c?s=96&d=mm&r=g\",\"contentUrl\":\"https:\\\/\\\/secure.gravatar.com\\\/avatar\\\/f5fc875574b1575324358c3b9e6a32b8227aa5b74f3fa22e3cadb63e26fcc39c?s=96&d=mm&r=g\",\"caption\":\"haberkuzey\"},\"sameAs\":[\"https:\\\/\\\/haberkuzey.com\"],\"url\":\"https:\\\/\\\/haberkuzey.com\\\/index.php\\\/author\\\/haberkuzey\\\/\"}]}<\/script>\n<!-- \/ Yoast SEO plugin. -->","yoast_head_json":{"title":"AFAD: Bir can kayb\u0131 ve y\u0131k\u0131m ihbar\u0131 bulunmamaktad\u0131r - Haber Kuzey","robots":{"index":"index","follow":"follow","max-snippet":"max-snippet:-1","max-image-preview":"max-image-preview:large","max-video-preview":"max-video-preview:-1"},"canonical":"https:\/\/haberkuzey.com\/index.php\/2025\/04\/23\/afad-bir-can-kaybi-ve-yikim-ihbari-bulunmamaktadir\/","og_locale":"tr_TR","og_type":"article","og_title":"AFAD: Bir can kayb\u0131 ve y\u0131k\u0131m ihbar\u0131 bulunmamaktad\u0131r - Haber Kuzey","og_description":"Afet ve Acil Durum Y\u00f6netimi Ba\u015fkanl\u0131\u011f\u0131 (AFAD), \u0130stanbul\u2019da meydana gelen depremlerin ard\u0131ndan saha taramalar\u0131 ve 112 Acil \u00c7a\u011fr\u0131 Merkezi\u2019ne gelen ihbarlar\u0131n de\u011ferlendirilmesi sonucunda, an itibar\u0131yla herhangi bir can kayb\u0131 ve y\u0131k\u0131m ihbar\u0131n\u0131n bulunmad\u0131\u011f\u0131n\u0131 duyurdu. AFAD\u2019dan yap\u0131lan a\u00e7\u0131klamada, saat 12.49\u2019da Marmara Denizi Silivri a\u00e7\u0131klar\u0131nda 6,2 b\u00fcy\u00fckl\u00fc\u011f\u00fcnde depremin meydana geldi\u011fi hat\u0131rlat\u0131larak, depremin, \u0130stanbul, Tekirda\u011f, Yalova, Bursa ve [&hellip;]","og_url":"https:\/\/haberkuzey.com\/index.php\/2025\/04\/23\/afad-bir-can-kaybi-ve-yikim-ihbari-bulunmamaktadir\/","og_site_name":"Haber Kuzey","article_published_time":"2025-04-23T12:11:27+00:00","og_image":[{"url":"https:\/\/brtk.net\/wp-content\/uploads\/2023\/02\/06\/afad-icisleri-bkn-amblem.png?ver=760e9f2dd399d640eba390072ca4253b","type":"","width":"","height":""}],"author":"haberkuzey","twitter_card":"summary_large_image","twitter_misc":{"Yazan:":"haberkuzey","Tahmini okuma s\u00fcresi":"1 dakika"},"schema":{"@context":"https:\/\/schema.org","@graph":[{"@type":"Article","@id":"https:\/\/haberkuzey.com\/index.php\/2025\/04\/23\/afad-bir-can-kaybi-ve-yikim-ihbari-bulunmamaktadir\/#article","isPartOf":{"@id":"https:\/\/haberkuzey.com\/index.php\/2025\/04\/23\/afad-bir-can-kaybi-ve-yikim-ihbari-bulunmamaktadir\/"},"author":{"name":"haberkuzey","@id":"https:\/\/haberkuzey.com\/#\/schema\/person\/3372109ec735f9333f4fa47ebb9605ca"},"headline":"AFAD: Bir can kayb\u0131 ve y\u0131k\u0131m ihbar\u0131 bulunmamaktad\u0131r","datePublished":"2025-04-23T12:11:27+00:00","mainEntityOfPage":{"@id":"https:\/\/haberkuzey.com\/index.php\/2025\/04\/23\/afad-bir-can-kaybi-ve-yikim-ihbari-bulunmamaktadir\/"},"wordCount":171,"commentCount":0,"image":{"@id":"https:\/\/haberkuzey.com\/index.php\/2025\/04\/23\/afad-bir-can-kaybi-ve-yikim-ihbari-bulunmamaktadir\/#primaryimage"},"thumbnailUrl":"https:\/\/haberkuzey.com\/wp-content\/uploads\/2025\/04\/afad-icisleri-bkn-amblem.png","articleSection":["D\u00fcnya"],"inLanguage":"tr","potentialAction":[{"@type":"CommentAction","name":"Comment","target":["https:\/\/haberkuzey.com\/index.php\/2025\/04\/23\/afad-bir-can-kaybi-ve-yikim-ihbari-bulunmamaktadir\/#respond"]}]},{"@type":"WebPage","@id":"https:\/\/haberkuzey.com\/index.php\/2025\/04\/23\/afad-bir-can-kaybi-ve-yikim-ihbari-bulunmamaktadir\/","url":"https:\/\/haberkuzey.com\/index.php\/2025\/04\/23\/afad-bir-can-kaybi-ve-yikim-ihbari-bulunmamaktadir\/","name":"AFAD: Bir can kayb\u0131 ve y\u0131k\u0131m ihbar\u0131 bulunmamaktad\u0131r - Haber Kuzey","isPartOf":{"@id":"https:\/\/haberkuzey.com\/#website"},"primaryImageOfPage":{"@id":"https:\/\/haberkuzey.com\/index.php\/2025\/04\/23\/afad-bir-can-kaybi-ve-yikim-ihbari-bulunmamaktadir\/#primaryimage"},"image":{"@id":"https:\/\/haberkuzey.com\/index.php\/2025\/04\/23\/afad-bir-can-kaybi-ve-yikim-ihbari-bulunmamaktadir\/#primaryimage"},"thumbnailUrl":"https:\/\/haberkuzey.com\/wp-content\/uploads\/2025\/04\/afad-icisleri-bkn-amblem.png","datePublished":"2025-04-23T12:11:27+00:00","author":{"@id":"https:\/\/haberkuzey.com\/#\/schema\/person\/3372109ec735f9333f4fa47ebb9605ca"},"breadcrumb":{"@id":"https:\/\/haberkuzey.com\/index.php\/2025\/04\/23\/afad-bir-can-kaybi-ve-yikim-ihbari-bulunmamaktadir\/#breadcrumb"},"inLanguage":"tr","potentialAction":[{"@type":"ReadAction","target":["https:\/\/haberkuzey.com\/index.php\/2025\/04\/23\/afad-bir-can-kaybi-ve-yikim-ihbari-bulunmamaktadir\/"]}]},{"@type":"ImageObject","inLanguage":"tr","@id":"https:\/\/haberkuzey.com\/index.php\/2025\/04\/23\/afad-bir-can-kaybi-ve-yikim-ihbari-bulunmamaktadir\/#primaryimage","url":"https:\/\/haberkuzey.com\/wp-content\/uploads\/2025\/04\/afad-icisleri-bkn-amblem.png","contentUrl":"https:\/\/haberkuzey.com\/wp-content\/uploads\/2025\/04\/afad-icisleri-bkn-amblem.png","width":1166,"height":488},{"@type":"BreadcrumbList","@id":"https:\/\/haberkuzey.com\/index.php\/2025\/04\/23\/afad-bir-can-kaybi-ve-yikim-ihbari-bulunmamaktadir\/#breadcrumb","itemListElement":[{"@type":"ListItem","position":1,"name":"Anasayfa","item":"https:\/\/haberkuzey.com\/"},{"@type":"ListItem","position":2,"name":"AFAD: Bir can kayb\u0131 ve y\u0131k\u0131m ihbar\u0131 bulunmamaktad\u0131r"}]},{"@type":"WebSite","@id":"https:\/\/haberkuzey.com\/#website","url":"https:\/\/haberkuzey.com\/","name":"Haber Kuzey","description":"Do\u011fru Haberin Adresi","potentialAction":[{"@type":"SearchAction","target":{"@type":"EntryPoint","urlTemplate":"https:\/\/haberkuzey.com\/?s={search_term_string}"},"query-input":{"@type":"PropertyValueSpecification","valueRequired":true,"valueName":"search_term_string"}}],"inLanguage":"tr"},{"@type":"Person","@id":"https:\/\/haberkuzey.com\/#\/schema\/person\/3372109ec735f9333f4fa47ebb9605ca","name":"haberkuzey","image":{"@type":"ImageObject","inLanguage":"tr","@id":"https:\/\/secure.gravatar.com\/avatar\/f5fc875574b1575324358c3b9e6a32b8227aa5b74f3fa22e3cadb63e26fcc39c?s=96&d=mm&r=g","url":"https:\/\/secure.gravatar.com\/avatar\/f5fc875574b1575324358c3b9e6a32b8227aa5b74f3fa22e3cadb63e26fcc39c?s=96&d=mm&r=g","contentUrl":"https:\/\/secure.gravatar.com\/avatar\/f5fc875574b1575324358c3b9e6a32b8227aa5b74f3fa22e3cadb63e26fcc39c?s=96&d=mm&r=g","caption":"haberkuzey"},"sameAs":["https:\/\/haberkuzey.com"],"url":"https:\/\/haberkuzey.com\/index.php\/author\/haberkuzey\/"}]}},"_links":{"self":[{"href":"https:\/\/haberkuzey.com\/index.php\/wp-json\/wp\/v2\/posts\/22549","targetHints":{"allow":["GET"]}}],"collection":[{"href":"https:\/\/haberkuzey.com\/index.php\/wp-json\/wp\/v2\/posts"}],"about":[{"href":"https:\/\/haberkuzey.com\/index.php\/wp-json\/wp\/v2\/types\/post"}],"author":[{"embeddable":true,"href":"https:\/\/haberkuzey.com\/index.php\/wp-json\/wp\/v2\/users\/1"}],"replies":[{"embeddable":true,"href":"https:\/\/haberkuzey.com\/index.php\/wp-json\/wp\/v2\/comments?post=22549"}],"version-history":[{"count":0,"href":"https:\/\/haberkuzey.com\/index.php\/wp-json\/wp\/v2\/posts\/22549\/revisions"}],"wp:featuredmedia":[{"embeddable":true,"href":"https:\/\/haberkuzey.com\/index.php\/wp-json\/wp\/v2\/media\/22550"}],"wp:attachment":[{"href":"https:\/\/haberkuzey.com\/index.php\/wp-json\/wp\/v2\/media?parent=22549"}],"wp:term":[{"taxonomy":"category","embeddable":true,"href":"https:\/\/haberkuzey.com\/index.php\/wp-json\/wp\/v2\/categories?post=22549"},{"taxonomy":"post_tag","embeddable":true,"href":"https:\/\/haberkuzey.com\/index.php\/wp-json\/wp\/v2\/tags?post=22549"}],"curies":[{"name":"wp","href":"https:\/\/api.w.org\/{rel}","templated":true}]}}