{"id":22544,"date":"2025-04-23T14:39:12","date_gmt":"2025-04-23T11:39:12","guid":{"rendered":"https:\/\/haberkuzey.com\/index.php\/2025\/04\/23\/istanbulda-bir-saatte-8-deprem\/"},"modified":"2025-04-23T14:39:12","modified_gmt":"2025-04-23T11:39:12","slug":"istanbulda-bir-saatte-8-deprem","status":"publish","type":"post","link":"https:\/\/haberkuzey.com\/index.php\/2025\/04\/23\/istanbulda-bir-saatte-8-deprem\/","title":{"rendered":"\u0130stanbul\u2019da bir saatte 8 deprem"},"content":{"rendered":"<div>\n<div class=\"mariselle-image-container center\">\n                                            <\/div>\n<p>\u0130stanbul\u2019da bir saat i\u00e7erisinde 8 deprem meydana geldi.<\/p>\n<p>TC \u0130\u00e7i\u015fleri Bakan\u0131 Yerlikaya t\u00fcm ekiplerin sahada oldu\u011funu ancak 112\u2019ye gelen herhangi bir y\u0131k\u0131m ihbar\u0131 bulunmad\u0131\u011f\u0131n\u0131 aktard\u0131.<\/p>\n<p>Afet ve Acil Durum Y\u00f6netimi Ba\u015fkanl\u0131\u011f\u0131n\u0131n (AFAD) internet sitesinden, AA muhabirinin derledi\u011fi bilgilere g\u00f6re, saat 12.19\u2019daki 3,9 b\u00fcy\u00fckl\u00fc\u011f\u00fcndeki depremin ard\u0131ndan 7 sars\u0131nt\u0131 daha ya\u015fand\u0131.<\/p>\n<p>Sars\u0131nt\u0131lar\u0131n en k\u00fc\u00e7\u00fc\u011f\u00fc \u0130stanbul\u2019un B\u00fcy\u00fck\u00e7ekmece il\u00e7esi a\u00e7\u0131klar\u0131nda 3,4, en b\u00fcy\u00fc\u011f\u00fc ise yine Silivri a\u00e7\u0131klar\u0131nda 6,2 b\u00fcy\u00fckl\u00fc\u011f\u00fcnde oldu.<\/p>\n<p>Saat 12.19\u2019daki 3,9 b\u00fcy\u00fckl\u00fc\u011f\u00fcndeki depremden sonraki sars\u0131nt\u0131lar ise s\u0131ras\u0131yla saat 12.49\u2019da 6,2, saat 12.51\u2019de 5,9 ile 4,4, saat 13.01\u2019de 4,8, 13.02\u2019de ise 4,5 ile 4,9, 13.07\u2019de ise 3,4 b\u00fcy\u00fckl\u00fc\u011f\u00fcnde meydana geldi.<\/p>\n<\/p><\/div>\n<p><script async\n                    defer\n                    crossorigin=\"anonymous\"\n                    src=\"https:\/\/connect.facebook.net\/tr_TR\/sdk.js#xfbml=1&#038;version=v3.3\"\n            ><\/script><\/p>\n","protected":false},"excerpt":{"rendered":"<p>\u0130stanbul\u2019da bir saat i\u00e7erisinde 8 deprem meydana geldi. TC \u0130\u00e7i\u015fleri Bakan\u0131 Yerlikaya t\u00fcm ekiplerin sahada oldu\u011funu ancak 112\u2019ye gelen herhangi bir y\u0131k\u0131m ihbar\u0131 bulunmad\u0131\u011f\u0131n\u0131 aktard\u0131. Afet ve Acil Durum Y\u00f6netimi Ba\u015fkanl\u0131\u011f\u0131n\u0131n (AFAD) internet sitesinden, AA muhabirinin derledi\u011fi bilgilere g\u00f6re, saat 12.19\u2019daki 3,9 b\u00fcy\u00fckl\u00fc\u011f\u00fcndeki depremin ard\u0131ndan 7 sars\u0131nt\u0131 daha ya\u015fand\u0131. Sars\u0131nt\u0131lar\u0131n en k\u00fc\u00e7\u00fc\u011f\u00fc \u0130stanbul\u2019un B\u00fcy\u00fck\u00e7ekmece il\u00e7esi [&hellip;]<\/p>\n","protected":false},"author":1,"featured_media":22545,"comment_status":"open","ping_status":"open","sticky":false,"template":"","format":"standard","meta":{"jnews-multi-image_gallery":[],"jnews_single_post":[],"jnews_primary_category":[],"footnotes":""},"categories":[2],"tags":[],"class_list":["post-22544","post","type-post","status-publish","format-standard","has-post-thumbnail","hentry","category-dunya"],"yoast_head":"<!-- This site is optimized with the Yoast SEO plugin v27.5 - https:\/\/yoast.com\/product\/yoast-seo-wordpress\/ -->\n<title>\u0130stanbul\u2019da bir saatte 8 deprem - Haber Kuzey<\/title>\n<meta name=\"robots\" content=\"index, follow, max-snippet:-1, max-image-preview:large, max-video-preview:-1\" \/>\n<link rel=\"canonical\" href=\"https:\/\/haberkuzey.com\/index.php\/2025\/04\/23\/istanbulda-bir-saatte-8-deprem\/\" \/>\n<meta property=\"og:locale\" content=\"tr_TR\" \/>\n<meta property=\"og:type\" content=\"article\" \/>\n<meta property=\"og:title\" content=\"\u0130stanbul\u2019da bir saatte 8 deprem - Haber Kuzey\" \/>\n<meta property=\"og:description\" content=\"\u0130stanbul\u2019da bir saat i\u00e7erisinde 8 deprem meydana geldi. TC \u0130\u00e7i\u015fleri Bakan\u0131 Yerlikaya t\u00fcm ekiplerin sahada oldu\u011funu ancak 112\u2019ye gelen herhangi bir y\u0131k\u0131m ihbar\u0131 bulunmad\u0131\u011f\u0131n\u0131 aktard\u0131. Afet ve Acil Durum Y\u00f6netimi Ba\u015fkanl\u0131\u011f\u0131n\u0131n (AFAD) internet sitesinden, AA muhabirinin derledi\u011fi bilgilere g\u00f6re, saat 12.19\u2019daki 3,9 b\u00fcy\u00fckl\u00fc\u011f\u00fcndeki depremin ard\u0131ndan 7 sars\u0131nt\u0131 daha ya\u015fand\u0131. Sars\u0131nt\u0131lar\u0131n en k\u00fc\u00e7\u00fc\u011f\u00fc \u0130stanbul\u2019un B\u00fcy\u00fck\u00e7ekmece il\u00e7esi [&hellip;]\" \/>\n<meta property=\"og:url\" content=\"https:\/\/haberkuzey.com\/index.php\/2025\/04\/23\/istanbulda-bir-saatte-8-deprem\/\" \/>\n<meta property=\"og:site_name\" content=\"Haber Kuzey\" \/>\n<meta property=\"article:published_time\" content=\"2025-04-23T11:39:12+00:00\" \/>\n<meta property=\"og:image\" content=\"https:\/\/brtk.net\/wp-content\/uploads\/2025\/04\/23\/istanbul-deprem-2353957_1.jpg?ver=1681f3a495ad58456dceb567a539cd06\" \/>\n<meta name=\"author\" content=\"haberkuzey\" \/>\n<meta name=\"twitter:card\" content=\"summary_large_image\" \/>\n<meta name=\"twitter:label1\" content=\"Yazan:\" \/>\n\t<meta name=\"twitter:data1\" content=\"haberkuzey\" \/>\n\t<meta name=\"twitter:label2\" content=\"Tahmini okuma s\u00fcresi\" \/>\n\t<meta name=\"twitter:data2\" content=\"1 dakika\" \/>\n<script type=\"application\/ld+json\" class=\"yoast-schema-graph\">{\"@context\":\"https:\\\/\\\/schema.org\",\"@graph\":[{\"@type\":\"Article\",\"@id\":\"https:\\\/\\\/haberkuzey.com\\\/index.php\\\/2025\\\/04\\\/23\\\/istanbulda-bir-saatte-8-deprem\\\/#article\",\"isPartOf\":{\"@id\":\"https:\\\/\\\/haberkuzey.com\\\/index.php\\\/2025\\\/04\\\/23\\\/istanbulda-bir-saatte-8-deprem\\\/\"},\"author\":{\"name\":\"haberkuzey\",\"@id\":\"https:\\\/\\\/haberkuzey.com\\\/#\\\/schema\\\/person\\\/3372109ec735f9333f4fa47ebb9605ca\"},\"headline\":\"\u0130stanbul\u2019da bir saatte 8 deprem\",\"datePublished\":\"2025-04-23T11:39:12+00:00\",\"mainEntityOfPage\":{\"@id\":\"https:\\\/\\\/haberkuzey.com\\\/index.php\\\/2025\\\/04\\\/23\\\/istanbulda-bir-saatte-8-deprem\\\/\"},\"wordCount\":135,\"commentCount\":0,\"image\":{\"@id\":\"https:\\\/\\\/haberkuzey.com\\\/index.php\\\/2025\\\/04\\\/23\\\/istanbulda-bir-saatte-8-deprem\\\/#primaryimage\"},\"thumbnailUrl\":\"https:\\\/\\\/haberkuzey.com\\\/wp-content\\\/uploads\\\/2025\\\/04\\\/istanbul-deprem-2353957_1.jpg\",\"articleSection\":[\"D\u00fcnya\"],\"inLanguage\":\"tr\",\"potentialAction\":[{\"@type\":\"CommentAction\",\"name\":\"Comment\",\"target\":[\"https:\\\/\\\/haberkuzey.com\\\/index.php\\\/2025\\\/04\\\/23\\\/istanbulda-bir-saatte-8-deprem\\\/#respond\"]}]},{\"@type\":\"WebPage\",\"@id\":\"https:\\\/\\\/haberkuzey.com\\\/index.php\\\/2025\\\/04\\\/23\\\/istanbulda-bir-saatte-8-deprem\\\/\",\"url\":\"https:\\\/\\\/haberkuzey.com\\\/index.php\\\/2025\\\/04\\\/23\\\/istanbulda-bir-saatte-8-deprem\\\/\",\"name\":\"\u0130stanbul\u2019da bir saatte 8 deprem - Haber Kuzey\",\"isPartOf\":{\"@id\":\"https:\\\/\\\/haberkuzey.com\\\/#website\"},\"primaryImageOfPage\":{\"@id\":\"https:\\\/\\\/haberkuzey.com\\\/index.php\\\/2025\\\/04\\\/23\\\/istanbulda-bir-saatte-8-deprem\\\/#primaryimage\"},\"image\":{\"@id\":\"https:\\\/\\\/haberkuzey.com\\\/index.php\\\/2025\\\/04\\\/23\\\/istanbulda-bir-saatte-8-deprem\\\/#primaryimage\"},\"thumbnailUrl\":\"https:\\\/\\\/haberkuzey.com\\\/wp-content\\\/uploads\\\/2025\\\/04\\\/istanbul-deprem-2353957_1.jpg\",\"datePublished\":\"2025-04-23T11:39:12+00:00\",\"author\":{\"@id\":\"https:\\\/\\\/haberkuzey.com\\\/#\\\/schema\\\/person\\\/3372109ec735f9333f4fa47ebb9605ca\"},\"breadcrumb\":{\"@id\":\"https:\\\/\\\/haberkuzey.com\\\/index.php\\\/2025\\\/04\\\/23\\\/istanbulda-bir-saatte-8-deprem\\\/#breadcrumb\"},\"inLanguage\":\"tr\",\"potentialAction\":[{\"@type\":\"ReadAction\",\"target\":[\"https:\\\/\\\/haberkuzey.com\\\/index.php\\\/2025\\\/04\\\/23\\\/istanbulda-bir-saatte-8-deprem\\\/\"]}]},{\"@type\":\"ImageObject\",\"inLanguage\":\"tr\",\"@id\":\"https:\\\/\\\/haberkuzey.com\\\/index.php\\\/2025\\\/04\\\/23\\\/istanbulda-bir-saatte-8-deprem\\\/#primaryimage\",\"url\":\"https:\\\/\\\/haberkuzey.com\\\/wp-content\\\/uploads\\\/2025\\\/04\\\/istanbul-deprem-2353957_1.jpg\",\"contentUrl\":\"https:\\\/\\\/haberkuzey.com\\\/wp-content\\\/uploads\\\/2025\\\/04\\\/istanbul-deprem-2353957_1.jpg\",\"width\":800,\"height\":399},{\"@type\":\"BreadcrumbList\",\"@id\":\"https:\\\/\\\/haberkuzey.com\\\/index.php\\\/2025\\\/04\\\/23\\\/istanbulda-bir-saatte-8-deprem\\\/#breadcrumb\",\"itemListElement\":[{\"@type\":\"ListItem\",\"position\":1,\"name\":\"Anasayfa\",\"item\":\"https:\\\/\\\/haberkuzey.com\\\/\"},{\"@type\":\"ListItem\",\"position\":2,\"name\":\"\u0130stanbul\u2019da bir saatte 8 deprem\"}]},{\"@type\":\"WebSite\",\"@id\":\"https:\\\/\\\/haberkuzey.com\\\/#website\",\"url\":\"https:\\\/\\\/haberkuzey.com\\\/\",\"name\":\"Haber Kuzey\",\"description\":\"Do\u011fru Haberin Adresi\",\"potentialAction\":[{\"@type\":\"SearchAction\",\"target\":{\"@type\":\"EntryPoint\",\"urlTemplate\":\"https:\\\/\\\/haberkuzey.com\\\/?s={search_term_string}\"},\"query-input\":{\"@type\":\"PropertyValueSpecification\",\"valueRequired\":true,\"valueName\":\"search_term_string\"}}],\"inLanguage\":\"tr\"},{\"@type\":\"Person\",\"@id\":\"https:\\\/\\\/haberkuzey.com\\\/#\\\/schema\\\/person\\\/3372109ec735f9333f4fa47ebb9605ca\",\"name\":\"haberkuzey\",\"image\":{\"@type\":\"ImageObject\",\"inLanguage\":\"tr\",\"@id\":\"https:\\\/\\\/secure.gravatar.com\\\/avatar\\\/f5fc875574b1575324358c3b9e6a32b8227aa5b74f3fa22e3cadb63e26fcc39c?s=96&d=mm&r=g\",\"url\":\"https:\\\/\\\/secure.gravatar.com\\\/avatar\\\/f5fc875574b1575324358c3b9e6a32b8227aa5b74f3fa22e3cadb63e26fcc39c?s=96&d=mm&r=g\",\"contentUrl\":\"https:\\\/\\\/secure.gravatar.com\\\/avatar\\\/f5fc875574b1575324358c3b9e6a32b8227aa5b74f3fa22e3cadb63e26fcc39c?s=96&d=mm&r=g\",\"caption\":\"haberkuzey\"},\"sameAs\":[\"https:\\\/\\\/haberkuzey.com\"],\"url\":\"https:\\\/\\\/haberkuzey.com\\\/index.php\\\/author\\\/haberkuzey\\\/\"}]}<\/script>\n<!-- \/ Yoast SEO plugin. -->","yoast_head_json":{"title":"\u0130stanbul\u2019da bir saatte 8 deprem - Haber Kuzey","robots":{"index":"index","follow":"follow","max-snippet":"max-snippet:-1","max-image-preview":"max-image-preview:large","max-video-preview":"max-video-preview:-1"},"canonical":"https:\/\/haberkuzey.com\/index.php\/2025\/04\/23\/istanbulda-bir-saatte-8-deprem\/","og_locale":"tr_TR","og_type":"article","og_title":"\u0130stanbul\u2019da bir saatte 8 deprem - Haber Kuzey","og_description":"\u0130stanbul\u2019da bir saat i\u00e7erisinde 8 deprem meydana geldi. TC \u0130\u00e7i\u015fleri Bakan\u0131 Yerlikaya t\u00fcm ekiplerin sahada oldu\u011funu ancak 112\u2019ye gelen herhangi bir y\u0131k\u0131m ihbar\u0131 bulunmad\u0131\u011f\u0131n\u0131 aktard\u0131. Afet ve Acil Durum Y\u00f6netimi Ba\u015fkanl\u0131\u011f\u0131n\u0131n (AFAD) internet sitesinden, AA muhabirinin derledi\u011fi bilgilere g\u00f6re, saat 12.19\u2019daki 3,9 b\u00fcy\u00fckl\u00fc\u011f\u00fcndeki depremin ard\u0131ndan 7 sars\u0131nt\u0131 daha ya\u015fand\u0131. Sars\u0131nt\u0131lar\u0131n en k\u00fc\u00e7\u00fc\u011f\u00fc \u0130stanbul\u2019un B\u00fcy\u00fck\u00e7ekmece il\u00e7esi [&hellip;]","og_url":"https:\/\/haberkuzey.com\/index.php\/2025\/04\/23\/istanbulda-bir-saatte-8-deprem\/","og_site_name":"Haber Kuzey","article_published_time":"2025-04-23T11:39:12+00:00","og_image":[{"url":"https:\/\/brtk.net\/wp-content\/uploads\/2025\/04\/23\/istanbul-deprem-2353957_1.jpg?ver=1681f3a495ad58456dceb567a539cd06","type":"","width":"","height":""}],"author":"haberkuzey","twitter_card":"summary_large_image","twitter_misc":{"Yazan:":"haberkuzey","Tahmini okuma s\u00fcresi":"1 dakika"},"schema":{"@context":"https:\/\/schema.org","@graph":[{"@type":"Article","@id":"https:\/\/haberkuzey.com\/index.php\/2025\/04\/23\/istanbulda-bir-saatte-8-deprem\/#article","isPartOf":{"@id":"https:\/\/haberkuzey.com\/index.php\/2025\/04\/23\/istanbulda-bir-saatte-8-deprem\/"},"author":{"name":"haberkuzey","@id":"https:\/\/haberkuzey.com\/#\/schema\/person\/3372109ec735f9333f4fa47ebb9605ca"},"headline":"\u0130stanbul\u2019da bir saatte 8 deprem","datePublished":"2025-04-23T11:39:12+00:00","mainEntityOfPage":{"@id":"https:\/\/haberkuzey.com\/index.php\/2025\/04\/23\/istanbulda-bir-saatte-8-deprem\/"},"wordCount":135,"commentCount":0,"image":{"@id":"https:\/\/haberkuzey.com\/index.php\/2025\/04\/23\/istanbulda-bir-saatte-8-deprem\/#primaryimage"},"thumbnailUrl":"https:\/\/haberkuzey.com\/wp-content\/uploads\/2025\/04\/istanbul-deprem-2353957_1.jpg","articleSection":["D\u00fcnya"],"inLanguage":"tr","potentialAction":[{"@type":"CommentAction","name":"Comment","target":["https:\/\/haberkuzey.com\/index.php\/2025\/04\/23\/istanbulda-bir-saatte-8-deprem\/#respond"]}]},{"@type":"WebPage","@id":"https:\/\/haberkuzey.com\/index.php\/2025\/04\/23\/istanbulda-bir-saatte-8-deprem\/","url":"https:\/\/haberkuzey.com\/index.php\/2025\/04\/23\/istanbulda-bir-saatte-8-deprem\/","name":"\u0130stanbul\u2019da bir saatte 8 deprem - Haber Kuzey","isPartOf":{"@id":"https:\/\/haberkuzey.com\/#website"},"primaryImageOfPage":{"@id":"https:\/\/haberkuzey.com\/index.php\/2025\/04\/23\/istanbulda-bir-saatte-8-deprem\/#primaryimage"},"image":{"@id":"https:\/\/haberkuzey.com\/index.php\/2025\/04\/23\/istanbulda-bir-saatte-8-deprem\/#primaryimage"},"thumbnailUrl":"https:\/\/haberkuzey.com\/wp-content\/uploads\/2025\/04\/istanbul-deprem-2353957_1.jpg","datePublished":"2025-04-23T11:39:12+00:00","author":{"@id":"https:\/\/haberkuzey.com\/#\/schema\/person\/3372109ec735f9333f4fa47ebb9605ca"},"breadcrumb":{"@id":"https:\/\/haberkuzey.com\/index.php\/2025\/04\/23\/istanbulda-bir-saatte-8-deprem\/#breadcrumb"},"inLanguage":"tr","potentialAction":[{"@type":"ReadAction","target":["https:\/\/haberkuzey.com\/index.php\/2025\/04\/23\/istanbulda-bir-saatte-8-deprem\/"]}]},{"@type":"ImageObject","inLanguage":"tr","@id":"https:\/\/haberkuzey.com\/index.php\/2025\/04\/23\/istanbulda-bir-saatte-8-deprem\/#primaryimage","url":"https:\/\/haberkuzey.com\/wp-content\/uploads\/2025\/04\/istanbul-deprem-2353957_1.jpg","contentUrl":"https:\/\/haberkuzey.com\/wp-content\/uploads\/2025\/04\/istanbul-deprem-2353957_1.jpg","width":800,"height":399},{"@type":"BreadcrumbList","@id":"https:\/\/haberkuzey.com\/index.php\/2025\/04\/23\/istanbulda-bir-saatte-8-deprem\/#breadcrumb","itemListElement":[{"@type":"ListItem","position":1,"name":"Anasayfa","item":"https:\/\/haberkuzey.com\/"},{"@type":"ListItem","position":2,"name":"\u0130stanbul\u2019da bir saatte 8 deprem"}]},{"@type":"WebSite","@id":"https:\/\/haberkuzey.com\/#website","url":"https:\/\/haberkuzey.com\/","name":"Haber Kuzey","description":"Do\u011fru Haberin Adresi","potentialAction":[{"@type":"SearchAction","target":{"@type":"EntryPoint","urlTemplate":"https:\/\/haberkuzey.com\/?s={search_term_string}"},"query-input":{"@type":"PropertyValueSpecification","valueRequired":true,"valueName":"search_term_string"}}],"inLanguage":"tr"},{"@type":"Person","@id":"https:\/\/haberkuzey.com\/#\/schema\/person\/3372109ec735f9333f4fa47ebb9605ca","name":"haberkuzey","image":{"@type":"ImageObject","inLanguage":"tr","@id":"https:\/\/secure.gravatar.com\/avatar\/f5fc875574b1575324358c3b9e6a32b8227aa5b74f3fa22e3cadb63e26fcc39c?s=96&d=mm&r=g","url":"https:\/\/secure.gravatar.com\/avatar\/f5fc875574b1575324358c3b9e6a32b8227aa5b74f3fa22e3cadb63e26fcc39c?s=96&d=mm&r=g","contentUrl":"https:\/\/secure.gravatar.com\/avatar\/f5fc875574b1575324358c3b9e6a32b8227aa5b74f3fa22e3cadb63e26fcc39c?s=96&d=mm&r=g","caption":"haberkuzey"},"sameAs":["https:\/\/haberkuzey.com"],"url":"https:\/\/haberkuzey.com\/index.php\/author\/haberkuzey\/"}]}},"_links":{"self":[{"href":"https:\/\/haberkuzey.com\/index.php\/wp-json\/wp\/v2\/posts\/22544","targetHints":{"allow":["GET"]}}],"collection":[{"href":"https:\/\/haberkuzey.com\/index.php\/wp-json\/wp\/v2\/posts"}],"about":[{"href":"https:\/\/haberkuzey.com\/index.php\/wp-json\/wp\/v2\/types\/post"}],"author":[{"embeddable":true,"href":"https:\/\/haberkuzey.com\/index.php\/wp-json\/wp\/v2\/users\/1"}],"replies":[{"embeddable":true,"href":"https:\/\/haberkuzey.com\/index.php\/wp-json\/wp\/v2\/comments?post=22544"}],"version-history":[{"count":0,"href":"https:\/\/haberkuzey.com\/index.php\/wp-json\/wp\/v2\/posts\/22544\/revisions"}],"wp:featuredmedia":[{"embeddable":true,"href":"https:\/\/haberkuzey.com\/index.php\/wp-json\/wp\/v2\/media\/22545"}],"wp:attachment":[{"href":"https:\/\/haberkuzey.com\/index.php\/wp-json\/wp\/v2\/media?parent=22544"}],"wp:term":[{"taxonomy":"category","embeddable":true,"href":"https:\/\/haberkuzey.com\/index.php\/wp-json\/wp\/v2\/categories?post=22544"},{"taxonomy":"post_tag","embeddable":true,"href":"https:\/\/haberkuzey.com\/index.php\/wp-json\/wp\/v2\/tags?post=22544"}],"curies":[{"name":"wp","href":"https:\/\/api.w.org\/{rel}","templated":true}]}}