{"id":22538,"date":"2025-04-23T14:28:14","date_gmt":"2025-04-23T11:28:14","guid":{"rendered":"https:\/\/haberkuzey.com\/index.php\/2025\/04\/23\/istanbul-valiligi-herhangi-bir-yikim-ihbari-alinmamistir\/"},"modified":"2025-04-23T14:28:14","modified_gmt":"2025-04-23T11:28:14","slug":"istanbul-valiligi-herhangi-bir-yikim-ihbari-alinmamistir","status":"publish","type":"post","link":"https:\/\/haberkuzey.com\/index.php\/2025\/04\/23\/istanbul-valiligi-herhangi-bir-yikim-ihbari-alinmamistir\/","title":{"rendered":"\u0130stanbul Valili\u011fi: Herhangi bir y\u0131k\u0131m ihbar\u0131 al\u0131nmam\u0131\u015ft\u0131r"},"content":{"rendered":"<div>\n<div class=\"mariselle-image-container center\">\n                                            <\/div>\n<p>\u0130stanbul Valili\u011fi\u2019nden yap\u0131lan a\u00e7\u0131klamada, \u201cAn itibar\u0131yla herhangi bir y\u0131k\u0131m ihbar\u0131 al\u0131nmam\u0131\u015f olup ilgili birimlerimizin alan tarama \u00e7al\u0131\u015fmalar\u0131 devam etmektedir\u201d denildi.<\/p>\n<p>Valili\u011fin sosyal medya hesab\u0131ndan, merkez \u00fcss\u00fc Marmara Denizi, \u0130stanbul\u2019un Silivri il\u00e7esi olan 6,2 b\u00fcy\u00fckl\u00fc\u011f\u00fcndeki depreme ili\u015fkin a\u00e7\u0131klama yap\u0131ld\u0131.<\/p>\n<p>A\u00e7\u0131klamada, \u201cMeydana gelen 6,2 b\u00fcy\u00fckl\u00fc\u011f\u00fcndeki deprem nedeniyle t\u00fcm birimlerimiz teyakkuz halindedir. An itibar\u0131yla herhangi bir y\u0131k\u0131m ihbar\u0131 al\u0131nmam\u0131\u015f olup ilgili birimlerimizin alan tarama \u00e7al\u0131\u015fmalar\u0131 devam etmektedir. Vatanda\u015flar\u0131m\u0131z\u0131n s\u00fckunetini korumalar\u0131n\u0131 ve hasar g\u00f6rm\u00fc\u015f olabilecek binalara yakla\u015fmamalar\u0131n\u0131 rica ediyoruz.\u201d ifadeleri kullan\u0131ld\u0131.<\/p>\n<\/p><\/div>\n<p><script async\n                    defer\n                    crossorigin=\"anonymous\"\n                    src=\"https:\/\/connect.facebook.net\/tr_TR\/sdk.js#xfbml=1&#038;version=v3.3\"\n            ><\/script><\/p>\n","protected":false},"excerpt":{"rendered":"<p>\u0130stanbul Valili\u011fi\u2019nden yap\u0131lan a\u00e7\u0131klamada, \u201cAn itibar\u0131yla herhangi bir y\u0131k\u0131m ihbar\u0131 al\u0131nmam\u0131\u015f olup ilgili birimlerimizin alan tarama \u00e7al\u0131\u015fmalar\u0131 devam etmektedir\u201d denildi. Valili\u011fin sosyal medya hesab\u0131ndan, merkez \u00fcss\u00fc Marmara Denizi, \u0130stanbul\u2019un Silivri il\u00e7esi olan 6,2 b\u00fcy\u00fckl\u00fc\u011f\u00fcndeki depreme ili\u015fkin a\u00e7\u0131klama yap\u0131ld\u0131. A\u00e7\u0131klamada, \u201cMeydana gelen 6,2 b\u00fcy\u00fckl\u00fc\u011f\u00fcndeki deprem nedeniyle t\u00fcm birimlerimiz teyakkuz halindedir. An itibar\u0131yla herhangi bir y\u0131k\u0131m ihbar\u0131 [&hellip;]<\/p>\n","protected":false},"author":1,"featured_media":22539,"comment_status":"open","ping_status":"open","sticky":false,"template":"","format":"standard","meta":{"jnews-multi-image_gallery":[],"jnews_single_post":[],"jnews_primary_category":[],"footnotes":""},"categories":[2],"tags":[],"class_list":["post-22538","post","type-post","status-publish","format-standard","has-post-thumbnail","hentry","category-dunya"],"yoast_head":"<!-- This site is optimized with the Yoast SEO plugin v27.5 - https:\/\/yoast.com\/product\/yoast-seo-wordpress\/ -->\n<title>\u0130stanbul Valili\u011fi: Herhangi bir y\u0131k\u0131m ihbar\u0131 al\u0131nmam\u0131\u015ft\u0131r - Haber Kuzey<\/title>\n<meta name=\"robots\" content=\"index, follow, max-snippet:-1, max-image-preview:large, max-video-preview:-1\" \/>\n<link rel=\"canonical\" href=\"https:\/\/haberkuzey.com\/index.php\/2025\/04\/23\/istanbul-valiligi-herhangi-bir-yikim-ihbari-alinmamistir\/\" \/>\n<meta property=\"og:locale\" content=\"tr_TR\" \/>\n<meta property=\"og:type\" content=\"article\" \/>\n<meta property=\"og:title\" content=\"\u0130stanbul Valili\u011fi: Herhangi bir y\u0131k\u0131m ihbar\u0131 al\u0131nmam\u0131\u015ft\u0131r - Haber Kuzey\" \/>\n<meta property=\"og:description\" content=\"\u0130stanbul Valili\u011fi\u2019nden yap\u0131lan a\u00e7\u0131klamada, \u201cAn itibar\u0131yla herhangi bir y\u0131k\u0131m ihbar\u0131 al\u0131nmam\u0131\u015f olup ilgili birimlerimizin alan tarama \u00e7al\u0131\u015fmalar\u0131 devam etmektedir\u201d denildi. Valili\u011fin sosyal medya hesab\u0131ndan, merkez \u00fcss\u00fc Marmara Denizi, \u0130stanbul\u2019un Silivri il\u00e7esi olan 6,2 b\u00fcy\u00fckl\u00fc\u011f\u00fcndeki depreme ili\u015fkin a\u00e7\u0131klama yap\u0131ld\u0131. A\u00e7\u0131klamada, \u201cMeydana gelen 6,2 b\u00fcy\u00fckl\u00fc\u011f\u00fcndeki deprem nedeniyle t\u00fcm birimlerimiz teyakkuz halindedir. An itibar\u0131yla herhangi bir y\u0131k\u0131m ihbar\u0131 [&hellip;]\" \/>\n<meta property=\"og:url\" content=\"https:\/\/haberkuzey.com\/index.php\/2025\/04\/23\/istanbul-valiligi-herhangi-bir-yikim-ihbari-alinmamistir\/\" \/>\n<meta property=\"og:site_name\" content=\"Haber Kuzey\" \/>\n<meta property=\"article:published_time\" content=\"2025-04-23T11:28:14+00:00\" \/>\n<meta property=\"og:image\" content=\"https:\/\/brtk.net\/wp-content\/uploads\/2025\/04\/23\/istanbul-valiligi-1510354_1.jpg?ver=2ee88965ce0fdf69aa659f4e00f5e873\" \/>\n<meta name=\"author\" content=\"haberkuzey\" \/>\n<meta name=\"twitter:card\" content=\"summary_large_image\" \/>\n<meta name=\"twitter:label1\" content=\"Yazan:\" \/>\n\t<meta name=\"twitter:data1\" content=\"haberkuzey\" \/>\n\t<meta name=\"twitter:label2\" content=\"Tahmini okuma s\u00fcresi\" \/>\n\t<meta name=\"twitter:data2\" content=\"1 dakika\" \/>\n<script type=\"application\/ld+json\" class=\"yoast-schema-graph\">{\"@context\":\"https:\\\/\\\/schema.org\",\"@graph\":[{\"@type\":\"Article\",\"@id\":\"https:\\\/\\\/haberkuzey.com\\\/index.php\\\/2025\\\/04\\\/23\\\/istanbul-valiligi-herhangi-bir-yikim-ihbari-alinmamistir\\\/#article\",\"isPartOf\":{\"@id\":\"https:\\\/\\\/haberkuzey.com\\\/index.php\\\/2025\\\/04\\\/23\\\/istanbul-valiligi-herhangi-bir-yikim-ihbari-alinmamistir\\\/\"},\"author\":{\"name\":\"haberkuzey\",\"@id\":\"https:\\\/\\\/haberkuzey.com\\\/#\\\/schema\\\/person\\\/3372109ec735f9333f4fa47ebb9605ca\"},\"headline\":\"\u0130stanbul Valili\u011fi: Herhangi bir y\u0131k\u0131m ihbar\u0131 al\u0131nmam\u0131\u015ft\u0131r\",\"datePublished\":\"2025-04-23T11:28:14+00:00\",\"mainEntityOfPage\":{\"@id\":\"https:\\\/\\\/haberkuzey.com\\\/index.php\\\/2025\\\/04\\\/23\\\/istanbul-valiligi-herhangi-bir-yikim-ihbari-alinmamistir\\\/\"},\"wordCount\":127,\"commentCount\":0,\"image\":{\"@id\":\"https:\\\/\\\/haberkuzey.com\\\/index.php\\\/2025\\\/04\\\/23\\\/istanbul-valiligi-herhangi-bir-yikim-ihbari-alinmamistir\\\/#primaryimage\"},\"thumbnailUrl\":\"https:\\\/\\\/haberkuzey.com\\\/wp-content\\\/uploads\\\/2025\\\/04\\\/istanbul-valiligi-1510354_1.jpg\",\"articleSection\":[\"D\u00fcnya\"],\"inLanguage\":\"tr\",\"potentialAction\":[{\"@type\":\"CommentAction\",\"name\":\"Comment\",\"target\":[\"https:\\\/\\\/haberkuzey.com\\\/index.php\\\/2025\\\/04\\\/23\\\/istanbul-valiligi-herhangi-bir-yikim-ihbari-alinmamistir\\\/#respond\"]}]},{\"@type\":\"WebPage\",\"@id\":\"https:\\\/\\\/haberkuzey.com\\\/index.php\\\/2025\\\/04\\\/23\\\/istanbul-valiligi-herhangi-bir-yikim-ihbari-alinmamistir\\\/\",\"url\":\"https:\\\/\\\/haberkuzey.com\\\/index.php\\\/2025\\\/04\\\/23\\\/istanbul-valiligi-herhangi-bir-yikim-ihbari-alinmamistir\\\/\",\"name\":\"\u0130stanbul Valili\u011fi: Herhangi bir y\u0131k\u0131m ihbar\u0131 al\u0131nmam\u0131\u015ft\u0131r - Haber Kuzey\",\"isPartOf\":{\"@id\":\"https:\\\/\\\/haberkuzey.com\\\/#website\"},\"primaryImageOfPage\":{\"@id\":\"https:\\\/\\\/haberkuzey.com\\\/index.php\\\/2025\\\/04\\\/23\\\/istanbul-valiligi-herhangi-bir-yikim-ihbari-alinmamistir\\\/#primaryimage\"},\"image\":{\"@id\":\"https:\\\/\\\/haberkuzey.com\\\/index.php\\\/2025\\\/04\\\/23\\\/istanbul-valiligi-herhangi-bir-yikim-ihbari-alinmamistir\\\/#primaryimage\"},\"thumbnailUrl\":\"https:\\\/\\\/haberkuzey.com\\\/wp-content\\\/uploads\\\/2025\\\/04\\\/istanbul-valiligi-1510354_1.jpg\",\"datePublished\":\"2025-04-23T11:28:14+00:00\",\"author\":{\"@id\":\"https:\\\/\\\/haberkuzey.com\\\/#\\\/schema\\\/person\\\/3372109ec735f9333f4fa47ebb9605ca\"},\"breadcrumb\":{\"@id\":\"https:\\\/\\\/haberkuzey.com\\\/index.php\\\/2025\\\/04\\\/23\\\/istanbul-valiligi-herhangi-bir-yikim-ihbari-alinmamistir\\\/#breadcrumb\"},\"inLanguage\":\"tr\",\"potentialAction\":[{\"@type\":\"ReadAction\",\"target\":[\"https:\\\/\\\/haberkuzey.com\\\/index.php\\\/2025\\\/04\\\/23\\\/istanbul-valiligi-herhangi-bir-yikim-ihbari-alinmamistir\\\/\"]}]},{\"@type\":\"ImageObject\",\"inLanguage\":\"tr\",\"@id\":\"https:\\\/\\\/haberkuzey.com\\\/index.php\\\/2025\\\/04\\\/23\\\/istanbul-valiligi-herhangi-bir-yikim-ihbari-alinmamistir\\\/#primaryimage\",\"url\":\"https:\\\/\\\/haberkuzey.com\\\/wp-content\\\/uploads\\\/2025\\\/04\\\/istanbul-valiligi-1510354_1.jpg\",\"contentUrl\":\"https:\\\/\\\/haberkuzey.com\\\/wp-content\\\/uploads\\\/2025\\\/04\\\/istanbul-valiligi-1510354_1.jpg\",\"width\":800,\"height\":450},{\"@type\":\"BreadcrumbList\",\"@id\":\"https:\\\/\\\/haberkuzey.com\\\/index.php\\\/2025\\\/04\\\/23\\\/istanbul-valiligi-herhangi-bir-yikim-ihbari-alinmamistir\\\/#breadcrumb\",\"itemListElement\":[{\"@type\":\"ListItem\",\"position\":1,\"name\":\"Anasayfa\",\"item\":\"https:\\\/\\\/haberkuzey.com\\\/\"},{\"@type\":\"ListItem\",\"position\":2,\"name\":\"\u0130stanbul Valili\u011fi: Herhangi bir y\u0131k\u0131m ihbar\u0131 al\u0131nmam\u0131\u015ft\u0131r\"}]},{\"@type\":\"WebSite\",\"@id\":\"https:\\\/\\\/haberkuzey.com\\\/#website\",\"url\":\"https:\\\/\\\/haberkuzey.com\\\/\",\"name\":\"Haber Kuzey\",\"description\":\"Do\u011fru Haberin Adresi\",\"potentialAction\":[{\"@type\":\"SearchAction\",\"target\":{\"@type\":\"EntryPoint\",\"urlTemplate\":\"https:\\\/\\\/haberkuzey.com\\\/?s={search_term_string}\"},\"query-input\":{\"@type\":\"PropertyValueSpecification\",\"valueRequired\":true,\"valueName\":\"search_term_string\"}}],\"inLanguage\":\"tr\"},{\"@type\":\"Person\",\"@id\":\"https:\\\/\\\/haberkuzey.com\\\/#\\\/schema\\\/person\\\/3372109ec735f9333f4fa47ebb9605ca\",\"name\":\"haberkuzey\",\"image\":{\"@type\":\"ImageObject\",\"inLanguage\":\"tr\",\"@id\":\"https:\\\/\\\/secure.gravatar.com\\\/avatar\\\/f5fc875574b1575324358c3b9e6a32b8227aa5b74f3fa22e3cadb63e26fcc39c?s=96&d=mm&r=g\",\"url\":\"https:\\\/\\\/secure.gravatar.com\\\/avatar\\\/f5fc875574b1575324358c3b9e6a32b8227aa5b74f3fa22e3cadb63e26fcc39c?s=96&d=mm&r=g\",\"contentUrl\":\"https:\\\/\\\/secure.gravatar.com\\\/avatar\\\/f5fc875574b1575324358c3b9e6a32b8227aa5b74f3fa22e3cadb63e26fcc39c?s=96&d=mm&r=g\",\"caption\":\"haberkuzey\"},\"sameAs\":[\"https:\\\/\\\/haberkuzey.com\"],\"url\":\"https:\\\/\\\/haberkuzey.com\\\/index.php\\\/author\\\/haberkuzey\\\/\"}]}<\/script>\n<!-- \/ Yoast SEO plugin. -->","yoast_head_json":{"title":"\u0130stanbul Valili\u011fi: Herhangi bir y\u0131k\u0131m ihbar\u0131 al\u0131nmam\u0131\u015ft\u0131r - Haber Kuzey","robots":{"index":"index","follow":"follow","max-snippet":"max-snippet:-1","max-image-preview":"max-image-preview:large","max-video-preview":"max-video-preview:-1"},"canonical":"https:\/\/haberkuzey.com\/index.php\/2025\/04\/23\/istanbul-valiligi-herhangi-bir-yikim-ihbari-alinmamistir\/","og_locale":"tr_TR","og_type":"article","og_title":"\u0130stanbul Valili\u011fi: Herhangi bir y\u0131k\u0131m ihbar\u0131 al\u0131nmam\u0131\u015ft\u0131r - Haber Kuzey","og_description":"\u0130stanbul Valili\u011fi\u2019nden yap\u0131lan a\u00e7\u0131klamada, \u201cAn itibar\u0131yla herhangi bir y\u0131k\u0131m ihbar\u0131 al\u0131nmam\u0131\u015f olup ilgili birimlerimizin alan tarama \u00e7al\u0131\u015fmalar\u0131 devam etmektedir\u201d denildi. Valili\u011fin sosyal medya hesab\u0131ndan, merkez \u00fcss\u00fc Marmara Denizi, \u0130stanbul\u2019un Silivri il\u00e7esi olan 6,2 b\u00fcy\u00fckl\u00fc\u011f\u00fcndeki depreme ili\u015fkin a\u00e7\u0131klama yap\u0131ld\u0131. A\u00e7\u0131klamada, \u201cMeydana gelen 6,2 b\u00fcy\u00fckl\u00fc\u011f\u00fcndeki deprem nedeniyle t\u00fcm birimlerimiz teyakkuz halindedir. An itibar\u0131yla herhangi bir y\u0131k\u0131m ihbar\u0131 [&hellip;]","og_url":"https:\/\/haberkuzey.com\/index.php\/2025\/04\/23\/istanbul-valiligi-herhangi-bir-yikim-ihbari-alinmamistir\/","og_site_name":"Haber Kuzey","article_published_time":"2025-04-23T11:28:14+00:00","og_image":[{"url":"https:\/\/brtk.net\/wp-content\/uploads\/2025\/04\/23\/istanbul-valiligi-1510354_1.jpg?ver=2ee88965ce0fdf69aa659f4e00f5e873","type":"","width":"","height":""}],"author":"haberkuzey","twitter_card":"summary_large_image","twitter_misc":{"Yazan:":"haberkuzey","Tahmini okuma s\u00fcresi":"1 dakika"},"schema":{"@context":"https:\/\/schema.org","@graph":[{"@type":"Article","@id":"https:\/\/haberkuzey.com\/index.php\/2025\/04\/23\/istanbul-valiligi-herhangi-bir-yikim-ihbari-alinmamistir\/#article","isPartOf":{"@id":"https:\/\/haberkuzey.com\/index.php\/2025\/04\/23\/istanbul-valiligi-herhangi-bir-yikim-ihbari-alinmamistir\/"},"author":{"name":"haberkuzey","@id":"https:\/\/haberkuzey.com\/#\/schema\/person\/3372109ec735f9333f4fa47ebb9605ca"},"headline":"\u0130stanbul Valili\u011fi: Herhangi bir y\u0131k\u0131m ihbar\u0131 al\u0131nmam\u0131\u015ft\u0131r","datePublished":"2025-04-23T11:28:14+00:00","mainEntityOfPage":{"@id":"https:\/\/haberkuzey.com\/index.php\/2025\/04\/23\/istanbul-valiligi-herhangi-bir-yikim-ihbari-alinmamistir\/"},"wordCount":127,"commentCount":0,"image":{"@id":"https:\/\/haberkuzey.com\/index.php\/2025\/04\/23\/istanbul-valiligi-herhangi-bir-yikim-ihbari-alinmamistir\/#primaryimage"},"thumbnailUrl":"https:\/\/haberkuzey.com\/wp-content\/uploads\/2025\/04\/istanbul-valiligi-1510354_1.jpg","articleSection":["D\u00fcnya"],"inLanguage":"tr","potentialAction":[{"@type":"CommentAction","name":"Comment","target":["https:\/\/haberkuzey.com\/index.php\/2025\/04\/23\/istanbul-valiligi-herhangi-bir-yikim-ihbari-alinmamistir\/#respond"]}]},{"@type":"WebPage","@id":"https:\/\/haberkuzey.com\/index.php\/2025\/04\/23\/istanbul-valiligi-herhangi-bir-yikim-ihbari-alinmamistir\/","url":"https:\/\/haberkuzey.com\/index.php\/2025\/04\/23\/istanbul-valiligi-herhangi-bir-yikim-ihbari-alinmamistir\/","name":"\u0130stanbul Valili\u011fi: Herhangi bir y\u0131k\u0131m ihbar\u0131 al\u0131nmam\u0131\u015ft\u0131r - Haber Kuzey","isPartOf":{"@id":"https:\/\/haberkuzey.com\/#website"},"primaryImageOfPage":{"@id":"https:\/\/haberkuzey.com\/index.php\/2025\/04\/23\/istanbul-valiligi-herhangi-bir-yikim-ihbari-alinmamistir\/#primaryimage"},"image":{"@id":"https:\/\/haberkuzey.com\/index.php\/2025\/04\/23\/istanbul-valiligi-herhangi-bir-yikim-ihbari-alinmamistir\/#primaryimage"},"thumbnailUrl":"https:\/\/haberkuzey.com\/wp-content\/uploads\/2025\/04\/istanbul-valiligi-1510354_1.jpg","datePublished":"2025-04-23T11:28:14+00:00","author":{"@id":"https:\/\/haberkuzey.com\/#\/schema\/person\/3372109ec735f9333f4fa47ebb9605ca"},"breadcrumb":{"@id":"https:\/\/haberkuzey.com\/index.php\/2025\/04\/23\/istanbul-valiligi-herhangi-bir-yikim-ihbari-alinmamistir\/#breadcrumb"},"inLanguage":"tr","potentialAction":[{"@type":"ReadAction","target":["https:\/\/haberkuzey.com\/index.php\/2025\/04\/23\/istanbul-valiligi-herhangi-bir-yikim-ihbari-alinmamistir\/"]}]},{"@type":"ImageObject","inLanguage":"tr","@id":"https:\/\/haberkuzey.com\/index.php\/2025\/04\/23\/istanbul-valiligi-herhangi-bir-yikim-ihbari-alinmamistir\/#primaryimage","url":"https:\/\/haberkuzey.com\/wp-content\/uploads\/2025\/04\/istanbul-valiligi-1510354_1.jpg","contentUrl":"https:\/\/haberkuzey.com\/wp-content\/uploads\/2025\/04\/istanbul-valiligi-1510354_1.jpg","width":800,"height":450},{"@type":"BreadcrumbList","@id":"https:\/\/haberkuzey.com\/index.php\/2025\/04\/23\/istanbul-valiligi-herhangi-bir-yikim-ihbari-alinmamistir\/#breadcrumb","itemListElement":[{"@type":"ListItem","position":1,"name":"Anasayfa","item":"https:\/\/haberkuzey.com\/"},{"@type":"ListItem","position":2,"name":"\u0130stanbul Valili\u011fi: Herhangi bir y\u0131k\u0131m ihbar\u0131 al\u0131nmam\u0131\u015ft\u0131r"}]},{"@type":"WebSite","@id":"https:\/\/haberkuzey.com\/#website","url":"https:\/\/haberkuzey.com\/","name":"Haber Kuzey","description":"Do\u011fru Haberin Adresi","potentialAction":[{"@type":"SearchAction","target":{"@type":"EntryPoint","urlTemplate":"https:\/\/haberkuzey.com\/?s={search_term_string}"},"query-input":{"@type":"PropertyValueSpecification","valueRequired":true,"valueName":"search_term_string"}}],"inLanguage":"tr"},{"@type":"Person","@id":"https:\/\/haberkuzey.com\/#\/schema\/person\/3372109ec735f9333f4fa47ebb9605ca","name":"haberkuzey","image":{"@type":"ImageObject","inLanguage":"tr","@id":"https:\/\/secure.gravatar.com\/avatar\/f5fc875574b1575324358c3b9e6a32b8227aa5b74f3fa22e3cadb63e26fcc39c?s=96&d=mm&r=g","url":"https:\/\/secure.gravatar.com\/avatar\/f5fc875574b1575324358c3b9e6a32b8227aa5b74f3fa22e3cadb63e26fcc39c?s=96&d=mm&r=g","contentUrl":"https:\/\/secure.gravatar.com\/avatar\/f5fc875574b1575324358c3b9e6a32b8227aa5b74f3fa22e3cadb63e26fcc39c?s=96&d=mm&r=g","caption":"haberkuzey"},"sameAs":["https:\/\/haberkuzey.com"],"url":"https:\/\/haberkuzey.com\/index.php\/author\/haberkuzey\/"}]}},"_links":{"self":[{"href":"https:\/\/haberkuzey.com\/index.php\/wp-json\/wp\/v2\/posts\/22538","targetHints":{"allow":["GET"]}}],"collection":[{"href":"https:\/\/haberkuzey.com\/index.php\/wp-json\/wp\/v2\/posts"}],"about":[{"href":"https:\/\/haberkuzey.com\/index.php\/wp-json\/wp\/v2\/types\/post"}],"author":[{"embeddable":true,"href":"https:\/\/haberkuzey.com\/index.php\/wp-json\/wp\/v2\/users\/1"}],"replies":[{"embeddable":true,"href":"https:\/\/haberkuzey.com\/index.php\/wp-json\/wp\/v2\/comments?post=22538"}],"version-history":[{"count":0,"href":"https:\/\/haberkuzey.com\/index.php\/wp-json\/wp\/v2\/posts\/22538\/revisions"}],"wp:featuredmedia":[{"embeddable":true,"href":"https:\/\/haberkuzey.com\/index.php\/wp-json\/wp\/v2\/media\/22539"}],"wp:attachment":[{"href":"https:\/\/haberkuzey.com\/index.php\/wp-json\/wp\/v2\/media?parent=22538"}],"wp:term":[{"taxonomy":"category","embeddable":true,"href":"https:\/\/haberkuzey.com\/index.php\/wp-json\/wp\/v2\/categories?post=22538"},{"taxonomy":"post_tag","embeddable":true,"href":"https:\/\/haberkuzey.com\/index.php\/wp-json\/wp\/v2\/tags?post=22538"}],"curies":[{"name":"wp","href":"https:\/\/api.w.org\/{rel}","templated":true}]}}