{"id":22534,"date":"2025-04-23T13:55:18","date_gmt":"2025-04-23T10:55:18","guid":{"rendered":"https:\/\/haberkuzey.com\/index.php\/2025\/04\/23\/istanbulda-art-arda-7-deprem-afaddan-onemli-uyari\/"},"modified":"2025-04-23T13:55:18","modified_gmt":"2025-04-23T10:55:18","slug":"istanbulda-art-arda-7-deprem-afaddan-onemli-uyari","status":"publish","type":"post","link":"https:\/\/haberkuzey.com\/index.php\/2025\/04\/23\/istanbulda-art-arda-7-deprem-afaddan-onemli-uyari\/","title":{"rendered":"\u0130stanbul\u2019da art arda 7 deprem..AFAD\u2019dan \u00f6nemli uyar\u0131"},"content":{"rendered":"<div>\n<div class=\"mariselle-image-container center\">\n                                            <\/div>\n<p>\n\u0130stanbul\u2019da Silivri a\u00e7\u0131klar\u0131nda saat 12.49\u2019da 6,2 b\u00fcy\u00fckl\u00fc\u011f\u00fcnde bir deprem meydana geldi. \u015eiddetli deprem, \u00e7ok say\u0131da \u00e7evre ilden de hissedildi. \u0130\u00e7i\u015fleri Bakan\u0131 Yerlikaya da t\u00fcm ekiplerin saha taramalar\u0131na ba\u015flad\u0131\u011f\u0131n\u0131 aktard\u0131.<\/p>\n<p>Afet ve Acil Durum Y\u00f6netimi Ba\u015fkanl\u0131\u011f\u0131n\u0131n (AFAD) internet sitesinde yer alan bilgiye g\u00f6re, merkez \u00fcss\u00fc Silivri a\u00e7\u0131klar\u0131nda 6,2 b\u00fcy\u00fckl\u00fc\u011f\u00fcnde sars\u0131nt\u0131 kaydedildi.<\/p>\n<p>Depremin yerin 6,92 kilometre derinli\u011finde meydana geldi\u011fi belirlendi.<\/p>\n<p>12.49\u2019da meydana gelen \u015fiddetli deprem Marmara B\u00f6lgesi\u2019nin b\u00fcy\u00fck b\u00f6l\u00fcm\u00fcnde hissedildi.<\/p>\n<p><strong>Vatanda\u015flar sokaklara d\u00f6k\u00fcld\u00fc<\/strong><br \/>Korkutan deprem dolay\u0131s\u0131yla vatanda\u015flar kendilerini sokaklara att\u0131.<\/p>\n<p>Vatanda\u015flar, parklarda ve a\u00e7\u0131k alanlarda topland\u0131. Ba\u011fc\u0131lar\u2019da vatanda\u015flar depremin ard\u0131ndan Ba\u011fc\u0131lar Millet Bah\u00e7esi\u2019ne gitti.<\/p>\n<p>Be\u015fikta\u015f Bebek\u2019te depremin etkisiyle \u00e7evredeki d\u00fckkanlarda ve kafelerde bulunan vatanda\u015flar soka\u011fa ko\u015ftu. Vatanda\u015flar cep telefonlar\u0131yla yak\u0131nlar\u0131n\u0131 arad\u0131.<\/p>\n<p>\u0130stanbul Havaliman\u0131\u2019ndaki yolcular ve \u00e7al\u0131\u015fanlar da panikleyerek d\u0131\u015far\u0131 \u00e7\u0131kt\u0131. Taksim Meydan\u0131\u2019nda bulunan otel ve i\u015f yerlerinde \u00e7al\u0131\u015fanlar depremin ard\u0131ndan meydanda beklemeye ba\u015flad\u0131.<\/p>\n<p>Vatanda\u015flar\u0131n sokaklardaki bekleyi\u015fi s\u00fcr\u00fcyor.<\/p>\n<p><strong>Bakan Yerlikaya: T\u00fcm ekipler saha taramalar\u0131na ba\u015flad\u0131<\/strong><br \/>TC \u0130\u00e7i\u015fleri Bakan\u0131 Ali Yerlikaya, \u0130stanbul\u2019de meydana gelen depremin ard\u0131ndan t\u00fcm ekiplerin saha taramalar\u0131na ba\u015flad\u0131\u011f\u0131n\u0131 duyurdu.<\/p>\n<p>\u201c\u0130stanbul Marmara Denizi Silivri\u2019de 6,2 b\u00fcy\u00fckl\u00fc\u011f\u00fcnde bir deprem meydana gelmi\u015ftir. \u00c7evre illerden de hissedilen depremle ilgili olarak, AFAD ve ilgili kurumlar\u0131m\u0131z\u0131n t\u00fcm ekipleri saha taramalar\u0131na ba\u015flam\u0131\u015ft\u0131r. Depremden etkilenen vatanda\u015flar\u0131m\u0131za ge\u00e7mi\u015f olsun dileklerimi sunuyorum. Allah \u00fclkemizi ve milletimizi afetlerden korusun.\u201d<\/p>\n<\/p><\/div>\n<p><script async\n                    defer\n                    crossorigin=\"anonymous\"\n                    src=\"https:\/\/connect.facebook.net\/tr_TR\/sdk.js#xfbml=1&#038;version=v3.3\"\n            ><\/script><\/p>\n","protected":false},"excerpt":{"rendered":"<p>\u0130stanbul\u2019da Silivri a\u00e7\u0131klar\u0131nda saat 12.49\u2019da 6,2 b\u00fcy\u00fckl\u00fc\u011f\u00fcnde bir deprem meydana geldi. \u015eiddetli deprem, \u00e7ok say\u0131da \u00e7evre ilden de hissedildi. \u0130\u00e7i\u015fleri Bakan\u0131 Yerlikaya da t\u00fcm ekiplerin saha taramalar\u0131na ba\u015flad\u0131\u011f\u0131n\u0131 aktard\u0131. Afet ve Acil Durum Y\u00f6netimi Ba\u015fkanl\u0131\u011f\u0131n\u0131n (AFAD) internet sitesinde yer alan bilgiye g\u00f6re, merkez \u00fcss\u00fc Silivri a\u00e7\u0131klar\u0131nda 6,2 b\u00fcy\u00fckl\u00fc\u011f\u00fcnde sars\u0131nt\u0131 kaydedildi. Depremin yerin 6,92 kilometre derinli\u011finde [&hellip;]<\/p>\n","protected":false},"author":1,"featured_media":22535,"comment_status":"open","ping_status":"open","sticky":false,"template":"","format":"standard","meta":{"jnews-multi-image_gallery":[],"jnews_single_post":[],"jnews_primary_category":[],"footnotes":""},"categories":[2],"tags":[],"class_list":["post-22534","post","type-post","status-publish","format-standard","has-post-thumbnail","hentry","category-dunya"],"yoast_head":"<!-- This site is optimized with the Yoast SEO plugin v27.5 - https:\/\/yoast.com\/product\/yoast-seo-wordpress\/ -->\n<title>\u0130stanbul\u2019da art arda 7 deprem..AFAD\u2019dan \u00f6nemli uyar\u0131 - Haber Kuzey<\/title>\n<meta name=\"robots\" content=\"index, follow, max-snippet:-1, max-image-preview:large, max-video-preview:-1\" \/>\n<link rel=\"canonical\" href=\"https:\/\/haberkuzey.com\/index.php\/2025\/04\/23\/istanbulda-art-arda-7-deprem-afaddan-onemli-uyari\/\" \/>\n<meta property=\"og:locale\" content=\"tr_TR\" \/>\n<meta property=\"og:type\" content=\"article\" \/>\n<meta property=\"og:title\" content=\"\u0130stanbul\u2019da art arda 7 deprem..AFAD\u2019dan \u00f6nemli uyar\u0131 - Haber Kuzey\" \/>\n<meta property=\"og:description\" content=\"\u0130stanbul\u2019da Silivri a\u00e7\u0131klar\u0131nda saat 12.49\u2019da 6,2 b\u00fcy\u00fckl\u00fc\u011f\u00fcnde bir deprem meydana geldi. \u015eiddetli deprem, \u00e7ok say\u0131da \u00e7evre ilden de hissedildi. \u0130\u00e7i\u015fleri Bakan\u0131 Yerlikaya da t\u00fcm ekiplerin saha taramalar\u0131na ba\u015flad\u0131\u011f\u0131n\u0131 aktard\u0131. Afet ve Acil Durum Y\u00f6netimi Ba\u015fkanl\u0131\u011f\u0131n\u0131n (AFAD) internet sitesinde yer alan bilgiye g\u00f6re, merkez \u00fcss\u00fc Silivri a\u00e7\u0131klar\u0131nda 6,2 b\u00fcy\u00fckl\u00fc\u011f\u00fcnde sars\u0131nt\u0131 kaydedildi. Depremin yerin 6,92 kilometre derinli\u011finde [&hellip;]\" \/>\n<meta property=\"og:url\" content=\"https:\/\/haberkuzey.com\/index.php\/2025\/04\/23\/istanbulda-art-arda-7-deprem-afaddan-onemli-uyari\/\" \/>\n<meta property=\"og:site_name\" content=\"Haber Kuzey\" \/>\n<meta property=\"article:published_time\" content=\"2025-04-23T10:55:18+00:00\" \/>\n<meta property=\"og:image\" content=\"https:\/\/brtk.net\/wp-content\/uploads\/2025\/04\/23\/istanbul-da-art-arda-depremler_1745403349_SoN460.webp?ver=4880ef0d38416eecfcfdb9c9dc97c5e7\" \/>\n<meta name=\"author\" content=\"haberkuzey\" \/>\n<meta name=\"twitter:card\" content=\"summary_large_image\" \/>\n<meta name=\"twitter:label1\" content=\"Yazan:\" \/>\n\t<meta name=\"twitter:data1\" content=\"haberkuzey\" \/>\n\t<meta name=\"twitter:label2\" content=\"Tahmini okuma s\u00fcresi\" \/>\n\t<meta name=\"twitter:data2\" content=\"1 dakika\" \/>\n<script type=\"application\/ld+json\" class=\"yoast-schema-graph\">{\"@context\":\"https:\\\/\\\/schema.org\",\"@graph\":[{\"@type\":\"Article\",\"@id\":\"https:\\\/\\\/haberkuzey.com\\\/index.php\\\/2025\\\/04\\\/23\\\/istanbulda-art-arda-7-deprem-afaddan-onemli-uyari\\\/#article\",\"isPartOf\":{\"@id\":\"https:\\\/\\\/haberkuzey.com\\\/index.php\\\/2025\\\/04\\\/23\\\/istanbulda-art-arda-7-deprem-afaddan-onemli-uyari\\\/\"},\"author\":{\"name\":\"haberkuzey\",\"@id\":\"https:\\\/\\\/haberkuzey.com\\\/#\\\/schema\\\/person\\\/3372109ec735f9333f4fa47ebb9605ca\"},\"headline\":\"\u0130stanbul\u2019da art arda 7 deprem..AFAD\u2019dan \u00f6nemli uyar\u0131\",\"datePublished\":\"2025-04-23T10:55:18+00:00\",\"mainEntityOfPage\":{\"@id\":\"https:\\\/\\\/haberkuzey.com\\\/index.php\\\/2025\\\/04\\\/23\\\/istanbulda-art-arda-7-deprem-afaddan-onemli-uyari\\\/\"},\"wordCount\":300,\"commentCount\":0,\"image\":{\"@id\":\"https:\\\/\\\/haberkuzey.com\\\/index.php\\\/2025\\\/04\\\/23\\\/istanbulda-art-arda-7-deprem-afaddan-onemli-uyari\\\/#primaryimage\"},\"thumbnailUrl\":\"https:\\\/\\\/haberkuzey.com\\\/wp-content\\\/uploads\\\/2025\\\/04\\\/istanbul-da-art-arda-depremler_1745403349_SoN460.webp.webp\",\"articleSection\":[\"D\u00fcnya\"],\"inLanguage\":\"tr\",\"potentialAction\":[{\"@type\":\"CommentAction\",\"name\":\"Comment\",\"target\":[\"https:\\\/\\\/haberkuzey.com\\\/index.php\\\/2025\\\/04\\\/23\\\/istanbulda-art-arda-7-deprem-afaddan-onemli-uyari\\\/#respond\"]}]},{\"@type\":\"WebPage\",\"@id\":\"https:\\\/\\\/haberkuzey.com\\\/index.php\\\/2025\\\/04\\\/23\\\/istanbulda-art-arda-7-deprem-afaddan-onemli-uyari\\\/\",\"url\":\"https:\\\/\\\/haberkuzey.com\\\/index.php\\\/2025\\\/04\\\/23\\\/istanbulda-art-arda-7-deprem-afaddan-onemli-uyari\\\/\",\"name\":\"\u0130stanbul\u2019da art arda 7 deprem..AFAD\u2019dan \u00f6nemli uyar\u0131 - Haber Kuzey\",\"isPartOf\":{\"@id\":\"https:\\\/\\\/haberkuzey.com\\\/#website\"},\"primaryImageOfPage\":{\"@id\":\"https:\\\/\\\/haberkuzey.com\\\/index.php\\\/2025\\\/04\\\/23\\\/istanbulda-art-arda-7-deprem-afaddan-onemli-uyari\\\/#primaryimage\"},\"image\":{\"@id\":\"https:\\\/\\\/haberkuzey.com\\\/index.php\\\/2025\\\/04\\\/23\\\/istanbulda-art-arda-7-deprem-afaddan-onemli-uyari\\\/#primaryimage\"},\"thumbnailUrl\":\"https:\\\/\\\/haberkuzey.com\\\/wp-content\\\/uploads\\\/2025\\\/04\\\/istanbul-da-art-arda-depremler_1745403349_SoN460.webp.webp\",\"datePublished\":\"2025-04-23T10:55:18+00:00\",\"author\":{\"@id\":\"https:\\\/\\\/haberkuzey.com\\\/#\\\/schema\\\/person\\\/3372109ec735f9333f4fa47ebb9605ca\"},\"breadcrumb\":{\"@id\":\"https:\\\/\\\/haberkuzey.com\\\/index.php\\\/2025\\\/04\\\/23\\\/istanbulda-art-arda-7-deprem-afaddan-onemli-uyari\\\/#breadcrumb\"},\"inLanguage\":\"tr\",\"potentialAction\":[{\"@type\":\"ReadAction\",\"target\":[\"https:\\\/\\\/haberkuzey.com\\\/index.php\\\/2025\\\/04\\\/23\\\/istanbulda-art-arda-7-deprem-afaddan-onemli-uyari\\\/\"]}]},{\"@type\":\"ImageObject\",\"inLanguage\":\"tr\",\"@id\":\"https:\\\/\\\/haberkuzey.com\\\/index.php\\\/2025\\\/04\\\/23\\\/istanbulda-art-arda-7-deprem-afaddan-onemli-uyari\\\/#primaryimage\",\"url\":\"https:\\\/\\\/haberkuzey.com\\\/wp-content\\\/uploads\\\/2025\\\/04\\\/istanbul-da-art-arda-depremler_1745403349_SoN460.webp.webp\",\"contentUrl\":\"https:\\\/\\\/haberkuzey.com\\\/wp-content\\\/uploads\\\/2025\\\/04\\\/istanbul-da-art-arda-depremler_1745403349_SoN460.webp.webp\",\"width\":740,\"height\":417},{\"@type\":\"BreadcrumbList\",\"@id\":\"https:\\\/\\\/haberkuzey.com\\\/index.php\\\/2025\\\/04\\\/23\\\/istanbulda-art-arda-7-deprem-afaddan-onemli-uyari\\\/#breadcrumb\",\"itemListElement\":[{\"@type\":\"ListItem\",\"position\":1,\"name\":\"Anasayfa\",\"item\":\"https:\\\/\\\/haberkuzey.com\\\/\"},{\"@type\":\"ListItem\",\"position\":2,\"name\":\"\u0130stanbul\u2019da art arda 7 deprem..AFAD\u2019dan \u00f6nemli uyar\u0131\"}]},{\"@type\":\"WebSite\",\"@id\":\"https:\\\/\\\/haberkuzey.com\\\/#website\",\"url\":\"https:\\\/\\\/haberkuzey.com\\\/\",\"name\":\"Haber Kuzey\",\"description\":\"Do\u011fru Haberin Adresi\",\"potentialAction\":[{\"@type\":\"SearchAction\",\"target\":{\"@type\":\"EntryPoint\",\"urlTemplate\":\"https:\\\/\\\/haberkuzey.com\\\/?s={search_term_string}\"},\"query-input\":{\"@type\":\"PropertyValueSpecification\",\"valueRequired\":true,\"valueName\":\"search_term_string\"}}],\"inLanguage\":\"tr\"},{\"@type\":\"Person\",\"@id\":\"https:\\\/\\\/haberkuzey.com\\\/#\\\/schema\\\/person\\\/3372109ec735f9333f4fa47ebb9605ca\",\"name\":\"haberkuzey\",\"image\":{\"@type\":\"ImageObject\",\"inLanguage\":\"tr\",\"@id\":\"https:\\\/\\\/secure.gravatar.com\\\/avatar\\\/f5fc875574b1575324358c3b9e6a32b8227aa5b74f3fa22e3cadb63e26fcc39c?s=96&d=mm&r=g\",\"url\":\"https:\\\/\\\/secure.gravatar.com\\\/avatar\\\/f5fc875574b1575324358c3b9e6a32b8227aa5b74f3fa22e3cadb63e26fcc39c?s=96&d=mm&r=g\",\"contentUrl\":\"https:\\\/\\\/secure.gravatar.com\\\/avatar\\\/f5fc875574b1575324358c3b9e6a32b8227aa5b74f3fa22e3cadb63e26fcc39c?s=96&d=mm&r=g\",\"caption\":\"haberkuzey\"},\"sameAs\":[\"https:\\\/\\\/haberkuzey.com\"],\"url\":\"https:\\\/\\\/haberkuzey.com\\\/index.php\\\/author\\\/haberkuzey\\\/\"}]}<\/script>\n<!-- \/ Yoast SEO plugin. -->","yoast_head_json":{"title":"\u0130stanbul\u2019da art arda 7 deprem..AFAD\u2019dan \u00f6nemli uyar\u0131 - Haber Kuzey","robots":{"index":"index","follow":"follow","max-snippet":"max-snippet:-1","max-image-preview":"max-image-preview:large","max-video-preview":"max-video-preview:-1"},"canonical":"https:\/\/haberkuzey.com\/index.php\/2025\/04\/23\/istanbulda-art-arda-7-deprem-afaddan-onemli-uyari\/","og_locale":"tr_TR","og_type":"article","og_title":"\u0130stanbul\u2019da art arda 7 deprem..AFAD\u2019dan \u00f6nemli uyar\u0131 - Haber Kuzey","og_description":"\u0130stanbul\u2019da Silivri a\u00e7\u0131klar\u0131nda saat 12.49\u2019da 6,2 b\u00fcy\u00fckl\u00fc\u011f\u00fcnde bir deprem meydana geldi. \u015eiddetli deprem, \u00e7ok say\u0131da \u00e7evre ilden de hissedildi. \u0130\u00e7i\u015fleri Bakan\u0131 Yerlikaya da t\u00fcm ekiplerin saha taramalar\u0131na ba\u015flad\u0131\u011f\u0131n\u0131 aktard\u0131. Afet ve Acil Durum Y\u00f6netimi Ba\u015fkanl\u0131\u011f\u0131n\u0131n (AFAD) internet sitesinde yer alan bilgiye g\u00f6re, merkez \u00fcss\u00fc Silivri a\u00e7\u0131klar\u0131nda 6,2 b\u00fcy\u00fckl\u00fc\u011f\u00fcnde sars\u0131nt\u0131 kaydedildi. Depremin yerin 6,92 kilometre derinli\u011finde [&hellip;]","og_url":"https:\/\/haberkuzey.com\/index.php\/2025\/04\/23\/istanbulda-art-arda-7-deprem-afaddan-onemli-uyari\/","og_site_name":"Haber Kuzey","article_published_time":"2025-04-23T10:55:18+00:00","og_image":[{"url":"https:\/\/brtk.net\/wp-content\/uploads\/2025\/04\/23\/istanbul-da-art-arda-depremler_1745403349_SoN460.webp?ver=4880ef0d38416eecfcfdb9c9dc97c5e7","type":"","width":"","height":""}],"author":"haberkuzey","twitter_card":"summary_large_image","twitter_misc":{"Yazan:":"haberkuzey","Tahmini okuma s\u00fcresi":"1 dakika"},"schema":{"@context":"https:\/\/schema.org","@graph":[{"@type":"Article","@id":"https:\/\/haberkuzey.com\/index.php\/2025\/04\/23\/istanbulda-art-arda-7-deprem-afaddan-onemli-uyari\/#article","isPartOf":{"@id":"https:\/\/haberkuzey.com\/index.php\/2025\/04\/23\/istanbulda-art-arda-7-deprem-afaddan-onemli-uyari\/"},"author":{"name":"haberkuzey","@id":"https:\/\/haberkuzey.com\/#\/schema\/person\/3372109ec735f9333f4fa47ebb9605ca"},"headline":"\u0130stanbul\u2019da art arda 7 deprem..AFAD\u2019dan \u00f6nemli uyar\u0131","datePublished":"2025-04-23T10:55:18+00:00","mainEntityOfPage":{"@id":"https:\/\/haberkuzey.com\/index.php\/2025\/04\/23\/istanbulda-art-arda-7-deprem-afaddan-onemli-uyari\/"},"wordCount":300,"commentCount":0,"image":{"@id":"https:\/\/haberkuzey.com\/index.php\/2025\/04\/23\/istanbulda-art-arda-7-deprem-afaddan-onemli-uyari\/#primaryimage"},"thumbnailUrl":"https:\/\/haberkuzey.com\/wp-content\/uploads\/2025\/04\/istanbul-da-art-arda-depremler_1745403349_SoN460.webp.webp","articleSection":["D\u00fcnya"],"inLanguage":"tr","potentialAction":[{"@type":"CommentAction","name":"Comment","target":["https:\/\/haberkuzey.com\/index.php\/2025\/04\/23\/istanbulda-art-arda-7-deprem-afaddan-onemli-uyari\/#respond"]}]},{"@type":"WebPage","@id":"https:\/\/haberkuzey.com\/index.php\/2025\/04\/23\/istanbulda-art-arda-7-deprem-afaddan-onemli-uyari\/","url":"https:\/\/haberkuzey.com\/index.php\/2025\/04\/23\/istanbulda-art-arda-7-deprem-afaddan-onemli-uyari\/","name":"\u0130stanbul\u2019da art arda 7 deprem..AFAD\u2019dan \u00f6nemli uyar\u0131 - Haber Kuzey","isPartOf":{"@id":"https:\/\/haberkuzey.com\/#website"},"primaryImageOfPage":{"@id":"https:\/\/haberkuzey.com\/index.php\/2025\/04\/23\/istanbulda-art-arda-7-deprem-afaddan-onemli-uyari\/#primaryimage"},"image":{"@id":"https:\/\/haberkuzey.com\/index.php\/2025\/04\/23\/istanbulda-art-arda-7-deprem-afaddan-onemli-uyari\/#primaryimage"},"thumbnailUrl":"https:\/\/haberkuzey.com\/wp-content\/uploads\/2025\/04\/istanbul-da-art-arda-depremler_1745403349_SoN460.webp.webp","datePublished":"2025-04-23T10:55:18+00:00","author":{"@id":"https:\/\/haberkuzey.com\/#\/schema\/person\/3372109ec735f9333f4fa47ebb9605ca"},"breadcrumb":{"@id":"https:\/\/haberkuzey.com\/index.php\/2025\/04\/23\/istanbulda-art-arda-7-deprem-afaddan-onemli-uyari\/#breadcrumb"},"inLanguage":"tr","potentialAction":[{"@type":"ReadAction","target":["https:\/\/haberkuzey.com\/index.php\/2025\/04\/23\/istanbulda-art-arda-7-deprem-afaddan-onemli-uyari\/"]}]},{"@type":"ImageObject","inLanguage":"tr","@id":"https:\/\/haberkuzey.com\/index.php\/2025\/04\/23\/istanbulda-art-arda-7-deprem-afaddan-onemli-uyari\/#primaryimage","url":"https:\/\/haberkuzey.com\/wp-content\/uploads\/2025\/04\/istanbul-da-art-arda-depremler_1745403349_SoN460.webp.webp","contentUrl":"https:\/\/haberkuzey.com\/wp-content\/uploads\/2025\/04\/istanbul-da-art-arda-depremler_1745403349_SoN460.webp.webp","width":740,"height":417},{"@type":"BreadcrumbList","@id":"https:\/\/haberkuzey.com\/index.php\/2025\/04\/23\/istanbulda-art-arda-7-deprem-afaddan-onemli-uyari\/#breadcrumb","itemListElement":[{"@type":"ListItem","position":1,"name":"Anasayfa","item":"https:\/\/haberkuzey.com\/"},{"@type":"ListItem","position":2,"name":"\u0130stanbul\u2019da art arda 7 deprem..AFAD\u2019dan \u00f6nemli uyar\u0131"}]},{"@type":"WebSite","@id":"https:\/\/haberkuzey.com\/#website","url":"https:\/\/haberkuzey.com\/","name":"Haber Kuzey","description":"Do\u011fru Haberin Adresi","potentialAction":[{"@type":"SearchAction","target":{"@type":"EntryPoint","urlTemplate":"https:\/\/haberkuzey.com\/?s={search_term_string}"},"query-input":{"@type":"PropertyValueSpecification","valueRequired":true,"valueName":"search_term_string"}}],"inLanguage":"tr"},{"@type":"Person","@id":"https:\/\/haberkuzey.com\/#\/schema\/person\/3372109ec735f9333f4fa47ebb9605ca","name":"haberkuzey","image":{"@type":"ImageObject","inLanguage":"tr","@id":"https:\/\/secure.gravatar.com\/avatar\/f5fc875574b1575324358c3b9e6a32b8227aa5b74f3fa22e3cadb63e26fcc39c?s=96&d=mm&r=g","url":"https:\/\/secure.gravatar.com\/avatar\/f5fc875574b1575324358c3b9e6a32b8227aa5b74f3fa22e3cadb63e26fcc39c?s=96&d=mm&r=g","contentUrl":"https:\/\/secure.gravatar.com\/avatar\/f5fc875574b1575324358c3b9e6a32b8227aa5b74f3fa22e3cadb63e26fcc39c?s=96&d=mm&r=g","caption":"haberkuzey"},"sameAs":["https:\/\/haberkuzey.com"],"url":"https:\/\/haberkuzey.com\/index.php\/author\/haberkuzey\/"}]}},"_links":{"self":[{"href":"https:\/\/haberkuzey.com\/index.php\/wp-json\/wp\/v2\/posts\/22534","targetHints":{"allow":["GET"]}}],"collection":[{"href":"https:\/\/haberkuzey.com\/index.php\/wp-json\/wp\/v2\/posts"}],"about":[{"href":"https:\/\/haberkuzey.com\/index.php\/wp-json\/wp\/v2\/types\/post"}],"author":[{"embeddable":true,"href":"https:\/\/haberkuzey.com\/index.php\/wp-json\/wp\/v2\/users\/1"}],"replies":[{"embeddable":true,"href":"https:\/\/haberkuzey.com\/index.php\/wp-json\/wp\/v2\/comments?post=22534"}],"version-history":[{"count":0,"href":"https:\/\/haberkuzey.com\/index.php\/wp-json\/wp\/v2\/posts\/22534\/revisions"}],"wp:featuredmedia":[{"embeddable":true,"href":"https:\/\/haberkuzey.com\/index.php\/wp-json\/wp\/v2\/media\/22535"}],"wp:attachment":[{"href":"https:\/\/haberkuzey.com\/index.php\/wp-json\/wp\/v2\/media?parent=22534"}],"wp:term":[{"taxonomy":"category","embeddable":true,"href":"https:\/\/haberkuzey.com\/index.php\/wp-json\/wp\/v2\/categories?post=22534"},{"taxonomy":"post_tag","embeddable":true,"href":"https:\/\/haberkuzey.com\/index.php\/wp-json\/wp\/v2\/tags?post=22534"}],"curies":[{"name":"wp","href":"https:\/\/api.w.org\/{rel}","templated":true}]}}